{"id":14762,"date":"2016-03-29T12:25:56","date_gmt":"2016-03-29T15:25:56","guid":{"rendered":"http:\/\/www.isletasnoticias.com.ar\/?p=14762"},"modified":"2016-03-29T12:25:56","modified_gmt":"2016-03-29T15:25:56","slug":"colonia-ensayo-trabajan-para-restablecer-el-paso-en-el-camino-costero-de-la-jaula","status":"publish","type":"post","link":"https:\/\/informelitoral.com.ar\/colonia-ensayo-trabajan-para-restablecer-el-paso-en-el-camino-costero-de-la-jaula\/","title":{"rendered":"Colonia Ensayo: trabajan para restablecer el paso en el camino costero de La Jaula"},"content":{"rendered":"<p><strong>El gobierno provincial lleva adelante tareas de relleno y alteo del camino costero de La Jaula, en cercan\u00edas a Colonia Ensayo, departamento Diamante. El mismo se vio afectado por la creciente del R\u00edo Paran\u00e1 y las abundantes precipitaciones de este a\u00f1o. M\u00e1s de 30 familias residen en la zona.<a href=\"http:\/\/www.isletasnoticias.com.ar\/%77%70%2d%63%6f%6e%74%65%6e%74\/uploads\/2016\/03\/b_1459251936.jpg\" rel=\"attachment wp-att-14763\"><img loading=\"lazy\" decoding=\"async\" class=\"aligncenter wp-image-14763 size-full\" src=\"http:\/\/www.isletasnoticias.com.ar\/%77%70%2d%63%6f%6e%74%65%6e%74\/uploads\/2016\/03\/b_1459251936.jpg\" alt=\"b_1459251936\" width=\"492\" height=\"328\" srcset=\"https:\/\/informelitoral.com.ar\/%77%70%2d%63%6f%6e%74%65%6e%74\/uploads\/2016\/03\/b_1459251936.jpg 492w, https:\/\/informelitoral.com.ar\/%77%70%2d%63%6f%6e%74%65%6e%74\/uploads\/2016\/03\/b_1459251936-300x200.jpg 300w\" sizes=\"auto, (max-width: 492px) 100vw, 492px\" \/><\/a><\/strong><\/p>\n<p>La Direcci\u00f3n Provincial de Vialidad (DPV), a trav\u00e9s de la Zonal Diamante, se aboca a recuperar la transitabilidad del camino de la costa en Paraje La Jaula. La creciente del R\u00edo Paran\u00e1, que super\u00f3 los 6.35 metros, interrumpi\u00f3 la circulaci\u00f3n en varios tramos del trazado. Ante este panorama, la repartici\u00f3n vial refuerza sus tareas para el relleno y distribuci\u00f3n de material calc\u00e1reo de tres sectores comprometidos.<\/p>\n<p>Frente al entorno en el que confluyen el paisaje, la tranquilidad y el arduo trabajo, vecinos destacan la labor de Vialidad para contrarrestar el avance del Paran\u00e1. Tal es el caso de Juan Carlos, quien se\u00f1al\u00f3 que \u201cesta creciente es superior a la de los \u00faltimos tres a\u00f1os con m\u00e1s de seis metros. Agradecemos este esfuerzo de la zonal Diamante para recuperar la circulaci\u00f3n y el ingreso a las viviendas, teniendo en cuenta que se trata de un camino angosto, con muchas curvas y con sectores muy bajos. Esperemos que tanto el clima como el afluente permitan la continuidad de las tareas\u201d.<\/p>\n<p>Adem\u00e1s de los emprendimientos pesqueros y tur\u00edsticos, m\u00e1s de 30 familias residen sobre la zona costera. Ni\u00f1os de los niveles inicial y primario utilizan a diario el camino para asistir a clases a la escuela N\u00ba55 La Costerita, de la Jaula. Al respecto, su directora Beatriz Witschi, coment\u00f3 que \u201cla mayor\u00eda de nuestros alumnos viven sobre el camino costero por lo que se les hace muy dif\u00edcil asistir a clases en \u00e9pocas de creciente. Como primer medida se habilit\u00f3 un camino alternativo por un campo privado hasta tanto puedan recuperar el paso sobre el trazado original. Aguardamos que el r\u00edo no contin\u00fae subiendo para favorecer los trabajos de relleno\u201d.<\/p>\n<p>Cabe se\u00f1alar, que Paraje La Jaula se encuentra a poco m\u00e1s de 4 km del acceso asfaltado que comunica la Ruta Provincial N\u00ba11 con el Hospital Fidanza, en Colonia Ensayo. Dicha zona del Departamento Diamante, se destaca por su paisaje costero y es reconocida por turistas y trabajadores de la pesca.<\/p>\n","protected":false},"excerpt":{"rendered":"<p>El gobierno provincial lleva adelante tareas de relleno y alteo del camino costero de La Jaula, en cercan&iacute;as a Colonia Ensayo, departamento Diamante. El mismo se vio afectado por la creciente del R&iacute;o Paran&aacute; y las abundantes precipitaciones de este a&ntilde;o. M&aacute;s de 30 familias residen en la zona. La Direcci&oacute;n Provincial de Vialidad (DPV), [&hellip;]<\/p>\n","protected":false},"author":2,"featured_media":0,"comment_status":"open","ping_status":"open","sticky":false,"template":"","format":"standard","meta":{"fifu_image_url":"","fifu_image_alt":"","footnotes":""},"categories":[6],"tags":[],"class_list":{"0":"post-14762","1":"post","2":"type-post","3":"status-publish","4":"format-standard","6":"category-entre-rios"},"yoast_head":"<title>Colonia Ensayo: trabajan para restablecer el paso en el camino costero de La Jaula - Informe Litoral<\/title>\n<meta name=\"robots\" content=\"index, follow, max-snippet:-1, max-image-preview:large, max-video-preview:-1\" \/>\n<link rel=\"canonical\" href=\"https:\/\/informelitoral.com.ar\/colonia-ensayo-trabajan-para-restablecer-el-paso-en-el-camino-costero-de-la-jaula\/\" \/>\n<meta property=\"og:locale\" content=\"es_ES\" \/>\n<meta property=\"og:type\" content=\"article\" \/>\n<meta property=\"og:title\" content=\"Colonia Ensayo: trabajan para restablecer el paso en el camino costero de La Jaula - Informe Litoral\" \/>\n<meta property=\"og:description\" content=\"El gobierno provincial lleva adelante tareas de relleno y alteo del camino costero de La Jaula, en cercan&iacute;as a Colonia Ensayo, departamento Diamante. El mismo se vio afectado por la creciente del R&iacute;o Paran&aacute; y las abundantes precipitaciones de este a&ntilde;o. M&aacute;s de 30 familias residen en la zona. La Direcci&oacute;n Provincial de Vialidad (DPV), [&hellip;]\" \/>\n<meta property=\"og:url\" content=\"https:\/\/informelitoral.com.ar\/colonia-ensayo-trabajan-para-restablecer-el-paso-en-el-camino-costero-de-la-jaula\/\" \/>\n<meta property=\"og:site_name\" content=\"Informe Litoral\" \/>\n<meta property=\"article:publisher\" content=\"https:\/\/www.facebook.com\/informelitoral\/\" \/>\n<meta property=\"article:published_time\" content=\"2016-03-29T15:25:56+00:00\" \/>\n<meta property=\"og:image\" content=\"https:\/\/informelitoral.com.ar\/%77%70%2d%63%6f%6e%74%65%6e%74\/uploads\/2016\/03\/b_1459251936.jpg\" \/>\n\t<meta property=\"og:image:width\" content=\"492\" \/>\n\t<meta property=\"og:image:height\" content=\"328\" \/>\n\t<meta property=\"og:image:type\" content=\"image\/jpeg\" \/>\n<meta name=\"author\" content=\"Gonzalo Schmidt\" \/>\n<meta name=\"twitter:card\" content=\"summary_large_image\" \/>\n<meta name=\"twitter:creator\" content=\"@InformeLitoral\" \/>\n<meta name=\"twitter:site\" content=\"@InformeLitoral\" \/>\n<meta name=\"twitter:label1\" content=\"Escrito por\" \/>\n\t<meta name=\"twitter:data1\" content=\"Gonzalo Schmidt\" \/>\n\t<meta name=\"twitter:label2\" content=\"Tiempo de lectura\" \/>\n\t<meta name=\"twitter:data2\" content=\"2 minutos\" \/>\n<script type=\"application\/ld+json\" class=\"yoast-schema-graph\">{\"@context\":\"https:\\\/\\\/schema.org\",\"@graph\":[{\"@type\":\"Article\",\"@id\":\"https:\\\/\\\/informelitoral.com.ar\\\/colonia-ensayo-trabajan-para-restablecer-el-paso-en-el-camino-costero-de-la-jaula\\\/#article\",\"isPartOf\":{\"@id\":\"https:\\\/\\\/informelitoral.com.ar\\\/colonia-ensayo-trabajan-para-restablecer-el-paso-en-el-camino-costero-de-la-jaula\\\/\"},\"author\":{\"name\":\"Gonzalo Schmidt\",\"@id\":\"https:\\\/\\\/informelitoral.com.ar\\\/#\\\/schema\\\/person\\\/b9d00407c836482871ef1d57bf8e3180\"},\"headline\":\"Colonia Ensayo: trabajan para restablecer el paso en el camino costero de La Jaula\",\"datePublished\":\"2016-03-29T15:25:56+00:00\",\"mainEntityOfPage\":{\"@id\":\"https:\\\/\\\/informelitoral.com.ar\\\/colonia-ensayo-trabajan-para-restablecer-el-paso-en-el-camino-costero-de-la-jaula\\\/\"},\"wordCount\":412,\"commentCount\":0,\"publisher\":{\"@id\":\"https:\\\/\\\/informelitoral.com.ar\\\/#organization\"},\"image\":{\"@id\":\"https:\\\/\\\/informelitoral.com.ar\\\/colonia-ensayo-trabajan-para-restablecer-el-paso-en-el-camino-costero-de-la-jaula\\\/#primaryimage\"},\"thumbnailUrl\":\"http:\\\/\\\/www.isletasnoticias.com.ar\\\/%77%70%2d%63%6f%6e%74%65%6e%74\\\/uploads\\\/2016\\\/03\\\/b_1459251936.jpg\",\"articleSection\":[\"Entre R\u00edos\"],\"inLanguage\":\"es\",\"potentialAction\":[{\"@type\":\"CommentAction\",\"name\":\"Comment\",\"target\":[\"https:\\\/\\\/informelitoral.com.ar\\\/colonia-ensayo-trabajan-para-restablecer-el-paso-en-el-camino-costero-de-la-jaula\\\/#respond\"]}]},{\"@type\":\"WebPage\",\"@id\":\"https:\\\/\\\/informelitoral.com.ar\\\/colonia-ensayo-trabajan-para-restablecer-el-paso-en-el-camino-costero-de-la-jaula\\\/\",\"url\":\"https:\\\/\\\/informelitoral.com.ar\\\/colonia-ensayo-trabajan-para-restablecer-el-paso-en-el-camino-costero-de-la-jaula\\\/\",\"name\":\"Colonia Ensayo: trabajan para restablecer el paso en el camino costero de La Jaula - Informe Litoral\",\"isPartOf\":{\"@id\":\"https:\\\/\\\/informelitoral.com.ar\\\/#website\"},\"primaryImageOfPage\":{\"@id\":\"https:\\\/\\\/informelitoral.com.ar\\\/colonia-ensayo-trabajan-para-restablecer-el-paso-en-el-camino-costero-de-la-jaula\\\/#primaryimage\"},\"image\":{\"@id\":\"https:\\\/\\\/informelitoral.com.ar\\\/colonia-ensayo-trabajan-para-restablecer-el-paso-en-el-camino-costero-de-la-jaula\\\/#primaryimage\"},\"thumbnailUrl\":\"http:\\\/\\\/www.isletasnoticias.com.ar\\\/%77%70%2d%63%6f%6e%74%65%6e%74\\\/uploads\\\/2016\\\/03\\\/b_1459251936.jpg\",\"datePublished\":\"2016-03-29T15:25:56+00:00\",\"breadcrumb\":{\"@id\":\"https:\\\/\\\/informelitoral.com.ar\\\/colonia-ensayo-trabajan-para-restablecer-el-paso-en-el-camino-costero-de-la-jaula\\\/#breadcrumb\"},\"inLanguage\":\"es\",\"potentialAction\":[{\"@type\":\"ReadAction\",\"target\":[\"https:\\\/\\\/informelitoral.com.ar\\\/colonia-ensayo-trabajan-para-restablecer-el-paso-en-el-camino-costero-de-la-jaula\\\/\"]}]},{\"@type\":\"ImageObject\",\"inLanguage\":\"es\",\"@id\":\"https:\\\/\\\/informelitoral.com.ar\\\/colonia-ensayo-trabajan-para-restablecer-el-paso-en-el-camino-costero-de-la-jaula\\\/#primaryimage\",\"url\":\"http:\\\/\\\/www.isletasnoticias.com.ar\\\/%77%70%2d%63%6f%6e%74%65%6e%74\\\/uploads\\\/2016\\\/03\\\/b_1459251936.jpg\",\"contentUrl\":\"http:\\\/\\\/www.isletasnoticias.com.ar\\\/%77%70%2d%63%6f%6e%74%65%6e%74\\\/uploads\\\/2016\\\/03\\\/b_1459251936.jpg\"},{\"@type\":\"BreadcrumbList\",\"@id\":\"https:\\\/\\\/informelitoral.com.ar\\\/colonia-ensayo-trabajan-para-restablecer-el-paso-en-el-camino-costero-de-la-jaula\\\/#breadcrumb\",\"itemListElement\":[{\"@type\":\"ListItem\",\"position\":1,\"name\":\"Portada\",\"item\":\"https:\\\/\\\/informelitoral.com.ar\\\/\"},{\"@type\":\"ListItem\",\"position\":2,\"name\":\"Colonia Ensayo: trabajan para restablecer el paso en el camino costero de La Jaula\"}]},{\"@type\":\"WebSite\",\"@id\":\"https:\\\/\\\/informelitoral.com.ar\\\/#website\",\"url\":\"https:\\\/\\\/informelitoral.com.ar\\\/\",\"name\":\"Informe Litoral\",\"description\":\"&quot;Nos informamos&quot; \",\"publisher\":{\"@id\":\"https:\\\/\\\/informelitoral.com.ar\\\/#organization\"},\"potentialAction\":[{\"@type\":\"SearchAction\",\"target\":{\"@type\":\"EntryPoint\",\"urlTemplate\":\"https:\\\/\\\/informelitoral.com.ar\\\/?s={search_term_string}\"},\"query-input\":{\"@type\":\"PropertyValueSpecification\",\"valueRequired\":true,\"valueName\":\"search_term_string\"}}],\"inLanguage\":\"es\"},{\"@type\":\"Organization\",\"@id\":\"https:\\\/\\\/informelitoral.com.ar\\\/#organization\",\"name\":\"Informe Litoral\",\"url\":\"https:\\\/\\\/informelitoral.com.ar\\\/\",\"logo\":{\"@type\":\"ImageObject\",\"inLanguage\":\"es\",\"@id\":\"https:\\\/\\\/informelitoral.com.ar\\\/#\\\/schema\\\/logo\\\/image\\\/\",\"url\":\"https:\\\/\\\/informelitoral.com.ar\\\/%77%70%2d%63%6f%6e%74%65%6e%74\\\/uploads\\\/2021\\\/01\\\/circulo.png\",\"contentUrl\":\"https:\\\/\\\/informelitoral.com.ar\\\/%77%70%2d%63%6f%6e%74%65%6e%74\\\/uploads\\\/2021\\\/01\\\/circulo.png\",\"width\":723,\"height\":731,\"caption\":\"Informe Litoral\"},\"image\":{\"@id\":\"https:\\\/\\\/informelitoral.com.ar\\\/#\\\/schema\\\/logo\\\/image\\\/\"},\"sameAs\":[\"https:\\\/\\\/www.facebook.com\\\/informelitoral\\\/\",\"https:\\\/\\\/x.com\\\/InformeLitoral\",\"https:\\\/\\\/www.instagram.com\\\/informelitoral\\\/\",\"https:\\\/\\\/www.youtube.com\\\/channel\\\/UCua4Qvz8Icb6MYqhoq9xLXw\"]},{\"@type\":\"Person\",\"@id\":\"https:\\\/\\\/informelitoral.com.ar\\\/#\\\/schema\\\/person\\\/b9d00407c836482871ef1d57bf8e3180\",\"name\":\"Gonzalo Schmidt\",\"image\":{\"@type\":\"ImageObject\",\"inLanguage\":\"es\",\"@id\":\"https:\\\/\\\/secure.gravatar.com\\\/avatar\\\/31a1a7b66ff2de83bd0e9fd79d026630d2d99e55e8bfe501287647b4fd9743de?s=96&d=mm&r=g\",\"url\":\"https:\\\/\\\/secure.gravatar.com\\\/avatar\\\/31a1a7b66ff2de83bd0e9fd79d026630d2d99e55e8bfe501287647b4fd9743de?s=96&d=mm&r=g\",\"contentUrl\":\"https:\\\/\\\/secure.gravatar.com\\\/avatar\\\/31a1a7b66ff2de83bd0e9fd79d026630d2d99e55e8bfe501287647b4fd9743de?s=96&d=mm&r=g\",\"caption\":\"Gonzalo Schmidt\"},\"description\":\"Sitio web de noticias de la provincia de Entre R\u00edos, Argentina. Informaci\u00f3n y entretenimiento. Informe Litoral, nos informamos.\",\"sameAs\":[\"http:\\\/\\\/www.isletasnoticias.com.ar\"],\"url\":\"https:\\\/\\\/informelitoral.com.ar\\\/author\\\/gonzalo\\\/\"}]}<\/script>","yoast_head_json":{"title":"Colonia Ensayo: trabajan para restablecer el paso en el camino costero de La Jaula - Informe Litoral","robots":{"index":"index","follow":"follow","max-snippet":"max-snippet:-1","max-image-preview":"max-image-preview:large","max-video-preview":"max-video-preview:-1"},"canonical":"https:\/\/informelitoral.com.ar\/colonia-ensayo-trabajan-para-restablecer-el-paso-en-el-camino-costero-de-la-jaula\/","og_locale":"es_ES","og_type":"article","og_title":"Colonia Ensayo: trabajan para restablecer el paso en el camino costero de La Jaula - Informe Litoral","og_description":"El gobierno provincial lleva adelante tareas de relleno y alteo del camino costero de La Jaula, en cercan&iacute;as a Colonia Ensayo, departamento Diamante. El mismo se vio afectado por la creciente del R&iacute;o Paran&aacute; y las abundantes precipitaciones de este a&ntilde;o. M&aacute;s de 30 familias residen en la zona. La Direcci&oacute;n Provincial de Vialidad (DPV), [&hellip;]","og_url":"https:\/\/informelitoral.com.ar\/colonia-ensayo-trabajan-para-restablecer-el-paso-en-el-camino-costero-de-la-jaula\/","og_site_name":"Informe Litoral","article_publisher":"https:\/\/www.facebook.com\/informelitoral\/","article_published_time":"2016-03-29T15:25:56+00:00","og_image":[{"width":492,"height":328,"url":"https:\/\/informelitoral.com.ar\/%77%70%2d%63%6f%6e%74%65%6e%74\/uploads\/2016\/03\/b_1459251936.jpg","type":"image\/jpeg"}],"author":"Gonzalo Schmidt","twitter_card":"summary_large_image","twitter_creator":"@InformeLitoral","twitter_site":"@InformeLitoral","twitter_misc":{"Escrito por":"Gonzalo Schmidt","Tiempo de lectura":"2 minutos"},"schema":{"@context":"https:\/\/schema.org","@graph":[{"@type":"Article","@id":"https:\/\/informelitoral.com.ar\/colonia-ensayo-trabajan-para-restablecer-el-paso-en-el-camino-costero-de-la-jaula\/#article","isPartOf":{"@id":"https:\/\/informelitoral.com.ar\/colonia-ensayo-trabajan-para-restablecer-el-paso-en-el-camino-costero-de-la-jaula\/"},"author":{"name":"Gonzalo Schmidt","@id":"https:\/\/informelitoral.com.ar\/#\/schema\/person\/b9d00407c836482871ef1d57bf8e3180"},"headline":"Colonia Ensayo: trabajan para restablecer el paso en el camino costero de La Jaula","datePublished":"2016-03-29T15:25:56+00:00","mainEntityOfPage":{"@id":"https:\/\/informelitoral.com.ar\/colonia-ensayo-trabajan-para-restablecer-el-paso-en-el-camino-costero-de-la-jaula\/"},"wordCount":412,"commentCount":0,"publisher":{"@id":"https:\/\/informelitoral.com.ar\/#organization"},"image":{"@id":"https:\/\/informelitoral.com.ar\/colonia-ensayo-trabajan-para-restablecer-el-paso-en-el-camino-costero-de-la-jaula\/#primaryimage"},"thumbnailUrl":"http:\/\/www.isletasnoticias.com.ar\/%77%70%2d%63%6f%6e%74%65%6e%74\/uploads\/2016\/03\/b_1459251936.jpg","articleSection":["Entre R\u00edos"],"inLanguage":"es","potentialAction":[{"@type":"CommentAction","name":"Comment","target":["https:\/\/informelitoral.com.ar\/colonia-ensayo-trabajan-para-restablecer-el-paso-en-el-camino-costero-de-la-jaula\/#respond"]}]},{"@type":"WebPage","@id":"https:\/\/informelitoral.com.ar\/colonia-ensayo-trabajan-para-restablecer-el-paso-en-el-camino-costero-de-la-jaula\/","url":"https:\/\/informelitoral.com.ar\/colonia-ensayo-trabajan-para-restablecer-el-paso-en-el-camino-costero-de-la-jaula\/","name":"Colonia Ensayo: trabajan para restablecer el paso en el camino costero de La Jaula - Informe Litoral","isPartOf":{"@id":"https:\/\/informelitoral.com.ar\/#website"},"primaryImageOfPage":{"@id":"https:\/\/informelitoral.com.ar\/colonia-ensayo-trabajan-para-restablecer-el-paso-en-el-camino-costero-de-la-jaula\/#primaryimage"},"image":{"@id":"https:\/\/informelitoral.com.ar\/colonia-ensayo-trabajan-para-restablecer-el-paso-en-el-camino-costero-de-la-jaula\/#primaryimage"},"thumbnailUrl":"http:\/\/www.isletasnoticias.com.ar\/%77%70%2d%63%6f%6e%74%65%6e%74\/uploads\/2016\/03\/b_1459251936.jpg","datePublished":"2016-03-29T15:25:56+00:00","breadcrumb":{"@id":"https:\/\/informelitoral.com.ar\/colonia-ensayo-trabajan-para-restablecer-el-paso-en-el-camino-costero-de-la-jaula\/#breadcrumb"},"inLanguage":"es","potentialAction":[{"@type":"ReadAction","target":["https:\/\/informelitoral.com.ar\/colonia-ensayo-trabajan-para-restablecer-el-paso-en-el-camino-costero-de-la-jaula\/"]}]},{"@type":"ImageObject","inLanguage":"es","@id":"https:\/\/informelitoral.com.ar\/colonia-ensayo-trabajan-para-restablecer-el-paso-en-el-camino-costero-de-la-jaula\/#primaryimage","url":"http:\/\/www.isletasnoticias.com.ar\/%77%70%2d%63%6f%6e%74%65%6e%74\/uploads\/2016\/03\/b_1459251936.jpg","contentUrl":"http:\/\/www.isletasnoticias.com.ar\/%77%70%2d%63%6f%6e%74%65%6e%74\/uploads\/2016\/03\/b_1459251936.jpg"},{"@type":"BreadcrumbList","@id":"https:\/\/informelitoral.com.ar\/colonia-ensayo-trabajan-para-restablecer-el-paso-en-el-camino-costero-de-la-jaula\/#breadcrumb","itemListElement":[{"@type":"ListItem","position":1,"name":"Portada","item":"https:\/\/informelitoral.com.ar\/"},{"@type":"ListItem","position":2,"name":"Colonia Ensayo: trabajan para restablecer el paso en el camino costero de La Jaula"}]},{"@type":"WebSite","@id":"https:\/\/informelitoral.com.ar\/#website","url":"https:\/\/informelitoral.com.ar\/","name":"Informe Litoral","description":"&quot;Nos informamos&quot; ","publisher":{"@id":"https:\/\/informelitoral.com.ar\/#organization"},"potentialAction":[{"@type":"SearchAction","target":{"@type":"EntryPoint","urlTemplate":"https:\/\/informelitoral.com.ar\/?s={search_term_string}"},"query-input":{"@type":"PropertyValueSpecification","valueRequired":true,"valueName":"search_term_string"}}],"inLanguage":"es"},{"@type":"Organization","@id":"https:\/\/informelitoral.com.ar\/#organization","name":"Informe Litoral","url":"https:\/\/informelitoral.com.ar\/","logo":{"@type":"ImageObject","inLanguage":"es","@id":"https:\/\/informelitoral.com.ar\/#\/schema\/logo\/image\/","url":"https:\/\/informelitoral.com.ar\/%77%70%2d%63%6f%6e%74%65%6e%74\/uploads\/2021\/01\/circulo.png","contentUrl":"https:\/\/informelitoral.com.ar\/%77%70%2d%63%6f%6e%74%65%6e%74\/uploads\/2021\/01\/circulo.png","width":723,"height":731,"caption":"Informe Litoral"},"image":{"@id":"https:\/\/informelitoral.com.ar\/#\/schema\/logo\/image\/"},"sameAs":["https:\/\/www.facebook.com\/informelitoral\/","https:\/\/x.com\/InformeLitoral","https:\/\/www.instagram.com\/informelitoral\/","https:\/\/www.youtube.com\/channel\/UCua4Qvz8Icb6MYqhoq9xLXw"]},{"@type":"Person","@id":"https:\/\/informelitoral.com.ar\/#\/schema\/person\/b9d00407c836482871ef1d57bf8e3180","name":"Gonzalo Schmidt","image":{"@type":"ImageObject","inLanguage":"es","@id":"https:\/\/secure.gravatar.com\/avatar\/31a1a7b66ff2de83bd0e9fd79d026630d2d99e55e8bfe501287647b4fd9743de?s=96&d=mm&r=g","url":"https:\/\/secure.gravatar.com\/avatar\/31a1a7b66ff2de83bd0e9fd79d026630d2d99e55e8bfe501287647b4fd9743de?s=96&d=mm&r=g","contentUrl":"https:\/\/secure.gravatar.com\/avatar\/31a1a7b66ff2de83bd0e9fd79d026630d2d99e55e8bfe501287647b4fd9743de?s=96&d=mm&r=g","caption":"Gonzalo Schmidt"},"description":"Sitio web de noticias de la provincia de Entre R\u00edos, Argentina. Informaci\u00f3n y entretenimiento. Informe Litoral, nos informamos.","sameAs":["http:\/\/www.isletasnoticias.com.ar"],"url":"https:\/\/informelitoral.com.ar\/author\/gonzalo\/"}]}},"_links":{"self":[{"href":"https:\/\/informelitoral.com.ar\/%77%70%2d%6a%73%6f%6e\/wp\/v2\/posts\/14762","targetHints":{"allow":["GET"]}}],"collection":[{"href":"https:\/\/informelitoral.com.ar\/%77%70%2d%6a%73%6f%6e\/wp\/v2\/posts"}],"about":[{"href":"https:\/\/informelitoral.com.ar\/%77%70%2d%6a%73%6f%6e\/wp\/v2\/types\/post"}],"author":[{"embeddable":true,"href":"https:\/\/informelitoral.com.ar\/%77%70%2d%6a%73%6f%6e\/wp\/v2\/users\/2"}],"replies":[{"embeddable":true,"href":"https:\/\/informelitoral.com.ar\/%77%70%2d%6a%73%6f%6e\/wp\/v2\/comments?post=14762"}],"version-history":[{"count":0,"href":"https:\/\/informelitoral.com.ar\/%77%70%2d%6a%73%6f%6e\/wp\/v2\/posts\/14762\/revisions"}],"wp:attachment":[{"href":"https:\/\/informelitoral.com.ar\/%77%70%2d%6a%73%6f%6e\/wp\/v2\/media?parent=14762"}],"wp:term":[{"taxonomy":"category","embeddable":true,"href":"https:\/\/informelitoral.com.ar\/%77%70%2d%6a%73%6f%6e\/wp\/v2\/categories?post=14762"},{"taxonomy":"post_tag","embeddable":true,"href":"https:\/\/informelitoral.com.ar\/%77%70%2d%6a%73%6f%6e\/wp\/v2\/tags?post=14762"}],"curies":[{"name":"wp","href":"https:\/\/api.w.org\/{rel}","templated":true}]}}