{"id":14749,"date":"2016-03-29T00:34:04","date_gmt":"2016-03-29T03:34:04","guid":{"rendered":"http:\/\/www.isletasnoticias.com.ar\/?p=14749"},"modified":"2016-03-29T00:49:23","modified_gmt":"2016-03-29T03:49:23","slug":"siguen-las-quejas-por-las-largas-demoras-para-viajar-entre-parana-y-santa-fe","status":"publish","type":"post","link":"https:\/\/informelitoral.com.ar\/siguen-las-quejas-por-las-largas-demoras-para-viajar-entre-parana-y-santa-fe\/","title":{"rendered":"Siguen las quejas por las largas demoras para viajar entre Paran\u00e1 y Santa Fe"},"content":{"rendered":"<p><strong>El lunes, luego del fin de semana largo, se formaron extensas colas en las terminales. Los pasajeros debieron armarse de paciencia para ir a estudiar o trabajar, o para volver a casa.<\/strong><\/p>\n<figure id=\"attachment_14750\" aria-describedby=\"caption-attachment-14750\" style=\"width: 571px\" class=\"wp-caption aligncenter\"><a href=\"http:\/\/www.isletasnoticias.com.ar\/%77%70%2d%63%6f%6e%74%65%6e%74\/uploads\/2016\/03\/12924445_1144196492265990_3672936503843739406_n.jpg\" rel=\"attachment wp-att-14750\"><img loading=\"lazy\" decoding=\"async\" class=\"wp-image-14750 \" src=\"http:\/\/www.isletasnoticias.com.ar\/%77%70%2d%63%6f%6e%74%65%6e%74\/uploads\/2016\/03\/12924445_1144196492265990_3672936503843739406_n.jpg\" alt=\"12924445_1144196492265990_3672936503843739406_n\" width=\"571\" height=\"428\" srcset=\"https:\/\/informelitoral.com.ar\/%77%70%2d%63%6f%6e%74%65%6e%74\/uploads\/2016\/03\/12924445_1144196492265990_3672936503843739406_n.jpg 960w, https:\/\/informelitoral.com.ar\/%77%70%2d%63%6f%6e%74%65%6e%74\/uploads\/2016\/03\/12924445_1144196492265990_3672936503843739406_n-300x225.jpg 300w, https:\/\/informelitoral.com.ar\/%77%70%2d%63%6f%6e%74%65%6e%74\/uploads\/2016\/03\/12924445_1144196492265990_3672936503843739406_n-768x576.jpg 768w\" sizes=\"auto, (max-width: 571px) 100vw, 571px\" \/><\/a><figcaption id=\"caption-attachment-14750\" class=\"wp-caption-text\"><em>Larga cola en la Terminal de Santa Fe. Foto IN.<\/em><\/figcaption><\/figure>\n<p>Los pasajeros que necesitaban viajar entre Paran\u00e1 y Santa Fe, el lunes volvieron a hacer o\u00edr sus quejas por las prolongadas esperas que debieron soportar. En las terminales\u00a0se formaron largas filas integradas por cientos de trabajadores y estudiantes, y para tomar un colectivo de las empresas Fluviales y Etacer debieron llevar la paciencia al extremo.<\/p>\n<p>Desde 2013, cuando la Comisi\u00f3n Nacional de Regulaci\u00f3n del Transporte (CNRT) dispuso que las empresas no pod\u00edan llevar pasajeros parados en los colectivos, la situaci\u00f3n se repite diariamente.\u00a0Usuarios del servicio comentaron que el problema se acrecent\u00f3 el lunes porque numerosos j\u00f3venes universitarios retornaron desde sus localidades despu\u00e9s de pasar del fin de semana largo.<em> (UNO)<\/em><\/p>\n","protected":false},"excerpt":{"rendered":"<p>El lunes, luego del fin de semana largo, se formaron extensas colas en las terminales. Los pasajeros debieron armarse de paciencia para ir a estudiar o trabajar, o para volver a casa. Los pasajeros que necesitaban viajar entre Paran&aacute; y Santa Fe, el lunes volvieron a hacer o&iacute;r sus quejas por las prolongadas esperas que [&hellip;]<\/p>\n","protected":false},"author":2,"featured_media":0,"comment_status":"open","ping_status":"open","sticky":false,"template":"","format":"standard","meta":{"fifu_image_url":"","fifu_image_alt":"","footnotes":""},"categories":[6,9],"tags":[],"class_list":{"0":"post-14749","1":"post","2":"type-post","3":"status-publish","4":"format-standard","6":"category-entre-rios","7":"category-sociedad"},"yoast_head":"<title>Siguen las quejas por las largas demoras para viajar entre Paran\u00e1 y Santa Fe - Informe Litoral<\/title>\n<meta name=\"robots\" content=\"index, follow, max-snippet:-1, max-image-preview:large, max-video-preview:-1\" \/>\n<link rel=\"canonical\" href=\"https:\/\/informelitoral.com.ar\/siguen-las-quejas-por-las-largas-demoras-para-viajar-entre-parana-y-santa-fe\/\" \/>\n<meta property=\"og:locale\" content=\"es_ES\" \/>\n<meta property=\"og:type\" content=\"article\" \/>\n<meta property=\"og:title\" content=\"Siguen las quejas por las largas demoras para viajar entre Paran\u00e1 y Santa Fe - Informe Litoral\" \/>\n<meta property=\"og:description\" content=\"El lunes, luego del fin de semana largo, se formaron extensas colas en las terminales. Los pasajeros debieron armarse de paciencia para ir a estudiar o trabajar, o para volver a casa. Los pasajeros que necesitaban viajar entre Paran&aacute; y Santa Fe, el lunes volvieron a hacer o&iacute;r sus quejas por las prolongadas esperas que [&hellip;]\" \/>\n<meta property=\"og:url\" content=\"https:\/\/informelitoral.com.ar\/siguen-las-quejas-por-las-largas-demoras-para-viajar-entre-parana-y-santa-fe\/\" \/>\n<meta property=\"og:site_name\" content=\"Informe Litoral\" \/>\n<meta property=\"article:publisher\" content=\"https:\/\/www.facebook.com\/informelitoral\/\" \/>\n<meta property=\"article:published_time\" content=\"2016-03-29T03:34:04+00:00\" \/>\n<meta property=\"article:modified_time\" content=\"2016-03-29T03:49:23+00:00\" \/>\n<meta property=\"og:image\" content=\"https:\/\/informelitoral.com.ar\/%77%70%2d%63%6f%6e%74%65%6e%74\/uploads\/2016\/03\/12924445_1144196492265990_3672936503843739406_n.jpg\" \/>\n\t<meta property=\"og:image:width\" content=\"960\" \/>\n\t<meta property=\"og:image:height\" content=\"720\" \/>\n\t<meta property=\"og:image:type\" content=\"image\/jpeg\" \/>\n<meta name=\"author\" content=\"Gonzalo Schmidt\" \/>\n<meta name=\"twitter:card\" content=\"summary_large_image\" \/>\n<meta name=\"twitter:creator\" content=\"@InformeLitoral\" \/>\n<meta name=\"twitter:site\" content=\"@InformeLitoral\" \/>\n<meta name=\"twitter:label1\" content=\"Escrito por\" \/>\n\t<meta name=\"twitter:data1\" content=\"Gonzalo Schmidt\" \/>\n\t<meta name=\"twitter:label2\" content=\"Tiempo de lectura\" \/>\n\t<meta name=\"twitter:data2\" content=\"1 minuto\" \/>\n<script type=\"application\/ld+json\" class=\"yoast-schema-graph\">{\"@context\":\"https:\\\/\\\/schema.org\",\"@graph\":[{\"@type\":\"Article\",\"@id\":\"https:\\\/\\\/informelitoral.com.ar\\\/siguen-las-quejas-por-las-largas-demoras-para-viajar-entre-parana-y-santa-fe\\\/#article\",\"isPartOf\":{\"@id\":\"https:\\\/\\\/informelitoral.com.ar\\\/siguen-las-quejas-por-las-largas-demoras-para-viajar-entre-parana-y-santa-fe\\\/\"},\"author\":{\"name\":\"Gonzalo Schmidt\",\"@id\":\"https:\\\/\\\/informelitoral.com.ar\\\/#\\\/schema\\\/person\\\/b9d00407c836482871ef1d57bf8e3180\"},\"headline\":\"Siguen las quejas por las largas demoras para viajar entre Paran\u00e1 y Santa Fe\",\"datePublished\":\"2016-03-29T03:34:04+00:00\",\"dateModified\":\"2016-03-29T03:49:23+00:00\",\"mainEntityOfPage\":{\"@id\":\"https:\\\/\\\/informelitoral.com.ar\\\/siguen-las-quejas-por-las-largas-demoras-para-viajar-entre-parana-y-santa-fe\\\/\"},\"wordCount\":181,\"commentCount\":0,\"publisher\":{\"@id\":\"https:\\\/\\\/informelitoral.com.ar\\\/#organization\"},\"image\":{\"@id\":\"https:\\\/\\\/informelitoral.com.ar\\\/siguen-las-quejas-por-las-largas-demoras-para-viajar-entre-parana-y-santa-fe\\\/#primaryimage\"},\"thumbnailUrl\":\"http:\\\/\\\/www.isletasnoticias.com.ar\\\/%77%70%2d%63%6f%6e%74%65%6e%74\\\/uploads\\\/2016\\\/03\\\/12924445_1144196492265990_3672936503843739406_n.jpg\",\"articleSection\":[\"Entre R\u00edos\",\"Sociedad\"],\"inLanguage\":\"es\",\"potentialAction\":[{\"@type\":\"CommentAction\",\"name\":\"Comment\",\"target\":[\"https:\\\/\\\/informelitoral.com.ar\\\/siguen-las-quejas-por-las-largas-demoras-para-viajar-entre-parana-y-santa-fe\\\/#respond\"]}]},{\"@type\":\"WebPage\",\"@id\":\"https:\\\/\\\/informelitoral.com.ar\\\/siguen-las-quejas-por-las-largas-demoras-para-viajar-entre-parana-y-santa-fe\\\/\",\"url\":\"https:\\\/\\\/informelitoral.com.ar\\\/siguen-las-quejas-por-las-largas-demoras-para-viajar-entre-parana-y-santa-fe\\\/\",\"name\":\"Siguen las quejas por las largas demoras para viajar entre Paran\u00e1 y Santa Fe - Informe Litoral\",\"isPartOf\":{\"@id\":\"https:\\\/\\\/informelitoral.com.ar\\\/#website\"},\"primaryImageOfPage\":{\"@id\":\"https:\\\/\\\/informelitoral.com.ar\\\/siguen-las-quejas-por-las-largas-demoras-para-viajar-entre-parana-y-santa-fe\\\/#primaryimage\"},\"image\":{\"@id\":\"https:\\\/\\\/informelitoral.com.ar\\\/siguen-las-quejas-por-las-largas-demoras-para-viajar-entre-parana-y-santa-fe\\\/#primaryimage\"},\"thumbnailUrl\":\"http:\\\/\\\/www.isletasnoticias.com.ar\\\/%77%70%2d%63%6f%6e%74%65%6e%74\\\/uploads\\\/2016\\\/03\\\/12924445_1144196492265990_3672936503843739406_n.jpg\",\"datePublished\":\"2016-03-29T03:34:04+00:00\",\"dateModified\":\"2016-03-29T03:49:23+00:00\",\"breadcrumb\":{\"@id\":\"https:\\\/\\\/informelitoral.com.ar\\\/siguen-las-quejas-por-las-largas-demoras-para-viajar-entre-parana-y-santa-fe\\\/#breadcrumb\"},\"inLanguage\":\"es\",\"potentialAction\":[{\"@type\":\"ReadAction\",\"target\":[\"https:\\\/\\\/informelitoral.com.ar\\\/siguen-las-quejas-por-las-largas-demoras-para-viajar-entre-parana-y-santa-fe\\\/\"]}]},{\"@type\":\"ImageObject\",\"inLanguage\":\"es\",\"@id\":\"https:\\\/\\\/informelitoral.com.ar\\\/siguen-las-quejas-por-las-largas-demoras-para-viajar-entre-parana-y-santa-fe\\\/#primaryimage\",\"url\":\"http:\\\/\\\/www.isletasnoticias.com.ar\\\/%77%70%2d%63%6f%6e%74%65%6e%74\\\/uploads\\\/2016\\\/03\\\/12924445_1144196492265990_3672936503843739406_n.jpg\",\"contentUrl\":\"http:\\\/\\\/www.isletasnoticias.com.ar\\\/%77%70%2d%63%6f%6e%74%65%6e%74\\\/uploads\\\/2016\\\/03\\\/12924445_1144196492265990_3672936503843739406_n.jpg\"},{\"@type\":\"BreadcrumbList\",\"@id\":\"https:\\\/\\\/informelitoral.com.ar\\\/siguen-las-quejas-por-las-largas-demoras-para-viajar-entre-parana-y-santa-fe\\\/#breadcrumb\",\"itemListElement\":[{\"@type\":\"ListItem\",\"position\":1,\"name\":\"Portada\",\"item\":\"https:\\\/\\\/informelitoral.com.ar\\\/\"},{\"@type\":\"ListItem\",\"position\":2,\"name\":\"Siguen las quejas por las largas demoras para viajar entre Paran\u00e1 y Santa Fe\"}]},{\"@type\":\"WebSite\",\"@id\":\"https:\\\/\\\/informelitoral.com.ar\\\/#website\",\"url\":\"https:\\\/\\\/informelitoral.com.ar\\\/\",\"name\":\"Informe Litoral\",\"description\":\"&quot;Nos informamos&quot; \",\"publisher\":{\"@id\":\"https:\\\/\\\/informelitoral.com.ar\\\/#organization\"},\"potentialAction\":[{\"@type\":\"SearchAction\",\"target\":{\"@type\":\"EntryPoint\",\"urlTemplate\":\"https:\\\/\\\/informelitoral.com.ar\\\/?s={search_term_string}\"},\"query-input\":{\"@type\":\"PropertyValueSpecification\",\"valueRequired\":true,\"valueName\":\"search_term_string\"}}],\"inLanguage\":\"es\"},{\"@type\":\"Organization\",\"@id\":\"https:\\\/\\\/informelitoral.com.ar\\\/#organization\",\"name\":\"Informe Litoral\",\"url\":\"https:\\\/\\\/informelitoral.com.ar\\\/\",\"logo\":{\"@type\":\"ImageObject\",\"inLanguage\":\"es\",\"@id\":\"https:\\\/\\\/informelitoral.com.ar\\\/#\\\/schema\\\/logo\\\/image\\\/\",\"url\":\"https:\\\/\\\/informelitoral.com.ar\\\/%77%70%2d%63%6f%6e%74%65%6e%74\\\/uploads\\\/2021\\\/01\\\/circulo.png\",\"contentUrl\":\"https:\\\/\\\/informelitoral.com.ar\\\/%77%70%2d%63%6f%6e%74%65%6e%74\\\/uploads\\\/2021\\\/01\\\/circulo.png\",\"width\":723,\"height\":731,\"caption\":\"Informe Litoral\"},\"image\":{\"@id\":\"https:\\\/\\\/informelitoral.com.ar\\\/#\\\/schema\\\/logo\\\/image\\\/\"},\"sameAs\":[\"https:\\\/\\\/www.facebook.com\\\/informelitoral\\\/\",\"https:\\\/\\\/x.com\\\/InformeLitoral\",\"https:\\\/\\\/www.instagram.com\\\/informelitoral\\\/\",\"https:\\\/\\\/www.youtube.com\\\/channel\\\/UCua4Qvz8Icb6MYqhoq9xLXw\"]},{\"@type\":\"Person\",\"@id\":\"https:\\\/\\\/informelitoral.com.ar\\\/#\\\/schema\\\/person\\\/b9d00407c836482871ef1d57bf8e3180\",\"name\":\"Gonzalo Schmidt\",\"image\":{\"@type\":\"ImageObject\",\"inLanguage\":\"es\",\"@id\":\"https:\\\/\\\/secure.gravatar.com\\\/avatar\\\/31a1a7b66ff2de83bd0e9fd79d026630d2d99e55e8bfe501287647b4fd9743de?s=96&d=mm&r=g\",\"url\":\"https:\\\/\\\/secure.gravatar.com\\\/avatar\\\/31a1a7b66ff2de83bd0e9fd79d026630d2d99e55e8bfe501287647b4fd9743de?s=96&d=mm&r=g\",\"contentUrl\":\"https:\\\/\\\/secure.gravatar.com\\\/avatar\\\/31a1a7b66ff2de83bd0e9fd79d026630d2d99e55e8bfe501287647b4fd9743de?s=96&d=mm&r=g\",\"caption\":\"Gonzalo Schmidt\"},\"description\":\"Sitio web de noticias de la provincia de Entre R\u00edos, Argentina. Informaci\u00f3n y entretenimiento. Informe Litoral, nos informamos.\",\"sameAs\":[\"http:\\\/\\\/www.isletasnoticias.com.ar\"],\"url\":\"https:\\\/\\\/informelitoral.com.ar\\\/author\\\/gonzalo\\\/\"}]}<\/script>","yoast_head_json":{"title":"Siguen las quejas por las largas demoras para viajar entre Paran\u00e1 y Santa Fe - Informe Litoral","robots":{"index":"index","follow":"follow","max-snippet":"max-snippet:-1","max-image-preview":"max-image-preview:large","max-video-preview":"max-video-preview:-1"},"canonical":"https:\/\/informelitoral.com.ar\/siguen-las-quejas-por-las-largas-demoras-para-viajar-entre-parana-y-santa-fe\/","og_locale":"es_ES","og_type":"article","og_title":"Siguen las quejas por las largas demoras para viajar entre Paran\u00e1 y Santa Fe - Informe Litoral","og_description":"El lunes, luego del fin de semana largo, se formaron extensas colas en las terminales. Los pasajeros debieron armarse de paciencia para ir a estudiar o trabajar, o para volver a casa. Los pasajeros que necesitaban viajar entre Paran&aacute; y Santa Fe, el lunes volvieron a hacer o&iacute;r sus quejas por las prolongadas esperas que [&hellip;]","og_url":"https:\/\/informelitoral.com.ar\/siguen-las-quejas-por-las-largas-demoras-para-viajar-entre-parana-y-santa-fe\/","og_site_name":"Informe Litoral","article_publisher":"https:\/\/www.facebook.com\/informelitoral\/","article_published_time":"2016-03-29T03:34:04+00:00","article_modified_time":"2016-03-29T03:49:23+00:00","og_image":[{"width":960,"height":720,"url":"https:\/\/informelitoral.com.ar\/%77%70%2d%63%6f%6e%74%65%6e%74\/uploads\/2016\/03\/12924445_1144196492265990_3672936503843739406_n.jpg","type":"image\/jpeg"}],"author":"Gonzalo Schmidt","twitter_card":"summary_large_image","twitter_creator":"@InformeLitoral","twitter_site":"@InformeLitoral","twitter_misc":{"Escrito por":"Gonzalo Schmidt","Tiempo de lectura":"1 minuto"},"schema":{"@context":"https:\/\/schema.org","@graph":[{"@type":"Article","@id":"https:\/\/informelitoral.com.ar\/siguen-las-quejas-por-las-largas-demoras-para-viajar-entre-parana-y-santa-fe\/#article","isPartOf":{"@id":"https:\/\/informelitoral.com.ar\/siguen-las-quejas-por-las-largas-demoras-para-viajar-entre-parana-y-santa-fe\/"},"author":{"name":"Gonzalo Schmidt","@id":"https:\/\/informelitoral.com.ar\/#\/schema\/person\/b9d00407c836482871ef1d57bf8e3180"},"headline":"Siguen las quejas por las largas demoras para viajar entre Paran\u00e1 y Santa Fe","datePublished":"2016-03-29T03:34:04+00:00","dateModified":"2016-03-29T03:49:23+00:00","mainEntityOfPage":{"@id":"https:\/\/informelitoral.com.ar\/siguen-las-quejas-por-las-largas-demoras-para-viajar-entre-parana-y-santa-fe\/"},"wordCount":181,"commentCount":0,"publisher":{"@id":"https:\/\/informelitoral.com.ar\/#organization"},"image":{"@id":"https:\/\/informelitoral.com.ar\/siguen-las-quejas-por-las-largas-demoras-para-viajar-entre-parana-y-santa-fe\/#primaryimage"},"thumbnailUrl":"http:\/\/www.isletasnoticias.com.ar\/%77%70%2d%63%6f%6e%74%65%6e%74\/uploads\/2016\/03\/12924445_1144196492265990_3672936503843739406_n.jpg","articleSection":["Entre R\u00edos","Sociedad"],"inLanguage":"es","potentialAction":[{"@type":"CommentAction","name":"Comment","target":["https:\/\/informelitoral.com.ar\/siguen-las-quejas-por-las-largas-demoras-para-viajar-entre-parana-y-santa-fe\/#respond"]}]},{"@type":"WebPage","@id":"https:\/\/informelitoral.com.ar\/siguen-las-quejas-por-las-largas-demoras-para-viajar-entre-parana-y-santa-fe\/","url":"https:\/\/informelitoral.com.ar\/siguen-las-quejas-por-las-largas-demoras-para-viajar-entre-parana-y-santa-fe\/","name":"Siguen las quejas por las largas demoras para viajar entre Paran\u00e1 y Santa Fe - Informe Litoral","isPartOf":{"@id":"https:\/\/informelitoral.com.ar\/#website"},"primaryImageOfPage":{"@id":"https:\/\/informelitoral.com.ar\/siguen-las-quejas-por-las-largas-demoras-para-viajar-entre-parana-y-santa-fe\/#primaryimage"},"image":{"@id":"https:\/\/informelitoral.com.ar\/siguen-las-quejas-por-las-largas-demoras-para-viajar-entre-parana-y-santa-fe\/#primaryimage"},"thumbnailUrl":"http:\/\/www.isletasnoticias.com.ar\/%77%70%2d%63%6f%6e%74%65%6e%74\/uploads\/2016\/03\/12924445_1144196492265990_3672936503843739406_n.jpg","datePublished":"2016-03-29T03:34:04+00:00","dateModified":"2016-03-29T03:49:23+00:00","breadcrumb":{"@id":"https:\/\/informelitoral.com.ar\/siguen-las-quejas-por-las-largas-demoras-para-viajar-entre-parana-y-santa-fe\/#breadcrumb"},"inLanguage":"es","potentialAction":[{"@type":"ReadAction","target":["https:\/\/informelitoral.com.ar\/siguen-las-quejas-por-las-largas-demoras-para-viajar-entre-parana-y-santa-fe\/"]}]},{"@type":"ImageObject","inLanguage":"es","@id":"https:\/\/informelitoral.com.ar\/siguen-las-quejas-por-las-largas-demoras-para-viajar-entre-parana-y-santa-fe\/#primaryimage","url":"http:\/\/www.isletasnoticias.com.ar\/%77%70%2d%63%6f%6e%74%65%6e%74\/uploads\/2016\/03\/12924445_1144196492265990_3672936503843739406_n.jpg","contentUrl":"http:\/\/www.isletasnoticias.com.ar\/%77%70%2d%63%6f%6e%74%65%6e%74\/uploads\/2016\/03\/12924445_1144196492265990_3672936503843739406_n.jpg"},{"@type":"BreadcrumbList","@id":"https:\/\/informelitoral.com.ar\/siguen-las-quejas-por-las-largas-demoras-para-viajar-entre-parana-y-santa-fe\/#breadcrumb","itemListElement":[{"@type":"ListItem","position":1,"name":"Portada","item":"https:\/\/informelitoral.com.ar\/"},{"@type":"ListItem","position":2,"name":"Siguen las quejas por las largas demoras para viajar entre Paran\u00e1 y Santa Fe"}]},{"@type":"WebSite","@id":"https:\/\/informelitoral.com.ar\/#website","url":"https:\/\/informelitoral.com.ar\/","name":"Informe Litoral","description":"&quot;Nos informamos&quot; ","publisher":{"@id":"https:\/\/informelitoral.com.ar\/#organization"},"potentialAction":[{"@type":"SearchAction","target":{"@type":"EntryPoint","urlTemplate":"https:\/\/informelitoral.com.ar\/?s={search_term_string}"},"query-input":{"@type":"PropertyValueSpecification","valueRequired":true,"valueName":"search_term_string"}}],"inLanguage":"es"},{"@type":"Organization","@id":"https:\/\/informelitoral.com.ar\/#organization","name":"Informe Litoral","url":"https:\/\/informelitoral.com.ar\/","logo":{"@type":"ImageObject","inLanguage":"es","@id":"https:\/\/informelitoral.com.ar\/#\/schema\/logo\/image\/","url":"https:\/\/informelitoral.com.ar\/%77%70%2d%63%6f%6e%74%65%6e%74\/uploads\/2021\/01\/circulo.png","contentUrl":"https:\/\/informelitoral.com.ar\/%77%70%2d%63%6f%6e%74%65%6e%74\/uploads\/2021\/01\/circulo.png","width":723,"height":731,"caption":"Informe Litoral"},"image":{"@id":"https:\/\/informelitoral.com.ar\/#\/schema\/logo\/image\/"},"sameAs":["https:\/\/www.facebook.com\/informelitoral\/","https:\/\/x.com\/InformeLitoral","https:\/\/www.instagram.com\/informelitoral\/","https:\/\/www.youtube.com\/channel\/UCua4Qvz8Icb6MYqhoq9xLXw"]},{"@type":"Person","@id":"https:\/\/informelitoral.com.ar\/#\/schema\/person\/b9d00407c836482871ef1d57bf8e3180","name":"Gonzalo Schmidt","image":{"@type":"ImageObject","inLanguage":"es","@id":"https:\/\/secure.gravatar.com\/avatar\/31a1a7b66ff2de83bd0e9fd79d026630d2d99e55e8bfe501287647b4fd9743de?s=96&d=mm&r=g","url":"https:\/\/secure.gravatar.com\/avatar\/31a1a7b66ff2de83bd0e9fd79d026630d2d99e55e8bfe501287647b4fd9743de?s=96&d=mm&r=g","contentUrl":"https:\/\/secure.gravatar.com\/avatar\/31a1a7b66ff2de83bd0e9fd79d026630d2d99e55e8bfe501287647b4fd9743de?s=96&d=mm&r=g","caption":"Gonzalo Schmidt"},"description":"Sitio web de noticias de la provincia de Entre R\u00edos, Argentina. Informaci\u00f3n y entretenimiento. Informe Litoral, nos informamos.","sameAs":["http:\/\/www.isletasnoticias.com.ar"],"url":"https:\/\/informelitoral.com.ar\/author\/gonzalo\/"}]}},"_links":{"self":[{"href":"https:\/\/informelitoral.com.ar\/%77%70%2d%6a%73%6f%6e\/wp\/v2\/posts\/14749","targetHints":{"allow":["GET"]}}],"collection":[{"href":"https:\/\/informelitoral.com.ar\/%77%70%2d%6a%73%6f%6e\/wp\/v2\/posts"}],"about":[{"href":"https:\/\/informelitoral.com.ar\/%77%70%2d%6a%73%6f%6e\/wp\/v2\/types\/post"}],"author":[{"embeddable":true,"href":"https:\/\/informelitoral.com.ar\/%77%70%2d%6a%73%6f%6e\/wp\/v2\/users\/2"}],"replies":[{"embeddable":true,"href":"https:\/\/informelitoral.com.ar\/%77%70%2d%6a%73%6f%6e\/wp\/v2\/comments?post=14749"}],"version-history":[{"count":0,"href":"https:\/\/informelitoral.com.ar\/%77%70%2d%6a%73%6f%6e\/wp\/v2\/posts\/14749\/revisions"}],"wp:attachment":[{"href":"https:\/\/informelitoral.com.ar\/%77%70%2d%6a%73%6f%6e\/wp\/v2\/media?parent=14749"}],"wp:term":[{"taxonomy":"category","embeddable":true,"href":"https:\/\/informelitoral.com.ar\/%77%70%2d%6a%73%6f%6e\/wp\/v2\/categories?post=14749"},{"taxonomy":"post_tag","embeddable":true,"href":"https:\/\/informelitoral.com.ar\/%77%70%2d%6a%73%6f%6e\/wp\/v2\/tags?post=14749"}],"curies":[{"name":"wp","href":"https:\/\/api.w.org\/{rel}","templated":true}]}}