{"id":14705,"date":"2016-03-28T00:16:54","date_gmt":"2016-03-28T03:16:54","guid":{"rendered":"http:\/\/www.isletasnoticias.com.ar\/?p=14705"},"modified":"2016-03-27T23:23:33","modified_gmt":"2016-03-28T02:23:33","slug":"por-decision-del-gobierno-nacional-la-argentina-abandona-la-senal-telesur","status":"publish","type":"post","link":"https:\/\/informelitoral.com.ar\/por-decision-del-gobierno-nacional-la-argentina-abandona-la-senal-telesur\/","title":{"rendered":"Por decisi\u00f3n del gobierno nacional, la Argentina abandona la se\u00f1al Telesur"},"content":{"rendered":"<p><strong>El ministro <em>Hern\u00e1n Lombardi<\/em> dijo que la decisi\u00f3n es por \u00abpluralismo\u00bb y \u00abausteridad\u00bb. La desvinculaci\u00f3n tambi\u00e9n implica que la se\u00f1al dejar\u00e1 de emitirse en la plataforma de televisi\u00f3n digital abierta.<a href=\"http:\/\/www.isletasnoticias.com.ar\/%77%70%2d%63%6f%6e%74%65%6e%74\/uploads\/2016\/03\/telesur-logo.jpg\" rel=\"attachment wp-att-14706\"><img loading=\"lazy\" decoding=\"async\" class=\"size-medium wp-image-14706 aligncenter\" src=\"http:\/\/www.isletasnoticias.com.ar\/%77%70%2d%63%6f%6e%74%65%6e%74\/uploads\/2016\/03\/telesur-logo-300x231.jpg\" alt=\"telesur-logo\" width=\"300\" height=\"231\" srcset=\"https:\/\/informelitoral.com.ar\/%77%70%2d%63%6f%6e%74%65%6e%74\/uploads\/2016\/03\/telesur-logo-300x231.jpg 300w, https:\/\/informelitoral.com.ar\/%77%70%2d%63%6f%6e%74%65%6e%74\/uploads\/2016\/03\/telesur-logo-768x591.jpg 768w, https:\/\/informelitoral.com.ar\/%77%70%2d%63%6f%6e%74%65%6e%74\/uploads\/2016\/03\/telesur-logo-1024x788.jpg 1024w, https:\/\/informelitoral.com.ar\/%77%70%2d%63%6f%6e%74%65%6e%74\/uploads\/2016\/03\/telesur-logo.jpg 1084w\" sizes=\"auto, (max-width: 300px) 100vw, 300px\" \/><\/a><\/strong>El material period\u00edstico y los documentales que se elaboran y se emiten desde la cadena de noticias <em>Telesur,<\/em> con audiencias en Am\u00e9rica Latina, Am\u00e9rica del Norte, el Caribe, Europa, Medio Oriente y parte de \u00c1frica, ya no contar\u00e1 con el respaldo del estado argentino. Bolivia, Uruguay, Venezuela, Cuba, Ecuador y Nicaragua, permanecer\u00e1n en el proyecto.<\/p>\n<p>\u00abEsta determinaci\u00f3n va en l\u00ednea con lo que nos hemos propuesto para los medios p\u00fablicos en t\u00e9rminos de pluralismo y austeridad\u00bb, argument\u00f3 el ministro de Medios y Contenidos P\u00fablicos, <strong>Hern\u00e1n Lombardi.<\/strong><\/p>\n<p>\u00abEl Estado argentino se va de la cadena Telesur\u00bb, titula la nota del diario<em> La Naci\u00f3n<\/em> publicada el domingo, donde se informa que \u00abLombardi y el secretario de Comunicaci\u00f3n P\u00fablica, <strong>Jorge Grecco<\/strong>, resolvieron abandonar La Nueva Televisi\u00f3n del Sur C.A., la compa\u00f1\u00eda estatal integrada por los gobiernos de Venezuela, Cuba, Ecuador, Bolivia, Nicaragua, Uruguay y, hasta ahora, Argentina (que ten\u00eda el 16% de las acciones)\u00bb, reprodujo <em>UNO.<\/em><\/p>\n<p>Lombardi y Grecco confirmaron que \u00abacordaron iniciar el tr\u00e1mite correspondiente para dar por finalizada la participaci\u00f3n del Estado Argentino en Telesur\u00bb y notificaron de esa decisi\u00f3n a la ministra de Relaciones Exteriores, Susana Malcorra.<\/p>\n<p><em>TeleSUR<\/em> es una cadena de televisi\u00f3n estatal con sede central en Caracas (Venezuela) que transmite en se\u00f1al libre y sin costo, es operado por La Nueva Televisi\u00f3n del Sur C.A., una compa\u00f1\u00eda p\u00fablica que es financiada por los gobiernos de Argentina, Bolivia, Cuba, Ecuador, Nicaragua, Uruguay y Venezuela.<\/p>\n","protected":false},"excerpt":{"rendered":"<p>El ministro Hern&aacute;n Lombardi dijo que la decisi&oacute;n es por &laquo;pluralismo&raquo; y &laquo;austeridad&raquo;. La desvinculaci&oacute;n tambi&eacute;n implica que la se&ntilde;al dejar&aacute; de emitirse en la plataforma de televisi&oacute;n digital abierta.El material period&iacute;stico y los documentales que se elaboran y se emiten desde la cadena de noticias Telesur, con audiencias en Am&eacute;rica Latina, Am&eacute;rica del Norte, [&hellip;]<\/p>\n","protected":false},"author":2,"featured_media":0,"comment_status":"open","ping_status":"open","sticky":false,"template":"","format":"standard","meta":{"fifu_image_url":"","fifu_image_alt":"","footnotes":""},"categories":[12,7,16],"tags":[],"class_list":{"0":"post-14705","1":"post","2":"type-post","3":"status-publish","4":"format-standard","6":"category-espectaculos","7":"category-nacionales","8":"category-politi"},"yoast_head":"<title>Por decisi\u00f3n del gobierno nacional, la Argentina abandona la se\u00f1al Telesur - Informe Litoral<\/title>\n<meta name=\"robots\" content=\"index, follow, max-snippet:-1, max-image-preview:large, max-video-preview:-1\" \/>\n<link rel=\"canonical\" href=\"https:\/\/informelitoral.com.ar\/por-decision-del-gobierno-nacional-la-argentina-abandona-la-senal-telesur\/\" \/>\n<meta property=\"og:locale\" content=\"es_ES\" \/>\n<meta property=\"og:type\" content=\"article\" \/>\n<meta property=\"og:title\" content=\"Por decisi\u00f3n del gobierno nacional, la Argentina abandona la se\u00f1al Telesur - Informe Litoral\" \/>\n<meta property=\"og:description\" content=\"El ministro Hern&aacute;n Lombardi dijo que la decisi&oacute;n es por &laquo;pluralismo&raquo; y &laquo;austeridad&raquo;. La desvinculaci&oacute;n tambi&eacute;n implica que la se&ntilde;al dejar&aacute; de emitirse en la plataforma de televisi&oacute;n digital abierta.El material period&iacute;stico y los documentales que se elaboran y se emiten desde la cadena de noticias Telesur, con audiencias en Am&eacute;rica Latina, Am&eacute;rica del Norte, [&hellip;]\" \/>\n<meta property=\"og:url\" content=\"https:\/\/informelitoral.com.ar\/por-decision-del-gobierno-nacional-la-argentina-abandona-la-senal-telesur\/\" \/>\n<meta property=\"og:site_name\" content=\"Informe Litoral\" \/>\n<meta property=\"article:publisher\" content=\"https:\/\/www.facebook.com\/informelitoral\/\" \/>\n<meta property=\"article:published_time\" content=\"2016-03-28T03:16:54+00:00\" \/>\n<meta property=\"og:image\" content=\"https:\/\/informelitoral.com.ar\/%77%70%2d%63%6f%6e%74%65%6e%74\/uploads\/2016\/03\/telesur-logo.jpg\" \/>\n\t<meta property=\"og:image:width\" content=\"1084\" \/>\n\t<meta property=\"og:image:height\" content=\"834\" \/>\n\t<meta property=\"og:image:type\" content=\"image\/jpeg\" \/>\n<meta name=\"author\" content=\"Gonzalo Schmidt\" \/>\n<meta name=\"twitter:card\" content=\"summary_large_image\" \/>\n<meta name=\"twitter:creator\" content=\"@InformeLitoral\" \/>\n<meta name=\"twitter:site\" content=\"@InformeLitoral\" \/>\n<meta name=\"twitter:label1\" content=\"Escrito por\" \/>\n\t<meta name=\"twitter:data1\" content=\"Gonzalo Schmidt\" \/>\n\t<meta name=\"twitter:label2\" content=\"Tiempo de lectura\" \/>\n\t<meta name=\"twitter:data2\" content=\"1 minuto\" \/>\n<script type=\"application\/ld+json\" class=\"yoast-schema-graph\">{\"@context\":\"https:\\\/\\\/schema.org\",\"@graph\":[{\"@type\":\"Article\",\"@id\":\"https:\\\/\\\/informelitoral.com.ar\\\/por-decision-del-gobierno-nacional-la-argentina-abandona-la-senal-telesur\\\/#article\",\"isPartOf\":{\"@id\":\"https:\\\/\\\/informelitoral.com.ar\\\/por-decision-del-gobierno-nacional-la-argentina-abandona-la-senal-telesur\\\/\"},\"author\":{\"name\":\"Gonzalo Schmidt\",\"@id\":\"https:\\\/\\\/informelitoral.com.ar\\\/#\\\/schema\\\/person\\\/b9d00407c836482871ef1d57bf8e3180\"},\"headline\":\"Por decisi\u00f3n del gobierno nacional, la Argentina abandona la se\u00f1al Telesur\",\"datePublished\":\"2016-03-28T03:16:54+00:00\",\"mainEntityOfPage\":{\"@id\":\"https:\\\/\\\/informelitoral.com.ar\\\/por-decision-del-gobierno-nacional-la-argentina-abandona-la-senal-telesur\\\/\"},\"wordCount\":309,\"commentCount\":0,\"publisher\":{\"@id\":\"https:\\\/\\\/informelitoral.com.ar\\\/#organization\"},\"image\":{\"@id\":\"https:\\\/\\\/informelitoral.com.ar\\\/por-decision-del-gobierno-nacional-la-argentina-abandona-la-senal-telesur\\\/#primaryimage\"},\"thumbnailUrl\":\"http:\\\/\\\/www.isletasnoticias.com.ar\\\/%77%70%2d%63%6f%6e%74%65%6e%74\\\/uploads\\\/2016\\\/03\\\/telesur-logo-300x231.jpg\",\"articleSection\":[\"Espect\u00e1culos\",\"Nacionales\",\"Politica\"],\"inLanguage\":\"es\",\"potentialAction\":[{\"@type\":\"CommentAction\",\"name\":\"Comment\",\"target\":[\"https:\\\/\\\/informelitoral.com.ar\\\/por-decision-del-gobierno-nacional-la-argentina-abandona-la-senal-telesur\\\/#respond\"]}]},{\"@type\":\"WebPage\",\"@id\":\"https:\\\/\\\/informelitoral.com.ar\\\/por-decision-del-gobierno-nacional-la-argentina-abandona-la-senal-telesur\\\/\",\"url\":\"https:\\\/\\\/informelitoral.com.ar\\\/por-decision-del-gobierno-nacional-la-argentina-abandona-la-senal-telesur\\\/\",\"name\":\"Por decisi\u00f3n del gobierno nacional, la Argentina abandona la se\u00f1al Telesur - Informe Litoral\",\"isPartOf\":{\"@id\":\"https:\\\/\\\/informelitoral.com.ar\\\/#website\"},\"primaryImageOfPage\":{\"@id\":\"https:\\\/\\\/informelitoral.com.ar\\\/por-decision-del-gobierno-nacional-la-argentina-abandona-la-senal-telesur\\\/#primaryimage\"},\"image\":{\"@id\":\"https:\\\/\\\/informelitoral.com.ar\\\/por-decision-del-gobierno-nacional-la-argentina-abandona-la-senal-telesur\\\/#primaryimage\"},\"thumbnailUrl\":\"http:\\\/\\\/www.isletasnoticias.com.ar\\\/%77%70%2d%63%6f%6e%74%65%6e%74\\\/uploads\\\/2016\\\/03\\\/telesur-logo-300x231.jpg\",\"datePublished\":\"2016-03-28T03:16:54+00:00\",\"breadcrumb\":{\"@id\":\"https:\\\/\\\/informelitoral.com.ar\\\/por-decision-del-gobierno-nacional-la-argentina-abandona-la-senal-telesur\\\/#breadcrumb\"},\"inLanguage\":\"es\",\"potentialAction\":[{\"@type\":\"ReadAction\",\"target\":[\"https:\\\/\\\/informelitoral.com.ar\\\/por-decision-del-gobierno-nacional-la-argentina-abandona-la-senal-telesur\\\/\"]}]},{\"@type\":\"ImageObject\",\"inLanguage\":\"es\",\"@id\":\"https:\\\/\\\/informelitoral.com.ar\\\/por-decision-del-gobierno-nacional-la-argentina-abandona-la-senal-telesur\\\/#primaryimage\",\"url\":\"http:\\\/\\\/www.isletasnoticias.com.ar\\\/%77%70%2d%63%6f%6e%74%65%6e%74\\\/uploads\\\/2016\\\/03\\\/telesur-logo-300x231.jpg\",\"contentUrl\":\"http:\\\/\\\/www.isletasnoticias.com.ar\\\/%77%70%2d%63%6f%6e%74%65%6e%74\\\/uploads\\\/2016\\\/03\\\/telesur-logo-300x231.jpg\"},{\"@type\":\"BreadcrumbList\",\"@id\":\"https:\\\/\\\/informelitoral.com.ar\\\/por-decision-del-gobierno-nacional-la-argentina-abandona-la-senal-telesur\\\/#breadcrumb\",\"itemListElement\":[{\"@type\":\"ListItem\",\"position\":1,\"name\":\"Portada\",\"item\":\"https:\\\/\\\/informelitoral.com.ar\\\/\"},{\"@type\":\"ListItem\",\"position\":2,\"name\":\"Por decisi\u00f3n del gobierno nacional, la Argentina abandona la se\u00f1al Telesur\"}]},{\"@type\":\"WebSite\",\"@id\":\"https:\\\/\\\/informelitoral.com.ar\\\/#website\",\"url\":\"https:\\\/\\\/informelitoral.com.ar\\\/\",\"name\":\"Informe Litoral\",\"description\":\"&quot;Nos informamos&quot; \",\"publisher\":{\"@id\":\"https:\\\/\\\/informelitoral.com.ar\\\/#organization\"},\"potentialAction\":[{\"@type\":\"SearchAction\",\"target\":{\"@type\":\"EntryPoint\",\"urlTemplate\":\"https:\\\/\\\/informelitoral.com.ar\\\/?s={search_term_string}\"},\"query-input\":{\"@type\":\"PropertyValueSpecification\",\"valueRequired\":true,\"valueName\":\"search_term_string\"}}],\"inLanguage\":\"es\"},{\"@type\":\"Organization\",\"@id\":\"https:\\\/\\\/informelitoral.com.ar\\\/#organization\",\"name\":\"Informe Litoral\",\"url\":\"https:\\\/\\\/informelitoral.com.ar\\\/\",\"logo\":{\"@type\":\"ImageObject\",\"inLanguage\":\"es\",\"@id\":\"https:\\\/\\\/informelitoral.com.ar\\\/#\\\/schema\\\/logo\\\/image\\\/\",\"url\":\"https:\\\/\\\/informelitoral.com.ar\\\/%77%70%2d%63%6f%6e%74%65%6e%74\\\/uploads\\\/2021\\\/01\\\/circulo.png\",\"contentUrl\":\"https:\\\/\\\/informelitoral.com.ar\\\/%77%70%2d%63%6f%6e%74%65%6e%74\\\/uploads\\\/2021\\\/01\\\/circulo.png\",\"width\":723,\"height\":731,\"caption\":\"Informe Litoral\"},\"image\":{\"@id\":\"https:\\\/\\\/informelitoral.com.ar\\\/#\\\/schema\\\/logo\\\/image\\\/\"},\"sameAs\":[\"https:\\\/\\\/www.facebook.com\\\/informelitoral\\\/\",\"https:\\\/\\\/x.com\\\/InformeLitoral\",\"https:\\\/\\\/www.instagram.com\\\/informelitoral\\\/\",\"https:\\\/\\\/www.youtube.com\\\/channel\\\/UCua4Qvz8Icb6MYqhoq9xLXw\"]},{\"@type\":\"Person\",\"@id\":\"https:\\\/\\\/informelitoral.com.ar\\\/#\\\/schema\\\/person\\\/b9d00407c836482871ef1d57bf8e3180\",\"name\":\"Gonzalo Schmidt\",\"image\":{\"@type\":\"ImageObject\",\"inLanguage\":\"es\",\"@id\":\"https:\\\/\\\/secure.gravatar.com\\\/avatar\\\/31a1a7b66ff2de83bd0e9fd79d026630d2d99e55e8bfe501287647b4fd9743de?s=96&d=mm&r=g\",\"url\":\"https:\\\/\\\/secure.gravatar.com\\\/avatar\\\/31a1a7b66ff2de83bd0e9fd79d026630d2d99e55e8bfe501287647b4fd9743de?s=96&d=mm&r=g\",\"contentUrl\":\"https:\\\/\\\/secure.gravatar.com\\\/avatar\\\/31a1a7b66ff2de83bd0e9fd79d026630d2d99e55e8bfe501287647b4fd9743de?s=96&d=mm&r=g\",\"caption\":\"Gonzalo Schmidt\"},\"description\":\"Sitio web de noticias de la provincia de Entre R\u00edos, Argentina. Informaci\u00f3n y entretenimiento. Informe Litoral, nos informamos.\",\"sameAs\":[\"http:\\\/\\\/www.isletasnoticias.com.ar\"],\"url\":\"https:\\\/\\\/informelitoral.com.ar\\\/author\\\/gonzalo\\\/\"}]}<\/script>","yoast_head_json":{"title":"Por decisi\u00f3n del gobierno nacional, la Argentina abandona la se\u00f1al Telesur - Informe Litoral","robots":{"index":"index","follow":"follow","max-snippet":"max-snippet:-1","max-image-preview":"max-image-preview:large","max-video-preview":"max-video-preview:-1"},"canonical":"https:\/\/informelitoral.com.ar\/por-decision-del-gobierno-nacional-la-argentina-abandona-la-senal-telesur\/","og_locale":"es_ES","og_type":"article","og_title":"Por decisi\u00f3n del gobierno nacional, la Argentina abandona la se\u00f1al Telesur - Informe Litoral","og_description":"El ministro Hern&aacute;n Lombardi dijo que la decisi&oacute;n es por &laquo;pluralismo&raquo; y &laquo;austeridad&raquo;. La desvinculaci&oacute;n tambi&eacute;n implica que la se&ntilde;al dejar&aacute; de emitirse en la plataforma de televisi&oacute;n digital abierta.El material period&iacute;stico y los documentales que se elaboran y se emiten desde la cadena de noticias Telesur, con audiencias en Am&eacute;rica Latina, Am&eacute;rica del Norte, [&hellip;]","og_url":"https:\/\/informelitoral.com.ar\/por-decision-del-gobierno-nacional-la-argentina-abandona-la-senal-telesur\/","og_site_name":"Informe Litoral","article_publisher":"https:\/\/www.facebook.com\/informelitoral\/","article_published_time":"2016-03-28T03:16:54+00:00","og_image":[{"width":1084,"height":834,"url":"https:\/\/informelitoral.com.ar\/%77%70%2d%63%6f%6e%74%65%6e%74\/uploads\/2016\/03\/telesur-logo.jpg","type":"image\/jpeg"}],"author":"Gonzalo Schmidt","twitter_card":"summary_large_image","twitter_creator":"@InformeLitoral","twitter_site":"@InformeLitoral","twitter_misc":{"Escrito por":"Gonzalo Schmidt","Tiempo de lectura":"1 minuto"},"schema":{"@context":"https:\/\/schema.org","@graph":[{"@type":"Article","@id":"https:\/\/informelitoral.com.ar\/por-decision-del-gobierno-nacional-la-argentina-abandona-la-senal-telesur\/#article","isPartOf":{"@id":"https:\/\/informelitoral.com.ar\/por-decision-del-gobierno-nacional-la-argentina-abandona-la-senal-telesur\/"},"author":{"name":"Gonzalo Schmidt","@id":"https:\/\/informelitoral.com.ar\/#\/schema\/person\/b9d00407c836482871ef1d57bf8e3180"},"headline":"Por decisi\u00f3n del gobierno nacional, la Argentina abandona la se\u00f1al Telesur","datePublished":"2016-03-28T03:16:54+00:00","mainEntityOfPage":{"@id":"https:\/\/informelitoral.com.ar\/por-decision-del-gobierno-nacional-la-argentina-abandona-la-senal-telesur\/"},"wordCount":309,"commentCount":0,"publisher":{"@id":"https:\/\/informelitoral.com.ar\/#organization"},"image":{"@id":"https:\/\/informelitoral.com.ar\/por-decision-del-gobierno-nacional-la-argentina-abandona-la-senal-telesur\/#primaryimage"},"thumbnailUrl":"http:\/\/www.isletasnoticias.com.ar\/%77%70%2d%63%6f%6e%74%65%6e%74\/uploads\/2016\/03\/telesur-logo-300x231.jpg","articleSection":["Espect\u00e1culos","Nacionales","Politica"],"inLanguage":"es","potentialAction":[{"@type":"CommentAction","name":"Comment","target":["https:\/\/informelitoral.com.ar\/por-decision-del-gobierno-nacional-la-argentina-abandona-la-senal-telesur\/#respond"]}]},{"@type":"WebPage","@id":"https:\/\/informelitoral.com.ar\/por-decision-del-gobierno-nacional-la-argentina-abandona-la-senal-telesur\/","url":"https:\/\/informelitoral.com.ar\/por-decision-del-gobierno-nacional-la-argentina-abandona-la-senal-telesur\/","name":"Por decisi\u00f3n del gobierno nacional, la Argentina abandona la se\u00f1al Telesur - Informe Litoral","isPartOf":{"@id":"https:\/\/informelitoral.com.ar\/#website"},"primaryImageOfPage":{"@id":"https:\/\/informelitoral.com.ar\/por-decision-del-gobierno-nacional-la-argentina-abandona-la-senal-telesur\/#primaryimage"},"image":{"@id":"https:\/\/informelitoral.com.ar\/por-decision-del-gobierno-nacional-la-argentina-abandona-la-senal-telesur\/#primaryimage"},"thumbnailUrl":"http:\/\/www.isletasnoticias.com.ar\/%77%70%2d%63%6f%6e%74%65%6e%74\/uploads\/2016\/03\/telesur-logo-300x231.jpg","datePublished":"2016-03-28T03:16:54+00:00","breadcrumb":{"@id":"https:\/\/informelitoral.com.ar\/por-decision-del-gobierno-nacional-la-argentina-abandona-la-senal-telesur\/#breadcrumb"},"inLanguage":"es","potentialAction":[{"@type":"ReadAction","target":["https:\/\/informelitoral.com.ar\/por-decision-del-gobierno-nacional-la-argentina-abandona-la-senal-telesur\/"]}]},{"@type":"ImageObject","inLanguage":"es","@id":"https:\/\/informelitoral.com.ar\/por-decision-del-gobierno-nacional-la-argentina-abandona-la-senal-telesur\/#primaryimage","url":"http:\/\/www.isletasnoticias.com.ar\/%77%70%2d%63%6f%6e%74%65%6e%74\/uploads\/2016\/03\/telesur-logo-300x231.jpg","contentUrl":"http:\/\/www.isletasnoticias.com.ar\/%77%70%2d%63%6f%6e%74%65%6e%74\/uploads\/2016\/03\/telesur-logo-300x231.jpg"},{"@type":"BreadcrumbList","@id":"https:\/\/informelitoral.com.ar\/por-decision-del-gobierno-nacional-la-argentina-abandona-la-senal-telesur\/#breadcrumb","itemListElement":[{"@type":"ListItem","position":1,"name":"Portada","item":"https:\/\/informelitoral.com.ar\/"},{"@type":"ListItem","position":2,"name":"Por decisi\u00f3n del gobierno nacional, la Argentina abandona la se\u00f1al Telesur"}]},{"@type":"WebSite","@id":"https:\/\/informelitoral.com.ar\/#website","url":"https:\/\/informelitoral.com.ar\/","name":"Informe Litoral","description":"&quot;Nos informamos&quot; ","publisher":{"@id":"https:\/\/informelitoral.com.ar\/#organization"},"potentialAction":[{"@type":"SearchAction","target":{"@type":"EntryPoint","urlTemplate":"https:\/\/informelitoral.com.ar\/?s={search_term_string}"},"query-input":{"@type":"PropertyValueSpecification","valueRequired":true,"valueName":"search_term_string"}}],"inLanguage":"es"},{"@type":"Organization","@id":"https:\/\/informelitoral.com.ar\/#organization","name":"Informe Litoral","url":"https:\/\/informelitoral.com.ar\/","logo":{"@type":"ImageObject","inLanguage":"es","@id":"https:\/\/informelitoral.com.ar\/#\/schema\/logo\/image\/","url":"https:\/\/informelitoral.com.ar\/%77%70%2d%63%6f%6e%74%65%6e%74\/uploads\/2021\/01\/circulo.png","contentUrl":"https:\/\/informelitoral.com.ar\/%77%70%2d%63%6f%6e%74%65%6e%74\/uploads\/2021\/01\/circulo.png","width":723,"height":731,"caption":"Informe Litoral"},"image":{"@id":"https:\/\/informelitoral.com.ar\/#\/schema\/logo\/image\/"},"sameAs":["https:\/\/www.facebook.com\/informelitoral\/","https:\/\/x.com\/InformeLitoral","https:\/\/www.instagram.com\/informelitoral\/","https:\/\/www.youtube.com\/channel\/UCua4Qvz8Icb6MYqhoq9xLXw"]},{"@type":"Person","@id":"https:\/\/informelitoral.com.ar\/#\/schema\/person\/b9d00407c836482871ef1d57bf8e3180","name":"Gonzalo Schmidt","image":{"@type":"ImageObject","inLanguage":"es","@id":"https:\/\/secure.gravatar.com\/avatar\/31a1a7b66ff2de83bd0e9fd79d026630d2d99e55e8bfe501287647b4fd9743de?s=96&d=mm&r=g","url":"https:\/\/secure.gravatar.com\/avatar\/31a1a7b66ff2de83bd0e9fd79d026630d2d99e55e8bfe501287647b4fd9743de?s=96&d=mm&r=g","contentUrl":"https:\/\/secure.gravatar.com\/avatar\/31a1a7b66ff2de83bd0e9fd79d026630d2d99e55e8bfe501287647b4fd9743de?s=96&d=mm&r=g","caption":"Gonzalo Schmidt"},"description":"Sitio web de noticias de la provincia de Entre R\u00edos, Argentina. Informaci\u00f3n y entretenimiento. Informe Litoral, nos informamos.","sameAs":["http:\/\/www.isletasnoticias.com.ar"],"url":"https:\/\/informelitoral.com.ar\/author\/gonzalo\/"}]}},"_links":{"self":[{"href":"https:\/\/informelitoral.com.ar\/%77%70%2d%6a%73%6f%6e\/wp\/v2\/posts\/14705","targetHints":{"allow":["GET"]}}],"collection":[{"href":"https:\/\/informelitoral.com.ar\/%77%70%2d%6a%73%6f%6e\/wp\/v2\/posts"}],"about":[{"href":"https:\/\/informelitoral.com.ar\/%77%70%2d%6a%73%6f%6e\/wp\/v2\/types\/post"}],"author":[{"embeddable":true,"href":"https:\/\/informelitoral.com.ar\/%77%70%2d%6a%73%6f%6e\/wp\/v2\/users\/2"}],"replies":[{"embeddable":true,"href":"https:\/\/informelitoral.com.ar\/%77%70%2d%6a%73%6f%6e\/wp\/v2\/comments?post=14705"}],"version-history":[{"count":0,"href":"https:\/\/informelitoral.com.ar\/%77%70%2d%6a%73%6f%6e\/wp\/v2\/posts\/14705\/revisions"}],"wp:attachment":[{"href":"https:\/\/informelitoral.com.ar\/%77%70%2d%6a%73%6f%6e\/wp\/v2\/media?parent=14705"}],"wp:term":[{"taxonomy":"category","embeddable":true,"href":"https:\/\/informelitoral.com.ar\/%77%70%2d%6a%73%6f%6e\/wp\/v2\/categories?post=14705"},{"taxonomy":"post_tag","embeddable":true,"href":"https:\/\/informelitoral.com.ar\/%77%70%2d%6a%73%6f%6e\/wp\/v2\/tags?post=14705"}],"curies":[{"name":"wp","href":"https:\/\/api.w.org\/{rel}","templated":true}]}}