{"id":14696,"date":"2016-03-27T21:48:30","date_gmt":"2016-03-28T00:48:30","guid":{"rendered":"http:\/\/www.isletasnoticias.com.ar\/?p=14696"},"modified":"2016-03-27T22:00:32","modified_gmt":"2016-03-28T01:00:32","slug":"isletas-con-el-apoyo-de-la-junta-de-gobierno-habra-clases-de-musica","status":"publish","type":"post","link":"https:\/\/informelitoral.com.ar\/isletas-con-el-apoyo-de-la-junta-de-gobierno-habra-clases-de-musica\/","title":{"rendered":"Isletas: con el apoyo de la Junta de Gobierno habr\u00e1 clases de m\u00fasica"},"content":{"rendered":"<p><strong>El proyecto Elegidos por la M\u00fasica comenzar\u00e1 el lunes 11 de abril. Con el aval de la Junta de Gobierno, las clases ser\u00e1n libres y gratuitas. El mi\u00e9rcoles 23, se realiz\u00f3 la reuni\u00f3n informativa a cargo del profesor diamantino <em>Fernando \u00abCoco\u00bb Codrino.\u00a0<\/em><\/strong><\/p>\n<figure id=\"attachment_14697\" aria-describedby=\"caption-attachment-14697\" style=\"width: 572px\" class=\"wp-caption aligncenter\"><a href=\"http:\/\/www.isletasnoticias.com.ar\/%77%70%2d%63%6f%6e%74%65%6e%74\/uploads\/2016\/03\/12108095_1734063010162316_7625052950046634517_n.jpg\" rel=\"attachment wp-att-14697\"><img loading=\"lazy\" decoding=\"async\" class=\"wp-image-14697 \" src=\"http:\/\/www.isletasnoticias.com.ar\/%77%70%2d%63%6f%6e%74%65%6e%74\/uploads\/2016\/03\/12108095_1734063010162316_7625052950046634517_n.jpg\" alt=\"12108095_1734063010162316_7625052950046634517_n\" width=\"572\" height=\"321\" srcset=\"https:\/\/informelitoral.com.ar\/%77%70%2d%63%6f%6e%74%65%6e%74\/uploads\/2016\/03\/12108095_1734063010162316_7625052950046634517_n.jpg 960w, https:\/\/informelitoral.com.ar\/%77%70%2d%63%6f%6e%74%65%6e%74\/uploads\/2016\/03\/12108095_1734063010162316_7625052950046634517_n-300x169.jpg 300w, https:\/\/informelitoral.com.ar\/%77%70%2d%63%6f%6e%74%65%6e%74\/uploads\/2016\/03\/12108095_1734063010162316_7625052950046634517_n-768x432.jpg 768w\" sizes=\"auto, (max-width: 572px) 100vw, 572px\" \/><\/a><figcaption id=\"caption-attachment-14697\" class=\"wp-caption-text\"><em>(De Der. a Izq.): El presidente de la Junta de Gobierno, Alcides Wolf; el Prof. Fernando Codrino y algunas de las interesadas en el proyecto.<\/em><\/figcaption><\/figure>\n<p>Como hab\u00edamos adelantado, el\u00a0mi\u00e9rcoles 23 de marzo, en el Sal\u00f3n Comunal de esta localidad del departamento Diamante, se llev\u00f3 adelante la <a href=\"http:\/\/www.isletasnoticias.com.ar\/?p=14629\">presentaci\u00f3n del proyecto Elegidos por la M\u00fasica<\/a>, propuesto por el <strong>Prof. Fernando \u00abCoco\u00bb Codrino<\/strong>, reconocido docente de la materia, oriundo de Diamante.<a href=\"http:\/\/www.isletasnoticias.com.ar\/%77%70%2d%63%6f%6e%74%65%6e%74\/uploads\/2016\/03\/12802755_1734063063495644_5386529447751629127_n.jpg\" rel=\"attachment wp-att-14698\"><img loading=\"lazy\" decoding=\"async\" class=\"size-medium wp-image-14698 alignright\" src=\"http:\/\/www.isletasnoticias.com.ar\/%77%70%2d%63%6f%6e%74%65%6e%74\/uploads\/2016\/03\/12802755_1734063063495644_5386529447751629127_n-300x169.jpg\" alt=\"12802755_1734063063495644_5386529447751629127_n\" width=\"300\" height=\"169\" srcset=\"https:\/\/informelitoral.com.ar\/%77%70%2d%63%6f%6e%74%65%6e%74\/uploads\/2016\/03\/12802755_1734063063495644_5386529447751629127_n-300x169.jpg 300w, https:\/\/informelitoral.com.ar\/%77%70%2d%63%6f%6e%74%65%6e%74\/uploads\/2016\/03\/12802755_1734063063495644_5386529447751629127_n-768x432.jpg 768w, https:\/\/informelitoral.com.ar\/%77%70%2d%63%6f%6e%74%65%6e%74\/uploads\/2016\/03\/12802755_1734063063495644_5386529447751629127_n.jpg 960w\" sizes=\"auto, (max-width: 300px) 100vw, 300px\" \/><\/a><\/p>\n<p>Seg\u00fan explicaron desde la Junta de Gobierno de Isletas en un texto enviado a la redacci\u00f3n de <strong><em>IN<\/em><\/strong>, el proyecto \u00abconstituye una propuesta cultural que se basa en conocer el arte de la m\u00fasica en toda su expresi\u00f3n, logrando el inter\u00e9s de la comunidad por esta sana actividad, promoviendo la comunicaci\u00f3n y fomentando la inserci\u00f3n social aplicando los conocimientos te\u00f3ricos &#8211; pr\u00e1cticos de la m\u00fasica y las danzas tradicionales\u00bb.<\/p>\n<p>El dictado de clases comenzar\u00e1 el pr\u00f3ximo lunes 11 de abril a las 18.00, en el Sal\u00f3n Comunitario y desde el ente gubernamental se invita a quienes deseen sumarse. Las clases ser\u00e1n libres y gratuitas, ya que los gastos estar\u00e1n a cargo de la Junta de Gobierno.<\/p>\n<p><strong>Participaron de la reuni\u00f3n informativa<\/strong><\/p>\n<p>En la presentaci\u00f3n de Elegidos por la M\u00fasica, estuvieron presentes el presidente de la Junta de Gobierno,<strong> Alcides Wolf;<\/strong>\u00a0el secretario, <strong>Lucas Eichmann<\/strong>, y las vocales <strong>Clelia \u00abBlanca\u00bb Schmidt<\/strong> y <strong>Nancy Eichmann<\/strong>. <em>(IN)<\/em><\/p>\n","protected":false},"excerpt":{"rendered":"<p>El proyecto Elegidos por la M&uacute;sica comenzar&aacute; el lunes 11 de abril. Con el aval de la Junta de Gobierno, las clases ser&aacute;n libres y gratuitas. El mi&eacute;rcoles 23, se realiz&oacute; la reuni&oacute;n informativa a cargo del profesor diamantino Fernando &laquo;Coco&raquo; Codrino.&nbsp; Como hab&iacute;amos adelantado, el&nbsp;mi&eacute;rcoles 23 de marzo, en el Sal&oacute;n Comunal de esta [&hellip;]<\/p>\n","protected":false},"author":2,"featured_media":0,"comment_status":"open","ping_status":"open","sticky":false,"template":"","format":"standard","meta":{"fifu_image_url":"","fifu_image_alt":"","footnotes":""},"categories":[4],"tags":[],"class_list":{"0":"post-14696","1":"post","2":"type-post","3":"status-publish","4":"format-standard","6":"category-locales"},"yoast_head":"<title>Isletas: con el apoyo de la Junta de Gobierno habr\u00e1 clases de m\u00fasica - Informe Litoral<\/title>\n<meta name=\"robots\" content=\"index, follow, max-snippet:-1, max-image-preview:large, max-video-preview:-1\" \/>\n<link rel=\"canonical\" href=\"https:\/\/informelitoral.com.ar\/isletas-con-el-apoyo-de-la-junta-de-gobierno-habra-clases-de-musica\/\" \/>\n<meta property=\"og:locale\" content=\"es_ES\" \/>\n<meta property=\"og:type\" content=\"article\" \/>\n<meta property=\"og:title\" content=\"Isletas: con el apoyo de la Junta de Gobierno habr\u00e1 clases de m\u00fasica - Informe Litoral\" \/>\n<meta property=\"og:description\" content=\"El proyecto Elegidos por la M&uacute;sica comenzar&aacute; el lunes 11 de abril. Con el aval de la Junta de Gobierno, las clases ser&aacute;n libres y gratuitas. El mi&eacute;rcoles 23, se realiz&oacute; la reuni&oacute;n informativa a cargo del profesor diamantino Fernando &laquo;Coco&raquo; Codrino.&nbsp; Como hab&iacute;amos adelantado, el&nbsp;mi&eacute;rcoles 23 de marzo, en el Sal&oacute;n Comunal de esta [&hellip;]\" \/>\n<meta property=\"og:url\" content=\"https:\/\/informelitoral.com.ar\/isletas-con-el-apoyo-de-la-junta-de-gobierno-habra-clases-de-musica\/\" \/>\n<meta property=\"og:site_name\" content=\"Informe Litoral\" \/>\n<meta property=\"article:publisher\" content=\"https:\/\/www.facebook.com\/informelitoral\/\" \/>\n<meta property=\"article:published_time\" content=\"2016-03-28T00:48:30+00:00\" \/>\n<meta property=\"article:modified_time\" content=\"2016-03-28T01:00:32+00:00\" \/>\n<meta property=\"og:image\" content=\"https:\/\/informelitoral.com.ar\/%77%70%2d%63%6f%6e%74%65%6e%74\/uploads\/2016\/03\/12108095_1734063010162316_7625052950046634517_n.jpg\" \/>\n\t<meta property=\"og:image:width\" content=\"960\" \/>\n\t<meta property=\"og:image:height\" content=\"540\" \/>\n\t<meta property=\"og:image:type\" content=\"image\/jpeg\" \/>\n<meta name=\"author\" content=\"Gonzalo Schmidt\" \/>\n<meta name=\"twitter:card\" content=\"summary_large_image\" \/>\n<meta name=\"twitter:creator\" content=\"@InformeLitoral\" \/>\n<meta name=\"twitter:site\" content=\"@InformeLitoral\" \/>\n<meta name=\"twitter:label1\" content=\"Escrito por\" \/>\n\t<meta name=\"twitter:data1\" content=\"Gonzalo Schmidt\" \/>\n\t<meta name=\"twitter:label2\" content=\"Tiempo de lectura\" \/>\n\t<meta name=\"twitter:data2\" content=\"1 minuto\" \/>\n<script type=\"application\/ld+json\" class=\"yoast-schema-graph\">{\"@context\":\"https:\\\/\\\/schema.org\",\"@graph\":[{\"@type\":\"Article\",\"@id\":\"https:\\\/\\\/informelitoral.com.ar\\\/isletas-con-el-apoyo-de-la-junta-de-gobierno-habra-clases-de-musica\\\/#article\",\"isPartOf\":{\"@id\":\"https:\\\/\\\/informelitoral.com.ar\\\/isletas-con-el-apoyo-de-la-junta-de-gobierno-habra-clases-de-musica\\\/\"},\"author\":{\"name\":\"Gonzalo Schmidt\",\"@id\":\"https:\\\/\\\/informelitoral.com.ar\\\/#\\\/schema\\\/person\\\/b9d00407c836482871ef1d57bf8e3180\"},\"headline\":\"Isletas: con el apoyo de la Junta de Gobierno habr\u00e1 clases de m\u00fasica\",\"datePublished\":\"2016-03-28T00:48:30+00:00\",\"dateModified\":\"2016-03-28T01:00:32+00:00\",\"mainEntityOfPage\":{\"@id\":\"https:\\\/\\\/informelitoral.com.ar\\\/isletas-con-el-apoyo-de-la-junta-de-gobierno-habra-clases-de-musica\\\/\"},\"wordCount\":307,\"commentCount\":0,\"publisher\":{\"@id\":\"https:\\\/\\\/informelitoral.com.ar\\\/#organization\"},\"image\":{\"@id\":\"https:\\\/\\\/informelitoral.com.ar\\\/isletas-con-el-apoyo-de-la-junta-de-gobierno-habra-clases-de-musica\\\/#primaryimage\"},\"thumbnailUrl\":\"http:\\\/\\\/www.isletasnoticias.com.ar\\\/%77%70%2d%63%6f%6e%74%65%6e%74\\\/uploads\\\/2016\\\/03\\\/12108095_1734063010162316_7625052950046634517_n.jpg\",\"articleSection\":[\"Isletas\"],\"inLanguage\":\"es\",\"potentialAction\":[{\"@type\":\"CommentAction\",\"name\":\"Comment\",\"target\":[\"https:\\\/\\\/informelitoral.com.ar\\\/isletas-con-el-apoyo-de-la-junta-de-gobierno-habra-clases-de-musica\\\/#respond\"]}]},{\"@type\":\"WebPage\",\"@id\":\"https:\\\/\\\/informelitoral.com.ar\\\/isletas-con-el-apoyo-de-la-junta-de-gobierno-habra-clases-de-musica\\\/\",\"url\":\"https:\\\/\\\/informelitoral.com.ar\\\/isletas-con-el-apoyo-de-la-junta-de-gobierno-habra-clases-de-musica\\\/\",\"name\":\"Isletas: con el apoyo de la Junta de Gobierno habr\u00e1 clases de m\u00fasica - Informe Litoral\",\"isPartOf\":{\"@id\":\"https:\\\/\\\/informelitoral.com.ar\\\/#website\"},\"primaryImageOfPage\":{\"@id\":\"https:\\\/\\\/informelitoral.com.ar\\\/isletas-con-el-apoyo-de-la-junta-de-gobierno-habra-clases-de-musica\\\/#primaryimage\"},\"image\":{\"@id\":\"https:\\\/\\\/informelitoral.com.ar\\\/isletas-con-el-apoyo-de-la-junta-de-gobierno-habra-clases-de-musica\\\/#primaryimage\"},\"thumbnailUrl\":\"http:\\\/\\\/www.isletasnoticias.com.ar\\\/%77%70%2d%63%6f%6e%74%65%6e%74\\\/uploads\\\/2016\\\/03\\\/12108095_1734063010162316_7625052950046634517_n.jpg\",\"datePublished\":\"2016-03-28T00:48:30+00:00\",\"dateModified\":\"2016-03-28T01:00:32+00:00\",\"breadcrumb\":{\"@id\":\"https:\\\/\\\/informelitoral.com.ar\\\/isletas-con-el-apoyo-de-la-junta-de-gobierno-habra-clases-de-musica\\\/#breadcrumb\"},\"inLanguage\":\"es\",\"potentialAction\":[{\"@type\":\"ReadAction\",\"target\":[\"https:\\\/\\\/informelitoral.com.ar\\\/isletas-con-el-apoyo-de-la-junta-de-gobierno-habra-clases-de-musica\\\/\"]}]},{\"@type\":\"ImageObject\",\"inLanguage\":\"es\",\"@id\":\"https:\\\/\\\/informelitoral.com.ar\\\/isletas-con-el-apoyo-de-la-junta-de-gobierno-habra-clases-de-musica\\\/#primaryimage\",\"url\":\"http:\\\/\\\/www.isletasnoticias.com.ar\\\/%77%70%2d%63%6f%6e%74%65%6e%74\\\/uploads\\\/2016\\\/03\\\/12108095_1734063010162316_7625052950046634517_n.jpg\",\"contentUrl\":\"http:\\\/\\\/www.isletasnoticias.com.ar\\\/%77%70%2d%63%6f%6e%74%65%6e%74\\\/uploads\\\/2016\\\/03\\\/12108095_1734063010162316_7625052950046634517_n.jpg\"},{\"@type\":\"BreadcrumbList\",\"@id\":\"https:\\\/\\\/informelitoral.com.ar\\\/isletas-con-el-apoyo-de-la-junta-de-gobierno-habra-clases-de-musica\\\/#breadcrumb\",\"itemListElement\":[{\"@type\":\"ListItem\",\"position\":1,\"name\":\"Portada\",\"item\":\"https:\\\/\\\/informelitoral.com.ar\\\/\"},{\"@type\":\"ListItem\",\"position\":2,\"name\":\"Isletas: con el apoyo de la Junta de Gobierno habr\u00e1 clases de m\u00fasica\"}]},{\"@type\":\"WebSite\",\"@id\":\"https:\\\/\\\/informelitoral.com.ar\\\/#website\",\"url\":\"https:\\\/\\\/informelitoral.com.ar\\\/\",\"name\":\"Informe Litoral\",\"description\":\"&quot;Nos informamos&quot; \",\"publisher\":{\"@id\":\"https:\\\/\\\/informelitoral.com.ar\\\/#organization\"},\"potentialAction\":[{\"@type\":\"SearchAction\",\"target\":{\"@type\":\"EntryPoint\",\"urlTemplate\":\"https:\\\/\\\/informelitoral.com.ar\\\/?s={search_term_string}\"},\"query-input\":{\"@type\":\"PropertyValueSpecification\",\"valueRequired\":true,\"valueName\":\"search_term_string\"}}],\"inLanguage\":\"es\"},{\"@type\":\"Organization\",\"@id\":\"https:\\\/\\\/informelitoral.com.ar\\\/#organization\",\"name\":\"Informe Litoral\",\"url\":\"https:\\\/\\\/informelitoral.com.ar\\\/\",\"logo\":{\"@type\":\"ImageObject\",\"inLanguage\":\"es\",\"@id\":\"https:\\\/\\\/informelitoral.com.ar\\\/#\\\/schema\\\/logo\\\/image\\\/\",\"url\":\"https:\\\/\\\/informelitoral.com.ar\\\/%77%70%2d%63%6f%6e%74%65%6e%74\\\/uploads\\\/2021\\\/01\\\/circulo.png\",\"contentUrl\":\"https:\\\/\\\/informelitoral.com.ar\\\/%77%70%2d%63%6f%6e%74%65%6e%74\\\/uploads\\\/2021\\\/01\\\/circulo.png\",\"width\":723,\"height\":731,\"caption\":\"Informe Litoral\"},\"image\":{\"@id\":\"https:\\\/\\\/informelitoral.com.ar\\\/#\\\/schema\\\/logo\\\/image\\\/\"},\"sameAs\":[\"https:\\\/\\\/www.facebook.com\\\/informelitoral\\\/\",\"https:\\\/\\\/x.com\\\/InformeLitoral\",\"https:\\\/\\\/www.instagram.com\\\/informelitoral\\\/\",\"https:\\\/\\\/www.youtube.com\\\/channel\\\/UCua4Qvz8Icb6MYqhoq9xLXw\"]},{\"@type\":\"Person\",\"@id\":\"https:\\\/\\\/informelitoral.com.ar\\\/#\\\/schema\\\/person\\\/b9d00407c836482871ef1d57bf8e3180\",\"name\":\"Gonzalo Schmidt\",\"image\":{\"@type\":\"ImageObject\",\"inLanguage\":\"es\",\"@id\":\"https:\\\/\\\/secure.gravatar.com\\\/avatar\\\/31a1a7b66ff2de83bd0e9fd79d026630d2d99e55e8bfe501287647b4fd9743de?s=96&d=mm&r=g\",\"url\":\"https:\\\/\\\/secure.gravatar.com\\\/avatar\\\/31a1a7b66ff2de83bd0e9fd79d026630d2d99e55e8bfe501287647b4fd9743de?s=96&d=mm&r=g\",\"contentUrl\":\"https:\\\/\\\/secure.gravatar.com\\\/avatar\\\/31a1a7b66ff2de83bd0e9fd79d026630d2d99e55e8bfe501287647b4fd9743de?s=96&d=mm&r=g\",\"caption\":\"Gonzalo Schmidt\"},\"description\":\"Sitio web de noticias de la provincia de Entre R\u00edos, Argentina. Informaci\u00f3n y entretenimiento. Informe Litoral, nos informamos.\",\"sameAs\":[\"http:\\\/\\\/www.isletasnoticias.com.ar\"],\"url\":\"https:\\\/\\\/informelitoral.com.ar\\\/author\\\/gonzalo\\\/\"}]}<\/script>","yoast_head_json":{"title":"Isletas: con el apoyo de la Junta de Gobierno habr\u00e1 clases de m\u00fasica - Informe Litoral","robots":{"index":"index","follow":"follow","max-snippet":"max-snippet:-1","max-image-preview":"max-image-preview:large","max-video-preview":"max-video-preview:-1"},"canonical":"https:\/\/informelitoral.com.ar\/isletas-con-el-apoyo-de-la-junta-de-gobierno-habra-clases-de-musica\/","og_locale":"es_ES","og_type":"article","og_title":"Isletas: con el apoyo de la Junta de Gobierno habr\u00e1 clases de m\u00fasica - Informe Litoral","og_description":"El proyecto Elegidos por la M&uacute;sica comenzar&aacute; el lunes 11 de abril. Con el aval de la Junta de Gobierno, las clases ser&aacute;n libres y gratuitas. El mi&eacute;rcoles 23, se realiz&oacute; la reuni&oacute;n informativa a cargo del profesor diamantino Fernando &laquo;Coco&raquo; Codrino.&nbsp; Como hab&iacute;amos adelantado, el&nbsp;mi&eacute;rcoles 23 de marzo, en el Sal&oacute;n Comunal de esta [&hellip;]","og_url":"https:\/\/informelitoral.com.ar\/isletas-con-el-apoyo-de-la-junta-de-gobierno-habra-clases-de-musica\/","og_site_name":"Informe Litoral","article_publisher":"https:\/\/www.facebook.com\/informelitoral\/","article_published_time":"2016-03-28T00:48:30+00:00","article_modified_time":"2016-03-28T01:00:32+00:00","og_image":[{"width":960,"height":540,"url":"https:\/\/informelitoral.com.ar\/%77%70%2d%63%6f%6e%74%65%6e%74\/uploads\/2016\/03\/12108095_1734063010162316_7625052950046634517_n.jpg","type":"image\/jpeg"}],"author":"Gonzalo Schmidt","twitter_card":"summary_large_image","twitter_creator":"@InformeLitoral","twitter_site":"@InformeLitoral","twitter_misc":{"Escrito por":"Gonzalo Schmidt","Tiempo de lectura":"1 minuto"},"schema":{"@context":"https:\/\/schema.org","@graph":[{"@type":"Article","@id":"https:\/\/informelitoral.com.ar\/isletas-con-el-apoyo-de-la-junta-de-gobierno-habra-clases-de-musica\/#article","isPartOf":{"@id":"https:\/\/informelitoral.com.ar\/isletas-con-el-apoyo-de-la-junta-de-gobierno-habra-clases-de-musica\/"},"author":{"name":"Gonzalo Schmidt","@id":"https:\/\/informelitoral.com.ar\/#\/schema\/person\/b9d00407c836482871ef1d57bf8e3180"},"headline":"Isletas: con el apoyo de la Junta de Gobierno habr\u00e1 clases de m\u00fasica","datePublished":"2016-03-28T00:48:30+00:00","dateModified":"2016-03-28T01:00:32+00:00","mainEntityOfPage":{"@id":"https:\/\/informelitoral.com.ar\/isletas-con-el-apoyo-de-la-junta-de-gobierno-habra-clases-de-musica\/"},"wordCount":307,"commentCount":0,"publisher":{"@id":"https:\/\/informelitoral.com.ar\/#organization"},"image":{"@id":"https:\/\/informelitoral.com.ar\/isletas-con-el-apoyo-de-la-junta-de-gobierno-habra-clases-de-musica\/#primaryimage"},"thumbnailUrl":"http:\/\/www.isletasnoticias.com.ar\/%77%70%2d%63%6f%6e%74%65%6e%74\/uploads\/2016\/03\/12108095_1734063010162316_7625052950046634517_n.jpg","articleSection":["Isletas"],"inLanguage":"es","potentialAction":[{"@type":"CommentAction","name":"Comment","target":["https:\/\/informelitoral.com.ar\/isletas-con-el-apoyo-de-la-junta-de-gobierno-habra-clases-de-musica\/#respond"]}]},{"@type":"WebPage","@id":"https:\/\/informelitoral.com.ar\/isletas-con-el-apoyo-de-la-junta-de-gobierno-habra-clases-de-musica\/","url":"https:\/\/informelitoral.com.ar\/isletas-con-el-apoyo-de-la-junta-de-gobierno-habra-clases-de-musica\/","name":"Isletas: con el apoyo de la Junta de Gobierno habr\u00e1 clases de m\u00fasica - Informe Litoral","isPartOf":{"@id":"https:\/\/informelitoral.com.ar\/#website"},"primaryImageOfPage":{"@id":"https:\/\/informelitoral.com.ar\/isletas-con-el-apoyo-de-la-junta-de-gobierno-habra-clases-de-musica\/#primaryimage"},"image":{"@id":"https:\/\/informelitoral.com.ar\/isletas-con-el-apoyo-de-la-junta-de-gobierno-habra-clases-de-musica\/#primaryimage"},"thumbnailUrl":"http:\/\/www.isletasnoticias.com.ar\/%77%70%2d%63%6f%6e%74%65%6e%74\/uploads\/2016\/03\/12108095_1734063010162316_7625052950046634517_n.jpg","datePublished":"2016-03-28T00:48:30+00:00","dateModified":"2016-03-28T01:00:32+00:00","breadcrumb":{"@id":"https:\/\/informelitoral.com.ar\/isletas-con-el-apoyo-de-la-junta-de-gobierno-habra-clases-de-musica\/#breadcrumb"},"inLanguage":"es","potentialAction":[{"@type":"ReadAction","target":["https:\/\/informelitoral.com.ar\/isletas-con-el-apoyo-de-la-junta-de-gobierno-habra-clases-de-musica\/"]}]},{"@type":"ImageObject","inLanguage":"es","@id":"https:\/\/informelitoral.com.ar\/isletas-con-el-apoyo-de-la-junta-de-gobierno-habra-clases-de-musica\/#primaryimage","url":"http:\/\/www.isletasnoticias.com.ar\/%77%70%2d%63%6f%6e%74%65%6e%74\/uploads\/2016\/03\/12108095_1734063010162316_7625052950046634517_n.jpg","contentUrl":"http:\/\/www.isletasnoticias.com.ar\/%77%70%2d%63%6f%6e%74%65%6e%74\/uploads\/2016\/03\/12108095_1734063010162316_7625052950046634517_n.jpg"},{"@type":"BreadcrumbList","@id":"https:\/\/informelitoral.com.ar\/isletas-con-el-apoyo-de-la-junta-de-gobierno-habra-clases-de-musica\/#breadcrumb","itemListElement":[{"@type":"ListItem","position":1,"name":"Portada","item":"https:\/\/informelitoral.com.ar\/"},{"@type":"ListItem","position":2,"name":"Isletas: con el apoyo de la Junta de Gobierno habr\u00e1 clases de m\u00fasica"}]},{"@type":"WebSite","@id":"https:\/\/informelitoral.com.ar\/#website","url":"https:\/\/informelitoral.com.ar\/","name":"Informe Litoral","description":"&quot;Nos informamos&quot; ","publisher":{"@id":"https:\/\/informelitoral.com.ar\/#organization"},"potentialAction":[{"@type":"SearchAction","target":{"@type":"EntryPoint","urlTemplate":"https:\/\/informelitoral.com.ar\/?s={search_term_string}"},"query-input":{"@type":"PropertyValueSpecification","valueRequired":true,"valueName":"search_term_string"}}],"inLanguage":"es"},{"@type":"Organization","@id":"https:\/\/informelitoral.com.ar\/#organization","name":"Informe Litoral","url":"https:\/\/informelitoral.com.ar\/","logo":{"@type":"ImageObject","inLanguage":"es","@id":"https:\/\/informelitoral.com.ar\/#\/schema\/logo\/image\/","url":"https:\/\/informelitoral.com.ar\/%77%70%2d%63%6f%6e%74%65%6e%74\/uploads\/2021\/01\/circulo.png","contentUrl":"https:\/\/informelitoral.com.ar\/%77%70%2d%63%6f%6e%74%65%6e%74\/uploads\/2021\/01\/circulo.png","width":723,"height":731,"caption":"Informe Litoral"},"image":{"@id":"https:\/\/informelitoral.com.ar\/#\/schema\/logo\/image\/"},"sameAs":["https:\/\/www.facebook.com\/informelitoral\/","https:\/\/x.com\/InformeLitoral","https:\/\/www.instagram.com\/informelitoral\/","https:\/\/www.youtube.com\/channel\/UCua4Qvz8Icb6MYqhoq9xLXw"]},{"@type":"Person","@id":"https:\/\/informelitoral.com.ar\/#\/schema\/person\/b9d00407c836482871ef1d57bf8e3180","name":"Gonzalo Schmidt","image":{"@type":"ImageObject","inLanguage":"es","@id":"https:\/\/secure.gravatar.com\/avatar\/31a1a7b66ff2de83bd0e9fd79d026630d2d99e55e8bfe501287647b4fd9743de?s=96&d=mm&r=g","url":"https:\/\/secure.gravatar.com\/avatar\/31a1a7b66ff2de83bd0e9fd79d026630d2d99e55e8bfe501287647b4fd9743de?s=96&d=mm&r=g","contentUrl":"https:\/\/secure.gravatar.com\/avatar\/31a1a7b66ff2de83bd0e9fd79d026630d2d99e55e8bfe501287647b4fd9743de?s=96&d=mm&r=g","caption":"Gonzalo Schmidt"},"description":"Sitio web de noticias de la provincia de Entre R\u00edos, Argentina. Informaci\u00f3n y entretenimiento. Informe Litoral, nos informamos.","sameAs":["http:\/\/www.isletasnoticias.com.ar"],"url":"https:\/\/informelitoral.com.ar\/author\/gonzalo\/"}]}},"_links":{"self":[{"href":"https:\/\/informelitoral.com.ar\/%77%70%2d%6a%73%6f%6e\/wp\/v2\/posts\/14696","targetHints":{"allow":["GET"]}}],"collection":[{"href":"https:\/\/informelitoral.com.ar\/%77%70%2d%6a%73%6f%6e\/wp\/v2\/posts"}],"about":[{"href":"https:\/\/informelitoral.com.ar\/%77%70%2d%6a%73%6f%6e\/wp\/v2\/types\/post"}],"author":[{"embeddable":true,"href":"https:\/\/informelitoral.com.ar\/%77%70%2d%6a%73%6f%6e\/wp\/v2\/users\/2"}],"replies":[{"embeddable":true,"href":"https:\/\/informelitoral.com.ar\/%77%70%2d%6a%73%6f%6e\/wp\/v2\/comments?post=14696"}],"version-history":[{"count":0,"href":"https:\/\/informelitoral.com.ar\/%77%70%2d%6a%73%6f%6e\/wp\/v2\/posts\/14696\/revisions"}],"wp:attachment":[{"href":"https:\/\/informelitoral.com.ar\/%77%70%2d%6a%73%6f%6e\/wp\/v2\/media?parent=14696"}],"wp:term":[{"taxonomy":"category","embeddable":true,"href":"https:\/\/informelitoral.com.ar\/%77%70%2d%6a%73%6f%6e\/wp\/v2\/categories?post=14696"},{"taxonomy":"post_tag","embeddable":true,"href":"https:\/\/informelitoral.com.ar\/%77%70%2d%6a%73%6f%6e\/wp\/v2\/tags?post=14696"}],"curies":[{"name":"wp","href":"https:\/\/api.w.org\/{rel}","templated":true}]}}