{"id":14668,"date":"2016-03-23T15:33:30","date_gmt":"2016-03-23T18:33:30","guid":{"rendered":"http:\/\/www.isletasnoticias.com.ar\/?p=14668"},"modified":"2016-03-23T15:33:30","modified_gmt":"2016-03-23T18:33:30","slug":"las-14-frases-mas-importantes-de-obama-en-la-casa-rosada","status":"publish","type":"post","link":"https:\/\/informelitoral.com.ar\/las-14-frases-mas-importantes-de-obama-en-la-casa-rosada\/","title":{"rendered":"Las 14 frases m\u00e1s importantes de Obama en la Casa Rosada"},"content":{"rendered":"<p><strong>El presidente de los Estados Unidos destac\u00f3 el hero\u00edsmo y el coraje de quienes se opusieron a la dictadura. Habl\u00f3 adem\u00e1s de los atentados a la Embajada de Israel y a la AMIA.<a href=\"http:\/\/www.isletasnoticias.com.ar\/%77%70%2d%63%6f%6e%74%65%6e%74\/uploads\/2016\/03\/0014466625.jpg\" rel=\"attachment wp-att-14669\"><img loading=\"lazy\" decoding=\"async\" class=\"aligncenter wp-image-14669 size-full\" src=\"http:\/\/www.isletasnoticias.com.ar\/%77%70%2d%63%6f%6e%74%65%6e%74\/uploads\/2016\/03\/0014466625.jpg\" alt=\"0014466625\" width=\"770\" height=\"433\" srcset=\"https:\/\/informelitoral.com.ar\/%77%70%2d%63%6f%6e%74%65%6e%74\/uploads\/2016\/03\/0014466625.jpg 770w, https:\/\/informelitoral.com.ar\/%77%70%2d%63%6f%6e%74%65%6e%74\/uploads\/2016\/03\/0014466625-300x169.jpg 300w, https:\/\/informelitoral.com.ar\/%77%70%2d%63%6f%6e%74%65%6e%74\/uploads\/2016\/03\/0014466625-768x432.jpg 768w\" sizes=\"auto, (max-width: 770px) 100vw, 770px\" \/><\/a><\/strong><\/p>\n<p>1. \u00abMacri me impresion\u00f3 favorablemente. Se movi\u00f3 r\u00e1pido para realizar reformas que generan crecimiento econ\u00f3mico. Argentina est\u00e1 tomando su papel de l\u00edder en la regi\u00f3n. Macri es un ejemplo para los pa\u00edses de la regi\u00f3n\u00bb.<\/p>\n<p>2. \u00abLos Estados Unidos est\u00e1n listos para trabajar con la Argentina\u00bb.<\/p>\n<p>3. \u00abMe entristece que solo vayamos a coincidir durante nueve meses. \u00c9l est\u00e1 al principio de su administraci\u00f3n y yo en el final de la m\u00eda, pero podemos emprender un camino eficaz que se extender\u00e1 en el futuro\u00bb.<\/p>\n<p>4. \u00abMi prioridad absoluta es derrotar al ISIS. No existe un tema en mi agenda que revista m\u00e1s importancia que ir y derrotarlos. Pero el tema es el siguiente: \u00bfc\u00f3mo lo hacemos? Tenemos que hacerlo de la manera m\u00e1s inteligente\u00bb.<\/p>\n<p>5. \u00abEl tema de los holdouts est\u00e1 en la Justicia, no quiero pronunciarme mucho m\u00e1s. El planteo constructivo de Macri abri\u00f3 la posibilidad de que haya una soluci\u00f3n para estabilizar la situaci\u00f3n financiera\u00bb.<\/p>\n<p>6. \u00abQuiero reivindicar el compromiso por los derechos humanos. Reconocemos los esfuerzos hist\u00f3ricos, el coraje y el hero\u00edsmo de aquellas personas que se opusieron a las violaciones de los derechos humanos. No es s\u00f3lo un gesto simb\u00f3lico, por eso voy a hacer el esfuerzo de abrir archivos militares y de inteligencia por primera vez en la historia\u00bb.<\/p>\n<p>7. \u00abVoy ir a visitar la Catedral Metropolitana para rendir homenaje a la tumba de San Mart\u00edn. Adem\u00e1s vamos a rendir homenaje a las v\u00edctimas del bombardeo que sufri\u00f3 la poblaci\u00f3n jud\u00eda, hace 22 a\u00f1os. Queremos que los agresores rindan cuentas. Vamos a perseguirlos; vamos a hacer lo mismo con los agresores que atacaron en B\u00e9lgica\u00bb.<\/p>\n<p>8. \u00abAlgunos dicen que debemos bombardear todo Irak y Siria. No s\u00f3lo es inhumano: ser\u00eda un mecanismo extraordinario para que ISIS reclutase m\u00e1s personas dispuestas a morir y hacer estallar bombas en todo el mundo. No es una estrategia sensata\u00bb.<\/p>\n<p>9. \u00abNo quiero hacer una lista de todas las actividades de los EEUU en los \u00faltimos 100 a\u00f1os. Sospecho que todos saben. Lo que s\u00ed es cierto es que en los a\u00f1os 70, el reconocimiento de los derechos humanos era tan importante como el hecho de luchar contra el comunismo\u00bb.<\/p>\n<p>10. \u00abHay muchas trabas comerciales que resolver con la Argentina, pero estaremos elaborando tal vez un acuerdo de libre comercio hacia el final de ese proceso\u00bb.<\/p>\n<p>11. \u00abEsperamos que Brasil pueda resolver su crisis pol\u00edtica de una manera eficaz. Es un pa\u00eds grande, un amigo de ambos pa\u00edses. Lo bueno de todo esto es que el presidente Macri reivindic\u00f3 que Brasil es una democracia madura en la que funcionan las instituciones. Confiamos en que esto se podr\u00e1 resolver de tal modo que le permitir\u00e1 a Brasil prosperar y ser l\u00edder mundial significativo que es\u00bb.<\/p>\n<div>\n<div>\n<div title=\"23\/3\/16 14:03\" data-tooltip=\"23\/3\/16 14:03\">12. \u00abTenemos autocr\u00edtica, el pueblo cubano quiz\u00e1s no me conozca, pero yo creo que la democracia es mejor que la dictadura de una sola persona\u00bb.<\/div>\n<\/div>\n<\/div>\n<div title=\"23\/3\/16 14:03\" data-tooltip=\"23\/3\/16 14:03\"><\/div>\n<div title=\"23\/3\/16 14:03\" data-tooltip=\"23\/3\/16 14:03\">\n<div>\n<div>\n<div title=\"23\/3\/16 14:14\" data-tooltip=\"23\/3\/16 14:14\">13. \u00abSu compromiso y deseo de llevar acabo conversaciones y tener relaciones francas y abiertas, como el cambio clim\u00e1tico, promete aumentar la influencia de Argentina en el escenario mundial como en el G-20\u00bb.<\/div>\n<\/div>\n<\/div>\n<div title=\"23\/3\/16 14:14\" data-tooltip=\"23\/3\/16 14:14\"><\/div>\n<div title=\"23\/3\/16 14:14\" data-tooltip=\"23\/3\/16 14:14\">14. \u00abNuestros emprendedores est\u00e1n invirtiendo muchos millones de d\u00f3lares en la Argentina, que podr\u00eda ser parte de un plan m\u00e1s amplio que podr\u00eda generar m\u00e1s empleos en este pa\u00eds\u00bb. <em>(Infobae)<\/em><\/div>\n<\/div>\n","protected":false},"excerpt":{"rendered":"<p>El presidente de los Estados Unidos destac&oacute; el hero&iacute;smo y el coraje de quienes se opusieron a la dictadura. Habl&oacute; adem&aacute;s de los atentados a la Embajada de Israel y a la AMIA. 1. &laquo;Macri me impresion&oacute; favorablemente. Se movi&oacute; r&aacute;pido para realizar reformas que generan crecimiento econ&oacute;mico. Argentina est&aacute; tomando su papel de l&iacute;der [&hellip;]<\/p>\n","protected":false},"author":2,"featured_media":0,"comment_status":"open","ping_status":"open","sticky":false,"template":"","format":"standard","meta":{"fifu_image_url":"","fifu_image_alt":"","footnotes":""},"categories":[7,16],"tags":[],"class_list":{"0":"post-14668","1":"post","2":"type-post","3":"status-publish","4":"format-standard","6":"category-nacionales","7":"category-politi"},"yoast_head":"<title>Las 14 frases m\u00e1s importantes de Obama en la Casa Rosada - Informe Litoral<\/title>\n<meta name=\"robots\" content=\"index, follow, max-snippet:-1, max-image-preview:large, max-video-preview:-1\" \/>\n<link rel=\"canonical\" href=\"https:\/\/informelitoral.com.ar\/las-14-frases-mas-importantes-de-obama-en-la-casa-rosada\/\" \/>\n<meta property=\"og:locale\" content=\"es_ES\" \/>\n<meta property=\"og:type\" content=\"article\" \/>\n<meta property=\"og:title\" content=\"Las 14 frases m\u00e1s importantes de Obama en la Casa Rosada - Informe Litoral\" \/>\n<meta property=\"og:description\" content=\"El presidente de los Estados Unidos destac&oacute; el hero&iacute;smo y el coraje de quienes se opusieron a la dictadura. Habl&oacute; adem&aacute;s de los atentados a la Embajada de Israel y a la AMIA. 1. &laquo;Macri me impresion&oacute; favorablemente. Se movi&oacute; r&aacute;pido para realizar reformas que generan crecimiento econ&oacute;mico. Argentina est&aacute; tomando su papel de l&iacute;der [&hellip;]\" \/>\n<meta property=\"og:url\" content=\"https:\/\/informelitoral.com.ar\/las-14-frases-mas-importantes-de-obama-en-la-casa-rosada\/\" \/>\n<meta property=\"og:site_name\" content=\"Informe Litoral\" \/>\n<meta property=\"article:publisher\" content=\"https:\/\/www.facebook.com\/informelitoral\/\" \/>\n<meta property=\"article:published_time\" content=\"2016-03-23T18:33:30+00:00\" \/>\n<meta property=\"og:image\" content=\"https:\/\/informelitoral.com.ar\/%77%70%2d%63%6f%6e%74%65%6e%74\/uploads\/2016\/03\/0014466625.jpg\" \/>\n\t<meta property=\"og:image:width\" content=\"770\" \/>\n\t<meta property=\"og:image:height\" content=\"433\" \/>\n\t<meta property=\"og:image:type\" content=\"image\/jpeg\" \/>\n<meta name=\"author\" content=\"Gonzalo Schmidt\" \/>\n<meta name=\"twitter:card\" content=\"summary_large_image\" \/>\n<meta name=\"twitter:creator\" content=\"@InformeLitoral\" \/>\n<meta name=\"twitter:site\" content=\"@InformeLitoral\" \/>\n<meta name=\"twitter:label1\" content=\"Escrito por\" \/>\n\t<meta name=\"twitter:data1\" content=\"Gonzalo Schmidt\" \/>\n\t<meta name=\"twitter:label2\" content=\"Tiempo de lectura\" \/>\n\t<meta name=\"twitter:data2\" content=\"3 minutos\" \/>\n<script type=\"application\/ld+json\" class=\"yoast-schema-graph\">{\"@context\":\"https:\\\/\\\/schema.org\",\"@graph\":[{\"@type\":\"Article\",\"@id\":\"https:\\\/\\\/informelitoral.com.ar\\\/las-14-frases-mas-importantes-de-obama-en-la-casa-rosada\\\/#article\",\"isPartOf\":{\"@id\":\"https:\\\/\\\/informelitoral.com.ar\\\/las-14-frases-mas-importantes-de-obama-en-la-casa-rosada\\\/\"},\"author\":{\"name\":\"Gonzalo Schmidt\",\"@id\":\"https:\\\/\\\/informelitoral.com.ar\\\/#\\\/schema\\\/person\\\/b9d00407c836482871ef1d57bf8e3180\"},\"headline\":\"Las 14 frases m\u00e1s importantes de Obama en la Casa Rosada\",\"datePublished\":\"2016-03-23T18:33:30+00:00\",\"mainEntityOfPage\":{\"@id\":\"https:\\\/\\\/informelitoral.com.ar\\\/las-14-frases-mas-importantes-de-obama-en-la-casa-rosada\\\/\"},\"wordCount\":616,\"commentCount\":0,\"publisher\":{\"@id\":\"https:\\\/\\\/informelitoral.com.ar\\\/#organization\"},\"image\":{\"@id\":\"https:\\\/\\\/informelitoral.com.ar\\\/las-14-frases-mas-importantes-de-obama-en-la-casa-rosada\\\/#primaryimage\"},\"thumbnailUrl\":\"http:\\\/\\\/www.isletasnoticias.com.ar\\\/%77%70%2d%63%6f%6e%74%65%6e%74\\\/uploads\\\/2016\\\/03\\\/0014466625.jpg\",\"articleSection\":[\"Nacionales\",\"Politica\"],\"inLanguage\":\"es\",\"potentialAction\":[{\"@type\":\"CommentAction\",\"name\":\"Comment\",\"target\":[\"https:\\\/\\\/informelitoral.com.ar\\\/las-14-frases-mas-importantes-de-obama-en-la-casa-rosada\\\/#respond\"]}]},{\"@type\":\"WebPage\",\"@id\":\"https:\\\/\\\/informelitoral.com.ar\\\/las-14-frases-mas-importantes-de-obama-en-la-casa-rosada\\\/\",\"url\":\"https:\\\/\\\/informelitoral.com.ar\\\/las-14-frases-mas-importantes-de-obama-en-la-casa-rosada\\\/\",\"name\":\"Las 14 frases m\u00e1s importantes de Obama en la Casa Rosada - Informe Litoral\",\"isPartOf\":{\"@id\":\"https:\\\/\\\/informelitoral.com.ar\\\/#website\"},\"primaryImageOfPage\":{\"@id\":\"https:\\\/\\\/informelitoral.com.ar\\\/las-14-frases-mas-importantes-de-obama-en-la-casa-rosada\\\/#primaryimage\"},\"image\":{\"@id\":\"https:\\\/\\\/informelitoral.com.ar\\\/las-14-frases-mas-importantes-de-obama-en-la-casa-rosada\\\/#primaryimage\"},\"thumbnailUrl\":\"http:\\\/\\\/www.isletasnoticias.com.ar\\\/%77%70%2d%63%6f%6e%74%65%6e%74\\\/uploads\\\/2016\\\/03\\\/0014466625.jpg\",\"datePublished\":\"2016-03-23T18:33:30+00:00\",\"breadcrumb\":{\"@id\":\"https:\\\/\\\/informelitoral.com.ar\\\/las-14-frases-mas-importantes-de-obama-en-la-casa-rosada\\\/#breadcrumb\"},\"inLanguage\":\"es\",\"potentialAction\":[{\"@type\":\"ReadAction\",\"target\":[\"https:\\\/\\\/informelitoral.com.ar\\\/las-14-frases-mas-importantes-de-obama-en-la-casa-rosada\\\/\"]}]},{\"@type\":\"ImageObject\",\"inLanguage\":\"es\",\"@id\":\"https:\\\/\\\/informelitoral.com.ar\\\/las-14-frases-mas-importantes-de-obama-en-la-casa-rosada\\\/#primaryimage\",\"url\":\"http:\\\/\\\/www.isletasnoticias.com.ar\\\/%77%70%2d%63%6f%6e%74%65%6e%74\\\/uploads\\\/2016\\\/03\\\/0014466625.jpg\",\"contentUrl\":\"http:\\\/\\\/www.isletasnoticias.com.ar\\\/%77%70%2d%63%6f%6e%74%65%6e%74\\\/uploads\\\/2016\\\/03\\\/0014466625.jpg\"},{\"@type\":\"BreadcrumbList\",\"@id\":\"https:\\\/\\\/informelitoral.com.ar\\\/las-14-frases-mas-importantes-de-obama-en-la-casa-rosada\\\/#breadcrumb\",\"itemListElement\":[{\"@type\":\"ListItem\",\"position\":1,\"name\":\"Portada\",\"item\":\"https:\\\/\\\/informelitoral.com.ar\\\/\"},{\"@type\":\"ListItem\",\"position\":2,\"name\":\"Las 14 frases m\u00e1s importantes de Obama en la Casa Rosada\"}]},{\"@type\":\"WebSite\",\"@id\":\"https:\\\/\\\/informelitoral.com.ar\\\/#website\",\"url\":\"https:\\\/\\\/informelitoral.com.ar\\\/\",\"name\":\"Informe Litoral\",\"description\":\"&quot;Nos informamos&quot; \",\"publisher\":{\"@id\":\"https:\\\/\\\/informelitoral.com.ar\\\/#organization\"},\"potentialAction\":[{\"@type\":\"SearchAction\",\"target\":{\"@type\":\"EntryPoint\",\"urlTemplate\":\"https:\\\/\\\/informelitoral.com.ar\\\/?s={search_term_string}\"},\"query-input\":{\"@type\":\"PropertyValueSpecification\",\"valueRequired\":true,\"valueName\":\"search_term_string\"}}],\"inLanguage\":\"es\"},{\"@type\":\"Organization\",\"@id\":\"https:\\\/\\\/informelitoral.com.ar\\\/#organization\",\"name\":\"Informe Litoral\",\"url\":\"https:\\\/\\\/informelitoral.com.ar\\\/\",\"logo\":{\"@type\":\"ImageObject\",\"inLanguage\":\"es\",\"@id\":\"https:\\\/\\\/informelitoral.com.ar\\\/#\\\/schema\\\/logo\\\/image\\\/\",\"url\":\"https:\\\/\\\/informelitoral.com.ar\\\/%77%70%2d%63%6f%6e%74%65%6e%74\\\/uploads\\\/2021\\\/01\\\/circulo.png\",\"contentUrl\":\"https:\\\/\\\/informelitoral.com.ar\\\/%77%70%2d%63%6f%6e%74%65%6e%74\\\/uploads\\\/2021\\\/01\\\/circulo.png\",\"width\":723,\"height\":731,\"caption\":\"Informe Litoral\"},\"image\":{\"@id\":\"https:\\\/\\\/informelitoral.com.ar\\\/#\\\/schema\\\/logo\\\/image\\\/\"},\"sameAs\":[\"https:\\\/\\\/www.facebook.com\\\/informelitoral\\\/\",\"https:\\\/\\\/x.com\\\/InformeLitoral\",\"https:\\\/\\\/www.instagram.com\\\/informelitoral\\\/\",\"https:\\\/\\\/www.youtube.com\\\/channel\\\/UCua4Qvz8Icb6MYqhoq9xLXw\"]},{\"@type\":\"Person\",\"@id\":\"https:\\\/\\\/informelitoral.com.ar\\\/#\\\/schema\\\/person\\\/b9d00407c836482871ef1d57bf8e3180\",\"name\":\"Gonzalo Schmidt\",\"image\":{\"@type\":\"ImageObject\",\"inLanguage\":\"es\",\"@id\":\"https:\\\/\\\/secure.gravatar.com\\\/avatar\\\/31a1a7b66ff2de83bd0e9fd79d026630d2d99e55e8bfe501287647b4fd9743de?s=96&d=mm&r=g\",\"url\":\"https:\\\/\\\/secure.gravatar.com\\\/avatar\\\/31a1a7b66ff2de83bd0e9fd79d026630d2d99e55e8bfe501287647b4fd9743de?s=96&d=mm&r=g\",\"contentUrl\":\"https:\\\/\\\/secure.gravatar.com\\\/avatar\\\/31a1a7b66ff2de83bd0e9fd79d026630d2d99e55e8bfe501287647b4fd9743de?s=96&d=mm&r=g\",\"caption\":\"Gonzalo Schmidt\"},\"description\":\"Sitio web de noticias de la provincia de Entre R\u00edos, Argentina. Informaci\u00f3n y entretenimiento. Informe Litoral, nos informamos.\",\"sameAs\":[\"http:\\\/\\\/www.isletasnoticias.com.ar\"],\"url\":\"https:\\\/\\\/informelitoral.com.ar\\\/author\\\/gonzalo\\\/\"}]}<\/script>","yoast_head_json":{"title":"Las 14 frases m\u00e1s importantes de Obama en la Casa Rosada - Informe Litoral","robots":{"index":"index","follow":"follow","max-snippet":"max-snippet:-1","max-image-preview":"max-image-preview:large","max-video-preview":"max-video-preview:-1"},"canonical":"https:\/\/informelitoral.com.ar\/las-14-frases-mas-importantes-de-obama-en-la-casa-rosada\/","og_locale":"es_ES","og_type":"article","og_title":"Las 14 frases m\u00e1s importantes de Obama en la Casa Rosada - Informe Litoral","og_description":"El presidente de los Estados Unidos destac&oacute; el hero&iacute;smo y el coraje de quienes se opusieron a la dictadura. Habl&oacute; adem&aacute;s de los atentados a la Embajada de Israel y a la AMIA. 1. &laquo;Macri me impresion&oacute; favorablemente. Se movi&oacute; r&aacute;pido para realizar reformas que generan crecimiento econ&oacute;mico. Argentina est&aacute; tomando su papel de l&iacute;der [&hellip;]","og_url":"https:\/\/informelitoral.com.ar\/las-14-frases-mas-importantes-de-obama-en-la-casa-rosada\/","og_site_name":"Informe Litoral","article_publisher":"https:\/\/www.facebook.com\/informelitoral\/","article_published_time":"2016-03-23T18:33:30+00:00","og_image":[{"width":770,"height":433,"url":"https:\/\/informelitoral.com.ar\/%77%70%2d%63%6f%6e%74%65%6e%74\/uploads\/2016\/03\/0014466625.jpg","type":"image\/jpeg"}],"author":"Gonzalo Schmidt","twitter_card":"summary_large_image","twitter_creator":"@InformeLitoral","twitter_site":"@InformeLitoral","twitter_misc":{"Escrito por":"Gonzalo Schmidt","Tiempo de lectura":"3 minutos"},"schema":{"@context":"https:\/\/schema.org","@graph":[{"@type":"Article","@id":"https:\/\/informelitoral.com.ar\/las-14-frases-mas-importantes-de-obama-en-la-casa-rosada\/#article","isPartOf":{"@id":"https:\/\/informelitoral.com.ar\/las-14-frases-mas-importantes-de-obama-en-la-casa-rosada\/"},"author":{"name":"Gonzalo Schmidt","@id":"https:\/\/informelitoral.com.ar\/#\/schema\/person\/b9d00407c836482871ef1d57bf8e3180"},"headline":"Las 14 frases m\u00e1s importantes de Obama en la Casa Rosada","datePublished":"2016-03-23T18:33:30+00:00","mainEntityOfPage":{"@id":"https:\/\/informelitoral.com.ar\/las-14-frases-mas-importantes-de-obama-en-la-casa-rosada\/"},"wordCount":616,"commentCount":0,"publisher":{"@id":"https:\/\/informelitoral.com.ar\/#organization"},"image":{"@id":"https:\/\/informelitoral.com.ar\/las-14-frases-mas-importantes-de-obama-en-la-casa-rosada\/#primaryimage"},"thumbnailUrl":"http:\/\/www.isletasnoticias.com.ar\/%77%70%2d%63%6f%6e%74%65%6e%74\/uploads\/2016\/03\/0014466625.jpg","articleSection":["Nacionales","Politica"],"inLanguage":"es","potentialAction":[{"@type":"CommentAction","name":"Comment","target":["https:\/\/informelitoral.com.ar\/las-14-frases-mas-importantes-de-obama-en-la-casa-rosada\/#respond"]}]},{"@type":"WebPage","@id":"https:\/\/informelitoral.com.ar\/las-14-frases-mas-importantes-de-obama-en-la-casa-rosada\/","url":"https:\/\/informelitoral.com.ar\/las-14-frases-mas-importantes-de-obama-en-la-casa-rosada\/","name":"Las 14 frases m\u00e1s importantes de Obama en la Casa Rosada - Informe Litoral","isPartOf":{"@id":"https:\/\/informelitoral.com.ar\/#website"},"primaryImageOfPage":{"@id":"https:\/\/informelitoral.com.ar\/las-14-frases-mas-importantes-de-obama-en-la-casa-rosada\/#primaryimage"},"image":{"@id":"https:\/\/informelitoral.com.ar\/las-14-frases-mas-importantes-de-obama-en-la-casa-rosada\/#primaryimage"},"thumbnailUrl":"http:\/\/www.isletasnoticias.com.ar\/%77%70%2d%63%6f%6e%74%65%6e%74\/uploads\/2016\/03\/0014466625.jpg","datePublished":"2016-03-23T18:33:30+00:00","breadcrumb":{"@id":"https:\/\/informelitoral.com.ar\/las-14-frases-mas-importantes-de-obama-en-la-casa-rosada\/#breadcrumb"},"inLanguage":"es","potentialAction":[{"@type":"ReadAction","target":["https:\/\/informelitoral.com.ar\/las-14-frases-mas-importantes-de-obama-en-la-casa-rosada\/"]}]},{"@type":"ImageObject","inLanguage":"es","@id":"https:\/\/informelitoral.com.ar\/las-14-frases-mas-importantes-de-obama-en-la-casa-rosada\/#primaryimage","url":"http:\/\/www.isletasnoticias.com.ar\/%77%70%2d%63%6f%6e%74%65%6e%74\/uploads\/2016\/03\/0014466625.jpg","contentUrl":"http:\/\/www.isletasnoticias.com.ar\/%77%70%2d%63%6f%6e%74%65%6e%74\/uploads\/2016\/03\/0014466625.jpg"},{"@type":"BreadcrumbList","@id":"https:\/\/informelitoral.com.ar\/las-14-frases-mas-importantes-de-obama-en-la-casa-rosada\/#breadcrumb","itemListElement":[{"@type":"ListItem","position":1,"name":"Portada","item":"https:\/\/informelitoral.com.ar\/"},{"@type":"ListItem","position":2,"name":"Las 14 frases m\u00e1s importantes de Obama en la Casa Rosada"}]},{"@type":"WebSite","@id":"https:\/\/informelitoral.com.ar\/#website","url":"https:\/\/informelitoral.com.ar\/","name":"Informe Litoral","description":"&quot;Nos informamos&quot; ","publisher":{"@id":"https:\/\/informelitoral.com.ar\/#organization"},"potentialAction":[{"@type":"SearchAction","target":{"@type":"EntryPoint","urlTemplate":"https:\/\/informelitoral.com.ar\/?s={search_term_string}"},"query-input":{"@type":"PropertyValueSpecification","valueRequired":true,"valueName":"search_term_string"}}],"inLanguage":"es"},{"@type":"Organization","@id":"https:\/\/informelitoral.com.ar\/#organization","name":"Informe Litoral","url":"https:\/\/informelitoral.com.ar\/","logo":{"@type":"ImageObject","inLanguage":"es","@id":"https:\/\/informelitoral.com.ar\/#\/schema\/logo\/image\/","url":"https:\/\/informelitoral.com.ar\/%77%70%2d%63%6f%6e%74%65%6e%74\/uploads\/2021\/01\/circulo.png","contentUrl":"https:\/\/informelitoral.com.ar\/%77%70%2d%63%6f%6e%74%65%6e%74\/uploads\/2021\/01\/circulo.png","width":723,"height":731,"caption":"Informe Litoral"},"image":{"@id":"https:\/\/informelitoral.com.ar\/#\/schema\/logo\/image\/"},"sameAs":["https:\/\/www.facebook.com\/informelitoral\/","https:\/\/x.com\/InformeLitoral","https:\/\/www.instagram.com\/informelitoral\/","https:\/\/www.youtube.com\/channel\/UCua4Qvz8Icb6MYqhoq9xLXw"]},{"@type":"Person","@id":"https:\/\/informelitoral.com.ar\/#\/schema\/person\/b9d00407c836482871ef1d57bf8e3180","name":"Gonzalo Schmidt","image":{"@type":"ImageObject","inLanguage":"es","@id":"https:\/\/secure.gravatar.com\/avatar\/31a1a7b66ff2de83bd0e9fd79d026630d2d99e55e8bfe501287647b4fd9743de?s=96&d=mm&r=g","url":"https:\/\/secure.gravatar.com\/avatar\/31a1a7b66ff2de83bd0e9fd79d026630d2d99e55e8bfe501287647b4fd9743de?s=96&d=mm&r=g","contentUrl":"https:\/\/secure.gravatar.com\/avatar\/31a1a7b66ff2de83bd0e9fd79d026630d2d99e55e8bfe501287647b4fd9743de?s=96&d=mm&r=g","caption":"Gonzalo Schmidt"},"description":"Sitio web de noticias de la provincia de Entre R\u00edos, Argentina. Informaci\u00f3n y entretenimiento. Informe Litoral, nos informamos.","sameAs":["http:\/\/www.isletasnoticias.com.ar"],"url":"https:\/\/informelitoral.com.ar\/author\/gonzalo\/"}]}},"_links":{"self":[{"href":"https:\/\/informelitoral.com.ar\/%77%70%2d%6a%73%6f%6e\/wp\/v2\/posts\/14668","targetHints":{"allow":["GET"]}}],"collection":[{"href":"https:\/\/informelitoral.com.ar\/%77%70%2d%6a%73%6f%6e\/wp\/v2\/posts"}],"about":[{"href":"https:\/\/informelitoral.com.ar\/%77%70%2d%6a%73%6f%6e\/wp\/v2\/types\/post"}],"author":[{"embeddable":true,"href":"https:\/\/informelitoral.com.ar\/%77%70%2d%6a%73%6f%6e\/wp\/v2\/users\/2"}],"replies":[{"embeddable":true,"href":"https:\/\/informelitoral.com.ar\/%77%70%2d%6a%73%6f%6e\/wp\/v2\/comments?post=14668"}],"version-history":[{"count":0,"href":"https:\/\/informelitoral.com.ar\/%77%70%2d%6a%73%6f%6e\/wp\/v2\/posts\/14668\/revisions"}],"wp:attachment":[{"href":"https:\/\/informelitoral.com.ar\/%77%70%2d%6a%73%6f%6e\/wp\/v2\/media?parent=14668"}],"wp:term":[{"taxonomy":"category","embeddable":true,"href":"https:\/\/informelitoral.com.ar\/%77%70%2d%6a%73%6f%6e\/wp\/v2\/categories?post=14668"},{"taxonomy":"post_tag","embeddable":true,"href":"https:\/\/informelitoral.com.ar\/%77%70%2d%6a%73%6f%6e\/wp\/v2\/tags?post=14668"}],"curies":[{"name":"wp","href":"https:\/\/api.w.org\/{rel}","templated":true}]}}