{"id":14663,"date":"2016-03-23T08:51:49","date_gmt":"2016-03-23T11:51:49","guid":{"rendered":"http:\/\/www.isletasnoticias.com.ar\/?p=14663"},"modified":"2016-03-23T08:53:32","modified_gmt":"2016-03-23T11:53:32","slug":"pronostican-una-semana-santa-con-nubosidad-pero-sin-lluvias","status":"publish","type":"post","link":"https:\/\/informelitoral.com.ar\/pronostican-una-semana-santa-con-nubosidad-pero-sin-lluvias\/","title":{"rendered":"Pronostican una Semana Santa con nubosidad, pero sin lluvias"},"content":{"rendered":"<p><strong>No se prev\u00e9n lluvias para los pr\u00f3ximos d\u00edas en Entre R\u00edos. No obstante, en medio de la Semana Santa se registrar\u00eda importante nubosidad y descenso de la temperatura.<\/strong><\/p>\n<figure id=\"attachment_14664\" aria-describedby=\"caption-attachment-14664\" style=\"width: 442px\" class=\"wp-caption aligncenter\"><a href=\"http:\/\/www.isletasnoticias.com.ar\/%77%70%2d%63%6f%6e%74%65%6e%74\/uploads\/2016\/03\/diamante.jpg\" rel=\"attachment wp-att-14664\"><img loading=\"lazy\" decoding=\"async\" class=\"wp-image-14664 \" src=\"http:\/\/www.isletasnoticias.com.ar\/%77%70%2d%63%6f%6e%74%65%6e%74\/uploads\/2016\/03\/diamante.jpg\" alt=\"diamante\" width=\"442\" height=\"345\" srcset=\"https:\/\/informelitoral.com.ar\/%77%70%2d%63%6f%6e%74%65%6e%74\/uploads\/2016\/03\/diamante.jpg 800w, https:\/\/informelitoral.com.ar\/%77%70%2d%63%6f%6e%74%65%6e%74\/uploads\/2016\/03\/diamante-300x234.jpg 300w, https:\/\/informelitoral.com.ar\/%77%70%2d%63%6f%6e%74%65%6e%74\/uploads\/2016\/03\/diamante-768x600.jpg 768w\" sizes=\"auto, (max-width: 442px) 100vw, 442px\" \/><\/a><figcaption id=\"caption-attachment-14664\" class=\"wp-caption-text\"><em>(Imagen ilustrativa)<\/em><\/figcaption><\/figure>\n<article class=\"cont-cuerpo\">\n<section class=\"texto\">No se prev\u00e9n lluvias en la mayor parte del pa\u00eds durante el pr\u00f3ximo fin de semana largo, seg\u00fan las previsiones del Servicio Meteorol\u00f3gico Nacional (SMN).Para este mi\u00e9rcoles, se prev\u00e9 sobre la mayor parte del centro y norte argentino tiempo con poca nubosidad, vientos d\u00e9biles del sector norte y ascenso de las temperaturas. En Paran\u00e1 se espera una m\u00e1xima de 27 grados.<\/p>\n<figure class=\"embed\"><img decoding=\"async\" title=\"\" src=\"http:\/\/elonce-media.elonce.com\/fotos-nuevo\/2016\/03\/23\/o_1458730653.jpg\" alt=\"\" width=\"640\" \/><\/figure>\n<p>Este jueves, se espera nubosidad en aumento con vientos d\u00e9biles del sudeste y poco cambio de la temperatura. En tanto una masa de aire fr\u00edo llegar\u00eda al centro del pa\u00eds para generar nubosidad variable y tiempo inestable con descenso de las temperaturas a partir del viernes. Para este d\u00eda, en la capital entrerriana se aguarda una m\u00ednima de 12 grados y una m\u00e1xima de 26.<\/p>\n<p>Para el fin de semana se aguarda un progresivo ascenso de las temperaturas, con m\u00e1ximas de 28 grados, indic\u00f3 Elonce.com, en base a los datos suministrados por el SMN.<\/p>\n<\/section>\n<\/article>\n","protected":false},"excerpt":{"rendered":"<p>No se prev&eacute;n lluvias para los pr&oacute;ximos d&iacute;as en Entre R&iacute;os. No obstante, en medio de la Semana Santa se registrar&iacute;a importante nubosidad y descenso de la temperatura. No se prev&eacute;n lluvias en la mayor parte del pa&iacute;s durante el pr&oacute;ximo fin de semana largo, seg&uacute;n las previsiones del Servicio Meteorol&oacute;gico Nacional (SMN).Para este mi&eacute;rcoles, [&hellip;]<\/p>\n","protected":false},"author":2,"featured_media":0,"comment_status":"open","ping_status":"open","sticky":false,"template":"","format":"standard","meta":{"fifu_image_url":"","fifu_image_alt":"","footnotes":""},"categories":[6],"tags":[],"class_list":{"0":"post-14663","1":"post","2":"type-post","3":"status-publish","4":"format-standard","6":"category-entre-rios"},"yoast_head":"<title>Pronostican una Semana Santa con nubosidad, pero sin lluvias - Informe Litoral<\/title>\n<meta name=\"robots\" content=\"index, follow, max-snippet:-1, max-image-preview:large, max-video-preview:-1\" \/>\n<link rel=\"canonical\" href=\"https:\/\/informelitoral.com.ar\/pronostican-una-semana-santa-con-nubosidad-pero-sin-lluvias\/\" \/>\n<meta property=\"og:locale\" content=\"es_ES\" \/>\n<meta property=\"og:type\" content=\"article\" \/>\n<meta property=\"og:title\" content=\"Pronostican una Semana Santa con nubosidad, pero sin lluvias - Informe Litoral\" \/>\n<meta property=\"og:description\" content=\"No se prev&eacute;n lluvias para los pr&oacute;ximos d&iacute;as en Entre R&iacute;os. No obstante, en medio de la Semana Santa se registrar&iacute;a importante nubosidad y descenso de la temperatura. No se prev&eacute;n lluvias en la mayor parte del pa&iacute;s durante el pr&oacute;ximo fin de semana largo, seg&uacute;n las previsiones del Servicio Meteorol&oacute;gico Nacional (SMN).Para este mi&eacute;rcoles, [&hellip;]\" \/>\n<meta property=\"og:url\" content=\"https:\/\/informelitoral.com.ar\/pronostican-una-semana-santa-con-nubosidad-pero-sin-lluvias\/\" \/>\n<meta property=\"og:site_name\" content=\"Informe Litoral\" \/>\n<meta property=\"article:publisher\" content=\"https:\/\/www.facebook.com\/informelitoral\/\" \/>\n<meta property=\"article:published_time\" content=\"2016-03-23T11:51:49+00:00\" \/>\n<meta property=\"article:modified_time\" content=\"2016-03-23T11:53:32+00:00\" \/>\n<meta property=\"og:image\" content=\"https:\/\/informelitoral.com.ar\/%77%70%2d%63%6f%6e%74%65%6e%74\/uploads\/2016\/03\/diamante.jpg\" \/>\n\t<meta property=\"og:image:width\" content=\"800\" \/>\n\t<meta property=\"og:image:height\" content=\"625\" \/>\n\t<meta property=\"og:image:type\" content=\"image\/jpeg\" \/>\n<meta name=\"author\" content=\"Gonzalo Schmidt\" \/>\n<meta name=\"twitter:card\" content=\"summary_large_image\" \/>\n<meta name=\"twitter:creator\" content=\"@InformeLitoral\" \/>\n<meta name=\"twitter:site\" content=\"@InformeLitoral\" \/>\n<meta name=\"twitter:label1\" content=\"Escrito por\" \/>\n\t<meta name=\"twitter:data1\" content=\"Gonzalo Schmidt\" \/>\n\t<meta name=\"twitter:label2\" content=\"Tiempo de lectura\" \/>\n\t<meta name=\"twitter:data2\" content=\"1 minuto\" \/>\n<script type=\"application\/ld+json\" class=\"yoast-schema-graph\">{\"@context\":\"https:\\\/\\\/schema.org\",\"@graph\":[{\"@type\":\"Article\",\"@id\":\"https:\\\/\\\/informelitoral.com.ar\\\/pronostican-una-semana-santa-con-nubosidad-pero-sin-lluvias\\\/#article\",\"isPartOf\":{\"@id\":\"https:\\\/\\\/informelitoral.com.ar\\\/pronostican-una-semana-santa-con-nubosidad-pero-sin-lluvias\\\/\"},\"author\":{\"name\":\"Gonzalo Schmidt\",\"@id\":\"https:\\\/\\\/informelitoral.com.ar\\\/#\\\/schema\\\/person\\\/b9d00407c836482871ef1d57bf8e3180\"},\"headline\":\"Pronostican una Semana Santa con nubosidad, pero sin lluvias\",\"datePublished\":\"2016-03-23T11:51:49+00:00\",\"dateModified\":\"2016-03-23T11:53:32+00:00\",\"mainEntityOfPage\":{\"@id\":\"https:\\\/\\\/informelitoral.com.ar\\\/pronostican-una-semana-santa-con-nubosidad-pero-sin-lluvias\\\/\"},\"wordCount\":220,\"commentCount\":0,\"publisher\":{\"@id\":\"https:\\\/\\\/informelitoral.com.ar\\\/#organization\"},\"image\":{\"@id\":\"https:\\\/\\\/informelitoral.com.ar\\\/pronostican-una-semana-santa-con-nubosidad-pero-sin-lluvias\\\/#primaryimage\"},\"thumbnailUrl\":\"http:\\\/\\\/www.isletasnoticias.com.ar\\\/%77%70%2d%63%6f%6e%74%65%6e%74\\\/uploads\\\/2016\\\/03\\\/diamante.jpg\",\"articleSection\":[\"Entre R\u00edos\"],\"inLanguage\":\"es\",\"potentialAction\":[{\"@type\":\"CommentAction\",\"name\":\"Comment\",\"target\":[\"https:\\\/\\\/informelitoral.com.ar\\\/pronostican-una-semana-santa-con-nubosidad-pero-sin-lluvias\\\/#respond\"]}]},{\"@type\":\"WebPage\",\"@id\":\"https:\\\/\\\/informelitoral.com.ar\\\/pronostican-una-semana-santa-con-nubosidad-pero-sin-lluvias\\\/\",\"url\":\"https:\\\/\\\/informelitoral.com.ar\\\/pronostican-una-semana-santa-con-nubosidad-pero-sin-lluvias\\\/\",\"name\":\"Pronostican una Semana Santa con nubosidad, pero sin lluvias - Informe Litoral\",\"isPartOf\":{\"@id\":\"https:\\\/\\\/informelitoral.com.ar\\\/#website\"},\"primaryImageOfPage\":{\"@id\":\"https:\\\/\\\/informelitoral.com.ar\\\/pronostican-una-semana-santa-con-nubosidad-pero-sin-lluvias\\\/#primaryimage\"},\"image\":{\"@id\":\"https:\\\/\\\/informelitoral.com.ar\\\/pronostican-una-semana-santa-con-nubosidad-pero-sin-lluvias\\\/#primaryimage\"},\"thumbnailUrl\":\"http:\\\/\\\/www.isletasnoticias.com.ar\\\/%77%70%2d%63%6f%6e%74%65%6e%74\\\/uploads\\\/2016\\\/03\\\/diamante.jpg\",\"datePublished\":\"2016-03-23T11:51:49+00:00\",\"dateModified\":\"2016-03-23T11:53:32+00:00\",\"breadcrumb\":{\"@id\":\"https:\\\/\\\/informelitoral.com.ar\\\/pronostican-una-semana-santa-con-nubosidad-pero-sin-lluvias\\\/#breadcrumb\"},\"inLanguage\":\"es\",\"potentialAction\":[{\"@type\":\"ReadAction\",\"target\":[\"https:\\\/\\\/informelitoral.com.ar\\\/pronostican-una-semana-santa-con-nubosidad-pero-sin-lluvias\\\/\"]}]},{\"@type\":\"ImageObject\",\"inLanguage\":\"es\",\"@id\":\"https:\\\/\\\/informelitoral.com.ar\\\/pronostican-una-semana-santa-con-nubosidad-pero-sin-lluvias\\\/#primaryimage\",\"url\":\"http:\\\/\\\/www.isletasnoticias.com.ar\\\/%77%70%2d%63%6f%6e%74%65%6e%74\\\/uploads\\\/2016\\\/03\\\/diamante.jpg\",\"contentUrl\":\"http:\\\/\\\/www.isletasnoticias.com.ar\\\/%77%70%2d%63%6f%6e%74%65%6e%74\\\/uploads\\\/2016\\\/03\\\/diamante.jpg\"},{\"@type\":\"BreadcrumbList\",\"@id\":\"https:\\\/\\\/informelitoral.com.ar\\\/pronostican-una-semana-santa-con-nubosidad-pero-sin-lluvias\\\/#breadcrumb\",\"itemListElement\":[{\"@type\":\"ListItem\",\"position\":1,\"name\":\"Portada\",\"item\":\"https:\\\/\\\/informelitoral.com.ar\\\/\"},{\"@type\":\"ListItem\",\"position\":2,\"name\":\"Pronostican una Semana Santa con nubosidad, pero sin lluvias\"}]},{\"@type\":\"WebSite\",\"@id\":\"https:\\\/\\\/informelitoral.com.ar\\\/#website\",\"url\":\"https:\\\/\\\/informelitoral.com.ar\\\/\",\"name\":\"Informe Litoral\",\"description\":\"&quot;Nos informamos&quot; \",\"publisher\":{\"@id\":\"https:\\\/\\\/informelitoral.com.ar\\\/#organization\"},\"potentialAction\":[{\"@type\":\"SearchAction\",\"target\":{\"@type\":\"EntryPoint\",\"urlTemplate\":\"https:\\\/\\\/informelitoral.com.ar\\\/?s={search_term_string}\"},\"query-input\":{\"@type\":\"PropertyValueSpecification\",\"valueRequired\":true,\"valueName\":\"search_term_string\"}}],\"inLanguage\":\"es\"},{\"@type\":\"Organization\",\"@id\":\"https:\\\/\\\/informelitoral.com.ar\\\/#organization\",\"name\":\"Informe Litoral\",\"url\":\"https:\\\/\\\/informelitoral.com.ar\\\/\",\"logo\":{\"@type\":\"ImageObject\",\"inLanguage\":\"es\",\"@id\":\"https:\\\/\\\/informelitoral.com.ar\\\/#\\\/schema\\\/logo\\\/image\\\/\",\"url\":\"https:\\\/\\\/informelitoral.com.ar\\\/%77%70%2d%63%6f%6e%74%65%6e%74\\\/uploads\\\/2021\\\/01\\\/circulo.png\",\"contentUrl\":\"https:\\\/\\\/informelitoral.com.ar\\\/%77%70%2d%63%6f%6e%74%65%6e%74\\\/uploads\\\/2021\\\/01\\\/circulo.png\",\"width\":723,\"height\":731,\"caption\":\"Informe Litoral\"},\"image\":{\"@id\":\"https:\\\/\\\/informelitoral.com.ar\\\/#\\\/schema\\\/logo\\\/image\\\/\"},\"sameAs\":[\"https:\\\/\\\/www.facebook.com\\\/informelitoral\\\/\",\"https:\\\/\\\/x.com\\\/InformeLitoral\",\"https:\\\/\\\/www.instagram.com\\\/informelitoral\\\/\",\"https:\\\/\\\/www.youtube.com\\\/channel\\\/UCua4Qvz8Icb6MYqhoq9xLXw\"]},{\"@type\":\"Person\",\"@id\":\"https:\\\/\\\/informelitoral.com.ar\\\/#\\\/schema\\\/person\\\/b9d00407c836482871ef1d57bf8e3180\",\"name\":\"Gonzalo Schmidt\",\"image\":{\"@type\":\"ImageObject\",\"inLanguage\":\"es\",\"@id\":\"https:\\\/\\\/secure.gravatar.com\\\/avatar\\\/31a1a7b66ff2de83bd0e9fd79d026630d2d99e55e8bfe501287647b4fd9743de?s=96&d=mm&r=g\",\"url\":\"https:\\\/\\\/secure.gravatar.com\\\/avatar\\\/31a1a7b66ff2de83bd0e9fd79d026630d2d99e55e8bfe501287647b4fd9743de?s=96&d=mm&r=g\",\"contentUrl\":\"https:\\\/\\\/secure.gravatar.com\\\/avatar\\\/31a1a7b66ff2de83bd0e9fd79d026630d2d99e55e8bfe501287647b4fd9743de?s=96&d=mm&r=g\",\"caption\":\"Gonzalo Schmidt\"},\"description\":\"Sitio web de noticias de la provincia de Entre R\u00edos, Argentina. Informaci\u00f3n y entretenimiento. Informe Litoral, nos informamos.\",\"sameAs\":[\"http:\\\/\\\/www.isletasnoticias.com.ar\"],\"url\":\"https:\\\/\\\/informelitoral.com.ar\\\/author\\\/gonzalo\\\/\"}]}<\/script>","yoast_head_json":{"title":"Pronostican una Semana Santa con nubosidad, pero sin lluvias - Informe Litoral","robots":{"index":"index","follow":"follow","max-snippet":"max-snippet:-1","max-image-preview":"max-image-preview:large","max-video-preview":"max-video-preview:-1"},"canonical":"https:\/\/informelitoral.com.ar\/pronostican-una-semana-santa-con-nubosidad-pero-sin-lluvias\/","og_locale":"es_ES","og_type":"article","og_title":"Pronostican una Semana Santa con nubosidad, pero sin lluvias - Informe Litoral","og_description":"No se prev&eacute;n lluvias para los pr&oacute;ximos d&iacute;as en Entre R&iacute;os. No obstante, en medio de la Semana Santa se registrar&iacute;a importante nubosidad y descenso de la temperatura. No se prev&eacute;n lluvias en la mayor parte del pa&iacute;s durante el pr&oacute;ximo fin de semana largo, seg&uacute;n las previsiones del Servicio Meteorol&oacute;gico Nacional (SMN).Para este mi&eacute;rcoles, [&hellip;]","og_url":"https:\/\/informelitoral.com.ar\/pronostican-una-semana-santa-con-nubosidad-pero-sin-lluvias\/","og_site_name":"Informe Litoral","article_publisher":"https:\/\/www.facebook.com\/informelitoral\/","article_published_time":"2016-03-23T11:51:49+00:00","article_modified_time":"2016-03-23T11:53:32+00:00","og_image":[{"width":800,"height":625,"url":"https:\/\/informelitoral.com.ar\/%77%70%2d%63%6f%6e%74%65%6e%74\/uploads\/2016\/03\/diamante.jpg","type":"image\/jpeg"}],"author":"Gonzalo Schmidt","twitter_card":"summary_large_image","twitter_creator":"@InformeLitoral","twitter_site":"@InformeLitoral","twitter_misc":{"Escrito por":"Gonzalo Schmidt","Tiempo de lectura":"1 minuto"},"schema":{"@context":"https:\/\/schema.org","@graph":[{"@type":"Article","@id":"https:\/\/informelitoral.com.ar\/pronostican-una-semana-santa-con-nubosidad-pero-sin-lluvias\/#article","isPartOf":{"@id":"https:\/\/informelitoral.com.ar\/pronostican-una-semana-santa-con-nubosidad-pero-sin-lluvias\/"},"author":{"name":"Gonzalo Schmidt","@id":"https:\/\/informelitoral.com.ar\/#\/schema\/person\/b9d00407c836482871ef1d57bf8e3180"},"headline":"Pronostican una Semana Santa con nubosidad, pero sin lluvias","datePublished":"2016-03-23T11:51:49+00:00","dateModified":"2016-03-23T11:53:32+00:00","mainEntityOfPage":{"@id":"https:\/\/informelitoral.com.ar\/pronostican-una-semana-santa-con-nubosidad-pero-sin-lluvias\/"},"wordCount":220,"commentCount":0,"publisher":{"@id":"https:\/\/informelitoral.com.ar\/#organization"},"image":{"@id":"https:\/\/informelitoral.com.ar\/pronostican-una-semana-santa-con-nubosidad-pero-sin-lluvias\/#primaryimage"},"thumbnailUrl":"http:\/\/www.isletasnoticias.com.ar\/%77%70%2d%63%6f%6e%74%65%6e%74\/uploads\/2016\/03\/diamante.jpg","articleSection":["Entre R\u00edos"],"inLanguage":"es","potentialAction":[{"@type":"CommentAction","name":"Comment","target":["https:\/\/informelitoral.com.ar\/pronostican-una-semana-santa-con-nubosidad-pero-sin-lluvias\/#respond"]}]},{"@type":"WebPage","@id":"https:\/\/informelitoral.com.ar\/pronostican-una-semana-santa-con-nubosidad-pero-sin-lluvias\/","url":"https:\/\/informelitoral.com.ar\/pronostican-una-semana-santa-con-nubosidad-pero-sin-lluvias\/","name":"Pronostican una Semana Santa con nubosidad, pero sin lluvias - Informe Litoral","isPartOf":{"@id":"https:\/\/informelitoral.com.ar\/#website"},"primaryImageOfPage":{"@id":"https:\/\/informelitoral.com.ar\/pronostican-una-semana-santa-con-nubosidad-pero-sin-lluvias\/#primaryimage"},"image":{"@id":"https:\/\/informelitoral.com.ar\/pronostican-una-semana-santa-con-nubosidad-pero-sin-lluvias\/#primaryimage"},"thumbnailUrl":"http:\/\/www.isletasnoticias.com.ar\/%77%70%2d%63%6f%6e%74%65%6e%74\/uploads\/2016\/03\/diamante.jpg","datePublished":"2016-03-23T11:51:49+00:00","dateModified":"2016-03-23T11:53:32+00:00","breadcrumb":{"@id":"https:\/\/informelitoral.com.ar\/pronostican-una-semana-santa-con-nubosidad-pero-sin-lluvias\/#breadcrumb"},"inLanguage":"es","potentialAction":[{"@type":"ReadAction","target":["https:\/\/informelitoral.com.ar\/pronostican-una-semana-santa-con-nubosidad-pero-sin-lluvias\/"]}]},{"@type":"ImageObject","inLanguage":"es","@id":"https:\/\/informelitoral.com.ar\/pronostican-una-semana-santa-con-nubosidad-pero-sin-lluvias\/#primaryimage","url":"http:\/\/www.isletasnoticias.com.ar\/%77%70%2d%63%6f%6e%74%65%6e%74\/uploads\/2016\/03\/diamante.jpg","contentUrl":"http:\/\/www.isletasnoticias.com.ar\/%77%70%2d%63%6f%6e%74%65%6e%74\/uploads\/2016\/03\/diamante.jpg"},{"@type":"BreadcrumbList","@id":"https:\/\/informelitoral.com.ar\/pronostican-una-semana-santa-con-nubosidad-pero-sin-lluvias\/#breadcrumb","itemListElement":[{"@type":"ListItem","position":1,"name":"Portada","item":"https:\/\/informelitoral.com.ar\/"},{"@type":"ListItem","position":2,"name":"Pronostican una Semana Santa con nubosidad, pero sin lluvias"}]},{"@type":"WebSite","@id":"https:\/\/informelitoral.com.ar\/#website","url":"https:\/\/informelitoral.com.ar\/","name":"Informe Litoral","description":"&quot;Nos informamos&quot; ","publisher":{"@id":"https:\/\/informelitoral.com.ar\/#organization"},"potentialAction":[{"@type":"SearchAction","target":{"@type":"EntryPoint","urlTemplate":"https:\/\/informelitoral.com.ar\/?s={search_term_string}"},"query-input":{"@type":"PropertyValueSpecification","valueRequired":true,"valueName":"search_term_string"}}],"inLanguage":"es"},{"@type":"Organization","@id":"https:\/\/informelitoral.com.ar\/#organization","name":"Informe Litoral","url":"https:\/\/informelitoral.com.ar\/","logo":{"@type":"ImageObject","inLanguage":"es","@id":"https:\/\/informelitoral.com.ar\/#\/schema\/logo\/image\/","url":"https:\/\/informelitoral.com.ar\/%77%70%2d%63%6f%6e%74%65%6e%74\/uploads\/2021\/01\/circulo.png","contentUrl":"https:\/\/informelitoral.com.ar\/%77%70%2d%63%6f%6e%74%65%6e%74\/uploads\/2021\/01\/circulo.png","width":723,"height":731,"caption":"Informe Litoral"},"image":{"@id":"https:\/\/informelitoral.com.ar\/#\/schema\/logo\/image\/"},"sameAs":["https:\/\/www.facebook.com\/informelitoral\/","https:\/\/x.com\/InformeLitoral","https:\/\/www.instagram.com\/informelitoral\/","https:\/\/www.youtube.com\/channel\/UCua4Qvz8Icb6MYqhoq9xLXw"]},{"@type":"Person","@id":"https:\/\/informelitoral.com.ar\/#\/schema\/person\/b9d00407c836482871ef1d57bf8e3180","name":"Gonzalo Schmidt","image":{"@type":"ImageObject","inLanguage":"es","@id":"https:\/\/secure.gravatar.com\/avatar\/31a1a7b66ff2de83bd0e9fd79d026630d2d99e55e8bfe501287647b4fd9743de?s=96&d=mm&r=g","url":"https:\/\/secure.gravatar.com\/avatar\/31a1a7b66ff2de83bd0e9fd79d026630d2d99e55e8bfe501287647b4fd9743de?s=96&d=mm&r=g","contentUrl":"https:\/\/secure.gravatar.com\/avatar\/31a1a7b66ff2de83bd0e9fd79d026630d2d99e55e8bfe501287647b4fd9743de?s=96&d=mm&r=g","caption":"Gonzalo Schmidt"},"description":"Sitio web de noticias de la provincia de Entre R\u00edos, Argentina. Informaci\u00f3n y entretenimiento. Informe Litoral, nos informamos.","sameAs":["http:\/\/www.isletasnoticias.com.ar"],"url":"https:\/\/informelitoral.com.ar\/author\/gonzalo\/"}]}},"_links":{"self":[{"href":"https:\/\/informelitoral.com.ar\/%77%70%2d%6a%73%6f%6e\/wp\/v2\/posts\/14663","targetHints":{"allow":["GET"]}}],"collection":[{"href":"https:\/\/informelitoral.com.ar\/%77%70%2d%6a%73%6f%6e\/wp\/v2\/posts"}],"about":[{"href":"https:\/\/informelitoral.com.ar\/%77%70%2d%6a%73%6f%6e\/wp\/v2\/types\/post"}],"author":[{"embeddable":true,"href":"https:\/\/informelitoral.com.ar\/%77%70%2d%6a%73%6f%6e\/wp\/v2\/users\/2"}],"replies":[{"embeddable":true,"href":"https:\/\/informelitoral.com.ar\/%77%70%2d%6a%73%6f%6e\/wp\/v2\/comments?post=14663"}],"version-history":[{"count":0,"href":"https:\/\/informelitoral.com.ar\/%77%70%2d%6a%73%6f%6e\/wp\/v2\/posts\/14663\/revisions"}],"wp:attachment":[{"href":"https:\/\/informelitoral.com.ar\/%77%70%2d%6a%73%6f%6e\/wp\/v2\/media?parent=14663"}],"wp:term":[{"taxonomy":"category","embeddable":true,"href":"https:\/\/informelitoral.com.ar\/%77%70%2d%6a%73%6f%6e\/wp\/v2\/categories?post=14663"},{"taxonomy":"post_tag","embeddable":true,"href":"https:\/\/informelitoral.com.ar\/%77%70%2d%6a%73%6f%6e\/wp\/v2\/tags?post=14663"}],"curies":[{"name":"wp","href":"https:\/\/api.w.org\/{rel}","templated":true}]}}