{"id":14650,"date":"2016-03-23T00:02:11","date_gmt":"2016-03-23T03:02:11","guid":{"rendered":"http:\/\/www.isletasnoticias.com.ar\/?p=14650"},"modified":"2016-03-23T00:02:11","modified_gmt":"2016-03-23T03:02:11","slug":"el-estado-islamico-se-adjudico-los-atentados-de-bruselas","status":"publish","type":"post","link":"https:\/\/informelitoral.com.ar\/el-estado-islamico-se-adjudico-los-atentados-de-bruselas\/","title":{"rendered":"El Estado Isl\u00e1mico se adjudic\u00f3 los atentados de Bruselas"},"content":{"rendered":"<p><strong>Una agencia cercana al grupo terrorista asegur\u00f3 que \u00abcombatientes de ISIS llevaron a cabo una serie de atentados con cinturones y artefactos explosivos, apuntando a un aeropuerto y a una estaci\u00f3n central del metro\u00bb. Los yihadistas atacaron en B\u00e9lgica porque es un pa\u00eds que \u00abparticipa en la coalici\u00f3n internacional\u00bb liderada por EEUU.<a href=\"http:\/\/www.isletasnoticias.com.ar\/%77%70%2d%63%6f%6e%74%65%6e%74\/uploads\/2016\/03\/0014457490.jpg\" rel=\"attachment wp-att-14651\"><img loading=\"lazy\" decoding=\"async\" class=\"aligncenter wp-image-14651 size-full\" src=\"http:\/\/www.isletasnoticias.com.ar\/%77%70%2d%63%6f%6e%74%65%6e%74\/uploads\/2016\/03\/0014457490.jpg\" alt=\"0014457490\" width=\"770\" height=\"433\" srcset=\"https:\/\/informelitoral.com.ar\/%77%70%2d%63%6f%6e%74%65%6e%74\/uploads\/2016\/03\/0014457490.jpg 770w, https:\/\/informelitoral.com.ar\/%77%70%2d%63%6f%6e%74%65%6e%74\/uploads\/2016\/03\/0014457490-300x169.jpg 300w, https:\/\/informelitoral.com.ar\/%77%70%2d%63%6f%6e%74%65%6e%74\/uploads\/2016\/03\/0014457490-768x432.jpg 768w\" sizes=\"auto, (max-width: 770px) 100vw, 770px\" \/><\/a><\/strong><\/p>\n<p>El Estado Isl\u00e1mico (ISIS, por sus siglas en ingl\u00e9s) se atribuy\u00f3 en un comunicado los atentados terroristas en el aeropuerto y la estaci\u00f3n de metro en Bruselas, seg\u00fan confirm\u00f3 la agencia de noticias <i>Amaq<\/i>, cercana al grupo yihadista. M\u00e1s tarde, la informaci\u00f3n fue reportada por la agencia\u00a0<i>Reuters<\/i> y medios norteamericanos como <i>The Washigton Post <\/i>y <i>CNN<\/i>.<\/p>\n<div><b>\u00abCombatientes de Estado Isl\u00e1mico llevaron a cabo el martes una serie de atentados con cinturones y artefactos explosivos, apuntando a un aeropuerto y a una estaci\u00f3n central del metro en el centro de Bruselas, la capital belga\u00bb<\/b>, dijo la agencia <i>Amaq<\/i>.<\/div>\n<div>\n<p>El aparato informativo vinculado a los terroristas indic\u00f3 que las explosiones dirigidos contra \u00abB\u00e9lgica, un pa\u00eds que participa en la coalici\u00f3n internacional contra el Estado Isl\u00e1mico\u00bb.<\/p>\n<p>La agencia agrega que los yihadistas \u00ababrieron fuego en el interior del aeropuerto de Zaventem antes de detonar sus cinturones explosivos, al tiempo que un bombero m\u00e1rtir deton\u00f3 su cintur\u00f3n explosivo en la estaci\u00f3n de metro de Maalbeek.<b> Los ataques dejaron m\u00e1s de 230 muertos y heridos<\/b>\u00ab.<\/p>\n<p>Sin embargo, en un comunicado difundido en foros yihadistas, el ISIS se\u00f1al\u00f3 que los atentados provocaron la muerte de 40 personas y heridas a 210 en unos lugares \u00abelegidos con precisi\u00f3n\u00bb.<\/p>\n<p><strong><i>El comunicado oficial del Estado Isl\u00e1mico<\/i><\/strong><\/p>\n<p>Asimismo, amenaz\u00f3 a \u00ablos pa\u00edses cruzados\u00bb (en alusi\u00f3n a Occidente) con vivir \u00abd\u00edas negros en respuesta a su agresi\u00f3n contra el Estado del islam\u00bb.<\/p>\n<p>A\u00f1adi\u00f3 que con estos ataques han conseguido <b>\u00abinfundir el miedo y el terror en los corazones de los cruzados en su propia casa\u00bb<\/b>.<\/p>\n<div>\n<p>Agentes de inteligencia de la C\u00e1mara de Representantes de los Estados Unidos hab\u00edan asegurado m\u00e1s temprano que los ataques<b> \u00abtienen todas las caracter\u00edsticas de un atentado inspirado en el ISIS<\/b>\u00ab, inform\u00f3 la cadena norteamericana <i>Fox News<\/i>.<\/p>\n<\/div>\n<div>Es el segundo atentado reivindicado por la organizaci\u00f3n terrorista en menos de una semana, luego de que el s\u00e1bado atacara en pleno Estambul y acabara con las vidas de cuatro personas.<\/div>\n<\/div>\n<div><\/div>\n<div>La Fiscal\u00eda belga ha expresado su confianza en que las declaraciones del presunto cerebro log\u00edstico de los atentados del 13N en Par\u00eds, <b>Salah Abdeslam, que fue detenido el pasado viernes<\/b>, arrojen luz sobre la investigaci\u00f3n y permitan convertir en prueba lo que hasta ahora son solo indicios.<\/p>\n<p>\u00abTenemos muchas piezas del puzzle, recientemente hemos encontrado varias, pero a\u00fan estamos lejos de haberlo terminado\u00bb, se\u00f1al\u00f3 hoy en rueda de prensa el fiscal federal de B\u00e9lgica, Fr\u00e9d\u00e9ric Van Leeuw.<\/p>\n<p>Van Leeuw, que compareci\u00f3 junto al fiscal de Par\u00eds, Fran\u00e7ois Molins, y se mostr\u00f3 en todo momento muy prudente, explic\u00f3 que por el momento <b>se han encontrado huellas y ADN de Abdeslam en un apartamento y en un veh\u00edculo<\/b>, pero que faltan elementos para estar seguros de lo ocurrido.<\/p>\n<p>\u00abNi las huellas digitales ni al ADN contienen datos sobre el momento en que las dej\u00f3, as\u00ed que hacen falta otros elementos del dossier, como el contrato de alquiler (de un piso en Schaerbeek) y las declaraciones de Abdeslam\u00bb, reconoci\u00f3. Abdeslam fue interrogado por los investigadores en dos ocasiones el pasado s\u00e1bado.<\/p>\n<p>\u00abTrabajamos a partir de indicios e intentamos, sobre la base de esos indicios, encontrar pruebas\u00bb, continu\u00f3. Asegur\u00f3 tambi\u00e9n que \u00ablas declaraciones de Salah (Abdeslam) igual nos ayudan a mirar a los indicios de otra manera\u00bb. <em>(Infobae)<\/em><\/div>\n","protected":false},"excerpt":{"rendered":"<p>Una agencia cercana al grupo terrorista asegur&oacute; que &laquo;combatientes de ISIS llevaron a cabo una serie de atentados con cinturones y artefactos explosivos, apuntando a un aeropuerto y a una estaci&oacute;n central del metro&raquo;. Los yihadistas atacaron en B&eacute;lgica porque es un pa&iacute;s que &laquo;participa en la coalici&oacute;n internacional&raquo; liderada por EEUU. El Estado Isl&aacute;mico [&hellip;]<\/p>\n","protected":false},"author":2,"featured_media":0,"comment_status":"open","ping_status":"open","sticky":false,"template":"","format":"standard","meta":{"fifu_image_url":"","fifu_image_alt":"","footnotes":""},"categories":[8],"tags":[],"class_list":{"0":"post-14650","1":"post","2":"type-post","3":"status-publish","4":"format-standard","6":"category-internacionales"},"yoast_head":"<title>El Estado Isl\u00e1mico se adjudic\u00f3 los atentados de Bruselas - Informe Litoral<\/title>\n<meta name=\"robots\" content=\"index, follow, max-snippet:-1, max-image-preview:large, max-video-preview:-1\" \/>\n<link rel=\"canonical\" href=\"https:\/\/informelitoral.com.ar\/el-estado-islamico-se-adjudico-los-atentados-de-bruselas\/\" \/>\n<meta property=\"og:locale\" content=\"es_ES\" \/>\n<meta property=\"og:type\" content=\"article\" \/>\n<meta property=\"og:title\" content=\"El Estado Isl\u00e1mico se adjudic\u00f3 los atentados de Bruselas - Informe Litoral\" \/>\n<meta property=\"og:description\" content=\"Una agencia cercana al grupo terrorista asegur&oacute; que &laquo;combatientes de ISIS llevaron a cabo una serie de atentados con cinturones y artefactos explosivos, apuntando a un aeropuerto y a una estaci&oacute;n central del metro&raquo;. Los yihadistas atacaron en B&eacute;lgica porque es un pa&iacute;s que &laquo;participa en la coalici&oacute;n internacional&raquo; liderada por EEUU. El Estado Isl&aacute;mico [&hellip;]\" \/>\n<meta property=\"og:url\" content=\"https:\/\/informelitoral.com.ar\/el-estado-islamico-se-adjudico-los-atentados-de-bruselas\/\" \/>\n<meta property=\"og:site_name\" content=\"Informe Litoral\" \/>\n<meta property=\"article:publisher\" content=\"https:\/\/www.facebook.com\/informelitoral\/\" \/>\n<meta property=\"article:published_time\" content=\"2016-03-23T03:02:11+00:00\" \/>\n<meta property=\"og:image\" content=\"https:\/\/informelitoral.com.ar\/%77%70%2d%63%6f%6e%74%65%6e%74\/uploads\/2016\/03\/0014457490.jpg\" \/>\n\t<meta property=\"og:image:width\" content=\"770\" \/>\n\t<meta property=\"og:image:height\" content=\"433\" \/>\n\t<meta property=\"og:image:type\" content=\"image\/jpeg\" \/>\n<meta name=\"author\" content=\"Gonzalo Schmidt\" \/>\n<meta name=\"twitter:card\" content=\"summary_large_image\" \/>\n<meta name=\"twitter:creator\" content=\"@InformeLitoral\" \/>\n<meta name=\"twitter:site\" content=\"@InformeLitoral\" \/>\n<meta name=\"twitter:label1\" content=\"Escrito por\" \/>\n\t<meta name=\"twitter:data1\" content=\"Gonzalo Schmidt\" \/>\n\t<meta name=\"twitter:label2\" content=\"Tiempo de lectura\" \/>\n\t<meta name=\"twitter:data2\" content=\"3 minutos\" \/>\n<script type=\"application\/ld+json\" class=\"yoast-schema-graph\">{\"@context\":\"https:\\\/\\\/schema.org\",\"@graph\":[{\"@type\":\"Article\",\"@id\":\"https:\\\/\\\/informelitoral.com.ar\\\/el-estado-islamico-se-adjudico-los-atentados-de-bruselas\\\/#article\",\"isPartOf\":{\"@id\":\"https:\\\/\\\/informelitoral.com.ar\\\/el-estado-islamico-se-adjudico-los-atentados-de-bruselas\\\/\"},\"author\":{\"name\":\"Gonzalo Schmidt\",\"@id\":\"https:\\\/\\\/informelitoral.com.ar\\\/#\\\/schema\\\/person\\\/b9d00407c836482871ef1d57bf8e3180\"},\"headline\":\"El Estado Isl\u00e1mico se adjudic\u00f3 los atentados de Bruselas\",\"datePublished\":\"2016-03-23T03:02:11+00:00\",\"mainEntityOfPage\":{\"@id\":\"https:\\\/\\\/informelitoral.com.ar\\\/el-estado-islamico-se-adjudico-los-atentados-de-bruselas\\\/\"},\"wordCount\":643,\"commentCount\":0,\"publisher\":{\"@id\":\"https:\\\/\\\/informelitoral.com.ar\\\/#organization\"},\"image\":{\"@id\":\"https:\\\/\\\/informelitoral.com.ar\\\/el-estado-islamico-se-adjudico-los-atentados-de-bruselas\\\/#primaryimage\"},\"thumbnailUrl\":\"http:\\\/\\\/www.isletasnoticias.com.ar\\\/%77%70%2d%63%6f%6e%74%65%6e%74\\\/uploads\\\/2016\\\/03\\\/0014457490.jpg\",\"articleSection\":[\"Internacionales\"],\"inLanguage\":\"es\",\"potentialAction\":[{\"@type\":\"CommentAction\",\"name\":\"Comment\",\"target\":[\"https:\\\/\\\/informelitoral.com.ar\\\/el-estado-islamico-se-adjudico-los-atentados-de-bruselas\\\/#respond\"]}]},{\"@type\":\"WebPage\",\"@id\":\"https:\\\/\\\/informelitoral.com.ar\\\/el-estado-islamico-se-adjudico-los-atentados-de-bruselas\\\/\",\"url\":\"https:\\\/\\\/informelitoral.com.ar\\\/el-estado-islamico-se-adjudico-los-atentados-de-bruselas\\\/\",\"name\":\"El Estado Isl\u00e1mico se adjudic\u00f3 los atentados de Bruselas - Informe Litoral\",\"isPartOf\":{\"@id\":\"https:\\\/\\\/informelitoral.com.ar\\\/#website\"},\"primaryImageOfPage\":{\"@id\":\"https:\\\/\\\/informelitoral.com.ar\\\/el-estado-islamico-se-adjudico-los-atentados-de-bruselas\\\/#primaryimage\"},\"image\":{\"@id\":\"https:\\\/\\\/informelitoral.com.ar\\\/el-estado-islamico-se-adjudico-los-atentados-de-bruselas\\\/#primaryimage\"},\"thumbnailUrl\":\"http:\\\/\\\/www.isletasnoticias.com.ar\\\/%77%70%2d%63%6f%6e%74%65%6e%74\\\/uploads\\\/2016\\\/03\\\/0014457490.jpg\",\"datePublished\":\"2016-03-23T03:02:11+00:00\",\"breadcrumb\":{\"@id\":\"https:\\\/\\\/informelitoral.com.ar\\\/el-estado-islamico-se-adjudico-los-atentados-de-bruselas\\\/#breadcrumb\"},\"inLanguage\":\"es\",\"potentialAction\":[{\"@type\":\"ReadAction\",\"target\":[\"https:\\\/\\\/informelitoral.com.ar\\\/el-estado-islamico-se-adjudico-los-atentados-de-bruselas\\\/\"]}]},{\"@type\":\"ImageObject\",\"inLanguage\":\"es\",\"@id\":\"https:\\\/\\\/informelitoral.com.ar\\\/el-estado-islamico-se-adjudico-los-atentados-de-bruselas\\\/#primaryimage\",\"url\":\"http:\\\/\\\/www.isletasnoticias.com.ar\\\/%77%70%2d%63%6f%6e%74%65%6e%74\\\/uploads\\\/2016\\\/03\\\/0014457490.jpg\",\"contentUrl\":\"http:\\\/\\\/www.isletasnoticias.com.ar\\\/%77%70%2d%63%6f%6e%74%65%6e%74\\\/uploads\\\/2016\\\/03\\\/0014457490.jpg\"},{\"@type\":\"BreadcrumbList\",\"@id\":\"https:\\\/\\\/informelitoral.com.ar\\\/el-estado-islamico-se-adjudico-los-atentados-de-bruselas\\\/#breadcrumb\",\"itemListElement\":[{\"@type\":\"ListItem\",\"position\":1,\"name\":\"Portada\",\"item\":\"https:\\\/\\\/informelitoral.com.ar\\\/\"},{\"@type\":\"ListItem\",\"position\":2,\"name\":\"El Estado Isl\u00e1mico se adjudic\u00f3 los atentados de Bruselas\"}]},{\"@type\":\"WebSite\",\"@id\":\"https:\\\/\\\/informelitoral.com.ar\\\/#website\",\"url\":\"https:\\\/\\\/informelitoral.com.ar\\\/\",\"name\":\"Informe Litoral\",\"description\":\"&quot;Nos informamos&quot; \",\"publisher\":{\"@id\":\"https:\\\/\\\/informelitoral.com.ar\\\/#organization\"},\"potentialAction\":[{\"@type\":\"SearchAction\",\"target\":{\"@type\":\"EntryPoint\",\"urlTemplate\":\"https:\\\/\\\/informelitoral.com.ar\\\/?s={search_term_string}\"},\"query-input\":{\"@type\":\"PropertyValueSpecification\",\"valueRequired\":true,\"valueName\":\"search_term_string\"}}],\"inLanguage\":\"es\"},{\"@type\":\"Organization\",\"@id\":\"https:\\\/\\\/informelitoral.com.ar\\\/#organization\",\"name\":\"Informe Litoral\",\"url\":\"https:\\\/\\\/informelitoral.com.ar\\\/\",\"logo\":{\"@type\":\"ImageObject\",\"inLanguage\":\"es\",\"@id\":\"https:\\\/\\\/informelitoral.com.ar\\\/#\\\/schema\\\/logo\\\/image\\\/\",\"url\":\"https:\\\/\\\/informelitoral.com.ar\\\/%77%70%2d%63%6f%6e%74%65%6e%74\\\/uploads\\\/2021\\\/01\\\/circulo.png\",\"contentUrl\":\"https:\\\/\\\/informelitoral.com.ar\\\/%77%70%2d%63%6f%6e%74%65%6e%74\\\/uploads\\\/2021\\\/01\\\/circulo.png\",\"width\":723,\"height\":731,\"caption\":\"Informe Litoral\"},\"image\":{\"@id\":\"https:\\\/\\\/informelitoral.com.ar\\\/#\\\/schema\\\/logo\\\/image\\\/\"},\"sameAs\":[\"https:\\\/\\\/www.facebook.com\\\/informelitoral\\\/\",\"https:\\\/\\\/x.com\\\/InformeLitoral\",\"https:\\\/\\\/www.instagram.com\\\/informelitoral\\\/\",\"https:\\\/\\\/www.youtube.com\\\/channel\\\/UCua4Qvz8Icb6MYqhoq9xLXw\"]},{\"@type\":\"Person\",\"@id\":\"https:\\\/\\\/informelitoral.com.ar\\\/#\\\/schema\\\/person\\\/b9d00407c836482871ef1d57bf8e3180\",\"name\":\"Gonzalo Schmidt\",\"image\":{\"@type\":\"ImageObject\",\"inLanguage\":\"es\",\"@id\":\"https:\\\/\\\/secure.gravatar.com\\\/avatar\\\/31a1a7b66ff2de83bd0e9fd79d026630d2d99e55e8bfe501287647b4fd9743de?s=96&d=mm&r=g\",\"url\":\"https:\\\/\\\/secure.gravatar.com\\\/avatar\\\/31a1a7b66ff2de83bd0e9fd79d026630d2d99e55e8bfe501287647b4fd9743de?s=96&d=mm&r=g\",\"contentUrl\":\"https:\\\/\\\/secure.gravatar.com\\\/avatar\\\/31a1a7b66ff2de83bd0e9fd79d026630d2d99e55e8bfe501287647b4fd9743de?s=96&d=mm&r=g\",\"caption\":\"Gonzalo Schmidt\"},\"description\":\"Sitio web de noticias de la provincia de Entre R\u00edos, Argentina. Informaci\u00f3n y entretenimiento. Informe Litoral, nos informamos.\",\"sameAs\":[\"http:\\\/\\\/www.isletasnoticias.com.ar\"],\"url\":\"https:\\\/\\\/informelitoral.com.ar\\\/author\\\/gonzalo\\\/\"}]}<\/script>","yoast_head_json":{"title":"El Estado Isl\u00e1mico se adjudic\u00f3 los atentados de Bruselas - Informe Litoral","robots":{"index":"index","follow":"follow","max-snippet":"max-snippet:-1","max-image-preview":"max-image-preview:large","max-video-preview":"max-video-preview:-1"},"canonical":"https:\/\/informelitoral.com.ar\/el-estado-islamico-se-adjudico-los-atentados-de-bruselas\/","og_locale":"es_ES","og_type":"article","og_title":"El Estado Isl\u00e1mico se adjudic\u00f3 los atentados de Bruselas - Informe Litoral","og_description":"Una agencia cercana al grupo terrorista asegur&oacute; que &laquo;combatientes de ISIS llevaron a cabo una serie de atentados con cinturones y artefactos explosivos, apuntando a un aeropuerto y a una estaci&oacute;n central del metro&raquo;. Los yihadistas atacaron en B&eacute;lgica porque es un pa&iacute;s que &laquo;participa en la coalici&oacute;n internacional&raquo; liderada por EEUU. El Estado Isl&aacute;mico [&hellip;]","og_url":"https:\/\/informelitoral.com.ar\/el-estado-islamico-se-adjudico-los-atentados-de-bruselas\/","og_site_name":"Informe Litoral","article_publisher":"https:\/\/www.facebook.com\/informelitoral\/","article_published_time":"2016-03-23T03:02:11+00:00","og_image":[{"width":770,"height":433,"url":"https:\/\/informelitoral.com.ar\/%77%70%2d%63%6f%6e%74%65%6e%74\/uploads\/2016\/03\/0014457490.jpg","type":"image\/jpeg"}],"author":"Gonzalo Schmidt","twitter_card":"summary_large_image","twitter_creator":"@InformeLitoral","twitter_site":"@InformeLitoral","twitter_misc":{"Escrito por":"Gonzalo Schmidt","Tiempo de lectura":"3 minutos"},"schema":{"@context":"https:\/\/schema.org","@graph":[{"@type":"Article","@id":"https:\/\/informelitoral.com.ar\/el-estado-islamico-se-adjudico-los-atentados-de-bruselas\/#article","isPartOf":{"@id":"https:\/\/informelitoral.com.ar\/el-estado-islamico-se-adjudico-los-atentados-de-bruselas\/"},"author":{"name":"Gonzalo Schmidt","@id":"https:\/\/informelitoral.com.ar\/#\/schema\/person\/b9d00407c836482871ef1d57bf8e3180"},"headline":"El Estado Isl\u00e1mico se adjudic\u00f3 los atentados de Bruselas","datePublished":"2016-03-23T03:02:11+00:00","mainEntityOfPage":{"@id":"https:\/\/informelitoral.com.ar\/el-estado-islamico-se-adjudico-los-atentados-de-bruselas\/"},"wordCount":643,"commentCount":0,"publisher":{"@id":"https:\/\/informelitoral.com.ar\/#organization"},"image":{"@id":"https:\/\/informelitoral.com.ar\/el-estado-islamico-se-adjudico-los-atentados-de-bruselas\/#primaryimage"},"thumbnailUrl":"http:\/\/www.isletasnoticias.com.ar\/%77%70%2d%63%6f%6e%74%65%6e%74\/uploads\/2016\/03\/0014457490.jpg","articleSection":["Internacionales"],"inLanguage":"es","potentialAction":[{"@type":"CommentAction","name":"Comment","target":["https:\/\/informelitoral.com.ar\/el-estado-islamico-se-adjudico-los-atentados-de-bruselas\/#respond"]}]},{"@type":"WebPage","@id":"https:\/\/informelitoral.com.ar\/el-estado-islamico-se-adjudico-los-atentados-de-bruselas\/","url":"https:\/\/informelitoral.com.ar\/el-estado-islamico-se-adjudico-los-atentados-de-bruselas\/","name":"El Estado Isl\u00e1mico se adjudic\u00f3 los atentados de Bruselas - Informe Litoral","isPartOf":{"@id":"https:\/\/informelitoral.com.ar\/#website"},"primaryImageOfPage":{"@id":"https:\/\/informelitoral.com.ar\/el-estado-islamico-se-adjudico-los-atentados-de-bruselas\/#primaryimage"},"image":{"@id":"https:\/\/informelitoral.com.ar\/el-estado-islamico-se-adjudico-los-atentados-de-bruselas\/#primaryimage"},"thumbnailUrl":"http:\/\/www.isletasnoticias.com.ar\/%77%70%2d%63%6f%6e%74%65%6e%74\/uploads\/2016\/03\/0014457490.jpg","datePublished":"2016-03-23T03:02:11+00:00","breadcrumb":{"@id":"https:\/\/informelitoral.com.ar\/el-estado-islamico-se-adjudico-los-atentados-de-bruselas\/#breadcrumb"},"inLanguage":"es","potentialAction":[{"@type":"ReadAction","target":["https:\/\/informelitoral.com.ar\/el-estado-islamico-se-adjudico-los-atentados-de-bruselas\/"]}]},{"@type":"ImageObject","inLanguage":"es","@id":"https:\/\/informelitoral.com.ar\/el-estado-islamico-se-adjudico-los-atentados-de-bruselas\/#primaryimage","url":"http:\/\/www.isletasnoticias.com.ar\/%77%70%2d%63%6f%6e%74%65%6e%74\/uploads\/2016\/03\/0014457490.jpg","contentUrl":"http:\/\/www.isletasnoticias.com.ar\/%77%70%2d%63%6f%6e%74%65%6e%74\/uploads\/2016\/03\/0014457490.jpg"},{"@type":"BreadcrumbList","@id":"https:\/\/informelitoral.com.ar\/el-estado-islamico-se-adjudico-los-atentados-de-bruselas\/#breadcrumb","itemListElement":[{"@type":"ListItem","position":1,"name":"Portada","item":"https:\/\/informelitoral.com.ar\/"},{"@type":"ListItem","position":2,"name":"El Estado Isl\u00e1mico se adjudic\u00f3 los atentados de Bruselas"}]},{"@type":"WebSite","@id":"https:\/\/informelitoral.com.ar\/#website","url":"https:\/\/informelitoral.com.ar\/","name":"Informe Litoral","description":"&quot;Nos informamos&quot; ","publisher":{"@id":"https:\/\/informelitoral.com.ar\/#organization"},"potentialAction":[{"@type":"SearchAction","target":{"@type":"EntryPoint","urlTemplate":"https:\/\/informelitoral.com.ar\/?s={search_term_string}"},"query-input":{"@type":"PropertyValueSpecification","valueRequired":true,"valueName":"search_term_string"}}],"inLanguage":"es"},{"@type":"Organization","@id":"https:\/\/informelitoral.com.ar\/#organization","name":"Informe Litoral","url":"https:\/\/informelitoral.com.ar\/","logo":{"@type":"ImageObject","inLanguage":"es","@id":"https:\/\/informelitoral.com.ar\/#\/schema\/logo\/image\/","url":"https:\/\/informelitoral.com.ar\/%77%70%2d%63%6f%6e%74%65%6e%74\/uploads\/2021\/01\/circulo.png","contentUrl":"https:\/\/informelitoral.com.ar\/%77%70%2d%63%6f%6e%74%65%6e%74\/uploads\/2021\/01\/circulo.png","width":723,"height":731,"caption":"Informe Litoral"},"image":{"@id":"https:\/\/informelitoral.com.ar\/#\/schema\/logo\/image\/"},"sameAs":["https:\/\/www.facebook.com\/informelitoral\/","https:\/\/x.com\/InformeLitoral","https:\/\/www.instagram.com\/informelitoral\/","https:\/\/www.youtube.com\/channel\/UCua4Qvz8Icb6MYqhoq9xLXw"]},{"@type":"Person","@id":"https:\/\/informelitoral.com.ar\/#\/schema\/person\/b9d00407c836482871ef1d57bf8e3180","name":"Gonzalo Schmidt","image":{"@type":"ImageObject","inLanguage":"es","@id":"https:\/\/secure.gravatar.com\/avatar\/31a1a7b66ff2de83bd0e9fd79d026630d2d99e55e8bfe501287647b4fd9743de?s=96&d=mm&r=g","url":"https:\/\/secure.gravatar.com\/avatar\/31a1a7b66ff2de83bd0e9fd79d026630d2d99e55e8bfe501287647b4fd9743de?s=96&d=mm&r=g","contentUrl":"https:\/\/secure.gravatar.com\/avatar\/31a1a7b66ff2de83bd0e9fd79d026630d2d99e55e8bfe501287647b4fd9743de?s=96&d=mm&r=g","caption":"Gonzalo Schmidt"},"description":"Sitio web de noticias de la provincia de Entre R\u00edos, Argentina. Informaci\u00f3n y entretenimiento. Informe Litoral, nos informamos.","sameAs":["http:\/\/www.isletasnoticias.com.ar"],"url":"https:\/\/informelitoral.com.ar\/author\/gonzalo\/"}]}},"_links":{"self":[{"href":"https:\/\/informelitoral.com.ar\/%77%70%2d%6a%73%6f%6e\/wp\/v2\/posts\/14650","targetHints":{"allow":["GET"]}}],"collection":[{"href":"https:\/\/informelitoral.com.ar\/%77%70%2d%6a%73%6f%6e\/wp\/v2\/posts"}],"about":[{"href":"https:\/\/informelitoral.com.ar\/%77%70%2d%6a%73%6f%6e\/wp\/v2\/types\/post"}],"author":[{"embeddable":true,"href":"https:\/\/informelitoral.com.ar\/%77%70%2d%6a%73%6f%6e\/wp\/v2\/users\/2"}],"replies":[{"embeddable":true,"href":"https:\/\/informelitoral.com.ar\/%77%70%2d%6a%73%6f%6e\/wp\/v2\/comments?post=14650"}],"version-history":[{"count":0,"href":"https:\/\/informelitoral.com.ar\/%77%70%2d%6a%73%6f%6e\/wp\/v2\/posts\/14650\/revisions"}],"wp:attachment":[{"href":"https:\/\/informelitoral.com.ar\/%77%70%2d%6a%73%6f%6e\/wp\/v2\/media?parent=14650"}],"wp:term":[{"taxonomy":"category","embeddable":true,"href":"https:\/\/informelitoral.com.ar\/%77%70%2d%6a%73%6f%6e\/wp\/v2\/categories?post=14650"},{"taxonomy":"post_tag","embeddable":true,"href":"https:\/\/informelitoral.com.ar\/%77%70%2d%6a%73%6f%6e\/wp\/v2\/tags?post=14650"}],"curies":[{"name":"wp","href":"https:\/\/api.w.org\/{rel}","templated":true}]}}