{"id":14639,"date":"2016-03-22T08:16:41","date_gmt":"2016-03-22T11:16:41","guid":{"rendered":"http:\/\/www.isletasnoticias.com.ar\/?p=14639"},"modified":"2016-03-22T08:32:28","modified_gmt":"2016-03-22T11:32:28","slug":"ramirez-actividad-en-diferentes-areas-del-municipio","status":"publish","type":"post","link":"https:\/\/informelitoral.com.ar\/ramirez-actividad-en-diferentes-areas-del-municipio\/","title":{"rendered":"Ram\u00edrez: actividad en diferentes \u00e1reas del municipio"},"content":{"rendered":"<p><strong>Se realiz\u00f3 la apertura de sobres para la compra de 100 m3 de hormig\u00f3n; hubo una reuni\u00f3n con el secretario de Deportes de la Provincia y se entregaron \u00fatiles escolares por el inicio de las clases. Adem\u00e1s, trabajan en una estaci\u00f3n elevadora de fluidos cloacales, en la apertura de calles y en el mantenimiento del cementerio.<a href=\"http:\/\/www.isletasnoticias.com.ar\/%77%70%2d%63%6f%6e%74%65%6e%74\/uploads\/2013\/08\/muni1.jpg\" rel=\"attachment wp-att-2993\"><img loading=\"lazy\" decoding=\"async\" class=\"aligncenter wp-image-2993 size-full\" src=\"http:\/\/www.isletasnoticias.com.ar\/%77%70%2d%63%6f%6e%74%65%6e%74\/uploads\/2013\/08\/muni1.jpg\" alt=\"muni1\" width=\"750\" height=\"563\" srcset=\"https:\/\/informelitoral.com.ar\/%77%70%2d%63%6f%6e%74%65%6e%74\/uploads\/2013\/08\/muni1.jpg 750w, https:\/\/informelitoral.com.ar\/%77%70%2d%63%6f%6e%74%65%6e%74\/uploads\/2013\/08\/muni1-300x225.jpg 300w\" sizes=\"auto, (max-width: 750px) 100vw, 750px\" \/><\/a><\/strong><span style=\"line-height: 1.55;\">Desde el municipio de General Ram\u00edrez enviaron un informe a<\/span><strong style=\"line-height: 1.55;\"><em> IN<\/em><\/strong><span style=\"line-height: 1.55;\">, sobre las novedades en diferentes \u00e1reas. Destacan las obras, gestiones y la contenci\u00f3n de los adultos mayores. \u00a0<\/span><\/p>\n<p><strong>Compras para obra p\u00fablica<\/strong><\/p>\n<p>Se realiz\u00f3 la apertura de sobres del concurso de precios para la compra de 100 m3 de hormig\u00f3n, destinado a obras de pavimento y cord\u00f3n cuneta.<a href=\"http:\/\/www.isletasnoticias.com.ar\/%77%70%2d%63%6f%6e%74%65%6e%74\/uploads\/2016\/03\/Licitaci\u00f3n3.jpg\" rel=\"attachment wp-att-14641\"><img loading=\"lazy\" decoding=\"async\" class=\"size-medium wp-image-14641 alignright\" src=\"http:\/\/www.isletasnoticias.com.ar\/%77%70%2d%63%6f%6e%74%65%6e%74\/uploads\/2016\/03\/Licitaci\u00f3n3-300x225.jpg\" alt=\"Licitaci\u00f3n3\" width=\"300\" height=\"225\" srcset=\"https:\/\/informelitoral.com.ar\/%77%70%2d%63%6f%6e%74%65%6e%74\/uploads\/2016\/03\/Licitaci\u00f3n3-300x225.jpg 300w, https:\/\/informelitoral.com.ar\/%77%70%2d%63%6f%6e%74%65%6e%74\/uploads\/2016\/03\/Licitaci\u00f3n3-768x576.jpg 768w, https:\/\/informelitoral.com.ar\/%77%70%2d%63%6f%6e%74%65%6e%74\/uploads\/2016\/03\/Licitaci\u00f3n3.jpg 960w\" sizes=\"auto, (max-width: 300px) 100vw, 300px\" \/><\/a><\/p>\n<p>En paralelo, se avanza en la firma de los primeros consorcios vecinales para la realizaci\u00f3n conjunta de este tipo de obras.<\/p>\n<div class=\"x_text_exposed_show\">\n<p>La actual adquisici\u00f3n se suma a otras realizadas anteriormente: 300 toneladas de ripio, 180 mts de ca\u00f1o de alta presi\u00f3n (con destino a una nueva planta elevadora de fluidos cloacales) y 110 mts de ca\u00f1o de 50 mm para conexi\u00f3n de agua corriente, entre las mas importantes.<\/p>\n<p>El secretario de Gobierno, <strong>Pablo Omarini<\/strong> coment\u00f3 que \u00aben todos los casos, las compras se realizaron con dinero del Fondo Solidario Federal (Fondo de la Soja) y las adjudicatarias fueron firmas locales que &#8211; con su actividad &#8211; fortalecen el tejido econ\u00f3mico-social de la ciudad\u00bb<\/p>\n<p><b>Reuni\u00f3n en la Secretar\u00eda de Deportes<\/b><\/p>\n<p>El director de Deportes, <strong>Prof. C\u00e9sar Omarini<\/strong>, mantuvo una reuni\u00f3n con el secretario de Deportes de Entre R\u00edos, <strong>Jos\u00e9 G\u00f3mez<\/strong>. El objetivo del encuentro fue la presentaci\u00f3n formal e iniciar una fluida comunicaci\u00f3n con el organismo provincial.<a href=\"http:\/\/www.isletasnoticias.com.ar\/%77%70%2d%63%6f%6e%74%65%6e%74\/uploads\/2016\/03\/Deportes.jpg\" rel=\"attachment wp-att-14645\"><img loading=\"lazy\" decoding=\"async\" class=\"size-medium wp-image-14645 alignright\" src=\"http:\/\/www.isletasnoticias.com.ar\/%77%70%2d%63%6f%6e%74%65%6e%74\/uploads\/2016\/03\/Deportes-300x225.jpg\" alt=\"Deportes\" width=\"300\" height=\"225\" srcset=\"https:\/\/informelitoral.com.ar\/%77%70%2d%63%6f%6e%74%65%6e%74\/uploads\/2016\/03\/Deportes-300x225.jpg 300w, https:\/\/informelitoral.com.ar\/%77%70%2d%63%6f%6e%74%65%6e%74\/uploads\/2016\/03\/Deportes-768x576.jpg 768w, https:\/\/informelitoral.com.ar\/%77%70%2d%63%6f%6e%74%65%6e%74\/uploads\/2016\/03\/Deportes.jpg 960w\" sizes=\"auto, (max-width: 300px) 100vw, 300px\" \/><\/a><\/p>\n<p>En la ocasi\u00f3n comentaron el \u00abexitoso Torneo de Verano\u00bb desarrollado en la localidad, dialogaron sobre el estado de la cancha principal de f\u00fatbol del Centro Polideportivo Muni<span class=\"x_text_exposed_show\">cipal y evaluaron la posibilidad de recibir capacitaciones organizadas por el gobierno provincial.<\/span><\/p>\n<div class=\"x_text_exposed_show\">\n<p>Al respecto, Omarini coment\u00f3 que \u00abla reuni\u00f3n fue muy positiva, G\u00f3mez ofreci\u00f3 los servicios de un canchero del Club Atl\u00e9tico Patronato, quien podr\u00eda venir a Ram\u00edrez para hacer un diagn\u00f3stico de la cancha principal del Polideportivo y sobre esa base proyectar mejoras a futuro. Tambi\u00e9n nos ofreci\u00f3 la posibilidad de hacer visitas a esa entidad deportiva con chicos y chicas de General Ram\u00edrez\u00bb<\/p>\n<p>\u00abDe nuestra parte, le manifestamos el inter\u00e9s por acceder a las capacitaciones que organice la provincia para el personal vinculado al deporte, ya sea de los clubes como de las Escuelas Municipales. La calidad deportiva es prioridad de esta gesti\u00f3n\u00bb.<\/p>\n<p><b>Entrega de \u00fatiles escolares<\/b><\/p>\n<p>Desde la Subsecretar\u00eda de Pol\u00edticas Sociales, a cargo del <strong>Prof. Walter Schild,<\/strong> se entregaron m\u00e1s de 100 kits con \u00fatiles escolares a familias de escasos recursos.<a href=\"http:\/\/www.isletasnoticias.com.ar\/%77%70%2d%63%6f%6e%74%65%6e%74\/uploads\/2016\/03\/Kit-Escuela.jpg\" rel=\"attachment wp-att-14644\"><img loading=\"lazy\" decoding=\"async\" class=\"size-medium wp-image-14644 alignright\" src=\"http:\/\/www.isletasnoticias.com.ar\/%77%70%2d%63%6f%6e%74%65%6e%74\/uploads\/2016\/03\/Kit-Escuela-300x169.jpg\" alt=\"Kit Escuela\" width=\"300\" height=\"169\" srcset=\"https:\/\/informelitoral.com.ar\/%77%70%2d%63%6f%6e%74%65%6e%74\/uploads\/2016\/03\/Kit-Escuela-300x169.jpg 300w, https:\/\/informelitoral.com.ar\/%77%70%2d%63%6f%6e%74%65%6e%74\/uploads\/2016\/03\/Kit-Escuela-768x432.jpg 768w, https:\/\/informelitoral.com.ar\/%77%70%2d%63%6f%6e%74%65%6e%74\/uploads\/2016\/03\/Kit-Escuela.jpg 960w\" sizes=\"auto, (max-width: 300px) 100vw, 300px\" \/><\/a><\/p>\n<p>Al respecto, el mencionado funcionario coment\u00f3 que \u00abla educaci\u00f3n de nuestras ni\u00f1as y ni\u00f1os es un elemento fundamental para lograr la plena inclusi\u00f3n social. El municipio se fij\u00f3 como objetivo profundizar el acompa\u00f1amiento de nuestros chicos para que puedan culminar con esta importante etapa\u00bb.<\/p>\n<p><b>Arreglos en el cementerio<\/b><\/p>\n<p>Continuaron las tareas de refacci\u00f3n y acondicionamiento en la capilla del cementerio municipal. A los arreglos en paredes y techo, se suman ahora la colocaci\u00f3n de un nuevo cielorraso y una significativa mejora en la instalaci\u00f3n el\u00e9ctrica.<\/p>\n<p>\u00abEn un futuro no muy lejano est\u00e1 previsto que la misma pueda ser utilizada como sala de velatorio para las familias que lo requieran\u00bb, indicaron.\u00a0Tambi\u00e9n se efectu\u00f3 el pintado de cruces y arreglos en la parquizaci\u00f3n del cementerio.<\/p>\n<div id=\"x_Signature\">\n<p><strong>Contenci\u00f3n de los adultos mayores<\/strong><\/p>\n<p>Integrantes del Centro de Salud Municipal, Eva Per\u00f3n, compartieron parte de una tarde con los residentes en el Hogar Geri\u00e1trico administrado por Ester Spengler.<a href=\"http:\/\/www.isletasnoticias.com.ar\/%77%70%2d%63%6f%6e%74%65%6e%74\/uploads\/2016\/03\/Ancianos4.jpg\" rel=\"attachment wp-att-14642\"><img loading=\"lazy\" decoding=\"async\" class=\"size-medium wp-image-14642 alignright\" src=\"http:\/\/www.isletasnoticias.com.ar\/%77%70%2d%63%6f%6e%74%65%6e%74\/uploads\/2016\/03\/Ancianos4-300x199.jpg\" alt=\"Ancianos4\" width=\"300\" height=\"199\" srcset=\"https:\/\/informelitoral.com.ar\/%77%70%2d%63%6f%6e%74%65%6e%74\/uploads\/2016\/03\/Ancianos4-300x199.jpg 300w, https:\/\/informelitoral.com.ar\/%77%70%2d%63%6f%6e%74%65%6e%74\/uploads\/2016\/03\/Ancianos4-768x510.jpg 768w, https:\/\/informelitoral.com.ar\/%77%70%2d%63%6f%6e%74%65%6e%74\/uploads\/2016\/03\/Ancianos4.jpg 960w\" sizes=\"auto, (max-width: 300px) 100vw, 300px\" \/><\/a><\/p>\n<p>Fue un momento de recreaci\u00f3n en el cual se compartieron mates y la proyecci\u00f3n de una pel\u00edcula, apuntando a mejorar la calidad de vida de los adultos mayores.<\/p>\n<div class=\"x_text_exposed_show\">\n<p>La actividad es continuidad de lo realizado la semana anterior en el Hogar de Ancianos, Madre Teresa de Calcuta.<\/p>\n<p><b>Estaci\u00f3n elevadora en barrio Polideportivo<\/b><\/p>\n<p>La Secretar\u00eda de Obras y Servicios P\u00fablicos inici\u00f3 trabajos para la puesta en marcha de una estaci\u00f3n elevadora de fluidos cloacales en calle Arenales y Juanillo Rivero.\u00a0Finalizada la colocaci\u00f3n de bombas, se est\u00e1 concretando el tendido de ca\u00f1er\u00eda. La red desembocar\u00e1 en dicha estaci\u00f3n y desde all\u00ed se propulsar\u00e1 a calle La Delfina, que actualmente carece de nivel para poder brindar el servicio.<a href=\"http:\/\/www.isletasnoticias.com.ar\/%77%70%2d%63%6f%6e%74%65%6e%74\/uploads\/2016\/03\/Estaci\u00f3n-elevadora-1.jpg\" rel=\"attachment wp-att-14640\"><img loading=\"lazy\" decoding=\"async\" class=\"size-medium wp-image-14640 alignright\" src=\"http:\/\/www.isletasnoticias.com.ar\/%77%70%2d%63%6f%6e%74%65%6e%74\/uploads\/2016\/03\/Estaci\u00f3n-elevadora-1-300x169.jpg\" alt=\"Estaci\u00f3n elevadora (1)\" width=\"300\" height=\"169\" srcset=\"https:\/\/informelitoral.com.ar\/%77%70%2d%63%6f%6e%74%65%6e%74\/uploads\/2016\/03\/Estaci\u00f3n-elevadora-1-300x169.jpg 300w, https:\/\/informelitoral.com.ar\/%77%70%2d%63%6f%6e%74%65%6e%74\/uploads\/2016\/03\/Estaci\u00f3n-elevadora-1-768x432.jpg 768w, https:\/\/informelitoral.com.ar\/%77%70%2d%63%6f%6e%74%65%6e%74\/uploads\/2016\/03\/Estaci\u00f3n-elevadora-1.jpg 960w\" sizes=\"auto, (max-width: 300px) 100vw, 300px\" \/><\/a><\/p>\n<div class=\"x_text_exposed_show\">\n<p>La obra es abonada por los vecinos y llevada a cabo por mano de obra municipal. Se estima que la misma comenzar\u00e1 a funcionar la semana pr\u00f3xima.<\/p>\n<p><b>Apertura de calles<\/b><\/p>\n<p>Trabajadores municipales efectuaron la prolongaci\u00f3n y apertura de nuevas calles en barrio Evita, en el loteo contiguo a la Iglesia Evang\u00e9lica del R\u00edo de La Plata.<a href=\"http:\/\/www.isletasnoticias.com.ar\/%77%70%2d%63%6f%6e%74%65%6e%74\/uploads\/2016\/03\/Apertura-Calles4.jpg\" rel=\"attachment wp-att-14643\"><img loading=\"lazy\" decoding=\"async\" class=\"size-medium wp-image-14643 alignright\" src=\"http:\/\/www.isletasnoticias.com.ar\/%77%70%2d%63%6f%6e%74%65%6e%74\/uploads\/2016\/03\/Apertura-Calles4-300x169.jpg\" alt=\"Apertura Calles4\" width=\"300\" height=\"169\" srcset=\"https:\/\/informelitoral.com.ar\/%77%70%2d%63%6f%6e%74%65%6e%74\/uploads\/2016\/03\/Apertura-Calles4-300x169.jpg 300w, https:\/\/informelitoral.com.ar\/%77%70%2d%63%6f%6e%74%65%6e%74\/uploads\/2016\/03\/Apertura-Calles4-768x432.jpg 768w, https:\/\/informelitoral.com.ar\/%77%70%2d%63%6f%6e%74%65%6e%74\/uploads\/2016\/03\/Apertura-Calles4.jpg 960w\" sizes=\"auto, (max-width: 300px) 100vw, 300px\" \/><\/a><\/p>\n<p>Las arterias involucradas son Acebal, Los Inmigrantes y P\u00fablica Sin Nombre (esta \u00faltima se extiende en paralelo a calle Corrientes). <em>(IN)<\/em><\/p>\n<\/div>\n<\/div>\n<\/div>\n<\/div>\n<\/div>\n","protected":false},"excerpt":{"rendered":"<p>Se realiz&oacute; la apertura de sobres para la compra de 100 m3 de hormig&oacute;n; hubo una reuni&oacute;n con el secretario de Deportes de la Provincia y se entregaron &uacute;tiles escolares por el inicio de las clases. Adem&aacute;s, trabajan en una estaci&oacute;n elevadora de fluidos cloacales, en la apertura de calles y en el mantenimiento del [&hellip;]<\/p>\n","protected":false},"author":2,"featured_media":2993,"comment_status":"open","ping_status":"open","sticky":false,"template":"","format":"standard","meta":{"fifu_image_url":"","fifu_image_alt":"","footnotes":""},"categories":[5],"tags":[],"class_list":{"0":"post-14639","1":"post","2":"type-post","3":"status-publish","4":"format-standard","5":"has-post-thumbnail","7":"category-zonales"},"yoast_head":"<title>Ram\u00edrez: actividad en diferentes \u00e1reas del municipio - Informe Litoral<\/title>\n<meta name=\"robots\" content=\"index, follow, max-snippet:-1, max-image-preview:large, max-video-preview:-1\" \/>\n<link rel=\"canonical\" href=\"https:\/\/informelitoral.com.ar\/ramirez-actividad-en-diferentes-areas-del-municipio\/\" \/>\n<meta property=\"og:locale\" content=\"es_ES\" \/>\n<meta property=\"og:type\" content=\"article\" \/>\n<meta property=\"og:title\" content=\"Ram\u00edrez: actividad en diferentes \u00e1reas del municipio - Informe Litoral\" \/>\n<meta property=\"og:description\" content=\"Se realiz&oacute; la apertura de sobres para la compra de 100 m3 de hormig&oacute;n; hubo una reuni&oacute;n con el secretario de Deportes de la Provincia y se entregaron &uacute;tiles escolares por el inicio de las clases. Adem&aacute;s, trabajan en una estaci&oacute;n elevadora de fluidos cloacales, en la apertura de calles y en el mantenimiento del [&hellip;]\" \/>\n<meta property=\"og:url\" content=\"https:\/\/informelitoral.com.ar\/ramirez-actividad-en-diferentes-areas-del-municipio\/\" \/>\n<meta property=\"og:site_name\" content=\"Informe Litoral\" \/>\n<meta property=\"article:publisher\" content=\"https:\/\/www.facebook.com\/informelitoral\/\" \/>\n<meta property=\"article:published_time\" content=\"2016-03-22T11:16:41+00:00\" \/>\n<meta property=\"article:modified_time\" content=\"2016-03-22T11:32:28+00:00\" \/>\n<meta property=\"og:image\" content=\"https:\/\/informelitoral.com.ar\/%77%70%2d%63%6f%6e%74%65%6e%74\/uploads\/2013\/08\/muni1.jpg\" \/>\n\t<meta property=\"og:image:width\" content=\"750\" \/>\n\t<meta property=\"og:image:height\" content=\"563\" \/>\n\t<meta property=\"og:image:type\" content=\"image\/jpeg\" \/>\n<meta name=\"author\" content=\"Gonzalo Schmidt\" \/>\n<meta name=\"twitter:card\" content=\"summary_large_image\" \/>\n<meta name=\"twitter:creator\" content=\"@InformeLitoral\" \/>\n<meta name=\"twitter:site\" content=\"@InformeLitoral\" \/>\n<meta name=\"twitter:label1\" content=\"Escrito por\" \/>\n\t<meta name=\"twitter:data1\" content=\"Gonzalo Schmidt\" \/>\n\t<meta name=\"twitter:label2\" content=\"Tiempo de lectura\" \/>\n\t<meta name=\"twitter:data2\" content=\"4 minutos\" \/>\n<script type=\"application\/ld+json\" class=\"yoast-schema-graph\">{\"@context\":\"https:\\\/\\\/schema.org\",\"@graph\":[{\"@type\":\"Article\",\"@id\":\"https:\\\/\\\/informelitoral.com.ar\\\/ramirez-actividad-en-diferentes-areas-del-municipio\\\/#article\",\"isPartOf\":{\"@id\":\"https:\\\/\\\/informelitoral.com.ar\\\/ramirez-actividad-en-diferentes-areas-del-municipio\\\/\"},\"author\":{\"name\":\"Gonzalo Schmidt\",\"@id\":\"https:\\\/\\\/informelitoral.com.ar\\\/#\\\/schema\\\/person\\\/b9d00407c836482871ef1d57bf8e3180\"},\"headline\":\"Ram\u00edrez: actividad en diferentes \u00e1reas del municipio\",\"datePublished\":\"2016-03-22T11:16:41+00:00\",\"dateModified\":\"2016-03-22T11:32:28+00:00\",\"mainEntityOfPage\":{\"@id\":\"https:\\\/\\\/informelitoral.com.ar\\\/ramirez-actividad-en-diferentes-areas-del-municipio\\\/\"},\"wordCount\":858,\"commentCount\":0,\"publisher\":{\"@id\":\"https:\\\/\\\/informelitoral.com.ar\\\/#organization\"},\"image\":{\"@id\":\"https:\\\/\\\/informelitoral.com.ar\\\/ramirez-actividad-en-diferentes-areas-del-municipio\\\/#primaryimage\"},\"thumbnailUrl\":\"https:\\\/\\\/informelitoral.com.ar\\\/%77%70%2d%63%6f%6e%74%65%6e%74\\\/uploads\\\/2013\\\/08\\\/muni1.jpg\",\"articleSection\":[\"Departamento Diamante\"],\"inLanguage\":\"es\",\"potentialAction\":[{\"@type\":\"CommentAction\",\"name\":\"Comment\",\"target\":[\"https:\\\/\\\/informelitoral.com.ar\\\/ramirez-actividad-en-diferentes-areas-del-municipio\\\/#respond\"]}]},{\"@type\":\"WebPage\",\"@id\":\"https:\\\/\\\/informelitoral.com.ar\\\/ramirez-actividad-en-diferentes-areas-del-municipio\\\/\",\"url\":\"https:\\\/\\\/informelitoral.com.ar\\\/ramirez-actividad-en-diferentes-areas-del-municipio\\\/\",\"name\":\"Ram\u00edrez: actividad en diferentes \u00e1reas del municipio - Informe Litoral\",\"isPartOf\":{\"@id\":\"https:\\\/\\\/informelitoral.com.ar\\\/#website\"},\"primaryImageOfPage\":{\"@id\":\"https:\\\/\\\/informelitoral.com.ar\\\/ramirez-actividad-en-diferentes-areas-del-municipio\\\/#primaryimage\"},\"image\":{\"@id\":\"https:\\\/\\\/informelitoral.com.ar\\\/ramirez-actividad-en-diferentes-areas-del-municipio\\\/#primaryimage\"},\"thumbnailUrl\":\"https:\\\/\\\/informelitoral.com.ar\\\/%77%70%2d%63%6f%6e%74%65%6e%74\\\/uploads\\\/2013\\\/08\\\/muni1.jpg\",\"datePublished\":\"2016-03-22T11:16:41+00:00\",\"dateModified\":\"2016-03-22T11:32:28+00:00\",\"breadcrumb\":{\"@id\":\"https:\\\/\\\/informelitoral.com.ar\\\/ramirez-actividad-en-diferentes-areas-del-municipio\\\/#breadcrumb\"},\"inLanguage\":\"es\",\"potentialAction\":[{\"@type\":\"ReadAction\",\"target\":[\"https:\\\/\\\/informelitoral.com.ar\\\/ramirez-actividad-en-diferentes-areas-del-municipio\\\/\"]}]},{\"@type\":\"ImageObject\",\"inLanguage\":\"es\",\"@id\":\"https:\\\/\\\/informelitoral.com.ar\\\/ramirez-actividad-en-diferentes-areas-del-municipio\\\/#primaryimage\",\"url\":\"https:\\\/\\\/informelitoral.com.ar\\\/%77%70%2d%63%6f%6e%74%65%6e%74\\\/uploads\\\/2013\\\/08\\\/muni1.jpg\",\"contentUrl\":\"https:\\\/\\\/informelitoral.com.ar\\\/%77%70%2d%63%6f%6e%74%65%6e%74\\\/uploads\\\/2013\\\/08\\\/muni1.jpg\",\"width\":750,\"height\":563},{\"@type\":\"BreadcrumbList\",\"@id\":\"https:\\\/\\\/informelitoral.com.ar\\\/ramirez-actividad-en-diferentes-areas-del-municipio\\\/#breadcrumb\",\"itemListElement\":[{\"@type\":\"ListItem\",\"position\":1,\"name\":\"Portada\",\"item\":\"https:\\\/\\\/informelitoral.com.ar\\\/\"},{\"@type\":\"ListItem\",\"position\":2,\"name\":\"Ram\u00edrez: actividad en diferentes \u00e1reas del municipio\"}]},{\"@type\":\"WebSite\",\"@id\":\"https:\\\/\\\/informelitoral.com.ar\\\/#website\",\"url\":\"https:\\\/\\\/informelitoral.com.ar\\\/\",\"name\":\"Informe Litoral\",\"description\":\"&quot;Nos informamos&quot; \",\"publisher\":{\"@id\":\"https:\\\/\\\/informelitoral.com.ar\\\/#organization\"},\"potentialAction\":[{\"@type\":\"SearchAction\",\"target\":{\"@type\":\"EntryPoint\",\"urlTemplate\":\"https:\\\/\\\/informelitoral.com.ar\\\/?s={search_term_string}\"},\"query-input\":{\"@type\":\"PropertyValueSpecification\",\"valueRequired\":true,\"valueName\":\"search_term_string\"}}],\"inLanguage\":\"es\"},{\"@type\":\"Organization\",\"@id\":\"https:\\\/\\\/informelitoral.com.ar\\\/#organization\",\"name\":\"Informe Litoral\",\"url\":\"https:\\\/\\\/informelitoral.com.ar\\\/\",\"logo\":{\"@type\":\"ImageObject\",\"inLanguage\":\"es\",\"@id\":\"https:\\\/\\\/informelitoral.com.ar\\\/#\\\/schema\\\/logo\\\/image\\\/\",\"url\":\"https:\\\/\\\/informelitoral.com.ar\\\/%77%70%2d%63%6f%6e%74%65%6e%74\\\/uploads\\\/2021\\\/01\\\/circulo.png\",\"contentUrl\":\"https:\\\/\\\/informelitoral.com.ar\\\/%77%70%2d%63%6f%6e%74%65%6e%74\\\/uploads\\\/2021\\\/01\\\/circulo.png\",\"width\":723,\"height\":731,\"caption\":\"Informe Litoral\"},\"image\":{\"@id\":\"https:\\\/\\\/informelitoral.com.ar\\\/#\\\/schema\\\/logo\\\/image\\\/\"},\"sameAs\":[\"https:\\\/\\\/www.facebook.com\\\/informelitoral\\\/\",\"https:\\\/\\\/x.com\\\/InformeLitoral\",\"https:\\\/\\\/www.instagram.com\\\/informelitoral\\\/\",\"https:\\\/\\\/www.youtube.com\\\/channel\\\/UCua4Qvz8Icb6MYqhoq9xLXw\"]},{\"@type\":\"Person\",\"@id\":\"https:\\\/\\\/informelitoral.com.ar\\\/#\\\/schema\\\/person\\\/b9d00407c836482871ef1d57bf8e3180\",\"name\":\"Gonzalo Schmidt\",\"image\":{\"@type\":\"ImageObject\",\"inLanguage\":\"es\",\"@id\":\"https:\\\/\\\/secure.gravatar.com\\\/avatar\\\/31a1a7b66ff2de83bd0e9fd79d026630d2d99e55e8bfe501287647b4fd9743de?s=96&d=mm&r=g\",\"url\":\"https:\\\/\\\/secure.gravatar.com\\\/avatar\\\/31a1a7b66ff2de83bd0e9fd79d026630d2d99e55e8bfe501287647b4fd9743de?s=96&d=mm&r=g\",\"contentUrl\":\"https:\\\/\\\/secure.gravatar.com\\\/avatar\\\/31a1a7b66ff2de83bd0e9fd79d026630d2d99e55e8bfe501287647b4fd9743de?s=96&d=mm&r=g\",\"caption\":\"Gonzalo Schmidt\"},\"description\":\"Sitio web de noticias de la provincia de Entre R\u00edos, Argentina. Informaci\u00f3n y entretenimiento. Informe Litoral, nos informamos.\",\"sameAs\":[\"http:\\\/\\\/www.isletasnoticias.com.ar\"],\"url\":\"https:\\\/\\\/informelitoral.com.ar\\\/author\\\/gonzalo\\\/\"}]}<\/script>","yoast_head_json":{"title":"Ram\u00edrez: actividad en diferentes \u00e1reas del municipio - Informe Litoral","robots":{"index":"index","follow":"follow","max-snippet":"max-snippet:-1","max-image-preview":"max-image-preview:large","max-video-preview":"max-video-preview:-1"},"canonical":"https:\/\/informelitoral.com.ar\/ramirez-actividad-en-diferentes-areas-del-municipio\/","og_locale":"es_ES","og_type":"article","og_title":"Ram\u00edrez: actividad en diferentes \u00e1reas del municipio - Informe Litoral","og_description":"Se realiz&oacute; la apertura de sobres para la compra de 100 m3 de hormig&oacute;n; hubo una reuni&oacute;n con el secretario de Deportes de la Provincia y se entregaron &uacute;tiles escolares por el inicio de las clases. Adem&aacute;s, trabajan en una estaci&oacute;n elevadora de fluidos cloacales, en la apertura de calles y en el mantenimiento del [&hellip;]","og_url":"https:\/\/informelitoral.com.ar\/ramirez-actividad-en-diferentes-areas-del-municipio\/","og_site_name":"Informe Litoral","article_publisher":"https:\/\/www.facebook.com\/informelitoral\/","article_published_time":"2016-03-22T11:16:41+00:00","article_modified_time":"2016-03-22T11:32:28+00:00","og_image":[{"width":750,"height":563,"url":"https:\/\/informelitoral.com.ar\/%77%70%2d%63%6f%6e%74%65%6e%74\/uploads\/2013\/08\/muni1.jpg","type":"image\/jpeg"}],"author":"Gonzalo Schmidt","twitter_card":"summary_large_image","twitter_creator":"@InformeLitoral","twitter_site":"@InformeLitoral","twitter_misc":{"Escrito por":"Gonzalo Schmidt","Tiempo de lectura":"4 minutos"},"schema":{"@context":"https:\/\/schema.org","@graph":[{"@type":"Article","@id":"https:\/\/informelitoral.com.ar\/ramirez-actividad-en-diferentes-areas-del-municipio\/#article","isPartOf":{"@id":"https:\/\/informelitoral.com.ar\/ramirez-actividad-en-diferentes-areas-del-municipio\/"},"author":{"name":"Gonzalo Schmidt","@id":"https:\/\/informelitoral.com.ar\/#\/schema\/person\/b9d00407c836482871ef1d57bf8e3180"},"headline":"Ram\u00edrez: actividad en diferentes \u00e1reas del municipio","datePublished":"2016-03-22T11:16:41+00:00","dateModified":"2016-03-22T11:32:28+00:00","mainEntityOfPage":{"@id":"https:\/\/informelitoral.com.ar\/ramirez-actividad-en-diferentes-areas-del-municipio\/"},"wordCount":858,"commentCount":0,"publisher":{"@id":"https:\/\/informelitoral.com.ar\/#organization"},"image":{"@id":"https:\/\/informelitoral.com.ar\/ramirez-actividad-en-diferentes-areas-del-municipio\/#primaryimage"},"thumbnailUrl":"https:\/\/informelitoral.com.ar\/%77%70%2d%63%6f%6e%74%65%6e%74\/uploads\/2013\/08\/muni1.jpg","articleSection":["Departamento Diamante"],"inLanguage":"es","potentialAction":[{"@type":"CommentAction","name":"Comment","target":["https:\/\/informelitoral.com.ar\/ramirez-actividad-en-diferentes-areas-del-municipio\/#respond"]}]},{"@type":"WebPage","@id":"https:\/\/informelitoral.com.ar\/ramirez-actividad-en-diferentes-areas-del-municipio\/","url":"https:\/\/informelitoral.com.ar\/ramirez-actividad-en-diferentes-areas-del-municipio\/","name":"Ram\u00edrez: actividad en diferentes \u00e1reas del municipio - Informe Litoral","isPartOf":{"@id":"https:\/\/informelitoral.com.ar\/#website"},"primaryImageOfPage":{"@id":"https:\/\/informelitoral.com.ar\/ramirez-actividad-en-diferentes-areas-del-municipio\/#primaryimage"},"image":{"@id":"https:\/\/informelitoral.com.ar\/ramirez-actividad-en-diferentes-areas-del-municipio\/#primaryimage"},"thumbnailUrl":"https:\/\/informelitoral.com.ar\/%77%70%2d%63%6f%6e%74%65%6e%74\/uploads\/2013\/08\/muni1.jpg","datePublished":"2016-03-22T11:16:41+00:00","dateModified":"2016-03-22T11:32:28+00:00","breadcrumb":{"@id":"https:\/\/informelitoral.com.ar\/ramirez-actividad-en-diferentes-areas-del-municipio\/#breadcrumb"},"inLanguage":"es","potentialAction":[{"@type":"ReadAction","target":["https:\/\/informelitoral.com.ar\/ramirez-actividad-en-diferentes-areas-del-municipio\/"]}]},{"@type":"ImageObject","inLanguage":"es","@id":"https:\/\/informelitoral.com.ar\/ramirez-actividad-en-diferentes-areas-del-municipio\/#primaryimage","url":"https:\/\/informelitoral.com.ar\/%77%70%2d%63%6f%6e%74%65%6e%74\/uploads\/2013\/08\/muni1.jpg","contentUrl":"https:\/\/informelitoral.com.ar\/%77%70%2d%63%6f%6e%74%65%6e%74\/uploads\/2013\/08\/muni1.jpg","width":750,"height":563},{"@type":"BreadcrumbList","@id":"https:\/\/informelitoral.com.ar\/ramirez-actividad-en-diferentes-areas-del-municipio\/#breadcrumb","itemListElement":[{"@type":"ListItem","position":1,"name":"Portada","item":"https:\/\/informelitoral.com.ar\/"},{"@type":"ListItem","position":2,"name":"Ram\u00edrez: actividad en diferentes \u00e1reas del municipio"}]},{"@type":"WebSite","@id":"https:\/\/informelitoral.com.ar\/#website","url":"https:\/\/informelitoral.com.ar\/","name":"Informe Litoral","description":"&quot;Nos informamos&quot; ","publisher":{"@id":"https:\/\/informelitoral.com.ar\/#organization"},"potentialAction":[{"@type":"SearchAction","target":{"@type":"EntryPoint","urlTemplate":"https:\/\/informelitoral.com.ar\/?s={search_term_string}"},"query-input":{"@type":"PropertyValueSpecification","valueRequired":true,"valueName":"search_term_string"}}],"inLanguage":"es"},{"@type":"Organization","@id":"https:\/\/informelitoral.com.ar\/#organization","name":"Informe Litoral","url":"https:\/\/informelitoral.com.ar\/","logo":{"@type":"ImageObject","inLanguage":"es","@id":"https:\/\/informelitoral.com.ar\/#\/schema\/logo\/image\/","url":"https:\/\/informelitoral.com.ar\/%77%70%2d%63%6f%6e%74%65%6e%74\/uploads\/2021\/01\/circulo.png","contentUrl":"https:\/\/informelitoral.com.ar\/%77%70%2d%63%6f%6e%74%65%6e%74\/uploads\/2021\/01\/circulo.png","width":723,"height":731,"caption":"Informe Litoral"},"image":{"@id":"https:\/\/informelitoral.com.ar\/#\/schema\/logo\/image\/"},"sameAs":["https:\/\/www.facebook.com\/informelitoral\/","https:\/\/x.com\/InformeLitoral","https:\/\/www.instagram.com\/informelitoral\/","https:\/\/www.youtube.com\/channel\/UCua4Qvz8Icb6MYqhoq9xLXw"]},{"@type":"Person","@id":"https:\/\/informelitoral.com.ar\/#\/schema\/person\/b9d00407c836482871ef1d57bf8e3180","name":"Gonzalo Schmidt","image":{"@type":"ImageObject","inLanguage":"es","@id":"https:\/\/secure.gravatar.com\/avatar\/31a1a7b66ff2de83bd0e9fd79d026630d2d99e55e8bfe501287647b4fd9743de?s=96&d=mm&r=g","url":"https:\/\/secure.gravatar.com\/avatar\/31a1a7b66ff2de83bd0e9fd79d026630d2d99e55e8bfe501287647b4fd9743de?s=96&d=mm&r=g","contentUrl":"https:\/\/secure.gravatar.com\/avatar\/31a1a7b66ff2de83bd0e9fd79d026630d2d99e55e8bfe501287647b4fd9743de?s=96&d=mm&r=g","caption":"Gonzalo Schmidt"},"description":"Sitio web de noticias de la provincia de Entre R\u00edos, Argentina. Informaci\u00f3n y entretenimiento. Informe Litoral, nos informamos.","sameAs":["http:\/\/www.isletasnoticias.com.ar"],"url":"https:\/\/informelitoral.com.ar\/author\/gonzalo\/"}]}},"_links":{"self":[{"href":"https:\/\/informelitoral.com.ar\/%77%70%2d%6a%73%6f%6e\/wp\/v2\/posts\/14639","targetHints":{"allow":["GET"]}}],"collection":[{"href":"https:\/\/informelitoral.com.ar\/%77%70%2d%6a%73%6f%6e\/wp\/v2\/posts"}],"about":[{"href":"https:\/\/informelitoral.com.ar\/%77%70%2d%6a%73%6f%6e\/wp\/v2\/types\/post"}],"author":[{"embeddable":true,"href":"https:\/\/informelitoral.com.ar\/%77%70%2d%6a%73%6f%6e\/wp\/v2\/users\/2"}],"replies":[{"embeddable":true,"href":"https:\/\/informelitoral.com.ar\/%77%70%2d%6a%73%6f%6e\/wp\/v2\/comments?post=14639"}],"version-history":[{"count":0,"href":"https:\/\/informelitoral.com.ar\/%77%70%2d%6a%73%6f%6e\/wp\/v2\/posts\/14639\/revisions"}],"wp:featuredmedia":[{"embeddable":true,"href":"https:\/\/informelitoral.com.ar\/%77%70%2d%6a%73%6f%6e\/wp\/v2\/media\/2993"}],"wp:attachment":[{"href":"https:\/\/informelitoral.com.ar\/%77%70%2d%6a%73%6f%6e\/wp\/v2\/media?parent=14639"}],"wp:term":[{"taxonomy":"category","embeddable":true,"href":"https:\/\/informelitoral.com.ar\/%77%70%2d%6a%73%6f%6e\/wp\/v2\/categories?post=14639"},{"taxonomy":"post_tag","embeddable":true,"href":"https:\/\/informelitoral.com.ar\/%77%70%2d%6a%73%6f%6e\/wp\/v2\/tags?post=14639"}],"curies":[{"name":"wp","href":"https:\/\/api.w.org\/{rel}","templated":true}]}}