{"id":14636,"date":"2016-03-22T07:44:12","date_gmt":"2016-03-22T10:44:12","guid":{"rendered":"http:\/\/www.isletasnoticias.com.ar\/?p=14636"},"modified":"2016-03-22T07:44:12","modified_gmt":"2016-03-22T10:44:12","slug":"nuevo-proyecto-para-volver-a-la-junta-nacional-de-granos","status":"publish","type":"post","link":"https:\/\/informelitoral.com.ar\/nuevo-proyecto-para-volver-a-la-junta-nacional-de-granos\/","title":{"rendered":"Nuevo proyecto para volver a la Junta Nacional de Granos"},"content":{"rendered":"<p><strong>Una senadora del Frente para la Victoria present\u00f3 una iniciativa para que el Estado se haga cargo de la administraci\u00f3n del comercio de granos.\u00a0Para conseguir dictamen, el proyecto tendr\u00e1 que lograr el aval de las comisiones de Agricultura, Ganader\u00eda y Pesca; Econom\u00eda Nacional e Inversi\u00f3n; y Presupuesto y Hacienda.<a href=\"http:\/\/www.isletasnoticias.com.ar\/%77%70%2d%63%6f%6e%74%65%6e%74\/uploads\/2016\/03\/images.jpg\" rel=\"attachment wp-att-14637\"><img loading=\"lazy\" decoding=\"async\" class=\"aligncenter wp-image-14637 \" src=\"http:\/\/www.isletasnoticias.com.ar\/%77%70%2d%63%6f%6e%74%65%6e%74\/uploads\/2016\/03\/images.jpg\" alt=\"images\" width=\"573\" height=\"321\" \/><\/a><\/strong><\/p>\n<p>En medio de la discusi\u00f3n pol\u00edtica sobre el aporte del sector agr\u00edcola a los intereses nacionales, una senadora del Frente para la Victoria present\u00f3 un proyecto de ley para volver a crear la Junta Nacional, y que el Estado se haga cargo de la administraci\u00f3n del comercio de granos.<\/p>\n<p>La senadora rionegrina <strong>Silvina Garc\u00eda Larraburu (FPV-PJ)<\/strong> promueve por estos d\u00edas una normativa para reestablecer la Junta que fue disuelta por el ex presidente Carlos Menem en 1991.<\/p>\n<p>El objetivo es generar una agencia estatal que controle la comercializaci\u00f3n de granos para evitar las \u201cpr\u00e1cticas monop\u00f3licas de las grandes cerealeras y de quienes retienen la producci\u00f3n y la liquidaci\u00f3n de las exportaciones\u201d. En este sentido, la senadora considera que es necesario tener una agencia, similar a lo que fue la Junta Nacional de Granos, que pueda marcar un precio m\u00ednimo sost\u00e9n que regule el mercado beneficiando a los peque\u00f1os productores.<\/p>\n<p>\u201cNo es una idea descabellada pensar en retomar pol\u00edticas que apunten a garantizar el usufructo social y acorde al inter\u00e9s nacional del sector que provee hist\u00f3ricamente las divisas en nuestro pa\u00eds\u201d, funament\u00f3.<\/p>\n<p>La Junta Nacional de Granos mantuvo la regulaci\u00f3n y control de la producci\u00f3n de cereales y oleaginosas durante casi sesenta a\u00f1os, pasando por diferentes realidades internas y externas, basada fundamentalmente en la convicci\u00f3n de que por la importancia que tiene este sector para la econom\u00eda nacional no puede quedar desregularizada y en manos de privados, que generalmente responden a intereses for\u00e1neos o particulares.<\/p>\n<p>Para conseguir dictamen, el proyecto tendr\u00e1 que lograr el aval de las comisiones de Agricultura, Ganader\u00eda y Pesca; Econom\u00eda Nacional e Inversi\u00f3n; y Presupuesto y Hacienda. Dos de ellas quedaron en manos del Frente para la Victoria, mientras que la comisi\u00f3n de Agricultura todav\u00eda queda sin constituirse. <em>(Directorio Legislativo &#8211; Infocampo)<\/em><\/p>\n","protected":false},"excerpt":{"rendered":"<p>Una senadora del Frente para la Victoria present&oacute; una iniciativa para que el Estado se haga cargo de la administraci&oacute;n del comercio de granos.&nbsp;Para conseguir dictamen, el proyecto tendr&aacute; que lograr el aval de las comisiones de Agricultura, Ganader&iacute;a y Pesca; Econom&iacute;a Nacional e Inversi&oacute;n; y Presupuesto y Hacienda. En medio de la discusi&oacute;n pol&iacute;tica [&hellip;]<\/p>\n","protected":false},"author":2,"featured_media":0,"comment_status":"open","ping_status":"open","sticky":false,"template":"","format":"standard","meta":{"fifu_image_url":"","fifu_image_alt":"","footnotes":""},"categories":[10],"tags":[],"class_list":{"0":"post-14636","1":"post","2":"type-post","3":"status-publish","4":"format-standard","6":"category-campo"},"yoast_head":"<title>Nuevo proyecto para volver a la Junta Nacional de Granos - Informe Litoral<\/title>\n<meta name=\"robots\" content=\"index, follow, max-snippet:-1, max-image-preview:large, max-video-preview:-1\" \/>\n<link rel=\"canonical\" href=\"https:\/\/informelitoral.com.ar\/nuevo-proyecto-para-volver-a-la-junta-nacional-de-granos\/\" \/>\n<meta property=\"og:locale\" content=\"es_ES\" \/>\n<meta property=\"og:type\" content=\"article\" \/>\n<meta property=\"og:title\" content=\"Nuevo proyecto para volver a la Junta Nacional de Granos - Informe Litoral\" \/>\n<meta property=\"og:description\" content=\"Una senadora del Frente para la Victoria present&oacute; una iniciativa para que el Estado se haga cargo de la administraci&oacute;n del comercio de granos.&nbsp;Para conseguir dictamen, el proyecto tendr&aacute; que lograr el aval de las comisiones de Agricultura, Ganader&iacute;a y Pesca; Econom&iacute;a Nacional e Inversi&oacute;n; y Presupuesto y Hacienda. En medio de la discusi&oacute;n pol&iacute;tica [&hellip;]\" \/>\n<meta property=\"og:url\" content=\"https:\/\/informelitoral.com.ar\/nuevo-proyecto-para-volver-a-la-junta-nacional-de-granos\/\" \/>\n<meta property=\"og:site_name\" content=\"Informe Litoral\" \/>\n<meta property=\"article:publisher\" content=\"https:\/\/www.facebook.com\/informelitoral\/\" \/>\n<meta property=\"article:published_time\" content=\"2016-03-22T10:44:12+00:00\" \/>\n<meta property=\"og:image\" content=\"https:\/\/informelitoral.com.ar\/%77%70%2d%63%6f%6e%74%65%6e%74\/uploads\/2016\/03\/images.jpg\" \/>\n\t<meta property=\"og:image:width\" content=\"300\" \/>\n\t<meta property=\"og:image:height\" content=\"168\" \/>\n\t<meta property=\"og:image:type\" content=\"image\/jpeg\" \/>\n<meta name=\"author\" content=\"Gonzalo Schmidt\" \/>\n<meta name=\"twitter:card\" content=\"summary_large_image\" \/>\n<meta name=\"twitter:creator\" content=\"@InformeLitoral\" \/>\n<meta name=\"twitter:site\" content=\"@InformeLitoral\" \/>\n<meta name=\"twitter:label1\" content=\"Escrito por\" \/>\n\t<meta name=\"twitter:data1\" content=\"Gonzalo Schmidt\" \/>\n\t<meta name=\"twitter:label2\" content=\"Tiempo de lectura\" \/>\n\t<meta name=\"twitter:data2\" content=\"2 minutos\" \/>\n<script type=\"application\/ld+json\" class=\"yoast-schema-graph\">{\"@context\":\"https:\\\/\\\/schema.org\",\"@graph\":[{\"@type\":\"Article\",\"@id\":\"https:\\\/\\\/informelitoral.com.ar\\\/nuevo-proyecto-para-volver-a-la-junta-nacional-de-granos\\\/#article\",\"isPartOf\":{\"@id\":\"https:\\\/\\\/informelitoral.com.ar\\\/nuevo-proyecto-para-volver-a-la-junta-nacional-de-granos\\\/\"},\"author\":{\"name\":\"Gonzalo Schmidt\",\"@id\":\"https:\\\/\\\/informelitoral.com.ar\\\/#\\\/schema\\\/person\\\/b9d00407c836482871ef1d57bf8e3180\"},\"headline\":\"Nuevo proyecto para volver a la Junta Nacional de Granos\",\"datePublished\":\"2016-03-22T10:44:12+00:00\",\"mainEntityOfPage\":{\"@id\":\"https:\\\/\\\/informelitoral.com.ar\\\/nuevo-proyecto-para-volver-a-la-junta-nacional-de-granos\\\/\"},\"wordCount\":387,\"commentCount\":0,\"publisher\":{\"@id\":\"https:\\\/\\\/informelitoral.com.ar\\\/#organization\"},\"image\":{\"@id\":\"https:\\\/\\\/informelitoral.com.ar\\\/nuevo-proyecto-para-volver-a-la-junta-nacional-de-granos\\\/#primaryimage\"},\"thumbnailUrl\":\"http:\\\/\\\/www.isletasnoticias.com.ar\\\/%77%70%2d%63%6f%6e%74%65%6e%74\\\/uploads\\\/2016\\\/03\\\/images.jpg\",\"articleSection\":[\"Campo\"],\"inLanguage\":\"es\",\"potentialAction\":[{\"@type\":\"CommentAction\",\"name\":\"Comment\",\"target\":[\"https:\\\/\\\/informelitoral.com.ar\\\/nuevo-proyecto-para-volver-a-la-junta-nacional-de-granos\\\/#respond\"]}]},{\"@type\":\"WebPage\",\"@id\":\"https:\\\/\\\/informelitoral.com.ar\\\/nuevo-proyecto-para-volver-a-la-junta-nacional-de-granos\\\/\",\"url\":\"https:\\\/\\\/informelitoral.com.ar\\\/nuevo-proyecto-para-volver-a-la-junta-nacional-de-granos\\\/\",\"name\":\"Nuevo proyecto para volver a la Junta Nacional de Granos - Informe Litoral\",\"isPartOf\":{\"@id\":\"https:\\\/\\\/informelitoral.com.ar\\\/#website\"},\"primaryImageOfPage\":{\"@id\":\"https:\\\/\\\/informelitoral.com.ar\\\/nuevo-proyecto-para-volver-a-la-junta-nacional-de-granos\\\/#primaryimage\"},\"image\":{\"@id\":\"https:\\\/\\\/informelitoral.com.ar\\\/nuevo-proyecto-para-volver-a-la-junta-nacional-de-granos\\\/#primaryimage\"},\"thumbnailUrl\":\"http:\\\/\\\/www.isletasnoticias.com.ar\\\/%77%70%2d%63%6f%6e%74%65%6e%74\\\/uploads\\\/2016\\\/03\\\/images.jpg\",\"datePublished\":\"2016-03-22T10:44:12+00:00\",\"breadcrumb\":{\"@id\":\"https:\\\/\\\/informelitoral.com.ar\\\/nuevo-proyecto-para-volver-a-la-junta-nacional-de-granos\\\/#breadcrumb\"},\"inLanguage\":\"es\",\"potentialAction\":[{\"@type\":\"ReadAction\",\"target\":[\"https:\\\/\\\/informelitoral.com.ar\\\/nuevo-proyecto-para-volver-a-la-junta-nacional-de-granos\\\/\"]}]},{\"@type\":\"ImageObject\",\"inLanguage\":\"es\",\"@id\":\"https:\\\/\\\/informelitoral.com.ar\\\/nuevo-proyecto-para-volver-a-la-junta-nacional-de-granos\\\/#primaryimage\",\"url\":\"http:\\\/\\\/www.isletasnoticias.com.ar\\\/%77%70%2d%63%6f%6e%74%65%6e%74\\\/uploads\\\/2016\\\/03\\\/images.jpg\",\"contentUrl\":\"http:\\\/\\\/www.isletasnoticias.com.ar\\\/%77%70%2d%63%6f%6e%74%65%6e%74\\\/uploads\\\/2016\\\/03\\\/images.jpg\"},{\"@type\":\"BreadcrumbList\",\"@id\":\"https:\\\/\\\/informelitoral.com.ar\\\/nuevo-proyecto-para-volver-a-la-junta-nacional-de-granos\\\/#breadcrumb\",\"itemListElement\":[{\"@type\":\"ListItem\",\"position\":1,\"name\":\"Portada\",\"item\":\"https:\\\/\\\/informelitoral.com.ar\\\/\"},{\"@type\":\"ListItem\",\"position\":2,\"name\":\"Nuevo proyecto para volver a la Junta Nacional de Granos\"}]},{\"@type\":\"WebSite\",\"@id\":\"https:\\\/\\\/informelitoral.com.ar\\\/#website\",\"url\":\"https:\\\/\\\/informelitoral.com.ar\\\/\",\"name\":\"Informe Litoral\",\"description\":\"&quot;Nos informamos&quot; \",\"publisher\":{\"@id\":\"https:\\\/\\\/informelitoral.com.ar\\\/#organization\"},\"potentialAction\":[{\"@type\":\"SearchAction\",\"target\":{\"@type\":\"EntryPoint\",\"urlTemplate\":\"https:\\\/\\\/informelitoral.com.ar\\\/?s={search_term_string}\"},\"query-input\":{\"@type\":\"PropertyValueSpecification\",\"valueRequired\":true,\"valueName\":\"search_term_string\"}}],\"inLanguage\":\"es\"},{\"@type\":\"Organization\",\"@id\":\"https:\\\/\\\/informelitoral.com.ar\\\/#organization\",\"name\":\"Informe Litoral\",\"url\":\"https:\\\/\\\/informelitoral.com.ar\\\/\",\"logo\":{\"@type\":\"ImageObject\",\"inLanguage\":\"es\",\"@id\":\"https:\\\/\\\/informelitoral.com.ar\\\/#\\\/schema\\\/logo\\\/image\\\/\",\"url\":\"https:\\\/\\\/informelitoral.com.ar\\\/%77%70%2d%63%6f%6e%74%65%6e%74\\\/uploads\\\/2021\\\/01\\\/circulo.png\",\"contentUrl\":\"https:\\\/\\\/informelitoral.com.ar\\\/%77%70%2d%63%6f%6e%74%65%6e%74\\\/uploads\\\/2021\\\/01\\\/circulo.png\",\"width\":723,\"height\":731,\"caption\":\"Informe Litoral\"},\"image\":{\"@id\":\"https:\\\/\\\/informelitoral.com.ar\\\/#\\\/schema\\\/logo\\\/image\\\/\"},\"sameAs\":[\"https:\\\/\\\/www.facebook.com\\\/informelitoral\\\/\",\"https:\\\/\\\/x.com\\\/InformeLitoral\",\"https:\\\/\\\/www.instagram.com\\\/informelitoral\\\/\",\"https:\\\/\\\/www.youtube.com\\\/channel\\\/UCua4Qvz8Icb6MYqhoq9xLXw\"]},{\"@type\":\"Person\",\"@id\":\"https:\\\/\\\/informelitoral.com.ar\\\/#\\\/schema\\\/person\\\/b9d00407c836482871ef1d57bf8e3180\",\"name\":\"Gonzalo Schmidt\",\"image\":{\"@type\":\"ImageObject\",\"inLanguage\":\"es\",\"@id\":\"https:\\\/\\\/secure.gravatar.com\\\/avatar\\\/31a1a7b66ff2de83bd0e9fd79d026630d2d99e55e8bfe501287647b4fd9743de?s=96&d=mm&r=g\",\"url\":\"https:\\\/\\\/secure.gravatar.com\\\/avatar\\\/31a1a7b66ff2de83bd0e9fd79d026630d2d99e55e8bfe501287647b4fd9743de?s=96&d=mm&r=g\",\"contentUrl\":\"https:\\\/\\\/secure.gravatar.com\\\/avatar\\\/31a1a7b66ff2de83bd0e9fd79d026630d2d99e55e8bfe501287647b4fd9743de?s=96&d=mm&r=g\",\"caption\":\"Gonzalo Schmidt\"},\"description\":\"Sitio web de noticias de la provincia de Entre R\u00edos, Argentina. Informaci\u00f3n y entretenimiento. Informe Litoral, nos informamos.\",\"sameAs\":[\"http:\\\/\\\/www.isletasnoticias.com.ar\"],\"url\":\"https:\\\/\\\/informelitoral.com.ar\\\/author\\\/gonzalo\\\/\"}]}<\/script>","yoast_head_json":{"title":"Nuevo proyecto para volver a la Junta Nacional de Granos - Informe Litoral","robots":{"index":"index","follow":"follow","max-snippet":"max-snippet:-1","max-image-preview":"max-image-preview:large","max-video-preview":"max-video-preview:-1"},"canonical":"https:\/\/informelitoral.com.ar\/nuevo-proyecto-para-volver-a-la-junta-nacional-de-granos\/","og_locale":"es_ES","og_type":"article","og_title":"Nuevo proyecto para volver a la Junta Nacional de Granos - Informe Litoral","og_description":"Una senadora del Frente para la Victoria present&oacute; una iniciativa para que el Estado se haga cargo de la administraci&oacute;n del comercio de granos.&nbsp;Para conseguir dictamen, el proyecto tendr&aacute; que lograr el aval de las comisiones de Agricultura, Ganader&iacute;a y Pesca; Econom&iacute;a Nacional e Inversi&oacute;n; y Presupuesto y Hacienda. En medio de la discusi&oacute;n pol&iacute;tica [&hellip;]","og_url":"https:\/\/informelitoral.com.ar\/nuevo-proyecto-para-volver-a-la-junta-nacional-de-granos\/","og_site_name":"Informe Litoral","article_publisher":"https:\/\/www.facebook.com\/informelitoral\/","article_published_time":"2016-03-22T10:44:12+00:00","og_image":[{"width":300,"height":168,"url":"https:\/\/informelitoral.com.ar\/%77%70%2d%63%6f%6e%74%65%6e%74\/uploads\/2016\/03\/images.jpg","type":"image\/jpeg"}],"author":"Gonzalo Schmidt","twitter_card":"summary_large_image","twitter_creator":"@InformeLitoral","twitter_site":"@InformeLitoral","twitter_misc":{"Escrito por":"Gonzalo Schmidt","Tiempo de lectura":"2 minutos"},"schema":{"@context":"https:\/\/schema.org","@graph":[{"@type":"Article","@id":"https:\/\/informelitoral.com.ar\/nuevo-proyecto-para-volver-a-la-junta-nacional-de-granos\/#article","isPartOf":{"@id":"https:\/\/informelitoral.com.ar\/nuevo-proyecto-para-volver-a-la-junta-nacional-de-granos\/"},"author":{"name":"Gonzalo Schmidt","@id":"https:\/\/informelitoral.com.ar\/#\/schema\/person\/b9d00407c836482871ef1d57bf8e3180"},"headline":"Nuevo proyecto para volver a la Junta Nacional de Granos","datePublished":"2016-03-22T10:44:12+00:00","mainEntityOfPage":{"@id":"https:\/\/informelitoral.com.ar\/nuevo-proyecto-para-volver-a-la-junta-nacional-de-granos\/"},"wordCount":387,"commentCount":0,"publisher":{"@id":"https:\/\/informelitoral.com.ar\/#organization"},"image":{"@id":"https:\/\/informelitoral.com.ar\/nuevo-proyecto-para-volver-a-la-junta-nacional-de-granos\/#primaryimage"},"thumbnailUrl":"http:\/\/www.isletasnoticias.com.ar\/%77%70%2d%63%6f%6e%74%65%6e%74\/uploads\/2016\/03\/images.jpg","articleSection":["Campo"],"inLanguage":"es","potentialAction":[{"@type":"CommentAction","name":"Comment","target":["https:\/\/informelitoral.com.ar\/nuevo-proyecto-para-volver-a-la-junta-nacional-de-granos\/#respond"]}]},{"@type":"WebPage","@id":"https:\/\/informelitoral.com.ar\/nuevo-proyecto-para-volver-a-la-junta-nacional-de-granos\/","url":"https:\/\/informelitoral.com.ar\/nuevo-proyecto-para-volver-a-la-junta-nacional-de-granos\/","name":"Nuevo proyecto para volver a la Junta Nacional de Granos - Informe Litoral","isPartOf":{"@id":"https:\/\/informelitoral.com.ar\/#website"},"primaryImageOfPage":{"@id":"https:\/\/informelitoral.com.ar\/nuevo-proyecto-para-volver-a-la-junta-nacional-de-granos\/#primaryimage"},"image":{"@id":"https:\/\/informelitoral.com.ar\/nuevo-proyecto-para-volver-a-la-junta-nacional-de-granos\/#primaryimage"},"thumbnailUrl":"http:\/\/www.isletasnoticias.com.ar\/%77%70%2d%63%6f%6e%74%65%6e%74\/uploads\/2016\/03\/images.jpg","datePublished":"2016-03-22T10:44:12+00:00","breadcrumb":{"@id":"https:\/\/informelitoral.com.ar\/nuevo-proyecto-para-volver-a-la-junta-nacional-de-granos\/#breadcrumb"},"inLanguage":"es","potentialAction":[{"@type":"ReadAction","target":["https:\/\/informelitoral.com.ar\/nuevo-proyecto-para-volver-a-la-junta-nacional-de-granos\/"]}]},{"@type":"ImageObject","inLanguage":"es","@id":"https:\/\/informelitoral.com.ar\/nuevo-proyecto-para-volver-a-la-junta-nacional-de-granos\/#primaryimage","url":"http:\/\/www.isletasnoticias.com.ar\/%77%70%2d%63%6f%6e%74%65%6e%74\/uploads\/2016\/03\/images.jpg","contentUrl":"http:\/\/www.isletasnoticias.com.ar\/%77%70%2d%63%6f%6e%74%65%6e%74\/uploads\/2016\/03\/images.jpg"},{"@type":"BreadcrumbList","@id":"https:\/\/informelitoral.com.ar\/nuevo-proyecto-para-volver-a-la-junta-nacional-de-granos\/#breadcrumb","itemListElement":[{"@type":"ListItem","position":1,"name":"Portada","item":"https:\/\/informelitoral.com.ar\/"},{"@type":"ListItem","position":2,"name":"Nuevo proyecto para volver a la Junta Nacional de Granos"}]},{"@type":"WebSite","@id":"https:\/\/informelitoral.com.ar\/#website","url":"https:\/\/informelitoral.com.ar\/","name":"Informe Litoral","description":"&quot;Nos informamos&quot; ","publisher":{"@id":"https:\/\/informelitoral.com.ar\/#organization"},"potentialAction":[{"@type":"SearchAction","target":{"@type":"EntryPoint","urlTemplate":"https:\/\/informelitoral.com.ar\/?s={search_term_string}"},"query-input":{"@type":"PropertyValueSpecification","valueRequired":true,"valueName":"search_term_string"}}],"inLanguage":"es"},{"@type":"Organization","@id":"https:\/\/informelitoral.com.ar\/#organization","name":"Informe Litoral","url":"https:\/\/informelitoral.com.ar\/","logo":{"@type":"ImageObject","inLanguage":"es","@id":"https:\/\/informelitoral.com.ar\/#\/schema\/logo\/image\/","url":"https:\/\/informelitoral.com.ar\/%77%70%2d%63%6f%6e%74%65%6e%74\/uploads\/2021\/01\/circulo.png","contentUrl":"https:\/\/informelitoral.com.ar\/%77%70%2d%63%6f%6e%74%65%6e%74\/uploads\/2021\/01\/circulo.png","width":723,"height":731,"caption":"Informe Litoral"},"image":{"@id":"https:\/\/informelitoral.com.ar\/#\/schema\/logo\/image\/"},"sameAs":["https:\/\/www.facebook.com\/informelitoral\/","https:\/\/x.com\/InformeLitoral","https:\/\/www.instagram.com\/informelitoral\/","https:\/\/www.youtube.com\/channel\/UCua4Qvz8Icb6MYqhoq9xLXw"]},{"@type":"Person","@id":"https:\/\/informelitoral.com.ar\/#\/schema\/person\/b9d00407c836482871ef1d57bf8e3180","name":"Gonzalo Schmidt","image":{"@type":"ImageObject","inLanguage":"es","@id":"https:\/\/secure.gravatar.com\/avatar\/31a1a7b66ff2de83bd0e9fd79d026630d2d99e55e8bfe501287647b4fd9743de?s=96&d=mm&r=g","url":"https:\/\/secure.gravatar.com\/avatar\/31a1a7b66ff2de83bd0e9fd79d026630d2d99e55e8bfe501287647b4fd9743de?s=96&d=mm&r=g","contentUrl":"https:\/\/secure.gravatar.com\/avatar\/31a1a7b66ff2de83bd0e9fd79d026630d2d99e55e8bfe501287647b4fd9743de?s=96&d=mm&r=g","caption":"Gonzalo Schmidt"},"description":"Sitio web de noticias de la provincia de Entre R\u00edos, Argentina. Informaci\u00f3n y entretenimiento. Informe Litoral, nos informamos.","sameAs":["http:\/\/www.isletasnoticias.com.ar"],"url":"https:\/\/informelitoral.com.ar\/author\/gonzalo\/"}]}},"_links":{"self":[{"href":"https:\/\/informelitoral.com.ar\/%77%70%2d%6a%73%6f%6e\/wp\/v2\/posts\/14636","targetHints":{"allow":["GET"]}}],"collection":[{"href":"https:\/\/informelitoral.com.ar\/%77%70%2d%6a%73%6f%6e\/wp\/v2\/posts"}],"about":[{"href":"https:\/\/informelitoral.com.ar\/%77%70%2d%6a%73%6f%6e\/wp\/v2\/types\/post"}],"author":[{"embeddable":true,"href":"https:\/\/informelitoral.com.ar\/%77%70%2d%6a%73%6f%6e\/wp\/v2\/users\/2"}],"replies":[{"embeddable":true,"href":"https:\/\/informelitoral.com.ar\/%77%70%2d%6a%73%6f%6e\/wp\/v2\/comments?post=14636"}],"version-history":[{"count":0,"href":"https:\/\/informelitoral.com.ar\/%77%70%2d%6a%73%6f%6e\/wp\/v2\/posts\/14636\/revisions"}],"wp:attachment":[{"href":"https:\/\/informelitoral.com.ar\/%77%70%2d%6a%73%6f%6e\/wp\/v2\/media?parent=14636"}],"wp:term":[{"taxonomy":"category","embeddable":true,"href":"https:\/\/informelitoral.com.ar\/%77%70%2d%6a%73%6f%6e\/wp\/v2\/categories?post=14636"},{"taxonomy":"post_tag","embeddable":true,"href":"https:\/\/informelitoral.com.ar\/%77%70%2d%6a%73%6f%6e\/wp\/v2\/tags?post=14636"}],"curies":[{"name":"wp","href":"https:\/\/api.w.org\/{rel}","templated":true}]}}