{"id":14629,"date":"2016-03-22T00:32:32","date_gmt":"2016-03-22T03:32:32","guid":{"rendered":"http:\/\/www.isletasnoticias.com.ar\/?p=14629"},"modified":"2016-03-22T00:37:50","modified_gmt":"2016-03-22T03:37:50","slug":"isletas-presentaran-el-proyecto-elegidos-por-la-musica","status":"publish","type":"post","link":"https:\/\/informelitoral.com.ar\/isletas-presentaran-el-proyecto-elegidos-por-la-musica\/","title":{"rendered":"Isletas: presentar\u00e1n el proyecto \u00abElegidos por la M\u00fasica\u00bb"},"content":{"rendered":"<div class=\"_xlr\">\n<div class=\"text_exposed_root text_exposed\">\n<p><strong><strong>Se trata de una iniciativa de la Junta de Gobierno de esta localidad del departamento Diamante. El <em>Prof. Fernando Codrino<\/em>\u00a0brindar\u00e1 detalles del proyecto este mi\u00e9rcoles 23 en el Sal\u00f3n Comunal. Invitan a los vecinos ya que \u00abse pretende evaluar la viabilidad del mismo y las formas de instrumentaci\u00f3n\u00bb, indicaron.<\/strong><\/strong><a href=\"http:\/\/www.isletasnoticias.com.ar\/%77%70%2d%63%6f%6e%74%65%6e%74\/uploads\/2016\/03\/m\u00fasica.jpg\" rel=\"attachment wp-att-14630\"><img loading=\"lazy\" decoding=\"async\" class=\"wp-image-14630 size-full aligncenter\" src=\"http:\/\/www.isletasnoticias.com.ar\/%77%70%2d%63%6f%6e%74%65%6e%74\/uploads\/2016\/03\/m\u00fasica.jpg\" alt=\"m\u00fasica\" width=\"450\" height=\"317\" srcset=\"https:\/\/informelitoral.com.ar\/%77%70%2d%63%6f%6e%74%65%6e%74\/uploads\/2016\/03\/m\u00fasica.jpg 450w, https:\/\/informelitoral.com.ar\/%77%70%2d%63%6f%6e%74%65%6e%74\/uploads\/2016\/03\/m\u00fasica-300x211.jpg 300w\" sizes=\"auto, (max-width: 450px) 100vw, 450px\" \/><\/a><\/p>\n<p><em>\u00abElegidos por la M\u00fasica\u00bb, una apuesta cultural de la Junta de Gobierno.<\/em><\/p>\n<\/div>\n<\/div>\n<div class=\"_xlr\">\n<p>Este mi\u00e9rcoles 23 de marzo, a las 18.00, en el Sal\u00f3n Comunal, se presentar\u00e1 un proyecto denominado \u00abElegidos por la M\u00fasica\u00bb, una iniciativa de la Junta de Gobierno de Isletas.<\/p>\n<p>La charla informativa estar\u00e1 a cargo del profesor<strong> Fernando Codrino<\/strong> y desde la Junta invitan a la comunidad a participar, en especial a aquellos interesados por la m\u00fasica.<\/p>\n<p>En un texto enviado a la redacci\u00f3n de<em><strong> IN,\u00a0<\/strong><\/em>desde la Comuna precisaron que \u00abel objetivo central de este proyecto radica en conocer el arte de la m\u00fasica en toda su expresi\u00f3n, logrando el inter\u00e9s de la comunidad por esta sana actividad recreativa y cultural, promoviendo la comunicaci\u00f3n y fomentando la inserci\u00f3n social aplicando los conocimientos te\u00f3ricos &#8211; pr\u00e1cticos de la m\u00fasica y las danzas tradicionales\u00bb.<\/p>\n<p>Durante la primera reuni\u00f3n \u00abse pretende evaluar la viabilidad del mismo y las formas de instrumentaci\u00f3n\u00bb, indicaron desde el ente gubernamental.<\/p>\n<p>Por consultas, los interesados pueden dirigirse al responsable del \u00c1rea de Educaci\u00f3n y Cultura <strong>Lucas Eichmann,<\/strong> o con cualquier miembro de la Junta de Gobierno isletense. <em>(IN)<\/em><\/p>\n<\/div>\n","protected":false},"excerpt":{"rendered":"<p>Se trata de una iniciativa de la Junta de Gobierno de esta localidad del departamento Diamante. El Prof. Fernando Codrino&nbsp;brindar&aacute; detalles del proyecto este mi&eacute;rcoles 23 en el Sal&oacute;n Comunal. Invitan a los vecinos ya que &laquo;se pretende evaluar la viabilidad del mismo y las formas de instrumentaci&oacute;n&raquo;, indicaron. &laquo;Elegidos por la M&uacute;sica&raquo;, una apuesta [&hellip;]<\/p>\n","protected":false},"author":2,"featured_media":0,"comment_status":"open","ping_status":"open","sticky":false,"template":"","format":"standard","meta":{"fifu_image_url":"","fifu_image_alt":"","footnotes":""},"categories":[4,16],"tags":[],"class_list":{"0":"post-14629","1":"post","2":"type-post","3":"status-publish","4":"format-standard","6":"category-locales","7":"category-politi"},"yoast_head":"<title>Isletas: presentar\u00e1n el proyecto &quot;Elegidos por la M\u00fasica&quot; - Informe Litoral<\/title>\n<meta name=\"robots\" content=\"index, follow, max-snippet:-1, max-image-preview:large, max-video-preview:-1\" \/>\n<link rel=\"canonical\" href=\"https:\/\/informelitoral.com.ar\/isletas-presentaran-el-proyecto-elegidos-por-la-musica\/\" \/>\n<meta property=\"og:locale\" content=\"es_ES\" \/>\n<meta property=\"og:type\" content=\"article\" \/>\n<meta property=\"og:title\" content=\"Isletas: presentar\u00e1n el proyecto &quot;Elegidos por la M\u00fasica&quot; - Informe Litoral\" \/>\n<meta property=\"og:description\" content=\"Se trata de una iniciativa de la Junta de Gobierno de esta localidad del departamento Diamante. El Prof. Fernando Codrino&nbsp;brindar&aacute; detalles del proyecto este mi&eacute;rcoles 23 en el Sal&oacute;n Comunal. Invitan a los vecinos ya que &laquo;se pretende evaluar la viabilidad del mismo y las formas de instrumentaci&oacute;n&raquo;, indicaron. &laquo;Elegidos por la M&uacute;sica&raquo;, una apuesta [&hellip;]\" \/>\n<meta property=\"og:url\" content=\"https:\/\/informelitoral.com.ar\/isletas-presentaran-el-proyecto-elegidos-por-la-musica\/\" \/>\n<meta property=\"og:site_name\" content=\"Informe Litoral\" \/>\n<meta property=\"article:publisher\" content=\"https:\/\/www.facebook.com\/informelitoral\/\" \/>\n<meta property=\"article:published_time\" content=\"2016-03-22T03:32:32+00:00\" \/>\n<meta property=\"article:modified_time\" content=\"2016-03-22T03:37:50+00:00\" \/>\n<meta name=\"author\" content=\"Gonzalo Schmidt\" \/>\n<meta name=\"twitter:card\" content=\"summary_large_image\" \/>\n<meta name=\"twitter:creator\" content=\"@InformeLitoral\" \/>\n<meta name=\"twitter:site\" content=\"@InformeLitoral\" \/>\n<meta name=\"twitter:label1\" content=\"Escrito por\" \/>\n\t<meta name=\"twitter:data1\" content=\"Gonzalo Schmidt\" \/>\n\t<meta name=\"twitter:label2\" content=\"Tiempo de lectura\" \/>\n\t<meta name=\"twitter:data2\" content=\"1 minuto\" \/>\n<script type=\"application\/ld+json\" class=\"yoast-schema-graph\">{\"@context\":\"https:\\\/\\\/schema.org\",\"@graph\":[{\"@type\":\"Article\",\"@id\":\"https:\\\/\\\/informelitoral.com.ar\\\/isletas-presentaran-el-proyecto-elegidos-por-la-musica\\\/#article\",\"isPartOf\":{\"@id\":\"https:\\\/\\\/informelitoral.com.ar\\\/isletas-presentaran-el-proyecto-elegidos-por-la-musica\\\/\"},\"author\":{\"name\":\"Gonzalo Schmidt\",\"@id\":\"https:\\\/\\\/informelitoral.com.ar\\\/#\\\/schema\\\/person\\\/b9d00407c836482871ef1d57bf8e3180\"},\"headline\":\"Isletas: presentar\u00e1n el proyecto \u00abElegidos por la M\u00fasica\u00bb\",\"datePublished\":\"2016-03-22T03:32:32+00:00\",\"dateModified\":\"2016-03-22T03:37:50+00:00\",\"mainEntityOfPage\":{\"@id\":\"https:\\\/\\\/informelitoral.com.ar\\\/isletas-presentaran-el-proyecto-elegidos-por-la-musica\\\/\"},\"wordCount\":261,\"commentCount\":0,\"publisher\":{\"@id\":\"https:\\\/\\\/informelitoral.com.ar\\\/#organization\"},\"articleSection\":[\"Isletas\",\"Politica\"],\"inLanguage\":\"es\",\"potentialAction\":[{\"@type\":\"CommentAction\",\"name\":\"Comment\",\"target\":[\"https:\\\/\\\/informelitoral.com.ar\\\/isletas-presentaran-el-proyecto-elegidos-por-la-musica\\\/#respond\"]}]},{\"@type\":\"WebPage\",\"@id\":\"https:\\\/\\\/informelitoral.com.ar\\\/isletas-presentaran-el-proyecto-elegidos-por-la-musica\\\/\",\"url\":\"https:\\\/\\\/informelitoral.com.ar\\\/isletas-presentaran-el-proyecto-elegidos-por-la-musica\\\/\",\"name\":\"Isletas: presentar\u00e1n el proyecto \\\"Elegidos por la M\u00fasica\\\" - Informe Litoral\",\"isPartOf\":{\"@id\":\"https:\\\/\\\/informelitoral.com.ar\\\/#website\"},\"datePublished\":\"2016-03-22T03:32:32+00:00\",\"dateModified\":\"2016-03-22T03:37:50+00:00\",\"breadcrumb\":{\"@id\":\"https:\\\/\\\/informelitoral.com.ar\\\/isletas-presentaran-el-proyecto-elegidos-por-la-musica\\\/#breadcrumb\"},\"inLanguage\":\"es\",\"potentialAction\":[{\"@type\":\"ReadAction\",\"target\":[\"https:\\\/\\\/informelitoral.com.ar\\\/isletas-presentaran-el-proyecto-elegidos-por-la-musica\\\/\"]}]},{\"@type\":\"BreadcrumbList\",\"@id\":\"https:\\\/\\\/informelitoral.com.ar\\\/isletas-presentaran-el-proyecto-elegidos-por-la-musica\\\/#breadcrumb\",\"itemListElement\":[{\"@type\":\"ListItem\",\"position\":1,\"name\":\"Portada\",\"item\":\"https:\\\/\\\/informelitoral.com.ar\\\/\"},{\"@type\":\"ListItem\",\"position\":2,\"name\":\"Isletas: presentar\u00e1n el proyecto \u00abElegidos por la M\u00fasica\u00bb\"}]},{\"@type\":\"WebSite\",\"@id\":\"https:\\\/\\\/informelitoral.com.ar\\\/#website\",\"url\":\"https:\\\/\\\/informelitoral.com.ar\\\/\",\"name\":\"Informe Litoral\",\"description\":\"&quot;Nos informamos&quot; \",\"publisher\":{\"@id\":\"https:\\\/\\\/informelitoral.com.ar\\\/#organization\"},\"potentialAction\":[{\"@type\":\"SearchAction\",\"target\":{\"@type\":\"EntryPoint\",\"urlTemplate\":\"https:\\\/\\\/informelitoral.com.ar\\\/?s={search_term_string}\"},\"query-input\":{\"@type\":\"PropertyValueSpecification\",\"valueRequired\":true,\"valueName\":\"search_term_string\"}}],\"inLanguage\":\"es\"},{\"@type\":\"Organization\",\"@id\":\"https:\\\/\\\/informelitoral.com.ar\\\/#organization\",\"name\":\"Informe Litoral\",\"url\":\"https:\\\/\\\/informelitoral.com.ar\\\/\",\"logo\":{\"@type\":\"ImageObject\",\"inLanguage\":\"es\",\"@id\":\"https:\\\/\\\/informelitoral.com.ar\\\/#\\\/schema\\\/logo\\\/image\\\/\",\"url\":\"https:\\\/\\\/informelitoral.com.ar\\\/%77%70%2d%63%6f%6e%74%65%6e%74\\\/uploads\\\/2021\\\/01\\\/circulo.png\",\"contentUrl\":\"https:\\\/\\\/informelitoral.com.ar\\\/%77%70%2d%63%6f%6e%74%65%6e%74\\\/uploads\\\/2021\\\/01\\\/circulo.png\",\"width\":723,\"height\":731,\"caption\":\"Informe Litoral\"},\"image\":{\"@id\":\"https:\\\/\\\/informelitoral.com.ar\\\/#\\\/schema\\\/logo\\\/image\\\/\"},\"sameAs\":[\"https:\\\/\\\/www.facebook.com\\\/informelitoral\\\/\",\"https:\\\/\\\/x.com\\\/InformeLitoral\",\"https:\\\/\\\/www.instagram.com\\\/informelitoral\\\/\",\"https:\\\/\\\/www.youtube.com\\\/channel\\\/UCua4Qvz8Icb6MYqhoq9xLXw\"]},{\"@type\":\"Person\",\"@id\":\"https:\\\/\\\/informelitoral.com.ar\\\/#\\\/schema\\\/person\\\/b9d00407c836482871ef1d57bf8e3180\",\"name\":\"Gonzalo Schmidt\",\"image\":{\"@type\":\"ImageObject\",\"inLanguage\":\"es\",\"@id\":\"https:\\\/\\\/secure.gravatar.com\\\/avatar\\\/31a1a7b66ff2de83bd0e9fd79d026630d2d99e55e8bfe501287647b4fd9743de?s=96&d=mm&r=g\",\"url\":\"https:\\\/\\\/secure.gravatar.com\\\/avatar\\\/31a1a7b66ff2de83bd0e9fd79d026630d2d99e55e8bfe501287647b4fd9743de?s=96&d=mm&r=g\",\"contentUrl\":\"https:\\\/\\\/secure.gravatar.com\\\/avatar\\\/31a1a7b66ff2de83bd0e9fd79d026630d2d99e55e8bfe501287647b4fd9743de?s=96&d=mm&r=g\",\"caption\":\"Gonzalo Schmidt\"},\"description\":\"Sitio web de noticias de la provincia de Entre R\u00edos, Argentina. Informaci\u00f3n y entretenimiento. Informe Litoral, nos informamos.\",\"sameAs\":[\"http:\\\/\\\/www.isletasnoticias.com.ar\"],\"url\":\"https:\\\/\\\/informelitoral.com.ar\\\/author\\\/gonzalo\\\/\"}]}<\/script>","yoast_head_json":{"title":"Isletas: presentar\u00e1n el proyecto \"Elegidos por la M\u00fasica\" - Informe Litoral","robots":{"index":"index","follow":"follow","max-snippet":"max-snippet:-1","max-image-preview":"max-image-preview:large","max-video-preview":"max-video-preview:-1"},"canonical":"https:\/\/informelitoral.com.ar\/isletas-presentaran-el-proyecto-elegidos-por-la-musica\/","og_locale":"es_ES","og_type":"article","og_title":"Isletas: presentar\u00e1n el proyecto \"Elegidos por la M\u00fasica\" - Informe Litoral","og_description":"Se trata de una iniciativa de la Junta de Gobierno de esta localidad del departamento Diamante. El Prof. Fernando Codrino&nbsp;brindar&aacute; detalles del proyecto este mi&eacute;rcoles 23 en el Sal&oacute;n Comunal. Invitan a los vecinos ya que &laquo;se pretende evaluar la viabilidad del mismo y las formas de instrumentaci&oacute;n&raquo;, indicaron. &laquo;Elegidos por la M&uacute;sica&raquo;, una apuesta [&hellip;]","og_url":"https:\/\/informelitoral.com.ar\/isletas-presentaran-el-proyecto-elegidos-por-la-musica\/","og_site_name":"Informe Litoral","article_publisher":"https:\/\/www.facebook.com\/informelitoral\/","article_published_time":"2016-03-22T03:32:32+00:00","article_modified_time":"2016-03-22T03:37:50+00:00","author":"Gonzalo Schmidt","twitter_card":"summary_large_image","twitter_creator":"@InformeLitoral","twitter_site":"@InformeLitoral","twitter_misc":{"Escrito por":"Gonzalo Schmidt","Tiempo de lectura":"1 minuto"},"schema":{"@context":"https:\/\/schema.org","@graph":[{"@type":"Article","@id":"https:\/\/informelitoral.com.ar\/isletas-presentaran-el-proyecto-elegidos-por-la-musica\/#article","isPartOf":{"@id":"https:\/\/informelitoral.com.ar\/isletas-presentaran-el-proyecto-elegidos-por-la-musica\/"},"author":{"name":"Gonzalo Schmidt","@id":"https:\/\/informelitoral.com.ar\/#\/schema\/person\/b9d00407c836482871ef1d57bf8e3180"},"headline":"Isletas: presentar\u00e1n el proyecto \u00abElegidos por la M\u00fasica\u00bb","datePublished":"2016-03-22T03:32:32+00:00","dateModified":"2016-03-22T03:37:50+00:00","mainEntityOfPage":{"@id":"https:\/\/informelitoral.com.ar\/isletas-presentaran-el-proyecto-elegidos-por-la-musica\/"},"wordCount":261,"commentCount":0,"publisher":{"@id":"https:\/\/informelitoral.com.ar\/#organization"},"articleSection":["Isletas","Politica"],"inLanguage":"es","potentialAction":[{"@type":"CommentAction","name":"Comment","target":["https:\/\/informelitoral.com.ar\/isletas-presentaran-el-proyecto-elegidos-por-la-musica\/#respond"]}]},{"@type":"WebPage","@id":"https:\/\/informelitoral.com.ar\/isletas-presentaran-el-proyecto-elegidos-por-la-musica\/","url":"https:\/\/informelitoral.com.ar\/isletas-presentaran-el-proyecto-elegidos-por-la-musica\/","name":"Isletas: presentar\u00e1n el proyecto \"Elegidos por la M\u00fasica\" - Informe Litoral","isPartOf":{"@id":"https:\/\/informelitoral.com.ar\/#website"},"datePublished":"2016-03-22T03:32:32+00:00","dateModified":"2016-03-22T03:37:50+00:00","breadcrumb":{"@id":"https:\/\/informelitoral.com.ar\/isletas-presentaran-el-proyecto-elegidos-por-la-musica\/#breadcrumb"},"inLanguage":"es","potentialAction":[{"@type":"ReadAction","target":["https:\/\/informelitoral.com.ar\/isletas-presentaran-el-proyecto-elegidos-por-la-musica\/"]}]},{"@type":"BreadcrumbList","@id":"https:\/\/informelitoral.com.ar\/isletas-presentaran-el-proyecto-elegidos-por-la-musica\/#breadcrumb","itemListElement":[{"@type":"ListItem","position":1,"name":"Portada","item":"https:\/\/informelitoral.com.ar\/"},{"@type":"ListItem","position":2,"name":"Isletas: presentar\u00e1n el proyecto \u00abElegidos por la M\u00fasica\u00bb"}]},{"@type":"WebSite","@id":"https:\/\/informelitoral.com.ar\/#website","url":"https:\/\/informelitoral.com.ar\/","name":"Informe Litoral","description":"&quot;Nos informamos&quot; ","publisher":{"@id":"https:\/\/informelitoral.com.ar\/#organization"},"potentialAction":[{"@type":"SearchAction","target":{"@type":"EntryPoint","urlTemplate":"https:\/\/informelitoral.com.ar\/?s={search_term_string}"},"query-input":{"@type":"PropertyValueSpecification","valueRequired":true,"valueName":"search_term_string"}}],"inLanguage":"es"},{"@type":"Organization","@id":"https:\/\/informelitoral.com.ar\/#organization","name":"Informe Litoral","url":"https:\/\/informelitoral.com.ar\/","logo":{"@type":"ImageObject","inLanguage":"es","@id":"https:\/\/informelitoral.com.ar\/#\/schema\/logo\/image\/","url":"https:\/\/informelitoral.com.ar\/%77%70%2d%63%6f%6e%74%65%6e%74\/uploads\/2021\/01\/circulo.png","contentUrl":"https:\/\/informelitoral.com.ar\/%77%70%2d%63%6f%6e%74%65%6e%74\/uploads\/2021\/01\/circulo.png","width":723,"height":731,"caption":"Informe Litoral"},"image":{"@id":"https:\/\/informelitoral.com.ar\/#\/schema\/logo\/image\/"},"sameAs":["https:\/\/www.facebook.com\/informelitoral\/","https:\/\/x.com\/InformeLitoral","https:\/\/www.instagram.com\/informelitoral\/","https:\/\/www.youtube.com\/channel\/UCua4Qvz8Icb6MYqhoq9xLXw"]},{"@type":"Person","@id":"https:\/\/informelitoral.com.ar\/#\/schema\/person\/b9d00407c836482871ef1d57bf8e3180","name":"Gonzalo Schmidt","image":{"@type":"ImageObject","inLanguage":"es","@id":"https:\/\/secure.gravatar.com\/avatar\/31a1a7b66ff2de83bd0e9fd79d026630d2d99e55e8bfe501287647b4fd9743de?s=96&d=mm&r=g","url":"https:\/\/secure.gravatar.com\/avatar\/31a1a7b66ff2de83bd0e9fd79d026630d2d99e55e8bfe501287647b4fd9743de?s=96&d=mm&r=g","contentUrl":"https:\/\/secure.gravatar.com\/avatar\/31a1a7b66ff2de83bd0e9fd79d026630d2d99e55e8bfe501287647b4fd9743de?s=96&d=mm&r=g","caption":"Gonzalo Schmidt"},"description":"Sitio web de noticias de la provincia de Entre R\u00edos, Argentina. Informaci\u00f3n y entretenimiento. Informe Litoral, nos informamos.","sameAs":["http:\/\/www.isletasnoticias.com.ar"],"url":"https:\/\/informelitoral.com.ar\/author\/gonzalo\/"}]}},"_links":{"self":[{"href":"https:\/\/informelitoral.com.ar\/%77%70%2d%6a%73%6f%6e\/wp\/v2\/posts\/14629","targetHints":{"allow":["GET"]}}],"collection":[{"href":"https:\/\/informelitoral.com.ar\/%77%70%2d%6a%73%6f%6e\/wp\/v2\/posts"}],"about":[{"href":"https:\/\/informelitoral.com.ar\/%77%70%2d%6a%73%6f%6e\/wp\/v2\/types\/post"}],"author":[{"embeddable":true,"href":"https:\/\/informelitoral.com.ar\/%77%70%2d%6a%73%6f%6e\/wp\/v2\/users\/2"}],"replies":[{"embeddable":true,"href":"https:\/\/informelitoral.com.ar\/%77%70%2d%6a%73%6f%6e\/wp\/v2\/comments?post=14629"}],"version-history":[{"count":0,"href":"https:\/\/informelitoral.com.ar\/%77%70%2d%6a%73%6f%6e\/wp\/v2\/posts\/14629\/revisions"}],"wp:attachment":[{"href":"https:\/\/informelitoral.com.ar\/%77%70%2d%6a%73%6f%6e\/wp\/v2\/media?parent=14629"}],"wp:term":[{"taxonomy":"category","embeddable":true,"href":"https:\/\/informelitoral.com.ar\/%77%70%2d%6a%73%6f%6e\/wp\/v2\/categories?post=14629"},{"taxonomy":"post_tag","embeddable":true,"href":"https:\/\/informelitoral.com.ar\/%77%70%2d%6a%73%6f%6e\/wp\/v2\/tags?post=14629"}],"curies":[{"name":"wp","href":"https:\/\/api.w.org\/{rel}","templated":true}]}}