{"id":145294,"date":"2023-05-08T08:56:28","date_gmt":"2023-05-08T11:56:28","guid":{"rendered":"https:\/\/www.informelitoral.com.ar\/?p=145294"},"modified":"2023-05-08T15:44:03","modified_gmt":"2023-05-08T18:44:03","slug":"se-sostuvo-en-marzo-la-tendencia-al-alza-del-empleo-privado-registrado","status":"publish","type":"post","link":"https:\/\/informelitoral.com.ar\/se-sostuvo-en-marzo-la-tendencia-al-alza-del-empleo-privado-registrado\/","title":{"rendered":"Se sostuvo en marzo la tendencia al alza del empleo privado registrado"},"content":{"rendered":"<p>El empleo privado registrado en empresas de m\u00e1s de 10 personas ocupadas sostuvo en marzo la tendencia de crecimiento que se observa desde julio de 2021, aunque con una leve desaceleraci\u00f3n, seg\u00fan los datos que anticipa la Encuesta de Indicadores Laborales (EIL) realizada por el Ministerio de Trabajo.<\/p>\n<p>El nivel de empleo privado registrado en empresas de m\u00e1s de 10 personas ocupadas, del total de los aglomerados relevados, se increment\u00f3 0,1% en marzo de 2023 con relaci\u00f3n al mes anterior.<\/p>\n<p>Este incremento se debe fundamentalmente a los aportes de los Servicios comunales, sociales y personales; la Construcci\u00f3n y la Industria manufacturera.<\/p>\n<p>\u00abDe esta forma, se sostiene la tendencia de crecimiento que se observa desde julio de 2021, aunque con una leve desaceleraci\u00f3n\u00bb, plante\u00f3 el reporte de la cartera laboral.<\/p>\n<p>En t\u00e9rminos interanuales, se observa un aumento del empleo de 2%; y, con relaci\u00f3n a los meses de marzo de los a\u00f1os anteriores, se observa tambi\u00e9n una variaci\u00f3n positiva aunque de menor intensidad.<\/p>\n<p>El incremento del empleo se advierte de forma m\u00e1s acentuada en el conjunto de los aglomerados del Interior del pa\u00eds que en Gran Buenos Aires, con variaciones positivas con respecto al mes anterior de 0,3% y de 0,1%, respectivamente.<\/p>\n<p>Los movimientos de personal son de mayor magnitud que el mes anterior; tanto la tasa de incorporaciones como la de desvinculaciones presentaron aumentos significativos en relaci\u00f3n a febrero de 2023.<\/p>\n<p>La demanda laboral, expresada por la tasa de b\u00fasqueda, result\u00f3 tambi\u00e9n mayor que la del mes pasado y presenta la tasa m\u00e1s alta del \u00faltimo a\u00f1o.<\/p>\n<p>Asimismo, los puestos que quedaron sin cubrir, representados en la tasa de no-cobertura, experimentaron una marcada ca\u00edda en marzo en relaci\u00f3n al mes anterior; mientras que en t\u00e9rminos interanuales ambos indicadores se mantienen en los mismos niveles.<\/p>\n<p>Por \u00faltimo, las expectativas netas de las empresas con relaci\u00f3n a la contrataci\u00f3n de personal para los pr\u00f3ximos tres meses se mantienen positivas (2,6%).<\/p>\n<p>\u00abSe observan expectativas positivas para la contrataci\u00f3n de personal en forma ininterrumpida desde febrero de 2021, es decir, m\u00e1s de dos a\u00f1os de manera consecutiva\u00bb, destaca el informe.<\/p>\n","protected":false},"excerpt":{"rendered":"<p>El empleo privado registrado en empresas de m\u00e1s de 10 personas ocupadas sostuvo en marzo la tendencia de crecimiento que se observa desde julio de 2021, aunque con una leve desaceleraci\u00f3n.<\/p>\n","protected":false},"author":8,"featured_media":145289,"comment_status":"open","ping_status":"open","sticky":false,"template":"","format":"standard","meta":{"fifu_image_url":"","fifu_image_alt":"","footnotes":""},"categories":[1594,7],"tags":[3831,841],"class_list":{"0":"post-145294","1":"post","2":"type-post","3":"status-publish","4":"format-standard","5":"has-post-thumbnail","7":"category-economia","8":"category-nacionales","9":"tag-empleo-privado","10":"tag-trabajo"},"yoast_head":"<title>Se sostuvo en marzo la tendencia al alza del empleo privado registrado - Informe Litoral<\/title>\n<meta name=\"robots\" content=\"index, follow, max-snippet:-1, max-image-preview:large, max-video-preview:-1\" \/>\n<link rel=\"canonical\" href=\"https:\/\/informelitoral.com.ar\/se-sostuvo-en-marzo-la-tendencia-al-alza-del-empleo-privado-registrado\/\" \/>\n<meta property=\"og:locale\" content=\"es_ES\" \/>\n<meta property=\"og:type\" content=\"article\" \/>\n<meta property=\"og:title\" content=\"Se sostuvo en marzo la tendencia al alza del empleo privado registrado - Informe Litoral\" \/>\n<meta property=\"og:description\" content=\"El empleo privado registrado en empresas de m\u00e1s de 10 personas ocupadas sostuvo en marzo la tendencia de crecimiento que se observa desde julio de 2021, aunque con una leve desaceleraci\u00f3n.\" \/>\n<meta property=\"og:url\" content=\"https:\/\/informelitoral.com.ar\/se-sostuvo-en-marzo-la-tendencia-al-alza-del-empleo-privado-registrado\/\" \/>\n<meta property=\"og:site_name\" content=\"Informe Litoral\" \/>\n<meta property=\"article:publisher\" content=\"https:\/\/www.facebook.com\/informelitoral\/\" \/>\n<meta property=\"article:published_time\" content=\"2023-05-08T11:56:28+00:00\" \/>\n<meta property=\"article:modified_time\" content=\"2023-05-08T18:44:03+00:00\" \/>\n<meta property=\"og:image\" content=\"https:\/\/informelitoral.com.ar\/%77%70%2d%63%6f%6e%74%65%6e%74\/uploads\/2023\/05\/o_1626941714.jpg\" \/>\n\t<meta property=\"og:image:width\" content=\"800\" \/>\n\t<meta property=\"og:image:height\" content=\"450\" \/>\n\t<meta property=\"og:image:type\" content=\"image\/jpeg\" \/>\n<meta name=\"author\" content=\"Sebastian\" \/>\n<meta name=\"twitter:card\" content=\"summary_large_image\" \/>\n<meta name=\"twitter:creator\" content=\"@InformeLitoral\" \/>\n<meta name=\"twitter:site\" content=\"@InformeLitoral\" \/>\n<meta name=\"twitter:label1\" content=\"Escrito por\" \/>\n\t<meta name=\"twitter:data1\" content=\"Sebastian\" \/>\n\t<meta name=\"twitter:label2\" content=\"Tiempo de lectura\" \/>\n\t<meta name=\"twitter:data2\" content=\"2 minutos\" \/>\n<script type=\"application\/ld+json\" class=\"yoast-schema-graph\">{\"@context\":\"https:\\\/\\\/schema.org\",\"@graph\":[{\"@type\":\"Article\",\"@id\":\"https:\\\/\\\/informelitoral.com.ar\\\/se-sostuvo-en-marzo-la-tendencia-al-alza-del-empleo-privado-registrado\\\/#article\",\"isPartOf\":{\"@id\":\"https:\\\/\\\/informelitoral.com.ar\\\/se-sostuvo-en-marzo-la-tendencia-al-alza-del-empleo-privado-registrado\\\/\"},\"author\":{\"name\":\"Sebastian\",\"@id\":\"https:\\\/\\\/informelitoral.com.ar\\\/#\\\/schema\\\/person\\\/f05f9f461677119578717524b127d6d5\"},\"headline\":\"Se sostuvo en marzo la tendencia al alza del empleo privado registrado\",\"datePublished\":\"2023-05-08T11:56:28+00:00\",\"dateModified\":\"2023-05-08T18:44:03+00:00\",\"mainEntityOfPage\":{\"@id\":\"https:\\\/\\\/informelitoral.com.ar\\\/se-sostuvo-en-marzo-la-tendencia-al-alza-del-empleo-privado-registrado\\\/\"},\"wordCount\":374,\"commentCount\":0,\"publisher\":{\"@id\":\"https:\\\/\\\/informelitoral.com.ar\\\/#organization\"},\"image\":{\"@id\":\"https:\\\/\\\/informelitoral.com.ar\\\/se-sostuvo-en-marzo-la-tendencia-al-alza-del-empleo-privado-registrado\\\/#primaryimage\"},\"thumbnailUrl\":\"https:\\\/\\\/informelitoral.com.ar\\\/%77%70%2d%63%6f%6e%74%65%6e%74\\\/uploads\\\/2023\\\/05\\\/o_1626941714.jpg\",\"keywords\":[\"Empleo privado\",\"Trabajo\"],\"articleSection\":[\"Econom\u00eda\",\"Nacionales\"],\"inLanguage\":\"es\",\"potentialAction\":[{\"@type\":\"CommentAction\",\"name\":\"Comment\",\"target\":[\"https:\\\/\\\/informelitoral.com.ar\\\/se-sostuvo-en-marzo-la-tendencia-al-alza-del-empleo-privado-registrado\\\/#respond\"]}]},{\"@type\":\"WebPage\",\"@id\":\"https:\\\/\\\/informelitoral.com.ar\\\/se-sostuvo-en-marzo-la-tendencia-al-alza-del-empleo-privado-registrado\\\/\",\"url\":\"https:\\\/\\\/informelitoral.com.ar\\\/se-sostuvo-en-marzo-la-tendencia-al-alza-del-empleo-privado-registrado\\\/\",\"name\":\"Se sostuvo en marzo la tendencia al alza del empleo privado registrado - Informe Litoral\",\"isPartOf\":{\"@id\":\"https:\\\/\\\/informelitoral.com.ar\\\/#website\"},\"primaryImageOfPage\":{\"@id\":\"https:\\\/\\\/informelitoral.com.ar\\\/se-sostuvo-en-marzo-la-tendencia-al-alza-del-empleo-privado-registrado\\\/#primaryimage\"},\"image\":{\"@id\":\"https:\\\/\\\/informelitoral.com.ar\\\/se-sostuvo-en-marzo-la-tendencia-al-alza-del-empleo-privado-registrado\\\/#primaryimage\"},\"thumbnailUrl\":\"https:\\\/\\\/informelitoral.com.ar\\\/%77%70%2d%63%6f%6e%74%65%6e%74\\\/uploads\\\/2023\\\/05\\\/o_1626941714.jpg\",\"datePublished\":\"2023-05-08T11:56:28+00:00\",\"dateModified\":\"2023-05-08T18:44:03+00:00\",\"breadcrumb\":{\"@id\":\"https:\\\/\\\/informelitoral.com.ar\\\/se-sostuvo-en-marzo-la-tendencia-al-alza-del-empleo-privado-registrado\\\/#breadcrumb\"},\"inLanguage\":\"es\",\"potentialAction\":[{\"@type\":\"ReadAction\",\"target\":[\"https:\\\/\\\/informelitoral.com.ar\\\/se-sostuvo-en-marzo-la-tendencia-al-alza-del-empleo-privado-registrado\\\/\"]}]},{\"@type\":\"ImageObject\",\"inLanguage\":\"es\",\"@id\":\"https:\\\/\\\/informelitoral.com.ar\\\/se-sostuvo-en-marzo-la-tendencia-al-alza-del-empleo-privado-registrado\\\/#primaryimage\",\"url\":\"https:\\\/\\\/informelitoral.com.ar\\\/%77%70%2d%63%6f%6e%74%65%6e%74\\\/uploads\\\/2023\\\/05\\\/o_1626941714.jpg\",\"contentUrl\":\"https:\\\/\\\/informelitoral.com.ar\\\/%77%70%2d%63%6f%6e%74%65%6e%74\\\/uploads\\\/2023\\\/05\\\/o_1626941714.jpg\",\"width\":800,\"height\":450},{\"@type\":\"BreadcrumbList\",\"@id\":\"https:\\\/\\\/informelitoral.com.ar\\\/se-sostuvo-en-marzo-la-tendencia-al-alza-del-empleo-privado-registrado\\\/#breadcrumb\",\"itemListElement\":[{\"@type\":\"ListItem\",\"position\":1,\"name\":\"Portada\",\"item\":\"https:\\\/\\\/informelitoral.com.ar\\\/\"},{\"@type\":\"ListItem\",\"position\":2,\"name\":\"Se sostuvo en marzo la tendencia al alza del empleo privado registrado\"}]},{\"@type\":\"WebSite\",\"@id\":\"https:\\\/\\\/informelitoral.com.ar\\\/#website\",\"url\":\"https:\\\/\\\/informelitoral.com.ar\\\/\",\"name\":\"Informe Litoral\",\"description\":\"&quot;Nos informamos&quot; \",\"publisher\":{\"@id\":\"https:\\\/\\\/informelitoral.com.ar\\\/#organization\"},\"potentialAction\":[{\"@type\":\"SearchAction\",\"target\":{\"@type\":\"EntryPoint\",\"urlTemplate\":\"https:\\\/\\\/informelitoral.com.ar\\\/?s={search_term_string}\"},\"query-input\":{\"@type\":\"PropertyValueSpecification\",\"valueRequired\":true,\"valueName\":\"search_term_string\"}}],\"inLanguage\":\"es\"},{\"@type\":\"Organization\",\"@id\":\"https:\\\/\\\/informelitoral.com.ar\\\/#organization\",\"name\":\"Informe Litoral\",\"url\":\"https:\\\/\\\/informelitoral.com.ar\\\/\",\"logo\":{\"@type\":\"ImageObject\",\"inLanguage\":\"es\",\"@id\":\"https:\\\/\\\/informelitoral.com.ar\\\/#\\\/schema\\\/logo\\\/image\\\/\",\"url\":\"https:\\\/\\\/informelitoral.com.ar\\\/%77%70%2d%63%6f%6e%74%65%6e%74\\\/uploads\\\/2021\\\/01\\\/circulo.png\",\"contentUrl\":\"https:\\\/\\\/informelitoral.com.ar\\\/%77%70%2d%63%6f%6e%74%65%6e%74\\\/uploads\\\/2021\\\/01\\\/circulo.png\",\"width\":723,\"height\":731,\"caption\":\"Informe Litoral\"},\"image\":{\"@id\":\"https:\\\/\\\/informelitoral.com.ar\\\/#\\\/schema\\\/logo\\\/image\\\/\"},\"sameAs\":[\"https:\\\/\\\/www.facebook.com\\\/informelitoral\\\/\",\"https:\\\/\\\/x.com\\\/InformeLitoral\",\"https:\\\/\\\/www.instagram.com\\\/informelitoral\\\/\",\"https:\\\/\\\/www.youtube.com\\\/channel\\\/UCua4Qvz8Icb6MYqhoq9xLXw\"]},{\"@type\":\"Person\",\"@id\":\"https:\\\/\\\/informelitoral.com.ar\\\/#\\\/schema\\\/person\\\/f05f9f461677119578717524b127d6d5\",\"name\":\"Sebastian\",\"image\":{\"@type\":\"ImageObject\",\"inLanguage\":\"es\",\"@id\":\"https:\\\/\\\/secure.gravatar.com\\\/avatar\\\/b71bf7481d447dfb9583c7f2798e7cc64de6efb9067b74633ed8c31059a3bd82?s=96&d=mm&r=g\",\"url\":\"https:\\\/\\\/secure.gravatar.com\\\/avatar\\\/b71bf7481d447dfb9583c7f2798e7cc64de6efb9067b74633ed8c31059a3bd82?s=96&d=mm&r=g\",\"contentUrl\":\"https:\\\/\\\/secure.gravatar.com\\\/avatar\\\/b71bf7481d447dfb9583c7f2798e7cc64de6efb9067b74633ed8c31059a3bd82?s=96&d=mm&r=g\",\"caption\":\"Sebastian\"},\"url\":\"https:\\\/\\\/informelitoral.com.ar\\\/author\\\/sebastian\\\/\"}]}<\/script>","yoast_head_json":{"title":"Se sostuvo en marzo la tendencia al alza del empleo privado registrado - Informe Litoral","robots":{"index":"index","follow":"follow","max-snippet":"max-snippet:-1","max-image-preview":"max-image-preview:large","max-video-preview":"max-video-preview:-1"},"canonical":"https:\/\/informelitoral.com.ar\/se-sostuvo-en-marzo-la-tendencia-al-alza-del-empleo-privado-registrado\/","og_locale":"es_ES","og_type":"article","og_title":"Se sostuvo en marzo la tendencia al alza del empleo privado registrado - Informe Litoral","og_description":"El empleo privado registrado en empresas de m\u00e1s de 10 personas ocupadas sostuvo en marzo la tendencia de crecimiento que se observa desde julio de 2021, aunque con una leve desaceleraci\u00f3n.","og_url":"https:\/\/informelitoral.com.ar\/se-sostuvo-en-marzo-la-tendencia-al-alza-del-empleo-privado-registrado\/","og_site_name":"Informe Litoral","article_publisher":"https:\/\/www.facebook.com\/informelitoral\/","article_published_time":"2023-05-08T11:56:28+00:00","article_modified_time":"2023-05-08T18:44:03+00:00","og_image":[{"width":800,"height":450,"url":"https:\/\/informelitoral.com.ar\/%77%70%2d%63%6f%6e%74%65%6e%74\/uploads\/2023\/05\/o_1626941714.jpg","type":"image\/jpeg"}],"author":"Sebastian","twitter_card":"summary_large_image","twitter_creator":"@InformeLitoral","twitter_site":"@InformeLitoral","twitter_misc":{"Escrito por":"Sebastian","Tiempo de lectura":"2 minutos"},"schema":{"@context":"https:\/\/schema.org","@graph":[{"@type":"Article","@id":"https:\/\/informelitoral.com.ar\/se-sostuvo-en-marzo-la-tendencia-al-alza-del-empleo-privado-registrado\/#article","isPartOf":{"@id":"https:\/\/informelitoral.com.ar\/se-sostuvo-en-marzo-la-tendencia-al-alza-del-empleo-privado-registrado\/"},"author":{"name":"Sebastian","@id":"https:\/\/informelitoral.com.ar\/#\/schema\/person\/f05f9f461677119578717524b127d6d5"},"headline":"Se sostuvo en marzo la tendencia al alza del empleo privado registrado","datePublished":"2023-05-08T11:56:28+00:00","dateModified":"2023-05-08T18:44:03+00:00","mainEntityOfPage":{"@id":"https:\/\/informelitoral.com.ar\/se-sostuvo-en-marzo-la-tendencia-al-alza-del-empleo-privado-registrado\/"},"wordCount":374,"commentCount":0,"publisher":{"@id":"https:\/\/informelitoral.com.ar\/#organization"},"image":{"@id":"https:\/\/informelitoral.com.ar\/se-sostuvo-en-marzo-la-tendencia-al-alza-del-empleo-privado-registrado\/#primaryimage"},"thumbnailUrl":"https:\/\/informelitoral.com.ar\/%77%70%2d%63%6f%6e%74%65%6e%74\/uploads\/2023\/05\/o_1626941714.jpg","keywords":["Empleo privado","Trabajo"],"articleSection":["Econom\u00eda","Nacionales"],"inLanguage":"es","potentialAction":[{"@type":"CommentAction","name":"Comment","target":["https:\/\/informelitoral.com.ar\/se-sostuvo-en-marzo-la-tendencia-al-alza-del-empleo-privado-registrado\/#respond"]}]},{"@type":"WebPage","@id":"https:\/\/informelitoral.com.ar\/se-sostuvo-en-marzo-la-tendencia-al-alza-del-empleo-privado-registrado\/","url":"https:\/\/informelitoral.com.ar\/se-sostuvo-en-marzo-la-tendencia-al-alza-del-empleo-privado-registrado\/","name":"Se sostuvo en marzo la tendencia al alza del empleo privado registrado - Informe Litoral","isPartOf":{"@id":"https:\/\/informelitoral.com.ar\/#website"},"primaryImageOfPage":{"@id":"https:\/\/informelitoral.com.ar\/se-sostuvo-en-marzo-la-tendencia-al-alza-del-empleo-privado-registrado\/#primaryimage"},"image":{"@id":"https:\/\/informelitoral.com.ar\/se-sostuvo-en-marzo-la-tendencia-al-alza-del-empleo-privado-registrado\/#primaryimage"},"thumbnailUrl":"https:\/\/informelitoral.com.ar\/%77%70%2d%63%6f%6e%74%65%6e%74\/uploads\/2023\/05\/o_1626941714.jpg","datePublished":"2023-05-08T11:56:28+00:00","dateModified":"2023-05-08T18:44:03+00:00","breadcrumb":{"@id":"https:\/\/informelitoral.com.ar\/se-sostuvo-en-marzo-la-tendencia-al-alza-del-empleo-privado-registrado\/#breadcrumb"},"inLanguage":"es","potentialAction":[{"@type":"ReadAction","target":["https:\/\/informelitoral.com.ar\/se-sostuvo-en-marzo-la-tendencia-al-alza-del-empleo-privado-registrado\/"]}]},{"@type":"ImageObject","inLanguage":"es","@id":"https:\/\/informelitoral.com.ar\/se-sostuvo-en-marzo-la-tendencia-al-alza-del-empleo-privado-registrado\/#primaryimage","url":"https:\/\/informelitoral.com.ar\/%77%70%2d%63%6f%6e%74%65%6e%74\/uploads\/2023\/05\/o_1626941714.jpg","contentUrl":"https:\/\/informelitoral.com.ar\/%77%70%2d%63%6f%6e%74%65%6e%74\/uploads\/2023\/05\/o_1626941714.jpg","width":800,"height":450},{"@type":"BreadcrumbList","@id":"https:\/\/informelitoral.com.ar\/se-sostuvo-en-marzo-la-tendencia-al-alza-del-empleo-privado-registrado\/#breadcrumb","itemListElement":[{"@type":"ListItem","position":1,"name":"Portada","item":"https:\/\/informelitoral.com.ar\/"},{"@type":"ListItem","position":2,"name":"Se sostuvo en marzo la tendencia al alza del empleo privado registrado"}]},{"@type":"WebSite","@id":"https:\/\/informelitoral.com.ar\/#website","url":"https:\/\/informelitoral.com.ar\/","name":"Informe Litoral","description":"&quot;Nos informamos&quot; ","publisher":{"@id":"https:\/\/informelitoral.com.ar\/#organization"},"potentialAction":[{"@type":"SearchAction","target":{"@type":"EntryPoint","urlTemplate":"https:\/\/informelitoral.com.ar\/?s={search_term_string}"},"query-input":{"@type":"PropertyValueSpecification","valueRequired":true,"valueName":"search_term_string"}}],"inLanguage":"es"},{"@type":"Organization","@id":"https:\/\/informelitoral.com.ar\/#organization","name":"Informe Litoral","url":"https:\/\/informelitoral.com.ar\/","logo":{"@type":"ImageObject","inLanguage":"es","@id":"https:\/\/informelitoral.com.ar\/#\/schema\/logo\/image\/","url":"https:\/\/informelitoral.com.ar\/%77%70%2d%63%6f%6e%74%65%6e%74\/uploads\/2021\/01\/circulo.png","contentUrl":"https:\/\/informelitoral.com.ar\/%77%70%2d%63%6f%6e%74%65%6e%74\/uploads\/2021\/01\/circulo.png","width":723,"height":731,"caption":"Informe Litoral"},"image":{"@id":"https:\/\/informelitoral.com.ar\/#\/schema\/logo\/image\/"},"sameAs":["https:\/\/www.facebook.com\/informelitoral\/","https:\/\/x.com\/InformeLitoral","https:\/\/www.instagram.com\/informelitoral\/","https:\/\/www.youtube.com\/channel\/UCua4Qvz8Icb6MYqhoq9xLXw"]},{"@type":"Person","@id":"https:\/\/informelitoral.com.ar\/#\/schema\/person\/f05f9f461677119578717524b127d6d5","name":"Sebastian","image":{"@type":"ImageObject","inLanguage":"es","@id":"https:\/\/secure.gravatar.com\/avatar\/b71bf7481d447dfb9583c7f2798e7cc64de6efb9067b74633ed8c31059a3bd82?s=96&d=mm&r=g","url":"https:\/\/secure.gravatar.com\/avatar\/b71bf7481d447dfb9583c7f2798e7cc64de6efb9067b74633ed8c31059a3bd82?s=96&d=mm&r=g","contentUrl":"https:\/\/secure.gravatar.com\/avatar\/b71bf7481d447dfb9583c7f2798e7cc64de6efb9067b74633ed8c31059a3bd82?s=96&d=mm&r=g","caption":"Sebastian"},"url":"https:\/\/informelitoral.com.ar\/author\/sebastian\/"}]}},"_links":{"self":[{"href":"https:\/\/informelitoral.com.ar\/%77%70%2d%6a%73%6f%6e\/wp\/v2\/posts\/145294","targetHints":{"allow":["GET"]}}],"collection":[{"href":"https:\/\/informelitoral.com.ar\/%77%70%2d%6a%73%6f%6e\/wp\/v2\/posts"}],"about":[{"href":"https:\/\/informelitoral.com.ar\/%77%70%2d%6a%73%6f%6e\/wp\/v2\/types\/post"}],"author":[{"embeddable":true,"href":"https:\/\/informelitoral.com.ar\/%77%70%2d%6a%73%6f%6e\/wp\/v2\/users\/8"}],"replies":[{"embeddable":true,"href":"https:\/\/informelitoral.com.ar\/%77%70%2d%6a%73%6f%6e\/wp\/v2\/comments?post=145294"}],"version-history":[{"count":0,"href":"https:\/\/informelitoral.com.ar\/%77%70%2d%6a%73%6f%6e\/wp\/v2\/posts\/145294\/revisions"}],"wp:featuredmedia":[{"embeddable":true,"href":"https:\/\/informelitoral.com.ar\/%77%70%2d%6a%73%6f%6e\/wp\/v2\/media\/145289"}],"wp:attachment":[{"href":"https:\/\/informelitoral.com.ar\/%77%70%2d%6a%73%6f%6e\/wp\/v2\/media?parent=145294"}],"wp:term":[{"taxonomy":"category","embeddable":true,"href":"https:\/\/informelitoral.com.ar\/%77%70%2d%6a%73%6f%6e\/wp\/v2\/categories?post=145294"},{"taxonomy":"post_tag","embeddable":true,"href":"https:\/\/informelitoral.com.ar\/%77%70%2d%6a%73%6f%6e\/wp\/v2\/tags?post=145294"}],"curies":[{"name":"wp","href":"https:\/\/api.w.org\/{rel}","templated":true}]}}