{"id":144705,"date":"2023-05-05T06:53:48","date_gmt":"2023-05-05T09:53:48","guid":{"rendered":"https:\/\/www.informelitoral.com.ar\/?p=144705"},"modified":"2023-05-05T06:53:48","modified_gmt":"2023-05-05T09:53:48","slug":"aprobaron-leyes-que-regularizan-la-jurisdiccion-de-comunas-entrerrianas","status":"publish","type":"post","link":"https:\/\/informelitoral.com.ar\/aprobaron-leyes-que-regularizan-la-jurisdiccion-de-comunas-entrerrianas\/","title":{"rendered":"Aprobaron leyes que regularizan la jurisdicci\u00f3n de comunas entrerrianas"},"content":{"rendered":"<p>El senador Adri\u00e1n Fuertes agreg\u00f3 que para fijar los l\u00edmites jurisdiccionales de esas tres Comunas \u201ctuvimos dictamen de comisi\u00f3n y esperamos que sigan llegando proyectos de este tipo del Poder Ejecutivo para que logremos dignificar la mayor cantidad de poblaciones rurales que tanto lo necesitan\u201d.<\/p>\n<p>Tambi\u00e9n en el marco de la sexta sesi\u00f3n ordinaria del 144\u00ba Per\u00edodo Legislativo, que fue presidida por la vicegobernadora Laura Stratta, fue aprobado un proyecto del senador Horacio Amavet (Uruguay- Frente Justicialista) por el que se instituye la ceremonia escolar de Promesa de Lealtad a la Constituci\u00f3n Nacional y a la Constituci\u00f3n de la Provincia de Entre R\u00edos.<\/p>\n<p>Amavet explic\u00f3: \u201cSimplemente es un agregado de una ley nacional vigente, pero establecimos que para Entre R\u00edos correspond\u00eda jurar tambi\u00e9n por nuestra constituci\u00f3n provincial\u201d.<\/p>\n<p>Luego se trataron dos proyectos de los diputados Silvia Moreno y Carlos Ramos, que ten\u00edan media sanci\u00f3n de la C\u00e1mara baja, declarando como \u201cMonumento Natural\u201d, el primero a cuatro especies de aves; y el segundo a las especies guazuncho, aguar\u00e1 guaz\u00fa y ciervo de los pantanos.<\/p>\n<p>El senador Jorge Maradey (Gualeguaych\u00fa- Frente Justicialista) se\u00f1al\u00f3 que para los dos proyectos hubo dictamen un\u00e1nime de la Comisi\u00f3n, a la que fue invitado el bi\u00f3logo Alfredo Berduc, director de \u00c1reas Protegidas de Entre R\u00edos \u201cquien expuso sobre la necesidad de proteger y hacer posible la recuperaci\u00f3n poblacional de estas especies categorizadas en peligro de extinci\u00f3n y vulnerables\u201d, dijo Maradey. Sobre la segunda iniciativa indic\u00f3 adem\u00e1s que \u201cpor tratarse de especies de las cuales quedan pocas poblaciones en la provincia de Entre R\u00edos, siendo un h\u00e1bitat elegido por \u00e9stas para vivir y reproducirse, entendemos que es necesaria la intervenci\u00f3n del gobierno provincial en vista a su protecci\u00f3n y conservaci\u00f3n\u201d. Ambas iniciativas volvieron en revisi\u00f3n a la C\u00e1mara de Diputados.<\/p>\n<p><strong>Homenaje<\/strong><\/p>\n<p>Durante la sesi\u00f3n, la C\u00e1mara de Senadores de Entre R\u00edos realiz\u00f3 una emotiva ceremonia por el 41\u00ba aniversario del bautismo de fuego de la Fuerza A\u00e9rea Argentina, que conmemora el primer combate de esta Fuerza durante la Guerra de Malvinas. En la oportunidad se rindi\u00f3 homenaje al primer teniente Danilo Rub\u00e9n Bolz\u00e1n (Diamante 1955- Malvinas 1982).<\/p>\n<p>Al respecto, la senadora Claudia Gieco (Diamante- Frente Justicialista) expres\u00f3: \u201cComo diamantinos y como entrerrianos tenemos el honor de ser coterr\u00e1neos de su lugar de nacimiento y como argentinos tenemos el deber de conocer su nombre y el de todos nuestros h\u00e9roes. Es imprescindible que ellos sean recordados por y para siempre\u201d.<\/p>\n<p>Dijo adem\u00e1s: \u201cRecordar los nombres de nuestros h\u00e9roes es una tarea imprescindible, que debe partir desde nuestro lugar reivindicando no s\u00f3lo un hecho hist\u00f3rico y tr\u00e1gico de nuestra Naci\u00f3n, sino que tambi\u00e9n una lucha constante que subsiste hasta el d\u00eda de hoy\u201d.<\/p>\n<p>La C\u00e1mara de Senadores R\u00edos introdujo en el R\u00e9gimen de Honores de la provincia \u201cen calidad de Personalidad Destacada de la defensa de los derechos humanos, pol\u00edticos y sociales por su desempe\u00f1o durante el conflicto del Atl\u00e1ntico Sur\u201d a Danilo Rub\u00e9n Bolz\u00e1n, quien naci\u00f3 el 20 de enero de 1955 en Diamante y muri\u00f3 en combate, el 8 de junio de 1982. El mencionado reconocimiento fue aprobado por unanimidad.<\/p>\n<p>Tras las palabras de la legisladora, se proyect\u00f3 un video homenaje. Luego, la senadora Gieco y la vicegobernadora Laura Stratta entregaron a los familiares de Bolz\u00e1n, la declaraci\u00f3n de Personalidad Destacada, y la placa que hace alusi\u00f3n a dicha declaraci\u00f3n de esta Honorable C\u00e1mara de Senadores de la Provincia de Entre R\u00edos.<\/p>\n<p>De la emotiva ceremonia participaron familiares de Bolz\u00e1n, veteranos y ex combatientes. All\u00ed, Oscar Egu\u00eda, del Centro de Veteranos de Guerra de Malvinas de Paran\u00e1, manifest\u00f3: \u201cEn nombre del gobierno nacional y en representaci\u00f3n del pueblo argentino, quiero otorgarte una medalla por los 40 a\u00f1os de la gesta. Solamente me queda entregarte la medalla de Danilo que tan valientemente nos represent\u00f3 en Malvinas\u201d, agreg\u00f3.<\/p>\n","protected":false},"excerpt":{"rendered":"<p>La C\u00e1mara de Senadores de Entre R\u00edos aprob\u00f3 tres proyectos del Poder Ejecutivo que establecen los l\u00edmites jurisdiccionales de las comunas Aldea Salto (departamento Diamante), La Verbena (departamento Feliciano) y Colonia Tunas (departamento Federaci\u00f3n).<\/p>\n","protected":false},"author":2,"featured_media":144706,"comment_status":"open","ping_status":"open","sticky":false,"template":"","format":"standard","meta":{"fifu_image_url":"","fifu_image_alt":"","footnotes":""},"categories":[16],"tags":[2047,230,287,427,464],"class_list":{"0":"post-144705","1":"post","2":"type-post","3":"status-publish","4":"format-standard","5":"has-post-thumbnail","7":"category-politi","8":"tag-camara-de-senadores","9":"tag-comunas","10":"tag-legislativas","11":"tag-ley-de-comunas","12":"tag-senado"},"yoast_head":"<title>Aprobaron leyes que regularizan la jurisdicci\u00f3n de comunas entrerrianas - Informe Litoral<\/title>\n<meta name=\"robots\" content=\"index, follow, max-snippet:-1, max-image-preview:large, max-video-preview:-1\" \/>\n<link rel=\"canonical\" href=\"https:\/\/informelitoral.com.ar\/aprobaron-leyes-que-regularizan-la-jurisdiccion-de-comunas-entrerrianas\/\" \/>\n<meta property=\"og:locale\" content=\"es_ES\" \/>\n<meta property=\"og:type\" content=\"article\" \/>\n<meta property=\"og:title\" content=\"Aprobaron leyes que regularizan la jurisdicci\u00f3n de comunas entrerrianas - Informe Litoral\" \/>\n<meta property=\"og:description\" content=\"La C\u00e1mara de Senadores de Entre R\u00edos aprob\u00f3 tres proyectos del Poder Ejecutivo que establecen los l\u00edmites jurisdiccionales de las comunas Aldea Salto (departamento Diamante), La Verbena (departamento Feliciano) y Colonia Tunas (departamento Federaci\u00f3n).\" \/>\n<meta property=\"og:url\" content=\"https:\/\/informelitoral.com.ar\/aprobaron-leyes-que-regularizan-la-jurisdiccion-de-comunas-entrerrianas\/\" \/>\n<meta property=\"og:site_name\" content=\"Informe Litoral\" \/>\n<meta property=\"article:publisher\" content=\"https:\/\/www.facebook.com\/informelitoral\/\" \/>\n<meta property=\"article:published_time\" content=\"2023-05-05T09:53:48+00:00\" \/>\n<meta property=\"og:image\" content=\"https:\/\/informelitoral.com.ar\/%77%70%2d%63%6f%6e%74%65%6e%74\/uploads\/2023\/05\/1683207637jpg.jpg\" \/>\n\t<meta property=\"og:image:width\" content=\"1920\" \/>\n\t<meta property=\"og:image:height\" content=\"1280\" \/>\n\t<meta property=\"og:image:type\" content=\"image\/jpeg\" \/>\n<meta name=\"author\" content=\"Gonzalo Schmidt\" \/>\n<meta name=\"twitter:card\" content=\"summary_large_image\" \/>\n<meta name=\"twitter:creator\" content=\"@InformeLitoral\" \/>\n<meta name=\"twitter:site\" content=\"@InformeLitoral\" \/>\n<meta name=\"twitter:label1\" content=\"Escrito por\" \/>\n\t<meta name=\"twitter:data1\" content=\"Gonzalo Schmidt\" \/>\n\t<meta name=\"twitter:label2\" content=\"Tiempo de lectura\" \/>\n\t<meta name=\"twitter:data2\" content=\"3 minutos\" \/>\n<script type=\"application\/ld+json\" class=\"yoast-schema-graph\">{\"@context\":\"https:\\\/\\\/schema.org\",\"@graph\":[{\"@type\":\"Article\",\"@id\":\"https:\\\/\\\/informelitoral.com.ar\\\/aprobaron-leyes-que-regularizan-la-jurisdiccion-de-comunas-entrerrianas\\\/#article\",\"isPartOf\":{\"@id\":\"https:\\\/\\\/informelitoral.com.ar\\\/aprobaron-leyes-que-regularizan-la-jurisdiccion-de-comunas-entrerrianas\\\/\"},\"author\":{\"name\":\"Gonzalo Schmidt\",\"@id\":\"https:\\\/\\\/informelitoral.com.ar\\\/#\\\/schema\\\/person\\\/b9d00407c836482871ef1d57bf8e3180\"},\"headline\":\"Aprobaron leyes que regularizan la jurisdicci\u00f3n de comunas entrerrianas\",\"datePublished\":\"2023-05-05T09:53:48+00:00\",\"mainEntityOfPage\":{\"@id\":\"https:\\\/\\\/informelitoral.com.ar\\\/aprobaron-leyes-que-regularizan-la-jurisdiccion-de-comunas-entrerrianas\\\/\"},\"wordCount\":696,\"commentCount\":0,\"publisher\":{\"@id\":\"https:\\\/\\\/informelitoral.com.ar\\\/#organization\"},\"image\":{\"@id\":\"https:\\\/\\\/informelitoral.com.ar\\\/aprobaron-leyes-que-regularizan-la-jurisdiccion-de-comunas-entrerrianas\\\/#primaryimage\"},\"thumbnailUrl\":\"https:\\\/\\\/informelitoral.com.ar\\\/%77%70%2d%63%6f%6e%74%65%6e%74\\\/uploads\\\/2023\\\/05\\\/1683207637jpg.jpg\",\"keywords\":[\"Camara de Senadores\",\"Comunas\",\"Legislativas\",\"Ley de Comunas\",\"Senado\"],\"articleSection\":[\"Politica\"],\"inLanguage\":\"es\",\"potentialAction\":[{\"@type\":\"CommentAction\",\"name\":\"Comment\",\"target\":[\"https:\\\/\\\/informelitoral.com.ar\\\/aprobaron-leyes-que-regularizan-la-jurisdiccion-de-comunas-entrerrianas\\\/#respond\"]}]},{\"@type\":\"WebPage\",\"@id\":\"https:\\\/\\\/informelitoral.com.ar\\\/aprobaron-leyes-que-regularizan-la-jurisdiccion-de-comunas-entrerrianas\\\/\",\"url\":\"https:\\\/\\\/informelitoral.com.ar\\\/aprobaron-leyes-que-regularizan-la-jurisdiccion-de-comunas-entrerrianas\\\/\",\"name\":\"Aprobaron leyes que regularizan la jurisdicci\u00f3n de comunas entrerrianas - Informe Litoral\",\"isPartOf\":{\"@id\":\"https:\\\/\\\/informelitoral.com.ar\\\/#website\"},\"primaryImageOfPage\":{\"@id\":\"https:\\\/\\\/informelitoral.com.ar\\\/aprobaron-leyes-que-regularizan-la-jurisdiccion-de-comunas-entrerrianas\\\/#primaryimage\"},\"image\":{\"@id\":\"https:\\\/\\\/informelitoral.com.ar\\\/aprobaron-leyes-que-regularizan-la-jurisdiccion-de-comunas-entrerrianas\\\/#primaryimage\"},\"thumbnailUrl\":\"https:\\\/\\\/informelitoral.com.ar\\\/%77%70%2d%63%6f%6e%74%65%6e%74\\\/uploads\\\/2023\\\/05\\\/1683207637jpg.jpg\",\"datePublished\":\"2023-05-05T09:53:48+00:00\",\"breadcrumb\":{\"@id\":\"https:\\\/\\\/informelitoral.com.ar\\\/aprobaron-leyes-que-regularizan-la-jurisdiccion-de-comunas-entrerrianas\\\/#breadcrumb\"},\"inLanguage\":\"es\",\"potentialAction\":[{\"@type\":\"ReadAction\",\"target\":[\"https:\\\/\\\/informelitoral.com.ar\\\/aprobaron-leyes-que-regularizan-la-jurisdiccion-de-comunas-entrerrianas\\\/\"]}]},{\"@type\":\"ImageObject\",\"inLanguage\":\"es\",\"@id\":\"https:\\\/\\\/informelitoral.com.ar\\\/aprobaron-leyes-que-regularizan-la-jurisdiccion-de-comunas-entrerrianas\\\/#primaryimage\",\"url\":\"https:\\\/\\\/informelitoral.com.ar\\\/%77%70%2d%63%6f%6e%74%65%6e%74\\\/uploads\\\/2023\\\/05\\\/1683207637jpg.jpg\",\"contentUrl\":\"https:\\\/\\\/informelitoral.com.ar\\\/%77%70%2d%63%6f%6e%74%65%6e%74\\\/uploads\\\/2023\\\/05\\\/1683207637jpg.jpg\",\"width\":1920,\"height\":1280},{\"@type\":\"BreadcrumbList\",\"@id\":\"https:\\\/\\\/informelitoral.com.ar\\\/aprobaron-leyes-que-regularizan-la-jurisdiccion-de-comunas-entrerrianas\\\/#breadcrumb\",\"itemListElement\":[{\"@type\":\"ListItem\",\"position\":1,\"name\":\"Portada\",\"item\":\"https:\\\/\\\/informelitoral.com.ar\\\/\"},{\"@type\":\"ListItem\",\"position\":2,\"name\":\"Aprobaron leyes que regularizan la jurisdicci\u00f3n de comunas entrerrianas\"}]},{\"@type\":\"WebSite\",\"@id\":\"https:\\\/\\\/informelitoral.com.ar\\\/#website\",\"url\":\"https:\\\/\\\/informelitoral.com.ar\\\/\",\"name\":\"Informe Litoral\",\"description\":\"&quot;Nos informamos&quot; \",\"publisher\":{\"@id\":\"https:\\\/\\\/informelitoral.com.ar\\\/#organization\"},\"potentialAction\":[{\"@type\":\"SearchAction\",\"target\":{\"@type\":\"EntryPoint\",\"urlTemplate\":\"https:\\\/\\\/informelitoral.com.ar\\\/?s={search_term_string}\"},\"query-input\":{\"@type\":\"PropertyValueSpecification\",\"valueRequired\":true,\"valueName\":\"search_term_string\"}}],\"inLanguage\":\"es\"},{\"@type\":\"Organization\",\"@id\":\"https:\\\/\\\/informelitoral.com.ar\\\/#organization\",\"name\":\"Informe Litoral\",\"url\":\"https:\\\/\\\/informelitoral.com.ar\\\/\",\"logo\":{\"@type\":\"ImageObject\",\"inLanguage\":\"es\",\"@id\":\"https:\\\/\\\/informelitoral.com.ar\\\/#\\\/schema\\\/logo\\\/image\\\/\",\"url\":\"https:\\\/\\\/informelitoral.com.ar\\\/%77%70%2d%63%6f%6e%74%65%6e%74\\\/uploads\\\/2021\\\/01\\\/circulo.png\",\"contentUrl\":\"https:\\\/\\\/informelitoral.com.ar\\\/%77%70%2d%63%6f%6e%74%65%6e%74\\\/uploads\\\/2021\\\/01\\\/circulo.png\",\"width\":723,\"height\":731,\"caption\":\"Informe Litoral\"},\"image\":{\"@id\":\"https:\\\/\\\/informelitoral.com.ar\\\/#\\\/schema\\\/logo\\\/image\\\/\"},\"sameAs\":[\"https:\\\/\\\/www.facebook.com\\\/informelitoral\\\/\",\"https:\\\/\\\/x.com\\\/InformeLitoral\",\"https:\\\/\\\/www.instagram.com\\\/informelitoral\\\/\",\"https:\\\/\\\/www.youtube.com\\\/channel\\\/UCua4Qvz8Icb6MYqhoq9xLXw\"]},{\"@type\":\"Person\",\"@id\":\"https:\\\/\\\/informelitoral.com.ar\\\/#\\\/schema\\\/person\\\/b9d00407c836482871ef1d57bf8e3180\",\"name\":\"Gonzalo Schmidt\",\"image\":{\"@type\":\"ImageObject\",\"inLanguage\":\"es\",\"@id\":\"https:\\\/\\\/secure.gravatar.com\\\/avatar\\\/31a1a7b66ff2de83bd0e9fd79d026630d2d99e55e8bfe501287647b4fd9743de?s=96&d=mm&r=g\",\"url\":\"https:\\\/\\\/secure.gravatar.com\\\/avatar\\\/31a1a7b66ff2de83bd0e9fd79d026630d2d99e55e8bfe501287647b4fd9743de?s=96&d=mm&r=g\",\"contentUrl\":\"https:\\\/\\\/secure.gravatar.com\\\/avatar\\\/31a1a7b66ff2de83bd0e9fd79d026630d2d99e55e8bfe501287647b4fd9743de?s=96&d=mm&r=g\",\"caption\":\"Gonzalo Schmidt\"},\"description\":\"Sitio web de noticias de la provincia de Entre R\u00edos, Argentina. Informaci\u00f3n y entretenimiento. Informe Litoral, nos informamos.\",\"sameAs\":[\"http:\\\/\\\/www.isletasnoticias.com.ar\"],\"url\":\"https:\\\/\\\/informelitoral.com.ar\\\/author\\\/gonzalo\\\/\"}]}<\/script>","yoast_head_json":{"title":"Aprobaron leyes que regularizan la jurisdicci\u00f3n de comunas entrerrianas - Informe Litoral","robots":{"index":"index","follow":"follow","max-snippet":"max-snippet:-1","max-image-preview":"max-image-preview:large","max-video-preview":"max-video-preview:-1"},"canonical":"https:\/\/informelitoral.com.ar\/aprobaron-leyes-que-regularizan-la-jurisdiccion-de-comunas-entrerrianas\/","og_locale":"es_ES","og_type":"article","og_title":"Aprobaron leyes que regularizan la jurisdicci\u00f3n de comunas entrerrianas - Informe Litoral","og_description":"La C\u00e1mara de Senadores de Entre R\u00edos aprob\u00f3 tres proyectos del Poder Ejecutivo que establecen los l\u00edmites jurisdiccionales de las comunas Aldea Salto (departamento Diamante), La Verbena (departamento Feliciano) y Colonia Tunas (departamento Federaci\u00f3n).","og_url":"https:\/\/informelitoral.com.ar\/aprobaron-leyes-que-regularizan-la-jurisdiccion-de-comunas-entrerrianas\/","og_site_name":"Informe Litoral","article_publisher":"https:\/\/www.facebook.com\/informelitoral\/","article_published_time":"2023-05-05T09:53:48+00:00","og_image":[{"width":1920,"height":1280,"url":"https:\/\/informelitoral.com.ar\/%77%70%2d%63%6f%6e%74%65%6e%74\/uploads\/2023\/05\/1683207637jpg.jpg","type":"image\/jpeg"}],"author":"Gonzalo Schmidt","twitter_card":"summary_large_image","twitter_creator":"@InformeLitoral","twitter_site":"@InformeLitoral","twitter_misc":{"Escrito por":"Gonzalo Schmidt","Tiempo de lectura":"3 minutos"},"schema":{"@context":"https:\/\/schema.org","@graph":[{"@type":"Article","@id":"https:\/\/informelitoral.com.ar\/aprobaron-leyes-que-regularizan-la-jurisdiccion-de-comunas-entrerrianas\/#article","isPartOf":{"@id":"https:\/\/informelitoral.com.ar\/aprobaron-leyes-que-regularizan-la-jurisdiccion-de-comunas-entrerrianas\/"},"author":{"name":"Gonzalo Schmidt","@id":"https:\/\/informelitoral.com.ar\/#\/schema\/person\/b9d00407c836482871ef1d57bf8e3180"},"headline":"Aprobaron leyes que regularizan la jurisdicci\u00f3n de comunas entrerrianas","datePublished":"2023-05-05T09:53:48+00:00","mainEntityOfPage":{"@id":"https:\/\/informelitoral.com.ar\/aprobaron-leyes-que-regularizan-la-jurisdiccion-de-comunas-entrerrianas\/"},"wordCount":696,"commentCount":0,"publisher":{"@id":"https:\/\/informelitoral.com.ar\/#organization"},"image":{"@id":"https:\/\/informelitoral.com.ar\/aprobaron-leyes-que-regularizan-la-jurisdiccion-de-comunas-entrerrianas\/#primaryimage"},"thumbnailUrl":"https:\/\/informelitoral.com.ar\/%77%70%2d%63%6f%6e%74%65%6e%74\/uploads\/2023\/05\/1683207637jpg.jpg","keywords":["Camara de Senadores","Comunas","Legislativas","Ley de Comunas","Senado"],"articleSection":["Politica"],"inLanguage":"es","potentialAction":[{"@type":"CommentAction","name":"Comment","target":["https:\/\/informelitoral.com.ar\/aprobaron-leyes-que-regularizan-la-jurisdiccion-de-comunas-entrerrianas\/#respond"]}]},{"@type":"WebPage","@id":"https:\/\/informelitoral.com.ar\/aprobaron-leyes-que-regularizan-la-jurisdiccion-de-comunas-entrerrianas\/","url":"https:\/\/informelitoral.com.ar\/aprobaron-leyes-que-regularizan-la-jurisdiccion-de-comunas-entrerrianas\/","name":"Aprobaron leyes que regularizan la jurisdicci\u00f3n de comunas entrerrianas - Informe Litoral","isPartOf":{"@id":"https:\/\/informelitoral.com.ar\/#website"},"primaryImageOfPage":{"@id":"https:\/\/informelitoral.com.ar\/aprobaron-leyes-que-regularizan-la-jurisdiccion-de-comunas-entrerrianas\/#primaryimage"},"image":{"@id":"https:\/\/informelitoral.com.ar\/aprobaron-leyes-que-regularizan-la-jurisdiccion-de-comunas-entrerrianas\/#primaryimage"},"thumbnailUrl":"https:\/\/informelitoral.com.ar\/%77%70%2d%63%6f%6e%74%65%6e%74\/uploads\/2023\/05\/1683207637jpg.jpg","datePublished":"2023-05-05T09:53:48+00:00","breadcrumb":{"@id":"https:\/\/informelitoral.com.ar\/aprobaron-leyes-que-regularizan-la-jurisdiccion-de-comunas-entrerrianas\/#breadcrumb"},"inLanguage":"es","potentialAction":[{"@type":"ReadAction","target":["https:\/\/informelitoral.com.ar\/aprobaron-leyes-que-regularizan-la-jurisdiccion-de-comunas-entrerrianas\/"]}]},{"@type":"ImageObject","inLanguage":"es","@id":"https:\/\/informelitoral.com.ar\/aprobaron-leyes-que-regularizan-la-jurisdiccion-de-comunas-entrerrianas\/#primaryimage","url":"https:\/\/informelitoral.com.ar\/%77%70%2d%63%6f%6e%74%65%6e%74\/uploads\/2023\/05\/1683207637jpg.jpg","contentUrl":"https:\/\/informelitoral.com.ar\/%77%70%2d%63%6f%6e%74%65%6e%74\/uploads\/2023\/05\/1683207637jpg.jpg","width":1920,"height":1280},{"@type":"BreadcrumbList","@id":"https:\/\/informelitoral.com.ar\/aprobaron-leyes-que-regularizan-la-jurisdiccion-de-comunas-entrerrianas\/#breadcrumb","itemListElement":[{"@type":"ListItem","position":1,"name":"Portada","item":"https:\/\/informelitoral.com.ar\/"},{"@type":"ListItem","position":2,"name":"Aprobaron leyes que regularizan la jurisdicci\u00f3n de comunas entrerrianas"}]},{"@type":"WebSite","@id":"https:\/\/informelitoral.com.ar\/#website","url":"https:\/\/informelitoral.com.ar\/","name":"Informe Litoral","description":"&quot;Nos informamos&quot; ","publisher":{"@id":"https:\/\/informelitoral.com.ar\/#organization"},"potentialAction":[{"@type":"SearchAction","target":{"@type":"EntryPoint","urlTemplate":"https:\/\/informelitoral.com.ar\/?s={search_term_string}"},"query-input":{"@type":"PropertyValueSpecification","valueRequired":true,"valueName":"search_term_string"}}],"inLanguage":"es"},{"@type":"Organization","@id":"https:\/\/informelitoral.com.ar\/#organization","name":"Informe Litoral","url":"https:\/\/informelitoral.com.ar\/","logo":{"@type":"ImageObject","inLanguage":"es","@id":"https:\/\/informelitoral.com.ar\/#\/schema\/logo\/image\/","url":"https:\/\/informelitoral.com.ar\/%77%70%2d%63%6f%6e%74%65%6e%74\/uploads\/2021\/01\/circulo.png","contentUrl":"https:\/\/informelitoral.com.ar\/%77%70%2d%63%6f%6e%74%65%6e%74\/uploads\/2021\/01\/circulo.png","width":723,"height":731,"caption":"Informe Litoral"},"image":{"@id":"https:\/\/informelitoral.com.ar\/#\/schema\/logo\/image\/"},"sameAs":["https:\/\/www.facebook.com\/informelitoral\/","https:\/\/x.com\/InformeLitoral","https:\/\/www.instagram.com\/informelitoral\/","https:\/\/www.youtube.com\/channel\/UCua4Qvz8Icb6MYqhoq9xLXw"]},{"@type":"Person","@id":"https:\/\/informelitoral.com.ar\/#\/schema\/person\/b9d00407c836482871ef1d57bf8e3180","name":"Gonzalo Schmidt","image":{"@type":"ImageObject","inLanguage":"es","@id":"https:\/\/secure.gravatar.com\/avatar\/31a1a7b66ff2de83bd0e9fd79d026630d2d99e55e8bfe501287647b4fd9743de?s=96&d=mm&r=g","url":"https:\/\/secure.gravatar.com\/avatar\/31a1a7b66ff2de83bd0e9fd79d026630d2d99e55e8bfe501287647b4fd9743de?s=96&d=mm&r=g","contentUrl":"https:\/\/secure.gravatar.com\/avatar\/31a1a7b66ff2de83bd0e9fd79d026630d2d99e55e8bfe501287647b4fd9743de?s=96&d=mm&r=g","caption":"Gonzalo Schmidt"},"description":"Sitio web de noticias de la provincia de Entre R\u00edos, Argentina. Informaci\u00f3n y entretenimiento. Informe Litoral, nos informamos.","sameAs":["http:\/\/www.isletasnoticias.com.ar"],"url":"https:\/\/informelitoral.com.ar\/author\/gonzalo\/"}]}},"_links":{"self":[{"href":"https:\/\/informelitoral.com.ar\/%77%70%2d%6a%73%6f%6e\/wp\/v2\/posts\/144705","targetHints":{"allow":["GET"]}}],"collection":[{"href":"https:\/\/informelitoral.com.ar\/%77%70%2d%6a%73%6f%6e\/wp\/v2\/posts"}],"about":[{"href":"https:\/\/informelitoral.com.ar\/%77%70%2d%6a%73%6f%6e\/wp\/v2\/types\/post"}],"author":[{"embeddable":true,"href":"https:\/\/informelitoral.com.ar\/%77%70%2d%6a%73%6f%6e\/wp\/v2\/users\/2"}],"replies":[{"embeddable":true,"href":"https:\/\/informelitoral.com.ar\/%77%70%2d%6a%73%6f%6e\/wp\/v2\/comments?post=144705"}],"version-history":[{"count":0,"href":"https:\/\/informelitoral.com.ar\/%77%70%2d%6a%73%6f%6e\/wp\/v2\/posts\/144705\/revisions"}],"wp:featuredmedia":[{"embeddable":true,"href":"https:\/\/informelitoral.com.ar\/%77%70%2d%6a%73%6f%6e\/wp\/v2\/media\/144706"}],"wp:attachment":[{"href":"https:\/\/informelitoral.com.ar\/%77%70%2d%6a%73%6f%6e\/wp\/v2\/media?parent=144705"}],"wp:term":[{"taxonomy":"category","embeddable":true,"href":"https:\/\/informelitoral.com.ar\/%77%70%2d%6a%73%6f%6e\/wp\/v2\/categories?post=144705"},{"taxonomy":"post_tag","embeddable":true,"href":"https:\/\/informelitoral.com.ar\/%77%70%2d%6a%73%6f%6e\/wp\/v2\/tags?post=144705"}],"curies":[{"name":"wp","href":"https:\/\/api.w.org\/{rel}","templated":true}]}}