{"id":144608,"date":"2023-05-04T10:36:46","date_gmt":"2023-05-04T13:36:46","guid":{"rendered":"https:\/\/www.informelitoral.com.ar\/?p=144608"},"modified":"2023-05-04T17:04:16","modified_gmt":"2023-05-04T20:04:16","slug":"javier-mascherano-presento-la-lista-de-convocados-de-argentina-para-el-mundial-sub-20","status":"publish","type":"post","link":"https:\/\/informelitoral.com.ar\/javier-mascherano-presento-la-lista-de-convocados-de-argentina-para-el-mundial-sub-20\/","title":{"rendered":"Javier Mascherano present\u00f3 la lista de convocados de Argentina para el Mundial Sub 20"},"content":{"rendered":"<p>El entrenador de la Selecci\u00f3n argentina Sub 20\u00a0<strong>Javier Mascherano present\u00f3 la lista de convocados de Argentina<\/strong>\u00a0para disputar el\u00a0<strong>Mundial de la categor\u00eda como anfitri\u00f3n.<\/strong><\/p>\n<p>Luego de la gran oportunidad que le dio<strong>\u00a0la FIFA a la Argentina para ser anfitri\u00f3n y disputar la competencia<\/strong>, el director t\u00e9cnico confirm\u00f3 a los\u00a0<strong>veinti\u00fan futbolistas que representar\u00e1n a la \u201cAlbiceleste\u201d en la Copa del Mundo que iniciar\u00e1 el 20 de mayo.<\/strong><\/p>\n<p>Finalmente, tras varias semanas de negociaciones entre los representantes de la AFA y de los clubes europeos para que cedan ciertos jugadores,<strong>\u00a0Facundo Buonanotte del Brighton and Hove, Alejandro Garnacho del Manchester United y Nicol\u00e1s Paz del Real Madrid son las grandes ausencias que tiene esta listas<\/strong>\u00a0debido a las negativas de los equipos para que viajen.<\/p>\n<div class=\"twitter-tweet twitter-tweet-rendered\"><iframe id=\"twitter-widget-0\" class=\"\" title=\"Twitter Tweet\" src=\"https:\/\/platform.twitter.com\/embed\/Tweet.html?dnt=false&amp;embedId=twitter-widget-0&amp;features=eyJ0ZndfdGltZWxpbmVfbGlzdCI6eyJidWNrZXQiOltdLCJ2ZXJzaW9uIjpudWxsfSwidGZ3X2ZvbGxvd2VyX2NvdW50X3N1bnNldCI6eyJidWNrZXQiOnRydWUsInZlcnNpb24iOm51bGx9LCJ0ZndfdHdlZXRfZWRpdF9iYWNrZW5kIjp7ImJ1Y2tldCI6Im9uIiwidmVyc2lvbiI6bnVsbH0sInRmd19yZWZzcmNfc2Vzc2lvbiI6eyJidWNrZXQiOiJvbiIsInZlcnNpb24iOm51bGx9LCJ0ZndfZm9zbnJfc29mdF9pbnRlcnZlbnRpb25zX2VuYWJsZWQiOnsiYnVja2V0Ijoib24iLCJ2ZXJzaW9uIjpudWxsfSwidGZ3X21peGVkX21lZGlhXzE1ODk3Ijp7ImJ1Y2tldCI6InRyZWF0bWVudCIsInZlcnNpb24iOm51bGx9LCJ0ZndfZXhwZXJpbWVudHNfY29va2llX2V4cGlyYXRpb24iOnsiYnVja2V0IjoxMjA5NjAwLCJ2ZXJzaW9uIjpudWxsfSwidGZ3X3Nob3dfYmlyZHdhdGNoX3Bpdm90c19lbmFibGVkIjp7ImJ1Y2tldCI6Im9uIiwidmVyc2lvbiI6bnVsbH0sInRmd19kdXBsaWNhdGVfc2NyaWJlc190b19zZXR0aW5ncyI6eyJidWNrZXQiOiJvbiIsInZlcnNpb24iOm51bGx9LCJ0ZndfdXNlX3Byb2ZpbGVfaW1hZ2Vfc2hhcGVfZW5hYmxlZCI6eyJidWNrZXQiOiJvbiIsInZlcnNpb24iOm51bGx9LCJ0ZndfdmlkZW9faGxzX2R5bmFtaWNfbWFuaWZlc3RzXzE1MDgyIjp7ImJ1Y2tldCI6InRydWVfYml0cmF0ZSIsInZlcnNpb24iOm51bGx9LCJ0ZndfbGVnYWN5X3RpbWVsaW5lX3N1bnNldCI6eyJidWNrZXQiOnRydWUsInZlcnNpb24iOm51bGx9LCJ0ZndfdHdlZXRfZWRpdF9mcm9udGVuZCI6eyJidWNrZXQiOiJvbiIsInZlcnNpb24iOm51bGx9fQ%3D%3D&amp;frame=false&amp;hideCard=false&amp;hideThread=false&amp;id=1653880270028775425&amp;lang=es&amp;origin=https%3A%2F%2Fnoticiasargentinas.com%2Fdeportes%2Fjavier-mascherano-presento-la-lista-de-convocados-de-argentina-para-el-mundial-sub-20&amp;sessionId=d6b2a8a4ac7eb2a102859dbb7ce8a07eb1aed5d3&amp;siteScreenName=NAagencia&amp;theme=light&amp;widgetsVersion=aaf4084522e3a%3A1674595607486&amp;width=550px\" frameborder=\"0\" scrolling=\"no\" allowfullscreen=\"allowfullscreen\" data-tweet-id=\"1653880270028775425\" data-mce-fragment=\"1\"><\/iframe><\/div>\n<p>Por su parte, los \u201cEuropibes\u201d que s\u00ed estar\u00e1n presentes en la competici\u00f3n internacional son\u00a0<strong>Valent\u00edn Carboni del Inter de Mil\u00e1n, Mat\u00edas Soul\u00e9 de la Juventus y Luka Romero de la Lazio.<\/strong><\/p>\n<p>En cuanto a las sorpresas, entre los que fueron al Sudamericano y la lista para el Mundial,\u00a0<strong>destacan la aparici\u00f3n de Valent\u00edn Barco<\/strong>\u00a0al cual Jorge Almir\u00f3n le dio la confianza para ser el lateral izquierdo de Boca y<strong>\u00a0Rom\u00e1n Vega, el juvenil de Argentinos Juniors que est\u00e1 cedido en el Barcelona B.<\/strong>\u00a0Adem\u00e1s, tambi\u00e9n forman parte dos de las revelaciones de la actual Liga Profesional:\u00a0<strong>Ignacio Miram\u00f3n de Gimnasia de La Plata y Federico Redondo del \u201cBicho\u201d de La Paternal.<\/strong><\/p>\n<p>Con estas altas y bajas en los convocados, la lista final qued\u00f3 conformada por los arqueros\u00a0<strong>Federico G\u00f3mez Gerth<\/strong>\u00a0( Tigre ),\u00a0<strong>Nicol\u00e1s Cl\u00e1a<\/strong>\u00a0( Lan\u00fas ) y\u00a0<strong>Lucas Lavagnino<\/strong>\u00a0( River ); los defensores\u00a0<strong>Agust\u00edn Giay<\/strong>\u00a0( San Lorenzo ),\u00a0<strong>Tom\u00e1s Avil\u00e9s<\/strong>\u00a0( Racing ),<strong>\u00a0Lautaro Di Lollo<\/strong>\u00a0( Boca ),\u00a0<strong>Valent\u00edn G\u00f3mez<\/strong>\u00a0( V\u00e9lez ),\u00a0<strong>Rom\u00e1n Vega<\/strong>\u00a0( Barcelona ) y\u00a0<strong>Valent\u00edn Barco<\/strong>\u00a0( Boca ); los mediocampistas\u00a0<strong>Mateo Tanlongo<\/strong>\u00a0( Sporting de Lisboa ),\u00a0<strong>Ignacio Miram\u00f3n<\/strong>\u00a0( Gimnasia de La Plata ),\u00a0<strong>Federico Redondo<\/strong>\u00a0( Argentinos Juniors ),\u00a0<strong>M\u00e1ximo Perrone<\/strong>\u00a0( Manchester City ),\u00a0<strong>Gino Infantino<\/strong>\u00a0( Rosario Central ) y\u00a0<strong>Valent\u00edn Carboni<\/strong>\u00a0( Inter ); los delanteros\u00a0<strong>Mat\u00edas Soul\u00e9<\/strong>\u00a0( Juventus ),\u00a0<strong>Luka Romero<\/strong>\u00a0( Lazio ),\u00a0<strong>Alejo V\u00e9liz<\/strong>\u00a0( Rosario Central ),\u00a0<strong>Ignacio Maestro Puch<\/strong>\u00a0( Atl\u00e9tico Tucum\u00e1n ),\u00a0<strong>Juan Gauto<\/strong>\u00a0( Hurac\u00e1n ) y\u00a0<strong>Brian Aguirre<\/strong>\u00a0( Newell\u00b4s Old Boys ).<\/p>\n","protected":false},"excerpt":{"rendered":"<p>Finalmente, Alejandro Garnacho, Facundo Buonanotte y Nicol\u00e1s Paz no estar\u00e1n en la competencia pero si lo har\u00e1n Luka Romero, Mat\u00edas Soul\u00e9 y Valent\u00edn Carboni.<\/p>\n","protected":false},"author":8,"featured_media":144602,"comment_status":"open","ping_status":"open","sticky":false,"template":"","format":"standard","meta":{"fifu_image_url":"","fifu_image_alt":"","footnotes":""},"categories":[13],"tags":[705,116],"class_list":{"0":"post-144608","1":"post","2":"type-post","3":"status-publish","4":"format-standard","5":"has-post-thumbnail","7":"category-deportes","8":"tag-fifa","9":"tag-seleccion-argentina"},"yoast_head":"<title>Javier Mascherano present\u00f3 la lista de convocados de Argentina para el Mundial Sub 20 - Informe Litoral<\/title>\n<meta name=\"robots\" content=\"index, follow, max-snippet:-1, max-image-preview:large, max-video-preview:-1\" \/>\n<link rel=\"canonical\" href=\"https:\/\/informelitoral.com.ar\/javier-mascherano-presento-la-lista-de-convocados-de-argentina-para-el-mundial-sub-20\/\" \/>\n<meta property=\"og:locale\" content=\"es_ES\" \/>\n<meta property=\"og:type\" content=\"article\" \/>\n<meta property=\"og:title\" content=\"Javier Mascherano present\u00f3 la lista de convocados de Argentina para el Mundial Sub 20 - Informe Litoral\" \/>\n<meta property=\"og:description\" content=\"Finalmente, Alejandro Garnacho, Facundo Buonanotte y Nicol\u00e1s Paz no estar\u00e1n en la competencia pero si lo har\u00e1n Luka Romero, Mat\u00edas Soul\u00e9 y Valent\u00edn Carboni.\" \/>\n<meta property=\"og:url\" content=\"https:\/\/informelitoral.com.ar\/javier-mascherano-presento-la-lista-de-convocados-de-argentina-para-el-mundial-sub-20\/\" \/>\n<meta property=\"og:site_name\" content=\"Informe Litoral\" \/>\n<meta property=\"article:publisher\" content=\"https:\/\/www.facebook.com\/informelitoral\/\" \/>\n<meta property=\"article:published_time\" content=\"2023-05-04T13:36:46+00:00\" \/>\n<meta property=\"article:modified_time\" content=\"2023-05-04T20:04:16+00:00\" \/>\n<meta property=\"og:image\" content=\"https:\/\/informelitoral.com.ar\/%77%70%2d%63%6f%6e%74%65%6e%74\/uploads\/2023\/05\/masche.jpg\" \/>\n\t<meta property=\"og:image:width\" content=\"1330\" \/>\n\t<meta property=\"og:image:height\" content=\"880\" \/>\n\t<meta property=\"og:image:type\" content=\"image\/jpeg\" \/>\n<meta name=\"author\" content=\"Sebastian\" \/>\n<meta name=\"twitter:card\" content=\"summary_large_image\" \/>\n<meta name=\"twitter:creator\" content=\"@InformeLitoral\" \/>\n<meta name=\"twitter:site\" content=\"@InformeLitoral\" \/>\n<meta name=\"twitter:label1\" content=\"Escrito por\" \/>\n\t<meta name=\"twitter:data1\" content=\"Sebastian\" \/>\n\t<meta name=\"twitter:label2\" content=\"Tiempo de lectura\" \/>\n\t<meta name=\"twitter:data2\" content=\"2 minutos\" \/>\n<script type=\"application\/ld+json\" class=\"yoast-schema-graph\">{\"@context\":\"https:\\\/\\\/schema.org\",\"@graph\":[{\"@type\":\"Article\",\"@id\":\"https:\\\/\\\/informelitoral.com.ar\\\/javier-mascherano-presento-la-lista-de-convocados-de-argentina-para-el-mundial-sub-20\\\/#article\",\"isPartOf\":{\"@id\":\"https:\\\/\\\/informelitoral.com.ar\\\/javier-mascherano-presento-la-lista-de-convocados-de-argentina-para-el-mundial-sub-20\\\/\"},\"author\":{\"name\":\"Sebastian\",\"@id\":\"https:\\\/\\\/informelitoral.com.ar\\\/#\\\/schema\\\/person\\\/f05f9f461677119578717524b127d6d5\"},\"headline\":\"Javier Mascherano present\u00f3 la lista de convocados de Argentina para el Mundial Sub 20\",\"datePublished\":\"2023-05-04T13:36:46+00:00\",\"dateModified\":\"2023-05-04T20:04:16+00:00\",\"mainEntityOfPage\":{\"@id\":\"https:\\\/\\\/informelitoral.com.ar\\\/javier-mascherano-presento-la-lista-de-convocados-de-argentina-para-el-mundial-sub-20\\\/\"},\"wordCount\":396,\"commentCount\":0,\"publisher\":{\"@id\":\"https:\\\/\\\/informelitoral.com.ar\\\/#organization\"},\"image\":{\"@id\":\"https:\\\/\\\/informelitoral.com.ar\\\/javier-mascherano-presento-la-lista-de-convocados-de-argentina-para-el-mundial-sub-20\\\/#primaryimage\"},\"thumbnailUrl\":\"https:\\\/\\\/informelitoral.com.ar\\\/%77%70%2d%63%6f%6e%74%65%6e%74\\\/uploads\\\/2023\\\/05\\\/masche.jpg\",\"keywords\":[\"FIFA\",\"Selecci\u00f3n argentina\"],\"articleSection\":[\"Deportes\"],\"inLanguage\":\"es\",\"potentialAction\":[{\"@type\":\"CommentAction\",\"name\":\"Comment\",\"target\":[\"https:\\\/\\\/informelitoral.com.ar\\\/javier-mascherano-presento-la-lista-de-convocados-de-argentina-para-el-mundial-sub-20\\\/#respond\"]}]},{\"@type\":\"WebPage\",\"@id\":\"https:\\\/\\\/informelitoral.com.ar\\\/javier-mascherano-presento-la-lista-de-convocados-de-argentina-para-el-mundial-sub-20\\\/\",\"url\":\"https:\\\/\\\/informelitoral.com.ar\\\/javier-mascherano-presento-la-lista-de-convocados-de-argentina-para-el-mundial-sub-20\\\/\",\"name\":\"Javier Mascherano present\u00f3 la lista de convocados de Argentina para el Mundial Sub 20 - Informe Litoral\",\"isPartOf\":{\"@id\":\"https:\\\/\\\/informelitoral.com.ar\\\/#website\"},\"primaryImageOfPage\":{\"@id\":\"https:\\\/\\\/informelitoral.com.ar\\\/javier-mascherano-presento-la-lista-de-convocados-de-argentina-para-el-mundial-sub-20\\\/#primaryimage\"},\"image\":{\"@id\":\"https:\\\/\\\/informelitoral.com.ar\\\/javier-mascherano-presento-la-lista-de-convocados-de-argentina-para-el-mundial-sub-20\\\/#primaryimage\"},\"thumbnailUrl\":\"https:\\\/\\\/informelitoral.com.ar\\\/%77%70%2d%63%6f%6e%74%65%6e%74\\\/uploads\\\/2023\\\/05\\\/masche.jpg\",\"datePublished\":\"2023-05-04T13:36:46+00:00\",\"dateModified\":\"2023-05-04T20:04:16+00:00\",\"breadcrumb\":{\"@id\":\"https:\\\/\\\/informelitoral.com.ar\\\/javier-mascherano-presento-la-lista-de-convocados-de-argentina-para-el-mundial-sub-20\\\/#breadcrumb\"},\"inLanguage\":\"es\",\"potentialAction\":[{\"@type\":\"ReadAction\",\"target\":[\"https:\\\/\\\/informelitoral.com.ar\\\/javier-mascherano-presento-la-lista-de-convocados-de-argentina-para-el-mundial-sub-20\\\/\"]}]},{\"@type\":\"ImageObject\",\"inLanguage\":\"es\",\"@id\":\"https:\\\/\\\/informelitoral.com.ar\\\/javier-mascherano-presento-la-lista-de-convocados-de-argentina-para-el-mundial-sub-20\\\/#primaryimage\",\"url\":\"https:\\\/\\\/informelitoral.com.ar\\\/%77%70%2d%63%6f%6e%74%65%6e%74\\\/uploads\\\/2023\\\/05\\\/masche.jpg\",\"contentUrl\":\"https:\\\/\\\/informelitoral.com.ar\\\/%77%70%2d%63%6f%6e%74%65%6e%74\\\/uploads\\\/2023\\\/05\\\/masche.jpg\",\"width\":1330,\"height\":880},{\"@type\":\"BreadcrumbList\",\"@id\":\"https:\\\/\\\/informelitoral.com.ar\\\/javier-mascherano-presento-la-lista-de-convocados-de-argentina-para-el-mundial-sub-20\\\/#breadcrumb\",\"itemListElement\":[{\"@type\":\"ListItem\",\"position\":1,\"name\":\"Portada\",\"item\":\"https:\\\/\\\/informelitoral.com.ar\\\/\"},{\"@type\":\"ListItem\",\"position\":2,\"name\":\"Javier Mascherano present\u00f3 la lista de convocados de Argentina para el Mundial Sub 20\"}]},{\"@type\":\"WebSite\",\"@id\":\"https:\\\/\\\/informelitoral.com.ar\\\/#website\",\"url\":\"https:\\\/\\\/informelitoral.com.ar\\\/\",\"name\":\"Informe Litoral\",\"description\":\"&quot;Nos informamos&quot; \",\"publisher\":{\"@id\":\"https:\\\/\\\/informelitoral.com.ar\\\/#organization\"},\"potentialAction\":[{\"@type\":\"SearchAction\",\"target\":{\"@type\":\"EntryPoint\",\"urlTemplate\":\"https:\\\/\\\/informelitoral.com.ar\\\/?s={search_term_string}\"},\"query-input\":{\"@type\":\"PropertyValueSpecification\",\"valueRequired\":true,\"valueName\":\"search_term_string\"}}],\"inLanguage\":\"es\"},{\"@type\":\"Organization\",\"@id\":\"https:\\\/\\\/informelitoral.com.ar\\\/#organization\",\"name\":\"Informe Litoral\",\"url\":\"https:\\\/\\\/informelitoral.com.ar\\\/\",\"logo\":{\"@type\":\"ImageObject\",\"inLanguage\":\"es\",\"@id\":\"https:\\\/\\\/informelitoral.com.ar\\\/#\\\/schema\\\/logo\\\/image\\\/\",\"url\":\"https:\\\/\\\/informelitoral.com.ar\\\/%77%70%2d%63%6f%6e%74%65%6e%74\\\/uploads\\\/2021\\\/01\\\/circulo.png\",\"contentUrl\":\"https:\\\/\\\/informelitoral.com.ar\\\/%77%70%2d%63%6f%6e%74%65%6e%74\\\/uploads\\\/2021\\\/01\\\/circulo.png\",\"width\":723,\"height\":731,\"caption\":\"Informe Litoral\"},\"image\":{\"@id\":\"https:\\\/\\\/informelitoral.com.ar\\\/#\\\/schema\\\/logo\\\/image\\\/\"},\"sameAs\":[\"https:\\\/\\\/www.facebook.com\\\/informelitoral\\\/\",\"https:\\\/\\\/x.com\\\/InformeLitoral\",\"https:\\\/\\\/www.instagram.com\\\/informelitoral\\\/\",\"https:\\\/\\\/www.youtube.com\\\/channel\\\/UCua4Qvz8Icb6MYqhoq9xLXw\"]},{\"@type\":\"Person\",\"@id\":\"https:\\\/\\\/informelitoral.com.ar\\\/#\\\/schema\\\/person\\\/f05f9f461677119578717524b127d6d5\",\"name\":\"Sebastian\",\"image\":{\"@type\":\"ImageObject\",\"inLanguage\":\"es\",\"@id\":\"https:\\\/\\\/secure.gravatar.com\\\/avatar\\\/b71bf7481d447dfb9583c7f2798e7cc64de6efb9067b74633ed8c31059a3bd82?s=96&d=mm&r=g\",\"url\":\"https:\\\/\\\/secure.gravatar.com\\\/avatar\\\/b71bf7481d447dfb9583c7f2798e7cc64de6efb9067b74633ed8c31059a3bd82?s=96&d=mm&r=g\",\"contentUrl\":\"https:\\\/\\\/secure.gravatar.com\\\/avatar\\\/b71bf7481d447dfb9583c7f2798e7cc64de6efb9067b74633ed8c31059a3bd82?s=96&d=mm&r=g\",\"caption\":\"Sebastian\"},\"url\":\"https:\\\/\\\/informelitoral.com.ar\\\/author\\\/sebastian\\\/\"}]}<\/script>","yoast_head_json":{"title":"Javier Mascherano present\u00f3 la lista de convocados de Argentina para el Mundial Sub 20 - Informe Litoral","robots":{"index":"index","follow":"follow","max-snippet":"max-snippet:-1","max-image-preview":"max-image-preview:large","max-video-preview":"max-video-preview:-1"},"canonical":"https:\/\/informelitoral.com.ar\/javier-mascherano-presento-la-lista-de-convocados-de-argentina-para-el-mundial-sub-20\/","og_locale":"es_ES","og_type":"article","og_title":"Javier Mascherano present\u00f3 la lista de convocados de Argentina para el Mundial Sub 20 - Informe Litoral","og_description":"Finalmente, Alejandro Garnacho, Facundo Buonanotte y Nicol\u00e1s Paz no estar\u00e1n en la competencia pero si lo har\u00e1n Luka Romero, Mat\u00edas Soul\u00e9 y Valent\u00edn Carboni.","og_url":"https:\/\/informelitoral.com.ar\/javier-mascherano-presento-la-lista-de-convocados-de-argentina-para-el-mundial-sub-20\/","og_site_name":"Informe Litoral","article_publisher":"https:\/\/www.facebook.com\/informelitoral\/","article_published_time":"2023-05-04T13:36:46+00:00","article_modified_time":"2023-05-04T20:04:16+00:00","og_image":[{"width":1330,"height":880,"url":"https:\/\/informelitoral.com.ar\/%77%70%2d%63%6f%6e%74%65%6e%74\/uploads\/2023\/05\/masche.jpg","type":"image\/jpeg"}],"author":"Sebastian","twitter_card":"summary_large_image","twitter_creator":"@InformeLitoral","twitter_site":"@InformeLitoral","twitter_misc":{"Escrito por":"Sebastian","Tiempo de lectura":"2 minutos"},"schema":{"@context":"https:\/\/schema.org","@graph":[{"@type":"Article","@id":"https:\/\/informelitoral.com.ar\/javier-mascherano-presento-la-lista-de-convocados-de-argentina-para-el-mundial-sub-20\/#article","isPartOf":{"@id":"https:\/\/informelitoral.com.ar\/javier-mascherano-presento-la-lista-de-convocados-de-argentina-para-el-mundial-sub-20\/"},"author":{"name":"Sebastian","@id":"https:\/\/informelitoral.com.ar\/#\/schema\/person\/f05f9f461677119578717524b127d6d5"},"headline":"Javier Mascherano present\u00f3 la lista de convocados de Argentina para el Mundial Sub 20","datePublished":"2023-05-04T13:36:46+00:00","dateModified":"2023-05-04T20:04:16+00:00","mainEntityOfPage":{"@id":"https:\/\/informelitoral.com.ar\/javier-mascherano-presento-la-lista-de-convocados-de-argentina-para-el-mundial-sub-20\/"},"wordCount":396,"commentCount":0,"publisher":{"@id":"https:\/\/informelitoral.com.ar\/#organization"},"image":{"@id":"https:\/\/informelitoral.com.ar\/javier-mascherano-presento-la-lista-de-convocados-de-argentina-para-el-mundial-sub-20\/#primaryimage"},"thumbnailUrl":"https:\/\/informelitoral.com.ar\/%77%70%2d%63%6f%6e%74%65%6e%74\/uploads\/2023\/05\/masche.jpg","keywords":["FIFA","Selecci\u00f3n argentina"],"articleSection":["Deportes"],"inLanguage":"es","potentialAction":[{"@type":"CommentAction","name":"Comment","target":["https:\/\/informelitoral.com.ar\/javier-mascherano-presento-la-lista-de-convocados-de-argentina-para-el-mundial-sub-20\/#respond"]}]},{"@type":"WebPage","@id":"https:\/\/informelitoral.com.ar\/javier-mascherano-presento-la-lista-de-convocados-de-argentina-para-el-mundial-sub-20\/","url":"https:\/\/informelitoral.com.ar\/javier-mascherano-presento-la-lista-de-convocados-de-argentina-para-el-mundial-sub-20\/","name":"Javier Mascherano present\u00f3 la lista de convocados de Argentina para el Mundial Sub 20 - Informe Litoral","isPartOf":{"@id":"https:\/\/informelitoral.com.ar\/#website"},"primaryImageOfPage":{"@id":"https:\/\/informelitoral.com.ar\/javier-mascherano-presento-la-lista-de-convocados-de-argentina-para-el-mundial-sub-20\/#primaryimage"},"image":{"@id":"https:\/\/informelitoral.com.ar\/javier-mascherano-presento-la-lista-de-convocados-de-argentina-para-el-mundial-sub-20\/#primaryimage"},"thumbnailUrl":"https:\/\/informelitoral.com.ar\/%77%70%2d%63%6f%6e%74%65%6e%74\/uploads\/2023\/05\/masche.jpg","datePublished":"2023-05-04T13:36:46+00:00","dateModified":"2023-05-04T20:04:16+00:00","breadcrumb":{"@id":"https:\/\/informelitoral.com.ar\/javier-mascherano-presento-la-lista-de-convocados-de-argentina-para-el-mundial-sub-20\/#breadcrumb"},"inLanguage":"es","potentialAction":[{"@type":"ReadAction","target":["https:\/\/informelitoral.com.ar\/javier-mascherano-presento-la-lista-de-convocados-de-argentina-para-el-mundial-sub-20\/"]}]},{"@type":"ImageObject","inLanguage":"es","@id":"https:\/\/informelitoral.com.ar\/javier-mascherano-presento-la-lista-de-convocados-de-argentina-para-el-mundial-sub-20\/#primaryimage","url":"https:\/\/informelitoral.com.ar\/%77%70%2d%63%6f%6e%74%65%6e%74\/uploads\/2023\/05\/masche.jpg","contentUrl":"https:\/\/informelitoral.com.ar\/%77%70%2d%63%6f%6e%74%65%6e%74\/uploads\/2023\/05\/masche.jpg","width":1330,"height":880},{"@type":"BreadcrumbList","@id":"https:\/\/informelitoral.com.ar\/javier-mascherano-presento-la-lista-de-convocados-de-argentina-para-el-mundial-sub-20\/#breadcrumb","itemListElement":[{"@type":"ListItem","position":1,"name":"Portada","item":"https:\/\/informelitoral.com.ar\/"},{"@type":"ListItem","position":2,"name":"Javier Mascherano present\u00f3 la lista de convocados de Argentina para el Mundial Sub 20"}]},{"@type":"WebSite","@id":"https:\/\/informelitoral.com.ar\/#website","url":"https:\/\/informelitoral.com.ar\/","name":"Informe Litoral","description":"&quot;Nos informamos&quot; ","publisher":{"@id":"https:\/\/informelitoral.com.ar\/#organization"},"potentialAction":[{"@type":"SearchAction","target":{"@type":"EntryPoint","urlTemplate":"https:\/\/informelitoral.com.ar\/?s={search_term_string}"},"query-input":{"@type":"PropertyValueSpecification","valueRequired":true,"valueName":"search_term_string"}}],"inLanguage":"es"},{"@type":"Organization","@id":"https:\/\/informelitoral.com.ar\/#organization","name":"Informe Litoral","url":"https:\/\/informelitoral.com.ar\/","logo":{"@type":"ImageObject","inLanguage":"es","@id":"https:\/\/informelitoral.com.ar\/#\/schema\/logo\/image\/","url":"https:\/\/informelitoral.com.ar\/%77%70%2d%63%6f%6e%74%65%6e%74\/uploads\/2021\/01\/circulo.png","contentUrl":"https:\/\/informelitoral.com.ar\/%77%70%2d%63%6f%6e%74%65%6e%74\/uploads\/2021\/01\/circulo.png","width":723,"height":731,"caption":"Informe Litoral"},"image":{"@id":"https:\/\/informelitoral.com.ar\/#\/schema\/logo\/image\/"},"sameAs":["https:\/\/www.facebook.com\/informelitoral\/","https:\/\/x.com\/InformeLitoral","https:\/\/www.instagram.com\/informelitoral\/","https:\/\/www.youtube.com\/channel\/UCua4Qvz8Icb6MYqhoq9xLXw"]},{"@type":"Person","@id":"https:\/\/informelitoral.com.ar\/#\/schema\/person\/f05f9f461677119578717524b127d6d5","name":"Sebastian","image":{"@type":"ImageObject","inLanguage":"es","@id":"https:\/\/secure.gravatar.com\/avatar\/b71bf7481d447dfb9583c7f2798e7cc64de6efb9067b74633ed8c31059a3bd82?s=96&d=mm&r=g","url":"https:\/\/secure.gravatar.com\/avatar\/b71bf7481d447dfb9583c7f2798e7cc64de6efb9067b74633ed8c31059a3bd82?s=96&d=mm&r=g","contentUrl":"https:\/\/secure.gravatar.com\/avatar\/b71bf7481d447dfb9583c7f2798e7cc64de6efb9067b74633ed8c31059a3bd82?s=96&d=mm&r=g","caption":"Sebastian"},"url":"https:\/\/informelitoral.com.ar\/author\/sebastian\/"}]}},"_links":{"self":[{"href":"https:\/\/informelitoral.com.ar\/%77%70%2d%6a%73%6f%6e\/wp\/v2\/posts\/144608","targetHints":{"allow":["GET"]}}],"collection":[{"href":"https:\/\/informelitoral.com.ar\/%77%70%2d%6a%73%6f%6e\/wp\/v2\/posts"}],"about":[{"href":"https:\/\/informelitoral.com.ar\/%77%70%2d%6a%73%6f%6e\/wp\/v2\/types\/post"}],"author":[{"embeddable":true,"href":"https:\/\/informelitoral.com.ar\/%77%70%2d%6a%73%6f%6e\/wp\/v2\/users\/8"}],"replies":[{"embeddable":true,"href":"https:\/\/informelitoral.com.ar\/%77%70%2d%6a%73%6f%6e\/wp\/v2\/comments?post=144608"}],"version-history":[{"count":0,"href":"https:\/\/informelitoral.com.ar\/%77%70%2d%6a%73%6f%6e\/wp\/v2\/posts\/144608\/revisions"}],"wp:featuredmedia":[{"embeddable":true,"href":"https:\/\/informelitoral.com.ar\/%77%70%2d%6a%73%6f%6e\/wp\/v2\/media\/144602"}],"wp:attachment":[{"href":"https:\/\/informelitoral.com.ar\/%77%70%2d%6a%73%6f%6e\/wp\/v2\/media?parent=144608"}],"wp:term":[{"taxonomy":"category","embeddable":true,"href":"https:\/\/informelitoral.com.ar\/%77%70%2d%6a%73%6f%6e\/wp\/v2\/categories?post=144608"},{"taxonomy":"post_tag","embeddable":true,"href":"https:\/\/informelitoral.com.ar\/%77%70%2d%6a%73%6f%6e\/wp\/v2\/tags?post=144608"}],"curies":[{"name":"wp","href":"https:\/\/api.w.org\/{rel}","templated":true}]}}