{"id":144275,"date":"2023-05-03T11:16:58","date_gmt":"2023-05-03T14:16:58","guid":{"rendered":"https:\/\/www.informelitoral.com.ar\/?p=144275"},"modified":"2023-05-04T00:17:47","modified_gmt":"2023-05-04T03:17:47","slug":"operaron-con-exito-a-mirtha-legrand-le-colocaron-un-marcapasos","status":"publish","type":"post","link":"https:\/\/informelitoral.com.ar\/operaron-con-exito-a-mirtha-legrand-le-colocaron-un-marcapasos\/","title":{"rendered":"Operaron con \u00e9xito a Mirtha Legrand: le colocaron un marcapasos"},"content":{"rendered":"<p><strong>La estrella televisiva Mirtha\u00a0Legrand fue intervenida esta noche con \u00e9xito, durante el\u00a0procedimiento en el cual se le coloc\u00f3 un marcapasos para regular\u00a0<\/strong><strong>su ritmo card\u00edaco.<\/strong><\/p>\n<p>\u00abHace instantes finaliz\u00f3 el proceso realizado a la se\u00f1ora Mirtha Legrand,<strong>\u00a0tal como estaba previsto\u00bb<\/strong>, confirm\u00f3 a trav\u00e9s de un\u00a0comunicado\u00a0<strong>Roberto Dupy de Lome,<\/strong>\u00a0director m\u00e9dico del sanatorio\u00a0Mater Dei, donde se llev\u00f3 cabo la operaci\u00f3n.<\/p>\n<p><strong>\u00abLa paciente se encuentra en su habitaci\u00f3n, acompa\u00f1ada de su\u00a0familia, para completar su recuperacion\u00bb, a\u00f1ade la nota.\u00a0Asimismo, se hace hincapie en que \u00abla familia agradece las\u00a0muestras de afecto y respeto recibidas durante las ultimas horas\u00bb.<\/strong><\/p>\n<p><strong>En tanto, se inform\u00f3 que el pr\u00f3ximo parte m\u00e9dico se dar\u00e1 a\u00a0conocer ma\u00f1ana a las 12.<\/strong><\/p>\n<p>La conductora y actriz, de 96 a\u00f1os, lleg\u00f3 al sanatorio\u00a0acompa\u00f1ada por su hija,\u00a0<strong>Marcela Tinayre,<\/strong>\u00a0y su nieto,\u00a0<strong>Ignacio Viale\u00a0del Carril.<\/strong><\/p>\n<p>Antes de ingresar, la hija de Mirtha se\u00f1al\u00f3 que\u00a0<strong>\u00abEs una\u00a0intervenci\u00f3n ambulatoria, solo tiene los riesgos propios de una\u00a0persona m\u00e1s grande\u00bb, a\u00f1adi\u00f3: \u00abEstoy muy emocionada del amor de\u00a0todos, gracias\u00bb.<\/strong><\/p>\n<p><strong>Luego de la operaci\u00f3n, Legrand fue trasladada a una unidad\u00a0coronaria,<\/strong>\u00a0donde pasar\u00e1 la noche y ser\u00e1 monitoreada por el equipo\u00a0m\u00e9dico que la intervino, y que estuvo a cargo de Fernando\u00a0Mastrogi\u00e1como, miembro del Departamento Cardiovascular del\u00a0Instituto M\u00e9dico Especializado Alexander Fleming.<\/p>\n<p>Hora antes de la operaci\u00f3n, y a trav\u00e9s de su cuenta en la red\u00a0social Twitter, la conductora escribi\u00f3: \u00abLes quiero contar que\u00a0para seguir activa como a m\u00ed me gusta, y porque siempre apuesto a\u00a0la vida, decid\u00ed junto con mis m\u00e9dicos instalarme un<strong>\u00a0marcapasos de\u00a0\u00faltima generaci\u00f3n que regule adecuadamente mi ritmo card\u00edaco<\/strong>, algo\u00a0que ya ven\u00eda conversando luego de la colocaci\u00f3n de los stent hace\u00a0un tiempo\u00bb.<\/p>\n<p>La operaci\u00f3n de\u00a0<strong>Legrand<\/strong>\u00a0se dio en medio de las negociaciones\u00a0para su pronto retorno a la televisi\u00f3n, y si bien estar\u00edan\u00a0avanzadas las negociaciones para que contin\u00fae en el\u00a0<strong>Trece,<\/strong>\u00a0las\u00a0autoridades de\u00a0<strong>Am\u00e9rica<\/strong>\u00a0estar\u00edan interesadas en sumarla a su grilla\u00a0en el corto plazo.<\/p>\n","protected":false},"excerpt":{"rendered":"<p>La conductora televisiva se recupera en su habitaci\u00f3n.<\/p>\n","protected":false},"author":8,"featured_media":144253,"comment_status":"open","ping_status":"open","sticky":false,"template":"","format":"standard","meta":{"fifu_image_url":"","fifu_image_alt":"","footnotes":""},"categories":[12],"tags":[1310],"class_list":{"0":"post-144275","1":"post","2":"type-post","3":"status-publish","4":"format-standard","5":"has-post-thumbnail","7":"category-espectaculos","8":"tag-mirtha-legrand"},"yoast_head":"<title>Operaron con \u00e9xito a Mirtha Legrand: le colocaron un marcapasos - Informe Litoral<\/title>\n<meta name=\"robots\" content=\"index, follow, max-snippet:-1, max-image-preview:large, max-video-preview:-1\" \/>\n<link rel=\"canonical\" href=\"https:\/\/informelitoral.com.ar\/operaron-con-exito-a-mirtha-legrand-le-colocaron-un-marcapasos\/\" \/>\n<meta property=\"og:locale\" content=\"es_ES\" \/>\n<meta property=\"og:type\" content=\"article\" \/>\n<meta property=\"og:title\" content=\"Operaron con \u00e9xito a Mirtha Legrand: le colocaron un marcapasos - Informe Litoral\" \/>\n<meta property=\"og:description\" content=\"La conductora televisiva se recupera en su habitaci\u00f3n.\" \/>\n<meta property=\"og:url\" content=\"https:\/\/informelitoral.com.ar\/operaron-con-exito-a-mirtha-legrand-le-colocaron-un-marcapasos\/\" \/>\n<meta property=\"og:site_name\" content=\"Informe Litoral\" \/>\n<meta property=\"article:publisher\" content=\"https:\/\/www.facebook.com\/informelitoral\/\" \/>\n<meta property=\"article:published_time\" content=\"2023-05-03T14:16:58+00:00\" \/>\n<meta property=\"article:modified_time\" content=\"2023-05-04T03:17:47+00:00\" \/>\n<meta property=\"og:image\" content=\"https:\/\/informelitoral.com.ar\/%77%70%2d%63%6f%6e%74%65%6e%74\/uploads\/2023\/05\/operaron-a-mirtha-legrand-foto___XiuS8iHyN_640x361__1.webp\" \/>\n\t<meta property=\"og:image:width\" content=\"640\" \/>\n\t<meta property=\"og:image:height\" content=\"361\" \/>\n\t<meta property=\"og:image:type\" content=\"image\/webp\" \/>\n<meta name=\"author\" content=\"Sebastian\" \/>\n<meta name=\"twitter:card\" content=\"summary_large_image\" \/>\n<meta name=\"twitter:creator\" content=\"@InformeLitoral\" \/>\n<meta name=\"twitter:site\" content=\"@InformeLitoral\" \/>\n<meta name=\"twitter:label1\" content=\"Escrito por\" \/>\n\t<meta name=\"twitter:data1\" content=\"Sebastian\" \/>\n\t<meta name=\"twitter:label2\" content=\"Tiempo de lectura\" \/>\n\t<meta name=\"twitter:data2\" content=\"2 minutos\" \/>\n<script type=\"application\/ld+json\" class=\"yoast-schema-graph\">{\"@context\":\"https:\\\/\\\/schema.org\",\"@graph\":[{\"@type\":\"Article\",\"@id\":\"https:\\\/\\\/informelitoral.com.ar\\\/operaron-con-exito-a-mirtha-legrand-le-colocaron-un-marcapasos\\\/#article\",\"isPartOf\":{\"@id\":\"https:\\\/\\\/informelitoral.com.ar\\\/operaron-con-exito-a-mirtha-legrand-le-colocaron-un-marcapasos\\\/\"},\"author\":{\"name\":\"Sebastian\",\"@id\":\"https:\\\/\\\/informelitoral.com.ar\\\/#\\\/schema\\\/person\\\/f05f9f461677119578717524b127d6d5\"},\"headline\":\"Operaron con \u00e9xito a Mirtha Legrand: le colocaron un marcapasos\",\"datePublished\":\"2023-05-03T14:16:58+00:00\",\"dateModified\":\"2023-05-04T03:17:47+00:00\",\"mainEntityOfPage\":{\"@id\":\"https:\\\/\\\/informelitoral.com.ar\\\/operaron-con-exito-a-mirtha-legrand-le-colocaron-un-marcapasos\\\/\"},\"wordCount\":375,\"commentCount\":0,\"publisher\":{\"@id\":\"https:\\\/\\\/informelitoral.com.ar\\\/#organization\"},\"image\":{\"@id\":\"https:\\\/\\\/informelitoral.com.ar\\\/operaron-con-exito-a-mirtha-legrand-le-colocaron-un-marcapasos\\\/#primaryimage\"},\"thumbnailUrl\":\"https:\\\/\\\/informelitoral.com.ar\\\/%77%70%2d%63%6f%6e%74%65%6e%74\\\/uploads\\\/2023\\\/05\\\/operaron-a-mirtha-legrand-foto___XiuS8iHyN_640x361__1.webp\",\"keywords\":[\"Mirtha Legrand\"],\"articleSection\":[\"Espect\u00e1culos\"],\"inLanguage\":\"es\",\"potentialAction\":[{\"@type\":\"CommentAction\",\"name\":\"Comment\",\"target\":[\"https:\\\/\\\/informelitoral.com.ar\\\/operaron-con-exito-a-mirtha-legrand-le-colocaron-un-marcapasos\\\/#respond\"]}]},{\"@type\":\"WebPage\",\"@id\":\"https:\\\/\\\/informelitoral.com.ar\\\/operaron-con-exito-a-mirtha-legrand-le-colocaron-un-marcapasos\\\/\",\"url\":\"https:\\\/\\\/informelitoral.com.ar\\\/operaron-con-exito-a-mirtha-legrand-le-colocaron-un-marcapasos\\\/\",\"name\":\"Operaron con \u00e9xito a Mirtha Legrand: le colocaron un marcapasos - Informe Litoral\",\"isPartOf\":{\"@id\":\"https:\\\/\\\/informelitoral.com.ar\\\/#website\"},\"primaryImageOfPage\":{\"@id\":\"https:\\\/\\\/informelitoral.com.ar\\\/operaron-con-exito-a-mirtha-legrand-le-colocaron-un-marcapasos\\\/#primaryimage\"},\"image\":{\"@id\":\"https:\\\/\\\/informelitoral.com.ar\\\/operaron-con-exito-a-mirtha-legrand-le-colocaron-un-marcapasos\\\/#primaryimage\"},\"thumbnailUrl\":\"https:\\\/\\\/informelitoral.com.ar\\\/%77%70%2d%63%6f%6e%74%65%6e%74\\\/uploads\\\/2023\\\/05\\\/operaron-a-mirtha-legrand-foto___XiuS8iHyN_640x361__1.webp\",\"datePublished\":\"2023-05-03T14:16:58+00:00\",\"dateModified\":\"2023-05-04T03:17:47+00:00\",\"breadcrumb\":{\"@id\":\"https:\\\/\\\/informelitoral.com.ar\\\/operaron-con-exito-a-mirtha-legrand-le-colocaron-un-marcapasos\\\/#breadcrumb\"},\"inLanguage\":\"es\",\"potentialAction\":[{\"@type\":\"ReadAction\",\"target\":[\"https:\\\/\\\/informelitoral.com.ar\\\/operaron-con-exito-a-mirtha-legrand-le-colocaron-un-marcapasos\\\/\"]}]},{\"@type\":\"ImageObject\",\"inLanguage\":\"es\",\"@id\":\"https:\\\/\\\/informelitoral.com.ar\\\/operaron-con-exito-a-mirtha-legrand-le-colocaron-un-marcapasos\\\/#primaryimage\",\"url\":\"https:\\\/\\\/informelitoral.com.ar\\\/%77%70%2d%63%6f%6e%74%65%6e%74\\\/uploads\\\/2023\\\/05\\\/operaron-a-mirtha-legrand-foto___XiuS8iHyN_640x361__1.webp\",\"contentUrl\":\"https:\\\/\\\/informelitoral.com.ar\\\/%77%70%2d%63%6f%6e%74%65%6e%74\\\/uploads\\\/2023\\\/05\\\/operaron-a-mirtha-legrand-foto___XiuS8iHyN_640x361__1.webp\",\"width\":640,\"height\":361},{\"@type\":\"BreadcrumbList\",\"@id\":\"https:\\\/\\\/informelitoral.com.ar\\\/operaron-con-exito-a-mirtha-legrand-le-colocaron-un-marcapasos\\\/#breadcrumb\",\"itemListElement\":[{\"@type\":\"ListItem\",\"position\":1,\"name\":\"Portada\",\"item\":\"https:\\\/\\\/informelitoral.com.ar\\\/\"},{\"@type\":\"ListItem\",\"position\":2,\"name\":\"Operaron con \u00e9xito a Mirtha Legrand: le colocaron un marcapasos\"}]},{\"@type\":\"WebSite\",\"@id\":\"https:\\\/\\\/informelitoral.com.ar\\\/#website\",\"url\":\"https:\\\/\\\/informelitoral.com.ar\\\/\",\"name\":\"Informe Litoral\",\"description\":\"&quot;Nos informamos&quot; \",\"publisher\":{\"@id\":\"https:\\\/\\\/informelitoral.com.ar\\\/#organization\"},\"potentialAction\":[{\"@type\":\"SearchAction\",\"target\":{\"@type\":\"EntryPoint\",\"urlTemplate\":\"https:\\\/\\\/informelitoral.com.ar\\\/?s={search_term_string}\"},\"query-input\":{\"@type\":\"PropertyValueSpecification\",\"valueRequired\":true,\"valueName\":\"search_term_string\"}}],\"inLanguage\":\"es\"},{\"@type\":\"Organization\",\"@id\":\"https:\\\/\\\/informelitoral.com.ar\\\/#organization\",\"name\":\"Informe Litoral\",\"url\":\"https:\\\/\\\/informelitoral.com.ar\\\/\",\"logo\":{\"@type\":\"ImageObject\",\"inLanguage\":\"es\",\"@id\":\"https:\\\/\\\/informelitoral.com.ar\\\/#\\\/schema\\\/logo\\\/image\\\/\",\"url\":\"https:\\\/\\\/informelitoral.com.ar\\\/%77%70%2d%63%6f%6e%74%65%6e%74\\\/uploads\\\/2021\\\/01\\\/circulo.png\",\"contentUrl\":\"https:\\\/\\\/informelitoral.com.ar\\\/%77%70%2d%63%6f%6e%74%65%6e%74\\\/uploads\\\/2021\\\/01\\\/circulo.png\",\"width\":723,\"height\":731,\"caption\":\"Informe Litoral\"},\"image\":{\"@id\":\"https:\\\/\\\/informelitoral.com.ar\\\/#\\\/schema\\\/logo\\\/image\\\/\"},\"sameAs\":[\"https:\\\/\\\/www.facebook.com\\\/informelitoral\\\/\",\"https:\\\/\\\/x.com\\\/InformeLitoral\",\"https:\\\/\\\/www.instagram.com\\\/informelitoral\\\/\",\"https:\\\/\\\/www.youtube.com\\\/channel\\\/UCua4Qvz8Icb6MYqhoq9xLXw\"]},{\"@type\":\"Person\",\"@id\":\"https:\\\/\\\/informelitoral.com.ar\\\/#\\\/schema\\\/person\\\/f05f9f461677119578717524b127d6d5\",\"name\":\"Sebastian\",\"image\":{\"@type\":\"ImageObject\",\"inLanguage\":\"es\",\"@id\":\"https:\\\/\\\/secure.gravatar.com\\\/avatar\\\/b71bf7481d447dfb9583c7f2798e7cc64de6efb9067b74633ed8c31059a3bd82?s=96&d=mm&r=g\",\"url\":\"https:\\\/\\\/secure.gravatar.com\\\/avatar\\\/b71bf7481d447dfb9583c7f2798e7cc64de6efb9067b74633ed8c31059a3bd82?s=96&d=mm&r=g\",\"contentUrl\":\"https:\\\/\\\/secure.gravatar.com\\\/avatar\\\/b71bf7481d447dfb9583c7f2798e7cc64de6efb9067b74633ed8c31059a3bd82?s=96&d=mm&r=g\",\"caption\":\"Sebastian\"},\"url\":\"https:\\\/\\\/informelitoral.com.ar\\\/author\\\/sebastian\\\/\"}]}<\/script>","yoast_head_json":{"title":"Operaron con \u00e9xito a Mirtha Legrand: le colocaron un marcapasos - Informe Litoral","robots":{"index":"index","follow":"follow","max-snippet":"max-snippet:-1","max-image-preview":"max-image-preview:large","max-video-preview":"max-video-preview:-1"},"canonical":"https:\/\/informelitoral.com.ar\/operaron-con-exito-a-mirtha-legrand-le-colocaron-un-marcapasos\/","og_locale":"es_ES","og_type":"article","og_title":"Operaron con \u00e9xito a Mirtha Legrand: le colocaron un marcapasos - Informe Litoral","og_description":"La conductora televisiva se recupera en su habitaci\u00f3n.","og_url":"https:\/\/informelitoral.com.ar\/operaron-con-exito-a-mirtha-legrand-le-colocaron-un-marcapasos\/","og_site_name":"Informe Litoral","article_publisher":"https:\/\/www.facebook.com\/informelitoral\/","article_published_time":"2023-05-03T14:16:58+00:00","article_modified_time":"2023-05-04T03:17:47+00:00","og_image":[{"width":640,"height":361,"url":"https:\/\/informelitoral.com.ar\/%77%70%2d%63%6f%6e%74%65%6e%74\/uploads\/2023\/05\/operaron-a-mirtha-legrand-foto___XiuS8iHyN_640x361__1.webp","type":"image\/webp"}],"author":"Sebastian","twitter_card":"summary_large_image","twitter_creator":"@InformeLitoral","twitter_site":"@InformeLitoral","twitter_misc":{"Escrito por":"Sebastian","Tiempo de lectura":"2 minutos"},"schema":{"@context":"https:\/\/schema.org","@graph":[{"@type":"Article","@id":"https:\/\/informelitoral.com.ar\/operaron-con-exito-a-mirtha-legrand-le-colocaron-un-marcapasos\/#article","isPartOf":{"@id":"https:\/\/informelitoral.com.ar\/operaron-con-exito-a-mirtha-legrand-le-colocaron-un-marcapasos\/"},"author":{"name":"Sebastian","@id":"https:\/\/informelitoral.com.ar\/#\/schema\/person\/f05f9f461677119578717524b127d6d5"},"headline":"Operaron con \u00e9xito a Mirtha Legrand: le colocaron un marcapasos","datePublished":"2023-05-03T14:16:58+00:00","dateModified":"2023-05-04T03:17:47+00:00","mainEntityOfPage":{"@id":"https:\/\/informelitoral.com.ar\/operaron-con-exito-a-mirtha-legrand-le-colocaron-un-marcapasos\/"},"wordCount":375,"commentCount":0,"publisher":{"@id":"https:\/\/informelitoral.com.ar\/#organization"},"image":{"@id":"https:\/\/informelitoral.com.ar\/operaron-con-exito-a-mirtha-legrand-le-colocaron-un-marcapasos\/#primaryimage"},"thumbnailUrl":"https:\/\/informelitoral.com.ar\/%77%70%2d%63%6f%6e%74%65%6e%74\/uploads\/2023\/05\/operaron-a-mirtha-legrand-foto___XiuS8iHyN_640x361__1.webp","keywords":["Mirtha Legrand"],"articleSection":["Espect\u00e1culos"],"inLanguage":"es","potentialAction":[{"@type":"CommentAction","name":"Comment","target":["https:\/\/informelitoral.com.ar\/operaron-con-exito-a-mirtha-legrand-le-colocaron-un-marcapasos\/#respond"]}]},{"@type":"WebPage","@id":"https:\/\/informelitoral.com.ar\/operaron-con-exito-a-mirtha-legrand-le-colocaron-un-marcapasos\/","url":"https:\/\/informelitoral.com.ar\/operaron-con-exito-a-mirtha-legrand-le-colocaron-un-marcapasos\/","name":"Operaron con \u00e9xito a Mirtha Legrand: le colocaron un marcapasos - Informe Litoral","isPartOf":{"@id":"https:\/\/informelitoral.com.ar\/#website"},"primaryImageOfPage":{"@id":"https:\/\/informelitoral.com.ar\/operaron-con-exito-a-mirtha-legrand-le-colocaron-un-marcapasos\/#primaryimage"},"image":{"@id":"https:\/\/informelitoral.com.ar\/operaron-con-exito-a-mirtha-legrand-le-colocaron-un-marcapasos\/#primaryimage"},"thumbnailUrl":"https:\/\/informelitoral.com.ar\/%77%70%2d%63%6f%6e%74%65%6e%74\/uploads\/2023\/05\/operaron-a-mirtha-legrand-foto___XiuS8iHyN_640x361__1.webp","datePublished":"2023-05-03T14:16:58+00:00","dateModified":"2023-05-04T03:17:47+00:00","breadcrumb":{"@id":"https:\/\/informelitoral.com.ar\/operaron-con-exito-a-mirtha-legrand-le-colocaron-un-marcapasos\/#breadcrumb"},"inLanguage":"es","potentialAction":[{"@type":"ReadAction","target":["https:\/\/informelitoral.com.ar\/operaron-con-exito-a-mirtha-legrand-le-colocaron-un-marcapasos\/"]}]},{"@type":"ImageObject","inLanguage":"es","@id":"https:\/\/informelitoral.com.ar\/operaron-con-exito-a-mirtha-legrand-le-colocaron-un-marcapasos\/#primaryimage","url":"https:\/\/informelitoral.com.ar\/%77%70%2d%63%6f%6e%74%65%6e%74\/uploads\/2023\/05\/operaron-a-mirtha-legrand-foto___XiuS8iHyN_640x361__1.webp","contentUrl":"https:\/\/informelitoral.com.ar\/%77%70%2d%63%6f%6e%74%65%6e%74\/uploads\/2023\/05\/operaron-a-mirtha-legrand-foto___XiuS8iHyN_640x361__1.webp","width":640,"height":361},{"@type":"BreadcrumbList","@id":"https:\/\/informelitoral.com.ar\/operaron-con-exito-a-mirtha-legrand-le-colocaron-un-marcapasos\/#breadcrumb","itemListElement":[{"@type":"ListItem","position":1,"name":"Portada","item":"https:\/\/informelitoral.com.ar\/"},{"@type":"ListItem","position":2,"name":"Operaron con \u00e9xito a Mirtha Legrand: le colocaron un marcapasos"}]},{"@type":"WebSite","@id":"https:\/\/informelitoral.com.ar\/#website","url":"https:\/\/informelitoral.com.ar\/","name":"Informe Litoral","description":"&quot;Nos informamos&quot; ","publisher":{"@id":"https:\/\/informelitoral.com.ar\/#organization"},"potentialAction":[{"@type":"SearchAction","target":{"@type":"EntryPoint","urlTemplate":"https:\/\/informelitoral.com.ar\/?s={search_term_string}"},"query-input":{"@type":"PropertyValueSpecification","valueRequired":true,"valueName":"search_term_string"}}],"inLanguage":"es"},{"@type":"Organization","@id":"https:\/\/informelitoral.com.ar\/#organization","name":"Informe Litoral","url":"https:\/\/informelitoral.com.ar\/","logo":{"@type":"ImageObject","inLanguage":"es","@id":"https:\/\/informelitoral.com.ar\/#\/schema\/logo\/image\/","url":"https:\/\/informelitoral.com.ar\/%77%70%2d%63%6f%6e%74%65%6e%74\/uploads\/2021\/01\/circulo.png","contentUrl":"https:\/\/informelitoral.com.ar\/%77%70%2d%63%6f%6e%74%65%6e%74\/uploads\/2021\/01\/circulo.png","width":723,"height":731,"caption":"Informe Litoral"},"image":{"@id":"https:\/\/informelitoral.com.ar\/#\/schema\/logo\/image\/"},"sameAs":["https:\/\/www.facebook.com\/informelitoral\/","https:\/\/x.com\/InformeLitoral","https:\/\/www.instagram.com\/informelitoral\/","https:\/\/www.youtube.com\/channel\/UCua4Qvz8Icb6MYqhoq9xLXw"]},{"@type":"Person","@id":"https:\/\/informelitoral.com.ar\/#\/schema\/person\/f05f9f461677119578717524b127d6d5","name":"Sebastian","image":{"@type":"ImageObject","inLanguage":"es","@id":"https:\/\/secure.gravatar.com\/avatar\/b71bf7481d447dfb9583c7f2798e7cc64de6efb9067b74633ed8c31059a3bd82?s=96&d=mm&r=g","url":"https:\/\/secure.gravatar.com\/avatar\/b71bf7481d447dfb9583c7f2798e7cc64de6efb9067b74633ed8c31059a3bd82?s=96&d=mm&r=g","contentUrl":"https:\/\/secure.gravatar.com\/avatar\/b71bf7481d447dfb9583c7f2798e7cc64de6efb9067b74633ed8c31059a3bd82?s=96&d=mm&r=g","caption":"Sebastian"},"url":"https:\/\/informelitoral.com.ar\/author\/sebastian\/"}]}},"_links":{"self":[{"href":"https:\/\/informelitoral.com.ar\/%77%70%2d%6a%73%6f%6e\/wp\/v2\/posts\/144275","targetHints":{"allow":["GET"]}}],"collection":[{"href":"https:\/\/informelitoral.com.ar\/%77%70%2d%6a%73%6f%6e\/wp\/v2\/posts"}],"about":[{"href":"https:\/\/informelitoral.com.ar\/%77%70%2d%6a%73%6f%6e\/wp\/v2\/types\/post"}],"author":[{"embeddable":true,"href":"https:\/\/informelitoral.com.ar\/%77%70%2d%6a%73%6f%6e\/wp\/v2\/users\/8"}],"replies":[{"embeddable":true,"href":"https:\/\/informelitoral.com.ar\/%77%70%2d%6a%73%6f%6e\/wp\/v2\/comments?post=144275"}],"version-history":[{"count":0,"href":"https:\/\/informelitoral.com.ar\/%77%70%2d%6a%73%6f%6e\/wp\/v2\/posts\/144275\/revisions"}],"wp:featuredmedia":[{"embeddable":true,"href":"https:\/\/informelitoral.com.ar\/%77%70%2d%6a%73%6f%6e\/wp\/v2\/media\/144253"}],"wp:attachment":[{"href":"https:\/\/informelitoral.com.ar\/%77%70%2d%6a%73%6f%6e\/wp\/v2\/media?parent=144275"}],"wp:term":[{"taxonomy":"category","embeddable":true,"href":"https:\/\/informelitoral.com.ar\/%77%70%2d%6a%73%6f%6e\/wp\/v2\/categories?post=144275"},{"taxonomy":"post_tag","embeddable":true,"href":"https:\/\/informelitoral.com.ar\/%77%70%2d%6a%73%6f%6e\/wp\/v2\/tags?post=144275"}],"curies":[{"name":"wp","href":"https:\/\/api.w.org\/{rel}","templated":true}]}}