{"id":144234,"date":"2023-05-03T10:11:51","date_gmt":"2023-05-03T13:11:51","guid":{"rendered":"https:\/\/www.informelitoral.com.ar\/?p=144234"},"modified":"2023-05-04T00:18:49","modified_gmt":"2023-05-04T03:18:49","slug":"el-superclasico-ya-tiene-arbitro-quien-dirigira-river-boca","status":"publish","type":"post","link":"https:\/\/informelitoral.com.ar\/el-superclasico-ya-tiene-arbitro-quien-dirigira-river-boca\/","title":{"rendered":"El Supercl\u00e1sico ya tiene \u00e1rbitro: qui\u00e9n dirigir\u00e1 River-Boca"},"content":{"rendered":"<p>El pr\u00f3ximo fin de semana habr\u00e1 Supercl\u00e1sico. El domingo, desde las 17:15 y por la fecha 15 de la Liga Profesional, River y Boca se ver\u00e1n las caras en el Estadio Monumental para protagonizar una nueva edici\u00f3n del duelo m\u00e1s trascendente del f\u00fatbol argentino. Este martes se defini\u00f3 qui\u00e9n ser\u00e1 el \u00e1rbitro para impartir justicia: Dar\u00edo Herrera, el designado por tercera vez consecutiva.<\/p>\n<p>El Millonario de Mart\u00edn Demichelis es l\u00edder absoluto del torneo y no quiere perder terreno en la disputa por el campeonato. Del otro lado, el Xeneize de Jorge Almir\u00f3n, que viene de vencer 3-1 a Racing en un cl\u00e1sico interesante en La Bombonera.<\/p>\n<p>A d\u00edas del Super, y con duelos por Copa Libertadores en el medio, se conoci\u00f3 el juez para el partido. Herrera tendr\u00e1 el desaf\u00edo que arbitrar un nuevo River-Boca, el sexto en su haber. Estar\u00e1 acompa\u00f1ando por Juan Pablo Belatti y Pablo Gonzalez, mientras que al VAR ir\u00e1 Silvio Trucco. \u00bfC\u00f3mo salieron los anteriores? Tres victorias para el club de La Ribera y un empate.<\/p>\n","protected":false},"excerpt":{"rendered":"<p>Se design\u00f3 a quien juzgar\u00e1 las jugadas del Supercl\u00e1sico que se disputar\u00e1 este fin de semana.<\/p>\n","protected":false},"author":8,"featured_media":144225,"comment_status":"open","ping_status":"open","sticky":false,"template":"","format":"standard","meta":{"fifu_image_url":"","fifu_image_alt":"","footnotes":""},"categories":[13],"tags":[1253,1254,3403],"class_list":{"0":"post-144234","1":"post","2":"type-post","3":"status-publish","4":"format-standard","5":"has-post-thumbnail","7":"category-deportes","8":"tag-boca","9":"tag-river","10":"tag-superclasico"},"yoast_head":"<title>El Supercl\u00e1sico ya tiene \u00e1rbitro: qui\u00e9n dirigir\u00e1 River-Boca - Informe Litoral<\/title>\n<meta name=\"robots\" content=\"index, follow, max-snippet:-1, max-image-preview:large, max-video-preview:-1\" \/>\n<link rel=\"canonical\" href=\"https:\/\/informelitoral.com.ar\/el-superclasico-ya-tiene-arbitro-quien-dirigira-river-boca\/\" \/>\n<meta property=\"og:locale\" content=\"es_ES\" \/>\n<meta property=\"og:type\" content=\"article\" \/>\n<meta property=\"og:title\" content=\"El Supercl\u00e1sico ya tiene \u00e1rbitro: qui\u00e9n dirigir\u00e1 River-Boca - Informe Litoral\" \/>\n<meta property=\"og:description\" content=\"Se design\u00f3 a quien juzgar\u00e1 las jugadas del Supercl\u00e1sico que se disputar\u00e1 este fin de semana.\" \/>\n<meta property=\"og:url\" content=\"https:\/\/informelitoral.com.ar\/el-superclasico-ya-tiene-arbitro-quien-dirigira-river-boca\/\" \/>\n<meta property=\"og:site_name\" content=\"Informe Litoral\" \/>\n<meta property=\"article:publisher\" content=\"https:\/\/www.facebook.com\/informelitoral\/\" \/>\n<meta property=\"article:published_time\" content=\"2023-05-03T13:11:51+00:00\" \/>\n<meta property=\"article:modified_time\" content=\"2023-05-04T03:18:49+00:00\" \/>\n<meta property=\"og:image\" content=\"https:\/\/informelitoral.com.ar\/%77%70%2d%63%6f%6e%74%65%6e%74\/uploads\/2023\/05\/dario-herrera-superclasicojpg.webp\" \/>\n\t<meta property=\"og:image:width\" content=\"610\" \/>\n\t<meta property=\"og:image:height\" content=\"458\" \/>\n\t<meta property=\"og:image:type\" content=\"image\/webp\" \/>\n<meta name=\"author\" content=\"Sebastian\" \/>\n<meta name=\"twitter:card\" content=\"summary_large_image\" \/>\n<meta name=\"twitter:creator\" content=\"@InformeLitoral\" \/>\n<meta name=\"twitter:site\" content=\"@InformeLitoral\" \/>\n<meta name=\"twitter:label1\" content=\"Escrito por\" \/>\n\t<meta name=\"twitter:data1\" content=\"Sebastian\" \/>\n\t<meta name=\"twitter:label2\" content=\"Tiempo de lectura\" \/>\n\t<meta name=\"twitter:data2\" content=\"1 minuto\" \/>\n<script type=\"application\/ld+json\" class=\"yoast-schema-graph\">{\"@context\":\"https:\\\/\\\/schema.org\",\"@graph\":[{\"@type\":\"Article\",\"@id\":\"https:\\\/\\\/informelitoral.com.ar\\\/el-superclasico-ya-tiene-arbitro-quien-dirigira-river-boca\\\/#article\",\"isPartOf\":{\"@id\":\"https:\\\/\\\/informelitoral.com.ar\\\/el-superclasico-ya-tiene-arbitro-quien-dirigira-river-boca\\\/\"},\"author\":{\"name\":\"Sebastian\",\"@id\":\"https:\\\/\\\/informelitoral.com.ar\\\/#\\\/schema\\\/person\\\/f05f9f461677119578717524b127d6d5\"},\"headline\":\"El Supercl\u00e1sico ya tiene \u00e1rbitro: qui\u00e9n dirigir\u00e1 River-Boca\",\"datePublished\":\"2023-05-03T13:11:51+00:00\",\"dateModified\":\"2023-05-04T03:18:49+00:00\",\"mainEntityOfPage\":{\"@id\":\"https:\\\/\\\/informelitoral.com.ar\\\/el-superclasico-ya-tiene-arbitro-quien-dirigira-river-boca\\\/\"},\"wordCount\":195,\"commentCount\":0,\"publisher\":{\"@id\":\"https:\\\/\\\/informelitoral.com.ar\\\/#organization\"},\"image\":{\"@id\":\"https:\\\/\\\/informelitoral.com.ar\\\/el-superclasico-ya-tiene-arbitro-quien-dirigira-river-boca\\\/#primaryimage\"},\"thumbnailUrl\":\"https:\\\/\\\/informelitoral.com.ar\\\/%77%70%2d%63%6f%6e%74%65%6e%74\\\/uploads\\\/2023\\\/05\\\/dario-herrera-superclasicojpg.webp\",\"keywords\":[\"Boca\",\"River\",\"Supercl\u00e1sico\"],\"articleSection\":[\"Deportes\"],\"inLanguage\":\"es\",\"potentialAction\":[{\"@type\":\"CommentAction\",\"name\":\"Comment\",\"target\":[\"https:\\\/\\\/informelitoral.com.ar\\\/el-superclasico-ya-tiene-arbitro-quien-dirigira-river-boca\\\/#respond\"]}]},{\"@type\":\"WebPage\",\"@id\":\"https:\\\/\\\/informelitoral.com.ar\\\/el-superclasico-ya-tiene-arbitro-quien-dirigira-river-boca\\\/\",\"url\":\"https:\\\/\\\/informelitoral.com.ar\\\/el-superclasico-ya-tiene-arbitro-quien-dirigira-river-boca\\\/\",\"name\":\"El Supercl\u00e1sico ya tiene \u00e1rbitro: qui\u00e9n dirigir\u00e1 River-Boca - Informe Litoral\",\"isPartOf\":{\"@id\":\"https:\\\/\\\/informelitoral.com.ar\\\/#website\"},\"primaryImageOfPage\":{\"@id\":\"https:\\\/\\\/informelitoral.com.ar\\\/el-superclasico-ya-tiene-arbitro-quien-dirigira-river-boca\\\/#primaryimage\"},\"image\":{\"@id\":\"https:\\\/\\\/informelitoral.com.ar\\\/el-superclasico-ya-tiene-arbitro-quien-dirigira-river-boca\\\/#primaryimage\"},\"thumbnailUrl\":\"https:\\\/\\\/informelitoral.com.ar\\\/%77%70%2d%63%6f%6e%74%65%6e%74\\\/uploads\\\/2023\\\/05\\\/dario-herrera-superclasicojpg.webp\",\"datePublished\":\"2023-05-03T13:11:51+00:00\",\"dateModified\":\"2023-05-04T03:18:49+00:00\",\"breadcrumb\":{\"@id\":\"https:\\\/\\\/informelitoral.com.ar\\\/el-superclasico-ya-tiene-arbitro-quien-dirigira-river-boca\\\/#breadcrumb\"},\"inLanguage\":\"es\",\"potentialAction\":[{\"@type\":\"ReadAction\",\"target\":[\"https:\\\/\\\/informelitoral.com.ar\\\/el-superclasico-ya-tiene-arbitro-quien-dirigira-river-boca\\\/\"]}]},{\"@type\":\"ImageObject\",\"inLanguage\":\"es\",\"@id\":\"https:\\\/\\\/informelitoral.com.ar\\\/el-superclasico-ya-tiene-arbitro-quien-dirigira-river-boca\\\/#primaryimage\",\"url\":\"https:\\\/\\\/informelitoral.com.ar\\\/%77%70%2d%63%6f%6e%74%65%6e%74\\\/uploads\\\/2023\\\/05\\\/dario-herrera-superclasicojpg.webp\",\"contentUrl\":\"https:\\\/\\\/informelitoral.com.ar\\\/%77%70%2d%63%6f%6e%74%65%6e%74\\\/uploads\\\/2023\\\/05\\\/dario-herrera-superclasicojpg.webp\",\"width\":610,\"height\":458},{\"@type\":\"BreadcrumbList\",\"@id\":\"https:\\\/\\\/informelitoral.com.ar\\\/el-superclasico-ya-tiene-arbitro-quien-dirigira-river-boca\\\/#breadcrumb\",\"itemListElement\":[{\"@type\":\"ListItem\",\"position\":1,\"name\":\"Portada\",\"item\":\"https:\\\/\\\/informelitoral.com.ar\\\/\"},{\"@type\":\"ListItem\",\"position\":2,\"name\":\"El Supercl\u00e1sico ya tiene \u00e1rbitro: qui\u00e9n dirigir\u00e1 River-Boca\"}]},{\"@type\":\"WebSite\",\"@id\":\"https:\\\/\\\/informelitoral.com.ar\\\/#website\",\"url\":\"https:\\\/\\\/informelitoral.com.ar\\\/\",\"name\":\"Informe Litoral\",\"description\":\"&quot;Nos informamos&quot; \",\"publisher\":{\"@id\":\"https:\\\/\\\/informelitoral.com.ar\\\/#organization\"},\"potentialAction\":[{\"@type\":\"SearchAction\",\"target\":{\"@type\":\"EntryPoint\",\"urlTemplate\":\"https:\\\/\\\/informelitoral.com.ar\\\/?s={search_term_string}\"},\"query-input\":{\"@type\":\"PropertyValueSpecification\",\"valueRequired\":true,\"valueName\":\"search_term_string\"}}],\"inLanguage\":\"es\"},{\"@type\":\"Organization\",\"@id\":\"https:\\\/\\\/informelitoral.com.ar\\\/#organization\",\"name\":\"Informe Litoral\",\"url\":\"https:\\\/\\\/informelitoral.com.ar\\\/\",\"logo\":{\"@type\":\"ImageObject\",\"inLanguage\":\"es\",\"@id\":\"https:\\\/\\\/informelitoral.com.ar\\\/#\\\/schema\\\/logo\\\/image\\\/\",\"url\":\"https:\\\/\\\/informelitoral.com.ar\\\/%77%70%2d%63%6f%6e%74%65%6e%74\\\/uploads\\\/2021\\\/01\\\/circulo.png\",\"contentUrl\":\"https:\\\/\\\/informelitoral.com.ar\\\/%77%70%2d%63%6f%6e%74%65%6e%74\\\/uploads\\\/2021\\\/01\\\/circulo.png\",\"width\":723,\"height\":731,\"caption\":\"Informe Litoral\"},\"image\":{\"@id\":\"https:\\\/\\\/informelitoral.com.ar\\\/#\\\/schema\\\/logo\\\/image\\\/\"},\"sameAs\":[\"https:\\\/\\\/www.facebook.com\\\/informelitoral\\\/\",\"https:\\\/\\\/x.com\\\/InformeLitoral\",\"https:\\\/\\\/www.instagram.com\\\/informelitoral\\\/\",\"https:\\\/\\\/www.youtube.com\\\/channel\\\/UCua4Qvz8Icb6MYqhoq9xLXw\"]},{\"@type\":\"Person\",\"@id\":\"https:\\\/\\\/informelitoral.com.ar\\\/#\\\/schema\\\/person\\\/f05f9f461677119578717524b127d6d5\",\"name\":\"Sebastian\",\"image\":{\"@type\":\"ImageObject\",\"inLanguage\":\"es\",\"@id\":\"https:\\\/\\\/secure.gravatar.com\\\/avatar\\\/b71bf7481d447dfb9583c7f2798e7cc64de6efb9067b74633ed8c31059a3bd82?s=96&d=mm&r=g\",\"url\":\"https:\\\/\\\/secure.gravatar.com\\\/avatar\\\/b71bf7481d447dfb9583c7f2798e7cc64de6efb9067b74633ed8c31059a3bd82?s=96&d=mm&r=g\",\"contentUrl\":\"https:\\\/\\\/secure.gravatar.com\\\/avatar\\\/b71bf7481d447dfb9583c7f2798e7cc64de6efb9067b74633ed8c31059a3bd82?s=96&d=mm&r=g\",\"caption\":\"Sebastian\"},\"url\":\"https:\\\/\\\/informelitoral.com.ar\\\/author\\\/sebastian\\\/\"}]}<\/script>","yoast_head_json":{"title":"El Supercl\u00e1sico ya tiene \u00e1rbitro: qui\u00e9n dirigir\u00e1 River-Boca - Informe Litoral","robots":{"index":"index","follow":"follow","max-snippet":"max-snippet:-1","max-image-preview":"max-image-preview:large","max-video-preview":"max-video-preview:-1"},"canonical":"https:\/\/informelitoral.com.ar\/el-superclasico-ya-tiene-arbitro-quien-dirigira-river-boca\/","og_locale":"es_ES","og_type":"article","og_title":"El Supercl\u00e1sico ya tiene \u00e1rbitro: qui\u00e9n dirigir\u00e1 River-Boca - Informe Litoral","og_description":"Se design\u00f3 a quien juzgar\u00e1 las jugadas del Supercl\u00e1sico que se disputar\u00e1 este fin de semana.","og_url":"https:\/\/informelitoral.com.ar\/el-superclasico-ya-tiene-arbitro-quien-dirigira-river-boca\/","og_site_name":"Informe Litoral","article_publisher":"https:\/\/www.facebook.com\/informelitoral\/","article_published_time":"2023-05-03T13:11:51+00:00","article_modified_time":"2023-05-04T03:18:49+00:00","og_image":[{"width":610,"height":458,"url":"https:\/\/informelitoral.com.ar\/%77%70%2d%63%6f%6e%74%65%6e%74\/uploads\/2023\/05\/dario-herrera-superclasicojpg.webp","type":"image\/webp"}],"author":"Sebastian","twitter_card":"summary_large_image","twitter_creator":"@InformeLitoral","twitter_site":"@InformeLitoral","twitter_misc":{"Escrito por":"Sebastian","Tiempo de lectura":"1 minuto"},"schema":{"@context":"https:\/\/schema.org","@graph":[{"@type":"Article","@id":"https:\/\/informelitoral.com.ar\/el-superclasico-ya-tiene-arbitro-quien-dirigira-river-boca\/#article","isPartOf":{"@id":"https:\/\/informelitoral.com.ar\/el-superclasico-ya-tiene-arbitro-quien-dirigira-river-boca\/"},"author":{"name":"Sebastian","@id":"https:\/\/informelitoral.com.ar\/#\/schema\/person\/f05f9f461677119578717524b127d6d5"},"headline":"El Supercl\u00e1sico ya tiene \u00e1rbitro: qui\u00e9n dirigir\u00e1 River-Boca","datePublished":"2023-05-03T13:11:51+00:00","dateModified":"2023-05-04T03:18:49+00:00","mainEntityOfPage":{"@id":"https:\/\/informelitoral.com.ar\/el-superclasico-ya-tiene-arbitro-quien-dirigira-river-boca\/"},"wordCount":195,"commentCount":0,"publisher":{"@id":"https:\/\/informelitoral.com.ar\/#organization"},"image":{"@id":"https:\/\/informelitoral.com.ar\/el-superclasico-ya-tiene-arbitro-quien-dirigira-river-boca\/#primaryimage"},"thumbnailUrl":"https:\/\/informelitoral.com.ar\/%77%70%2d%63%6f%6e%74%65%6e%74\/uploads\/2023\/05\/dario-herrera-superclasicojpg.webp","keywords":["Boca","River","Supercl\u00e1sico"],"articleSection":["Deportes"],"inLanguage":"es","potentialAction":[{"@type":"CommentAction","name":"Comment","target":["https:\/\/informelitoral.com.ar\/el-superclasico-ya-tiene-arbitro-quien-dirigira-river-boca\/#respond"]}]},{"@type":"WebPage","@id":"https:\/\/informelitoral.com.ar\/el-superclasico-ya-tiene-arbitro-quien-dirigira-river-boca\/","url":"https:\/\/informelitoral.com.ar\/el-superclasico-ya-tiene-arbitro-quien-dirigira-river-boca\/","name":"El Supercl\u00e1sico ya tiene \u00e1rbitro: qui\u00e9n dirigir\u00e1 River-Boca - Informe Litoral","isPartOf":{"@id":"https:\/\/informelitoral.com.ar\/#website"},"primaryImageOfPage":{"@id":"https:\/\/informelitoral.com.ar\/el-superclasico-ya-tiene-arbitro-quien-dirigira-river-boca\/#primaryimage"},"image":{"@id":"https:\/\/informelitoral.com.ar\/el-superclasico-ya-tiene-arbitro-quien-dirigira-river-boca\/#primaryimage"},"thumbnailUrl":"https:\/\/informelitoral.com.ar\/%77%70%2d%63%6f%6e%74%65%6e%74\/uploads\/2023\/05\/dario-herrera-superclasicojpg.webp","datePublished":"2023-05-03T13:11:51+00:00","dateModified":"2023-05-04T03:18:49+00:00","breadcrumb":{"@id":"https:\/\/informelitoral.com.ar\/el-superclasico-ya-tiene-arbitro-quien-dirigira-river-boca\/#breadcrumb"},"inLanguage":"es","potentialAction":[{"@type":"ReadAction","target":["https:\/\/informelitoral.com.ar\/el-superclasico-ya-tiene-arbitro-quien-dirigira-river-boca\/"]}]},{"@type":"ImageObject","inLanguage":"es","@id":"https:\/\/informelitoral.com.ar\/el-superclasico-ya-tiene-arbitro-quien-dirigira-river-boca\/#primaryimage","url":"https:\/\/informelitoral.com.ar\/%77%70%2d%63%6f%6e%74%65%6e%74\/uploads\/2023\/05\/dario-herrera-superclasicojpg.webp","contentUrl":"https:\/\/informelitoral.com.ar\/%77%70%2d%63%6f%6e%74%65%6e%74\/uploads\/2023\/05\/dario-herrera-superclasicojpg.webp","width":610,"height":458},{"@type":"BreadcrumbList","@id":"https:\/\/informelitoral.com.ar\/el-superclasico-ya-tiene-arbitro-quien-dirigira-river-boca\/#breadcrumb","itemListElement":[{"@type":"ListItem","position":1,"name":"Portada","item":"https:\/\/informelitoral.com.ar\/"},{"@type":"ListItem","position":2,"name":"El Supercl\u00e1sico ya tiene \u00e1rbitro: qui\u00e9n dirigir\u00e1 River-Boca"}]},{"@type":"WebSite","@id":"https:\/\/informelitoral.com.ar\/#website","url":"https:\/\/informelitoral.com.ar\/","name":"Informe Litoral","description":"&quot;Nos informamos&quot; ","publisher":{"@id":"https:\/\/informelitoral.com.ar\/#organization"},"potentialAction":[{"@type":"SearchAction","target":{"@type":"EntryPoint","urlTemplate":"https:\/\/informelitoral.com.ar\/?s={search_term_string}"},"query-input":{"@type":"PropertyValueSpecification","valueRequired":true,"valueName":"search_term_string"}}],"inLanguage":"es"},{"@type":"Organization","@id":"https:\/\/informelitoral.com.ar\/#organization","name":"Informe Litoral","url":"https:\/\/informelitoral.com.ar\/","logo":{"@type":"ImageObject","inLanguage":"es","@id":"https:\/\/informelitoral.com.ar\/#\/schema\/logo\/image\/","url":"https:\/\/informelitoral.com.ar\/%77%70%2d%63%6f%6e%74%65%6e%74\/uploads\/2021\/01\/circulo.png","contentUrl":"https:\/\/informelitoral.com.ar\/%77%70%2d%63%6f%6e%74%65%6e%74\/uploads\/2021\/01\/circulo.png","width":723,"height":731,"caption":"Informe Litoral"},"image":{"@id":"https:\/\/informelitoral.com.ar\/#\/schema\/logo\/image\/"},"sameAs":["https:\/\/www.facebook.com\/informelitoral\/","https:\/\/x.com\/InformeLitoral","https:\/\/www.instagram.com\/informelitoral\/","https:\/\/www.youtube.com\/channel\/UCua4Qvz8Icb6MYqhoq9xLXw"]},{"@type":"Person","@id":"https:\/\/informelitoral.com.ar\/#\/schema\/person\/f05f9f461677119578717524b127d6d5","name":"Sebastian","image":{"@type":"ImageObject","inLanguage":"es","@id":"https:\/\/secure.gravatar.com\/avatar\/b71bf7481d447dfb9583c7f2798e7cc64de6efb9067b74633ed8c31059a3bd82?s=96&d=mm&r=g","url":"https:\/\/secure.gravatar.com\/avatar\/b71bf7481d447dfb9583c7f2798e7cc64de6efb9067b74633ed8c31059a3bd82?s=96&d=mm&r=g","contentUrl":"https:\/\/secure.gravatar.com\/avatar\/b71bf7481d447dfb9583c7f2798e7cc64de6efb9067b74633ed8c31059a3bd82?s=96&d=mm&r=g","caption":"Sebastian"},"url":"https:\/\/informelitoral.com.ar\/author\/sebastian\/"}]}},"_links":{"self":[{"href":"https:\/\/informelitoral.com.ar\/%77%70%2d%6a%73%6f%6e\/wp\/v2\/posts\/144234","targetHints":{"allow":["GET"]}}],"collection":[{"href":"https:\/\/informelitoral.com.ar\/%77%70%2d%6a%73%6f%6e\/wp\/v2\/posts"}],"about":[{"href":"https:\/\/informelitoral.com.ar\/%77%70%2d%6a%73%6f%6e\/wp\/v2\/types\/post"}],"author":[{"embeddable":true,"href":"https:\/\/informelitoral.com.ar\/%77%70%2d%6a%73%6f%6e\/wp\/v2\/users\/8"}],"replies":[{"embeddable":true,"href":"https:\/\/informelitoral.com.ar\/%77%70%2d%6a%73%6f%6e\/wp\/v2\/comments?post=144234"}],"version-history":[{"count":0,"href":"https:\/\/informelitoral.com.ar\/%77%70%2d%6a%73%6f%6e\/wp\/v2\/posts\/144234\/revisions"}],"wp:featuredmedia":[{"embeddable":true,"href":"https:\/\/informelitoral.com.ar\/%77%70%2d%6a%73%6f%6e\/wp\/v2\/media\/144225"}],"wp:attachment":[{"href":"https:\/\/informelitoral.com.ar\/%77%70%2d%6a%73%6f%6e\/wp\/v2\/media?parent=144234"}],"wp:term":[{"taxonomy":"category","embeddable":true,"href":"https:\/\/informelitoral.com.ar\/%77%70%2d%6a%73%6f%6e\/wp\/v2\/categories?post=144234"},{"taxonomy":"post_tag","embeddable":true,"href":"https:\/\/informelitoral.com.ar\/%77%70%2d%6a%73%6f%6e\/wp\/v2\/tags?post=144234"}],"curies":[{"name":"wp","href":"https:\/\/api.w.org\/{rel}","templated":true}]}}