{"id":143866,"date":"2023-05-02T11:32:41","date_gmt":"2023-05-02T14:32:41","guid":{"rendered":"https:\/\/www.informelitoral.com.ar\/?p=143866"},"modified":"2023-05-02T11:36:27","modified_gmt":"2023-05-02T14:36:27","slug":"la-salud-de-jorge-rial-cuando-podria-regresar-al-pais","status":"publish","type":"post","link":"https:\/\/informelitoral.com.ar\/la-salud-de-jorge-rial-cuando-podria-regresar-al-pais\/","title":{"rendered":"La salud de Jorge Rial: cu\u00e1ndo podr\u00eda regresar al pa\u00eds"},"content":{"rendered":"<p><strong>Jorge Rial evoluciona favorablemente<\/strong>\u00a0luego del cuadro card\u00edaco del fin de semana en Colombia, mientras se encontraba de vacaciones. Despu\u00e9s de la operaci\u00f3n, en donde le colocaron un stent, su doctor personal, Guillermo Capuya, decidi\u00f3 viajar a Bogot\u00e1.<\/p>\n<div id=\"publi-584\" class=\"publi C7\" data-publicidad=\"584\" data-nombre=\"Adsense medio\" data-tipo=\"html\">\n<p>&nbsp;<\/p>\n<div id=\"aswift_3_host\" tabindex=\"0\" title=\"Advertisement\" aria-label=\"Advertisement\"><\/div>\n<p>&nbsp;<\/p>\n<\/div>\n<p>Capuya confirm\u00f3 que el conductor<strong>\u00a0\u00abse recupera favorablemente\u00bb<\/strong>\u00a0y que asegur\u00f3\u00a0<strong>\u00abpronto podr\u00e1 regresar a la Argentina\u00bb y agreg\u00f3: \u00abE<\/strong><strong>stuve en la habitaci\u00f3n con \u00e9l charlando un rato largo. Despu\u00e9s habl\u00e9 con los m\u00e9dicos que lo est\u00e1n atendiendo. Ahora voy a ir nuevamente al hospital para empezar a pensar en el retorno, qu\u00e9 d\u00eda va a ser\u00bb.\u00a0<\/strong><\/p>\n<p>Y resalt\u00f3: \u00abTampoco es que va a volver en una camilla, pero en una semana podr\u00eda volver a Buenos Aires\u201d. Asimismo, destac\u00f3 que est\u00e1 siendo atendido en una\u00a0cl\u00ednica\u00a0<strong>\u201cde primer nivel y con una atenci\u00f3n incre\u00edble\u201d,<\/strong>\u00a0a pesar de las complicaciones en el sistema sanitario que padece el pa\u00eds latinoamericano.<\/p>\n<p>Por \u00faltimo, se\u00f1al\u00f3<strong>: \u00ab<\/strong>Est\u00e1 en una unidad coronaria para que quede bajo un cuidado m\u00e1s estricto, con controles multiparam\u00e9tricos, pero ayer hablamos de pasarlo a una habitaci\u00f3n com\u00fan para luego tener el alta y volver a la Argentina. Para llevarle tranquilidad a la gente que lo quiere, est\u00e1 muy bien\u00bb.<\/p>\n<p>Aunque las primeras horas fueron de tensi\u00f3n y preocupaci\u00f3n, con el correr de los d\u00edas Capuya y las hijas de Rial informaron que<strong>\u00a0evoluciona satisfactoriamente.<\/strong><\/p>\n<p><span class=\"wf_caption\" role=\"figure\"><img decoding=\"async\" class=\"jch-lazyloaded ls-is-cached lazyloaded\" role=\"figure\" src=\"https:\/\/noticiasargentinas.com\/images\/NA\/Contenidos\/NA_copy_copy_copy_copy_copy_copy_copy_copy_copy_copy_copy_copy_copy_copy_copy_copy_copy_copy_copy_copy_copy_copy_copy_copy_copy_copy_copy_copy_copy_copy_copy_copy_copy_copy_copy_copy_copy_copy_copy_copy_copy_copy_copy_copy.webp\" alt=\"NA_copy_copy_copy_copy_copy_copy_copy_copy_copy_copy_copy_copy_copy_copy_copy_copy_copy_copy_copy_copy_copy_copy_copy_copy_copy_copy_copy_copy_copy_copy_copy_copy_copy_copy_copy_copy_copy_copy_copy_copy_copy_copy_copy_copy.jpg\" width=\"844\" height=\"474.75\" data-src=\"https:\/\/noticiasargentinas.com\/images\/NA\/Contenidos\/NA_copy_copy_copy_copy_copy_copy_copy_copy_copy_copy_copy_copy_copy_copy_copy_copy_copy_copy_copy_copy_copy_copy_copy_copy_copy_copy_copy_copy_copy_copy_copy_copy_copy_copy_copy_copy_copy_copy_copy_copy_copy_copy_copy_copy.webp\" \/><br \/>\n<\/span><\/p>\n<p><strong>\u201cDurante su internaci\u00f3n en Colombia, Jorge hizo un episodio de baja presi\u00f3n y tras los estudios, le hicieron un cat\u00e9ter y<\/strong>\u00a0<strong>se le coloc\u00f3 un stent porque hab\u00eda una obstrucci\u00f3n en unas arterias y se solucion\u00f3 el problema\u201d<\/strong>, explic\u00f3 el doctor.<\/p>\n","protected":false},"excerpt":{"rendered":"<p>Su m\u00e9dico confirm\u00f3 que Rial est\u00e1 estable y recuper\u00e1ndose. Sus hijas viajaron a Bogot\u00e1, Colombia.<\/p>\n","protected":false},"author":8,"featured_media":143838,"comment_status":"open","ping_status":"open","sticky":false,"template":"","format":"standard","meta":{"fifu_image_url":"","fifu_image_alt":"","footnotes":""},"categories":[12],"tags":[23],"class_list":{"0":"post-143866","1":"post","2":"type-post","3":"status-publish","4":"format-standard","5":"has-post-thumbnail","7":"category-espectaculos","8":"tag-jorge-rial"},"yoast_head":"<title>La salud de Jorge Rial: cu\u00e1ndo podr\u00eda regresar al pa\u00eds - Informe Litoral<\/title>\n<meta name=\"robots\" content=\"index, follow, max-snippet:-1, max-image-preview:large, max-video-preview:-1\" \/>\n<link rel=\"canonical\" href=\"https:\/\/informelitoral.com.ar\/la-salud-de-jorge-rial-cuando-podria-regresar-al-pais\/\" \/>\n<meta property=\"og:locale\" content=\"es_ES\" \/>\n<meta property=\"og:type\" content=\"article\" \/>\n<meta property=\"og:title\" content=\"La salud de Jorge Rial: cu\u00e1ndo podr\u00eda regresar al pa\u00eds - Informe Litoral\" \/>\n<meta property=\"og:description\" content=\"Su m\u00e9dico confirm\u00f3 que Rial est\u00e1 estable y recuper\u00e1ndose. Sus hijas viajaron a Bogot\u00e1, Colombia.\" \/>\n<meta property=\"og:url\" content=\"https:\/\/informelitoral.com.ar\/la-salud-de-jorge-rial-cuando-podria-regresar-al-pais\/\" \/>\n<meta property=\"og:site_name\" content=\"Informe Litoral\" \/>\n<meta property=\"article:publisher\" content=\"https:\/\/www.facebook.com\/informelitoral\/\" \/>\n<meta property=\"article:published_time\" content=\"2023-05-02T14:32:41+00:00\" \/>\n<meta property=\"article:modified_time\" content=\"2023-05-02T14:36:27+00:00\" \/>\n<meta property=\"og:image\" content=\"https:\/\/informelitoral.com.ar\/%77%70%2d%63%6f%6e%74%65%6e%74\/uploads\/2023\/05\/e23bd405c4372210bc5aa85d00d1568b_M.jpg\" \/>\n\t<meta property=\"og:image:width\" content=\"1200\" \/>\n\t<meta property=\"og:image:height\" content=\"675\" \/>\n\t<meta property=\"og:image:type\" content=\"image\/jpeg\" \/>\n<meta name=\"author\" content=\"Sebastian\" \/>\n<meta name=\"twitter:card\" content=\"summary_large_image\" \/>\n<meta name=\"twitter:creator\" content=\"@InformeLitoral\" \/>\n<meta name=\"twitter:site\" content=\"@InformeLitoral\" \/>\n<meta name=\"twitter:label1\" content=\"Escrito por\" \/>\n\t<meta name=\"twitter:data1\" content=\"Sebastian\" \/>\n\t<meta name=\"twitter:label2\" content=\"Tiempo de lectura\" \/>\n\t<meta name=\"twitter:data2\" content=\"1 minuto\" \/>\n<script type=\"application\/ld+json\" class=\"yoast-schema-graph\">{\"@context\":\"https:\\\/\\\/schema.org\",\"@graph\":[{\"@type\":\"Article\",\"@id\":\"https:\\\/\\\/informelitoral.com.ar\\\/la-salud-de-jorge-rial-cuando-podria-regresar-al-pais\\\/#article\",\"isPartOf\":{\"@id\":\"https:\\\/\\\/informelitoral.com.ar\\\/la-salud-de-jorge-rial-cuando-podria-regresar-al-pais\\\/\"},\"author\":{\"name\":\"Sebastian\",\"@id\":\"https:\\\/\\\/informelitoral.com.ar\\\/#\\\/schema\\\/person\\\/f05f9f461677119578717524b127d6d5\"},\"headline\":\"La salud de Jorge Rial: cu\u00e1ndo podr\u00eda regresar al pa\u00eds\",\"datePublished\":\"2023-05-02T14:32:41+00:00\",\"dateModified\":\"2023-05-02T14:36:27+00:00\",\"mainEntityOfPage\":{\"@id\":\"https:\\\/\\\/informelitoral.com.ar\\\/la-salud-de-jorge-rial-cuando-podria-regresar-al-pais\\\/\"},\"wordCount\":304,\"commentCount\":0,\"publisher\":{\"@id\":\"https:\\\/\\\/informelitoral.com.ar\\\/#organization\"},\"image\":{\"@id\":\"https:\\\/\\\/informelitoral.com.ar\\\/la-salud-de-jorge-rial-cuando-podria-regresar-al-pais\\\/#primaryimage\"},\"thumbnailUrl\":\"https:\\\/\\\/informelitoral.com.ar\\\/%77%70%2d%63%6f%6e%74%65%6e%74\\\/uploads\\\/2023\\\/05\\\/e23bd405c4372210bc5aa85d00d1568b_M.jpg\",\"keywords\":[\"Jorge Rial\"],\"articleSection\":[\"Espect\u00e1culos\"],\"inLanguage\":\"es\",\"potentialAction\":[{\"@type\":\"CommentAction\",\"name\":\"Comment\",\"target\":[\"https:\\\/\\\/informelitoral.com.ar\\\/la-salud-de-jorge-rial-cuando-podria-regresar-al-pais\\\/#respond\"]}]},{\"@type\":\"WebPage\",\"@id\":\"https:\\\/\\\/informelitoral.com.ar\\\/la-salud-de-jorge-rial-cuando-podria-regresar-al-pais\\\/\",\"url\":\"https:\\\/\\\/informelitoral.com.ar\\\/la-salud-de-jorge-rial-cuando-podria-regresar-al-pais\\\/\",\"name\":\"La salud de Jorge Rial: cu\u00e1ndo podr\u00eda regresar al pa\u00eds - Informe Litoral\",\"isPartOf\":{\"@id\":\"https:\\\/\\\/informelitoral.com.ar\\\/#website\"},\"primaryImageOfPage\":{\"@id\":\"https:\\\/\\\/informelitoral.com.ar\\\/la-salud-de-jorge-rial-cuando-podria-regresar-al-pais\\\/#primaryimage\"},\"image\":{\"@id\":\"https:\\\/\\\/informelitoral.com.ar\\\/la-salud-de-jorge-rial-cuando-podria-regresar-al-pais\\\/#primaryimage\"},\"thumbnailUrl\":\"https:\\\/\\\/informelitoral.com.ar\\\/%77%70%2d%63%6f%6e%74%65%6e%74\\\/uploads\\\/2023\\\/05\\\/e23bd405c4372210bc5aa85d00d1568b_M.jpg\",\"datePublished\":\"2023-05-02T14:32:41+00:00\",\"dateModified\":\"2023-05-02T14:36:27+00:00\",\"breadcrumb\":{\"@id\":\"https:\\\/\\\/informelitoral.com.ar\\\/la-salud-de-jorge-rial-cuando-podria-regresar-al-pais\\\/#breadcrumb\"},\"inLanguage\":\"es\",\"potentialAction\":[{\"@type\":\"ReadAction\",\"target\":[\"https:\\\/\\\/informelitoral.com.ar\\\/la-salud-de-jorge-rial-cuando-podria-regresar-al-pais\\\/\"]}]},{\"@type\":\"ImageObject\",\"inLanguage\":\"es\",\"@id\":\"https:\\\/\\\/informelitoral.com.ar\\\/la-salud-de-jorge-rial-cuando-podria-regresar-al-pais\\\/#primaryimage\",\"url\":\"https:\\\/\\\/informelitoral.com.ar\\\/%77%70%2d%63%6f%6e%74%65%6e%74\\\/uploads\\\/2023\\\/05\\\/e23bd405c4372210bc5aa85d00d1568b_M.jpg\",\"contentUrl\":\"https:\\\/\\\/informelitoral.com.ar\\\/%77%70%2d%63%6f%6e%74%65%6e%74\\\/uploads\\\/2023\\\/05\\\/e23bd405c4372210bc5aa85d00d1568b_M.jpg\",\"width\":1200,\"height\":675},{\"@type\":\"BreadcrumbList\",\"@id\":\"https:\\\/\\\/informelitoral.com.ar\\\/la-salud-de-jorge-rial-cuando-podria-regresar-al-pais\\\/#breadcrumb\",\"itemListElement\":[{\"@type\":\"ListItem\",\"position\":1,\"name\":\"Portada\",\"item\":\"https:\\\/\\\/informelitoral.com.ar\\\/\"},{\"@type\":\"ListItem\",\"position\":2,\"name\":\"La salud de Jorge Rial: cu\u00e1ndo podr\u00eda regresar al pa\u00eds\"}]},{\"@type\":\"WebSite\",\"@id\":\"https:\\\/\\\/informelitoral.com.ar\\\/#website\",\"url\":\"https:\\\/\\\/informelitoral.com.ar\\\/\",\"name\":\"Informe Litoral\",\"description\":\"&quot;Nos informamos&quot; \",\"publisher\":{\"@id\":\"https:\\\/\\\/informelitoral.com.ar\\\/#organization\"},\"potentialAction\":[{\"@type\":\"SearchAction\",\"target\":{\"@type\":\"EntryPoint\",\"urlTemplate\":\"https:\\\/\\\/informelitoral.com.ar\\\/?s={search_term_string}\"},\"query-input\":{\"@type\":\"PropertyValueSpecification\",\"valueRequired\":true,\"valueName\":\"search_term_string\"}}],\"inLanguage\":\"es\"},{\"@type\":\"Organization\",\"@id\":\"https:\\\/\\\/informelitoral.com.ar\\\/#organization\",\"name\":\"Informe Litoral\",\"url\":\"https:\\\/\\\/informelitoral.com.ar\\\/\",\"logo\":{\"@type\":\"ImageObject\",\"inLanguage\":\"es\",\"@id\":\"https:\\\/\\\/informelitoral.com.ar\\\/#\\\/schema\\\/logo\\\/image\\\/\",\"url\":\"https:\\\/\\\/informelitoral.com.ar\\\/%77%70%2d%63%6f%6e%74%65%6e%74\\\/uploads\\\/2021\\\/01\\\/circulo.png\",\"contentUrl\":\"https:\\\/\\\/informelitoral.com.ar\\\/%77%70%2d%63%6f%6e%74%65%6e%74\\\/uploads\\\/2021\\\/01\\\/circulo.png\",\"width\":723,\"height\":731,\"caption\":\"Informe Litoral\"},\"image\":{\"@id\":\"https:\\\/\\\/informelitoral.com.ar\\\/#\\\/schema\\\/logo\\\/image\\\/\"},\"sameAs\":[\"https:\\\/\\\/www.facebook.com\\\/informelitoral\\\/\",\"https:\\\/\\\/x.com\\\/InformeLitoral\",\"https:\\\/\\\/www.instagram.com\\\/informelitoral\\\/\",\"https:\\\/\\\/www.youtube.com\\\/channel\\\/UCua4Qvz8Icb6MYqhoq9xLXw\"]},{\"@type\":\"Person\",\"@id\":\"https:\\\/\\\/informelitoral.com.ar\\\/#\\\/schema\\\/person\\\/f05f9f461677119578717524b127d6d5\",\"name\":\"Sebastian\",\"image\":{\"@type\":\"ImageObject\",\"inLanguage\":\"es\",\"@id\":\"https:\\\/\\\/secure.gravatar.com\\\/avatar\\\/b71bf7481d447dfb9583c7f2798e7cc64de6efb9067b74633ed8c31059a3bd82?s=96&d=mm&r=g\",\"url\":\"https:\\\/\\\/secure.gravatar.com\\\/avatar\\\/b71bf7481d447dfb9583c7f2798e7cc64de6efb9067b74633ed8c31059a3bd82?s=96&d=mm&r=g\",\"contentUrl\":\"https:\\\/\\\/secure.gravatar.com\\\/avatar\\\/b71bf7481d447dfb9583c7f2798e7cc64de6efb9067b74633ed8c31059a3bd82?s=96&d=mm&r=g\",\"caption\":\"Sebastian\"},\"url\":\"https:\\\/\\\/informelitoral.com.ar\\\/author\\\/sebastian\\\/\"}]}<\/script>","yoast_head_json":{"title":"La salud de Jorge Rial: cu\u00e1ndo podr\u00eda regresar al pa\u00eds - Informe Litoral","robots":{"index":"index","follow":"follow","max-snippet":"max-snippet:-1","max-image-preview":"max-image-preview:large","max-video-preview":"max-video-preview:-1"},"canonical":"https:\/\/informelitoral.com.ar\/la-salud-de-jorge-rial-cuando-podria-regresar-al-pais\/","og_locale":"es_ES","og_type":"article","og_title":"La salud de Jorge Rial: cu\u00e1ndo podr\u00eda regresar al pa\u00eds - Informe Litoral","og_description":"Su m\u00e9dico confirm\u00f3 que Rial est\u00e1 estable y recuper\u00e1ndose. Sus hijas viajaron a Bogot\u00e1, Colombia.","og_url":"https:\/\/informelitoral.com.ar\/la-salud-de-jorge-rial-cuando-podria-regresar-al-pais\/","og_site_name":"Informe Litoral","article_publisher":"https:\/\/www.facebook.com\/informelitoral\/","article_published_time":"2023-05-02T14:32:41+00:00","article_modified_time":"2023-05-02T14:36:27+00:00","og_image":[{"width":1200,"height":675,"url":"https:\/\/informelitoral.com.ar\/%77%70%2d%63%6f%6e%74%65%6e%74\/uploads\/2023\/05\/e23bd405c4372210bc5aa85d00d1568b_M.jpg","type":"image\/jpeg"}],"author":"Sebastian","twitter_card":"summary_large_image","twitter_creator":"@InformeLitoral","twitter_site":"@InformeLitoral","twitter_misc":{"Escrito por":"Sebastian","Tiempo de lectura":"1 minuto"},"schema":{"@context":"https:\/\/schema.org","@graph":[{"@type":"Article","@id":"https:\/\/informelitoral.com.ar\/la-salud-de-jorge-rial-cuando-podria-regresar-al-pais\/#article","isPartOf":{"@id":"https:\/\/informelitoral.com.ar\/la-salud-de-jorge-rial-cuando-podria-regresar-al-pais\/"},"author":{"name":"Sebastian","@id":"https:\/\/informelitoral.com.ar\/#\/schema\/person\/f05f9f461677119578717524b127d6d5"},"headline":"La salud de Jorge Rial: cu\u00e1ndo podr\u00eda regresar al pa\u00eds","datePublished":"2023-05-02T14:32:41+00:00","dateModified":"2023-05-02T14:36:27+00:00","mainEntityOfPage":{"@id":"https:\/\/informelitoral.com.ar\/la-salud-de-jorge-rial-cuando-podria-regresar-al-pais\/"},"wordCount":304,"commentCount":0,"publisher":{"@id":"https:\/\/informelitoral.com.ar\/#organization"},"image":{"@id":"https:\/\/informelitoral.com.ar\/la-salud-de-jorge-rial-cuando-podria-regresar-al-pais\/#primaryimage"},"thumbnailUrl":"https:\/\/informelitoral.com.ar\/%77%70%2d%63%6f%6e%74%65%6e%74\/uploads\/2023\/05\/e23bd405c4372210bc5aa85d00d1568b_M.jpg","keywords":["Jorge Rial"],"articleSection":["Espect\u00e1culos"],"inLanguage":"es","potentialAction":[{"@type":"CommentAction","name":"Comment","target":["https:\/\/informelitoral.com.ar\/la-salud-de-jorge-rial-cuando-podria-regresar-al-pais\/#respond"]}]},{"@type":"WebPage","@id":"https:\/\/informelitoral.com.ar\/la-salud-de-jorge-rial-cuando-podria-regresar-al-pais\/","url":"https:\/\/informelitoral.com.ar\/la-salud-de-jorge-rial-cuando-podria-regresar-al-pais\/","name":"La salud de Jorge Rial: cu\u00e1ndo podr\u00eda regresar al pa\u00eds - Informe Litoral","isPartOf":{"@id":"https:\/\/informelitoral.com.ar\/#website"},"primaryImageOfPage":{"@id":"https:\/\/informelitoral.com.ar\/la-salud-de-jorge-rial-cuando-podria-regresar-al-pais\/#primaryimage"},"image":{"@id":"https:\/\/informelitoral.com.ar\/la-salud-de-jorge-rial-cuando-podria-regresar-al-pais\/#primaryimage"},"thumbnailUrl":"https:\/\/informelitoral.com.ar\/%77%70%2d%63%6f%6e%74%65%6e%74\/uploads\/2023\/05\/e23bd405c4372210bc5aa85d00d1568b_M.jpg","datePublished":"2023-05-02T14:32:41+00:00","dateModified":"2023-05-02T14:36:27+00:00","breadcrumb":{"@id":"https:\/\/informelitoral.com.ar\/la-salud-de-jorge-rial-cuando-podria-regresar-al-pais\/#breadcrumb"},"inLanguage":"es","potentialAction":[{"@type":"ReadAction","target":["https:\/\/informelitoral.com.ar\/la-salud-de-jorge-rial-cuando-podria-regresar-al-pais\/"]}]},{"@type":"ImageObject","inLanguage":"es","@id":"https:\/\/informelitoral.com.ar\/la-salud-de-jorge-rial-cuando-podria-regresar-al-pais\/#primaryimage","url":"https:\/\/informelitoral.com.ar\/%77%70%2d%63%6f%6e%74%65%6e%74\/uploads\/2023\/05\/e23bd405c4372210bc5aa85d00d1568b_M.jpg","contentUrl":"https:\/\/informelitoral.com.ar\/%77%70%2d%63%6f%6e%74%65%6e%74\/uploads\/2023\/05\/e23bd405c4372210bc5aa85d00d1568b_M.jpg","width":1200,"height":675},{"@type":"BreadcrumbList","@id":"https:\/\/informelitoral.com.ar\/la-salud-de-jorge-rial-cuando-podria-regresar-al-pais\/#breadcrumb","itemListElement":[{"@type":"ListItem","position":1,"name":"Portada","item":"https:\/\/informelitoral.com.ar\/"},{"@type":"ListItem","position":2,"name":"La salud de Jorge Rial: cu\u00e1ndo podr\u00eda regresar al pa\u00eds"}]},{"@type":"WebSite","@id":"https:\/\/informelitoral.com.ar\/#website","url":"https:\/\/informelitoral.com.ar\/","name":"Informe Litoral","description":"&quot;Nos informamos&quot; ","publisher":{"@id":"https:\/\/informelitoral.com.ar\/#organization"},"potentialAction":[{"@type":"SearchAction","target":{"@type":"EntryPoint","urlTemplate":"https:\/\/informelitoral.com.ar\/?s={search_term_string}"},"query-input":{"@type":"PropertyValueSpecification","valueRequired":true,"valueName":"search_term_string"}}],"inLanguage":"es"},{"@type":"Organization","@id":"https:\/\/informelitoral.com.ar\/#organization","name":"Informe Litoral","url":"https:\/\/informelitoral.com.ar\/","logo":{"@type":"ImageObject","inLanguage":"es","@id":"https:\/\/informelitoral.com.ar\/#\/schema\/logo\/image\/","url":"https:\/\/informelitoral.com.ar\/%77%70%2d%63%6f%6e%74%65%6e%74\/uploads\/2021\/01\/circulo.png","contentUrl":"https:\/\/informelitoral.com.ar\/%77%70%2d%63%6f%6e%74%65%6e%74\/uploads\/2021\/01\/circulo.png","width":723,"height":731,"caption":"Informe Litoral"},"image":{"@id":"https:\/\/informelitoral.com.ar\/#\/schema\/logo\/image\/"},"sameAs":["https:\/\/www.facebook.com\/informelitoral\/","https:\/\/x.com\/InformeLitoral","https:\/\/www.instagram.com\/informelitoral\/","https:\/\/www.youtube.com\/channel\/UCua4Qvz8Icb6MYqhoq9xLXw"]},{"@type":"Person","@id":"https:\/\/informelitoral.com.ar\/#\/schema\/person\/f05f9f461677119578717524b127d6d5","name":"Sebastian","image":{"@type":"ImageObject","inLanguage":"es","@id":"https:\/\/secure.gravatar.com\/avatar\/b71bf7481d447dfb9583c7f2798e7cc64de6efb9067b74633ed8c31059a3bd82?s=96&d=mm&r=g","url":"https:\/\/secure.gravatar.com\/avatar\/b71bf7481d447dfb9583c7f2798e7cc64de6efb9067b74633ed8c31059a3bd82?s=96&d=mm&r=g","contentUrl":"https:\/\/secure.gravatar.com\/avatar\/b71bf7481d447dfb9583c7f2798e7cc64de6efb9067b74633ed8c31059a3bd82?s=96&d=mm&r=g","caption":"Sebastian"},"url":"https:\/\/informelitoral.com.ar\/author\/sebastian\/"}]}},"_links":{"self":[{"href":"https:\/\/informelitoral.com.ar\/%77%70%2d%6a%73%6f%6e\/wp\/v2\/posts\/143866","targetHints":{"allow":["GET"]}}],"collection":[{"href":"https:\/\/informelitoral.com.ar\/%77%70%2d%6a%73%6f%6e\/wp\/v2\/posts"}],"about":[{"href":"https:\/\/informelitoral.com.ar\/%77%70%2d%6a%73%6f%6e\/wp\/v2\/types\/post"}],"author":[{"embeddable":true,"href":"https:\/\/informelitoral.com.ar\/%77%70%2d%6a%73%6f%6e\/wp\/v2\/users\/8"}],"replies":[{"embeddable":true,"href":"https:\/\/informelitoral.com.ar\/%77%70%2d%6a%73%6f%6e\/wp\/v2\/comments?post=143866"}],"version-history":[{"count":0,"href":"https:\/\/informelitoral.com.ar\/%77%70%2d%6a%73%6f%6e\/wp\/v2\/posts\/143866\/revisions"}],"wp:featuredmedia":[{"embeddable":true,"href":"https:\/\/informelitoral.com.ar\/%77%70%2d%6a%73%6f%6e\/wp\/v2\/media\/143838"}],"wp:attachment":[{"href":"https:\/\/informelitoral.com.ar\/%77%70%2d%6a%73%6f%6e\/wp\/v2\/media?parent=143866"}],"wp:term":[{"taxonomy":"category","embeddable":true,"href":"https:\/\/informelitoral.com.ar\/%77%70%2d%6a%73%6f%6e\/wp\/v2\/categories?post=143866"},{"taxonomy":"post_tag","embeddable":true,"href":"https:\/\/informelitoral.com.ar\/%77%70%2d%6a%73%6f%6e\/wp\/v2\/tags?post=143866"}],"curies":[{"name":"wp","href":"https:\/\/api.w.org\/{rel}","templated":true}]}}