{"id":143831,"date":"2023-05-02T10:59:10","date_gmt":"2023-05-02T13:59:10","guid":{"rendered":"https:\/\/www.informelitoral.com.ar\/?p=143831"},"modified":"2023-05-02T10:59:10","modified_gmt":"2023-05-02T13:59:10","slug":"river-visita-a-fluminense-en-la-ultima-parada-antes-del-superclasico","status":"publish","type":"post","link":"https:\/\/informelitoral.com.ar\/river-visita-a-fluminense-en-la-ultima-parada-antes-del-superclasico\/","title":{"rendered":"River visita a Fluminense en la \u00faltima parada antes del Supercl\u00e1sico"},"content":{"rendered":"<p><strong>River visitar\u00e1 este martes a Fluminense de Brasil<\/strong>\u00a0por la tercera fecha del\u00a0<strong>Grupo D de la Copa Libertadores<\/strong>, en la que ser\u00e1 la \u00faltima parada del equipo dirigido por Mart\u00edn Demichelis antes del Supercl\u00e1sico del pr\u00f3ximo domingo frente a Boca.<\/p>\n<p><strong>El partido se llevar\u00e1 a cabo desde las 21 en el estadio Maracan\u00e1, con el arbitraje del uruguayo Esteban Ostojich<\/strong>\u00a0y con el juez chileno \u00c1ngelo Hermosilla en el VAR, mientras que la televisaci\u00f3n ser\u00e1 de Fox Sports.<\/p>\n<p><strong>River,<\/strong>\u00a0que\u00a0<strong>viene de empatar 1 a 1 con Atl\u00e9tico Tucum\u00e1n<\/strong>\u00a0en el torneo de la Liga Profesional donde es el l\u00edder, cosech\u00f3 una derrota y una victoria en las dos primeras jornadas del certamen continental.<\/p>\n<p>Demichelis dispondr\u00e1 el regreso de los titulares tras haber rotado ante el equipo tucumano, pero tendr\u00e1 dos bajas: Enzo D\u00edaz fue expulsado, por lo que ingresar\u00e1\u00a0<strong>Andr\u00e9s Herrera<\/strong>\u00a0y Milton Casco pasar\u00e1 al lateral izquierdo, al tiempo que\u00a0<strong>Emanuel Mammana<\/strong>\u00a0reemplazar\u00e1 al lesionado Paulo D\u00edaz, quien padece una distensi\u00f3n en el b\u00edceps femoral de la pierna izquierda.<\/p>\n<p>Luego de este encuentro,\u00a0<strong>River se enfrentar\u00e1 con Boca el pr\u00f3ximo domingo en el Monumenta<\/strong>l, en la que ser\u00e1 una prueba de fuego para el conjunto de N\u00fa\u00f1ez para ratificar su buen presente.<\/p>\n<p><strong>Fluminense,<\/strong>\u00a0por su parte,<strong>\u00a0es el puntero del Grupo D<\/strong>\u00a0luego de haber ganado los dos primeros partidos y llega al partido con River despu\u00e9s de haber perdido por 4 a 2 con Fortaleza por el Brasileirao.<\/p>\n<p>Las siguientes son las probables formaciones y otros detalles del partido:<\/p>\n<p><strong>Copa Libertadores.<\/strong><br \/>\n<strong>Grupo D-Fecha 3.<\/strong><br \/>\n<strong>Fluminense-River.<\/strong><br \/>\n<strong>Estadio:<\/strong>\u00a0Maracan\u00e1.<br \/>\n<strong>\u00c1rbitro:<\/strong>\u00a0Esteban Ostojich (Uruguay).<br \/>\n<strong>VAR:<\/strong>\u00a0\u00c1ngelo Hermosilla (Chile).<br \/>\n<strong>Hora:<\/strong>\u00a021. &#8211;\u00a0<strong>TV:<\/strong>\u00a0Fox Sports.<\/p>\n<p><strong>Fluminense:<\/strong>\u00a0F\u00e1bio; Samuel Xavier, Nino, Felipe Melo, Marcelo, Andr\u00e9 Trindade, Alexsander, Lima, Paulo Ganso, Jhon Arias y Germ\u00e1n Cano. DT: Fernando Diniz.<\/p>\n<p><strong>River:<\/strong>\u00a0Franco Armani; Andr\u00e9s Herrera, Emanuel Mammana, Leandro Gonz\u00e1lez Pirez, Milton Casco; Rodrigo Aliendro, Enzo P\u00e9rez; Ignacio Fern\u00e1ndez, Nicol\u00e1s de la Cruz, Esequiel Barco y Lucas Beltr\u00e1n. DT: Mart\u00edn Demichelis.<\/p>\n","protected":false},"excerpt":{"rendered":"<p>El partido se llevar\u00e1 a cabo desde las 21 en el estadio Maracan\u00e1, con el arbitraje del uruguayo Esteban Ostojich.<\/p>\n","protected":false},"author":8,"featured_media":143821,"comment_status":"open","ping_status":"open","sticky":false,"template":"","format":"standard","meta":{"fifu_image_url":"","fifu_image_alt":"","footnotes":""},"categories":[13],"tags":[1254],"class_list":{"0":"post-143831","1":"post","2":"type-post","3":"status-publish","4":"format-standard","5":"has-post-thumbnail","7":"category-deportes","8":"tag-river"},"yoast_head":"<title>River visita a Fluminense en la \u00faltima parada antes del Supercl\u00e1sico - Informe Litoral<\/title>\n<meta name=\"robots\" content=\"index, follow, max-snippet:-1, max-image-preview:large, max-video-preview:-1\" \/>\n<link rel=\"canonical\" href=\"https:\/\/informelitoral.com.ar\/river-visita-a-fluminense-en-la-ultima-parada-antes-del-superclasico\/\" \/>\n<meta property=\"og:locale\" content=\"es_ES\" \/>\n<meta property=\"og:type\" content=\"article\" \/>\n<meta property=\"og:title\" content=\"River visita a Fluminense en la \u00faltima parada antes del Supercl\u00e1sico - Informe Litoral\" \/>\n<meta property=\"og:description\" content=\"El partido se llevar\u00e1 a cabo desde las 21 en el estadio Maracan\u00e1, con el arbitraje del uruguayo Esteban Ostojich.\" \/>\n<meta property=\"og:url\" content=\"https:\/\/informelitoral.com.ar\/river-visita-a-fluminense-en-la-ultima-parada-antes-del-superclasico\/\" \/>\n<meta property=\"og:site_name\" content=\"Informe Litoral\" \/>\n<meta property=\"article:publisher\" content=\"https:\/\/www.facebook.com\/informelitoral\/\" \/>\n<meta property=\"article:published_time\" content=\"2023-05-02T13:59:10+00:00\" \/>\n<meta property=\"og:image\" content=\"https:\/\/informelitoral.com.ar\/%77%70%2d%63%6f%6e%74%65%6e%74\/uploads\/2023\/05\/captura-pantalla-2023-05-02-074208jpg.webp\" \/>\n\t<meta property=\"og:image:width\" content=\"790\" \/>\n\t<meta property=\"og:image:height\" content=\"462\" \/>\n\t<meta property=\"og:image:type\" content=\"image\/webp\" \/>\n<meta name=\"author\" content=\"Sebastian\" \/>\n<meta name=\"twitter:card\" content=\"summary_large_image\" \/>\n<meta name=\"twitter:creator\" content=\"@InformeLitoral\" \/>\n<meta name=\"twitter:site\" content=\"@InformeLitoral\" \/>\n<meta name=\"twitter:label1\" content=\"Escrito por\" \/>\n\t<meta name=\"twitter:data1\" content=\"Sebastian\" \/>\n\t<meta name=\"twitter:label2\" content=\"Tiempo de lectura\" \/>\n\t<meta name=\"twitter:data2\" content=\"2 minutos\" \/>\n<script type=\"application\/ld+json\" class=\"yoast-schema-graph\">{\"@context\":\"https:\\\/\\\/schema.org\",\"@graph\":[{\"@type\":\"Article\",\"@id\":\"https:\\\/\\\/informelitoral.com.ar\\\/river-visita-a-fluminense-en-la-ultima-parada-antes-del-superclasico\\\/#article\",\"isPartOf\":{\"@id\":\"https:\\\/\\\/informelitoral.com.ar\\\/river-visita-a-fluminense-en-la-ultima-parada-antes-del-superclasico\\\/\"},\"author\":{\"name\":\"Sebastian\",\"@id\":\"https:\\\/\\\/informelitoral.com.ar\\\/#\\\/schema\\\/person\\\/f05f9f461677119578717524b127d6d5\"},\"headline\":\"River visita a Fluminense en la \u00faltima parada antes del Supercl\u00e1sico\",\"datePublished\":\"2023-05-02T13:59:10+00:00\",\"mainEntityOfPage\":{\"@id\":\"https:\\\/\\\/informelitoral.com.ar\\\/river-visita-a-fluminense-en-la-ultima-parada-antes-del-superclasico\\\/\"},\"wordCount\":356,\"commentCount\":0,\"publisher\":{\"@id\":\"https:\\\/\\\/informelitoral.com.ar\\\/#organization\"},\"image\":{\"@id\":\"https:\\\/\\\/informelitoral.com.ar\\\/river-visita-a-fluminense-en-la-ultima-parada-antes-del-superclasico\\\/#primaryimage\"},\"thumbnailUrl\":\"https:\\\/\\\/informelitoral.com.ar\\\/%77%70%2d%63%6f%6e%74%65%6e%74\\\/uploads\\\/2023\\\/05\\\/captura-pantalla-2023-05-02-074208jpg.webp\",\"keywords\":[\"River\"],\"articleSection\":[\"Deportes\"],\"inLanguage\":\"es\",\"potentialAction\":[{\"@type\":\"CommentAction\",\"name\":\"Comment\",\"target\":[\"https:\\\/\\\/informelitoral.com.ar\\\/river-visita-a-fluminense-en-la-ultima-parada-antes-del-superclasico\\\/#respond\"]}]},{\"@type\":\"WebPage\",\"@id\":\"https:\\\/\\\/informelitoral.com.ar\\\/river-visita-a-fluminense-en-la-ultima-parada-antes-del-superclasico\\\/\",\"url\":\"https:\\\/\\\/informelitoral.com.ar\\\/river-visita-a-fluminense-en-la-ultima-parada-antes-del-superclasico\\\/\",\"name\":\"River visita a Fluminense en la \u00faltima parada antes del Supercl\u00e1sico - Informe Litoral\",\"isPartOf\":{\"@id\":\"https:\\\/\\\/informelitoral.com.ar\\\/#website\"},\"primaryImageOfPage\":{\"@id\":\"https:\\\/\\\/informelitoral.com.ar\\\/river-visita-a-fluminense-en-la-ultima-parada-antes-del-superclasico\\\/#primaryimage\"},\"image\":{\"@id\":\"https:\\\/\\\/informelitoral.com.ar\\\/river-visita-a-fluminense-en-la-ultima-parada-antes-del-superclasico\\\/#primaryimage\"},\"thumbnailUrl\":\"https:\\\/\\\/informelitoral.com.ar\\\/%77%70%2d%63%6f%6e%74%65%6e%74\\\/uploads\\\/2023\\\/05\\\/captura-pantalla-2023-05-02-074208jpg.webp\",\"datePublished\":\"2023-05-02T13:59:10+00:00\",\"breadcrumb\":{\"@id\":\"https:\\\/\\\/informelitoral.com.ar\\\/river-visita-a-fluminense-en-la-ultima-parada-antes-del-superclasico\\\/#breadcrumb\"},\"inLanguage\":\"es\",\"potentialAction\":[{\"@type\":\"ReadAction\",\"target\":[\"https:\\\/\\\/informelitoral.com.ar\\\/river-visita-a-fluminense-en-la-ultima-parada-antes-del-superclasico\\\/\"]}]},{\"@type\":\"ImageObject\",\"inLanguage\":\"es\",\"@id\":\"https:\\\/\\\/informelitoral.com.ar\\\/river-visita-a-fluminense-en-la-ultima-parada-antes-del-superclasico\\\/#primaryimage\",\"url\":\"https:\\\/\\\/informelitoral.com.ar\\\/%77%70%2d%63%6f%6e%74%65%6e%74\\\/uploads\\\/2023\\\/05\\\/captura-pantalla-2023-05-02-074208jpg.webp\",\"contentUrl\":\"https:\\\/\\\/informelitoral.com.ar\\\/%77%70%2d%63%6f%6e%74%65%6e%74\\\/uploads\\\/2023\\\/05\\\/captura-pantalla-2023-05-02-074208jpg.webp\",\"width\":790,\"height\":462},{\"@type\":\"BreadcrumbList\",\"@id\":\"https:\\\/\\\/informelitoral.com.ar\\\/river-visita-a-fluminense-en-la-ultima-parada-antes-del-superclasico\\\/#breadcrumb\",\"itemListElement\":[{\"@type\":\"ListItem\",\"position\":1,\"name\":\"Portada\",\"item\":\"https:\\\/\\\/informelitoral.com.ar\\\/\"},{\"@type\":\"ListItem\",\"position\":2,\"name\":\"River visita a Fluminense en la \u00faltima parada antes del Supercl\u00e1sico\"}]},{\"@type\":\"WebSite\",\"@id\":\"https:\\\/\\\/informelitoral.com.ar\\\/#website\",\"url\":\"https:\\\/\\\/informelitoral.com.ar\\\/\",\"name\":\"Informe Litoral\",\"description\":\"&quot;Nos informamos&quot; \",\"publisher\":{\"@id\":\"https:\\\/\\\/informelitoral.com.ar\\\/#organization\"},\"potentialAction\":[{\"@type\":\"SearchAction\",\"target\":{\"@type\":\"EntryPoint\",\"urlTemplate\":\"https:\\\/\\\/informelitoral.com.ar\\\/?s={search_term_string}\"},\"query-input\":{\"@type\":\"PropertyValueSpecification\",\"valueRequired\":true,\"valueName\":\"search_term_string\"}}],\"inLanguage\":\"es\"},{\"@type\":\"Organization\",\"@id\":\"https:\\\/\\\/informelitoral.com.ar\\\/#organization\",\"name\":\"Informe Litoral\",\"url\":\"https:\\\/\\\/informelitoral.com.ar\\\/\",\"logo\":{\"@type\":\"ImageObject\",\"inLanguage\":\"es\",\"@id\":\"https:\\\/\\\/informelitoral.com.ar\\\/#\\\/schema\\\/logo\\\/image\\\/\",\"url\":\"https:\\\/\\\/informelitoral.com.ar\\\/%77%70%2d%63%6f%6e%74%65%6e%74\\\/uploads\\\/2021\\\/01\\\/circulo.png\",\"contentUrl\":\"https:\\\/\\\/informelitoral.com.ar\\\/%77%70%2d%63%6f%6e%74%65%6e%74\\\/uploads\\\/2021\\\/01\\\/circulo.png\",\"width\":723,\"height\":731,\"caption\":\"Informe Litoral\"},\"image\":{\"@id\":\"https:\\\/\\\/informelitoral.com.ar\\\/#\\\/schema\\\/logo\\\/image\\\/\"},\"sameAs\":[\"https:\\\/\\\/www.facebook.com\\\/informelitoral\\\/\",\"https:\\\/\\\/x.com\\\/InformeLitoral\",\"https:\\\/\\\/www.instagram.com\\\/informelitoral\\\/\",\"https:\\\/\\\/www.youtube.com\\\/channel\\\/UCua4Qvz8Icb6MYqhoq9xLXw\"]},{\"@type\":\"Person\",\"@id\":\"https:\\\/\\\/informelitoral.com.ar\\\/#\\\/schema\\\/person\\\/f05f9f461677119578717524b127d6d5\",\"name\":\"Sebastian\",\"image\":{\"@type\":\"ImageObject\",\"inLanguage\":\"es\",\"@id\":\"https:\\\/\\\/secure.gravatar.com\\\/avatar\\\/b71bf7481d447dfb9583c7f2798e7cc64de6efb9067b74633ed8c31059a3bd82?s=96&d=mm&r=g\",\"url\":\"https:\\\/\\\/secure.gravatar.com\\\/avatar\\\/b71bf7481d447dfb9583c7f2798e7cc64de6efb9067b74633ed8c31059a3bd82?s=96&d=mm&r=g\",\"contentUrl\":\"https:\\\/\\\/secure.gravatar.com\\\/avatar\\\/b71bf7481d447dfb9583c7f2798e7cc64de6efb9067b74633ed8c31059a3bd82?s=96&d=mm&r=g\",\"caption\":\"Sebastian\"},\"url\":\"https:\\\/\\\/informelitoral.com.ar\\\/author\\\/sebastian\\\/\"}]}<\/script>","yoast_head_json":{"title":"River visita a Fluminense en la \u00faltima parada antes del Supercl\u00e1sico - Informe Litoral","robots":{"index":"index","follow":"follow","max-snippet":"max-snippet:-1","max-image-preview":"max-image-preview:large","max-video-preview":"max-video-preview:-1"},"canonical":"https:\/\/informelitoral.com.ar\/river-visita-a-fluminense-en-la-ultima-parada-antes-del-superclasico\/","og_locale":"es_ES","og_type":"article","og_title":"River visita a Fluminense en la \u00faltima parada antes del Supercl\u00e1sico - Informe Litoral","og_description":"El partido se llevar\u00e1 a cabo desde las 21 en el estadio Maracan\u00e1, con el arbitraje del uruguayo Esteban Ostojich.","og_url":"https:\/\/informelitoral.com.ar\/river-visita-a-fluminense-en-la-ultima-parada-antes-del-superclasico\/","og_site_name":"Informe Litoral","article_publisher":"https:\/\/www.facebook.com\/informelitoral\/","article_published_time":"2023-05-02T13:59:10+00:00","og_image":[{"width":790,"height":462,"url":"https:\/\/informelitoral.com.ar\/%77%70%2d%63%6f%6e%74%65%6e%74\/uploads\/2023\/05\/captura-pantalla-2023-05-02-074208jpg.webp","type":"image\/webp"}],"author":"Sebastian","twitter_card":"summary_large_image","twitter_creator":"@InformeLitoral","twitter_site":"@InformeLitoral","twitter_misc":{"Escrito por":"Sebastian","Tiempo de lectura":"2 minutos"},"schema":{"@context":"https:\/\/schema.org","@graph":[{"@type":"Article","@id":"https:\/\/informelitoral.com.ar\/river-visita-a-fluminense-en-la-ultima-parada-antes-del-superclasico\/#article","isPartOf":{"@id":"https:\/\/informelitoral.com.ar\/river-visita-a-fluminense-en-la-ultima-parada-antes-del-superclasico\/"},"author":{"name":"Sebastian","@id":"https:\/\/informelitoral.com.ar\/#\/schema\/person\/f05f9f461677119578717524b127d6d5"},"headline":"River visita a Fluminense en la \u00faltima parada antes del Supercl\u00e1sico","datePublished":"2023-05-02T13:59:10+00:00","mainEntityOfPage":{"@id":"https:\/\/informelitoral.com.ar\/river-visita-a-fluminense-en-la-ultima-parada-antes-del-superclasico\/"},"wordCount":356,"commentCount":0,"publisher":{"@id":"https:\/\/informelitoral.com.ar\/#organization"},"image":{"@id":"https:\/\/informelitoral.com.ar\/river-visita-a-fluminense-en-la-ultima-parada-antes-del-superclasico\/#primaryimage"},"thumbnailUrl":"https:\/\/informelitoral.com.ar\/%77%70%2d%63%6f%6e%74%65%6e%74\/uploads\/2023\/05\/captura-pantalla-2023-05-02-074208jpg.webp","keywords":["River"],"articleSection":["Deportes"],"inLanguage":"es","potentialAction":[{"@type":"CommentAction","name":"Comment","target":["https:\/\/informelitoral.com.ar\/river-visita-a-fluminense-en-la-ultima-parada-antes-del-superclasico\/#respond"]}]},{"@type":"WebPage","@id":"https:\/\/informelitoral.com.ar\/river-visita-a-fluminense-en-la-ultima-parada-antes-del-superclasico\/","url":"https:\/\/informelitoral.com.ar\/river-visita-a-fluminense-en-la-ultima-parada-antes-del-superclasico\/","name":"River visita a Fluminense en la \u00faltima parada antes del Supercl\u00e1sico - Informe Litoral","isPartOf":{"@id":"https:\/\/informelitoral.com.ar\/#website"},"primaryImageOfPage":{"@id":"https:\/\/informelitoral.com.ar\/river-visita-a-fluminense-en-la-ultima-parada-antes-del-superclasico\/#primaryimage"},"image":{"@id":"https:\/\/informelitoral.com.ar\/river-visita-a-fluminense-en-la-ultima-parada-antes-del-superclasico\/#primaryimage"},"thumbnailUrl":"https:\/\/informelitoral.com.ar\/%77%70%2d%63%6f%6e%74%65%6e%74\/uploads\/2023\/05\/captura-pantalla-2023-05-02-074208jpg.webp","datePublished":"2023-05-02T13:59:10+00:00","breadcrumb":{"@id":"https:\/\/informelitoral.com.ar\/river-visita-a-fluminense-en-la-ultima-parada-antes-del-superclasico\/#breadcrumb"},"inLanguage":"es","potentialAction":[{"@type":"ReadAction","target":["https:\/\/informelitoral.com.ar\/river-visita-a-fluminense-en-la-ultima-parada-antes-del-superclasico\/"]}]},{"@type":"ImageObject","inLanguage":"es","@id":"https:\/\/informelitoral.com.ar\/river-visita-a-fluminense-en-la-ultima-parada-antes-del-superclasico\/#primaryimage","url":"https:\/\/informelitoral.com.ar\/%77%70%2d%63%6f%6e%74%65%6e%74\/uploads\/2023\/05\/captura-pantalla-2023-05-02-074208jpg.webp","contentUrl":"https:\/\/informelitoral.com.ar\/%77%70%2d%63%6f%6e%74%65%6e%74\/uploads\/2023\/05\/captura-pantalla-2023-05-02-074208jpg.webp","width":790,"height":462},{"@type":"BreadcrumbList","@id":"https:\/\/informelitoral.com.ar\/river-visita-a-fluminense-en-la-ultima-parada-antes-del-superclasico\/#breadcrumb","itemListElement":[{"@type":"ListItem","position":1,"name":"Portada","item":"https:\/\/informelitoral.com.ar\/"},{"@type":"ListItem","position":2,"name":"River visita a Fluminense en la \u00faltima parada antes del Supercl\u00e1sico"}]},{"@type":"WebSite","@id":"https:\/\/informelitoral.com.ar\/#website","url":"https:\/\/informelitoral.com.ar\/","name":"Informe Litoral","description":"&quot;Nos informamos&quot; ","publisher":{"@id":"https:\/\/informelitoral.com.ar\/#organization"},"potentialAction":[{"@type":"SearchAction","target":{"@type":"EntryPoint","urlTemplate":"https:\/\/informelitoral.com.ar\/?s={search_term_string}"},"query-input":{"@type":"PropertyValueSpecification","valueRequired":true,"valueName":"search_term_string"}}],"inLanguage":"es"},{"@type":"Organization","@id":"https:\/\/informelitoral.com.ar\/#organization","name":"Informe Litoral","url":"https:\/\/informelitoral.com.ar\/","logo":{"@type":"ImageObject","inLanguage":"es","@id":"https:\/\/informelitoral.com.ar\/#\/schema\/logo\/image\/","url":"https:\/\/informelitoral.com.ar\/%77%70%2d%63%6f%6e%74%65%6e%74\/uploads\/2021\/01\/circulo.png","contentUrl":"https:\/\/informelitoral.com.ar\/%77%70%2d%63%6f%6e%74%65%6e%74\/uploads\/2021\/01\/circulo.png","width":723,"height":731,"caption":"Informe Litoral"},"image":{"@id":"https:\/\/informelitoral.com.ar\/#\/schema\/logo\/image\/"},"sameAs":["https:\/\/www.facebook.com\/informelitoral\/","https:\/\/x.com\/InformeLitoral","https:\/\/www.instagram.com\/informelitoral\/","https:\/\/www.youtube.com\/channel\/UCua4Qvz8Icb6MYqhoq9xLXw"]},{"@type":"Person","@id":"https:\/\/informelitoral.com.ar\/#\/schema\/person\/f05f9f461677119578717524b127d6d5","name":"Sebastian","image":{"@type":"ImageObject","inLanguage":"es","@id":"https:\/\/secure.gravatar.com\/avatar\/b71bf7481d447dfb9583c7f2798e7cc64de6efb9067b74633ed8c31059a3bd82?s=96&d=mm&r=g","url":"https:\/\/secure.gravatar.com\/avatar\/b71bf7481d447dfb9583c7f2798e7cc64de6efb9067b74633ed8c31059a3bd82?s=96&d=mm&r=g","contentUrl":"https:\/\/secure.gravatar.com\/avatar\/b71bf7481d447dfb9583c7f2798e7cc64de6efb9067b74633ed8c31059a3bd82?s=96&d=mm&r=g","caption":"Sebastian"},"url":"https:\/\/informelitoral.com.ar\/author\/sebastian\/"}]}},"_links":{"self":[{"href":"https:\/\/informelitoral.com.ar\/%77%70%2d%6a%73%6f%6e\/wp\/v2\/posts\/143831","targetHints":{"allow":["GET"]}}],"collection":[{"href":"https:\/\/informelitoral.com.ar\/%77%70%2d%6a%73%6f%6e\/wp\/v2\/posts"}],"about":[{"href":"https:\/\/informelitoral.com.ar\/%77%70%2d%6a%73%6f%6e\/wp\/v2\/types\/post"}],"author":[{"embeddable":true,"href":"https:\/\/informelitoral.com.ar\/%77%70%2d%6a%73%6f%6e\/wp\/v2\/users\/8"}],"replies":[{"embeddable":true,"href":"https:\/\/informelitoral.com.ar\/%77%70%2d%6a%73%6f%6e\/wp\/v2\/comments?post=143831"}],"version-history":[{"count":0,"href":"https:\/\/informelitoral.com.ar\/%77%70%2d%6a%73%6f%6e\/wp\/v2\/posts\/143831\/revisions"}],"wp:featuredmedia":[{"embeddable":true,"href":"https:\/\/informelitoral.com.ar\/%77%70%2d%6a%73%6f%6e\/wp\/v2\/media\/143821"}],"wp:attachment":[{"href":"https:\/\/informelitoral.com.ar\/%77%70%2d%6a%73%6f%6e\/wp\/v2\/media?parent=143831"}],"wp:term":[{"taxonomy":"category","embeddable":true,"href":"https:\/\/informelitoral.com.ar\/%77%70%2d%6a%73%6f%6e\/wp\/v2\/categories?post=143831"},{"taxonomy":"post_tag","embeddable":true,"href":"https:\/\/informelitoral.com.ar\/%77%70%2d%6a%73%6f%6e\/wp\/v2\/tags?post=143831"}],"curies":[{"name":"wp","href":"https:\/\/api.w.org\/{rel}","templated":true}]}}