{"id":143639,"date":"2023-05-02T08:40:42","date_gmt":"2023-05-02T11:40:42","guid":{"rendered":"https:\/\/www.informelitoral.com.ar\/?p=143639"},"modified":"2023-05-02T08:40:42","modified_gmt":"2023-05-02T11:40:42","slug":"incluyen-la-yerba-mate-en-el-listado-de-productos-beneficiados-con-el-dolar-agro","status":"publish","type":"post","link":"https:\/\/informelitoral.com.ar\/incluyen-la-yerba-mate-en-el-listado-de-productos-beneficiados-con-el-dolar-agro\/","title":{"rendered":"Incluyen la yerba mate en el listado de productos beneficiados con el d\u00f3lar agro"},"content":{"rendered":"<p>El Ministerio de Econom\u00eda incluy\u00f3 a la yerba mate y la carne caprina en el listado de los productos de las econom\u00edas regionales alcanzados por el Programa de Incremento Exportador (PIE), que establece un tipo de cambio diferencial temporal de $ 300 por d\u00f3lar hasta el 31 de octubre, a trav\u00e9s de la resoluci\u00f3n 162\/2023 publicada en el Bolet\u00edn Oficial.<\/p>\n<p>La misma destac\u00f3 que \u201ca trav\u00e9s de estos programas de est\u00edmulo, se busca promover el arraigo territorial, el agregado de valor, la industrializaci\u00f3n en origen y el incremento de las exportaciones a trav\u00e9s del desarrollo socioecon\u00f3mico arm\u00f3nico, entre los distintos eslabones de las cadenas de valor de las econom\u00edas regionales\u201d.<\/p>\n<p>Adem\u00e1s subray\u00f3 que son \u201cespecialmente relevantes en la determinaci\u00f3n de los alcances de la presente medida la heterogeneidad en la productividad, la inserci\u00f3n en el mundo y la matriz productiva de las distintas cadenas\u201d.<\/p>\n<p>La semana pasada Econom\u00eda anunci\u00f3 el ingreso del sorgo, la cebada forrajera, el girasol y sus principales derivados, como el aceite y la harina, productos derivados de cadenas de hortalizas (frescas, congeladas y conservadas), preparaciones alimenticias para animales, frutas frescas y sus productos derivados; carne ovina, salvados y moyuelos provenientes de la molienda de cereales, semillas hort\u00edcolas y de otras especies.<\/p>\n<p>Previamente incorpor\u00f3 m\u00e1s de una veintena de producciones de econom\u00edas regionales, siendo los principales complejos incorporados el vitivin\u00edcola, oliv\u00edcola, ap\u00edcola, pesquero, foresto-industrial, de la lana, legumbres, ajo, t\u00e9, manicero, tabaquero, limonero, de la ciruela, ma\u00edz pisingallo, frutas finas, frutos secos, girasol confitero, mandarinas, naranjas, arroz, ar\u00e1ndanos, peras y manzanas, cebolla, kiwi, pomelo, entre otros.<\/p>\n<p>Los requisitos para todos los productos de las econom\u00edas regionales que deben cumplir los interesados en acceder a los beneficios del programa son haber exportado las mercader\u00edas en alg\u00fan momento de los 18 meses inmediatos anteriores a la entrada en vigencia del decreto 194, as\u00ed como asumir el compromiso de mantener o incrementar la cantidad de puestos de trabajo.<\/p>\n<p>Tambi\u00e9n deben comprometerse a abastecer el mercado local con esas mercader\u00edas, debiendo mantener o incrementar los vol\u00famenes de abastecimiento que registrare en los 18 meses anteriores a la vigencia del referido decreto.<\/p>\n<p>Por \u00faltimo, tendr\u00e1n que cumplir con el programa Precios Justos o los acuerdos de precios para el mercado local que al respecto establezca la Secretar\u00eda de Comercio.<\/p>\n","protected":false},"excerpt":{"rendered":"<p>Junto con la carne caprina fue incluida en el listado de los productos de las econom\u00edas regionales alcanzados por el Programa de Incremento Exportador, que establece un tipo de cambio diferencial de $ 300 por d\u00f3lar hasta el 31 de octubre.<\/p>\n","protected":false},"author":8,"featured_media":83349,"comment_status":"open","ping_status":"open","sticky":false,"template":"","format":"standard","meta":{"fifu_image_url":"","fifu_image_alt":"","footnotes":""},"categories":[1594],"tags":[],"class_list":{"0":"post-143639","1":"post","2":"type-post","3":"status-publish","4":"format-standard","5":"has-post-thumbnail","7":"category-economia"},"yoast_head":"<title>Incluyen la yerba mate en el listado de productos beneficiados con el d\u00f3lar agro - Informe Litoral<\/title>\n<meta name=\"robots\" content=\"index, follow, max-snippet:-1, max-image-preview:large, max-video-preview:-1\" \/>\n<link rel=\"canonical\" href=\"https:\/\/informelitoral.com.ar\/incluyen-la-yerba-mate-en-el-listado-de-productos-beneficiados-con-el-dolar-agro\/\" \/>\n<meta property=\"og:locale\" content=\"es_ES\" \/>\n<meta property=\"og:type\" content=\"article\" \/>\n<meta property=\"og:title\" content=\"Incluyen la yerba mate en el listado de productos beneficiados con el d\u00f3lar agro - Informe Litoral\" \/>\n<meta property=\"og:description\" content=\"Junto con la carne caprina fue incluida en el listado de los productos de las econom\u00edas regionales alcanzados por el Programa de Incremento Exportador, que establece un tipo de cambio diferencial de $ 300 por d\u00f3lar hasta el 31 de octubre.\" \/>\n<meta property=\"og:url\" content=\"https:\/\/informelitoral.com.ar\/incluyen-la-yerba-mate-en-el-listado-de-productos-beneficiados-con-el-dolar-agro\/\" \/>\n<meta property=\"og:site_name\" content=\"Informe Litoral\" \/>\n<meta property=\"article:publisher\" content=\"https:\/\/www.facebook.com\/informelitoral\/\" \/>\n<meta property=\"article:published_time\" content=\"2023-05-02T11:40:42+00:00\" \/>\n<meta property=\"og:image\" content=\"https:\/\/informelitoral.com.ar\/%77%70%2d%63%6f%6e%74%65%6e%74\/uploads\/2022\/08\/dolar-soja-750x375-1.jpg\" \/>\n\t<meta property=\"og:image:width\" content=\"750\" \/>\n\t<meta property=\"og:image:height\" content=\"375\" \/>\n\t<meta property=\"og:image:type\" content=\"image\/jpeg\" \/>\n<meta name=\"author\" content=\"Sebastian\" \/>\n<meta name=\"twitter:card\" content=\"summary_large_image\" \/>\n<meta name=\"twitter:creator\" content=\"@InformeLitoral\" \/>\n<meta name=\"twitter:site\" content=\"@InformeLitoral\" \/>\n<meta name=\"twitter:label1\" content=\"Escrito por\" \/>\n\t<meta name=\"twitter:data1\" content=\"Sebastian\" \/>\n\t<meta name=\"twitter:label2\" content=\"Tiempo de lectura\" \/>\n\t<meta name=\"twitter:data2\" content=\"2 minutos\" \/>\n<script type=\"application\/ld+json\" class=\"yoast-schema-graph\">{\"@context\":\"https:\\\/\\\/schema.org\",\"@graph\":[{\"@type\":\"Article\",\"@id\":\"https:\\\/\\\/informelitoral.com.ar\\\/incluyen-la-yerba-mate-en-el-listado-de-productos-beneficiados-con-el-dolar-agro\\\/#article\",\"isPartOf\":{\"@id\":\"https:\\\/\\\/informelitoral.com.ar\\\/incluyen-la-yerba-mate-en-el-listado-de-productos-beneficiados-con-el-dolar-agro\\\/\"},\"author\":{\"name\":\"Sebastian\",\"@id\":\"https:\\\/\\\/informelitoral.com.ar\\\/#\\\/schema\\\/person\\\/f05f9f461677119578717524b127d6d5\"},\"headline\":\"Incluyen la yerba mate en el listado de productos beneficiados con el d\u00f3lar agro\",\"datePublished\":\"2023-05-02T11:40:42+00:00\",\"mainEntityOfPage\":{\"@id\":\"https:\\\/\\\/informelitoral.com.ar\\\/incluyen-la-yerba-mate-en-el-listado-de-productos-beneficiados-con-el-dolar-agro\\\/\"},\"wordCount\":418,\"commentCount\":0,\"publisher\":{\"@id\":\"https:\\\/\\\/informelitoral.com.ar\\\/#organization\"},\"image\":{\"@id\":\"https:\\\/\\\/informelitoral.com.ar\\\/incluyen-la-yerba-mate-en-el-listado-de-productos-beneficiados-con-el-dolar-agro\\\/#primaryimage\"},\"thumbnailUrl\":\"https:\\\/\\\/informelitoral.com.ar\\\/%77%70%2d%63%6f%6e%74%65%6e%74\\\/uploads\\\/2022\\\/08\\\/dolar-soja-750x375-1.jpg\",\"articleSection\":[\"Econom\u00eda\"],\"inLanguage\":\"es\",\"potentialAction\":[{\"@type\":\"CommentAction\",\"name\":\"Comment\",\"target\":[\"https:\\\/\\\/informelitoral.com.ar\\\/incluyen-la-yerba-mate-en-el-listado-de-productos-beneficiados-con-el-dolar-agro\\\/#respond\"]}]},{\"@type\":\"WebPage\",\"@id\":\"https:\\\/\\\/informelitoral.com.ar\\\/incluyen-la-yerba-mate-en-el-listado-de-productos-beneficiados-con-el-dolar-agro\\\/\",\"url\":\"https:\\\/\\\/informelitoral.com.ar\\\/incluyen-la-yerba-mate-en-el-listado-de-productos-beneficiados-con-el-dolar-agro\\\/\",\"name\":\"Incluyen la yerba mate en el listado de productos beneficiados con el d\u00f3lar agro - Informe Litoral\",\"isPartOf\":{\"@id\":\"https:\\\/\\\/informelitoral.com.ar\\\/#website\"},\"primaryImageOfPage\":{\"@id\":\"https:\\\/\\\/informelitoral.com.ar\\\/incluyen-la-yerba-mate-en-el-listado-de-productos-beneficiados-con-el-dolar-agro\\\/#primaryimage\"},\"image\":{\"@id\":\"https:\\\/\\\/informelitoral.com.ar\\\/incluyen-la-yerba-mate-en-el-listado-de-productos-beneficiados-con-el-dolar-agro\\\/#primaryimage\"},\"thumbnailUrl\":\"https:\\\/\\\/informelitoral.com.ar\\\/%77%70%2d%63%6f%6e%74%65%6e%74\\\/uploads\\\/2022\\\/08\\\/dolar-soja-750x375-1.jpg\",\"datePublished\":\"2023-05-02T11:40:42+00:00\",\"breadcrumb\":{\"@id\":\"https:\\\/\\\/informelitoral.com.ar\\\/incluyen-la-yerba-mate-en-el-listado-de-productos-beneficiados-con-el-dolar-agro\\\/#breadcrumb\"},\"inLanguage\":\"es\",\"potentialAction\":[{\"@type\":\"ReadAction\",\"target\":[\"https:\\\/\\\/informelitoral.com.ar\\\/incluyen-la-yerba-mate-en-el-listado-de-productos-beneficiados-con-el-dolar-agro\\\/\"]}]},{\"@type\":\"ImageObject\",\"inLanguage\":\"es\",\"@id\":\"https:\\\/\\\/informelitoral.com.ar\\\/incluyen-la-yerba-mate-en-el-listado-de-productos-beneficiados-con-el-dolar-agro\\\/#primaryimage\",\"url\":\"https:\\\/\\\/informelitoral.com.ar\\\/%77%70%2d%63%6f%6e%74%65%6e%74\\\/uploads\\\/2022\\\/08\\\/dolar-soja-750x375-1.jpg\",\"contentUrl\":\"https:\\\/\\\/informelitoral.com.ar\\\/%77%70%2d%63%6f%6e%74%65%6e%74\\\/uploads\\\/2022\\\/08\\\/dolar-soja-750x375-1.jpg\",\"width\":750,\"height\":375},{\"@type\":\"BreadcrumbList\",\"@id\":\"https:\\\/\\\/informelitoral.com.ar\\\/incluyen-la-yerba-mate-en-el-listado-de-productos-beneficiados-con-el-dolar-agro\\\/#breadcrumb\",\"itemListElement\":[{\"@type\":\"ListItem\",\"position\":1,\"name\":\"Portada\",\"item\":\"https:\\\/\\\/informelitoral.com.ar\\\/\"},{\"@type\":\"ListItem\",\"position\":2,\"name\":\"Incluyen la yerba mate en el listado de productos beneficiados con el d\u00f3lar agro\"}]},{\"@type\":\"WebSite\",\"@id\":\"https:\\\/\\\/informelitoral.com.ar\\\/#website\",\"url\":\"https:\\\/\\\/informelitoral.com.ar\\\/\",\"name\":\"Informe Litoral\",\"description\":\"&quot;Nos informamos&quot; \",\"publisher\":{\"@id\":\"https:\\\/\\\/informelitoral.com.ar\\\/#organization\"},\"potentialAction\":[{\"@type\":\"SearchAction\",\"target\":{\"@type\":\"EntryPoint\",\"urlTemplate\":\"https:\\\/\\\/informelitoral.com.ar\\\/?s={search_term_string}\"},\"query-input\":{\"@type\":\"PropertyValueSpecification\",\"valueRequired\":true,\"valueName\":\"search_term_string\"}}],\"inLanguage\":\"es\"},{\"@type\":\"Organization\",\"@id\":\"https:\\\/\\\/informelitoral.com.ar\\\/#organization\",\"name\":\"Informe Litoral\",\"url\":\"https:\\\/\\\/informelitoral.com.ar\\\/\",\"logo\":{\"@type\":\"ImageObject\",\"inLanguage\":\"es\",\"@id\":\"https:\\\/\\\/informelitoral.com.ar\\\/#\\\/schema\\\/logo\\\/image\\\/\",\"url\":\"https:\\\/\\\/informelitoral.com.ar\\\/%77%70%2d%63%6f%6e%74%65%6e%74\\\/uploads\\\/2021\\\/01\\\/circulo.png\",\"contentUrl\":\"https:\\\/\\\/informelitoral.com.ar\\\/%77%70%2d%63%6f%6e%74%65%6e%74\\\/uploads\\\/2021\\\/01\\\/circulo.png\",\"width\":723,\"height\":731,\"caption\":\"Informe Litoral\"},\"image\":{\"@id\":\"https:\\\/\\\/informelitoral.com.ar\\\/#\\\/schema\\\/logo\\\/image\\\/\"},\"sameAs\":[\"https:\\\/\\\/www.facebook.com\\\/informelitoral\\\/\",\"https:\\\/\\\/x.com\\\/InformeLitoral\",\"https:\\\/\\\/www.instagram.com\\\/informelitoral\\\/\",\"https:\\\/\\\/www.youtube.com\\\/channel\\\/UCua4Qvz8Icb6MYqhoq9xLXw\"]},{\"@type\":\"Person\",\"@id\":\"https:\\\/\\\/informelitoral.com.ar\\\/#\\\/schema\\\/person\\\/f05f9f461677119578717524b127d6d5\",\"name\":\"Sebastian\",\"image\":{\"@type\":\"ImageObject\",\"inLanguage\":\"es\",\"@id\":\"https:\\\/\\\/secure.gravatar.com\\\/avatar\\\/b71bf7481d447dfb9583c7f2798e7cc64de6efb9067b74633ed8c31059a3bd82?s=96&d=mm&r=g\",\"url\":\"https:\\\/\\\/secure.gravatar.com\\\/avatar\\\/b71bf7481d447dfb9583c7f2798e7cc64de6efb9067b74633ed8c31059a3bd82?s=96&d=mm&r=g\",\"contentUrl\":\"https:\\\/\\\/secure.gravatar.com\\\/avatar\\\/b71bf7481d447dfb9583c7f2798e7cc64de6efb9067b74633ed8c31059a3bd82?s=96&d=mm&r=g\",\"caption\":\"Sebastian\"},\"url\":\"https:\\\/\\\/informelitoral.com.ar\\\/author\\\/sebastian\\\/\"}]}<\/script>","yoast_head_json":{"title":"Incluyen la yerba mate en el listado de productos beneficiados con el d\u00f3lar agro - Informe Litoral","robots":{"index":"index","follow":"follow","max-snippet":"max-snippet:-1","max-image-preview":"max-image-preview:large","max-video-preview":"max-video-preview:-1"},"canonical":"https:\/\/informelitoral.com.ar\/incluyen-la-yerba-mate-en-el-listado-de-productos-beneficiados-con-el-dolar-agro\/","og_locale":"es_ES","og_type":"article","og_title":"Incluyen la yerba mate en el listado de productos beneficiados con el d\u00f3lar agro - Informe Litoral","og_description":"Junto con la carne caprina fue incluida en el listado de los productos de las econom\u00edas regionales alcanzados por el Programa de Incremento Exportador, que establece un tipo de cambio diferencial de $ 300 por d\u00f3lar hasta el 31 de octubre.","og_url":"https:\/\/informelitoral.com.ar\/incluyen-la-yerba-mate-en-el-listado-de-productos-beneficiados-con-el-dolar-agro\/","og_site_name":"Informe Litoral","article_publisher":"https:\/\/www.facebook.com\/informelitoral\/","article_published_time":"2023-05-02T11:40:42+00:00","og_image":[{"width":750,"height":375,"url":"https:\/\/informelitoral.com.ar\/%77%70%2d%63%6f%6e%74%65%6e%74\/uploads\/2022\/08\/dolar-soja-750x375-1.jpg","type":"image\/jpeg"}],"author":"Sebastian","twitter_card":"summary_large_image","twitter_creator":"@InformeLitoral","twitter_site":"@InformeLitoral","twitter_misc":{"Escrito por":"Sebastian","Tiempo de lectura":"2 minutos"},"schema":{"@context":"https:\/\/schema.org","@graph":[{"@type":"Article","@id":"https:\/\/informelitoral.com.ar\/incluyen-la-yerba-mate-en-el-listado-de-productos-beneficiados-con-el-dolar-agro\/#article","isPartOf":{"@id":"https:\/\/informelitoral.com.ar\/incluyen-la-yerba-mate-en-el-listado-de-productos-beneficiados-con-el-dolar-agro\/"},"author":{"name":"Sebastian","@id":"https:\/\/informelitoral.com.ar\/#\/schema\/person\/f05f9f461677119578717524b127d6d5"},"headline":"Incluyen la yerba mate en el listado de productos beneficiados con el d\u00f3lar agro","datePublished":"2023-05-02T11:40:42+00:00","mainEntityOfPage":{"@id":"https:\/\/informelitoral.com.ar\/incluyen-la-yerba-mate-en-el-listado-de-productos-beneficiados-con-el-dolar-agro\/"},"wordCount":418,"commentCount":0,"publisher":{"@id":"https:\/\/informelitoral.com.ar\/#organization"},"image":{"@id":"https:\/\/informelitoral.com.ar\/incluyen-la-yerba-mate-en-el-listado-de-productos-beneficiados-con-el-dolar-agro\/#primaryimage"},"thumbnailUrl":"https:\/\/informelitoral.com.ar\/%77%70%2d%63%6f%6e%74%65%6e%74\/uploads\/2022\/08\/dolar-soja-750x375-1.jpg","articleSection":["Econom\u00eda"],"inLanguage":"es","potentialAction":[{"@type":"CommentAction","name":"Comment","target":["https:\/\/informelitoral.com.ar\/incluyen-la-yerba-mate-en-el-listado-de-productos-beneficiados-con-el-dolar-agro\/#respond"]}]},{"@type":"WebPage","@id":"https:\/\/informelitoral.com.ar\/incluyen-la-yerba-mate-en-el-listado-de-productos-beneficiados-con-el-dolar-agro\/","url":"https:\/\/informelitoral.com.ar\/incluyen-la-yerba-mate-en-el-listado-de-productos-beneficiados-con-el-dolar-agro\/","name":"Incluyen la yerba mate en el listado de productos beneficiados con el d\u00f3lar agro - Informe Litoral","isPartOf":{"@id":"https:\/\/informelitoral.com.ar\/#website"},"primaryImageOfPage":{"@id":"https:\/\/informelitoral.com.ar\/incluyen-la-yerba-mate-en-el-listado-de-productos-beneficiados-con-el-dolar-agro\/#primaryimage"},"image":{"@id":"https:\/\/informelitoral.com.ar\/incluyen-la-yerba-mate-en-el-listado-de-productos-beneficiados-con-el-dolar-agro\/#primaryimage"},"thumbnailUrl":"https:\/\/informelitoral.com.ar\/%77%70%2d%63%6f%6e%74%65%6e%74\/uploads\/2022\/08\/dolar-soja-750x375-1.jpg","datePublished":"2023-05-02T11:40:42+00:00","breadcrumb":{"@id":"https:\/\/informelitoral.com.ar\/incluyen-la-yerba-mate-en-el-listado-de-productos-beneficiados-con-el-dolar-agro\/#breadcrumb"},"inLanguage":"es","potentialAction":[{"@type":"ReadAction","target":["https:\/\/informelitoral.com.ar\/incluyen-la-yerba-mate-en-el-listado-de-productos-beneficiados-con-el-dolar-agro\/"]}]},{"@type":"ImageObject","inLanguage":"es","@id":"https:\/\/informelitoral.com.ar\/incluyen-la-yerba-mate-en-el-listado-de-productos-beneficiados-con-el-dolar-agro\/#primaryimage","url":"https:\/\/informelitoral.com.ar\/%77%70%2d%63%6f%6e%74%65%6e%74\/uploads\/2022\/08\/dolar-soja-750x375-1.jpg","contentUrl":"https:\/\/informelitoral.com.ar\/%77%70%2d%63%6f%6e%74%65%6e%74\/uploads\/2022\/08\/dolar-soja-750x375-1.jpg","width":750,"height":375},{"@type":"BreadcrumbList","@id":"https:\/\/informelitoral.com.ar\/incluyen-la-yerba-mate-en-el-listado-de-productos-beneficiados-con-el-dolar-agro\/#breadcrumb","itemListElement":[{"@type":"ListItem","position":1,"name":"Portada","item":"https:\/\/informelitoral.com.ar\/"},{"@type":"ListItem","position":2,"name":"Incluyen la yerba mate en el listado de productos beneficiados con el d\u00f3lar agro"}]},{"@type":"WebSite","@id":"https:\/\/informelitoral.com.ar\/#website","url":"https:\/\/informelitoral.com.ar\/","name":"Informe Litoral","description":"&quot;Nos informamos&quot; ","publisher":{"@id":"https:\/\/informelitoral.com.ar\/#organization"},"potentialAction":[{"@type":"SearchAction","target":{"@type":"EntryPoint","urlTemplate":"https:\/\/informelitoral.com.ar\/?s={search_term_string}"},"query-input":{"@type":"PropertyValueSpecification","valueRequired":true,"valueName":"search_term_string"}}],"inLanguage":"es"},{"@type":"Organization","@id":"https:\/\/informelitoral.com.ar\/#organization","name":"Informe Litoral","url":"https:\/\/informelitoral.com.ar\/","logo":{"@type":"ImageObject","inLanguage":"es","@id":"https:\/\/informelitoral.com.ar\/#\/schema\/logo\/image\/","url":"https:\/\/informelitoral.com.ar\/%77%70%2d%63%6f%6e%74%65%6e%74\/uploads\/2021\/01\/circulo.png","contentUrl":"https:\/\/informelitoral.com.ar\/%77%70%2d%63%6f%6e%74%65%6e%74\/uploads\/2021\/01\/circulo.png","width":723,"height":731,"caption":"Informe Litoral"},"image":{"@id":"https:\/\/informelitoral.com.ar\/#\/schema\/logo\/image\/"},"sameAs":["https:\/\/www.facebook.com\/informelitoral\/","https:\/\/x.com\/InformeLitoral","https:\/\/www.instagram.com\/informelitoral\/","https:\/\/www.youtube.com\/channel\/UCua4Qvz8Icb6MYqhoq9xLXw"]},{"@type":"Person","@id":"https:\/\/informelitoral.com.ar\/#\/schema\/person\/f05f9f461677119578717524b127d6d5","name":"Sebastian","image":{"@type":"ImageObject","inLanguage":"es","@id":"https:\/\/secure.gravatar.com\/avatar\/b71bf7481d447dfb9583c7f2798e7cc64de6efb9067b74633ed8c31059a3bd82?s=96&d=mm&r=g","url":"https:\/\/secure.gravatar.com\/avatar\/b71bf7481d447dfb9583c7f2798e7cc64de6efb9067b74633ed8c31059a3bd82?s=96&d=mm&r=g","contentUrl":"https:\/\/secure.gravatar.com\/avatar\/b71bf7481d447dfb9583c7f2798e7cc64de6efb9067b74633ed8c31059a3bd82?s=96&d=mm&r=g","caption":"Sebastian"},"url":"https:\/\/informelitoral.com.ar\/author\/sebastian\/"}]}},"_links":{"self":[{"href":"https:\/\/informelitoral.com.ar\/%77%70%2d%6a%73%6f%6e\/wp\/v2\/posts\/143639","targetHints":{"allow":["GET"]}}],"collection":[{"href":"https:\/\/informelitoral.com.ar\/%77%70%2d%6a%73%6f%6e\/wp\/v2\/posts"}],"about":[{"href":"https:\/\/informelitoral.com.ar\/%77%70%2d%6a%73%6f%6e\/wp\/v2\/types\/post"}],"author":[{"embeddable":true,"href":"https:\/\/informelitoral.com.ar\/%77%70%2d%6a%73%6f%6e\/wp\/v2\/users\/8"}],"replies":[{"embeddable":true,"href":"https:\/\/informelitoral.com.ar\/%77%70%2d%6a%73%6f%6e\/wp\/v2\/comments?post=143639"}],"version-history":[{"count":0,"href":"https:\/\/informelitoral.com.ar\/%77%70%2d%6a%73%6f%6e\/wp\/v2\/posts\/143639\/revisions"}],"wp:featuredmedia":[{"embeddable":true,"href":"https:\/\/informelitoral.com.ar\/%77%70%2d%6a%73%6f%6e\/wp\/v2\/media\/83349"}],"wp:attachment":[{"href":"https:\/\/informelitoral.com.ar\/%77%70%2d%6a%73%6f%6e\/wp\/v2\/media?parent=143639"}],"wp:term":[{"taxonomy":"category","embeddable":true,"href":"https:\/\/informelitoral.com.ar\/%77%70%2d%6a%73%6f%6e\/wp\/v2\/categories?post=143639"},{"taxonomy":"post_tag","embeddable":true,"href":"https:\/\/informelitoral.com.ar\/%77%70%2d%6a%73%6f%6e\/wp\/v2\/tags?post=143639"}],"curies":[{"name":"wp","href":"https:\/\/api.w.org\/{rel}","templated":true}]}}