{"id":143000,"date":"2023-04-27T12:40:35","date_gmt":"2023-04-27T15:40:35","guid":{"rendered":"https:\/\/www.informelitoral.com.ar\/?p=143000"},"modified":"2023-04-27T12:40:35","modified_gmt":"2023-04-27T15:40:35","slug":"bordet-anuncio-que-las-elecciones-en-entre-rios-se-realizaran-con-las-nacionales","status":"publish","type":"post","link":"https:\/\/informelitoral.com.ar\/bordet-anuncio-que-las-elecciones-en-entre-rios-se-realizaran-con-las-nacionales\/","title":{"rendered":"Bordet anunci\u00f3 que las elecciones en Entre R\u00edos se realizar\u00e1n con las Nacionales"},"content":{"rendered":"<p>Los ciudadanos y ciudadanas de Entre R\u00edos elegir\u00e1n sus autoridades al mismo tiempo que votar\u00e1n a los mandatarios nacionales. El Gobernador Gustavo Bordet, lo anunci\u00f3 este jueves a trav\u00e9s de las redes sociales y las elecciones provinciales ser\u00e1n en simult\u00e1neo con las nacionales.<br \/>\nDe esta manera, en la provincia se votar\u00e1 para presidente, diputados nacionales, gobernador, legisladores, intendentes y concejales el 13 de agosto (PASO) y el 22 de octubre (generales). En caso de haber un ballotage (segunda vuelta) se recurrir\u00e1 a las urnas el 12 de noviembre.<\/p>\n<p>\u201cEn el marco de la Ley votada por amplia mayor\u00eda, como gobernador tengo la facultad y la responsabilidad de convocar a elecciones en la provincia. Por eso, quiero anunciar que los comicios nacionales y provinciales ser\u00e1n simult\u00e1neos: PASO el 13\/8 y generales el 22\/10\u201d, escribi\u00f3 el Gobernador.<\/p>\n<div class=\"twitter-tweet twitter-tweet-rendered\"><iframe id=\"twitter-widget-0\" class=\"\" title=\"Twitter Tweet\" src=\"https:\/\/platform.twitter.com\/embed\/Tweet.html?dnt=false&amp;embedId=twitter-widget-0&amp;features=eyJ0ZndfdGltZWxpbmVfbGlzdCI6eyJidWNrZXQiOltdLCJ2ZXJzaW9uIjpudWxsfSwidGZ3X2ZvbGxvd2VyX2NvdW50X3N1bnNldCI6eyJidWNrZXQiOnRydWUsInZlcnNpb24iOm51bGx9LCJ0ZndfdHdlZXRfZWRpdF9iYWNrZW5kIjp7ImJ1Y2tldCI6Im9uIiwidmVyc2lvbiI6bnVsbH0sInRmd19yZWZzcmNfc2Vzc2lvbiI6eyJidWNrZXQiOiJvbiIsInZlcnNpb24iOm51bGx9LCJ0ZndfbWl4ZWRfbWVkaWFfMTU4OTciOnsiYnVja2V0IjoidHJlYXRtZW50IiwidmVyc2lvbiI6bnVsbH0sInRmd19leHBlcmltZW50c19jb29raWVfZXhwaXJhdGlvbiI6eyJidWNrZXQiOjEyMDk2MDAsInZlcnNpb24iOm51bGx9LCJ0ZndfZHVwbGljYXRlX3NjcmliZXNfdG9fc2V0dGluZ3MiOnsiYnVja2V0Ijoib24iLCJ2ZXJzaW9uIjpudWxsfSwidGZ3X3ZpZGVvX2hsc19keW5hbWljX21hbmlmZXN0c18xNTA4MiI6eyJidWNrZXQiOiJ0cnVlX2JpdHJhdGUiLCJ2ZXJzaW9uIjpudWxsfSwidGZ3X2xlZ2FjeV90aW1lbGluZV9zdW5zZXQiOnsiYnVja2V0Ijp0cnVlLCJ2ZXJzaW9uIjpudWxsfSwidGZ3X3R3ZWV0X2VkaXRfZnJvbnRlbmQiOnsiYnVja2V0Ijoib24iLCJ2ZXJzaW9uIjpudWxsfX0%3D&amp;frame=false&amp;hideCard=false&amp;hideThread=false&amp;id=1651605566559514624&amp;lang=es&amp;origin=https%3A%2F%2Fwww.elonce.com%2Fsecciones%2Fpoliticas%2F753966-bordet-anunci-que-las-elecciones-en-entre-ros-se-realizarn-con-las-nacionales.htm&amp;sessionId=b36b9d1534bb8f77a6485ab409bc434cae2c6be7&amp;theme=light&amp;widgetsVersion=aaf4084522e3a%3A1674595607486&amp;width=550px\" frameborder=\"0\" scrolling=\"no\" allowfullscreen=\"allowfullscreen\" data-tweet-id=\"1651605566559514624\" data-mce-fragment=\"1\"><\/iframe><\/div>\n<p>\u201cA 40 a\u00f1os de la recuperaci\u00f3n de la democracia todos los sectores de la pol\u00edtica tenemos que comprometernos para fortalecer la participaci\u00f3n de la gente en el debate amplio y plural de Naci\u00f3n y de provincia que queremos para el futuro\u201d, consider\u00f3 el Gobernador al realizar el esperado anuncio que aguardaban las fuerzas pol\u00edticas que deben empezar a definir sus candidaturas.<\/p>\n<p>\u201cDesde el oficialismo provincial vamos a presentar nuestra propuesta para seguir transformando Entre R\u00edos. Porque escuchamos a las y los entrerrianos, promovemos el respecto por el otro y por las instituciones, porque somos y seremos garant\u00eda de gobernabilidad\u201d, remarc\u00f3 el mandatario provincial.<\/p>\n","protected":false},"excerpt":{"rendered":"<p>\u00abQuiero anunciar que los comicios nacionales y provinciales ser\u00e1n simult\u00e1neos\u00bb, dio a conocer el Gobernador. \u00abTenemos que comprometernos para fortalecer la participaci\u00f3n de la gente en el debate amplio y plural\u00bb, remarc\u00f3 Bordet.<\/p>\n","protected":false},"author":8,"featured_media":26756,"comment_status":"open","ping_status":"open","sticky":false,"template":"","format":"standard","meta":{"fifu_image_url":"","fifu_image_alt":"","footnotes":""},"categories":[16],"tags":[415],"class_list":{"0":"post-143000","1":"post","2":"type-post","3":"status-publish","4":"format-standard","5":"has-post-thumbnail","7":"category-politi","8":"tag-elecciones"},"yoast_head":"<title>Bordet anunci\u00f3 que las elecciones en Entre R\u00edos se realizar\u00e1n con las Nacionales - Informe Litoral<\/title>\n<meta name=\"robots\" content=\"index, follow, max-snippet:-1, max-image-preview:large, max-video-preview:-1\" \/>\n<link rel=\"canonical\" href=\"https:\/\/informelitoral.com.ar\/bordet-anuncio-que-las-elecciones-en-entre-rios-se-realizaran-con-las-nacionales\/\" \/>\n<meta property=\"og:locale\" content=\"es_ES\" \/>\n<meta property=\"og:type\" content=\"article\" \/>\n<meta property=\"og:title\" content=\"Bordet anunci\u00f3 que las elecciones en Entre R\u00edos se realizar\u00e1n con las Nacionales - Informe Litoral\" \/>\n<meta property=\"og:description\" content=\"&quot;Quiero anunciar que los comicios nacionales y provinciales ser\u00e1n simult\u00e1neos&quot;, dio a conocer el Gobernador. &quot;Tenemos que comprometernos para fortalecer la participaci\u00f3n de la gente en el debate amplio y plural&quot;, remarc\u00f3 Bordet.\" \/>\n<meta property=\"og:url\" content=\"https:\/\/informelitoral.com.ar\/bordet-anuncio-que-las-elecciones-en-entre-rios-se-realizaran-con-las-nacionales\/\" \/>\n<meta property=\"og:site_name\" content=\"Informe Litoral\" \/>\n<meta property=\"article:publisher\" content=\"https:\/\/www.facebook.com\/informelitoral\/\" \/>\n<meta property=\"article:published_time\" content=\"2023-04-27T15:40:35+00:00\" \/>\n<meta property=\"og:image\" content=\"https:\/\/informelitoral.com.ar\/%77%70%2d%63%6f%6e%74%65%6e%74\/uploads\/2018\/05\/gustavobordet.jpg\" \/>\n\t<meta property=\"og:image:width\" content=\"728\" \/>\n\t<meta property=\"og:image:height\" content=\"401\" \/>\n\t<meta property=\"og:image:type\" content=\"image\/jpeg\" \/>\n<meta name=\"author\" content=\"Sebastian\" \/>\n<meta name=\"twitter:card\" content=\"summary_large_image\" \/>\n<meta name=\"twitter:creator\" content=\"@InformeLitoral\" \/>\n<meta name=\"twitter:site\" content=\"@InformeLitoral\" \/>\n<meta name=\"twitter:label1\" content=\"Escrito por\" \/>\n\t<meta name=\"twitter:data1\" content=\"Sebastian\" \/>\n\t<meta name=\"twitter:label2\" content=\"Tiempo de lectura\" \/>\n\t<meta name=\"twitter:data2\" content=\"1 minuto\" \/>\n<script type=\"application\/ld+json\" class=\"yoast-schema-graph\">{\"@context\":\"https:\\\/\\\/schema.org\",\"@graph\":[{\"@type\":\"Article\",\"@id\":\"https:\\\/\\\/informelitoral.com.ar\\\/bordet-anuncio-que-las-elecciones-en-entre-rios-se-realizaran-con-las-nacionales\\\/#article\",\"isPartOf\":{\"@id\":\"https:\\\/\\\/informelitoral.com.ar\\\/bordet-anuncio-que-las-elecciones-en-entre-rios-se-realizaran-con-las-nacionales\\\/\"},\"author\":{\"name\":\"Sebastian\",\"@id\":\"https:\\\/\\\/informelitoral.com.ar\\\/#\\\/schema\\\/person\\\/f05f9f461677119578717524b127d6d5\"},\"headline\":\"Bordet anunci\u00f3 que las elecciones en Entre R\u00edos se realizar\u00e1n con las Nacionales\",\"datePublished\":\"2023-04-27T15:40:35+00:00\",\"mainEntityOfPage\":{\"@id\":\"https:\\\/\\\/informelitoral.com.ar\\\/bordet-anuncio-que-las-elecciones-en-entre-rios-se-realizaran-con-las-nacionales\\\/\"},\"wordCount\":264,\"commentCount\":0,\"publisher\":{\"@id\":\"https:\\\/\\\/informelitoral.com.ar\\\/#organization\"},\"image\":{\"@id\":\"https:\\\/\\\/informelitoral.com.ar\\\/bordet-anuncio-que-las-elecciones-en-entre-rios-se-realizaran-con-las-nacionales\\\/#primaryimage\"},\"thumbnailUrl\":\"https:\\\/\\\/informelitoral.com.ar\\\/%77%70%2d%63%6f%6e%74%65%6e%74\\\/uploads\\\/2018\\\/05\\\/gustavobordet.jpg\",\"keywords\":[\"Elecciones\"],\"articleSection\":[\"Politica\"],\"inLanguage\":\"es\",\"potentialAction\":[{\"@type\":\"CommentAction\",\"name\":\"Comment\",\"target\":[\"https:\\\/\\\/informelitoral.com.ar\\\/bordet-anuncio-que-las-elecciones-en-entre-rios-se-realizaran-con-las-nacionales\\\/#respond\"]}]},{\"@type\":\"WebPage\",\"@id\":\"https:\\\/\\\/informelitoral.com.ar\\\/bordet-anuncio-que-las-elecciones-en-entre-rios-se-realizaran-con-las-nacionales\\\/\",\"url\":\"https:\\\/\\\/informelitoral.com.ar\\\/bordet-anuncio-que-las-elecciones-en-entre-rios-se-realizaran-con-las-nacionales\\\/\",\"name\":\"Bordet anunci\u00f3 que las elecciones en Entre R\u00edos se realizar\u00e1n con las Nacionales - Informe Litoral\",\"isPartOf\":{\"@id\":\"https:\\\/\\\/informelitoral.com.ar\\\/#website\"},\"primaryImageOfPage\":{\"@id\":\"https:\\\/\\\/informelitoral.com.ar\\\/bordet-anuncio-que-las-elecciones-en-entre-rios-se-realizaran-con-las-nacionales\\\/#primaryimage\"},\"image\":{\"@id\":\"https:\\\/\\\/informelitoral.com.ar\\\/bordet-anuncio-que-las-elecciones-en-entre-rios-se-realizaran-con-las-nacionales\\\/#primaryimage\"},\"thumbnailUrl\":\"https:\\\/\\\/informelitoral.com.ar\\\/%77%70%2d%63%6f%6e%74%65%6e%74\\\/uploads\\\/2018\\\/05\\\/gustavobordet.jpg\",\"datePublished\":\"2023-04-27T15:40:35+00:00\",\"breadcrumb\":{\"@id\":\"https:\\\/\\\/informelitoral.com.ar\\\/bordet-anuncio-que-las-elecciones-en-entre-rios-se-realizaran-con-las-nacionales\\\/#breadcrumb\"},\"inLanguage\":\"es\",\"potentialAction\":[{\"@type\":\"ReadAction\",\"target\":[\"https:\\\/\\\/informelitoral.com.ar\\\/bordet-anuncio-que-las-elecciones-en-entre-rios-se-realizaran-con-las-nacionales\\\/\"]}]},{\"@type\":\"ImageObject\",\"inLanguage\":\"es\",\"@id\":\"https:\\\/\\\/informelitoral.com.ar\\\/bordet-anuncio-que-las-elecciones-en-entre-rios-se-realizaran-con-las-nacionales\\\/#primaryimage\",\"url\":\"https:\\\/\\\/informelitoral.com.ar\\\/%77%70%2d%63%6f%6e%74%65%6e%74\\\/uploads\\\/2018\\\/05\\\/gustavobordet.jpg\",\"contentUrl\":\"https:\\\/\\\/informelitoral.com.ar\\\/%77%70%2d%63%6f%6e%74%65%6e%74\\\/uploads\\\/2018\\\/05\\\/gustavobordet.jpg\",\"width\":728,\"height\":401},{\"@type\":\"BreadcrumbList\",\"@id\":\"https:\\\/\\\/informelitoral.com.ar\\\/bordet-anuncio-que-las-elecciones-en-entre-rios-se-realizaran-con-las-nacionales\\\/#breadcrumb\",\"itemListElement\":[{\"@type\":\"ListItem\",\"position\":1,\"name\":\"Portada\",\"item\":\"https:\\\/\\\/informelitoral.com.ar\\\/\"},{\"@type\":\"ListItem\",\"position\":2,\"name\":\"Bordet anunci\u00f3 que las elecciones en Entre R\u00edos se realizar\u00e1n con las Nacionales\"}]},{\"@type\":\"WebSite\",\"@id\":\"https:\\\/\\\/informelitoral.com.ar\\\/#website\",\"url\":\"https:\\\/\\\/informelitoral.com.ar\\\/\",\"name\":\"Informe Litoral\",\"description\":\"&quot;Nos informamos&quot; \",\"publisher\":{\"@id\":\"https:\\\/\\\/informelitoral.com.ar\\\/#organization\"},\"potentialAction\":[{\"@type\":\"SearchAction\",\"target\":{\"@type\":\"EntryPoint\",\"urlTemplate\":\"https:\\\/\\\/informelitoral.com.ar\\\/?s={search_term_string}\"},\"query-input\":{\"@type\":\"PropertyValueSpecification\",\"valueRequired\":true,\"valueName\":\"search_term_string\"}}],\"inLanguage\":\"es\"},{\"@type\":\"Organization\",\"@id\":\"https:\\\/\\\/informelitoral.com.ar\\\/#organization\",\"name\":\"Informe Litoral\",\"url\":\"https:\\\/\\\/informelitoral.com.ar\\\/\",\"logo\":{\"@type\":\"ImageObject\",\"inLanguage\":\"es\",\"@id\":\"https:\\\/\\\/informelitoral.com.ar\\\/#\\\/schema\\\/logo\\\/image\\\/\",\"url\":\"https:\\\/\\\/informelitoral.com.ar\\\/%77%70%2d%63%6f%6e%74%65%6e%74\\\/uploads\\\/2021\\\/01\\\/circulo.png\",\"contentUrl\":\"https:\\\/\\\/informelitoral.com.ar\\\/%77%70%2d%63%6f%6e%74%65%6e%74\\\/uploads\\\/2021\\\/01\\\/circulo.png\",\"width\":723,\"height\":731,\"caption\":\"Informe Litoral\"},\"image\":{\"@id\":\"https:\\\/\\\/informelitoral.com.ar\\\/#\\\/schema\\\/logo\\\/image\\\/\"},\"sameAs\":[\"https:\\\/\\\/www.facebook.com\\\/informelitoral\\\/\",\"https:\\\/\\\/x.com\\\/InformeLitoral\",\"https:\\\/\\\/www.instagram.com\\\/informelitoral\\\/\",\"https:\\\/\\\/www.youtube.com\\\/channel\\\/UCua4Qvz8Icb6MYqhoq9xLXw\"]},{\"@type\":\"Person\",\"@id\":\"https:\\\/\\\/informelitoral.com.ar\\\/#\\\/schema\\\/person\\\/f05f9f461677119578717524b127d6d5\",\"name\":\"Sebastian\",\"image\":{\"@type\":\"ImageObject\",\"inLanguage\":\"es\",\"@id\":\"https:\\\/\\\/secure.gravatar.com\\\/avatar\\\/b71bf7481d447dfb9583c7f2798e7cc64de6efb9067b74633ed8c31059a3bd82?s=96&d=mm&r=g\",\"url\":\"https:\\\/\\\/secure.gravatar.com\\\/avatar\\\/b71bf7481d447dfb9583c7f2798e7cc64de6efb9067b74633ed8c31059a3bd82?s=96&d=mm&r=g\",\"contentUrl\":\"https:\\\/\\\/secure.gravatar.com\\\/avatar\\\/b71bf7481d447dfb9583c7f2798e7cc64de6efb9067b74633ed8c31059a3bd82?s=96&d=mm&r=g\",\"caption\":\"Sebastian\"},\"url\":\"https:\\\/\\\/informelitoral.com.ar\\\/author\\\/sebastian\\\/\"}]}<\/script>","yoast_head_json":{"title":"Bordet anunci\u00f3 que las elecciones en Entre R\u00edos se realizar\u00e1n con las Nacionales - Informe Litoral","robots":{"index":"index","follow":"follow","max-snippet":"max-snippet:-1","max-image-preview":"max-image-preview:large","max-video-preview":"max-video-preview:-1"},"canonical":"https:\/\/informelitoral.com.ar\/bordet-anuncio-que-las-elecciones-en-entre-rios-se-realizaran-con-las-nacionales\/","og_locale":"es_ES","og_type":"article","og_title":"Bordet anunci\u00f3 que las elecciones en Entre R\u00edos se realizar\u00e1n con las Nacionales - Informe Litoral","og_description":"\"Quiero anunciar que los comicios nacionales y provinciales ser\u00e1n simult\u00e1neos\", dio a conocer el Gobernador. \"Tenemos que comprometernos para fortalecer la participaci\u00f3n de la gente en el debate amplio y plural\", remarc\u00f3 Bordet.","og_url":"https:\/\/informelitoral.com.ar\/bordet-anuncio-que-las-elecciones-en-entre-rios-se-realizaran-con-las-nacionales\/","og_site_name":"Informe Litoral","article_publisher":"https:\/\/www.facebook.com\/informelitoral\/","article_published_time":"2023-04-27T15:40:35+00:00","og_image":[{"width":728,"height":401,"url":"https:\/\/informelitoral.com.ar\/%77%70%2d%63%6f%6e%74%65%6e%74\/uploads\/2018\/05\/gustavobordet.jpg","type":"image\/jpeg"}],"author":"Sebastian","twitter_card":"summary_large_image","twitter_creator":"@InformeLitoral","twitter_site":"@InformeLitoral","twitter_misc":{"Escrito por":"Sebastian","Tiempo de lectura":"1 minuto"},"schema":{"@context":"https:\/\/schema.org","@graph":[{"@type":"Article","@id":"https:\/\/informelitoral.com.ar\/bordet-anuncio-que-las-elecciones-en-entre-rios-se-realizaran-con-las-nacionales\/#article","isPartOf":{"@id":"https:\/\/informelitoral.com.ar\/bordet-anuncio-que-las-elecciones-en-entre-rios-se-realizaran-con-las-nacionales\/"},"author":{"name":"Sebastian","@id":"https:\/\/informelitoral.com.ar\/#\/schema\/person\/f05f9f461677119578717524b127d6d5"},"headline":"Bordet anunci\u00f3 que las elecciones en Entre R\u00edos se realizar\u00e1n con las Nacionales","datePublished":"2023-04-27T15:40:35+00:00","mainEntityOfPage":{"@id":"https:\/\/informelitoral.com.ar\/bordet-anuncio-que-las-elecciones-en-entre-rios-se-realizaran-con-las-nacionales\/"},"wordCount":264,"commentCount":0,"publisher":{"@id":"https:\/\/informelitoral.com.ar\/#organization"},"image":{"@id":"https:\/\/informelitoral.com.ar\/bordet-anuncio-que-las-elecciones-en-entre-rios-se-realizaran-con-las-nacionales\/#primaryimage"},"thumbnailUrl":"https:\/\/informelitoral.com.ar\/%77%70%2d%63%6f%6e%74%65%6e%74\/uploads\/2018\/05\/gustavobordet.jpg","keywords":["Elecciones"],"articleSection":["Politica"],"inLanguage":"es","potentialAction":[{"@type":"CommentAction","name":"Comment","target":["https:\/\/informelitoral.com.ar\/bordet-anuncio-que-las-elecciones-en-entre-rios-se-realizaran-con-las-nacionales\/#respond"]}]},{"@type":"WebPage","@id":"https:\/\/informelitoral.com.ar\/bordet-anuncio-que-las-elecciones-en-entre-rios-se-realizaran-con-las-nacionales\/","url":"https:\/\/informelitoral.com.ar\/bordet-anuncio-que-las-elecciones-en-entre-rios-se-realizaran-con-las-nacionales\/","name":"Bordet anunci\u00f3 que las elecciones en Entre R\u00edos se realizar\u00e1n con las Nacionales - Informe Litoral","isPartOf":{"@id":"https:\/\/informelitoral.com.ar\/#website"},"primaryImageOfPage":{"@id":"https:\/\/informelitoral.com.ar\/bordet-anuncio-que-las-elecciones-en-entre-rios-se-realizaran-con-las-nacionales\/#primaryimage"},"image":{"@id":"https:\/\/informelitoral.com.ar\/bordet-anuncio-que-las-elecciones-en-entre-rios-se-realizaran-con-las-nacionales\/#primaryimage"},"thumbnailUrl":"https:\/\/informelitoral.com.ar\/%77%70%2d%63%6f%6e%74%65%6e%74\/uploads\/2018\/05\/gustavobordet.jpg","datePublished":"2023-04-27T15:40:35+00:00","breadcrumb":{"@id":"https:\/\/informelitoral.com.ar\/bordet-anuncio-que-las-elecciones-en-entre-rios-se-realizaran-con-las-nacionales\/#breadcrumb"},"inLanguage":"es","potentialAction":[{"@type":"ReadAction","target":["https:\/\/informelitoral.com.ar\/bordet-anuncio-que-las-elecciones-en-entre-rios-se-realizaran-con-las-nacionales\/"]}]},{"@type":"ImageObject","inLanguage":"es","@id":"https:\/\/informelitoral.com.ar\/bordet-anuncio-que-las-elecciones-en-entre-rios-se-realizaran-con-las-nacionales\/#primaryimage","url":"https:\/\/informelitoral.com.ar\/%77%70%2d%63%6f%6e%74%65%6e%74\/uploads\/2018\/05\/gustavobordet.jpg","contentUrl":"https:\/\/informelitoral.com.ar\/%77%70%2d%63%6f%6e%74%65%6e%74\/uploads\/2018\/05\/gustavobordet.jpg","width":728,"height":401},{"@type":"BreadcrumbList","@id":"https:\/\/informelitoral.com.ar\/bordet-anuncio-que-las-elecciones-en-entre-rios-se-realizaran-con-las-nacionales\/#breadcrumb","itemListElement":[{"@type":"ListItem","position":1,"name":"Portada","item":"https:\/\/informelitoral.com.ar\/"},{"@type":"ListItem","position":2,"name":"Bordet anunci\u00f3 que las elecciones en Entre R\u00edos se realizar\u00e1n con las Nacionales"}]},{"@type":"WebSite","@id":"https:\/\/informelitoral.com.ar\/#website","url":"https:\/\/informelitoral.com.ar\/","name":"Informe Litoral","description":"&quot;Nos informamos&quot; ","publisher":{"@id":"https:\/\/informelitoral.com.ar\/#organization"},"potentialAction":[{"@type":"SearchAction","target":{"@type":"EntryPoint","urlTemplate":"https:\/\/informelitoral.com.ar\/?s={search_term_string}"},"query-input":{"@type":"PropertyValueSpecification","valueRequired":true,"valueName":"search_term_string"}}],"inLanguage":"es"},{"@type":"Organization","@id":"https:\/\/informelitoral.com.ar\/#organization","name":"Informe Litoral","url":"https:\/\/informelitoral.com.ar\/","logo":{"@type":"ImageObject","inLanguage":"es","@id":"https:\/\/informelitoral.com.ar\/#\/schema\/logo\/image\/","url":"https:\/\/informelitoral.com.ar\/%77%70%2d%63%6f%6e%74%65%6e%74\/uploads\/2021\/01\/circulo.png","contentUrl":"https:\/\/informelitoral.com.ar\/%77%70%2d%63%6f%6e%74%65%6e%74\/uploads\/2021\/01\/circulo.png","width":723,"height":731,"caption":"Informe Litoral"},"image":{"@id":"https:\/\/informelitoral.com.ar\/#\/schema\/logo\/image\/"},"sameAs":["https:\/\/www.facebook.com\/informelitoral\/","https:\/\/x.com\/InformeLitoral","https:\/\/www.instagram.com\/informelitoral\/","https:\/\/www.youtube.com\/channel\/UCua4Qvz8Icb6MYqhoq9xLXw"]},{"@type":"Person","@id":"https:\/\/informelitoral.com.ar\/#\/schema\/person\/f05f9f461677119578717524b127d6d5","name":"Sebastian","image":{"@type":"ImageObject","inLanguage":"es","@id":"https:\/\/secure.gravatar.com\/avatar\/b71bf7481d447dfb9583c7f2798e7cc64de6efb9067b74633ed8c31059a3bd82?s=96&d=mm&r=g","url":"https:\/\/secure.gravatar.com\/avatar\/b71bf7481d447dfb9583c7f2798e7cc64de6efb9067b74633ed8c31059a3bd82?s=96&d=mm&r=g","contentUrl":"https:\/\/secure.gravatar.com\/avatar\/b71bf7481d447dfb9583c7f2798e7cc64de6efb9067b74633ed8c31059a3bd82?s=96&d=mm&r=g","caption":"Sebastian"},"url":"https:\/\/informelitoral.com.ar\/author\/sebastian\/"}]}},"_links":{"self":[{"href":"https:\/\/informelitoral.com.ar\/%77%70%2d%6a%73%6f%6e\/wp\/v2\/posts\/143000","targetHints":{"allow":["GET"]}}],"collection":[{"href":"https:\/\/informelitoral.com.ar\/%77%70%2d%6a%73%6f%6e\/wp\/v2\/posts"}],"about":[{"href":"https:\/\/informelitoral.com.ar\/%77%70%2d%6a%73%6f%6e\/wp\/v2\/types\/post"}],"author":[{"embeddable":true,"href":"https:\/\/informelitoral.com.ar\/%77%70%2d%6a%73%6f%6e\/wp\/v2\/users\/8"}],"replies":[{"embeddable":true,"href":"https:\/\/informelitoral.com.ar\/%77%70%2d%6a%73%6f%6e\/wp\/v2\/comments?post=143000"}],"version-history":[{"count":0,"href":"https:\/\/informelitoral.com.ar\/%77%70%2d%6a%73%6f%6e\/wp\/v2\/posts\/143000\/revisions"}],"wp:featuredmedia":[{"embeddable":true,"href":"https:\/\/informelitoral.com.ar\/%77%70%2d%6a%73%6f%6e\/wp\/v2\/media\/26756"}],"wp:attachment":[{"href":"https:\/\/informelitoral.com.ar\/%77%70%2d%6a%73%6f%6e\/wp\/v2\/media?parent=143000"}],"wp:term":[{"taxonomy":"category","embeddable":true,"href":"https:\/\/informelitoral.com.ar\/%77%70%2d%6a%73%6f%6e\/wp\/v2\/categories?post=143000"},{"taxonomy":"post_tag","embeddable":true,"href":"https:\/\/informelitoral.com.ar\/%77%70%2d%6a%73%6f%6e\/wp\/v2\/tags?post=143000"}],"curies":[{"name":"wp","href":"https:\/\/api.w.org\/{rel}","templated":true}]}}