{"id":14293,"date":"2016-03-11T00:49:48","date_gmt":"2016-03-11T03:49:48","guid":{"rendered":"http:\/\/www.isletasnoticias.com.ar\/?p=14293"},"modified":"2016-03-10T15:56:09","modified_gmt":"2016-03-10T18:56:09","slug":"el-nino-seguira-hasta-la-primavera","status":"publish","type":"post","link":"https:\/\/informelitoral.com.ar\/el-nino-seguira-hasta-la-primavera\/","title":{"rendered":"\u00bfEl Ni\u00f1o seguir\u00e1 hasta la primavera?"},"content":{"rendered":"<p><strong>Especialistas advierten que hay \u00abun riesgo latente de que durante el oto\u00f1o pr\u00f3ximo se observen fuertes lluvias\u00bb lo que reactivar\u00eda a la vez, las crecidas de los grandes r\u00edos y producir\u00eda anegamientos en zonas bajas.<a href=\"http:\/\/www.isletasnoticias.com.ar\/%77%70%2d%63%6f%6e%74%65%6e%74\/uploads\/2016\/03\/R\u00edo-Paran\u00e1-Creciente-Animales.jpg\" rel=\"attachment wp-att-14294\"><img loading=\"lazy\" decoding=\"async\" class=\"aligncenter size-full wp-image-14294\" src=\"http:\/\/www.isletasnoticias.com.ar\/%77%70%2d%63%6f%6e%74%65%6e%74\/uploads\/2016\/03\/R\u00edo-Paran\u00e1-Creciente-Animales.jpg\" alt=\"R\u00edo-Paran\u00e1-Creciente-Animales\" width=\"577\" height=\"387\" srcset=\"https:\/\/informelitoral.com.ar\/%77%70%2d%63%6f%6e%74%65%6e%74\/uploads\/2016\/03\/R\u00edo-Paran\u00e1-Creciente-Animales.jpg 577w, https:\/\/informelitoral.com.ar\/%77%70%2d%63%6f%6e%74%65%6e%74\/uploads\/2016\/03\/R\u00edo-Paran\u00e1-Creciente-Animales-300x201.jpg 300w\" sizes=\"auto, (max-width: 577px) 100vw, 577px\" \/><\/a><\/strong><\/p>\n<p>El fen\u00f3meno meteorol\u00f3gico de El Ni\u00f1o comenz\u00f3 su proceso de disipaci\u00f3n tras alcanzar el punto m\u00e1ximo durante la semana de Navidad pasada, aunque se extender\u00e1 al menos hasta septiembre pr\u00f3ximo, con un riesgo latente de que durante el oto\u00f1o pr\u00f3ximo se observen fuertes lluvias sobre la Cuenca del Plata, lo que reactivar\u00eda a la vez, las crecidas de los grandes r\u00edos y producir\u00eda anegamientos en zonas bajas como la Cuenca del Salado y los alrededores de la Picasa.<\/p>\n<p>La perspectiva agroclim\u00e1tica estacional de la Bolsa de Cereales porte\u00f1a para la segunda mitad de la campa\u00f1a 2015-2016 y la primera parte del ciclo 2016-2017 en el \u00e1rea agr\u00edcola del Cono Sur prev\u00e9 que el fen\u00f3meno El Ni\u00f1o 2015- 2016 apunta a mantener su influencia hasta la primavera pr\u00f3xima.<\/p>\n<p>As\u00ed lo confirm\u00f3 el an\u00e1lisis realizado por el especialista Eduardo Sierra quien se\u00f1al\u00f3 que \u00abdespu\u00e9s de alcanzar su nivel m\u00e1ximo hacia la semana de Navidad\u00bb, el episodio de \u00abEl Ni\u00f1o 2015\/2016\u00bb comenz\u00f3 su proceso de disipaci\u00f3n.<\/p>\n<p>\u00abNo obstante, este proceso bien cumpli\u00e9ndose a muy baja velocidad, por lo que es probable que el fen\u00f3meno, en lugar de finalizar su acci\u00f3n hacia comienzos del oto\u00f1o, continuar\u00e1 teniendo cierto grado de influencia durante la mayor parte del a\u00f1o en curso\u00bb, indic\u00f3, seg\u00fan reprodujo <em>Elonce.com<\/em><\/p>\n<p>Sierra dijo que \u00abesto es normal en los episodios intensos, tales como los que afectaron a las temporadas 1982\/1983, 1997\/1998 y al que se est\u00e1 desarrollando en la presente temporada, fortaleciendo el riesgo de que, <b>durante el pr\u00f3ximo oto\u00f1o, se observen fuertes lluvias sobre la Cuenca del Plata, reactivando las crecidas de los grandes r\u00edos y los anegamientos de zonas bajas<\/b>\u00ab.<\/p>\n<p>Precis\u00f3 que \u00abcomo aspectos positivos, puede se\u00f1alarse que los puertos fluviales contar\u00e1n con buen calado y que los suelos de gran parte del \u00e1rea agr\u00edcola quedar\u00e1n con abundantes reservas de humedad, que favorecer\u00e1n a la campa\u00f1a agr\u00edcola 2016\/2017\u00bb.<\/p>\n<p>\u00abEsta posible evoluci\u00f3n hace poco probable la hip\u00f3tesis, difundida por numerosos medios, en el sentido de que la campa\u00f1a 2016\/2017 ser\u00eda afectada por una La Ni\u00f1a que causar\u00eda una merma productiva\u00bb, advirti\u00f3.<\/p>\n<p>Explic\u00f3 que \u00abpor el contrario, las perspectivas m\u00e1s recientes se\u00f1alan que, al menos, la primera mitad de la campa\u00f1a 2016\/2017 <b>(Invierno y primavera 2016), observar\u00eda lluvias normales a superiores a lo normal\u00bb.<\/b><\/p>\n<p>\u00abCabe reiterar que, si bien el presente episodio iguala el vigor de los m\u00e1s intensos observados hasta el momento, es poco probable que se convierta en la cat\u00e1strofe clim\u00e1tica del siglo, como difundieron muchos medios en el inicio de su desarrollo\u00bb, afirm\u00f3.<\/p>\n","protected":false},"excerpt":{"rendered":"<p>Especialistas advierten que hay &laquo;un riesgo latente de que durante el oto&ntilde;o pr&oacute;ximo se observen fuertes lluvias&raquo; lo que reactivar&iacute;a a la vez, las crecidas de los grandes r&iacute;os y producir&iacute;a anegamientos en zonas bajas. El fen&oacute;meno meteorol&oacute;gico de El Ni&ntilde;o comenz&oacute; su proceso de disipaci&oacute;n tras alcanzar el punto m&aacute;ximo durante la semana de [&hellip;]<\/p>\n","protected":false},"author":2,"featured_media":0,"comment_status":"open","ping_status":"open","sticky":false,"template":"","format":"standard","meta":{"fifu_image_url":"","fifu_image_alt":"","footnotes":""},"categories":[6,7],"tags":[],"class_list":{"0":"post-14293","1":"post","2":"type-post","3":"status-publish","4":"format-standard","6":"category-entre-rios","7":"category-nacionales"},"yoast_head":"<title>\u00bfEl Ni\u00f1o seguir\u00e1 hasta la primavera? - Informe Litoral<\/title>\n<meta name=\"robots\" content=\"index, follow, max-snippet:-1, max-image-preview:large, max-video-preview:-1\" \/>\n<link rel=\"canonical\" href=\"https:\/\/informelitoral.com.ar\/el-nino-seguira-hasta-la-primavera\/\" \/>\n<meta property=\"og:locale\" content=\"es_ES\" \/>\n<meta property=\"og:type\" content=\"article\" \/>\n<meta property=\"og:title\" content=\"\u00bfEl Ni\u00f1o seguir\u00e1 hasta la primavera? - Informe Litoral\" \/>\n<meta property=\"og:description\" content=\"Especialistas advierten que hay &laquo;un riesgo latente de que durante el oto&ntilde;o pr&oacute;ximo se observen fuertes lluvias&raquo; lo que reactivar&iacute;a a la vez, las crecidas de los grandes r&iacute;os y producir&iacute;a anegamientos en zonas bajas. El fen&oacute;meno meteorol&oacute;gico de El Ni&ntilde;o comenz&oacute; su proceso de disipaci&oacute;n tras alcanzar el punto m&aacute;ximo durante la semana de [&hellip;]\" \/>\n<meta property=\"og:url\" content=\"https:\/\/informelitoral.com.ar\/el-nino-seguira-hasta-la-primavera\/\" \/>\n<meta property=\"og:site_name\" content=\"Informe Litoral\" \/>\n<meta property=\"article:publisher\" content=\"https:\/\/www.facebook.com\/informelitoral\/\" \/>\n<meta property=\"article:published_time\" content=\"2016-03-11T03:49:48+00:00\" \/>\n<meta name=\"author\" content=\"Gonzalo Schmidt\" \/>\n<meta name=\"twitter:card\" content=\"summary_large_image\" \/>\n<meta name=\"twitter:creator\" content=\"@InformeLitoral\" \/>\n<meta name=\"twitter:site\" content=\"@InformeLitoral\" \/>\n<meta name=\"twitter:label1\" content=\"Escrito por\" \/>\n\t<meta name=\"twitter:data1\" content=\"Gonzalo Schmidt\" \/>\n\t<meta name=\"twitter:label2\" content=\"Tiempo de lectura\" \/>\n\t<meta name=\"twitter:data2\" content=\"3 minutos\" \/>\n<script type=\"application\/ld+json\" class=\"yoast-schema-graph\">{\"@context\":\"https:\\\/\\\/schema.org\",\"@graph\":[{\"@type\":\"Article\",\"@id\":\"https:\\\/\\\/informelitoral.com.ar\\\/el-nino-seguira-hasta-la-primavera\\\/#article\",\"isPartOf\":{\"@id\":\"https:\\\/\\\/informelitoral.com.ar\\\/el-nino-seguira-hasta-la-primavera\\\/\"},\"author\":{\"name\":\"Gonzalo Schmidt\",\"@id\":\"https:\\\/\\\/informelitoral.com.ar\\\/#\\\/schema\\\/person\\\/b9d00407c836482871ef1d57bf8e3180\"},\"headline\":\"\u00bfEl Ni\u00f1o seguir\u00e1 hasta la primavera?\",\"datePublished\":\"2016-03-11T03:49:48+00:00\",\"mainEntityOfPage\":{\"@id\":\"https:\\\/\\\/informelitoral.com.ar\\\/el-nino-seguira-hasta-la-primavera\\\/\"},\"wordCount\":507,\"commentCount\":0,\"publisher\":{\"@id\":\"https:\\\/\\\/informelitoral.com.ar\\\/#organization\"},\"articleSection\":[\"Entre R\u00edos\",\"Nacionales\"],\"inLanguage\":\"es\",\"potentialAction\":[{\"@type\":\"CommentAction\",\"name\":\"Comment\",\"target\":[\"https:\\\/\\\/informelitoral.com.ar\\\/el-nino-seguira-hasta-la-primavera\\\/#respond\"]}]},{\"@type\":\"WebPage\",\"@id\":\"https:\\\/\\\/informelitoral.com.ar\\\/el-nino-seguira-hasta-la-primavera\\\/\",\"url\":\"https:\\\/\\\/informelitoral.com.ar\\\/el-nino-seguira-hasta-la-primavera\\\/\",\"name\":\"\u00bfEl Ni\u00f1o seguir\u00e1 hasta la primavera? - Informe Litoral\",\"isPartOf\":{\"@id\":\"https:\\\/\\\/informelitoral.com.ar\\\/#website\"},\"datePublished\":\"2016-03-11T03:49:48+00:00\",\"breadcrumb\":{\"@id\":\"https:\\\/\\\/informelitoral.com.ar\\\/el-nino-seguira-hasta-la-primavera\\\/#breadcrumb\"},\"inLanguage\":\"es\",\"potentialAction\":[{\"@type\":\"ReadAction\",\"target\":[\"https:\\\/\\\/informelitoral.com.ar\\\/el-nino-seguira-hasta-la-primavera\\\/\"]}]},{\"@type\":\"BreadcrumbList\",\"@id\":\"https:\\\/\\\/informelitoral.com.ar\\\/el-nino-seguira-hasta-la-primavera\\\/#breadcrumb\",\"itemListElement\":[{\"@type\":\"ListItem\",\"position\":1,\"name\":\"Portada\",\"item\":\"https:\\\/\\\/informelitoral.com.ar\\\/\"},{\"@type\":\"ListItem\",\"position\":2,\"name\":\"\u00bfEl Ni\u00f1o seguir\u00e1 hasta la primavera?\"}]},{\"@type\":\"WebSite\",\"@id\":\"https:\\\/\\\/informelitoral.com.ar\\\/#website\",\"url\":\"https:\\\/\\\/informelitoral.com.ar\\\/\",\"name\":\"Informe Litoral\",\"description\":\"&quot;Nos informamos&quot; \",\"publisher\":{\"@id\":\"https:\\\/\\\/informelitoral.com.ar\\\/#organization\"},\"potentialAction\":[{\"@type\":\"SearchAction\",\"target\":{\"@type\":\"EntryPoint\",\"urlTemplate\":\"https:\\\/\\\/informelitoral.com.ar\\\/?s={search_term_string}\"},\"query-input\":{\"@type\":\"PropertyValueSpecification\",\"valueRequired\":true,\"valueName\":\"search_term_string\"}}],\"inLanguage\":\"es\"},{\"@type\":\"Organization\",\"@id\":\"https:\\\/\\\/informelitoral.com.ar\\\/#organization\",\"name\":\"Informe Litoral\",\"url\":\"https:\\\/\\\/informelitoral.com.ar\\\/\",\"logo\":{\"@type\":\"ImageObject\",\"inLanguage\":\"es\",\"@id\":\"https:\\\/\\\/informelitoral.com.ar\\\/#\\\/schema\\\/logo\\\/image\\\/\",\"url\":\"https:\\\/\\\/informelitoral.com.ar\\\/%77%70%2d%63%6f%6e%74%65%6e%74\\\/uploads\\\/2021\\\/01\\\/circulo.png\",\"contentUrl\":\"https:\\\/\\\/informelitoral.com.ar\\\/%77%70%2d%63%6f%6e%74%65%6e%74\\\/uploads\\\/2021\\\/01\\\/circulo.png\",\"width\":723,\"height\":731,\"caption\":\"Informe Litoral\"},\"image\":{\"@id\":\"https:\\\/\\\/informelitoral.com.ar\\\/#\\\/schema\\\/logo\\\/image\\\/\"},\"sameAs\":[\"https:\\\/\\\/www.facebook.com\\\/informelitoral\\\/\",\"https:\\\/\\\/x.com\\\/InformeLitoral\",\"https:\\\/\\\/www.instagram.com\\\/informelitoral\\\/\",\"https:\\\/\\\/www.youtube.com\\\/channel\\\/UCua4Qvz8Icb6MYqhoq9xLXw\"]},{\"@type\":\"Person\",\"@id\":\"https:\\\/\\\/informelitoral.com.ar\\\/#\\\/schema\\\/person\\\/b9d00407c836482871ef1d57bf8e3180\",\"name\":\"Gonzalo Schmidt\",\"image\":{\"@type\":\"ImageObject\",\"inLanguage\":\"es\",\"@id\":\"https:\\\/\\\/secure.gravatar.com\\\/avatar\\\/31a1a7b66ff2de83bd0e9fd79d026630d2d99e55e8bfe501287647b4fd9743de?s=96&d=mm&r=g\",\"url\":\"https:\\\/\\\/secure.gravatar.com\\\/avatar\\\/31a1a7b66ff2de83bd0e9fd79d026630d2d99e55e8bfe501287647b4fd9743de?s=96&d=mm&r=g\",\"contentUrl\":\"https:\\\/\\\/secure.gravatar.com\\\/avatar\\\/31a1a7b66ff2de83bd0e9fd79d026630d2d99e55e8bfe501287647b4fd9743de?s=96&d=mm&r=g\",\"caption\":\"Gonzalo Schmidt\"},\"description\":\"Sitio web de noticias de la provincia de Entre R\u00edos, Argentina. Informaci\u00f3n y entretenimiento. Informe Litoral, nos informamos.\",\"sameAs\":[\"http:\\\/\\\/www.isletasnoticias.com.ar\"],\"url\":\"https:\\\/\\\/informelitoral.com.ar\\\/author\\\/gonzalo\\\/\"}]}<\/script>","yoast_head_json":{"title":"\u00bfEl Ni\u00f1o seguir\u00e1 hasta la primavera? - Informe Litoral","robots":{"index":"index","follow":"follow","max-snippet":"max-snippet:-1","max-image-preview":"max-image-preview:large","max-video-preview":"max-video-preview:-1"},"canonical":"https:\/\/informelitoral.com.ar\/el-nino-seguira-hasta-la-primavera\/","og_locale":"es_ES","og_type":"article","og_title":"\u00bfEl Ni\u00f1o seguir\u00e1 hasta la primavera? - Informe Litoral","og_description":"Especialistas advierten que hay &laquo;un riesgo latente de que durante el oto&ntilde;o pr&oacute;ximo se observen fuertes lluvias&raquo; lo que reactivar&iacute;a a la vez, las crecidas de los grandes r&iacute;os y producir&iacute;a anegamientos en zonas bajas. El fen&oacute;meno meteorol&oacute;gico de El Ni&ntilde;o comenz&oacute; su proceso de disipaci&oacute;n tras alcanzar el punto m&aacute;ximo durante la semana de [&hellip;]","og_url":"https:\/\/informelitoral.com.ar\/el-nino-seguira-hasta-la-primavera\/","og_site_name":"Informe Litoral","article_publisher":"https:\/\/www.facebook.com\/informelitoral\/","article_published_time":"2016-03-11T03:49:48+00:00","author":"Gonzalo Schmidt","twitter_card":"summary_large_image","twitter_creator":"@InformeLitoral","twitter_site":"@InformeLitoral","twitter_misc":{"Escrito por":"Gonzalo Schmidt","Tiempo de lectura":"3 minutos"},"schema":{"@context":"https:\/\/schema.org","@graph":[{"@type":"Article","@id":"https:\/\/informelitoral.com.ar\/el-nino-seguira-hasta-la-primavera\/#article","isPartOf":{"@id":"https:\/\/informelitoral.com.ar\/el-nino-seguira-hasta-la-primavera\/"},"author":{"name":"Gonzalo Schmidt","@id":"https:\/\/informelitoral.com.ar\/#\/schema\/person\/b9d00407c836482871ef1d57bf8e3180"},"headline":"\u00bfEl Ni\u00f1o seguir\u00e1 hasta la primavera?","datePublished":"2016-03-11T03:49:48+00:00","mainEntityOfPage":{"@id":"https:\/\/informelitoral.com.ar\/el-nino-seguira-hasta-la-primavera\/"},"wordCount":507,"commentCount":0,"publisher":{"@id":"https:\/\/informelitoral.com.ar\/#organization"},"articleSection":["Entre R\u00edos","Nacionales"],"inLanguage":"es","potentialAction":[{"@type":"CommentAction","name":"Comment","target":["https:\/\/informelitoral.com.ar\/el-nino-seguira-hasta-la-primavera\/#respond"]}]},{"@type":"WebPage","@id":"https:\/\/informelitoral.com.ar\/el-nino-seguira-hasta-la-primavera\/","url":"https:\/\/informelitoral.com.ar\/el-nino-seguira-hasta-la-primavera\/","name":"\u00bfEl Ni\u00f1o seguir\u00e1 hasta la primavera? - Informe Litoral","isPartOf":{"@id":"https:\/\/informelitoral.com.ar\/#website"},"datePublished":"2016-03-11T03:49:48+00:00","breadcrumb":{"@id":"https:\/\/informelitoral.com.ar\/el-nino-seguira-hasta-la-primavera\/#breadcrumb"},"inLanguage":"es","potentialAction":[{"@type":"ReadAction","target":["https:\/\/informelitoral.com.ar\/el-nino-seguira-hasta-la-primavera\/"]}]},{"@type":"BreadcrumbList","@id":"https:\/\/informelitoral.com.ar\/el-nino-seguira-hasta-la-primavera\/#breadcrumb","itemListElement":[{"@type":"ListItem","position":1,"name":"Portada","item":"https:\/\/informelitoral.com.ar\/"},{"@type":"ListItem","position":2,"name":"\u00bfEl Ni\u00f1o seguir\u00e1 hasta la primavera?"}]},{"@type":"WebSite","@id":"https:\/\/informelitoral.com.ar\/#website","url":"https:\/\/informelitoral.com.ar\/","name":"Informe Litoral","description":"&quot;Nos informamos&quot; ","publisher":{"@id":"https:\/\/informelitoral.com.ar\/#organization"},"potentialAction":[{"@type":"SearchAction","target":{"@type":"EntryPoint","urlTemplate":"https:\/\/informelitoral.com.ar\/?s={search_term_string}"},"query-input":{"@type":"PropertyValueSpecification","valueRequired":true,"valueName":"search_term_string"}}],"inLanguage":"es"},{"@type":"Organization","@id":"https:\/\/informelitoral.com.ar\/#organization","name":"Informe Litoral","url":"https:\/\/informelitoral.com.ar\/","logo":{"@type":"ImageObject","inLanguage":"es","@id":"https:\/\/informelitoral.com.ar\/#\/schema\/logo\/image\/","url":"https:\/\/informelitoral.com.ar\/%77%70%2d%63%6f%6e%74%65%6e%74\/uploads\/2021\/01\/circulo.png","contentUrl":"https:\/\/informelitoral.com.ar\/%77%70%2d%63%6f%6e%74%65%6e%74\/uploads\/2021\/01\/circulo.png","width":723,"height":731,"caption":"Informe Litoral"},"image":{"@id":"https:\/\/informelitoral.com.ar\/#\/schema\/logo\/image\/"},"sameAs":["https:\/\/www.facebook.com\/informelitoral\/","https:\/\/x.com\/InformeLitoral","https:\/\/www.instagram.com\/informelitoral\/","https:\/\/www.youtube.com\/channel\/UCua4Qvz8Icb6MYqhoq9xLXw"]},{"@type":"Person","@id":"https:\/\/informelitoral.com.ar\/#\/schema\/person\/b9d00407c836482871ef1d57bf8e3180","name":"Gonzalo Schmidt","image":{"@type":"ImageObject","inLanguage":"es","@id":"https:\/\/secure.gravatar.com\/avatar\/31a1a7b66ff2de83bd0e9fd79d026630d2d99e55e8bfe501287647b4fd9743de?s=96&d=mm&r=g","url":"https:\/\/secure.gravatar.com\/avatar\/31a1a7b66ff2de83bd0e9fd79d026630d2d99e55e8bfe501287647b4fd9743de?s=96&d=mm&r=g","contentUrl":"https:\/\/secure.gravatar.com\/avatar\/31a1a7b66ff2de83bd0e9fd79d026630d2d99e55e8bfe501287647b4fd9743de?s=96&d=mm&r=g","caption":"Gonzalo Schmidt"},"description":"Sitio web de noticias de la provincia de Entre R\u00edos, Argentina. Informaci\u00f3n y entretenimiento. Informe Litoral, nos informamos.","sameAs":["http:\/\/www.isletasnoticias.com.ar"],"url":"https:\/\/informelitoral.com.ar\/author\/gonzalo\/"}]}},"_links":{"self":[{"href":"https:\/\/informelitoral.com.ar\/%77%70%2d%6a%73%6f%6e\/wp\/v2\/posts\/14293","targetHints":{"allow":["GET"]}}],"collection":[{"href":"https:\/\/informelitoral.com.ar\/%77%70%2d%6a%73%6f%6e\/wp\/v2\/posts"}],"about":[{"href":"https:\/\/informelitoral.com.ar\/%77%70%2d%6a%73%6f%6e\/wp\/v2\/types\/post"}],"author":[{"embeddable":true,"href":"https:\/\/informelitoral.com.ar\/%77%70%2d%6a%73%6f%6e\/wp\/v2\/users\/2"}],"replies":[{"embeddable":true,"href":"https:\/\/informelitoral.com.ar\/%77%70%2d%6a%73%6f%6e\/wp\/v2\/comments?post=14293"}],"version-history":[{"count":0,"href":"https:\/\/informelitoral.com.ar\/%77%70%2d%6a%73%6f%6e\/wp\/v2\/posts\/14293\/revisions"}],"wp:attachment":[{"href":"https:\/\/informelitoral.com.ar\/%77%70%2d%6a%73%6f%6e\/wp\/v2\/media?parent=14293"}],"wp:term":[{"taxonomy":"category","embeddable":true,"href":"https:\/\/informelitoral.com.ar\/%77%70%2d%6a%73%6f%6e\/wp\/v2\/categories?post=14293"},{"taxonomy":"post_tag","embeddable":true,"href":"https:\/\/informelitoral.com.ar\/%77%70%2d%6a%73%6f%6e\/wp\/v2\/tags?post=14293"}],"curies":[{"name":"wp","href":"https:\/\/api.w.org\/{rel}","templated":true}]}}