{"id":142901,"date":"2023-04-27T11:07:50","date_gmt":"2023-04-27T14:07:50","guid":{"rendered":"https:\/\/www.informelitoral.com.ar\/?p=142901"},"modified":"2023-04-27T17:12:16","modified_gmt":"2023-04-27T20:12:16","slug":"jey-mammon-la-tele-es-mi-lugar-asi-que-pronto-vamos-a-volver","status":"publish","type":"post","link":"https:\/\/informelitoral.com.ar\/jey-mammon-la-tele-es-mi-lugar-asi-que-pronto-vamos-a-volver\/","title":{"rendered":"Jey Mammon: \u201cLa tele es mi lugar as\u00ed que pronto vamos a volver\u201d"},"content":{"rendered":"<div class=\"itemFullText\">\n<p>El conductor Jey Mammon est\u00e1 en la Argentina desde hace algunos d\u00edas tras su regreso de Espa\u00f1a, destino que eligi\u00f3 para descansar luego que se diera a conocer\u00a0<strong>la denuncia por abuso sexual contra un joven llamado Lucas Benvenuto<\/strong>. Desde entonces, el m\u00fasico se alej\u00f3 de\u00a0<em>La Pe\u00f1a de Morfi<\/em>\u00a0y ahora<strong>\u00a0anunci\u00f3 que \u201cpronto\u201d volver\u00e1 a la televisi\u00f3n.<\/strong><\/p>\n<p>Mammon asegur\u00f3 que cree en regresar al ciclo de Telefe y hasta admiti\u00f3 que mantiene contacto con su actual conductora, Jesica Cirio.<\/p>\n<p><strong>\u201cLa tele es mi lugar as\u00ed que pronto vamos a volver a la tele, obvio<\/strong>\u201d, le dijo a un movilero de\u00a0<em>Paparazzi<\/em>.<\/p>\n<p>El conductor fue consultado sobre si estaba enojado con alguien y Jey le respondi\u00f3: \u201cCon nadie. \u00bfPor qu\u00e9 voy a estar enojado?\u201d.<\/p>\n<p>De momento, Telefe no comunic\u00f3 nada sobre este supuesto regreso a la TV en el programa que actualmente\u00a0<strong>es conducido por Georgina Barbarrosa\u00a0<\/strong>desde que Mammon abandon\u00f3 el programa por la denuncia.<\/p>\n<p>\u201cSe dice que Lucas Benvenuto fue convocado para el\u00a0<em>Bailando<\/em>. \u00bfTe parece algo oportunista?\u201d, fue otra de las preguntas que hizo el notero, aunque en este caso no obtuvo respuesta. \u201c<strong>No opino de eso. \u00a1Gracias!<\/strong>\u201d, expres\u00f3 de manera contundente Jey.<\/p>\n<h3><strong>La defensa de Jey Mammon sobre la denuncia por abuso sexual<\/strong><\/h3>\n<p>El conductor brind\u00f3 una serie de entrevistas antes de irse a Espa\u00f1a, en las que quiso dejar en claro que \u00e9l no hab\u00eda violado, abusado o drogado a alguna persona, debido a que la denuncia de Benvenuto indicaba que hab\u00eda hecho eso cuando \u00e9l ten\u00eda 14 a\u00f1os.<\/p>\n<p>\u201c<strong>Yo no viol\u00e9, yo no abus\u00e9, yo no drogu\u00e9 a ninguna persona, jam\u00e1s. Nunca en mi vida, ni lo hice, ni lo har\u00eda, ni lo voy a hacer. Lo niego rotundamente<\/strong>\u201d, expres\u00f3 en un video previo a las notas que fue publicado en sus redes sociales.<\/p>\n<p>\u00ab<strong>Yo a Lucas lo conozco, yo no voy a decir &#8216;no s\u00e9 qui\u00e9n es&#8217;.<\/strong>\u00a0A Lucas lo conoc\u00ed el 25 de abril de 2009, \u00e9l dice que me vio en una fiesta y\u00a0<strong>\u00e9l dice que ten\u00eda 14 a\u00f1os, pero en esa fiesta \u00e9l ten\u00eda 16 a\u00f1os<\/strong>. En esa fiesta nos conocimos. Hay testigos, hay videos. Se puede probar esto que estoy diciendo\u00bb, agreg\u00f3.<\/p>\n<p>\u00abYo entiendo que Lucas necesita sanar su historia, pero no es acus\u00e1ndome a m\u00ed de cosas que no son ciertas, de cosas que yo no hice. Yo no quiero arreglo ni pacto entre las partes, quiero dejarlo claro\u201d, sigui\u00f3.<\/p>\n<p>Y complet\u00f3:\u00a0<strong>\u201cNo quiero un arreglo ni un pacto, el da\u00f1o que a m\u00ed se me est\u00e1 haciendo es tan enorme que yo necesito el Juicio por la Verdad y los elementos est\u00e1n para que se pueda llevar a cabo. Yo necesito recuperar mi vida, as\u00ed de simple como se los digo\u00bb.<\/strong><\/p>\n<\/div>\n","protected":false},"excerpt":{"rendered":"<p>El conductor se mostr\u00f3 tranquilo con su regreso a la TV, aunque desde Telefe no comunicaron nada al respecto tras su salida por la denuncia por abuso sexual contra Lucas Benvenuto.<\/p>\n","protected":false},"author":8,"featured_media":142874,"comment_status":"open","ping_status":"open","sticky":false,"template":"","format":"standard","meta":{"fifu_image_url":"","fifu_image_alt":"","footnotes":""},"categories":[12],"tags":[],"class_list":{"0":"post-142901","1":"post","2":"type-post","3":"status-publish","4":"format-standard","5":"has-post-thumbnail","7":"category-espectaculos"},"yoast_head":"<title>Jey Mammon: \u201cLa tele es mi lugar as\u00ed que pronto vamos a volver\u201d - Informe Litoral<\/title>\n<meta name=\"robots\" content=\"index, follow, max-snippet:-1, max-image-preview:large, max-video-preview:-1\" \/>\n<link rel=\"canonical\" href=\"https:\/\/informelitoral.com.ar\/jey-mammon-la-tele-es-mi-lugar-asi-que-pronto-vamos-a-volver\/\" \/>\n<meta property=\"og:locale\" content=\"es_ES\" \/>\n<meta property=\"og:type\" content=\"article\" \/>\n<meta property=\"og:title\" content=\"Jey Mammon: \u201cLa tele es mi lugar as\u00ed que pronto vamos a volver\u201d - Informe Litoral\" \/>\n<meta property=\"og:description\" content=\"El conductor se mostr\u00f3 tranquilo con su regreso a la TV, aunque desde Telefe no comunicaron nada al respecto tras su salida por la denuncia por abuso sexual contra Lucas Benvenuto.\" \/>\n<meta property=\"og:url\" content=\"https:\/\/informelitoral.com.ar\/jey-mammon-la-tele-es-mi-lugar-asi-que-pronto-vamos-a-volver\/\" \/>\n<meta property=\"og:site_name\" content=\"Informe Litoral\" \/>\n<meta property=\"article:publisher\" content=\"https:\/\/www.facebook.com\/informelitoral\/\" \/>\n<meta property=\"article:published_time\" content=\"2023-04-27T14:07:50+00:00\" \/>\n<meta property=\"article:modified_time\" content=\"2023-04-27T20:12:16+00:00\" \/>\n<meta property=\"og:image\" content=\"https:\/\/informelitoral.com.ar\/%77%70%2d%63%6f%6e%74%65%6e%74\/uploads\/2023\/04\/jey-mammon.webp\" \/>\n\t<meta property=\"og:image:width\" content=\"610\" \/>\n\t<meta property=\"og:image:height\" content=\"457\" \/>\n\t<meta property=\"og:image:type\" content=\"image\/webp\" \/>\n<meta name=\"author\" content=\"Sebastian\" \/>\n<meta name=\"twitter:card\" content=\"summary_large_image\" \/>\n<meta name=\"twitter:creator\" content=\"@InformeLitoral\" \/>\n<meta name=\"twitter:site\" content=\"@InformeLitoral\" \/>\n<meta name=\"twitter:label1\" content=\"Escrito por\" \/>\n\t<meta name=\"twitter:data1\" content=\"Sebastian\" \/>\n\t<meta name=\"twitter:label2\" content=\"Tiempo de lectura\" \/>\n\t<meta name=\"twitter:data2\" content=\"2 minutos\" \/>\n<script type=\"application\/ld+json\" class=\"yoast-schema-graph\">{\"@context\":\"https:\\\/\\\/schema.org\",\"@graph\":[{\"@type\":\"Article\",\"@id\":\"https:\\\/\\\/informelitoral.com.ar\\\/jey-mammon-la-tele-es-mi-lugar-asi-que-pronto-vamos-a-volver\\\/#article\",\"isPartOf\":{\"@id\":\"https:\\\/\\\/informelitoral.com.ar\\\/jey-mammon-la-tele-es-mi-lugar-asi-que-pronto-vamos-a-volver\\\/\"},\"author\":{\"name\":\"Sebastian\",\"@id\":\"https:\\\/\\\/informelitoral.com.ar\\\/#\\\/schema\\\/person\\\/f05f9f461677119578717524b127d6d5\"},\"headline\":\"Jey Mammon: \u201cLa tele es mi lugar as\u00ed que pronto vamos a volver\u201d\",\"datePublished\":\"2023-04-27T14:07:50+00:00\",\"dateModified\":\"2023-04-27T20:12:16+00:00\",\"mainEntityOfPage\":{\"@id\":\"https:\\\/\\\/informelitoral.com.ar\\\/jey-mammon-la-tele-es-mi-lugar-asi-que-pronto-vamos-a-volver\\\/\"},\"wordCount\":484,\"commentCount\":0,\"publisher\":{\"@id\":\"https:\\\/\\\/informelitoral.com.ar\\\/#organization\"},\"image\":{\"@id\":\"https:\\\/\\\/informelitoral.com.ar\\\/jey-mammon-la-tele-es-mi-lugar-asi-que-pronto-vamos-a-volver\\\/#primaryimage\"},\"thumbnailUrl\":\"https:\\\/\\\/informelitoral.com.ar\\\/%77%70%2d%63%6f%6e%74%65%6e%74\\\/uploads\\\/2023\\\/04\\\/jey-mammon.webp\",\"articleSection\":[\"Espect\u00e1culos\"],\"inLanguage\":\"es\",\"potentialAction\":[{\"@type\":\"CommentAction\",\"name\":\"Comment\",\"target\":[\"https:\\\/\\\/informelitoral.com.ar\\\/jey-mammon-la-tele-es-mi-lugar-asi-que-pronto-vamos-a-volver\\\/#respond\"]}]},{\"@type\":\"WebPage\",\"@id\":\"https:\\\/\\\/informelitoral.com.ar\\\/jey-mammon-la-tele-es-mi-lugar-asi-que-pronto-vamos-a-volver\\\/\",\"url\":\"https:\\\/\\\/informelitoral.com.ar\\\/jey-mammon-la-tele-es-mi-lugar-asi-que-pronto-vamos-a-volver\\\/\",\"name\":\"Jey Mammon: \u201cLa tele es mi lugar as\u00ed que pronto vamos a volver\u201d - Informe Litoral\",\"isPartOf\":{\"@id\":\"https:\\\/\\\/informelitoral.com.ar\\\/#website\"},\"primaryImageOfPage\":{\"@id\":\"https:\\\/\\\/informelitoral.com.ar\\\/jey-mammon-la-tele-es-mi-lugar-asi-que-pronto-vamos-a-volver\\\/#primaryimage\"},\"image\":{\"@id\":\"https:\\\/\\\/informelitoral.com.ar\\\/jey-mammon-la-tele-es-mi-lugar-asi-que-pronto-vamos-a-volver\\\/#primaryimage\"},\"thumbnailUrl\":\"https:\\\/\\\/informelitoral.com.ar\\\/%77%70%2d%63%6f%6e%74%65%6e%74\\\/uploads\\\/2023\\\/04\\\/jey-mammon.webp\",\"datePublished\":\"2023-04-27T14:07:50+00:00\",\"dateModified\":\"2023-04-27T20:12:16+00:00\",\"breadcrumb\":{\"@id\":\"https:\\\/\\\/informelitoral.com.ar\\\/jey-mammon-la-tele-es-mi-lugar-asi-que-pronto-vamos-a-volver\\\/#breadcrumb\"},\"inLanguage\":\"es\",\"potentialAction\":[{\"@type\":\"ReadAction\",\"target\":[\"https:\\\/\\\/informelitoral.com.ar\\\/jey-mammon-la-tele-es-mi-lugar-asi-que-pronto-vamos-a-volver\\\/\"]}]},{\"@type\":\"ImageObject\",\"inLanguage\":\"es\",\"@id\":\"https:\\\/\\\/informelitoral.com.ar\\\/jey-mammon-la-tele-es-mi-lugar-asi-que-pronto-vamos-a-volver\\\/#primaryimage\",\"url\":\"https:\\\/\\\/informelitoral.com.ar\\\/%77%70%2d%63%6f%6e%74%65%6e%74\\\/uploads\\\/2023\\\/04\\\/jey-mammon.webp\",\"contentUrl\":\"https:\\\/\\\/informelitoral.com.ar\\\/%77%70%2d%63%6f%6e%74%65%6e%74\\\/uploads\\\/2023\\\/04\\\/jey-mammon.webp\",\"width\":610,\"height\":457},{\"@type\":\"BreadcrumbList\",\"@id\":\"https:\\\/\\\/informelitoral.com.ar\\\/jey-mammon-la-tele-es-mi-lugar-asi-que-pronto-vamos-a-volver\\\/#breadcrumb\",\"itemListElement\":[{\"@type\":\"ListItem\",\"position\":1,\"name\":\"Portada\",\"item\":\"https:\\\/\\\/informelitoral.com.ar\\\/\"},{\"@type\":\"ListItem\",\"position\":2,\"name\":\"Jey Mammon: \u201cLa tele es mi lugar as\u00ed que pronto vamos a volver\u201d\"}]},{\"@type\":\"WebSite\",\"@id\":\"https:\\\/\\\/informelitoral.com.ar\\\/#website\",\"url\":\"https:\\\/\\\/informelitoral.com.ar\\\/\",\"name\":\"Informe Litoral\",\"description\":\"&quot;Nos informamos&quot; \",\"publisher\":{\"@id\":\"https:\\\/\\\/informelitoral.com.ar\\\/#organization\"},\"potentialAction\":[{\"@type\":\"SearchAction\",\"target\":{\"@type\":\"EntryPoint\",\"urlTemplate\":\"https:\\\/\\\/informelitoral.com.ar\\\/?s={search_term_string}\"},\"query-input\":{\"@type\":\"PropertyValueSpecification\",\"valueRequired\":true,\"valueName\":\"search_term_string\"}}],\"inLanguage\":\"es\"},{\"@type\":\"Organization\",\"@id\":\"https:\\\/\\\/informelitoral.com.ar\\\/#organization\",\"name\":\"Informe Litoral\",\"url\":\"https:\\\/\\\/informelitoral.com.ar\\\/\",\"logo\":{\"@type\":\"ImageObject\",\"inLanguage\":\"es\",\"@id\":\"https:\\\/\\\/informelitoral.com.ar\\\/#\\\/schema\\\/logo\\\/image\\\/\",\"url\":\"https:\\\/\\\/informelitoral.com.ar\\\/%77%70%2d%63%6f%6e%74%65%6e%74\\\/uploads\\\/2021\\\/01\\\/circulo.png\",\"contentUrl\":\"https:\\\/\\\/informelitoral.com.ar\\\/%77%70%2d%63%6f%6e%74%65%6e%74\\\/uploads\\\/2021\\\/01\\\/circulo.png\",\"width\":723,\"height\":731,\"caption\":\"Informe Litoral\"},\"image\":{\"@id\":\"https:\\\/\\\/informelitoral.com.ar\\\/#\\\/schema\\\/logo\\\/image\\\/\"},\"sameAs\":[\"https:\\\/\\\/www.facebook.com\\\/informelitoral\\\/\",\"https:\\\/\\\/x.com\\\/InformeLitoral\",\"https:\\\/\\\/www.instagram.com\\\/informelitoral\\\/\",\"https:\\\/\\\/www.youtube.com\\\/channel\\\/UCua4Qvz8Icb6MYqhoq9xLXw\"]},{\"@type\":\"Person\",\"@id\":\"https:\\\/\\\/informelitoral.com.ar\\\/#\\\/schema\\\/person\\\/f05f9f461677119578717524b127d6d5\",\"name\":\"Sebastian\",\"image\":{\"@type\":\"ImageObject\",\"inLanguage\":\"es\",\"@id\":\"https:\\\/\\\/secure.gravatar.com\\\/avatar\\\/b71bf7481d447dfb9583c7f2798e7cc64de6efb9067b74633ed8c31059a3bd82?s=96&d=mm&r=g\",\"url\":\"https:\\\/\\\/secure.gravatar.com\\\/avatar\\\/b71bf7481d447dfb9583c7f2798e7cc64de6efb9067b74633ed8c31059a3bd82?s=96&d=mm&r=g\",\"contentUrl\":\"https:\\\/\\\/secure.gravatar.com\\\/avatar\\\/b71bf7481d447dfb9583c7f2798e7cc64de6efb9067b74633ed8c31059a3bd82?s=96&d=mm&r=g\",\"caption\":\"Sebastian\"},\"url\":\"https:\\\/\\\/informelitoral.com.ar\\\/author\\\/sebastian\\\/\"}]}<\/script>","yoast_head_json":{"title":"Jey Mammon: \u201cLa tele es mi lugar as\u00ed que pronto vamos a volver\u201d - Informe Litoral","robots":{"index":"index","follow":"follow","max-snippet":"max-snippet:-1","max-image-preview":"max-image-preview:large","max-video-preview":"max-video-preview:-1"},"canonical":"https:\/\/informelitoral.com.ar\/jey-mammon-la-tele-es-mi-lugar-asi-que-pronto-vamos-a-volver\/","og_locale":"es_ES","og_type":"article","og_title":"Jey Mammon: \u201cLa tele es mi lugar as\u00ed que pronto vamos a volver\u201d - Informe Litoral","og_description":"El conductor se mostr\u00f3 tranquilo con su regreso a la TV, aunque desde Telefe no comunicaron nada al respecto tras su salida por la denuncia por abuso sexual contra Lucas Benvenuto.","og_url":"https:\/\/informelitoral.com.ar\/jey-mammon-la-tele-es-mi-lugar-asi-que-pronto-vamos-a-volver\/","og_site_name":"Informe Litoral","article_publisher":"https:\/\/www.facebook.com\/informelitoral\/","article_published_time":"2023-04-27T14:07:50+00:00","article_modified_time":"2023-04-27T20:12:16+00:00","og_image":[{"width":610,"height":457,"url":"https:\/\/informelitoral.com.ar\/%77%70%2d%63%6f%6e%74%65%6e%74\/uploads\/2023\/04\/jey-mammon.webp","type":"image\/webp"}],"author":"Sebastian","twitter_card":"summary_large_image","twitter_creator":"@InformeLitoral","twitter_site":"@InformeLitoral","twitter_misc":{"Escrito por":"Sebastian","Tiempo de lectura":"2 minutos"},"schema":{"@context":"https:\/\/schema.org","@graph":[{"@type":"Article","@id":"https:\/\/informelitoral.com.ar\/jey-mammon-la-tele-es-mi-lugar-asi-que-pronto-vamos-a-volver\/#article","isPartOf":{"@id":"https:\/\/informelitoral.com.ar\/jey-mammon-la-tele-es-mi-lugar-asi-que-pronto-vamos-a-volver\/"},"author":{"name":"Sebastian","@id":"https:\/\/informelitoral.com.ar\/#\/schema\/person\/f05f9f461677119578717524b127d6d5"},"headline":"Jey Mammon: \u201cLa tele es mi lugar as\u00ed que pronto vamos a volver\u201d","datePublished":"2023-04-27T14:07:50+00:00","dateModified":"2023-04-27T20:12:16+00:00","mainEntityOfPage":{"@id":"https:\/\/informelitoral.com.ar\/jey-mammon-la-tele-es-mi-lugar-asi-que-pronto-vamos-a-volver\/"},"wordCount":484,"commentCount":0,"publisher":{"@id":"https:\/\/informelitoral.com.ar\/#organization"},"image":{"@id":"https:\/\/informelitoral.com.ar\/jey-mammon-la-tele-es-mi-lugar-asi-que-pronto-vamos-a-volver\/#primaryimage"},"thumbnailUrl":"https:\/\/informelitoral.com.ar\/%77%70%2d%63%6f%6e%74%65%6e%74\/uploads\/2023\/04\/jey-mammon.webp","articleSection":["Espect\u00e1culos"],"inLanguage":"es","potentialAction":[{"@type":"CommentAction","name":"Comment","target":["https:\/\/informelitoral.com.ar\/jey-mammon-la-tele-es-mi-lugar-asi-que-pronto-vamos-a-volver\/#respond"]}]},{"@type":"WebPage","@id":"https:\/\/informelitoral.com.ar\/jey-mammon-la-tele-es-mi-lugar-asi-que-pronto-vamos-a-volver\/","url":"https:\/\/informelitoral.com.ar\/jey-mammon-la-tele-es-mi-lugar-asi-que-pronto-vamos-a-volver\/","name":"Jey Mammon: \u201cLa tele es mi lugar as\u00ed que pronto vamos a volver\u201d - Informe Litoral","isPartOf":{"@id":"https:\/\/informelitoral.com.ar\/#website"},"primaryImageOfPage":{"@id":"https:\/\/informelitoral.com.ar\/jey-mammon-la-tele-es-mi-lugar-asi-que-pronto-vamos-a-volver\/#primaryimage"},"image":{"@id":"https:\/\/informelitoral.com.ar\/jey-mammon-la-tele-es-mi-lugar-asi-que-pronto-vamos-a-volver\/#primaryimage"},"thumbnailUrl":"https:\/\/informelitoral.com.ar\/%77%70%2d%63%6f%6e%74%65%6e%74\/uploads\/2023\/04\/jey-mammon.webp","datePublished":"2023-04-27T14:07:50+00:00","dateModified":"2023-04-27T20:12:16+00:00","breadcrumb":{"@id":"https:\/\/informelitoral.com.ar\/jey-mammon-la-tele-es-mi-lugar-asi-que-pronto-vamos-a-volver\/#breadcrumb"},"inLanguage":"es","potentialAction":[{"@type":"ReadAction","target":["https:\/\/informelitoral.com.ar\/jey-mammon-la-tele-es-mi-lugar-asi-que-pronto-vamos-a-volver\/"]}]},{"@type":"ImageObject","inLanguage":"es","@id":"https:\/\/informelitoral.com.ar\/jey-mammon-la-tele-es-mi-lugar-asi-que-pronto-vamos-a-volver\/#primaryimage","url":"https:\/\/informelitoral.com.ar\/%77%70%2d%63%6f%6e%74%65%6e%74\/uploads\/2023\/04\/jey-mammon.webp","contentUrl":"https:\/\/informelitoral.com.ar\/%77%70%2d%63%6f%6e%74%65%6e%74\/uploads\/2023\/04\/jey-mammon.webp","width":610,"height":457},{"@type":"BreadcrumbList","@id":"https:\/\/informelitoral.com.ar\/jey-mammon-la-tele-es-mi-lugar-asi-que-pronto-vamos-a-volver\/#breadcrumb","itemListElement":[{"@type":"ListItem","position":1,"name":"Portada","item":"https:\/\/informelitoral.com.ar\/"},{"@type":"ListItem","position":2,"name":"Jey Mammon: \u201cLa tele es mi lugar as\u00ed que pronto vamos a volver\u201d"}]},{"@type":"WebSite","@id":"https:\/\/informelitoral.com.ar\/#website","url":"https:\/\/informelitoral.com.ar\/","name":"Informe Litoral","description":"&quot;Nos informamos&quot; ","publisher":{"@id":"https:\/\/informelitoral.com.ar\/#organization"},"potentialAction":[{"@type":"SearchAction","target":{"@type":"EntryPoint","urlTemplate":"https:\/\/informelitoral.com.ar\/?s={search_term_string}"},"query-input":{"@type":"PropertyValueSpecification","valueRequired":true,"valueName":"search_term_string"}}],"inLanguage":"es"},{"@type":"Organization","@id":"https:\/\/informelitoral.com.ar\/#organization","name":"Informe Litoral","url":"https:\/\/informelitoral.com.ar\/","logo":{"@type":"ImageObject","inLanguage":"es","@id":"https:\/\/informelitoral.com.ar\/#\/schema\/logo\/image\/","url":"https:\/\/informelitoral.com.ar\/%77%70%2d%63%6f%6e%74%65%6e%74\/uploads\/2021\/01\/circulo.png","contentUrl":"https:\/\/informelitoral.com.ar\/%77%70%2d%63%6f%6e%74%65%6e%74\/uploads\/2021\/01\/circulo.png","width":723,"height":731,"caption":"Informe Litoral"},"image":{"@id":"https:\/\/informelitoral.com.ar\/#\/schema\/logo\/image\/"},"sameAs":["https:\/\/www.facebook.com\/informelitoral\/","https:\/\/x.com\/InformeLitoral","https:\/\/www.instagram.com\/informelitoral\/","https:\/\/www.youtube.com\/channel\/UCua4Qvz8Icb6MYqhoq9xLXw"]},{"@type":"Person","@id":"https:\/\/informelitoral.com.ar\/#\/schema\/person\/f05f9f461677119578717524b127d6d5","name":"Sebastian","image":{"@type":"ImageObject","inLanguage":"es","@id":"https:\/\/secure.gravatar.com\/avatar\/b71bf7481d447dfb9583c7f2798e7cc64de6efb9067b74633ed8c31059a3bd82?s=96&d=mm&r=g","url":"https:\/\/secure.gravatar.com\/avatar\/b71bf7481d447dfb9583c7f2798e7cc64de6efb9067b74633ed8c31059a3bd82?s=96&d=mm&r=g","contentUrl":"https:\/\/secure.gravatar.com\/avatar\/b71bf7481d447dfb9583c7f2798e7cc64de6efb9067b74633ed8c31059a3bd82?s=96&d=mm&r=g","caption":"Sebastian"},"url":"https:\/\/informelitoral.com.ar\/author\/sebastian\/"}]}},"_links":{"self":[{"href":"https:\/\/informelitoral.com.ar\/%77%70%2d%6a%73%6f%6e\/wp\/v2\/posts\/142901","targetHints":{"allow":["GET"]}}],"collection":[{"href":"https:\/\/informelitoral.com.ar\/%77%70%2d%6a%73%6f%6e\/wp\/v2\/posts"}],"about":[{"href":"https:\/\/informelitoral.com.ar\/%77%70%2d%6a%73%6f%6e\/wp\/v2\/types\/post"}],"author":[{"embeddable":true,"href":"https:\/\/informelitoral.com.ar\/%77%70%2d%6a%73%6f%6e\/wp\/v2\/users\/8"}],"replies":[{"embeddable":true,"href":"https:\/\/informelitoral.com.ar\/%77%70%2d%6a%73%6f%6e\/wp\/v2\/comments?post=142901"}],"version-history":[{"count":0,"href":"https:\/\/informelitoral.com.ar\/%77%70%2d%6a%73%6f%6e\/wp\/v2\/posts\/142901\/revisions"}],"wp:featuredmedia":[{"embeddable":true,"href":"https:\/\/informelitoral.com.ar\/%77%70%2d%6a%73%6f%6e\/wp\/v2\/media\/142874"}],"wp:attachment":[{"href":"https:\/\/informelitoral.com.ar\/%77%70%2d%6a%73%6f%6e\/wp\/v2\/media?parent=142901"}],"wp:term":[{"taxonomy":"category","embeddable":true,"href":"https:\/\/informelitoral.com.ar\/%77%70%2d%6a%73%6f%6e\/wp\/v2\/categories?post=142901"},{"taxonomy":"post_tag","embeddable":true,"href":"https:\/\/informelitoral.com.ar\/%77%70%2d%6a%73%6f%6e\/wp\/v2\/tags?post=142901"}],"curies":[{"name":"wp","href":"https:\/\/api.w.org\/{rel}","templated":true}]}}