{"id":142662,"date":"2023-04-27T08:25:50","date_gmt":"2023-04-27T11:25:50","guid":{"rendered":"https:\/\/www.informelitoral.com.ar\/?p=142662"},"modified":"2023-04-27T16:47:59","modified_gmt":"2023-04-27T19:47:59","slug":"massa-convoco-a-una-mesa-de-trabajo-para-alcanzar-acuerdo-de-precios-por-90-dias","status":"publish","type":"post","link":"https:\/\/informelitoral.com.ar\/massa-convoco-a-una-mesa-de-trabajo-para-alcanzar-acuerdo-de-precios-por-90-dias\/","title":{"rendered":"Massa convoc\u00f3 a una mesa de trabajo para alcanzar acuerdo de precios por 90 d\u00edas"},"content":{"rendered":"<p>El ministro de Econom\u00eda, Sergio Massa, convoc\u00f3 a dirigentes gremiales, de movimiento sociales y empresarios a alcanzar un acuerdo que brinde estabilidad en los precios por 90 d\u00edas, luego de las maniobras especulativas generadas en el mercado cambiario.<\/p>\n<p>Massa formul\u00f3 esta convocatoria en el Palacio de Hacienda donde recibi\u00f3 a los representantes de la Confederaci\u00f3n General del Trabajo (CGT), encabezados por su Secretario General, H\u00e9ctor Daer, y del Movimiento Evita, Fernando Navarro y Emilio P\u00e9rsico, quienes le brindaron su apoyo.<\/p>\n<p>\u201cUna vez terminado el proceso de estabilizaci\u00f3n (en el sector financiero) cuento con ustedes para sentarlos a la mesa juntos con los empresarios para establecer el sendero de los pr\u00f3ximos 90 d\u00edas, para que no haya las trampas que algunos vivos trataron de realizar sobre versiones, rumores y que lo que termin\u00f3 haciendo es generar incertidumbre en la gente\u201d, dijo Massa.<\/p>\n<p>El ministro adelant\u00f3 que \u201cde ac\u00e1 al viernes seguiremos trabajando en estabilizar los mercados y el funcionamiento macroecon\u00f3mico, para convocar el fin de semana a los empresarios para trabajar juntos (a sindicalistas y movimientos sociales) para dar un sendero de 90 d\u00edas de estabilidad, para que la gente viva sin miedo y que sepa que el Estado cumple con su rol\u201d de garantizar la estabilidad.<\/p>\n<p>Massa calific\u00f3 como una actitud \u201cinexplicable\u201d que \u201chaya intentos de aumentos de precios sobre la base de lo que fue el aumento del d\u00f3lar blue desde la semana pasada, porque todos los que importan lo hacen con el d\u00f3lar oficial\u201d.<\/p>\n<p>Entonces \u201cno son aumentos por cuestiones de macroeconom\u00eda, sino por avivadas\u201d y en este marco, desde el Gobierno ser\u00e1n \u00abgarantes y controladores\u201d.<\/p>\n<p>\u00abPara eso -continu\u00f3 el ministro- les pedimos ayuda a ustedes\u201d sindicatos y movimientos sociales \u201cque ayuden en esta tarea, para que haya abastecimiento y precios\u201d.<\/p>\n<p>Massa advirti\u00f3 que \u201cel estado se pone firme y no permite la especulaci\u00f3n\u201d, a\u00fan \u201centendiendo que los mercados son transparentes\u201d, pero que sin embargo \u201cel Estado tiene la responsabilidad, darle certidumbre a la gente\u201d ante maniobras especulativas.<\/p>\n<p>El ministro aprovech\u00f3 el encuentro tambi\u00e9n para agradecer \u201cel trabajo conjunto para que los trabajadores paguen menos impuesto a las ganancias por sus vi\u00e1ticos y horas extras\u201d.<\/p>\n<p>\u201cDentro de muy pocas horas, menos trabajadores pagar\u00e1n Ganancias por el aumento del m\u00ednimo no imponible del Impuesto a las Ganancias a $ 503.000, a partir del primero de mayo\u201d, record\u00f3 el funcionario al referirse al reciente anuncio de su cartera.<\/p>\n<p>Por su parte, Daer destac\u00f3 la presencia de la CGT \u201cpara garantizar el apoyo, la confianza y todo lo que tiene que ver para generar las condiciones para nuestro pueblo\u201d.<\/p>\n<p>\u201cNo vamos a ser espectadores de un peque\u00f1o grupo de \u2018vivos\u2019 que especulan utilizando medios de timba en el sector financiero, que terminan perjudicando la econom\u00eda de todos, en especial a los que tienen ingresos fijos, a los jubilados, a los que tienen ayudas sociales\u201d, dijo el dirigente gremial.<\/p>\n<p>En este marco \u201cqueremos hacer un llamamiento a quienes no estuvieron en la especulaci\u00f3n financiera pero (si) en la remarcaci\u00f3n de precios que, por el bien de todos, lo que tenemos que hacer, tienen que retrotraer los precios\u201d, pidi\u00f3 el secretario general de la CGT.<\/p>\n<p>Por su parte, Emilio P\u00e9rsico, le dijo a Massa: \u201cCuenten con nosotros para ir a marcar a los que subieron los precios\u201d.<\/p>\n","protected":false},"excerpt":{"rendered":"<p>El ministro de Econom\u00eda, Sergio Massa, convoc\u00f3 a dirigentes gremiales, de movimiento sociales y empresarios a alcanzar un acuerdo que brinde estabilidad en los precios por 90 d\u00edas, luego de maniobras especulativas generadas en el mercado.<\/p>\n","protected":false},"author":8,"featured_media":142618,"comment_status":"open","ping_status":"open","sticky":false,"template":"","format":"standard","meta":{"fifu_image_url":"","fifu_image_alt":"","footnotes":""},"categories":[1594,7],"tags":[95,32,1297],"class_list":{"0":"post-142662","1":"post","2":"type-post","3":"status-publish","4":"format-standard","5":"has-post-thumbnail","7":"category-economia","8":"category-nacionales","9":"tag-inflacion","10":"tag-precios","11":"tag-sergio-massa"},"yoast_head":"<title>Massa convoc\u00f3 a una mesa de trabajo para alcanzar acuerdo de precios por 90 d\u00edas - Informe Litoral<\/title>\n<meta name=\"robots\" content=\"index, follow, max-snippet:-1, max-image-preview:large, max-video-preview:-1\" \/>\n<link rel=\"canonical\" href=\"https:\/\/informelitoral.com.ar\/massa-convoco-a-una-mesa-de-trabajo-para-alcanzar-acuerdo-de-precios-por-90-dias\/\" \/>\n<meta property=\"og:locale\" content=\"es_ES\" \/>\n<meta property=\"og:type\" content=\"article\" \/>\n<meta property=\"og:title\" content=\"Massa convoc\u00f3 a una mesa de trabajo para alcanzar acuerdo de precios por 90 d\u00edas - Informe Litoral\" \/>\n<meta property=\"og:description\" content=\"El ministro de Econom\u00eda, Sergio Massa, convoc\u00f3 a dirigentes gremiales, de movimiento sociales y empresarios a alcanzar un acuerdo que brinde estabilidad en los precios por 90 d\u00edas, luego de maniobras especulativas generadas en el mercado.\" \/>\n<meta property=\"og:url\" content=\"https:\/\/informelitoral.com.ar\/massa-convoco-a-una-mesa-de-trabajo-para-alcanzar-acuerdo-de-precios-por-90-dias\/\" \/>\n<meta property=\"og:site_name\" content=\"Informe Litoral\" \/>\n<meta property=\"article:publisher\" content=\"https:\/\/www.facebook.com\/informelitoral\/\" \/>\n<meta property=\"article:published_time\" content=\"2023-04-27T11:25:50+00:00\" \/>\n<meta property=\"article:modified_time\" content=\"2023-04-27T19:47:59+00:00\" \/>\n<meta property=\"og:image\" content=\"https:\/\/informelitoral.com.ar\/%77%70%2d%63%6f%6e%74%65%6e%74\/uploads\/2023\/04\/o_1682554260.jpg\" \/>\n\t<meta property=\"og:image:width\" content=\"800\" \/>\n\t<meta property=\"og:image:height\" content=\"450\" \/>\n\t<meta property=\"og:image:type\" content=\"image\/jpeg\" \/>\n<meta name=\"author\" content=\"Sebastian\" \/>\n<meta name=\"twitter:card\" content=\"summary_large_image\" \/>\n<meta name=\"twitter:creator\" content=\"@InformeLitoral\" \/>\n<meta name=\"twitter:site\" content=\"@InformeLitoral\" \/>\n<meta name=\"twitter:label1\" content=\"Escrito por\" \/>\n\t<meta name=\"twitter:data1\" content=\"Sebastian\" \/>\n\t<meta name=\"twitter:label2\" content=\"Tiempo de lectura\" \/>\n\t<meta name=\"twitter:data2\" content=\"3 minutos\" \/>\n<script type=\"application\/ld+json\" class=\"yoast-schema-graph\">{\"@context\":\"https:\\\/\\\/schema.org\",\"@graph\":[{\"@type\":\"Article\",\"@id\":\"https:\\\/\\\/informelitoral.com.ar\\\/massa-convoco-a-una-mesa-de-trabajo-para-alcanzar-acuerdo-de-precios-por-90-dias\\\/#article\",\"isPartOf\":{\"@id\":\"https:\\\/\\\/informelitoral.com.ar\\\/massa-convoco-a-una-mesa-de-trabajo-para-alcanzar-acuerdo-de-precios-por-90-dias\\\/\"},\"author\":{\"name\":\"Sebastian\",\"@id\":\"https:\\\/\\\/informelitoral.com.ar\\\/#\\\/schema\\\/person\\\/f05f9f461677119578717524b127d6d5\"},\"headline\":\"Massa convoc\u00f3 a una mesa de trabajo para alcanzar acuerdo de precios por 90 d\u00edas\",\"datePublished\":\"2023-04-27T11:25:50+00:00\",\"dateModified\":\"2023-04-27T19:47:59+00:00\",\"mainEntityOfPage\":{\"@id\":\"https:\\\/\\\/informelitoral.com.ar\\\/massa-convoco-a-una-mesa-de-trabajo-para-alcanzar-acuerdo-de-precios-por-90-dias\\\/\"},\"wordCount\":579,\"commentCount\":0,\"publisher\":{\"@id\":\"https:\\\/\\\/informelitoral.com.ar\\\/#organization\"},\"image\":{\"@id\":\"https:\\\/\\\/informelitoral.com.ar\\\/massa-convoco-a-una-mesa-de-trabajo-para-alcanzar-acuerdo-de-precios-por-90-dias\\\/#primaryimage\"},\"thumbnailUrl\":\"https:\\\/\\\/informelitoral.com.ar\\\/%77%70%2d%63%6f%6e%74%65%6e%74\\\/uploads\\\/2023\\\/04\\\/o_1682554260.jpg\",\"keywords\":[\"Inflaci\u00f3n\",\"precios\",\"Sergio Massa\"],\"articleSection\":[\"Econom\u00eda\",\"Nacionales\"],\"inLanguage\":\"es\",\"potentialAction\":[{\"@type\":\"CommentAction\",\"name\":\"Comment\",\"target\":[\"https:\\\/\\\/informelitoral.com.ar\\\/massa-convoco-a-una-mesa-de-trabajo-para-alcanzar-acuerdo-de-precios-por-90-dias\\\/#respond\"]}]},{\"@type\":\"WebPage\",\"@id\":\"https:\\\/\\\/informelitoral.com.ar\\\/massa-convoco-a-una-mesa-de-trabajo-para-alcanzar-acuerdo-de-precios-por-90-dias\\\/\",\"url\":\"https:\\\/\\\/informelitoral.com.ar\\\/massa-convoco-a-una-mesa-de-trabajo-para-alcanzar-acuerdo-de-precios-por-90-dias\\\/\",\"name\":\"Massa convoc\u00f3 a una mesa de trabajo para alcanzar acuerdo de precios por 90 d\u00edas - Informe Litoral\",\"isPartOf\":{\"@id\":\"https:\\\/\\\/informelitoral.com.ar\\\/#website\"},\"primaryImageOfPage\":{\"@id\":\"https:\\\/\\\/informelitoral.com.ar\\\/massa-convoco-a-una-mesa-de-trabajo-para-alcanzar-acuerdo-de-precios-por-90-dias\\\/#primaryimage\"},\"image\":{\"@id\":\"https:\\\/\\\/informelitoral.com.ar\\\/massa-convoco-a-una-mesa-de-trabajo-para-alcanzar-acuerdo-de-precios-por-90-dias\\\/#primaryimage\"},\"thumbnailUrl\":\"https:\\\/\\\/informelitoral.com.ar\\\/%77%70%2d%63%6f%6e%74%65%6e%74\\\/uploads\\\/2023\\\/04\\\/o_1682554260.jpg\",\"datePublished\":\"2023-04-27T11:25:50+00:00\",\"dateModified\":\"2023-04-27T19:47:59+00:00\",\"breadcrumb\":{\"@id\":\"https:\\\/\\\/informelitoral.com.ar\\\/massa-convoco-a-una-mesa-de-trabajo-para-alcanzar-acuerdo-de-precios-por-90-dias\\\/#breadcrumb\"},\"inLanguage\":\"es\",\"potentialAction\":[{\"@type\":\"ReadAction\",\"target\":[\"https:\\\/\\\/informelitoral.com.ar\\\/massa-convoco-a-una-mesa-de-trabajo-para-alcanzar-acuerdo-de-precios-por-90-dias\\\/\"]}]},{\"@type\":\"ImageObject\",\"inLanguage\":\"es\",\"@id\":\"https:\\\/\\\/informelitoral.com.ar\\\/massa-convoco-a-una-mesa-de-trabajo-para-alcanzar-acuerdo-de-precios-por-90-dias\\\/#primaryimage\",\"url\":\"https:\\\/\\\/informelitoral.com.ar\\\/%77%70%2d%63%6f%6e%74%65%6e%74\\\/uploads\\\/2023\\\/04\\\/o_1682554260.jpg\",\"contentUrl\":\"https:\\\/\\\/informelitoral.com.ar\\\/%77%70%2d%63%6f%6e%74%65%6e%74\\\/uploads\\\/2023\\\/04\\\/o_1682554260.jpg\",\"width\":800,\"height\":450},{\"@type\":\"BreadcrumbList\",\"@id\":\"https:\\\/\\\/informelitoral.com.ar\\\/massa-convoco-a-una-mesa-de-trabajo-para-alcanzar-acuerdo-de-precios-por-90-dias\\\/#breadcrumb\",\"itemListElement\":[{\"@type\":\"ListItem\",\"position\":1,\"name\":\"Portada\",\"item\":\"https:\\\/\\\/informelitoral.com.ar\\\/\"},{\"@type\":\"ListItem\",\"position\":2,\"name\":\"Massa convoc\u00f3 a una mesa de trabajo para alcanzar acuerdo de precios por 90 d\u00edas\"}]},{\"@type\":\"WebSite\",\"@id\":\"https:\\\/\\\/informelitoral.com.ar\\\/#website\",\"url\":\"https:\\\/\\\/informelitoral.com.ar\\\/\",\"name\":\"Informe Litoral\",\"description\":\"&quot;Nos informamos&quot; \",\"publisher\":{\"@id\":\"https:\\\/\\\/informelitoral.com.ar\\\/#organization\"},\"potentialAction\":[{\"@type\":\"SearchAction\",\"target\":{\"@type\":\"EntryPoint\",\"urlTemplate\":\"https:\\\/\\\/informelitoral.com.ar\\\/?s={search_term_string}\"},\"query-input\":{\"@type\":\"PropertyValueSpecification\",\"valueRequired\":true,\"valueName\":\"search_term_string\"}}],\"inLanguage\":\"es\"},{\"@type\":\"Organization\",\"@id\":\"https:\\\/\\\/informelitoral.com.ar\\\/#organization\",\"name\":\"Informe Litoral\",\"url\":\"https:\\\/\\\/informelitoral.com.ar\\\/\",\"logo\":{\"@type\":\"ImageObject\",\"inLanguage\":\"es\",\"@id\":\"https:\\\/\\\/informelitoral.com.ar\\\/#\\\/schema\\\/logo\\\/image\\\/\",\"url\":\"https:\\\/\\\/informelitoral.com.ar\\\/%77%70%2d%63%6f%6e%74%65%6e%74\\\/uploads\\\/2021\\\/01\\\/circulo.png\",\"contentUrl\":\"https:\\\/\\\/informelitoral.com.ar\\\/%77%70%2d%63%6f%6e%74%65%6e%74\\\/uploads\\\/2021\\\/01\\\/circulo.png\",\"width\":723,\"height\":731,\"caption\":\"Informe Litoral\"},\"image\":{\"@id\":\"https:\\\/\\\/informelitoral.com.ar\\\/#\\\/schema\\\/logo\\\/image\\\/\"},\"sameAs\":[\"https:\\\/\\\/www.facebook.com\\\/informelitoral\\\/\",\"https:\\\/\\\/x.com\\\/InformeLitoral\",\"https:\\\/\\\/www.instagram.com\\\/informelitoral\\\/\",\"https:\\\/\\\/www.youtube.com\\\/channel\\\/UCua4Qvz8Icb6MYqhoq9xLXw\"]},{\"@type\":\"Person\",\"@id\":\"https:\\\/\\\/informelitoral.com.ar\\\/#\\\/schema\\\/person\\\/f05f9f461677119578717524b127d6d5\",\"name\":\"Sebastian\",\"image\":{\"@type\":\"ImageObject\",\"inLanguage\":\"es\",\"@id\":\"https:\\\/\\\/secure.gravatar.com\\\/avatar\\\/b71bf7481d447dfb9583c7f2798e7cc64de6efb9067b74633ed8c31059a3bd82?s=96&d=mm&r=g\",\"url\":\"https:\\\/\\\/secure.gravatar.com\\\/avatar\\\/b71bf7481d447dfb9583c7f2798e7cc64de6efb9067b74633ed8c31059a3bd82?s=96&d=mm&r=g\",\"contentUrl\":\"https:\\\/\\\/secure.gravatar.com\\\/avatar\\\/b71bf7481d447dfb9583c7f2798e7cc64de6efb9067b74633ed8c31059a3bd82?s=96&d=mm&r=g\",\"caption\":\"Sebastian\"},\"url\":\"https:\\\/\\\/informelitoral.com.ar\\\/author\\\/sebastian\\\/\"}]}<\/script>","yoast_head_json":{"title":"Massa convoc\u00f3 a una mesa de trabajo para alcanzar acuerdo de precios por 90 d\u00edas - Informe Litoral","robots":{"index":"index","follow":"follow","max-snippet":"max-snippet:-1","max-image-preview":"max-image-preview:large","max-video-preview":"max-video-preview:-1"},"canonical":"https:\/\/informelitoral.com.ar\/massa-convoco-a-una-mesa-de-trabajo-para-alcanzar-acuerdo-de-precios-por-90-dias\/","og_locale":"es_ES","og_type":"article","og_title":"Massa convoc\u00f3 a una mesa de trabajo para alcanzar acuerdo de precios por 90 d\u00edas - Informe Litoral","og_description":"El ministro de Econom\u00eda, Sergio Massa, convoc\u00f3 a dirigentes gremiales, de movimiento sociales y empresarios a alcanzar un acuerdo que brinde estabilidad en los precios por 90 d\u00edas, luego de maniobras especulativas generadas en el mercado.","og_url":"https:\/\/informelitoral.com.ar\/massa-convoco-a-una-mesa-de-trabajo-para-alcanzar-acuerdo-de-precios-por-90-dias\/","og_site_name":"Informe Litoral","article_publisher":"https:\/\/www.facebook.com\/informelitoral\/","article_published_time":"2023-04-27T11:25:50+00:00","article_modified_time":"2023-04-27T19:47:59+00:00","og_image":[{"width":800,"height":450,"url":"https:\/\/informelitoral.com.ar\/%77%70%2d%63%6f%6e%74%65%6e%74\/uploads\/2023\/04\/o_1682554260.jpg","type":"image\/jpeg"}],"author":"Sebastian","twitter_card":"summary_large_image","twitter_creator":"@InformeLitoral","twitter_site":"@InformeLitoral","twitter_misc":{"Escrito por":"Sebastian","Tiempo de lectura":"3 minutos"},"schema":{"@context":"https:\/\/schema.org","@graph":[{"@type":"Article","@id":"https:\/\/informelitoral.com.ar\/massa-convoco-a-una-mesa-de-trabajo-para-alcanzar-acuerdo-de-precios-por-90-dias\/#article","isPartOf":{"@id":"https:\/\/informelitoral.com.ar\/massa-convoco-a-una-mesa-de-trabajo-para-alcanzar-acuerdo-de-precios-por-90-dias\/"},"author":{"name":"Sebastian","@id":"https:\/\/informelitoral.com.ar\/#\/schema\/person\/f05f9f461677119578717524b127d6d5"},"headline":"Massa convoc\u00f3 a una mesa de trabajo para alcanzar acuerdo de precios por 90 d\u00edas","datePublished":"2023-04-27T11:25:50+00:00","dateModified":"2023-04-27T19:47:59+00:00","mainEntityOfPage":{"@id":"https:\/\/informelitoral.com.ar\/massa-convoco-a-una-mesa-de-trabajo-para-alcanzar-acuerdo-de-precios-por-90-dias\/"},"wordCount":579,"commentCount":0,"publisher":{"@id":"https:\/\/informelitoral.com.ar\/#organization"},"image":{"@id":"https:\/\/informelitoral.com.ar\/massa-convoco-a-una-mesa-de-trabajo-para-alcanzar-acuerdo-de-precios-por-90-dias\/#primaryimage"},"thumbnailUrl":"https:\/\/informelitoral.com.ar\/%77%70%2d%63%6f%6e%74%65%6e%74\/uploads\/2023\/04\/o_1682554260.jpg","keywords":["Inflaci\u00f3n","precios","Sergio Massa"],"articleSection":["Econom\u00eda","Nacionales"],"inLanguage":"es","potentialAction":[{"@type":"CommentAction","name":"Comment","target":["https:\/\/informelitoral.com.ar\/massa-convoco-a-una-mesa-de-trabajo-para-alcanzar-acuerdo-de-precios-por-90-dias\/#respond"]}]},{"@type":"WebPage","@id":"https:\/\/informelitoral.com.ar\/massa-convoco-a-una-mesa-de-trabajo-para-alcanzar-acuerdo-de-precios-por-90-dias\/","url":"https:\/\/informelitoral.com.ar\/massa-convoco-a-una-mesa-de-trabajo-para-alcanzar-acuerdo-de-precios-por-90-dias\/","name":"Massa convoc\u00f3 a una mesa de trabajo para alcanzar acuerdo de precios por 90 d\u00edas - Informe Litoral","isPartOf":{"@id":"https:\/\/informelitoral.com.ar\/#website"},"primaryImageOfPage":{"@id":"https:\/\/informelitoral.com.ar\/massa-convoco-a-una-mesa-de-trabajo-para-alcanzar-acuerdo-de-precios-por-90-dias\/#primaryimage"},"image":{"@id":"https:\/\/informelitoral.com.ar\/massa-convoco-a-una-mesa-de-trabajo-para-alcanzar-acuerdo-de-precios-por-90-dias\/#primaryimage"},"thumbnailUrl":"https:\/\/informelitoral.com.ar\/%77%70%2d%63%6f%6e%74%65%6e%74\/uploads\/2023\/04\/o_1682554260.jpg","datePublished":"2023-04-27T11:25:50+00:00","dateModified":"2023-04-27T19:47:59+00:00","breadcrumb":{"@id":"https:\/\/informelitoral.com.ar\/massa-convoco-a-una-mesa-de-trabajo-para-alcanzar-acuerdo-de-precios-por-90-dias\/#breadcrumb"},"inLanguage":"es","potentialAction":[{"@type":"ReadAction","target":["https:\/\/informelitoral.com.ar\/massa-convoco-a-una-mesa-de-trabajo-para-alcanzar-acuerdo-de-precios-por-90-dias\/"]}]},{"@type":"ImageObject","inLanguage":"es","@id":"https:\/\/informelitoral.com.ar\/massa-convoco-a-una-mesa-de-trabajo-para-alcanzar-acuerdo-de-precios-por-90-dias\/#primaryimage","url":"https:\/\/informelitoral.com.ar\/%77%70%2d%63%6f%6e%74%65%6e%74\/uploads\/2023\/04\/o_1682554260.jpg","contentUrl":"https:\/\/informelitoral.com.ar\/%77%70%2d%63%6f%6e%74%65%6e%74\/uploads\/2023\/04\/o_1682554260.jpg","width":800,"height":450},{"@type":"BreadcrumbList","@id":"https:\/\/informelitoral.com.ar\/massa-convoco-a-una-mesa-de-trabajo-para-alcanzar-acuerdo-de-precios-por-90-dias\/#breadcrumb","itemListElement":[{"@type":"ListItem","position":1,"name":"Portada","item":"https:\/\/informelitoral.com.ar\/"},{"@type":"ListItem","position":2,"name":"Massa convoc\u00f3 a una mesa de trabajo para alcanzar acuerdo de precios por 90 d\u00edas"}]},{"@type":"WebSite","@id":"https:\/\/informelitoral.com.ar\/#website","url":"https:\/\/informelitoral.com.ar\/","name":"Informe Litoral","description":"&quot;Nos informamos&quot; ","publisher":{"@id":"https:\/\/informelitoral.com.ar\/#organization"},"potentialAction":[{"@type":"SearchAction","target":{"@type":"EntryPoint","urlTemplate":"https:\/\/informelitoral.com.ar\/?s={search_term_string}"},"query-input":{"@type":"PropertyValueSpecification","valueRequired":true,"valueName":"search_term_string"}}],"inLanguage":"es"},{"@type":"Organization","@id":"https:\/\/informelitoral.com.ar\/#organization","name":"Informe Litoral","url":"https:\/\/informelitoral.com.ar\/","logo":{"@type":"ImageObject","inLanguage":"es","@id":"https:\/\/informelitoral.com.ar\/#\/schema\/logo\/image\/","url":"https:\/\/informelitoral.com.ar\/%77%70%2d%63%6f%6e%74%65%6e%74\/uploads\/2021\/01\/circulo.png","contentUrl":"https:\/\/informelitoral.com.ar\/%77%70%2d%63%6f%6e%74%65%6e%74\/uploads\/2021\/01\/circulo.png","width":723,"height":731,"caption":"Informe Litoral"},"image":{"@id":"https:\/\/informelitoral.com.ar\/#\/schema\/logo\/image\/"},"sameAs":["https:\/\/www.facebook.com\/informelitoral\/","https:\/\/x.com\/InformeLitoral","https:\/\/www.instagram.com\/informelitoral\/","https:\/\/www.youtube.com\/channel\/UCua4Qvz8Icb6MYqhoq9xLXw"]},{"@type":"Person","@id":"https:\/\/informelitoral.com.ar\/#\/schema\/person\/f05f9f461677119578717524b127d6d5","name":"Sebastian","image":{"@type":"ImageObject","inLanguage":"es","@id":"https:\/\/secure.gravatar.com\/avatar\/b71bf7481d447dfb9583c7f2798e7cc64de6efb9067b74633ed8c31059a3bd82?s=96&d=mm&r=g","url":"https:\/\/secure.gravatar.com\/avatar\/b71bf7481d447dfb9583c7f2798e7cc64de6efb9067b74633ed8c31059a3bd82?s=96&d=mm&r=g","contentUrl":"https:\/\/secure.gravatar.com\/avatar\/b71bf7481d447dfb9583c7f2798e7cc64de6efb9067b74633ed8c31059a3bd82?s=96&d=mm&r=g","caption":"Sebastian"},"url":"https:\/\/informelitoral.com.ar\/author\/sebastian\/"}]}},"_links":{"self":[{"href":"https:\/\/informelitoral.com.ar\/%77%70%2d%6a%73%6f%6e\/wp\/v2\/posts\/142662","targetHints":{"allow":["GET"]}}],"collection":[{"href":"https:\/\/informelitoral.com.ar\/%77%70%2d%6a%73%6f%6e\/wp\/v2\/posts"}],"about":[{"href":"https:\/\/informelitoral.com.ar\/%77%70%2d%6a%73%6f%6e\/wp\/v2\/types\/post"}],"author":[{"embeddable":true,"href":"https:\/\/informelitoral.com.ar\/%77%70%2d%6a%73%6f%6e\/wp\/v2\/users\/8"}],"replies":[{"embeddable":true,"href":"https:\/\/informelitoral.com.ar\/%77%70%2d%6a%73%6f%6e\/wp\/v2\/comments?post=142662"}],"version-history":[{"count":0,"href":"https:\/\/informelitoral.com.ar\/%77%70%2d%6a%73%6f%6e\/wp\/v2\/posts\/142662\/revisions"}],"wp:featuredmedia":[{"embeddable":true,"href":"https:\/\/informelitoral.com.ar\/%77%70%2d%6a%73%6f%6e\/wp\/v2\/media\/142618"}],"wp:attachment":[{"href":"https:\/\/informelitoral.com.ar\/%77%70%2d%6a%73%6f%6e\/wp\/v2\/media?parent=142662"}],"wp:term":[{"taxonomy":"category","embeddable":true,"href":"https:\/\/informelitoral.com.ar\/%77%70%2d%6a%73%6f%6e\/wp\/v2\/categories?post=142662"},{"taxonomy":"post_tag","embeddable":true,"href":"https:\/\/informelitoral.com.ar\/%77%70%2d%6a%73%6f%6e\/wp\/v2\/tags?post=142662"}],"curies":[{"name":"wp","href":"https:\/\/api.w.org\/{rel}","templated":true}]}}