{"id":142598,"date":"2023-04-27T08:15:33","date_gmt":"2023-04-27T11:15:33","guid":{"rendered":"https:\/\/www.informelitoral.com.ar\/?p=142598"},"modified":"2023-04-27T16:45:33","modified_gmt":"2023-04-27T19:45:33","slug":"bordet-avanzo-con-las-autoridades-de-vietnam-para-exportar-citrus-carne-porcina-e-impulsar-la-conexion-aerea","status":"publish","type":"post","link":"https:\/\/informelitoral.com.ar\/bordet-avanzo-con-las-autoridades-de-vietnam-para-exportar-citrus-carne-porcina-e-impulsar-la-conexion-aerea\/","title":{"rendered":"Bordet avanz\u00f3 con las autoridades de Vietnam para exportar citrus, carne porcina e impulsar la conexi\u00f3n a\u00e9rea"},"content":{"rendered":"<p>La actividad se concret\u00f3 este mi\u00e9rcoles en la sede del gobierno santafesino de Rosario, en el marco de la nueva Reuni\u00f3n Institucional de la Regi\u00f3n Centro, donde participaron los gobernadores de Entre R\u00edos,<strong> Gustavo Bordet<\/strong>, de Santa Fe,<strong> Omar Perotti<\/strong>, y de C\u00f3rdoba, <strong>Juan Schiaretti<\/strong>, junto a autoridades del gobierno de Vietnam.<\/p>\n<p>En ese marco tambi\u00e9n qued\u00f3 conformada la C\u00e1mara de Comercio e Industria entre Vietnam y la Regi\u00f3n Centro, la que ser\u00e1 presidida en la parte nacional por el entrerriano <strong>Sergio Dalzotto.<\/strong><\/p>\n<p>\u00abVietnam representa para nuestras exportaciones un destino muy importante. Poder tener un v\u00ednculo y una relaci\u00f3n personal tanto en Vietnam como en Argentina fortalece este proceso de integraci\u00f3n comercial que tambi\u00e9n es cultural y de hermandad. Sin dudas hoy dimos un paso important\u00edsimo para generar estos lazos comunes que durante 50 a\u00f1os ha tenido Argentina con Vietnam\u201d, asegur\u00f3 Bordet y mencion\u00f3 adem\u00e1s los buenos resultados obtenidos en la misi\u00f3n de la Regi\u00f3n Centro que encabez\u00f3 el a\u00f1o pasado en aquel pa\u00eds.<\/p>\n<p>Durante la actividad los gobernadores Gustavo Bordet, Omar Perotti y Juan Schiaretti hicieron conocer a la delegaci\u00f3n empresarial e institucional vietnamita las potencialidades de sus respectivas provincias buscando profundizar el comercio bilateral y el flujo de inversiones de la Regi\u00f3n Centro con Asia.<\/p>\n<p>En su discurso, Bordet record\u00f3 que particip\u00f3 en dos misiones comerciales a Vietnam, en 2018 y en noviembre del a\u00f1o pasado, y destac\u00f3 \u201cla hospitalidad del pueblo de Vietnam, tanto a nivel institucional como de los empresarios que participaron de la misi\u00f3n\u201d.<\/p>\n<p>Mencion\u00f3 como \u00abun hecho muy importante el estar cumpliendo 50 a\u00f1os de relaciones institucionales con la Rep\u00fablica de Vietnam\u201d, y rememor\u00f3 que \u201cArgentina fue de los primeros pa\u00edses en el mundo que reconoci\u00f3 en 1973 a Vietnam en su car\u00e1cter de Rep\u00fablica, despu\u00e9s de una larga lucha por su independencia\u201d.<\/p>\n<p>\u201cPoder estar celebrando los 50 a\u00f1os en nuestra Regi\u00f3n Centro es motivo de mucha satisfacci\u00f3n, porque nos unen lazos comerciales que posibilitan el intercambio entre los dos pa\u00edses, pero tambi\u00e9n hay profundos lazos de amistad y culturales, que estrechan v\u00ednculos\u201d, manifest\u00f3 el mandatario.<\/p>\n<p>En ese marco, consider\u00f3 que \u201cel hecho de haber estado el a\u00f1o pasado representando a la Regi\u00f3n Centro en Vietnam y poder estar nuevamente aqu\u00ed en Argentina participando de una reuni\u00f3n, es un paso important\u00edsimo en el afianzamiento de estas relaciones\u201d.<\/p>\n<p>Agradeci\u00f3 luego \u00ablas gestiones que se han hecho tendientes a posibilitar el ingreso de c\u00edtricos dulces de nuestra oferta exportable y tambi\u00e9n el inter\u00e9s que hab\u00eda marcado el primer ministro por tener una conexi\u00f3n a\u00e9rea entre Vietnam y la Argentina, lo cual ser\u00eda la primera plataforma para conectar a Asia con Am\u00e9rica del Sur y nuestro pa\u00eds\u00bb.<\/p>\n<p>Resalt\u00f3 asimismo el hecho de haber avanzado en la creaci\u00f3n de una C\u00e1mara de Comercio de Vietnam y de la Regi\u00f3n Centro, \u201clo cual estamos a punto de completar. Esto habla justamente del trabajo que hemos desarrollado entre las tres provincias y Ho Chi Min\u00bb.<\/p>\n<p>Tras la reuni\u00f3n, el gobernador particip\u00f3 de una conferencia de prensa donde volvi\u00f3 a destacar la importancia del encuentro.<\/p>\n<p>Record\u00f3 que el a\u00f1o pasado particip\u00f3 de la misi\u00f3n de la Regi\u00f3n Centro donde se plante\u00f3 la apertura de las exportaciones entrerrianas y de la regi\u00f3n en c\u00edtricos dulces y en carne porcina, \u201clo cual ha tenido un avance muy importante porque est\u00e1 a punto de salir\u201d.<\/p>\n<p>Agreg\u00f3 que tambi\u00e9n se hab\u00eda planteado la necesidad de una creaci\u00f3n de la C\u00e1mara Argentino-Vietnamita de Comercio y una C\u00e1mara de la Regi\u00f3n Centro de Comercio con la Rep\u00fablica de Vietnam, \u201clo que se est\u00e1 protocolizando en este acto\u00bb, inform\u00f3.<\/p>\n<p>Mencion\u00f3 asimismo el inter\u00e9s de Vietnam de establecer una conectividad a\u00e9rea con Argentina, y coment\u00f3 que \u201cen esta reuni\u00f3n hemos avanzado mucho en esa conexi\u00f3n\u201d.<\/p>\n<p>Finalmente, reiter\u00f3 la importancia de Vietnam como el destino de las exportaciones entrerrianas y dijo que \u201cfortalecer estos lazos de cooperaci\u00f3n y dar avance a estos procesos de integraci\u00f3n comercial significa un paso muy importante y un avance hacia esos objetivos que venimos trabajando planificadamente como Regi\u00f3n\u00bb.<\/p>\n<h4><b>Fortalecer v\u00ednculos<\/b><\/h4>\n<p>La comitiva extranjera estuvo encabezada por el presidente de la Asamblea Nacional de la Rep\u00fablica Socialista de Vietnam, Vuong Dinh Hue, quien explic\u00f3 que el motivo de esta visita \u201cno s\u00f3lo es para fortalecer los v\u00ednculos parlamentarios sino tambi\u00e9n para profundizar la relaci\u00f3n entre Vietnam y Argentina, con miras a establecer la asociaci\u00f3n estrat\u00e9gica y sectorial que se prev\u00e9 para la agroindustrial y la energ\u00eda, y a aumentar la cooperaci\u00f3n econ\u00f3mica y comercial en la relaci\u00f3n bilateral\u201d.<\/p>\n<p>Por otro lado, precis\u00f3 que las autoridades de ambos pa\u00edses acordaron que para 2025 el intercambio comercial entre Argentina y Vietnam se duplique. Puntualiz\u00f3 que para esa meta las provincias de Entre R\u00edos, Santa Fe y C\u00f3rdoba \u201cjuegan un papel muy importante\u201d, ya que entre las tres ocupan el 60 por ciento de las exportaciones argentinas a Vietnam.<\/p>\n<h4><b>C\u00e1mara de comercio e industria<\/b><\/h4>\n<p>Durante el encuentro se firm\u00f3 un memorando de entendimiento en el marco de la constituci\u00f3n de la C\u00e1mara de Comercio e Industria de Vietnam y de la Regi\u00f3n Centro cuyo objetivo es fortalecer y ampliar las relaciones comerciales y econ\u00f3micas.<\/p>\n<p>La entidad tendr\u00e1 integraci\u00f3n de las tres provincias de la Regi\u00f3n Centro, a trav\u00e9s de tres empresarios por cada una, siendo designado como presidente el entrerriano Sergio Dalzotto.<\/p>\n<p>El entendimiento mutuo establece, entre otros puntos, que las partes cooperar\u00e1n para mejorar y ampliar las relaciones comerciales y econ\u00f3micas entre las comunidades empresariales de Vietnam y Argentina; y que intercambiar\u00e1n peri\u00f3dicamente informaci\u00f3n y puntos de vista sobre la expansi\u00f3n del comercio y relaciones econ\u00f3micas entre los dos pa\u00edses..<\/p>\n<p>Tambi\u00e9n se indica que las partes se asistir\u00e1n mutuamente en la participaci\u00f3n en exposiciones comerciales, ferias, foros y seminarios o eventos similares dentro de su respectiva competencia, y que apoyar\u00e1n y fomentar\u00e1n el intercambio de delegaciones comerciales y misiones organizadas, as\u00ed como visitas de empresarios individualmente o en grupos entre los dos pa\u00edses.<\/p>\n<p>Asimismo, las partes contribuir\u00e1n a promover oportunidades comerciales y de inversi\u00f3n en sus respectivas \u00e1reas de especializaci\u00f3n.<\/p>\n","protected":false},"excerpt":{"rendered":"<p>El gobernador Gustavo Bordet se reuni\u00f3 con las autoridades de Vietnam en Rosario, el marco del encuentro de la Regi\u00f3n Centro. Repasaron el ingreso de productos entrerrianos al mercado vietnamita y la concreci\u00f3n de una ruta a\u00e9rea.<\/p>\n","protected":false},"author":8,"featured_media":142595,"comment_status":"open","ping_status":"open","sticky":false,"template":"","format":"standard","meta":{"fifu_image_url":"","fifu_image_alt":"","footnotes":""},"categories":[6],"tags":[81,83,167],"class_list":{"0":"post-142598","1":"post","2":"type-post","3":"status-publish","4":"format-standard","5":"has-post-thumbnail","7":"category-entre-rios","8":"tag-entre-rios","9":"tag-exportaciones","10":"tag-gustavo-bordet"},"yoast_head":"<title>Bordet avanz\u00f3 con las autoridades de Vietnam para exportar citrus, carne porcina e impulsar la conexi\u00f3n a\u00e9rea - Informe Litoral<\/title>\n<meta name=\"robots\" content=\"index, follow, max-snippet:-1, max-image-preview:large, max-video-preview:-1\" \/>\n<link rel=\"canonical\" href=\"https:\/\/informelitoral.com.ar\/bordet-avanzo-con-las-autoridades-de-vietnam-para-exportar-citrus-carne-porcina-e-impulsar-la-conexion-aerea\/\" \/>\n<meta property=\"og:locale\" content=\"es_ES\" \/>\n<meta property=\"og:type\" content=\"article\" \/>\n<meta property=\"og:title\" content=\"Bordet avanz\u00f3 con las autoridades de Vietnam para exportar citrus, carne porcina e impulsar la conexi\u00f3n a\u00e9rea - Informe Litoral\" \/>\n<meta property=\"og:description\" content=\"El gobernador Gustavo Bordet se reuni\u00f3 con las autoridades de Vietnam en Rosario, el marco del encuentro de la Regi\u00f3n Centro. Repasaron el ingreso de productos entrerrianos al mercado vietnamita y la concreci\u00f3n de una ruta a\u00e9rea.\" \/>\n<meta property=\"og:url\" content=\"https:\/\/informelitoral.com.ar\/bordet-avanzo-con-las-autoridades-de-vietnam-para-exportar-citrus-carne-porcina-e-impulsar-la-conexion-aerea\/\" \/>\n<meta property=\"og:site_name\" content=\"Informe Litoral\" \/>\n<meta property=\"article:publisher\" content=\"https:\/\/www.facebook.com\/informelitoral\/\" \/>\n<meta property=\"article:published_time\" content=\"2023-04-27T11:15:33+00:00\" \/>\n<meta property=\"article:modified_time\" content=\"2023-04-27T19:45:33+00:00\" \/>\n<meta property=\"og:image\" content=\"https:\/\/informelitoral.com.ar\/%77%70%2d%63%6f%6e%74%65%6e%74\/uploads\/2023\/04\/p_1682536417.jpg\" \/>\n\t<meta property=\"og:image:width\" content=\"1920\" \/>\n\t<meta property=\"og:image:height\" content=\"800\" \/>\n\t<meta property=\"og:image:type\" content=\"image\/jpeg\" \/>\n<meta name=\"author\" content=\"Sebastian\" \/>\n<meta name=\"twitter:card\" content=\"summary_large_image\" \/>\n<meta name=\"twitter:creator\" content=\"@InformeLitoral\" \/>\n<meta name=\"twitter:site\" content=\"@InformeLitoral\" \/>\n<meta name=\"twitter:label1\" content=\"Escrito por\" \/>\n\t<meta name=\"twitter:data1\" content=\"Sebastian\" \/>\n\t<meta name=\"twitter:label2\" content=\"Tiempo de lectura\" \/>\n\t<meta name=\"twitter:data2\" content=\"5 minutos\" \/>\n<script type=\"application\/ld+json\" class=\"yoast-schema-graph\">{\"@context\":\"https:\\\/\\\/schema.org\",\"@graph\":[{\"@type\":\"Article\",\"@id\":\"https:\\\/\\\/informelitoral.com.ar\\\/bordet-avanzo-con-las-autoridades-de-vietnam-para-exportar-citrus-carne-porcina-e-impulsar-la-conexion-aerea\\\/#article\",\"isPartOf\":{\"@id\":\"https:\\\/\\\/informelitoral.com.ar\\\/bordet-avanzo-con-las-autoridades-de-vietnam-para-exportar-citrus-carne-porcina-e-impulsar-la-conexion-aerea\\\/\"},\"author\":{\"name\":\"Sebastian\",\"@id\":\"https:\\\/\\\/informelitoral.com.ar\\\/#\\\/schema\\\/person\\\/f05f9f461677119578717524b127d6d5\"},\"headline\":\"Bordet avanz\u00f3 con las autoridades de Vietnam para exportar citrus, carne porcina e impulsar la conexi\u00f3n a\u00e9rea\",\"datePublished\":\"2023-04-27T11:15:33+00:00\",\"dateModified\":\"2023-04-27T19:45:33+00:00\",\"mainEntityOfPage\":{\"@id\":\"https:\\\/\\\/informelitoral.com.ar\\\/bordet-avanzo-con-las-autoridades-de-vietnam-para-exportar-citrus-carne-porcina-e-impulsar-la-conexion-aerea\\\/\"},\"wordCount\":1115,\"commentCount\":0,\"publisher\":{\"@id\":\"https:\\\/\\\/informelitoral.com.ar\\\/#organization\"},\"image\":{\"@id\":\"https:\\\/\\\/informelitoral.com.ar\\\/bordet-avanzo-con-las-autoridades-de-vietnam-para-exportar-citrus-carne-porcina-e-impulsar-la-conexion-aerea\\\/#primaryimage\"},\"thumbnailUrl\":\"https:\\\/\\\/informelitoral.com.ar\\\/%77%70%2d%63%6f%6e%74%65%6e%74\\\/uploads\\\/2023\\\/04\\\/p_1682536417.jpg\",\"keywords\":[\"Entre R\u00edos\",\"Exportaciones\",\"Gustavo Bordet\"],\"articleSection\":[\"Entre R\u00edos\"],\"inLanguage\":\"es\",\"potentialAction\":[{\"@type\":\"CommentAction\",\"name\":\"Comment\",\"target\":[\"https:\\\/\\\/informelitoral.com.ar\\\/bordet-avanzo-con-las-autoridades-de-vietnam-para-exportar-citrus-carne-porcina-e-impulsar-la-conexion-aerea\\\/#respond\"]}]},{\"@type\":\"WebPage\",\"@id\":\"https:\\\/\\\/informelitoral.com.ar\\\/bordet-avanzo-con-las-autoridades-de-vietnam-para-exportar-citrus-carne-porcina-e-impulsar-la-conexion-aerea\\\/\",\"url\":\"https:\\\/\\\/informelitoral.com.ar\\\/bordet-avanzo-con-las-autoridades-de-vietnam-para-exportar-citrus-carne-porcina-e-impulsar-la-conexion-aerea\\\/\",\"name\":\"Bordet avanz\u00f3 con las autoridades de Vietnam para exportar citrus, carne porcina e impulsar la conexi\u00f3n a\u00e9rea - Informe Litoral\",\"isPartOf\":{\"@id\":\"https:\\\/\\\/informelitoral.com.ar\\\/#website\"},\"primaryImageOfPage\":{\"@id\":\"https:\\\/\\\/informelitoral.com.ar\\\/bordet-avanzo-con-las-autoridades-de-vietnam-para-exportar-citrus-carne-porcina-e-impulsar-la-conexion-aerea\\\/#primaryimage\"},\"image\":{\"@id\":\"https:\\\/\\\/informelitoral.com.ar\\\/bordet-avanzo-con-las-autoridades-de-vietnam-para-exportar-citrus-carne-porcina-e-impulsar-la-conexion-aerea\\\/#primaryimage\"},\"thumbnailUrl\":\"https:\\\/\\\/informelitoral.com.ar\\\/%77%70%2d%63%6f%6e%74%65%6e%74\\\/uploads\\\/2023\\\/04\\\/p_1682536417.jpg\",\"datePublished\":\"2023-04-27T11:15:33+00:00\",\"dateModified\":\"2023-04-27T19:45:33+00:00\",\"breadcrumb\":{\"@id\":\"https:\\\/\\\/informelitoral.com.ar\\\/bordet-avanzo-con-las-autoridades-de-vietnam-para-exportar-citrus-carne-porcina-e-impulsar-la-conexion-aerea\\\/#breadcrumb\"},\"inLanguage\":\"es\",\"potentialAction\":[{\"@type\":\"ReadAction\",\"target\":[\"https:\\\/\\\/informelitoral.com.ar\\\/bordet-avanzo-con-las-autoridades-de-vietnam-para-exportar-citrus-carne-porcina-e-impulsar-la-conexion-aerea\\\/\"]}]},{\"@type\":\"ImageObject\",\"inLanguage\":\"es\",\"@id\":\"https:\\\/\\\/informelitoral.com.ar\\\/bordet-avanzo-con-las-autoridades-de-vietnam-para-exportar-citrus-carne-porcina-e-impulsar-la-conexion-aerea\\\/#primaryimage\",\"url\":\"https:\\\/\\\/informelitoral.com.ar\\\/%77%70%2d%63%6f%6e%74%65%6e%74\\\/uploads\\\/2023\\\/04\\\/p_1682536417.jpg\",\"contentUrl\":\"https:\\\/\\\/informelitoral.com.ar\\\/%77%70%2d%63%6f%6e%74%65%6e%74\\\/uploads\\\/2023\\\/04\\\/p_1682536417.jpg\",\"width\":1920,\"height\":800},{\"@type\":\"BreadcrumbList\",\"@id\":\"https:\\\/\\\/informelitoral.com.ar\\\/bordet-avanzo-con-las-autoridades-de-vietnam-para-exportar-citrus-carne-porcina-e-impulsar-la-conexion-aerea\\\/#breadcrumb\",\"itemListElement\":[{\"@type\":\"ListItem\",\"position\":1,\"name\":\"Portada\",\"item\":\"https:\\\/\\\/informelitoral.com.ar\\\/\"},{\"@type\":\"ListItem\",\"position\":2,\"name\":\"Bordet avanz\u00f3 con las autoridades de Vietnam para exportar citrus, carne porcina e impulsar la conexi\u00f3n a\u00e9rea\"}]},{\"@type\":\"WebSite\",\"@id\":\"https:\\\/\\\/informelitoral.com.ar\\\/#website\",\"url\":\"https:\\\/\\\/informelitoral.com.ar\\\/\",\"name\":\"Informe Litoral\",\"description\":\"&quot;Nos informamos&quot; \",\"publisher\":{\"@id\":\"https:\\\/\\\/informelitoral.com.ar\\\/#organization\"},\"potentialAction\":[{\"@type\":\"SearchAction\",\"target\":{\"@type\":\"EntryPoint\",\"urlTemplate\":\"https:\\\/\\\/informelitoral.com.ar\\\/?s={search_term_string}\"},\"query-input\":{\"@type\":\"PropertyValueSpecification\",\"valueRequired\":true,\"valueName\":\"search_term_string\"}}],\"inLanguage\":\"es\"},{\"@type\":\"Organization\",\"@id\":\"https:\\\/\\\/informelitoral.com.ar\\\/#organization\",\"name\":\"Informe Litoral\",\"url\":\"https:\\\/\\\/informelitoral.com.ar\\\/\",\"logo\":{\"@type\":\"ImageObject\",\"inLanguage\":\"es\",\"@id\":\"https:\\\/\\\/informelitoral.com.ar\\\/#\\\/schema\\\/logo\\\/image\\\/\",\"url\":\"https:\\\/\\\/informelitoral.com.ar\\\/%77%70%2d%63%6f%6e%74%65%6e%74\\\/uploads\\\/2021\\\/01\\\/circulo.png\",\"contentUrl\":\"https:\\\/\\\/informelitoral.com.ar\\\/%77%70%2d%63%6f%6e%74%65%6e%74\\\/uploads\\\/2021\\\/01\\\/circulo.png\",\"width\":723,\"height\":731,\"caption\":\"Informe Litoral\"},\"image\":{\"@id\":\"https:\\\/\\\/informelitoral.com.ar\\\/#\\\/schema\\\/logo\\\/image\\\/\"},\"sameAs\":[\"https:\\\/\\\/www.facebook.com\\\/informelitoral\\\/\",\"https:\\\/\\\/x.com\\\/InformeLitoral\",\"https:\\\/\\\/www.instagram.com\\\/informelitoral\\\/\",\"https:\\\/\\\/www.youtube.com\\\/channel\\\/UCua4Qvz8Icb6MYqhoq9xLXw\"]},{\"@type\":\"Person\",\"@id\":\"https:\\\/\\\/informelitoral.com.ar\\\/#\\\/schema\\\/person\\\/f05f9f461677119578717524b127d6d5\",\"name\":\"Sebastian\",\"image\":{\"@type\":\"ImageObject\",\"inLanguage\":\"es\",\"@id\":\"https:\\\/\\\/secure.gravatar.com\\\/avatar\\\/b71bf7481d447dfb9583c7f2798e7cc64de6efb9067b74633ed8c31059a3bd82?s=96&d=mm&r=g\",\"url\":\"https:\\\/\\\/secure.gravatar.com\\\/avatar\\\/b71bf7481d447dfb9583c7f2798e7cc64de6efb9067b74633ed8c31059a3bd82?s=96&d=mm&r=g\",\"contentUrl\":\"https:\\\/\\\/secure.gravatar.com\\\/avatar\\\/b71bf7481d447dfb9583c7f2798e7cc64de6efb9067b74633ed8c31059a3bd82?s=96&d=mm&r=g\",\"caption\":\"Sebastian\"},\"url\":\"https:\\\/\\\/informelitoral.com.ar\\\/author\\\/sebastian\\\/\"}]}<\/script>","yoast_head_json":{"title":"Bordet avanz\u00f3 con las autoridades de Vietnam para exportar citrus, carne porcina e impulsar la conexi\u00f3n a\u00e9rea - Informe Litoral","robots":{"index":"index","follow":"follow","max-snippet":"max-snippet:-1","max-image-preview":"max-image-preview:large","max-video-preview":"max-video-preview:-1"},"canonical":"https:\/\/informelitoral.com.ar\/bordet-avanzo-con-las-autoridades-de-vietnam-para-exportar-citrus-carne-porcina-e-impulsar-la-conexion-aerea\/","og_locale":"es_ES","og_type":"article","og_title":"Bordet avanz\u00f3 con las autoridades de Vietnam para exportar citrus, carne porcina e impulsar la conexi\u00f3n a\u00e9rea - Informe Litoral","og_description":"El gobernador Gustavo Bordet se reuni\u00f3 con las autoridades de Vietnam en Rosario, el marco del encuentro de la Regi\u00f3n Centro. Repasaron el ingreso de productos entrerrianos al mercado vietnamita y la concreci\u00f3n de una ruta a\u00e9rea.","og_url":"https:\/\/informelitoral.com.ar\/bordet-avanzo-con-las-autoridades-de-vietnam-para-exportar-citrus-carne-porcina-e-impulsar-la-conexion-aerea\/","og_site_name":"Informe Litoral","article_publisher":"https:\/\/www.facebook.com\/informelitoral\/","article_published_time":"2023-04-27T11:15:33+00:00","article_modified_time":"2023-04-27T19:45:33+00:00","og_image":[{"width":1920,"height":800,"url":"https:\/\/informelitoral.com.ar\/%77%70%2d%63%6f%6e%74%65%6e%74\/uploads\/2023\/04\/p_1682536417.jpg","type":"image\/jpeg"}],"author":"Sebastian","twitter_card":"summary_large_image","twitter_creator":"@InformeLitoral","twitter_site":"@InformeLitoral","twitter_misc":{"Escrito por":"Sebastian","Tiempo de lectura":"5 minutos"},"schema":{"@context":"https:\/\/schema.org","@graph":[{"@type":"Article","@id":"https:\/\/informelitoral.com.ar\/bordet-avanzo-con-las-autoridades-de-vietnam-para-exportar-citrus-carne-porcina-e-impulsar-la-conexion-aerea\/#article","isPartOf":{"@id":"https:\/\/informelitoral.com.ar\/bordet-avanzo-con-las-autoridades-de-vietnam-para-exportar-citrus-carne-porcina-e-impulsar-la-conexion-aerea\/"},"author":{"name":"Sebastian","@id":"https:\/\/informelitoral.com.ar\/#\/schema\/person\/f05f9f461677119578717524b127d6d5"},"headline":"Bordet avanz\u00f3 con las autoridades de Vietnam para exportar citrus, carne porcina e impulsar la conexi\u00f3n a\u00e9rea","datePublished":"2023-04-27T11:15:33+00:00","dateModified":"2023-04-27T19:45:33+00:00","mainEntityOfPage":{"@id":"https:\/\/informelitoral.com.ar\/bordet-avanzo-con-las-autoridades-de-vietnam-para-exportar-citrus-carne-porcina-e-impulsar-la-conexion-aerea\/"},"wordCount":1115,"commentCount":0,"publisher":{"@id":"https:\/\/informelitoral.com.ar\/#organization"},"image":{"@id":"https:\/\/informelitoral.com.ar\/bordet-avanzo-con-las-autoridades-de-vietnam-para-exportar-citrus-carne-porcina-e-impulsar-la-conexion-aerea\/#primaryimage"},"thumbnailUrl":"https:\/\/informelitoral.com.ar\/%77%70%2d%63%6f%6e%74%65%6e%74\/uploads\/2023\/04\/p_1682536417.jpg","keywords":["Entre R\u00edos","Exportaciones","Gustavo Bordet"],"articleSection":["Entre R\u00edos"],"inLanguage":"es","potentialAction":[{"@type":"CommentAction","name":"Comment","target":["https:\/\/informelitoral.com.ar\/bordet-avanzo-con-las-autoridades-de-vietnam-para-exportar-citrus-carne-porcina-e-impulsar-la-conexion-aerea\/#respond"]}]},{"@type":"WebPage","@id":"https:\/\/informelitoral.com.ar\/bordet-avanzo-con-las-autoridades-de-vietnam-para-exportar-citrus-carne-porcina-e-impulsar-la-conexion-aerea\/","url":"https:\/\/informelitoral.com.ar\/bordet-avanzo-con-las-autoridades-de-vietnam-para-exportar-citrus-carne-porcina-e-impulsar-la-conexion-aerea\/","name":"Bordet avanz\u00f3 con las autoridades de Vietnam para exportar citrus, carne porcina e impulsar la conexi\u00f3n a\u00e9rea - Informe Litoral","isPartOf":{"@id":"https:\/\/informelitoral.com.ar\/#website"},"primaryImageOfPage":{"@id":"https:\/\/informelitoral.com.ar\/bordet-avanzo-con-las-autoridades-de-vietnam-para-exportar-citrus-carne-porcina-e-impulsar-la-conexion-aerea\/#primaryimage"},"image":{"@id":"https:\/\/informelitoral.com.ar\/bordet-avanzo-con-las-autoridades-de-vietnam-para-exportar-citrus-carne-porcina-e-impulsar-la-conexion-aerea\/#primaryimage"},"thumbnailUrl":"https:\/\/informelitoral.com.ar\/%77%70%2d%63%6f%6e%74%65%6e%74\/uploads\/2023\/04\/p_1682536417.jpg","datePublished":"2023-04-27T11:15:33+00:00","dateModified":"2023-04-27T19:45:33+00:00","breadcrumb":{"@id":"https:\/\/informelitoral.com.ar\/bordet-avanzo-con-las-autoridades-de-vietnam-para-exportar-citrus-carne-porcina-e-impulsar-la-conexion-aerea\/#breadcrumb"},"inLanguage":"es","potentialAction":[{"@type":"ReadAction","target":["https:\/\/informelitoral.com.ar\/bordet-avanzo-con-las-autoridades-de-vietnam-para-exportar-citrus-carne-porcina-e-impulsar-la-conexion-aerea\/"]}]},{"@type":"ImageObject","inLanguage":"es","@id":"https:\/\/informelitoral.com.ar\/bordet-avanzo-con-las-autoridades-de-vietnam-para-exportar-citrus-carne-porcina-e-impulsar-la-conexion-aerea\/#primaryimage","url":"https:\/\/informelitoral.com.ar\/%77%70%2d%63%6f%6e%74%65%6e%74\/uploads\/2023\/04\/p_1682536417.jpg","contentUrl":"https:\/\/informelitoral.com.ar\/%77%70%2d%63%6f%6e%74%65%6e%74\/uploads\/2023\/04\/p_1682536417.jpg","width":1920,"height":800},{"@type":"BreadcrumbList","@id":"https:\/\/informelitoral.com.ar\/bordet-avanzo-con-las-autoridades-de-vietnam-para-exportar-citrus-carne-porcina-e-impulsar-la-conexion-aerea\/#breadcrumb","itemListElement":[{"@type":"ListItem","position":1,"name":"Portada","item":"https:\/\/informelitoral.com.ar\/"},{"@type":"ListItem","position":2,"name":"Bordet avanz\u00f3 con las autoridades de Vietnam para exportar citrus, carne porcina e impulsar la conexi\u00f3n a\u00e9rea"}]},{"@type":"WebSite","@id":"https:\/\/informelitoral.com.ar\/#website","url":"https:\/\/informelitoral.com.ar\/","name":"Informe Litoral","description":"&quot;Nos informamos&quot; ","publisher":{"@id":"https:\/\/informelitoral.com.ar\/#organization"},"potentialAction":[{"@type":"SearchAction","target":{"@type":"EntryPoint","urlTemplate":"https:\/\/informelitoral.com.ar\/?s={search_term_string}"},"query-input":{"@type":"PropertyValueSpecification","valueRequired":true,"valueName":"search_term_string"}}],"inLanguage":"es"},{"@type":"Organization","@id":"https:\/\/informelitoral.com.ar\/#organization","name":"Informe Litoral","url":"https:\/\/informelitoral.com.ar\/","logo":{"@type":"ImageObject","inLanguage":"es","@id":"https:\/\/informelitoral.com.ar\/#\/schema\/logo\/image\/","url":"https:\/\/informelitoral.com.ar\/%77%70%2d%63%6f%6e%74%65%6e%74\/uploads\/2021\/01\/circulo.png","contentUrl":"https:\/\/informelitoral.com.ar\/%77%70%2d%63%6f%6e%74%65%6e%74\/uploads\/2021\/01\/circulo.png","width":723,"height":731,"caption":"Informe Litoral"},"image":{"@id":"https:\/\/informelitoral.com.ar\/#\/schema\/logo\/image\/"},"sameAs":["https:\/\/www.facebook.com\/informelitoral\/","https:\/\/x.com\/InformeLitoral","https:\/\/www.instagram.com\/informelitoral\/","https:\/\/www.youtube.com\/channel\/UCua4Qvz8Icb6MYqhoq9xLXw"]},{"@type":"Person","@id":"https:\/\/informelitoral.com.ar\/#\/schema\/person\/f05f9f461677119578717524b127d6d5","name":"Sebastian","image":{"@type":"ImageObject","inLanguage":"es","@id":"https:\/\/secure.gravatar.com\/avatar\/b71bf7481d447dfb9583c7f2798e7cc64de6efb9067b74633ed8c31059a3bd82?s=96&d=mm&r=g","url":"https:\/\/secure.gravatar.com\/avatar\/b71bf7481d447dfb9583c7f2798e7cc64de6efb9067b74633ed8c31059a3bd82?s=96&d=mm&r=g","contentUrl":"https:\/\/secure.gravatar.com\/avatar\/b71bf7481d447dfb9583c7f2798e7cc64de6efb9067b74633ed8c31059a3bd82?s=96&d=mm&r=g","caption":"Sebastian"},"url":"https:\/\/informelitoral.com.ar\/author\/sebastian\/"}]}},"_links":{"self":[{"href":"https:\/\/informelitoral.com.ar\/%77%70%2d%6a%73%6f%6e\/wp\/v2\/posts\/142598","targetHints":{"allow":["GET"]}}],"collection":[{"href":"https:\/\/informelitoral.com.ar\/%77%70%2d%6a%73%6f%6e\/wp\/v2\/posts"}],"about":[{"href":"https:\/\/informelitoral.com.ar\/%77%70%2d%6a%73%6f%6e\/wp\/v2\/types\/post"}],"author":[{"embeddable":true,"href":"https:\/\/informelitoral.com.ar\/%77%70%2d%6a%73%6f%6e\/wp\/v2\/users\/8"}],"replies":[{"embeddable":true,"href":"https:\/\/informelitoral.com.ar\/%77%70%2d%6a%73%6f%6e\/wp\/v2\/comments?post=142598"}],"version-history":[{"count":0,"href":"https:\/\/informelitoral.com.ar\/%77%70%2d%6a%73%6f%6e\/wp\/v2\/posts\/142598\/revisions"}],"wp:featuredmedia":[{"embeddable":true,"href":"https:\/\/informelitoral.com.ar\/%77%70%2d%6a%73%6f%6e\/wp\/v2\/media\/142595"}],"wp:attachment":[{"href":"https:\/\/informelitoral.com.ar\/%77%70%2d%6a%73%6f%6e\/wp\/v2\/media?parent=142598"}],"wp:term":[{"taxonomy":"category","embeddable":true,"href":"https:\/\/informelitoral.com.ar\/%77%70%2d%6a%73%6f%6e\/wp\/v2\/categories?post=142598"},{"taxonomy":"post_tag","embeddable":true,"href":"https:\/\/informelitoral.com.ar\/%77%70%2d%6a%73%6f%6e\/wp\/v2\/tags?post=142598"}],"curies":[{"name":"wp","href":"https:\/\/api.w.org\/{rel}","templated":true}]}}