{"id":142567,"date":"2023-04-27T07:14:34","date_gmt":"2023-04-27T10:14:34","guid":{"rendered":"https:\/\/www.informelitoral.com.ar\/?p=142567"},"modified":"2023-04-27T07:24:00","modified_gmt":"2023-04-27T10:24:00","slug":"suben-las-temperaturas-en-entre-rios-y-hay-alerta-por-niebla-en-algunas-zonas","status":"publish","type":"post","link":"https:\/\/informelitoral.com.ar\/suben-las-temperaturas-en-entre-rios-y-hay-alerta-por-niebla-en-algunas-zonas\/","title":{"rendered":"Suben las temperaturas en Entre R\u00edos y hay alerta por niebla en algunas zonas"},"content":{"rendered":"<p>Seg\u00fan el Servicio Meteorol\u00f3gico Nacional (SMN) inform\u00f3 que, para toda la regi\u00f3n, este jueves se espera un d\u00eda con un denso manto de niebla, con una humedad del 70% y las temperaturas m\u00ednimas ser\u00e1n de 15\u00b0 mientras que las m\u00e1ximas rondar\u00e1n los 26\u00b0, con viento soplando del sector norte\/noreste.<\/p>\n<p>Las temperaturas se ir\u00edan incrementando paulatinamente, manteniendo siempre buenas condiciones que se mantendr\u00edan hasta por lo menos finales del pr\u00f3ximo domingo o comienzos del lunes, cuando llegue a nuestra regi\u00f3n un sistema frontal fr\u00edo desde el sur del pa\u00eds.<\/p>\n<p>El organismo emiti\u00f3 una alerta violeta por nieblas para Para Entre R\u00edos, Corrientes, Santa Fe y Buenos Aires. Se trata de un aviso que anticipa que \u201cse esperan fen\u00f3menos que pueden representar inconvenientes o dificultades en el normal desenvolvimiento en la vida social\u201d.<\/p>\n<p>De acuerdo con el organismo, el \u00e1rea ser\u00e1 afectada por bancos de niebla y neblinas que generar\u00e1n una importante reducci\u00f3n de visibilidad durante la ma\u00f1ana.<\/p>\n","protected":false},"excerpt":{"rendered":"<p>Una masa de aire cliente se afianza sobre sobre gran parte del pa\u00eds provocando un aumento de las temperaturas. Se prev\u00e9 que el resto de la semana permanecer\u00e1n los con d\u00edas \u201cc\u00e1lidos\u201d.<\/p>\n","protected":false},"author":2,"featured_media":79086,"comment_status":"open","ping_status":"open","sticky":false,"template":"","format":"standard","meta":{"fifu_image_url":"","fifu_image_alt":"","footnotes":""},"categories":[6],"tags":[38,2759,113],"class_list":{"0":"post-142567","1":"post","2":"type-post","3":"status-publish","4":"format-standard","5":"has-post-thumbnail","7":"category-entre-rios","8":"tag-el-tiempo","9":"tag-pronostico-del-tiempo","10":"tag-smn"},"yoast_head":"<title>Suben las temperaturas en Entre R\u00edos y hay alerta por niebla en algunas zonas - Informe Litoral<\/title>\n<meta name=\"robots\" content=\"index, follow, max-snippet:-1, max-image-preview:large, max-video-preview:-1\" \/>\n<link rel=\"canonical\" href=\"https:\/\/informelitoral.com.ar\/suben-las-temperaturas-en-entre-rios-y-hay-alerta-por-niebla-en-algunas-zonas\/\" \/>\n<meta property=\"og:locale\" content=\"es_ES\" \/>\n<meta property=\"og:type\" content=\"article\" \/>\n<meta property=\"og:title\" content=\"Suben las temperaturas en Entre R\u00edos y hay alerta por niebla en algunas zonas - Informe Litoral\" \/>\n<meta property=\"og:description\" content=\"Una masa de aire cliente se afianza sobre sobre gran parte del pa\u00eds provocando un aumento de las temperaturas. Se prev\u00e9 que el resto de la semana permanecer\u00e1n los con d\u00edas \u201cc\u00e1lidos\u201d.\" \/>\n<meta property=\"og:url\" content=\"https:\/\/informelitoral.com.ar\/suben-las-temperaturas-en-entre-rios-y-hay-alerta-por-niebla-en-algunas-zonas\/\" \/>\n<meta property=\"og:site_name\" content=\"Informe Litoral\" \/>\n<meta property=\"article:publisher\" content=\"https:\/\/www.facebook.com\/informelitoral\/\" \/>\n<meta property=\"article:published_time\" content=\"2023-04-27T10:14:34+00:00\" \/>\n<meta property=\"article:modified_time\" content=\"2023-04-27T10:24:00+00:00\" \/>\n<meta property=\"og:image\" content=\"https:\/\/informelitoral.com.ar\/%77%70%2d%63%6f%6e%74%65%6e%74\/uploads\/2022\/06\/tipos-y-nombres-de-nieblas-293051-1_1024.jpg\" \/>\n\t<meta property=\"og:image:width\" content=\"1024\" \/>\n\t<meta property=\"og:image:height\" content=\"755\" \/>\n\t<meta property=\"og:image:type\" content=\"image\/jpeg\" \/>\n<meta name=\"author\" content=\"Gonzalo Schmidt\" \/>\n<meta name=\"twitter:card\" content=\"summary_large_image\" \/>\n<meta name=\"twitter:creator\" content=\"@InformeLitoral\" \/>\n<meta name=\"twitter:site\" content=\"@InformeLitoral\" \/>\n<meta name=\"twitter:label1\" content=\"Escrito por\" \/>\n\t<meta name=\"twitter:data1\" content=\"Gonzalo Schmidt\" \/>\n\t<meta name=\"twitter:label2\" content=\"Tiempo de lectura\" \/>\n\t<meta name=\"twitter:data2\" content=\"1 minuto\" \/>\n<script type=\"application\/ld+json\" class=\"yoast-schema-graph\">{\"@context\":\"https:\\\/\\\/schema.org\",\"@graph\":[{\"@type\":\"Article\",\"@id\":\"https:\\\/\\\/informelitoral.com.ar\\\/suben-las-temperaturas-en-entre-rios-y-hay-alerta-por-niebla-en-algunas-zonas\\\/#article\",\"isPartOf\":{\"@id\":\"https:\\\/\\\/informelitoral.com.ar\\\/suben-las-temperaturas-en-entre-rios-y-hay-alerta-por-niebla-en-algunas-zonas\\\/\"},\"author\":{\"name\":\"Gonzalo Schmidt\",\"@id\":\"https:\\\/\\\/informelitoral.com.ar\\\/#\\\/schema\\\/person\\\/b9d00407c836482871ef1d57bf8e3180\"},\"headline\":\"Suben las temperaturas en Entre R\u00edos y hay alerta por niebla en algunas zonas\",\"datePublished\":\"2023-04-27T10:14:34+00:00\",\"dateModified\":\"2023-04-27T10:24:00+00:00\",\"mainEntityOfPage\":{\"@id\":\"https:\\\/\\\/informelitoral.com.ar\\\/suben-las-temperaturas-en-entre-rios-y-hay-alerta-por-niebla-en-algunas-zonas\\\/\"},\"wordCount\":188,\"commentCount\":0,\"publisher\":{\"@id\":\"https:\\\/\\\/informelitoral.com.ar\\\/#organization\"},\"image\":{\"@id\":\"https:\\\/\\\/informelitoral.com.ar\\\/suben-las-temperaturas-en-entre-rios-y-hay-alerta-por-niebla-en-algunas-zonas\\\/#primaryimage\"},\"thumbnailUrl\":\"https:\\\/\\\/informelitoral.com.ar\\\/%77%70%2d%63%6f%6e%74%65%6e%74\\\/uploads\\\/2022\\\/06\\\/tipos-y-nombres-de-nieblas-293051-1_1024.jpg\",\"keywords\":[\"El tiempo\",\"Pron\u00f3stico del tiempo\",\"SMN\"],\"articleSection\":[\"Entre R\u00edos\"],\"inLanguage\":\"es\",\"potentialAction\":[{\"@type\":\"CommentAction\",\"name\":\"Comment\",\"target\":[\"https:\\\/\\\/informelitoral.com.ar\\\/suben-las-temperaturas-en-entre-rios-y-hay-alerta-por-niebla-en-algunas-zonas\\\/#respond\"]}]},{\"@type\":\"WebPage\",\"@id\":\"https:\\\/\\\/informelitoral.com.ar\\\/suben-las-temperaturas-en-entre-rios-y-hay-alerta-por-niebla-en-algunas-zonas\\\/\",\"url\":\"https:\\\/\\\/informelitoral.com.ar\\\/suben-las-temperaturas-en-entre-rios-y-hay-alerta-por-niebla-en-algunas-zonas\\\/\",\"name\":\"Suben las temperaturas en Entre R\u00edos y hay alerta por niebla en algunas zonas - Informe Litoral\",\"isPartOf\":{\"@id\":\"https:\\\/\\\/informelitoral.com.ar\\\/#website\"},\"primaryImageOfPage\":{\"@id\":\"https:\\\/\\\/informelitoral.com.ar\\\/suben-las-temperaturas-en-entre-rios-y-hay-alerta-por-niebla-en-algunas-zonas\\\/#primaryimage\"},\"image\":{\"@id\":\"https:\\\/\\\/informelitoral.com.ar\\\/suben-las-temperaturas-en-entre-rios-y-hay-alerta-por-niebla-en-algunas-zonas\\\/#primaryimage\"},\"thumbnailUrl\":\"https:\\\/\\\/informelitoral.com.ar\\\/%77%70%2d%63%6f%6e%74%65%6e%74\\\/uploads\\\/2022\\\/06\\\/tipos-y-nombres-de-nieblas-293051-1_1024.jpg\",\"datePublished\":\"2023-04-27T10:14:34+00:00\",\"dateModified\":\"2023-04-27T10:24:00+00:00\",\"breadcrumb\":{\"@id\":\"https:\\\/\\\/informelitoral.com.ar\\\/suben-las-temperaturas-en-entre-rios-y-hay-alerta-por-niebla-en-algunas-zonas\\\/#breadcrumb\"},\"inLanguage\":\"es\",\"potentialAction\":[{\"@type\":\"ReadAction\",\"target\":[\"https:\\\/\\\/informelitoral.com.ar\\\/suben-las-temperaturas-en-entre-rios-y-hay-alerta-por-niebla-en-algunas-zonas\\\/\"]}]},{\"@type\":\"ImageObject\",\"inLanguage\":\"es\",\"@id\":\"https:\\\/\\\/informelitoral.com.ar\\\/suben-las-temperaturas-en-entre-rios-y-hay-alerta-por-niebla-en-algunas-zonas\\\/#primaryimage\",\"url\":\"https:\\\/\\\/informelitoral.com.ar\\\/%77%70%2d%63%6f%6e%74%65%6e%74\\\/uploads\\\/2022\\\/06\\\/tipos-y-nombres-de-nieblas-293051-1_1024.jpg\",\"contentUrl\":\"https:\\\/\\\/informelitoral.com.ar\\\/%77%70%2d%63%6f%6e%74%65%6e%74\\\/uploads\\\/2022\\\/06\\\/tipos-y-nombres-de-nieblas-293051-1_1024.jpg\",\"width\":1024,\"height\":755},{\"@type\":\"BreadcrumbList\",\"@id\":\"https:\\\/\\\/informelitoral.com.ar\\\/suben-las-temperaturas-en-entre-rios-y-hay-alerta-por-niebla-en-algunas-zonas\\\/#breadcrumb\",\"itemListElement\":[{\"@type\":\"ListItem\",\"position\":1,\"name\":\"Portada\",\"item\":\"https:\\\/\\\/informelitoral.com.ar\\\/\"},{\"@type\":\"ListItem\",\"position\":2,\"name\":\"Suben las temperaturas en Entre R\u00edos y hay alerta por niebla en algunas zonas\"}]},{\"@type\":\"WebSite\",\"@id\":\"https:\\\/\\\/informelitoral.com.ar\\\/#website\",\"url\":\"https:\\\/\\\/informelitoral.com.ar\\\/\",\"name\":\"Informe Litoral\",\"description\":\"&quot;Nos informamos&quot; \",\"publisher\":{\"@id\":\"https:\\\/\\\/informelitoral.com.ar\\\/#organization\"},\"potentialAction\":[{\"@type\":\"SearchAction\",\"target\":{\"@type\":\"EntryPoint\",\"urlTemplate\":\"https:\\\/\\\/informelitoral.com.ar\\\/?s={search_term_string}\"},\"query-input\":{\"@type\":\"PropertyValueSpecification\",\"valueRequired\":true,\"valueName\":\"search_term_string\"}}],\"inLanguage\":\"es\"},{\"@type\":\"Organization\",\"@id\":\"https:\\\/\\\/informelitoral.com.ar\\\/#organization\",\"name\":\"Informe Litoral\",\"url\":\"https:\\\/\\\/informelitoral.com.ar\\\/\",\"logo\":{\"@type\":\"ImageObject\",\"inLanguage\":\"es\",\"@id\":\"https:\\\/\\\/informelitoral.com.ar\\\/#\\\/schema\\\/logo\\\/image\\\/\",\"url\":\"https:\\\/\\\/informelitoral.com.ar\\\/%77%70%2d%63%6f%6e%74%65%6e%74\\\/uploads\\\/2021\\\/01\\\/circulo.png\",\"contentUrl\":\"https:\\\/\\\/informelitoral.com.ar\\\/%77%70%2d%63%6f%6e%74%65%6e%74\\\/uploads\\\/2021\\\/01\\\/circulo.png\",\"width\":723,\"height\":731,\"caption\":\"Informe Litoral\"},\"image\":{\"@id\":\"https:\\\/\\\/informelitoral.com.ar\\\/#\\\/schema\\\/logo\\\/image\\\/\"},\"sameAs\":[\"https:\\\/\\\/www.facebook.com\\\/informelitoral\\\/\",\"https:\\\/\\\/x.com\\\/InformeLitoral\",\"https:\\\/\\\/www.instagram.com\\\/informelitoral\\\/\",\"https:\\\/\\\/www.youtube.com\\\/channel\\\/UCua4Qvz8Icb6MYqhoq9xLXw\"]},{\"@type\":\"Person\",\"@id\":\"https:\\\/\\\/informelitoral.com.ar\\\/#\\\/schema\\\/person\\\/b9d00407c836482871ef1d57bf8e3180\",\"name\":\"Gonzalo Schmidt\",\"image\":{\"@type\":\"ImageObject\",\"inLanguage\":\"es\",\"@id\":\"https:\\\/\\\/secure.gravatar.com\\\/avatar\\\/31a1a7b66ff2de83bd0e9fd79d026630d2d99e55e8bfe501287647b4fd9743de?s=96&d=mm&r=g\",\"url\":\"https:\\\/\\\/secure.gravatar.com\\\/avatar\\\/31a1a7b66ff2de83bd0e9fd79d026630d2d99e55e8bfe501287647b4fd9743de?s=96&d=mm&r=g\",\"contentUrl\":\"https:\\\/\\\/secure.gravatar.com\\\/avatar\\\/31a1a7b66ff2de83bd0e9fd79d026630d2d99e55e8bfe501287647b4fd9743de?s=96&d=mm&r=g\",\"caption\":\"Gonzalo Schmidt\"},\"description\":\"Sitio web de noticias de la provincia de Entre R\u00edos, Argentina. Informaci\u00f3n y entretenimiento. Informe Litoral, nos informamos.\",\"sameAs\":[\"http:\\\/\\\/www.isletasnoticias.com.ar\"],\"url\":\"https:\\\/\\\/informelitoral.com.ar\\\/author\\\/gonzalo\\\/\"}]}<\/script>","yoast_head_json":{"title":"Suben las temperaturas en Entre R\u00edos y hay alerta por niebla en algunas zonas - Informe Litoral","robots":{"index":"index","follow":"follow","max-snippet":"max-snippet:-1","max-image-preview":"max-image-preview:large","max-video-preview":"max-video-preview:-1"},"canonical":"https:\/\/informelitoral.com.ar\/suben-las-temperaturas-en-entre-rios-y-hay-alerta-por-niebla-en-algunas-zonas\/","og_locale":"es_ES","og_type":"article","og_title":"Suben las temperaturas en Entre R\u00edos y hay alerta por niebla en algunas zonas - Informe Litoral","og_description":"Una masa de aire cliente se afianza sobre sobre gran parte del pa\u00eds provocando un aumento de las temperaturas. Se prev\u00e9 que el resto de la semana permanecer\u00e1n los con d\u00edas \u201cc\u00e1lidos\u201d.","og_url":"https:\/\/informelitoral.com.ar\/suben-las-temperaturas-en-entre-rios-y-hay-alerta-por-niebla-en-algunas-zonas\/","og_site_name":"Informe Litoral","article_publisher":"https:\/\/www.facebook.com\/informelitoral\/","article_published_time":"2023-04-27T10:14:34+00:00","article_modified_time":"2023-04-27T10:24:00+00:00","og_image":[{"width":1024,"height":755,"url":"https:\/\/informelitoral.com.ar\/%77%70%2d%63%6f%6e%74%65%6e%74\/uploads\/2022\/06\/tipos-y-nombres-de-nieblas-293051-1_1024.jpg","type":"image\/jpeg"}],"author":"Gonzalo Schmidt","twitter_card":"summary_large_image","twitter_creator":"@InformeLitoral","twitter_site":"@InformeLitoral","twitter_misc":{"Escrito por":"Gonzalo Schmidt","Tiempo de lectura":"1 minuto"},"schema":{"@context":"https:\/\/schema.org","@graph":[{"@type":"Article","@id":"https:\/\/informelitoral.com.ar\/suben-las-temperaturas-en-entre-rios-y-hay-alerta-por-niebla-en-algunas-zonas\/#article","isPartOf":{"@id":"https:\/\/informelitoral.com.ar\/suben-las-temperaturas-en-entre-rios-y-hay-alerta-por-niebla-en-algunas-zonas\/"},"author":{"name":"Gonzalo Schmidt","@id":"https:\/\/informelitoral.com.ar\/#\/schema\/person\/b9d00407c836482871ef1d57bf8e3180"},"headline":"Suben las temperaturas en Entre R\u00edos y hay alerta por niebla en algunas zonas","datePublished":"2023-04-27T10:14:34+00:00","dateModified":"2023-04-27T10:24:00+00:00","mainEntityOfPage":{"@id":"https:\/\/informelitoral.com.ar\/suben-las-temperaturas-en-entre-rios-y-hay-alerta-por-niebla-en-algunas-zonas\/"},"wordCount":188,"commentCount":0,"publisher":{"@id":"https:\/\/informelitoral.com.ar\/#organization"},"image":{"@id":"https:\/\/informelitoral.com.ar\/suben-las-temperaturas-en-entre-rios-y-hay-alerta-por-niebla-en-algunas-zonas\/#primaryimage"},"thumbnailUrl":"https:\/\/informelitoral.com.ar\/%77%70%2d%63%6f%6e%74%65%6e%74\/uploads\/2022\/06\/tipos-y-nombres-de-nieblas-293051-1_1024.jpg","keywords":["El tiempo","Pron\u00f3stico del tiempo","SMN"],"articleSection":["Entre R\u00edos"],"inLanguage":"es","potentialAction":[{"@type":"CommentAction","name":"Comment","target":["https:\/\/informelitoral.com.ar\/suben-las-temperaturas-en-entre-rios-y-hay-alerta-por-niebla-en-algunas-zonas\/#respond"]}]},{"@type":"WebPage","@id":"https:\/\/informelitoral.com.ar\/suben-las-temperaturas-en-entre-rios-y-hay-alerta-por-niebla-en-algunas-zonas\/","url":"https:\/\/informelitoral.com.ar\/suben-las-temperaturas-en-entre-rios-y-hay-alerta-por-niebla-en-algunas-zonas\/","name":"Suben las temperaturas en Entre R\u00edos y hay alerta por niebla en algunas zonas - Informe Litoral","isPartOf":{"@id":"https:\/\/informelitoral.com.ar\/#website"},"primaryImageOfPage":{"@id":"https:\/\/informelitoral.com.ar\/suben-las-temperaturas-en-entre-rios-y-hay-alerta-por-niebla-en-algunas-zonas\/#primaryimage"},"image":{"@id":"https:\/\/informelitoral.com.ar\/suben-las-temperaturas-en-entre-rios-y-hay-alerta-por-niebla-en-algunas-zonas\/#primaryimage"},"thumbnailUrl":"https:\/\/informelitoral.com.ar\/%77%70%2d%63%6f%6e%74%65%6e%74\/uploads\/2022\/06\/tipos-y-nombres-de-nieblas-293051-1_1024.jpg","datePublished":"2023-04-27T10:14:34+00:00","dateModified":"2023-04-27T10:24:00+00:00","breadcrumb":{"@id":"https:\/\/informelitoral.com.ar\/suben-las-temperaturas-en-entre-rios-y-hay-alerta-por-niebla-en-algunas-zonas\/#breadcrumb"},"inLanguage":"es","potentialAction":[{"@type":"ReadAction","target":["https:\/\/informelitoral.com.ar\/suben-las-temperaturas-en-entre-rios-y-hay-alerta-por-niebla-en-algunas-zonas\/"]}]},{"@type":"ImageObject","inLanguage":"es","@id":"https:\/\/informelitoral.com.ar\/suben-las-temperaturas-en-entre-rios-y-hay-alerta-por-niebla-en-algunas-zonas\/#primaryimage","url":"https:\/\/informelitoral.com.ar\/%77%70%2d%63%6f%6e%74%65%6e%74\/uploads\/2022\/06\/tipos-y-nombres-de-nieblas-293051-1_1024.jpg","contentUrl":"https:\/\/informelitoral.com.ar\/%77%70%2d%63%6f%6e%74%65%6e%74\/uploads\/2022\/06\/tipos-y-nombres-de-nieblas-293051-1_1024.jpg","width":1024,"height":755},{"@type":"BreadcrumbList","@id":"https:\/\/informelitoral.com.ar\/suben-las-temperaturas-en-entre-rios-y-hay-alerta-por-niebla-en-algunas-zonas\/#breadcrumb","itemListElement":[{"@type":"ListItem","position":1,"name":"Portada","item":"https:\/\/informelitoral.com.ar\/"},{"@type":"ListItem","position":2,"name":"Suben las temperaturas en Entre R\u00edos y hay alerta por niebla en algunas zonas"}]},{"@type":"WebSite","@id":"https:\/\/informelitoral.com.ar\/#website","url":"https:\/\/informelitoral.com.ar\/","name":"Informe Litoral","description":"&quot;Nos informamos&quot; ","publisher":{"@id":"https:\/\/informelitoral.com.ar\/#organization"},"potentialAction":[{"@type":"SearchAction","target":{"@type":"EntryPoint","urlTemplate":"https:\/\/informelitoral.com.ar\/?s={search_term_string}"},"query-input":{"@type":"PropertyValueSpecification","valueRequired":true,"valueName":"search_term_string"}}],"inLanguage":"es"},{"@type":"Organization","@id":"https:\/\/informelitoral.com.ar\/#organization","name":"Informe Litoral","url":"https:\/\/informelitoral.com.ar\/","logo":{"@type":"ImageObject","inLanguage":"es","@id":"https:\/\/informelitoral.com.ar\/#\/schema\/logo\/image\/","url":"https:\/\/informelitoral.com.ar\/%77%70%2d%63%6f%6e%74%65%6e%74\/uploads\/2021\/01\/circulo.png","contentUrl":"https:\/\/informelitoral.com.ar\/%77%70%2d%63%6f%6e%74%65%6e%74\/uploads\/2021\/01\/circulo.png","width":723,"height":731,"caption":"Informe Litoral"},"image":{"@id":"https:\/\/informelitoral.com.ar\/#\/schema\/logo\/image\/"},"sameAs":["https:\/\/www.facebook.com\/informelitoral\/","https:\/\/x.com\/InformeLitoral","https:\/\/www.instagram.com\/informelitoral\/","https:\/\/www.youtube.com\/channel\/UCua4Qvz8Icb6MYqhoq9xLXw"]},{"@type":"Person","@id":"https:\/\/informelitoral.com.ar\/#\/schema\/person\/b9d00407c836482871ef1d57bf8e3180","name":"Gonzalo Schmidt","image":{"@type":"ImageObject","inLanguage":"es","@id":"https:\/\/secure.gravatar.com\/avatar\/31a1a7b66ff2de83bd0e9fd79d026630d2d99e55e8bfe501287647b4fd9743de?s=96&d=mm&r=g","url":"https:\/\/secure.gravatar.com\/avatar\/31a1a7b66ff2de83bd0e9fd79d026630d2d99e55e8bfe501287647b4fd9743de?s=96&d=mm&r=g","contentUrl":"https:\/\/secure.gravatar.com\/avatar\/31a1a7b66ff2de83bd0e9fd79d026630d2d99e55e8bfe501287647b4fd9743de?s=96&d=mm&r=g","caption":"Gonzalo Schmidt"},"description":"Sitio web de noticias de la provincia de Entre R\u00edos, Argentina. Informaci\u00f3n y entretenimiento. Informe Litoral, nos informamos.","sameAs":["http:\/\/www.isletasnoticias.com.ar"],"url":"https:\/\/informelitoral.com.ar\/author\/gonzalo\/"}]}},"_links":{"self":[{"href":"https:\/\/informelitoral.com.ar\/%77%70%2d%6a%73%6f%6e\/wp\/v2\/posts\/142567","targetHints":{"allow":["GET"]}}],"collection":[{"href":"https:\/\/informelitoral.com.ar\/%77%70%2d%6a%73%6f%6e\/wp\/v2\/posts"}],"about":[{"href":"https:\/\/informelitoral.com.ar\/%77%70%2d%6a%73%6f%6e\/wp\/v2\/types\/post"}],"author":[{"embeddable":true,"href":"https:\/\/informelitoral.com.ar\/%77%70%2d%6a%73%6f%6e\/wp\/v2\/users\/2"}],"replies":[{"embeddable":true,"href":"https:\/\/informelitoral.com.ar\/%77%70%2d%6a%73%6f%6e\/wp\/v2\/comments?post=142567"}],"version-history":[{"count":0,"href":"https:\/\/informelitoral.com.ar\/%77%70%2d%6a%73%6f%6e\/wp\/v2\/posts\/142567\/revisions"}],"wp:featuredmedia":[{"embeddable":true,"href":"https:\/\/informelitoral.com.ar\/%77%70%2d%6a%73%6f%6e\/wp\/v2\/media\/79086"}],"wp:attachment":[{"href":"https:\/\/informelitoral.com.ar\/%77%70%2d%6a%73%6f%6e\/wp\/v2\/media?parent=142567"}],"wp:term":[{"taxonomy":"category","embeddable":true,"href":"https:\/\/informelitoral.com.ar\/%77%70%2d%6a%73%6f%6e\/wp\/v2\/categories?post=142567"},{"taxonomy":"post_tag","embeddable":true,"href":"https:\/\/informelitoral.com.ar\/%77%70%2d%6a%73%6f%6e\/wp\/v2\/tags?post=142567"}],"curies":[{"name":"wp","href":"https:\/\/api.w.org\/{rel}","templated":true}]}}