{"id":14193,"date":"2016-03-08T05:20:23","date_gmt":"2016-03-08T08:20:23","guid":{"rendered":"http:\/\/www.isletasnoticias.com.ar\/?p=14193"},"modified":"2016-03-08T08:07:52","modified_gmt":"2016-03-08T11:07:52","slug":"pretenden-crear-arboles-luminicos-para-sustituir-las-luces-de-las-calles","status":"publish","type":"post","link":"https:\/\/informelitoral.com.ar\/pretenden-crear-arboles-luminicos-para-sustituir-las-luces-de-las-calles\/","title":{"rendered":"Pretenden crear \u00e1rboles lum\u00ednicos para sustituir las luces de las calles"},"content":{"rendered":"<p><strong>En la era 2.0 todo parece posible, y a\u00fan los cuentos de ciencia ficci\u00f3n parecen hacerse realidad. Por suerte para la humanidad, no son los de Stephen King, pero podr\u00edamos tener \u00e1rboles iluminando nuestras ciudades.<a href=\"http:\/\/www.isletasnoticias.com.ar\/%77%70%2d%63%6f%6e%74%65%6e%74\/uploads\/2016\/03\/36628683320bfb2c0a95896cb874ace5.jpg\" rel=\"attachment wp-att-14194\"><img loading=\"lazy\" decoding=\"async\" class=\"aligncenter size-full wp-image-14194\" src=\"http:\/\/www.isletasnoticias.com.ar\/%77%70%2d%63%6f%6e%74%65%6e%74\/uploads\/2016\/03\/36628683320bfb2c0a95896cb874ace5.jpg\" alt=\"36628683320bfb2c0a95896cb874ace5\" width=\"600\" height=\"399\" srcset=\"https:\/\/informelitoral.com.ar\/%77%70%2d%63%6f%6e%74%65%6e%74\/uploads\/2016\/03\/36628683320bfb2c0a95896cb874ace5.jpg 600w, https:\/\/informelitoral.com.ar\/%77%70%2d%63%6f%6e%74%65%6e%74\/uploads\/2016\/03\/36628683320bfb2c0a95896cb874ace5-300x200.jpg 300w\" sizes=\"auto, (max-width: 600px) 100vw, 600px\" \/><\/a><\/strong><\/p>\n<p><strong>Antony Evans<\/strong> es un bioingeniero y empresario de San Francisco que actualmente es fundador y CEO de Glowing Plant, un proyecto financiado colectivamente para concebir plantas dom\u00e9sticas bioluminiscentes que sirvan de iluminaci\u00f3n ambiental. Un proyecto que, tal vez en alg\u00fan momento, permitir\u00eda sustituir las actuales luces de las calles de las ciudades por plantas o \u00e1rboles bioluminiscentes.<\/p>\n<p>Evans adem\u00e1s compara la generaci\u00f3n de nuevos organismos a trav\u00e9s de la mutaci\u00f3n gen\u00e9tica con la evoluci\u00f3n de las Apps en los smartphones para desarrollar la inteligencia de los tel\u00e9fonos. Es decir, que delante de nosotros se abre un extenso campo lleno de posibilidades, gracias a la biolog\u00eda sint\u00e9tica.<\/p>\n<p><strong>\u00bfQu\u00e9 es la Biolog\u00eda Sint\u00e9tica?<\/strong><br \/>\nLa biolog\u00eda sint\u00e9tica moderna tiene sus ra\u00edces en el 1953, con descubrimiento de la estructura de doble h\u00e9lice del \u00e1cido desoxirribonucleico (ADN) por parte de James Watson y Francis Crick, pero no fue hasta 1974 que el genetista Wac\u0142aw Szybalski acu\u00f1a el t\u00e9rmino \u201cbiolog\u00eda sint\u00e9tica\u201d cuando se pregunta qu\u00e9 es lo que est\u00e1 por venir en la nueva etapa de la innovaci\u00f3n biol\u00f3gica.<\/p>\n<p>La biolog\u00eda sint\u00e9tica moderna tiene sus ra\u00edces en el 1953, con descubrimiento de la estructura de doble h\u00e9lice del \u00e1cido desoxirribonucleico (ADN) por parte de James Watson y Francis Crick, pero no fue hasta 1974 que el genetista Wac\u0142aw Szybalski acu\u00f1a el t\u00e9rmino \u201cbiolog\u00eda sint\u00e9tica\u201d cuando se pregunta qu\u00e9 es lo que est\u00e1 por venir en la nueva etapa de la innovaci\u00f3n biol\u00f3gica.<\/p>\n<p>Prev\u00e9 as\u00ed la creaci\u00f3n de elementos de control que podremos introducir sint\u00e9ticamente en secuencias de ADN, e incluso habla de c\u00f3mo se borrar\u00e1n los l\u00edmites en la creaci\u00f3n de nuevos organismos mediante ingenier\u00eda gen\u00e9tica.<\/p>\n<p>\u201cHasta ahora estamos trabajando en la fase descriptiva de la biolog\u00eda molecular. Pero el verdadero desaf\u00edo se iniciar\u00e1 cuando entremos en la fase de la biolog\u00eda sint\u00e9tica. A continuaci\u00f3n, se elaborar\u00e1n nuevos elementos de control y, al a\u00f1adir estos nuevos m\u00f3dulos a los genomas existentes, podremos construir totalmente nuevos genomas\u201d, detalla el bioingeniero.<\/p>\n<p>Huanming Yang, director del Instituto de Gen\u00f3mica de Beijing, tambi\u00e9n describe con optimismo la biolog\u00eda sint\u00e9tica como \u201cuna ciencia para cambiar el mundo y el futuro del hombre\u201d. Algo que cada vez est\u00e1 m\u00e1s cerca.<\/p>\n<p>A principios de la d\u00e9cada de 1980, la innovaci\u00f3n t\u00e9cnica dio lugar a la posibilidad de secuenciar el ADN r\u00e1pidamente. El bi\u00f3logo y empresario estadounidense y fundador de Celera Genomics,Craig Venter, consigui\u00f3 secuenciar el genoma humano completo con su propio Proyecto Genoma Humano en 1999. Venter, as\u00ed, logr\u00f3 cartografiar los aproximadamente 25.000 genes del genoma humano desde un punto de vista f\u00edsico y funcional, y mucho m\u00e1s r\u00e1pidamente que el Departamento de Energ\u00eda y los Institutos Nacionales de la Salud de los Estados Unidos.<\/p>\n<p>M\u00e1s tarde, en 2010, Venter tambi\u00e9n anunci\u00f3 haber concebido el primer organismo sint\u00e9tico, escribiendo desde cero el ADN e introduci\u00e9ndolo en una bacteria previamente vaciada de informaci\u00f3n gen\u00e9tica. Venter codific\u00f3 su nombre en ese ADN, as\u00ed puede comprobarse inconfundiblemente que las nuevas generaciones de bacterias que se reproduzcan a partir de la primera tienen ese copyright escrito en sus genes.<\/p>\n<p><strong>Las plantas que iluminan<\/strong><\/p>\n<p>\u201cLa posibilidad de escribir el ADN, uno nuevo inexistente de forma natural, abre un campo inimaginable de posibilidades\u201d, seg\u00fan Antony Evans.<\/p>\n<p>Seg\u00fan el bioingeniero \u201cporque ya no solo somos capaces de alterar una secuencia de ADN sino de escribirlo desde cero, permitiendo as\u00ed no solo crear nuevas funcionalidades para estos genes, sino nuevas formas de usarlos\u201d.<\/p>\n<p>Por esa raz\u00f3n, Evans considera a los organismos como apps en un smartphone: cada una tiene una funci\u00f3n, y como todas est\u00e1n compuestos por ADN, \u201cpodemos modificar las aplicaciones modificando su c\u00f3digo. O crear nuevas aplicaciones con nuevo c\u00f3digo\u201d, asegura el especialista.<\/p>\n","protected":false},"excerpt":{"rendered":"<p>En la era 2.0 todo parece posible, y a&uacute;n los cuentos de ciencia ficci&oacute;n parecen hacerse realidad. Por suerte para la humanidad, no son los de Stephen King, pero podr&iacute;amos tener &aacute;rboles iluminando nuestras ciudades. Antony Evans es un bioingeniero y empresario de San Francisco que actualmente es fundador y CEO de Glowing Plant, un [&hellip;]<\/p>\n","protected":false},"author":2,"featured_media":0,"comment_status":"open","ping_status":"open","sticky":false,"template":"","format":"standard","meta":{"fifu_image_url":"","fifu_image_alt":"","footnotes":""},"categories":[8],"tags":[],"class_list":{"0":"post-14193","1":"post","2":"type-post","3":"status-publish","4":"format-standard","6":"category-internacionales"},"yoast_head":"<title>Pretenden crear \u00e1rboles lum\u00ednicos para sustituir las luces de las calles - Informe Litoral<\/title>\n<meta name=\"robots\" content=\"index, follow, max-snippet:-1, max-image-preview:large, max-video-preview:-1\" \/>\n<link rel=\"canonical\" href=\"https:\/\/informelitoral.com.ar\/pretenden-crear-arboles-luminicos-para-sustituir-las-luces-de-las-calles\/\" \/>\n<meta property=\"og:locale\" content=\"es_ES\" \/>\n<meta property=\"og:type\" content=\"article\" \/>\n<meta property=\"og:title\" content=\"Pretenden crear \u00e1rboles lum\u00ednicos para sustituir las luces de las calles - Informe Litoral\" \/>\n<meta property=\"og:description\" content=\"En la era 2.0 todo parece posible, y a&uacute;n los cuentos de ciencia ficci&oacute;n parecen hacerse realidad. Por suerte para la humanidad, no son los de Stephen King, pero podr&iacute;amos tener &aacute;rboles iluminando nuestras ciudades. Antony Evans es un bioingeniero y empresario de San Francisco que actualmente es fundador y CEO de Glowing Plant, un [&hellip;]\" \/>\n<meta property=\"og:url\" content=\"https:\/\/informelitoral.com.ar\/pretenden-crear-arboles-luminicos-para-sustituir-las-luces-de-las-calles\/\" \/>\n<meta property=\"og:site_name\" content=\"Informe Litoral\" \/>\n<meta property=\"article:publisher\" content=\"https:\/\/www.facebook.com\/informelitoral\/\" \/>\n<meta property=\"article:published_time\" content=\"2016-03-08T08:20:23+00:00\" \/>\n<meta property=\"article:modified_time\" content=\"2016-03-08T11:07:52+00:00\" \/>\n<meta property=\"og:image\" content=\"https:\/\/informelitoral.com.ar\/%77%70%2d%63%6f%6e%74%65%6e%74\/uploads\/2016\/03\/36628683320bfb2c0a95896cb874ace5.jpg\" \/>\n\t<meta property=\"og:image:width\" content=\"600\" \/>\n\t<meta property=\"og:image:height\" content=\"399\" \/>\n\t<meta property=\"og:image:type\" content=\"image\/jpeg\" \/>\n<meta name=\"author\" content=\"Gonzalo Schmidt\" \/>\n<meta name=\"twitter:card\" content=\"summary_large_image\" \/>\n<meta name=\"twitter:creator\" content=\"@InformeLitoral\" \/>\n<meta name=\"twitter:site\" content=\"@InformeLitoral\" \/>\n<meta name=\"twitter:label1\" content=\"Escrito por\" \/>\n\t<meta name=\"twitter:data1\" content=\"Gonzalo Schmidt\" \/>\n\t<meta name=\"twitter:label2\" content=\"Tiempo de lectura\" \/>\n\t<meta name=\"twitter:data2\" content=\"4 minutos\" \/>\n<script type=\"application\/ld+json\" class=\"yoast-schema-graph\">{\"@context\":\"https:\\\/\\\/schema.org\",\"@graph\":[{\"@type\":\"Article\",\"@id\":\"https:\\\/\\\/informelitoral.com.ar\\\/pretenden-crear-arboles-luminicos-para-sustituir-las-luces-de-las-calles\\\/#article\",\"isPartOf\":{\"@id\":\"https:\\\/\\\/informelitoral.com.ar\\\/pretenden-crear-arboles-luminicos-para-sustituir-las-luces-de-las-calles\\\/\"},\"author\":{\"name\":\"Gonzalo Schmidt\",\"@id\":\"https:\\\/\\\/informelitoral.com.ar\\\/#\\\/schema\\\/person\\\/b9d00407c836482871ef1d57bf8e3180\"},\"headline\":\"Pretenden crear \u00e1rboles lum\u00ednicos para sustituir las luces de las calles\",\"datePublished\":\"2016-03-08T08:20:23+00:00\",\"dateModified\":\"2016-03-08T11:07:52+00:00\",\"mainEntityOfPage\":{\"@id\":\"https:\\\/\\\/informelitoral.com.ar\\\/pretenden-crear-arboles-luminicos-para-sustituir-las-luces-de-las-calles\\\/\"},\"wordCount\":727,\"commentCount\":0,\"publisher\":{\"@id\":\"https:\\\/\\\/informelitoral.com.ar\\\/#organization\"},\"image\":{\"@id\":\"https:\\\/\\\/informelitoral.com.ar\\\/pretenden-crear-arboles-luminicos-para-sustituir-las-luces-de-las-calles\\\/#primaryimage\"},\"thumbnailUrl\":\"http:\\\/\\\/www.isletasnoticias.com.ar\\\/%77%70%2d%63%6f%6e%74%65%6e%74\\\/uploads\\\/2016\\\/03\\\/36628683320bfb2c0a95896cb874ace5.jpg\",\"articleSection\":[\"Internacionales\"],\"inLanguage\":\"es\",\"potentialAction\":[{\"@type\":\"CommentAction\",\"name\":\"Comment\",\"target\":[\"https:\\\/\\\/informelitoral.com.ar\\\/pretenden-crear-arboles-luminicos-para-sustituir-las-luces-de-las-calles\\\/#respond\"]}]},{\"@type\":\"WebPage\",\"@id\":\"https:\\\/\\\/informelitoral.com.ar\\\/pretenden-crear-arboles-luminicos-para-sustituir-las-luces-de-las-calles\\\/\",\"url\":\"https:\\\/\\\/informelitoral.com.ar\\\/pretenden-crear-arboles-luminicos-para-sustituir-las-luces-de-las-calles\\\/\",\"name\":\"Pretenden crear \u00e1rboles lum\u00ednicos para sustituir las luces de las calles - Informe Litoral\",\"isPartOf\":{\"@id\":\"https:\\\/\\\/informelitoral.com.ar\\\/#website\"},\"primaryImageOfPage\":{\"@id\":\"https:\\\/\\\/informelitoral.com.ar\\\/pretenden-crear-arboles-luminicos-para-sustituir-las-luces-de-las-calles\\\/#primaryimage\"},\"image\":{\"@id\":\"https:\\\/\\\/informelitoral.com.ar\\\/pretenden-crear-arboles-luminicos-para-sustituir-las-luces-de-las-calles\\\/#primaryimage\"},\"thumbnailUrl\":\"http:\\\/\\\/www.isletasnoticias.com.ar\\\/%77%70%2d%63%6f%6e%74%65%6e%74\\\/uploads\\\/2016\\\/03\\\/36628683320bfb2c0a95896cb874ace5.jpg\",\"datePublished\":\"2016-03-08T08:20:23+00:00\",\"dateModified\":\"2016-03-08T11:07:52+00:00\",\"breadcrumb\":{\"@id\":\"https:\\\/\\\/informelitoral.com.ar\\\/pretenden-crear-arboles-luminicos-para-sustituir-las-luces-de-las-calles\\\/#breadcrumb\"},\"inLanguage\":\"es\",\"potentialAction\":[{\"@type\":\"ReadAction\",\"target\":[\"https:\\\/\\\/informelitoral.com.ar\\\/pretenden-crear-arboles-luminicos-para-sustituir-las-luces-de-las-calles\\\/\"]}]},{\"@type\":\"ImageObject\",\"inLanguage\":\"es\",\"@id\":\"https:\\\/\\\/informelitoral.com.ar\\\/pretenden-crear-arboles-luminicos-para-sustituir-las-luces-de-las-calles\\\/#primaryimage\",\"url\":\"http:\\\/\\\/www.isletasnoticias.com.ar\\\/%77%70%2d%63%6f%6e%74%65%6e%74\\\/uploads\\\/2016\\\/03\\\/36628683320bfb2c0a95896cb874ace5.jpg\",\"contentUrl\":\"http:\\\/\\\/www.isletasnoticias.com.ar\\\/%77%70%2d%63%6f%6e%74%65%6e%74\\\/uploads\\\/2016\\\/03\\\/36628683320bfb2c0a95896cb874ace5.jpg\"},{\"@type\":\"BreadcrumbList\",\"@id\":\"https:\\\/\\\/informelitoral.com.ar\\\/pretenden-crear-arboles-luminicos-para-sustituir-las-luces-de-las-calles\\\/#breadcrumb\",\"itemListElement\":[{\"@type\":\"ListItem\",\"position\":1,\"name\":\"Portada\",\"item\":\"https:\\\/\\\/informelitoral.com.ar\\\/\"},{\"@type\":\"ListItem\",\"position\":2,\"name\":\"Pretenden crear \u00e1rboles lum\u00ednicos para sustituir las luces de las calles\"}]},{\"@type\":\"WebSite\",\"@id\":\"https:\\\/\\\/informelitoral.com.ar\\\/#website\",\"url\":\"https:\\\/\\\/informelitoral.com.ar\\\/\",\"name\":\"Informe Litoral\",\"description\":\"&quot;Nos informamos&quot; \",\"publisher\":{\"@id\":\"https:\\\/\\\/informelitoral.com.ar\\\/#organization\"},\"potentialAction\":[{\"@type\":\"SearchAction\",\"target\":{\"@type\":\"EntryPoint\",\"urlTemplate\":\"https:\\\/\\\/informelitoral.com.ar\\\/?s={search_term_string}\"},\"query-input\":{\"@type\":\"PropertyValueSpecification\",\"valueRequired\":true,\"valueName\":\"search_term_string\"}}],\"inLanguage\":\"es\"},{\"@type\":\"Organization\",\"@id\":\"https:\\\/\\\/informelitoral.com.ar\\\/#organization\",\"name\":\"Informe Litoral\",\"url\":\"https:\\\/\\\/informelitoral.com.ar\\\/\",\"logo\":{\"@type\":\"ImageObject\",\"inLanguage\":\"es\",\"@id\":\"https:\\\/\\\/informelitoral.com.ar\\\/#\\\/schema\\\/logo\\\/image\\\/\",\"url\":\"https:\\\/\\\/informelitoral.com.ar\\\/%77%70%2d%63%6f%6e%74%65%6e%74\\\/uploads\\\/2021\\\/01\\\/circulo.png\",\"contentUrl\":\"https:\\\/\\\/informelitoral.com.ar\\\/%77%70%2d%63%6f%6e%74%65%6e%74\\\/uploads\\\/2021\\\/01\\\/circulo.png\",\"width\":723,\"height\":731,\"caption\":\"Informe Litoral\"},\"image\":{\"@id\":\"https:\\\/\\\/informelitoral.com.ar\\\/#\\\/schema\\\/logo\\\/image\\\/\"},\"sameAs\":[\"https:\\\/\\\/www.facebook.com\\\/informelitoral\\\/\",\"https:\\\/\\\/x.com\\\/InformeLitoral\",\"https:\\\/\\\/www.instagram.com\\\/informelitoral\\\/\",\"https:\\\/\\\/www.youtube.com\\\/channel\\\/UCua4Qvz8Icb6MYqhoq9xLXw\"]},{\"@type\":\"Person\",\"@id\":\"https:\\\/\\\/informelitoral.com.ar\\\/#\\\/schema\\\/person\\\/b9d00407c836482871ef1d57bf8e3180\",\"name\":\"Gonzalo Schmidt\",\"image\":{\"@type\":\"ImageObject\",\"inLanguage\":\"es\",\"@id\":\"https:\\\/\\\/secure.gravatar.com\\\/avatar\\\/31a1a7b66ff2de83bd0e9fd79d026630d2d99e55e8bfe501287647b4fd9743de?s=96&d=mm&r=g\",\"url\":\"https:\\\/\\\/secure.gravatar.com\\\/avatar\\\/31a1a7b66ff2de83bd0e9fd79d026630d2d99e55e8bfe501287647b4fd9743de?s=96&d=mm&r=g\",\"contentUrl\":\"https:\\\/\\\/secure.gravatar.com\\\/avatar\\\/31a1a7b66ff2de83bd0e9fd79d026630d2d99e55e8bfe501287647b4fd9743de?s=96&d=mm&r=g\",\"caption\":\"Gonzalo Schmidt\"},\"description\":\"Sitio web de noticias de la provincia de Entre R\u00edos, Argentina. Informaci\u00f3n y entretenimiento. Informe Litoral, nos informamos.\",\"sameAs\":[\"http:\\\/\\\/www.isletasnoticias.com.ar\"],\"url\":\"https:\\\/\\\/informelitoral.com.ar\\\/author\\\/gonzalo\\\/\"}]}<\/script>","yoast_head_json":{"title":"Pretenden crear \u00e1rboles lum\u00ednicos para sustituir las luces de las calles - Informe Litoral","robots":{"index":"index","follow":"follow","max-snippet":"max-snippet:-1","max-image-preview":"max-image-preview:large","max-video-preview":"max-video-preview:-1"},"canonical":"https:\/\/informelitoral.com.ar\/pretenden-crear-arboles-luminicos-para-sustituir-las-luces-de-las-calles\/","og_locale":"es_ES","og_type":"article","og_title":"Pretenden crear \u00e1rboles lum\u00ednicos para sustituir las luces de las calles - Informe Litoral","og_description":"En la era 2.0 todo parece posible, y a&uacute;n los cuentos de ciencia ficci&oacute;n parecen hacerse realidad. Por suerte para la humanidad, no son los de Stephen King, pero podr&iacute;amos tener &aacute;rboles iluminando nuestras ciudades. Antony Evans es un bioingeniero y empresario de San Francisco que actualmente es fundador y CEO de Glowing Plant, un [&hellip;]","og_url":"https:\/\/informelitoral.com.ar\/pretenden-crear-arboles-luminicos-para-sustituir-las-luces-de-las-calles\/","og_site_name":"Informe Litoral","article_publisher":"https:\/\/www.facebook.com\/informelitoral\/","article_published_time":"2016-03-08T08:20:23+00:00","article_modified_time":"2016-03-08T11:07:52+00:00","og_image":[{"width":600,"height":399,"url":"https:\/\/informelitoral.com.ar\/%77%70%2d%63%6f%6e%74%65%6e%74\/uploads\/2016\/03\/36628683320bfb2c0a95896cb874ace5.jpg","type":"image\/jpeg"}],"author":"Gonzalo Schmidt","twitter_card":"summary_large_image","twitter_creator":"@InformeLitoral","twitter_site":"@InformeLitoral","twitter_misc":{"Escrito por":"Gonzalo Schmidt","Tiempo de lectura":"4 minutos"},"schema":{"@context":"https:\/\/schema.org","@graph":[{"@type":"Article","@id":"https:\/\/informelitoral.com.ar\/pretenden-crear-arboles-luminicos-para-sustituir-las-luces-de-las-calles\/#article","isPartOf":{"@id":"https:\/\/informelitoral.com.ar\/pretenden-crear-arboles-luminicos-para-sustituir-las-luces-de-las-calles\/"},"author":{"name":"Gonzalo Schmidt","@id":"https:\/\/informelitoral.com.ar\/#\/schema\/person\/b9d00407c836482871ef1d57bf8e3180"},"headline":"Pretenden crear \u00e1rboles lum\u00ednicos para sustituir las luces de las calles","datePublished":"2016-03-08T08:20:23+00:00","dateModified":"2016-03-08T11:07:52+00:00","mainEntityOfPage":{"@id":"https:\/\/informelitoral.com.ar\/pretenden-crear-arboles-luminicos-para-sustituir-las-luces-de-las-calles\/"},"wordCount":727,"commentCount":0,"publisher":{"@id":"https:\/\/informelitoral.com.ar\/#organization"},"image":{"@id":"https:\/\/informelitoral.com.ar\/pretenden-crear-arboles-luminicos-para-sustituir-las-luces-de-las-calles\/#primaryimage"},"thumbnailUrl":"http:\/\/www.isletasnoticias.com.ar\/%77%70%2d%63%6f%6e%74%65%6e%74\/uploads\/2016\/03\/36628683320bfb2c0a95896cb874ace5.jpg","articleSection":["Internacionales"],"inLanguage":"es","potentialAction":[{"@type":"CommentAction","name":"Comment","target":["https:\/\/informelitoral.com.ar\/pretenden-crear-arboles-luminicos-para-sustituir-las-luces-de-las-calles\/#respond"]}]},{"@type":"WebPage","@id":"https:\/\/informelitoral.com.ar\/pretenden-crear-arboles-luminicos-para-sustituir-las-luces-de-las-calles\/","url":"https:\/\/informelitoral.com.ar\/pretenden-crear-arboles-luminicos-para-sustituir-las-luces-de-las-calles\/","name":"Pretenden crear \u00e1rboles lum\u00ednicos para sustituir las luces de las calles - Informe Litoral","isPartOf":{"@id":"https:\/\/informelitoral.com.ar\/#website"},"primaryImageOfPage":{"@id":"https:\/\/informelitoral.com.ar\/pretenden-crear-arboles-luminicos-para-sustituir-las-luces-de-las-calles\/#primaryimage"},"image":{"@id":"https:\/\/informelitoral.com.ar\/pretenden-crear-arboles-luminicos-para-sustituir-las-luces-de-las-calles\/#primaryimage"},"thumbnailUrl":"http:\/\/www.isletasnoticias.com.ar\/%77%70%2d%63%6f%6e%74%65%6e%74\/uploads\/2016\/03\/36628683320bfb2c0a95896cb874ace5.jpg","datePublished":"2016-03-08T08:20:23+00:00","dateModified":"2016-03-08T11:07:52+00:00","breadcrumb":{"@id":"https:\/\/informelitoral.com.ar\/pretenden-crear-arboles-luminicos-para-sustituir-las-luces-de-las-calles\/#breadcrumb"},"inLanguage":"es","potentialAction":[{"@type":"ReadAction","target":["https:\/\/informelitoral.com.ar\/pretenden-crear-arboles-luminicos-para-sustituir-las-luces-de-las-calles\/"]}]},{"@type":"ImageObject","inLanguage":"es","@id":"https:\/\/informelitoral.com.ar\/pretenden-crear-arboles-luminicos-para-sustituir-las-luces-de-las-calles\/#primaryimage","url":"http:\/\/www.isletasnoticias.com.ar\/%77%70%2d%63%6f%6e%74%65%6e%74\/uploads\/2016\/03\/36628683320bfb2c0a95896cb874ace5.jpg","contentUrl":"http:\/\/www.isletasnoticias.com.ar\/%77%70%2d%63%6f%6e%74%65%6e%74\/uploads\/2016\/03\/36628683320bfb2c0a95896cb874ace5.jpg"},{"@type":"BreadcrumbList","@id":"https:\/\/informelitoral.com.ar\/pretenden-crear-arboles-luminicos-para-sustituir-las-luces-de-las-calles\/#breadcrumb","itemListElement":[{"@type":"ListItem","position":1,"name":"Portada","item":"https:\/\/informelitoral.com.ar\/"},{"@type":"ListItem","position":2,"name":"Pretenden crear \u00e1rboles lum\u00ednicos para sustituir las luces de las calles"}]},{"@type":"WebSite","@id":"https:\/\/informelitoral.com.ar\/#website","url":"https:\/\/informelitoral.com.ar\/","name":"Informe Litoral","description":"&quot;Nos informamos&quot; ","publisher":{"@id":"https:\/\/informelitoral.com.ar\/#organization"},"potentialAction":[{"@type":"SearchAction","target":{"@type":"EntryPoint","urlTemplate":"https:\/\/informelitoral.com.ar\/?s={search_term_string}"},"query-input":{"@type":"PropertyValueSpecification","valueRequired":true,"valueName":"search_term_string"}}],"inLanguage":"es"},{"@type":"Organization","@id":"https:\/\/informelitoral.com.ar\/#organization","name":"Informe Litoral","url":"https:\/\/informelitoral.com.ar\/","logo":{"@type":"ImageObject","inLanguage":"es","@id":"https:\/\/informelitoral.com.ar\/#\/schema\/logo\/image\/","url":"https:\/\/informelitoral.com.ar\/%77%70%2d%63%6f%6e%74%65%6e%74\/uploads\/2021\/01\/circulo.png","contentUrl":"https:\/\/informelitoral.com.ar\/%77%70%2d%63%6f%6e%74%65%6e%74\/uploads\/2021\/01\/circulo.png","width":723,"height":731,"caption":"Informe Litoral"},"image":{"@id":"https:\/\/informelitoral.com.ar\/#\/schema\/logo\/image\/"},"sameAs":["https:\/\/www.facebook.com\/informelitoral\/","https:\/\/x.com\/InformeLitoral","https:\/\/www.instagram.com\/informelitoral\/","https:\/\/www.youtube.com\/channel\/UCua4Qvz8Icb6MYqhoq9xLXw"]},{"@type":"Person","@id":"https:\/\/informelitoral.com.ar\/#\/schema\/person\/b9d00407c836482871ef1d57bf8e3180","name":"Gonzalo Schmidt","image":{"@type":"ImageObject","inLanguage":"es","@id":"https:\/\/secure.gravatar.com\/avatar\/31a1a7b66ff2de83bd0e9fd79d026630d2d99e55e8bfe501287647b4fd9743de?s=96&d=mm&r=g","url":"https:\/\/secure.gravatar.com\/avatar\/31a1a7b66ff2de83bd0e9fd79d026630d2d99e55e8bfe501287647b4fd9743de?s=96&d=mm&r=g","contentUrl":"https:\/\/secure.gravatar.com\/avatar\/31a1a7b66ff2de83bd0e9fd79d026630d2d99e55e8bfe501287647b4fd9743de?s=96&d=mm&r=g","caption":"Gonzalo Schmidt"},"description":"Sitio web de noticias de la provincia de Entre R\u00edos, Argentina. Informaci\u00f3n y entretenimiento. Informe Litoral, nos informamos.","sameAs":["http:\/\/www.isletasnoticias.com.ar"],"url":"https:\/\/informelitoral.com.ar\/author\/gonzalo\/"}]}},"_links":{"self":[{"href":"https:\/\/informelitoral.com.ar\/%77%70%2d%6a%73%6f%6e\/wp\/v2\/posts\/14193","targetHints":{"allow":["GET"]}}],"collection":[{"href":"https:\/\/informelitoral.com.ar\/%77%70%2d%6a%73%6f%6e\/wp\/v2\/posts"}],"about":[{"href":"https:\/\/informelitoral.com.ar\/%77%70%2d%6a%73%6f%6e\/wp\/v2\/types\/post"}],"author":[{"embeddable":true,"href":"https:\/\/informelitoral.com.ar\/%77%70%2d%6a%73%6f%6e\/wp\/v2\/users\/2"}],"replies":[{"embeddable":true,"href":"https:\/\/informelitoral.com.ar\/%77%70%2d%6a%73%6f%6e\/wp\/v2\/comments?post=14193"}],"version-history":[{"count":0,"href":"https:\/\/informelitoral.com.ar\/%77%70%2d%6a%73%6f%6e\/wp\/v2\/posts\/14193\/revisions"}],"wp:attachment":[{"href":"https:\/\/informelitoral.com.ar\/%77%70%2d%6a%73%6f%6e\/wp\/v2\/media?parent=14193"}],"wp:term":[{"taxonomy":"category","embeddable":true,"href":"https:\/\/informelitoral.com.ar\/%77%70%2d%6a%73%6f%6e\/wp\/v2\/categories?post=14193"},{"taxonomy":"post_tag","embeddable":true,"href":"https:\/\/informelitoral.com.ar\/%77%70%2d%6a%73%6f%6e\/wp\/v2\/tags?post=14193"}],"curies":[{"name":"wp","href":"https:\/\/api.w.org\/{rel}","templated":true}]}}