{"id":14187,"date":"2016-03-08T00:02:47","date_gmt":"2016-03-08T03:02:47","guid":{"rendered":"http:\/\/www.isletasnoticias.com.ar\/?p=14187"},"modified":"2016-03-08T07:54:50","modified_gmt":"2016-03-08T10:54:50","slug":"por-que-se-conmemora-hoy-el-dia-internacional-de-la-mujer","status":"publish","type":"post","link":"https:\/\/informelitoral.com.ar\/por-que-se-conmemora-hoy-el-dia-internacional-de-la-mujer\/","title":{"rendered":"\u00bfPor qu\u00e9 se conmemora hoy el D\u00eda Internacional de la Mujer?"},"content":{"rendered":"<p><strong>Lejos de los festejos, los regalos y las flores, la fecha recuerda la lucha de miles trabajadoras que reclamaron \u2014hasta con la vida\u2014 por sus derechos. \u00bfQuienes fueron las escritoras de esta historia?<a href=\"http:\/\/www.isletasnoticias.com.ar\/%77%70%2d%63%6f%6e%74%65%6e%74\/uploads\/2016\/03\/0014359771.jpg\" rel=\"attachment wp-att-14188\"><img loading=\"lazy\" decoding=\"async\" class=\"aligncenter size-full wp-image-14188\" src=\"http:\/\/www.isletasnoticias.com.ar\/%77%70%2d%63%6f%6e%74%65%6e%74\/uploads\/2016\/03\/0014359771.jpg\" alt=\"0014359771\" width=\"770\" height=\"433\" srcset=\"https:\/\/informelitoral.com.ar\/%77%70%2d%63%6f%6e%74%65%6e%74\/uploads\/2016\/03\/0014359771.jpg 770w, https:\/\/informelitoral.com.ar\/%77%70%2d%63%6f%6e%74%65%6e%74\/uploads\/2016\/03\/0014359771-300x169.jpg 300w, https:\/\/informelitoral.com.ar\/%77%70%2d%63%6f%6e%74%65%6e%74\/uploads\/2016\/03\/0014359771-768x432.jpg 768w\" sizes=\"auto, (max-width: 770px) 100vw, 770px\" \/><\/a><\/strong><\/p>\n<div>\n<div>La lucha de las mujeres trabajadoras, que d\u00eda a d\u00eda marchan en pie de igualdad con el hombre tanto en la sociedad como en su desarrollo personal, es reivindicada cada 8 de marzo en los distintos homenajes realizados por el D\u00eda Internacional de la Mujer que evoca a aquellas que durante los siglos pasados reclamaron por sus derechos en los distintos \u00e1mbitos y las que lo siguen haciendo.<\/p>\n<p>Si bien los primeros registros de la historia poco consideran a las mujeres como protagonistas, hubo investigadores que aseguran que en la obra griega Lis\u00edstrata (S.V a.C) su protagonista \u00abrealiz\u00f3 una huelga sexual\u00bb contra los hombres para que depongan la decisi\u00f3n de iniciar una guerra. Al parecer, ese texto de Arist\u00f3fanes es un peque\u00f1o indicio de que hab\u00eda pensamiento de rebeld\u00eda ante las imposiciones masculinas ya en esos a\u00f1os.<\/p>\n<p>Siglos m\u00e1s tarde, la figura de la matem\u00e1tica y astr\u00f3noma Hipatia de Alejandr\u00eda (370-415) surge como \u00edcono de la libertad de pensamiento y autonom\u00eda. Muri\u00f3 victima de la violencia machista, reconocida hoy como femicidio. Su figura es reivindicada como el paradigma de la mujer cient\u00edfica y libre.<\/p>\n<p>Tuvo que pasar m\u00e1s de un milenio para que la Revoluci\u00f3n Francesa llegara y se convirtiera en el escenario para que las voces femeninas se hicieran o\u00edr, esta vez de manera colectiva: una columna de parisinas march\u00f3 a Versalles en reclamo de igualdad social bajo el conocido lema\u00bblibertad, igualdad y fraternidad\u00bb. Aquella manifestaci\u00f3n fue el primer gran paso para la lucha de g\u00e9nero que no figuraba entre los \u00edtems de la lucha de clase.<\/p>\n<p>La Declaraci\u00f3n de los Derechos de la Mujer y de la Ciudadana fue redactado en 1791 porOlympe de Gouges y parafraseaba gran parte de la Declaraci\u00f3n de Derechos del Hombre y del Ciudadano del 26 de agosto de 1789. Ese texto es uno de los primeros documentos que \u00abpropone la emancipaci\u00f3n femenina en el sentido de la igualdad de derechos o la igualdad jur\u00eddica y legal de las mujeres en relaci\u00f3n a los varones as\u00ed como el sufragio femenino\u00bb, destaca el sitio Wikipediasobre las primeras peticiones formales de derechos pol\u00edticos y de ciudadan\u00eda femeninos.<\/p>\n<p>Pese a los avances en los derechos de las mujeres, a finales del siglo XVIII y principios del XIX imperaba el pensamiento patriarcal y fue reci\u00e9n a mitad del siglo XIX que los movimientos imperantes lograron fuerza, entre ellos los que reclamaban por el sufragio femenino, la reivindicaci\u00f3n de la igualdad, la denuncia de la opresi\u00f3n social, familiar y laboral. Entonces, nacieron los \u00abmovimientos sufragistas\u00bb con figuras destacadas como la feminista Flora Trist\u00e1n.<\/p><\/div>\n<\/div>\n<div><\/div>\n<div><strong>S. XX, el siglo de las matanzas y reconocimientos definitivo de los derechos<\/strong><\/p>\n<p>El 3 de mayo de 1908 se realiz\u00f3 el primer acto por el D\u00eda de la Mujer en un teatro de Chicago y estuvieron al frente las socialistas Corinne Brown y Gertrude Breslau Hunt. \u00c9ste fue el antecedente de lo que sucedi\u00f3 el 28 de febrero de 1909: en Nueva York se celebr\u00f3 por primera vez el \u00abD\u00eda Nacional de la Mujer\u00bb, organizado por las Mujeres Socialistas luego de la huelga realizada el a\u00f1o anterior por trabajadores textiles que protestaron por las paup\u00e9rrimas condiciones en las que deb\u00edan trabajar. Al menos 15.000 mujeres marcharon en reclamo de la reducci\u00f3n de la jornada laboral, mejoras salariales y el derecho a votar. En noviembre de ese a\u00f1o se realiz\u00f3 el \u00abLevantamiento de las 20.000\u00bb tambi\u00e9n conocido como \u00abLa Huelga de las Camiseras\u00bb que signific\u00f3 la protesta de miles empleadas textiles.<\/p>\n<p>Un a\u00f1o m\u00e1s tarde se realiz\u00f3 la II Conferencia Internacional de Mujeres Socialistas en Copenhague, donde el reclamo central fue el sufragio universal para todas las mujeres y, a propuesta de Clara Zetkin (l\u00edder del levantamiento de las 20.000, perseguida gremial y miembro del Partido Comunista), se proclam\u00f3 el 8 de marzo como el D\u00eda Internacional de la Mujer Trabajadora. La moci\u00f3n fue respaldada un\u00e1nimemente por m\u00e1s de 100 mujeres procedentes de 17 pa\u00edses. De ella tambi\u00e9n participaron las pioneras en la reivindicaci\u00f3n de los derechos de las mujeres Rosa Luxemburgo, Aleksandra Kolont\u00e1i, Nadezhda Kr\u00fapskaya e Inessa Armand.<\/p>\n<p>Como resultado de la conferencia del a\u00f1o anterior, el 11 de marzo de 1911 se celebr\u00f3 por primera vez el D\u00eda Internacional de la Mujer Trabajadora en Alemania, Austria, Dinamarca y Suiza. De los distintos actos participaron m\u00e1s de un mill\u00f3n de personas que volvieron a exigir por el derecho a votar, a ocupar cargos p\u00fablicos, a tener igualdad laboral y acad\u00e9mica. Pero, seis d\u00edas despu\u00e9s (25 de marzo de 1911), 143 j\u00f3venes trabajadoras, la mayor\u00eda inmigrantes, murieron en el terrible incendio en la f\u00e1brica de camisas Triangle Shirtwaist (Nueva York). Este hecho fue bisagra para las mujeres.<\/p>\n<p>A\u00f1os m\u00e1s tarde, durante la Primera Guerra Mundial y la Revoluci\u00f3n Rusa hubo una serie de conflictos que tuvieron a las trabajadoras de pie y las huelgas representaban su modo de hacerse escuchar. Poco despu\u00e9s de la Revoluci\u00f3n de Octubre, la activista feminista Alexandra Kollontai(primera mujer de la historia en ocupar un puesto en el gobierno de una naci\u00f3n que consigui\u00f3 el voto femenino, el divorcio legal y el aborto) logr\u00f3 que el 8 de marzo sea considerado comocelebraci\u00f3n oficial en la Uni\u00f3n Sovi\u00e9tica, en lo que ser\u00eda el primer escal\u00f3n para institucionalizar ese d\u00eda como una celebraci\u00f3n oficial y no laborable, objetivo alcanzado el 8 de mayo de 1965mediante un decreto del S\u00f3viet Supremo de la ex URSS que declar\u00f3 el 8 de marzo como D\u00eda Internacional de la Mujer Trabajadora y no laborable.<\/p>\n<p>En diciembre de 1977 la Asamblea General de la ONU proclam\u00f3 el 8 de marzo como D\u00eda Internacional por los Derechos de la Mujer y la Paz Internacional. Actualmente todo el mundo conmemora este d\u00eda como la lucha de las miles de millones de mujeres que en el trascurso de la historia se unieron a los colectivos que reclamaron por los derechos laborales, c\u00edvicos, acad\u00e9micos, profesionales y el derecho sobre el propio cuerpo.<\/p>\n<p>En Am\u00e9rica muchas hero\u00ednas fueron protagonistas de las batallas de la Independencia y a\u00fan hoy miles de mujeres luchan cada d\u00eda por el derecho a la individualidad y por su vida. En Argentina, entre enero de 2008 y octubre de 2015, 2.041 mujeres fueron victimas de femicidio. <em>(Fernanda Jara &#8211; Infobae)<\/em><\/div>\n","protected":false},"excerpt":{"rendered":"<p>Lejos de los festejos, los regalos y las flores, la fecha recuerda la lucha de miles trabajadoras que reclamaron &mdash;hasta con la vida&mdash; por sus derechos. &iquest;Quienes fueron las escritoras de esta historia? La lucha de las mujeres trabajadoras, que d&iacute;a a d&iacute;a marchan en pie de igualdad con el hombre tanto en la sociedad [&hellip;]<\/p>\n","protected":false},"author":2,"featured_media":0,"comment_status":"open","ping_status":"open","sticky":false,"template":"","format":"standard","meta":{"fifu_image_url":"","fifu_image_alt":"","footnotes":""},"categories":[9],"tags":[],"class_list":{"0":"post-14187","1":"post","2":"type-post","3":"status-publish","4":"format-standard","6":"category-sociedad"},"yoast_head":"<title>\u00bfPor qu\u00e9 se conmemora hoy el D\u00eda Internacional de la Mujer? - Informe Litoral<\/title>\n<meta name=\"robots\" content=\"index, follow, max-snippet:-1, max-image-preview:large, max-video-preview:-1\" \/>\n<link rel=\"canonical\" href=\"https:\/\/informelitoral.com.ar\/por-que-se-conmemora-hoy-el-dia-internacional-de-la-mujer\/\" \/>\n<meta property=\"og:locale\" content=\"es_ES\" \/>\n<meta property=\"og:type\" content=\"article\" \/>\n<meta property=\"og:title\" content=\"\u00bfPor qu\u00e9 se conmemora hoy el D\u00eda Internacional de la Mujer? - Informe Litoral\" \/>\n<meta property=\"og:description\" content=\"Lejos de los festejos, los regalos y las flores, la fecha recuerda la lucha de miles trabajadoras que reclamaron &mdash;hasta con la vida&mdash; por sus derechos. &iquest;Quienes fueron las escritoras de esta historia? La lucha de las mujeres trabajadoras, que d&iacute;a a d&iacute;a marchan en pie de igualdad con el hombre tanto en la sociedad [&hellip;]\" \/>\n<meta property=\"og:url\" content=\"https:\/\/informelitoral.com.ar\/por-que-se-conmemora-hoy-el-dia-internacional-de-la-mujer\/\" \/>\n<meta property=\"og:site_name\" content=\"Informe Litoral\" \/>\n<meta property=\"article:publisher\" content=\"https:\/\/www.facebook.com\/informelitoral\/\" \/>\n<meta property=\"article:published_time\" content=\"2016-03-08T03:02:47+00:00\" \/>\n<meta property=\"article:modified_time\" content=\"2016-03-08T10:54:50+00:00\" \/>\n<meta property=\"og:image\" content=\"https:\/\/informelitoral.com.ar\/%77%70%2d%63%6f%6e%74%65%6e%74\/uploads\/2016\/03\/0014359771.jpg\" \/>\n\t<meta property=\"og:image:width\" content=\"770\" \/>\n\t<meta property=\"og:image:height\" content=\"433\" \/>\n\t<meta property=\"og:image:type\" content=\"image\/jpeg\" \/>\n<meta name=\"author\" content=\"Gonzalo Schmidt\" \/>\n<meta name=\"twitter:card\" content=\"summary_large_image\" \/>\n<meta name=\"twitter:creator\" content=\"@InformeLitoral\" \/>\n<meta name=\"twitter:site\" content=\"@InformeLitoral\" \/>\n<meta name=\"twitter:label1\" content=\"Escrito por\" \/>\n\t<meta name=\"twitter:data1\" content=\"Gonzalo Schmidt\" \/>\n\t<meta name=\"twitter:label2\" content=\"Tiempo de lectura\" \/>\n\t<meta name=\"twitter:data2\" content=\"6 minutos\" \/>\n<script type=\"application\/ld+json\" class=\"yoast-schema-graph\">{\"@context\":\"https:\\\/\\\/schema.org\",\"@graph\":[{\"@type\":\"Article\",\"@id\":\"https:\\\/\\\/informelitoral.com.ar\\\/por-que-se-conmemora-hoy-el-dia-internacional-de-la-mujer\\\/#article\",\"isPartOf\":{\"@id\":\"https:\\\/\\\/informelitoral.com.ar\\\/por-que-se-conmemora-hoy-el-dia-internacional-de-la-mujer\\\/\"},\"author\":{\"name\":\"Gonzalo Schmidt\",\"@id\":\"https:\\\/\\\/informelitoral.com.ar\\\/#\\\/schema\\\/person\\\/b9d00407c836482871ef1d57bf8e3180\"},\"headline\":\"\u00bfPor qu\u00e9 se conmemora hoy el D\u00eda Internacional de la Mujer?\",\"datePublished\":\"2016-03-08T03:02:47+00:00\",\"dateModified\":\"2016-03-08T10:54:50+00:00\",\"mainEntityOfPage\":{\"@id\":\"https:\\\/\\\/informelitoral.com.ar\\\/por-que-se-conmemora-hoy-el-dia-internacional-de-la-mujer\\\/\"},\"wordCount\":1139,\"commentCount\":0,\"publisher\":{\"@id\":\"https:\\\/\\\/informelitoral.com.ar\\\/#organization\"},\"image\":{\"@id\":\"https:\\\/\\\/informelitoral.com.ar\\\/por-que-se-conmemora-hoy-el-dia-internacional-de-la-mujer\\\/#primaryimage\"},\"thumbnailUrl\":\"http:\\\/\\\/www.isletasnoticias.com.ar\\\/%77%70%2d%63%6f%6e%74%65%6e%74\\\/uploads\\\/2016\\\/03\\\/0014359771.jpg\",\"articleSection\":[\"Sociedad\"],\"inLanguage\":\"es\",\"potentialAction\":[{\"@type\":\"CommentAction\",\"name\":\"Comment\",\"target\":[\"https:\\\/\\\/informelitoral.com.ar\\\/por-que-se-conmemora-hoy-el-dia-internacional-de-la-mujer\\\/#respond\"]}]},{\"@type\":\"WebPage\",\"@id\":\"https:\\\/\\\/informelitoral.com.ar\\\/por-que-se-conmemora-hoy-el-dia-internacional-de-la-mujer\\\/\",\"url\":\"https:\\\/\\\/informelitoral.com.ar\\\/por-que-se-conmemora-hoy-el-dia-internacional-de-la-mujer\\\/\",\"name\":\"\u00bfPor qu\u00e9 se conmemora hoy el D\u00eda Internacional de la Mujer? - Informe Litoral\",\"isPartOf\":{\"@id\":\"https:\\\/\\\/informelitoral.com.ar\\\/#website\"},\"primaryImageOfPage\":{\"@id\":\"https:\\\/\\\/informelitoral.com.ar\\\/por-que-se-conmemora-hoy-el-dia-internacional-de-la-mujer\\\/#primaryimage\"},\"image\":{\"@id\":\"https:\\\/\\\/informelitoral.com.ar\\\/por-que-se-conmemora-hoy-el-dia-internacional-de-la-mujer\\\/#primaryimage\"},\"thumbnailUrl\":\"http:\\\/\\\/www.isletasnoticias.com.ar\\\/%77%70%2d%63%6f%6e%74%65%6e%74\\\/uploads\\\/2016\\\/03\\\/0014359771.jpg\",\"datePublished\":\"2016-03-08T03:02:47+00:00\",\"dateModified\":\"2016-03-08T10:54:50+00:00\",\"breadcrumb\":{\"@id\":\"https:\\\/\\\/informelitoral.com.ar\\\/por-que-se-conmemora-hoy-el-dia-internacional-de-la-mujer\\\/#breadcrumb\"},\"inLanguage\":\"es\",\"potentialAction\":[{\"@type\":\"ReadAction\",\"target\":[\"https:\\\/\\\/informelitoral.com.ar\\\/por-que-se-conmemora-hoy-el-dia-internacional-de-la-mujer\\\/\"]}]},{\"@type\":\"ImageObject\",\"inLanguage\":\"es\",\"@id\":\"https:\\\/\\\/informelitoral.com.ar\\\/por-que-se-conmemora-hoy-el-dia-internacional-de-la-mujer\\\/#primaryimage\",\"url\":\"http:\\\/\\\/www.isletasnoticias.com.ar\\\/%77%70%2d%63%6f%6e%74%65%6e%74\\\/uploads\\\/2016\\\/03\\\/0014359771.jpg\",\"contentUrl\":\"http:\\\/\\\/www.isletasnoticias.com.ar\\\/%77%70%2d%63%6f%6e%74%65%6e%74\\\/uploads\\\/2016\\\/03\\\/0014359771.jpg\"},{\"@type\":\"BreadcrumbList\",\"@id\":\"https:\\\/\\\/informelitoral.com.ar\\\/por-que-se-conmemora-hoy-el-dia-internacional-de-la-mujer\\\/#breadcrumb\",\"itemListElement\":[{\"@type\":\"ListItem\",\"position\":1,\"name\":\"Portada\",\"item\":\"https:\\\/\\\/informelitoral.com.ar\\\/\"},{\"@type\":\"ListItem\",\"position\":2,\"name\":\"\u00bfPor qu\u00e9 se conmemora hoy el D\u00eda Internacional de la Mujer?\"}]},{\"@type\":\"WebSite\",\"@id\":\"https:\\\/\\\/informelitoral.com.ar\\\/#website\",\"url\":\"https:\\\/\\\/informelitoral.com.ar\\\/\",\"name\":\"Informe Litoral\",\"description\":\"&quot;Nos informamos&quot; \",\"publisher\":{\"@id\":\"https:\\\/\\\/informelitoral.com.ar\\\/#organization\"},\"potentialAction\":[{\"@type\":\"SearchAction\",\"target\":{\"@type\":\"EntryPoint\",\"urlTemplate\":\"https:\\\/\\\/informelitoral.com.ar\\\/?s={search_term_string}\"},\"query-input\":{\"@type\":\"PropertyValueSpecification\",\"valueRequired\":true,\"valueName\":\"search_term_string\"}}],\"inLanguage\":\"es\"},{\"@type\":\"Organization\",\"@id\":\"https:\\\/\\\/informelitoral.com.ar\\\/#organization\",\"name\":\"Informe Litoral\",\"url\":\"https:\\\/\\\/informelitoral.com.ar\\\/\",\"logo\":{\"@type\":\"ImageObject\",\"inLanguage\":\"es\",\"@id\":\"https:\\\/\\\/informelitoral.com.ar\\\/#\\\/schema\\\/logo\\\/image\\\/\",\"url\":\"https:\\\/\\\/informelitoral.com.ar\\\/%77%70%2d%63%6f%6e%74%65%6e%74\\\/uploads\\\/2021\\\/01\\\/circulo.png\",\"contentUrl\":\"https:\\\/\\\/informelitoral.com.ar\\\/%77%70%2d%63%6f%6e%74%65%6e%74\\\/uploads\\\/2021\\\/01\\\/circulo.png\",\"width\":723,\"height\":731,\"caption\":\"Informe Litoral\"},\"image\":{\"@id\":\"https:\\\/\\\/informelitoral.com.ar\\\/#\\\/schema\\\/logo\\\/image\\\/\"},\"sameAs\":[\"https:\\\/\\\/www.facebook.com\\\/informelitoral\\\/\",\"https:\\\/\\\/x.com\\\/InformeLitoral\",\"https:\\\/\\\/www.instagram.com\\\/informelitoral\\\/\",\"https:\\\/\\\/www.youtube.com\\\/channel\\\/UCua4Qvz8Icb6MYqhoq9xLXw\"]},{\"@type\":\"Person\",\"@id\":\"https:\\\/\\\/informelitoral.com.ar\\\/#\\\/schema\\\/person\\\/b9d00407c836482871ef1d57bf8e3180\",\"name\":\"Gonzalo Schmidt\",\"image\":{\"@type\":\"ImageObject\",\"inLanguage\":\"es\",\"@id\":\"https:\\\/\\\/secure.gravatar.com\\\/avatar\\\/31a1a7b66ff2de83bd0e9fd79d026630d2d99e55e8bfe501287647b4fd9743de?s=96&d=mm&r=g\",\"url\":\"https:\\\/\\\/secure.gravatar.com\\\/avatar\\\/31a1a7b66ff2de83bd0e9fd79d026630d2d99e55e8bfe501287647b4fd9743de?s=96&d=mm&r=g\",\"contentUrl\":\"https:\\\/\\\/secure.gravatar.com\\\/avatar\\\/31a1a7b66ff2de83bd0e9fd79d026630d2d99e55e8bfe501287647b4fd9743de?s=96&d=mm&r=g\",\"caption\":\"Gonzalo Schmidt\"},\"description\":\"Sitio web de noticias de la provincia de Entre R\u00edos, Argentina. Informaci\u00f3n y entretenimiento. Informe Litoral, nos informamos.\",\"sameAs\":[\"http:\\\/\\\/www.isletasnoticias.com.ar\"],\"url\":\"https:\\\/\\\/informelitoral.com.ar\\\/author\\\/gonzalo\\\/\"}]}<\/script>","yoast_head_json":{"title":"\u00bfPor qu\u00e9 se conmemora hoy el D\u00eda Internacional de la Mujer? - Informe Litoral","robots":{"index":"index","follow":"follow","max-snippet":"max-snippet:-1","max-image-preview":"max-image-preview:large","max-video-preview":"max-video-preview:-1"},"canonical":"https:\/\/informelitoral.com.ar\/por-que-se-conmemora-hoy-el-dia-internacional-de-la-mujer\/","og_locale":"es_ES","og_type":"article","og_title":"\u00bfPor qu\u00e9 se conmemora hoy el D\u00eda Internacional de la Mujer? - Informe Litoral","og_description":"Lejos de los festejos, los regalos y las flores, la fecha recuerda la lucha de miles trabajadoras que reclamaron &mdash;hasta con la vida&mdash; por sus derechos. &iquest;Quienes fueron las escritoras de esta historia? La lucha de las mujeres trabajadoras, que d&iacute;a a d&iacute;a marchan en pie de igualdad con el hombre tanto en la sociedad [&hellip;]","og_url":"https:\/\/informelitoral.com.ar\/por-que-se-conmemora-hoy-el-dia-internacional-de-la-mujer\/","og_site_name":"Informe Litoral","article_publisher":"https:\/\/www.facebook.com\/informelitoral\/","article_published_time":"2016-03-08T03:02:47+00:00","article_modified_time":"2016-03-08T10:54:50+00:00","og_image":[{"width":770,"height":433,"url":"https:\/\/informelitoral.com.ar\/%77%70%2d%63%6f%6e%74%65%6e%74\/uploads\/2016\/03\/0014359771.jpg","type":"image\/jpeg"}],"author":"Gonzalo Schmidt","twitter_card":"summary_large_image","twitter_creator":"@InformeLitoral","twitter_site":"@InformeLitoral","twitter_misc":{"Escrito por":"Gonzalo Schmidt","Tiempo de lectura":"6 minutos"},"schema":{"@context":"https:\/\/schema.org","@graph":[{"@type":"Article","@id":"https:\/\/informelitoral.com.ar\/por-que-se-conmemora-hoy-el-dia-internacional-de-la-mujer\/#article","isPartOf":{"@id":"https:\/\/informelitoral.com.ar\/por-que-se-conmemora-hoy-el-dia-internacional-de-la-mujer\/"},"author":{"name":"Gonzalo Schmidt","@id":"https:\/\/informelitoral.com.ar\/#\/schema\/person\/b9d00407c836482871ef1d57bf8e3180"},"headline":"\u00bfPor qu\u00e9 se conmemora hoy el D\u00eda Internacional de la Mujer?","datePublished":"2016-03-08T03:02:47+00:00","dateModified":"2016-03-08T10:54:50+00:00","mainEntityOfPage":{"@id":"https:\/\/informelitoral.com.ar\/por-que-se-conmemora-hoy-el-dia-internacional-de-la-mujer\/"},"wordCount":1139,"commentCount":0,"publisher":{"@id":"https:\/\/informelitoral.com.ar\/#organization"},"image":{"@id":"https:\/\/informelitoral.com.ar\/por-que-se-conmemora-hoy-el-dia-internacional-de-la-mujer\/#primaryimage"},"thumbnailUrl":"http:\/\/www.isletasnoticias.com.ar\/%77%70%2d%63%6f%6e%74%65%6e%74\/uploads\/2016\/03\/0014359771.jpg","articleSection":["Sociedad"],"inLanguage":"es","potentialAction":[{"@type":"CommentAction","name":"Comment","target":["https:\/\/informelitoral.com.ar\/por-que-se-conmemora-hoy-el-dia-internacional-de-la-mujer\/#respond"]}]},{"@type":"WebPage","@id":"https:\/\/informelitoral.com.ar\/por-que-se-conmemora-hoy-el-dia-internacional-de-la-mujer\/","url":"https:\/\/informelitoral.com.ar\/por-que-se-conmemora-hoy-el-dia-internacional-de-la-mujer\/","name":"\u00bfPor qu\u00e9 se conmemora hoy el D\u00eda Internacional de la Mujer? - Informe Litoral","isPartOf":{"@id":"https:\/\/informelitoral.com.ar\/#website"},"primaryImageOfPage":{"@id":"https:\/\/informelitoral.com.ar\/por-que-se-conmemora-hoy-el-dia-internacional-de-la-mujer\/#primaryimage"},"image":{"@id":"https:\/\/informelitoral.com.ar\/por-que-se-conmemora-hoy-el-dia-internacional-de-la-mujer\/#primaryimage"},"thumbnailUrl":"http:\/\/www.isletasnoticias.com.ar\/%77%70%2d%63%6f%6e%74%65%6e%74\/uploads\/2016\/03\/0014359771.jpg","datePublished":"2016-03-08T03:02:47+00:00","dateModified":"2016-03-08T10:54:50+00:00","breadcrumb":{"@id":"https:\/\/informelitoral.com.ar\/por-que-se-conmemora-hoy-el-dia-internacional-de-la-mujer\/#breadcrumb"},"inLanguage":"es","potentialAction":[{"@type":"ReadAction","target":["https:\/\/informelitoral.com.ar\/por-que-se-conmemora-hoy-el-dia-internacional-de-la-mujer\/"]}]},{"@type":"ImageObject","inLanguage":"es","@id":"https:\/\/informelitoral.com.ar\/por-que-se-conmemora-hoy-el-dia-internacional-de-la-mujer\/#primaryimage","url":"http:\/\/www.isletasnoticias.com.ar\/%77%70%2d%63%6f%6e%74%65%6e%74\/uploads\/2016\/03\/0014359771.jpg","contentUrl":"http:\/\/www.isletasnoticias.com.ar\/%77%70%2d%63%6f%6e%74%65%6e%74\/uploads\/2016\/03\/0014359771.jpg"},{"@type":"BreadcrumbList","@id":"https:\/\/informelitoral.com.ar\/por-que-se-conmemora-hoy-el-dia-internacional-de-la-mujer\/#breadcrumb","itemListElement":[{"@type":"ListItem","position":1,"name":"Portada","item":"https:\/\/informelitoral.com.ar\/"},{"@type":"ListItem","position":2,"name":"\u00bfPor qu\u00e9 se conmemora hoy el D\u00eda Internacional de la Mujer?"}]},{"@type":"WebSite","@id":"https:\/\/informelitoral.com.ar\/#website","url":"https:\/\/informelitoral.com.ar\/","name":"Informe Litoral","description":"&quot;Nos informamos&quot; ","publisher":{"@id":"https:\/\/informelitoral.com.ar\/#organization"},"potentialAction":[{"@type":"SearchAction","target":{"@type":"EntryPoint","urlTemplate":"https:\/\/informelitoral.com.ar\/?s={search_term_string}"},"query-input":{"@type":"PropertyValueSpecification","valueRequired":true,"valueName":"search_term_string"}}],"inLanguage":"es"},{"@type":"Organization","@id":"https:\/\/informelitoral.com.ar\/#organization","name":"Informe Litoral","url":"https:\/\/informelitoral.com.ar\/","logo":{"@type":"ImageObject","inLanguage":"es","@id":"https:\/\/informelitoral.com.ar\/#\/schema\/logo\/image\/","url":"https:\/\/informelitoral.com.ar\/%77%70%2d%63%6f%6e%74%65%6e%74\/uploads\/2021\/01\/circulo.png","contentUrl":"https:\/\/informelitoral.com.ar\/%77%70%2d%63%6f%6e%74%65%6e%74\/uploads\/2021\/01\/circulo.png","width":723,"height":731,"caption":"Informe Litoral"},"image":{"@id":"https:\/\/informelitoral.com.ar\/#\/schema\/logo\/image\/"},"sameAs":["https:\/\/www.facebook.com\/informelitoral\/","https:\/\/x.com\/InformeLitoral","https:\/\/www.instagram.com\/informelitoral\/","https:\/\/www.youtube.com\/channel\/UCua4Qvz8Icb6MYqhoq9xLXw"]},{"@type":"Person","@id":"https:\/\/informelitoral.com.ar\/#\/schema\/person\/b9d00407c836482871ef1d57bf8e3180","name":"Gonzalo Schmidt","image":{"@type":"ImageObject","inLanguage":"es","@id":"https:\/\/secure.gravatar.com\/avatar\/31a1a7b66ff2de83bd0e9fd79d026630d2d99e55e8bfe501287647b4fd9743de?s=96&d=mm&r=g","url":"https:\/\/secure.gravatar.com\/avatar\/31a1a7b66ff2de83bd0e9fd79d026630d2d99e55e8bfe501287647b4fd9743de?s=96&d=mm&r=g","contentUrl":"https:\/\/secure.gravatar.com\/avatar\/31a1a7b66ff2de83bd0e9fd79d026630d2d99e55e8bfe501287647b4fd9743de?s=96&d=mm&r=g","caption":"Gonzalo Schmidt"},"description":"Sitio web de noticias de la provincia de Entre R\u00edos, Argentina. Informaci\u00f3n y entretenimiento. Informe Litoral, nos informamos.","sameAs":["http:\/\/www.isletasnoticias.com.ar"],"url":"https:\/\/informelitoral.com.ar\/author\/gonzalo\/"}]}},"_links":{"self":[{"href":"https:\/\/informelitoral.com.ar\/%77%70%2d%6a%73%6f%6e\/wp\/v2\/posts\/14187","targetHints":{"allow":["GET"]}}],"collection":[{"href":"https:\/\/informelitoral.com.ar\/%77%70%2d%6a%73%6f%6e\/wp\/v2\/posts"}],"about":[{"href":"https:\/\/informelitoral.com.ar\/%77%70%2d%6a%73%6f%6e\/wp\/v2\/types\/post"}],"author":[{"embeddable":true,"href":"https:\/\/informelitoral.com.ar\/%77%70%2d%6a%73%6f%6e\/wp\/v2\/users\/2"}],"replies":[{"embeddable":true,"href":"https:\/\/informelitoral.com.ar\/%77%70%2d%6a%73%6f%6e\/wp\/v2\/comments?post=14187"}],"version-history":[{"count":0,"href":"https:\/\/informelitoral.com.ar\/%77%70%2d%6a%73%6f%6e\/wp\/v2\/posts\/14187\/revisions"}],"wp:attachment":[{"href":"https:\/\/informelitoral.com.ar\/%77%70%2d%6a%73%6f%6e\/wp\/v2\/media?parent=14187"}],"wp:term":[{"taxonomy":"category","embeddable":true,"href":"https:\/\/informelitoral.com.ar\/%77%70%2d%6a%73%6f%6e\/wp\/v2\/categories?post=14187"},{"taxonomy":"post_tag","embeddable":true,"href":"https:\/\/informelitoral.com.ar\/%77%70%2d%6a%73%6f%6e\/wp\/v2\/tags?post=14187"}],"curies":[{"name":"wp","href":"https:\/\/api.w.org\/{rel}","templated":true}]}}