{"id":14183,"date":"2016-03-08T05:30:38","date_gmt":"2016-03-08T08:30:38","guid":{"rendered":"http:\/\/www.isletasnoticias.com.ar\/?p=14183"},"modified":"2016-03-08T07:42:28","modified_gmt":"2016-03-08T10:42:28","slug":"parana-una-revista-que-trata-la-violencia-de-genero-que-afecta-a-los-jovenes","status":"publish","type":"post","link":"https:\/\/informelitoral.com.ar\/parana-una-revista-que-trata-la-violencia-de-genero-que-afecta-a-los-jovenes\/","title":{"rendered":"Paran\u00e1: una revista que trata la violencia de g\u00e9nero que afecta a los j\u00f3venes"},"content":{"rendered":"<p><strong>La d\u00e9cima edici\u00f3n de la revista <em>Mal de Ojos<\/em> invita a reflexionar sobre las distintas problem\u00e1ticas vinculadas con las violencias de g\u00e9nero que afectan a los j\u00f3venes de Entre R\u00edos y Santa Fe. La publicaci\u00f3n es realizada por estudiantes y profesores del Taller de Producci\u00f3n Period\u00edstica de la Licenciatura en Comunicaci\u00f3n Social de la Universidad Nacional de Entre R\u00edos (UNER).<\/strong><\/p>\n<figure id=\"attachment_14184\" aria-describedby=\"caption-attachment-14184\" style=\"width: 460px\" class=\"wp-caption aligncenter\"><a href=\"http:\/\/www.isletasnoticias.com.ar\/%77%70%2d%63%6f%6e%74%65%6e%74\/uploads\/2016\/03\/Tapa-de-la-revista.jpg\" rel=\"attachment wp-att-14184\"><img loading=\"lazy\" decoding=\"async\" class=\"wp-image-14184 size-full\" src=\"http:\/\/www.isletasnoticias.com.ar\/%77%70%2d%63%6f%6e%74%65%6e%74\/uploads\/2016\/03\/Tapa-de-la-revista.jpg\" alt=\"Tapa de la revista\" width=\"460\" height=\"650\" srcset=\"https:\/\/informelitoral.com.ar\/%77%70%2d%63%6f%6e%74%65%6e%74\/uploads\/2016\/03\/Tapa-de-la-revista.jpg 460w, https:\/\/informelitoral.com.ar\/%77%70%2d%63%6f%6e%74%65%6e%74\/uploads\/2016\/03\/Tapa-de-la-revista-212x300.jpg 212w\" sizes=\"auto, (max-width: 460px) 100vw, 460px\" \/><\/a><figcaption id=\"caption-attachment-14184\" class=\"wp-caption-text\"><em>Tapa de la d\u00e9cima edici\u00f3n de la revista Mal de Ojos<\/em><\/figcaption><\/figure>\n<p>En esta edici\u00f3n, la revista\u00a0<em>Mal de Ojos<\/em> analiza las relaciones de <strong>noviazgos violentos<\/strong> entre los j\u00f3venes de Paran\u00e1 y Santa Fe y la influencia que tienen las concepciones de amor rom\u00e1ntico que suelen prevalecer en los v\u00ednculos afectivos.<\/p>\n<p>La trata de j\u00f3venes con fines de<strong> explotaci\u00f3n sexual<\/strong> tambi\u00e9n forma parte de los desarrollos de la publicaci\u00f3n. Las principales afectadas suelen ser las mujeres y ni\u00f1as de bajo nivel sociecon\u00f3mico que muchas veces son captadas mediante fraudes, raptos, enga\u00f1os o abusos de poder. De esto dan cuenta, por ejemplo, los relatos de docentes de la Escuela de Educaci\u00f3n Secundaria Orientada n\u00famero 511 Juana Azurduy del barrio San Lorenzo en Santa Fe quienes debieron movilizarse junto a la comunidad para exigir la aparici\u00f3n de una de las estudiantes.<\/p>\n<p>Otra de las secciones se centra en las relaciones de <strong>violencia dom\u00e9stica<\/strong> y, entre ellos, se destaca el informe que narra c\u00f3mo se experimenta esta problem\u00e1tica en una localidad como Urdinarrain.<\/p>\n<p>Adem\u00e1s Mal de Ojos trabaja sobre los conflictos que se generan a partir del <strong>contenido de algunos programas televisivos y radiales de Paran\u00e1<\/strong> que han sido denunciados por incumplir con la ley de Protecci\u00f3n Integral de Ni\u00f1os y Adolescentes a la que adhiere la Ley de Servicios de Comunicaci\u00f3n Audiovisual. Los otros temas desarrollados se centran en el acoso escolar y virtual; la discriminaci\u00f3n en los boliches bailables y la desigualdad de g\u00e9nero en el deporte.<\/p>\n<p>La revista fue realizada en la imprenta de la Editorial de la Universidad Nacional de Entre R\u00edos y puede obtenerse de forma gratuita en la Secretar\u00eda de Extensi\u00f3n de la Facultad de Ciencias de la Educaci\u00f3n.<\/p>\n<p><strong>Sobre Mal de Ojos<\/strong><\/p>\n<p>Mal de Ojos: mirar fuerte los temas que nos comprometen, es una revista period\u00edstica de tipo educativo cultural que cada a\u00f1o aborda tem\u00e1ticas relacionadas con los j\u00f3venes de Entre R\u00edos y Santa Fe. La publicaci\u00f3n se realiza como parte del Proyecto de Extensi\u00f3n \u201cPeriodismo en la Universidad y la Escuela Secundaria\u201d que propone que el aprendizaje se realice a partir del ejercicio period\u00edstico. De este modo, los estudiantes que realizan el Taller de Producci\u00f3n Period\u00edstica de la Licenciatura en Comunicaci\u00f3n Social producen informes period\u00edsticos que luego se seleccionan y editan para la publicaci\u00f3n en la revista.<\/p>\n<p>Mal de Ojos se distribuye de manera gratuita entre distintas organizaciones sociales, la universidad y medios de comunicaci\u00f3n. Especialmente se trabaja con los estudiantes y profesores de las escuelas secundarias ya que los ejes que aborda, las fuentes consultadas y el estilo, facilitan que las mismas se trabajen en el aula.<\/p>\n<p>La directora general es la profesora Aixa Boeykens quien trabaja junto al equipo editorial integrado por los docentes Ignacio Gonz\u00e1lez Lowy y Oscar Bosetti. A la vez, la edici\u00f3n de la revista y la producci\u00f3n est\u00e1n a cargo de estudiantes del Taller de Producci\u00f3n Period\u00edstica y de un equipo que participa en la misma. Este a\u00f1o la diagramaci\u00f3n estuvo a cargo de la estudiante Rosina Espiro.<\/p>\n","protected":false},"excerpt":{"rendered":"<p>La d&eacute;cima edici&oacute;n de la revista Mal de Ojos invita a reflexionar sobre las distintas problem&aacute;ticas vinculadas con las violencias de g&eacute;nero que afectan a los j&oacute;venes de Entre R&iacute;os y Santa Fe. La publicaci&oacute;n es realizada por estudiantes y profesores del Taller de Producci&oacute;n Period&iacute;stica de la Licenciatura en Comunicaci&oacute;n Social de la Universidad [&hellip;]<\/p>\n","protected":false},"author":2,"featured_media":0,"comment_status":"open","ping_status":"open","sticky":false,"template":"","format":"standard","meta":{"fifu_image_url":"","fifu_image_alt":"","footnotes":""},"categories":[6,9],"tags":[],"class_list":{"0":"post-14183","1":"post","2":"type-post","3":"status-publish","4":"format-standard","6":"category-entre-rios","7":"category-sociedad"},"yoast_head":"<title>Paran\u00e1: una revista que trata la violencia de g\u00e9nero que afecta a los j\u00f3venes - Informe Litoral<\/title>\n<meta name=\"robots\" content=\"index, follow, max-snippet:-1, max-image-preview:large, max-video-preview:-1\" \/>\n<link rel=\"canonical\" href=\"https:\/\/informelitoral.com.ar\/parana-una-revista-que-trata-la-violencia-de-genero-que-afecta-a-los-jovenes\/\" \/>\n<meta property=\"og:locale\" content=\"es_ES\" \/>\n<meta property=\"og:type\" content=\"article\" \/>\n<meta property=\"og:title\" content=\"Paran\u00e1: una revista que trata la violencia de g\u00e9nero que afecta a los j\u00f3venes - Informe Litoral\" \/>\n<meta property=\"og:description\" content=\"La d&eacute;cima edici&oacute;n de la revista Mal de Ojos invita a reflexionar sobre las distintas problem&aacute;ticas vinculadas con las violencias de g&eacute;nero que afectan a los j&oacute;venes de Entre R&iacute;os y Santa Fe. La publicaci&oacute;n es realizada por estudiantes y profesores del Taller de Producci&oacute;n Period&iacute;stica de la Licenciatura en Comunicaci&oacute;n Social de la Universidad [&hellip;]\" \/>\n<meta property=\"og:url\" content=\"https:\/\/informelitoral.com.ar\/parana-una-revista-que-trata-la-violencia-de-genero-que-afecta-a-los-jovenes\/\" \/>\n<meta property=\"og:site_name\" content=\"Informe Litoral\" \/>\n<meta property=\"article:publisher\" content=\"https:\/\/www.facebook.com\/informelitoral\/\" \/>\n<meta property=\"article:published_time\" content=\"2016-03-08T08:30:38+00:00\" \/>\n<meta property=\"article:modified_time\" content=\"2016-03-08T10:42:28+00:00\" \/>\n<meta property=\"og:image\" content=\"https:\/\/informelitoral.com.ar\/%77%70%2d%63%6f%6e%74%65%6e%74\/uploads\/2016\/03\/Tapa-de-la-revista.jpg\" \/>\n\t<meta property=\"og:image:width\" content=\"460\" \/>\n\t<meta property=\"og:image:height\" content=\"650\" \/>\n\t<meta property=\"og:image:type\" content=\"image\/jpeg\" \/>\n<meta name=\"author\" content=\"Gonzalo Schmidt\" \/>\n<meta name=\"twitter:card\" content=\"summary_large_image\" \/>\n<meta name=\"twitter:creator\" content=\"@InformeLitoral\" \/>\n<meta name=\"twitter:site\" content=\"@InformeLitoral\" \/>\n<meta name=\"twitter:label1\" content=\"Escrito por\" \/>\n\t<meta name=\"twitter:data1\" content=\"Gonzalo Schmidt\" \/>\n\t<meta name=\"twitter:label2\" content=\"Tiempo de lectura\" \/>\n\t<meta name=\"twitter:data2\" content=\"3 minutos\" \/>\n<script type=\"application\/ld+json\" class=\"yoast-schema-graph\">{\"@context\":\"https:\\\/\\\/schema.org\",\"@graph\":[{\"@type\":\"Article\",\"@id\":\"https:\\\/\\\/informelitoral.com.ar\\\/parana-una-revista-que-trata-la-violencia-de-genero-que-afecta-a-los-jovenes\\\/#article\",\"isPartOf\":{\"@id\":\"https:\\\/\\\/informelitoral.com.ar\\\/parana-una-revista-que-trata-la-violencia-de-genero-que-afecta-a-los-jovenes\\\/\"},\"author\":{\"name\":\"Gonzalo Schmidt\",\"@id\":\"https:\\\/\\\/informelitoral.com.ar\\\/#\\\/schema\\\/person\\\/b9d00407c836482871ef1d57bf8e3180\"},\"headline\":\"Paran\u00e1: una revista que trata la violencia de g\u00e9nero que afecta a los j\u00f3venes\",\"datePublished\":\"2016-03-08T08:30:38+00:00\",\"dateModified\":\"2016-03-08T10:42:28+00:00\",\"mainEntityOfPage\":{\"@id\":\"https:\\\/\\\/informelitoral.com.ar\\\/parana-una-revista-que-trata-la-violencia-de-genero-que-afecta-a-los-jovenes\\\/\"},\"wordCount\":642,\"commentCount\":0,\"publisher\":{\"@id\":\"https:\\\/\\\/informelitoral.com.ar\\\/#organization\"},\"image\":{\"@id\":\"https:\\\/\\\/informelitoral.com.ar\\\/parana-una-revista-que-trata-la-violencia-de-genero-que-afecta-a-los-jovenes\\\/#primaryimage\"},\"thumbnailUrl\":\"http:\\\/\\\/www.isletasnoticias.com.ar\\\/%77%70%2d%63%6f%6e%74%65%6e%74\\\/uploads\\\/2016\\\/03\\\/Tapa-de-la-revista.jpg\",\"articleSection\":[\"Entre R\u00edos\",\"Sociedad\"],\"inLanguage\":\"es\",\"potentialAction\":[{\"@type\":\"CommentAction\",\"name\":\"Comment\",\"target\":[\"https:\\\/\\\/informelitoral.com.ar\\\/parana-una-revista-que-trata-la-violencia-de-genero-que-afecta-a-los-jovenes\\\/#respond\"]}]},{\"@type\":\"WebPage\",\"@id\":\"https:\\\/\\\/informelitoral.com.ar\\\/parana-una-revista-que-trata-la-violencia-de-genero-que-afecta-a-los-jovenes\\\/\",\"url\":\"https:\\\/\\\/informelitoral.com.ar\\\/parana-una-revista-que-trata-la-violencia-de-genero-que-afecta-a-los-jovenes\\\/\",\"name\":\"Paran\u00e1: una revista que trata la violencia de g\u00e9nero que afecta a los j\u00f3venes - Informe Litoral\",\"isPartOf\":{\"@id\":\"https:\\\/\\\/informelitoral.com.ar\\\/#website\"},\"primaryImageOfPage\":{\"@id\":\"https:\\\/\\\/informelitoral.com.ar\\\/parana-una-revista-que-trata-la-violencia-de-genero-que-afecta-a-los-jovenes\\\/#primaryimage\"},\"image\":{\"@id\":\"https:\\\/\\\/informelitoral.com.ar\\\/parana-una-revista-que-trata-la-violencia-de-genero-que-afecta-a-los-jovenes\\\/#primaryimage\"},\"thumbnailUrl\":\"http:\\\/\\\/www.isletasnoticias.com.ar\\\/%77%70%2d%63%6f%6e%74%65%6e%74\\\/uploads\\\/2016\\\/03\\\/Tapa-de-la-revista.jpg\",\"datePublished\":\"2016-03-08T08:30:38+00:00\",\"dateModified\":\"2016-03-08T10:42:28+00:00\",\"breadcrumb\":{\"@id\":\"https:\\\/\\\/informelitoral.com.ar\\\/parana-una-revista-que-trata-la-violencia-de-genero-que-afecta-a-los-jovenes\\\/#breadcrumb\"},\"inLanguage\":\"es\",\"potentialAction\":[{\"@type\":\"ReadAction\",\"target\":[\"https:\\\/\\\/informelitoral.com.ar\\\/parana-una-revista-que-trata-la-violencia-de-genero-que-afecta-a-los-jovenes\\\/\"]}]},{\"@type\":\"ImageObject\",\"inLanguage\":\"es\",\"@id\":\"https:\\\/\\\/informelitoral.com.ar\\\/parana-una-revista-que-trata-la-violencia-de-genero-que-afecta-a-los-jovenes\\\/#primaryimage\",\"url\":\"http:\\\/\\\/www.isletasnoticias.com.ar\\\/%77%70%2d%63%6f%6e%74%65%6e%74\\\/uploads\\\/2016\\\/03\\\/Tapa-de-la-revista.jpg\",\"contentUrl\":\"http:\\\/\\\/www.isletasnoticias.com.ar\\\/%77%70%2d%63%6f%6e%74%65%6e%74\\\/uploads\\\/2016\\\/03\\\/Tapa-de-la-revista.jpg\"},{\"@type\":\"BreadcrumbList\",\"@id\":\"https:\\\/\\\/informelitoral.com.ar\\\/parana-una-revista-que-trata-la-violencia-de-genero-que-afecta-a-los-jovenes\\\/#breadcrumb\",\"itemListElement\":[{\"@type\":\"ListItem\",\"position\":1,\"name\":\"Portada\",\"item\":\"https:\\\/\\\/informelitoral.com.ar\\\/\"},{\"@type\":\"ListItem\",\"position\":2,\"name\":\"Paran\u00e1: una revista que trata la violencia de g\u00e9nero que afecta a los j\u00f3venes\"}]},{\"@type\":\"WebSite\",\"@id\":\"https:\\\/\\\/informelitoral.com.ar\\\/#website\",\"url\":\"https:\\\/\\\/informelitoral.com.ar\\\/\",\"name\":\"Informe Litoral\",\"description\":\"&quot;Nos informamos&quot; \",\"publisher\":{\"@id\":\"https:\\\/\\\/informelitoral.com.ar\\\/#organization\"},\"potentialAction\":[{\"@type\":\"SearchAction\",\"target\":{\"@type\":\"EntryPoint\",\"urlTemplate\":\"https:\\\/\\\/informelitoral.com.ar\\\/?s={search_term_string}\"},\"query-input\":{\"@type\":\"PropertyValueSpecification\",\"valueRequired\":true,\"valueName\":\"search_term_string\"}}],\"inLanguage\":\"es\"},{\"@type\":\"Organization\",\"@id\":\"https:\\\/\\\/informelitoral.com.ar\\\/#organization\",\"name\":\"Informe Litoral\",\"url\":\"https:\\\/\\\/informelitoral.com.ar\\\/\",\"logo\":{\"@type\":\"ImageObject\",\"inLanguage\":\"es\",\"@id\":\"https:\\\/\\\/informelitoral.com.ar\\\/#\\\/schema\\\/logo\\\/image\\\/\",\"url\":\"https:\\\/\\\/informelitoral.com.ar\\\/%77%70%2d%63%6f%6e%74%65%6e%74\\\/uploads\\\/2021\\\/01\\\/circulo.png\",\"contentUrl\":\"https:\\\/\\\/informelitoral.com.ar\\\/%77%70%2d%63%6f%6e%74%65%6e%74\\\/uploads\\\/2021\\\/01\\\/circulo.png\",\"width\":723,\"height\":731,\"caption\":\"Informe Litoral\"},\"image\":{\"@id\":\"https:\\\/\\\/informelitoral.com.ar\\\/#\\\/schema\\\/logo\\\/image\\\/\"},\"sameAs\":[\"https:\\\/\\\/www.facebook.com\\\/informelitoral\\\/\",\"https:\\\/\\\/x.com\\\/InformeLitoral\",\"https:\\\/\\\/www.instagram.com\\\/informelitoral\\\/\",\"https:\\\/\\\/www.youtube.com\\\/channel\\\/UCua4Qvz8Icb6MYqhoq9xLXw\"]},{\"@type\":\"Person\",\"@id\":\"https:\\\/\\\/informelitoral.com.ar\\\/#\\\/schema\\\/person\\\/b9d00407c836482871ef1d57bf8e3180\",\"name\":\"Gonzalo Schmidt\",\"image\":{\"@type\":\"ImageObject\",\"inLanguage\":\"es\",\"@id\":\"https:\\\/\\\/secure.gravatar.com\\\/avatar\\\/31a1a7b66ff2de83bd0e9fd79d026630d2d99e55e8bfe501287647b4fd9743de?s=96&d=mm&r=g\",\"url\":\"https:\\\/\\\/secure.gravatar.com\\\/avatar\\\/31a1a7b66ff2de83bd0e9fd79d026630d2d99e55e8bfe501287647b4fd9743de?s=96&d=mm&r=g\",\"contentUrl\":\"https:\\\/\\\/secure.gravatar.com\\\/avatar\\\/31a1a7b66ff2de83bd0e9fd79d026630d2d99e55e8bfe501287647b4fd9743de?s=96&d=mm&r=g\",\"caption\":\"Gonzalo Schmidt\"},\"description\":\"Sitio web de noticias de la provincia de Entre R\u00edos, Argentina. Informaci\u00f3n y entretenimiento. Informe Litoral, nos informamos.\",\"sameAs\":[\"http:\\\/\\\/www.isletasnoticias.com.ar\"],\"url\":\"https:\\\/\\\/informelitoral.com.ar\\\/author\\\/gonzalo\\\/\"}]}<\/script>","yoast_head_json":{"title":"Paran\u00e1: una revista que trata la violencia de g\u00e9nero que afecta a los j\u00f3venes - Informe Litoral","robots":{"index":"index","follow":"follow","max-snippet":"max-snippet:-1","max-image-preview":"max-image-preview:large","max-video-preview":"max-video-preview:-1"},"canonical":"https:\/\/informelitoral.com.ar\/parana-una-revista-que-trata-la-violencia-de-genero-que-afecta-a-los-jovenes\/","og_locale":"es_ES","og_type":"article","og_title":"Paran\u00e1: una revista que trata la violencia de g\u00e9nero que afecta a los j\u00f3venes - Informe Litoral","og_description":"La d&eacute;cima edici&oacute;n de la revista Mal de Ojos invita a reflexionar sobre las distintas problem&aacute;ticas vinculadas con las violencias de g&eacute;nero que afectan a los j&oacute;venes de Entre R&iacute;os y Santa Fe. La publicaci&oacute;n es realizada por estudiantes y profesores del Taller de Producci&oacute;n Period&iacute;stica de la Licenciatura en Comunicaci&oacute;n Social de la Universidad [&hellip;]","og_url":"https:\/\/informelitoral.com.ar\/parana-una-revista-que-trata-la-violencia-de-genero-que-afecta-a-los-jovenes\/","og_site_name":"Informe Litoral","article_publisher":"https:\/\/www.facebook.com\/informelitoral\/","article_published_time":"2016-03-08T08:30:38+00:00","article_modified_time":"2016-03-08T10:42:28+00:00","og_image":[{"width":460,"height":650,"url":"https:\/\/informelitoral.com.ar\/%77%70%2d%63%6f%6e%74%65%6e%74\/uploads\/2016\/03\/Tapa-de-la-revista.jpg","type":"image\/jpeg"}],"author":"Gonzalo Schmidt","twitter_card":"summary_large_image","twitter_creator":"@InformeLitoral","twitter_site":"@InformeLitoral","twitter_misc":{"Escrito por":"Gonzalo Schmidt","Tiempo de lectura":"3 minutos"},"schema":{"@context":"https:\/\/schema.org","@graph":[{"@type":"Article","@id":"https:\/\/informelitoral.com.ar\/parana-una-revista-que-trata-la-violencia-de-genero-que-afecta-a-los-jovenes\/#article","isPartOf":{"@id":"https:\/\/informelitoral.com.ar\/parana-una-revista-que-trata-la-violencia-de-genero-que-afecta-a-los-jovenes\/"},"author":{"name":"Gonzalo Schmidt","@id":"https:\/\/informelitoral.com.ar\/#\/schema\/person\/b9d00407c836482871ef1d57bf8e3180"},"headline":"Paran\u00e1: una revista que trata la violencia de g\u00e9nero que afecta a los j\u00f3venes","datePublished":"2016-03-08T08:30:38+00:00","dateModified":"2016-03-08T10:42:28+00:00","mainEntityOfPage":{"@id":"https:\/\/informelitoral.com.ar\/parana-una-revista-que-trata-la-violencia-de-genero-que-afecta-a-los-jovenes\/"},"wordCount":642,"commentCount":0,"publisher":{"@id":"https:\/\/informelitoral.com.ar\/#organization"},"image":{"@id":"https:\/\/informelitoral.com.ar\/parana-una-revista-que-trata-la-violencia-de-genero-que-afecta-a-los-jovenes\/#primaryimage"},"thumbnailUrl":"http:\/\/www.isletasnoticias.com.ar\/%77%70%2d%63%6f%6e%74%65%6e%74\/uploads\/2016\/03\/Tapa-de-la-revista.jpg","articleSection":["Entre R\u00edos","Sociedad"],"inLanguage":"es","potentialAction":[{"@type":"CommentAction","name":"Comment","target":["https:\/\/informelitoral.com.ar\/parana-una-revista-que-trata-la-violencia-de-genero-que-afecta-a-los-jovenes\/#respond"]}]},{"@type":"WebPage","@id":"https:\/\/informelitoral.com.ar\/parana-una-revista-que-trata-la-violencia-de-genero-que-afecta-a-los-jovenes\/","url":"https:\/\/informelitoral.com.ar\/parana-una-revista-que-trata-la-violencia-de-genero-que-afecta-a-los-jovenes\/","name":"Paran\u00e1: una revista que trata la violencia de g\u00e9nero que afecta a los j\u00f3venes - Informe Litoral","isPartOf":{"@id":"https:\/\/informelitoral.com.ar\/#website"},"primaryImageOfPage":{"@id":"https:\/\/informelitoral.com.ar\/parana-una-revista-que-trata-la-violencia-de-genero-que-afecta-a-los-jovenes\/#primaryimage"},"image":{"@id":"https:\/\/informelitoral.com.ar\/parana-una-revista-que-trata-la-violencia-de-genero-que-afecta-a-los-jovenes\/#primaryimage"},"thumbnailUrl":"http:\/\/www.isletasnoticias.com.ar\/%77%70%2d%63%6f%6e%74%65%6e%74\/uploads\/2016\/03\/Tapa-de-la-revista.jpg","datePublished":"2016-03-08T08:30:38+00:00","dateModified":"2016-03-08T10:42:28+00:00","breadcrumb":{"@id":"https:\/\/informelitoral.com.ar\/parana-una-revista-que-trata-la-violencia-de-genero-que-afecta-a-los-jovenes\/#breadcrumb"},"inLanguage":"es","potentialAction":[{"@type":"ReadAction","target":["https:\/\/informelitoral.com.ar\/parana-una-revista-que-trata-la-violencia-de-genero-que-afecta-a-los-jovenes\/"]}]},{"@type":"ImageObject","inLanguage":"es","@id":"https:\/\/informelitoral.com.ar\/parana-una-revista-que-trata-la-violencia-de-genero-que-afecta-a-los-jovenes\/#primaryimage","url":"http:\/\/www.isletasnoticias.com.ar\/%77%70%2d%63%6f%6e%74%65%6e%74\/uploads\/2016\/03\/Tapa-de-la-revista.jpg","contentUrl":"http:\/\/www.isletasnoticias.com.ar\/%77%70%2d%63%6f%6e%74%65%6e%74\/uploads\/2016\/03\/Tapa-de-la-revista.jpg"},{"@type":"BreadcrumbList","@id":"https:\/\/informelitoral.com.ar\/parana-una-revista-que-trata-la-violencia-de-genero-que-afecta-a-los-jovenes\/#breadcrumb","itemListElement":[{"@type":"ListItem","position":1,"name":"Portada","item":"https:\/\/informelitoral.com.ar\/"},{"@type":"ListItem","position":2,"name":"Paran\u00e1: una revista que trata la violencia de g\u00e9nero que afecta a los j\u00f3venes"}]},{"@type":"WebSite","@id":"https:\/\/informelitoral.com.ar\/#website","url":"https:\/\/informelitoral.com.ar\/","name":"Informe Litoral","description":"&quot;Nos informamos&quot; ","publisher":{"@id":"https:\/\/informelitoral.com.ar\/#organization"},"potentialAction":[{"@type":"SearchAction","target":{"@type":"EntryPoint","urlTemplate":"https:\/\/informelitoral.com.ar\/?s={search_term_string}"},"query-input":{"@type":"PropertyValueSpecification","valueRequired":true,"valueName":"search_term_string"}}],"inLanguage":"es"},{"@type":"Organization","@id":"https:\/\/informelitoral.com.ar\/#organization","name":"Informe Litoral","url":"https:\/\/informelitoral.com.ar\/","logo":{"@type":"ImageObject","inLanguage":"es","@id":"https:\/\/informelitoral.com.ar\/#\/schema\/logo\/image\/","url":"https:\/\/informelitoral.com.ar\/%77%70%2d%63%6f%6e%74%65%6e%74\/uploads\/2021\/01\/circulo.png","contentUrl":"https:\/\/informelitoral.com.ar\/%77%70%2d%63%6f%6e%74%65%6e%74\/uploads\/2021\/01\/circulo.png","width":723,"height":731,"caption":"Informe Litoral"},"image":{"@id":"https:\/\/informelitoral.com.ar\/#\/schema\/logo\/image\/"},"sameAs":["https:\/\/www.facebook.com\/informelitoral\/","https:\/\/x.com\/InformeLitoral","https:\/\/www.instagram.com\/informelitoral\/","https:\/\/www.youtube.com\/channel\/UCua4Qvz8Icb6MYqhoq9xLXw"]},{"@type":"Person","@id":"https:\/\/informelitoral.com.ar\/#\/schema\/person\/b9d00407c836482871ef1d57bf8e3180","name":"Gonzalo Schmidt","image":{"@type":"ImageObject","inLanguage":"es","@id":"https:\/\/secure.gravatar.com\/avatar\/31a1a7b66ff2de83bd0e9fd79d026630d2d99e55e8bfe501287647b4fd9743de?s=96&d=mm&r=g","url":"https:\/\/secure.gravatar.com\/avatar\/31a1a7b66ff2de83bd0e9fd79d026630d2d99e55e8bfe501287647b4fd9743de?s=96&d=mm&r=g","contentUrl":"https:\/\/secure.gravatar.com\/avatar\/31a1a7b66ff2de83bd0e9fd79d026630d2d99e55e8bfe501287647b4fd9743de?s=96&d=mm&r=g","caption":"Gonzalo Schmidt"},"description":"Sitio web de noticias de la provincia de Entre R\u00edos, Argentina. Informaci\u00f3n y entretenimiento. Informe Litoral, nos informamos.","sameAs":["http:\/\/www.isletasnoticias.com.ar"],"url":"https:\/\/informelitoral.com.ar\/author\/gonzalo\/"}]}},"_links":{"self":[{"href":"https:\/\/informelitoral.com.ar\/%77%70%2d%6a%73%6f%6e\/wp\/v2\/posts\/14183","targetHints":{"allow":["GET"]}}],"collection":[{"href":"https:\/\/informelitoral.com.ar\/%77%70%2d%6a%73%6f%6e\/wp\/v2\/posts"}],"about":[{"href":"https:\/\/informelitoral.com.ar\/%77%70%2d%6a%73%6f%6e\/wp\/v2\/types\/post"}],"author":[{"embeddable":true,"href":"https:\/\/informelitoral.com.ar\/%77%70%2d%6a%73%6f%6e\/wp\/v2\/users\/2"}],"replies":[{"embeddable":true,"href":"https:\/\/informelitoral.com.ar\/%77%70%2d%6a%73%6f%6e\/wp\/v2\/comments?post=14183"}],"version-history":[{"count":0,"href":"https:\/\/informelitoral.com.ar\/%77%70%2d%6a%73%6f%6e\/wp\/v2\/posts\/14183\/revisions"}],"wp:attachment":[{"href":"https:\/\/informelitoral.com.ar\/%77%70%2d%6a%73%6f%6e\/wp\/v2\/media?parent=14183"}],"wp:term":[{"taxonomy":"category","embeddable":true,"href":"https:\/\/informelitoral.com.ar\/%77%70%2d%6a%73%6f%6e\/wp\/v2\/categories?post=14183"},{"taxonomy":"post_tag","embeddable":true,"href":"https:\/\/informelitoral.com.ar\/%77%70%2d%6a%73%6f%6e\/wp\/v2\/tags?post=14183"}],"curies":[{"name":"wp","href":"https:\/\/api.w.org\/{rel}","templated":true}]}}