{"id":14176,"date":"2016-03-07T17:33:49","date_gmt":"2016-03-07T20:33:49","guid":{"rendered":"http:\/\/www.isletasnoticias.com.ar\/?p=14176"},"modified":"2016-03-07T17:33:49","modified_gmt":"2016-03-07T20:33:49","slug":"habilitaron-creditos-para-tamberos-a-tasa-subsidiada","status":"publish","type":"post","link":"https:\/\/informelitoral.com.ar\/habilitaron-creditos-para-tamberos-a-tasa-subsidiada\/","title":{"rendered":"Habilitaron cr\u00e9ditos para tamberos a tasa subsidiada"},"content":{"rendered":"<p><strong>Los cr\u00e9ditos est\u00e1n dirigidos a productores tamberos que desarrollan su actividad en el territorio de la provincia y cuya facturaci\u00f3n mensual por venta de leche no supere los 300.000 pesos.<a href=\"http:\/\/www.isletasnoticias.com.ar\/%77%70%2d%63%6f%6e%74%65%6e%74\/uploads\/2016\/03\/o_1457376011.jpg\" rel=\"attachment wp-att-14177\"><img loading=\"lazy\" decoding=\"async\" class=\"aligncenter size-full wp-image-14177\" src=\"http:\/\/www.isletasnoticias.com.ar\/%77%70%2d%63%6f%6e%74%65%6e%74\/uploads\/2016\/03\/o_1457376011.jpg\" alt=\"o_1457376011\" width=\"800\" height=\"450\" srcset=\"https:\/\/informelitoral.com.ar\/%77%70%2d%63%6f%6e%74%65%6e%74\/uploads\/2016\/03\/o_1457376011.jpg 800w, https:\/\/informelitoral.com.ar\/%77%70%2d%63%6f%6e%74%65%6e%74\/uploads\/2016\/03\/o_1457376011-300x169.jpg 300w, https:\/\/informelitoral.com.ar\/%77%70%2d%63%6f%6e%74%65%6e%74\/uploads\/2016\/03\/o_1457376011-768x432.jpg 768w\" sizes=\"auto, (max-width: 800px) 100vw, 800px\" \/><\/a><\/strong><\/p>\n<p>A partir de las distintas gestiones realizadas por gobierno de Entre R\u00edos para avanzar en soluciones a la crisis que afronta el sector lechero, se consigui\u00f3 que Naci\u00f3n habilite cr\u00e9ditos a tasa subsidiada con fondos disponibles de una l\u00ednea de financiamiento de la gesti\u00f3n anterior.<\/p>\n<p>El monto del cr\u00e9dito podr\u00e1 ser destinado a capital de trabajo y gastos de evoluci\u00f3n, como por ejemplo, de alimentaci\u00f3n y de sanidad, siembra de verdeos anuales e implantaci\u00f3n de reservas forrajeras, entre otros.<\/p>\n<p>El monto del cr\u00e9dito, que ser\u00e1 como m\u00e1ximo 300.000 pesos por cliente o grupo econ\u00f3mico, estar\u00e1 determinado en base a los litros de producci\u00f3n promedio mensual de leche de los meses de enero a diciembre del 2014 con la posibilidad de devoluci\u00f3n hasta 18 meses con un per\u00edodo de gracia de hasta tres meses.<\/p>\n<p>El r\u00e9gimen de amortizaci\u00f3n ser\u00e1 alem\u00e1n en cuotas mensuales y tendr\u00e1 una Tasa de Inter\u00e9s nominal anual fija del orden del 23,5 por ciento. Sobre dicha tasa el Banco trasladar\u00e1 una bonificaci\u00f3n de cinco (5) puntos porcentuales anuales a cargo de la provincia y de cinco (5) puntos porcentuales a cargo del Ministerio de Agroindustria de naci\u00f3n.<\/p>\n<p>En cuanto al pago del pr\u00e9stamo, la industria actuar\u00e1 como agente de cobro del cr\u00e9dito, deduciendo de la liquidaci\u00f3n mensual la cuota correspondiente del cr\u00e9dito y transfiri\u00e9ndola al banco por cuenta y orden de los productores o con d\u00e9bito en Cuenta Corriente del productor tambero.<\/p>\n<p>Otros requisitos establecidos a los productores que presenten la solicitud de cr\u00e9dito es haber cumplimentado las resoluciones relacionadas con el Sistema de Pago de la Leche Cruda sobre la base de Atributos de Calidad Composicional e Higi\u00e9nico-Sanitarios. La constancia de su cumplimiento ser\u00e1 otorgada por la Subsecretar\u00eda de Lecher\u00eda de la Naci\u00f3n.<\/p>\n<p>Quienes deseen realizar m\u00e1s consultas pueden dirigirse a la Direcci\u00f3n Provincial de Ganader\u00eda, que funciona en 25 de Mayo 113 de Paran\u00e1; tel\u00e9fono (0343) 4316 447<br \/>\nTambi\u00e9n se puede requerir informaci\u00f3n en la Direcci\u00f3n de Financiamiento del Ministerio de Agroindustria de Naci\u00f3n: 0800-555-3462 o al mail finagro@minagri.gob.ar<\/p>\n","protected":false},"excerpt":{"rendered":"<p>Los cr&eacute;ditos est&aacute;n dirigidos a productores tamberos que desarrollan su actividad en el territorio de la provincia y cuya facturaci&oacute;n mensual por venta de leche no supere los 300.000 pesos. A partir de las distintas gestiones realizadas por gobierno de Entre R&iacute;os para avanzar en soluciones a la crisis que afronta el sector lechero, se [&hellip;]<\/p>\n","protected":false},"author":2,"featured_media":0,"comment_status":"open","ping_status":"open","sticky":false,"template":"","format":"standard","meta":{"fifu_image_url":"","fifu_image_alt":"","footnotes":""},"categories":[10,6],"tags":[],"class_list":{"0":"post-14176","1":"post","2":"type-post","3":"status-publish","4":"format-standard","6":"category-campo","7":"category-entre-rios"},"yoast_head":"<title>Habilitaron cr\u00e9ditos para tamberos a tasa subsidiada - Informe Litoral<\/title>\n<meta name=\"robots\" content=\"index, follow, max-snippet:-1, max-image-preview:large, max-video-preview:-1\" \/>\n<link rel=\"canonical\" href=\"https:\/\/informelitoral.com.ar\/habilitaron-creditos-para-tamberos-a-tasa-subsidiada\/\" \/>\n<meta property=\"og:locale\" content=\"es_ES\" \/>\n<meta property=\"og:type\" content=\"article\" \/>\n<meta property=\"og:title\" content=\"Habilitaron cr\u00e9ditos para tamberos a tasa subsidiada - Informe Litoral\" \/>\n<meta property=\"og:description\" content=\"Los cr&eacute;ditos est&aacute;n dirigidos a productores tamberos que desarrollan su actividad en el territorio de la provincia y cuya facturaci&oacute;n mensual por venta de leche no supere los 300.000 pesos. A partir de las distintas gestiones realizadas por gobierno de Entre R&iacute;os para avanzar en soluciones a la crisis que afronta el sector lechero, se [&hellip;]\" \/>\n<meta property=\"og:url\" content=\"https:\/\/informelitoral.com.ar\/habilitaron-creditos-para-tamberos-a-tasa-subsidiada\/\" \/>\n<meta property=\"og:site_name\" content=\"Informe Litoral\" \/>\n<meta property=\"article:publisher\" content=\"https:\/\/www.facebook.com\/informelitoral\/\" \/>\n<meta property=\"article:published_time\" content=\"2016-03-07T20:33:49+00:00\" \/>\n<meta property=\"og:image\" content=\"https:\/\/informelitoral.com.ar\/%77%70%2d%63%6f%6e%74%65%6e%74\/uploads\/2016\/03\/o_1457376011.jpg\" \/>\n\t<meta property=\"og:image:width\" content=\"800\" \/>\n\t<meta property=\"og:image:height\" content=\"450\" \/>\n\t<meta property=\"og:image:type\" content=\"image\/jpeg\" \/>\n<meta name=\"author\" content=\"Gonzalo Schmidt\" \/>\n<meta name=\"twitter:card\" content=\"summary_large_image\" \/>\n<meta name=\"twitter:creator\" content=\"@InformeLitoral\" \/>\n<meta name=\"twitter:site\" content=\"@InformeLitoral\" \/>\n<meta name=\"twitter:label1\" content=\"Escrito por\" \/>\n\t<meta name=\"twitter:data1\" content=\"Gonzalo Schmidt\" \/>\n\t<meta name=\"twitter:label2\" content=\"Tiempo de lectura\" \/>\n\t<meta name=\"twitter:data2\" content=\"2 minutos\" \/>\n<script type=\"application\/ld+json\" class=\"yoast-schema-graph\">{\"@context\":\"https:\\\/\\\/schema.org\",\"@graph\":[{\"@type\":\"Article\",\"@id\":\"https:\\\/\\\/informelitoral.com.ar\\\/habilitaron-creditos-para-tamberos-a-tasa-subsidiada\\\/#article\",\"isPartOf\":{\"@id\":\"https:\\\/\\\/informelitoral.com.ar\\\/habilitaron-creditos-para-tamberos-a-tasa-subsidiada\\\/\"},\"author\":{\"name\":\"Gonzalo Schmidt\",\"@id\":\"https:\\\/\\\/informelitoral.com.ar\\\/#\\\/schema\\\/person\\\/b9d00407c836482871ef1d57bf8e3180\"},\"headline\":\"Habilitaron cr\u00e9ditos para tamberos a tasa subsidiada\",\"datePublished\":\"2016-03-07T20:33:49+00:00\",\"mainEntityOfPage\":{\"@id\":\"https:\\\/\\\/informelitoral.com.ar\\\/habilitaron-creditos-para-tamberos-a-tasa-subsidiada\\\/\"},\"wordCount\":407,\"commentCount\":0,\"publisher\":{\"@id\":\"https:\\\/\\\/informelitoral.com.ar\\\/#organization\"},\"image\":{\"@id\":\"https:\\\/\\\/informelitoral.com.ar\\\/habilitaron-creditos-para-tamberos-a-tasa-subsidiada\\\/#primaryimage\"},\"thumbnailUrl\":\"http:\\\/\\\/www.isletasnoticias.com.ar\\\/%77%70%2d%63%6f%6e%74%65%6e%74\\\/uploads\\\/2016\\\/03\\\/o_1457376011.jpg\",\"articleSection\":[\"Campo\",\"Entre R\u00edos\"],\"inLanguage\":\"es\",\"potentialAction\":[{\"@type\":\"CommentAction\",\"name\":\"Comment\",\"target\":[\"https:\\\/\\\/informelitoral.com.ar\\\/habilitaron-creditos-para-tamberos-a-tasa-subsidiada\\\/#respond\"]}]},{\"@type\":\"WebPage\",\"@id\":\"https:\\\/\\\/informelitoral.com.ar\\\/habilitaron-creditos-para-tamberos-a-tasa-subsidiada\\\/\",\"url\":\"https:\\\/\\\/informelitoral.com.ar\\\/habilitaron-creditos-para-tamberos-a-tasa-subsidiada\\\/\",\"name\":\"Habilitaron cr\u00e9ditos para tamberos a tasa subsidiada - Informe Litoral\",\"isPartOf\":{\"@id\":\"https:\\\/\\\/informelitoral.com.ar\\\/#website\"},\"primaryImageOfPage\":{\"@id\":\"https:\\\/\\\/informelitoral.com.ar\\\/habilitaron-creditos-para-tamberos-a-tasa-subsidiada\\\/#primaryimage\"},\"image\":{\"@id\":\"https:\\\/\\\/informelitoral.com.ar\\\/habilitaron-creditos-para-tamberos-a-tasa-subsidiada\\\/#primaryimage\"},\"thumbnailUrl\":\"http:\\\/\\\/www.isletasnoticias.com.ar\\\/%77%70%2d%63%6f%6e%74%65%6e%74\\\/uploads\\\/2016\\\/03\\\/o_1457376011.jpg\",\"datePublished\":\"2016-03-07T20:33:49+00:00\",\"breadcrumb\":{\"@id\":\"https:\\\/\\\/informelitoral.com.ar\\\/habilitaron-creditos-para-tamberos-a-tasa-subsidiada\\\/#breadcrumb\"},\"inLanguage\":\"es\",\"potentialAction\":[{\"@type\":\"ReadAction\",\"target\":[\"https:\\\/\\\/informelitoral.com.ar\\\/habilitaron-creditos-para-tamberos-a-tasa-subsidiada\\\/\"]}]},{\"@type\":\"ImageObject\",\"inLanguage\":\"es\",\"@id\":\"https:\\\/\\\/informelitoral.com.ar\\\/habilitaron-creditos-para-tamberos-a-tasa-subsidiada\\\/#primaryimage\",\"url\":\"http:\\\/\\\/www.isletasnoticias.com.ar\\\/%77%70%2d%63%6f%6e%74%65%6e%74\\\/uploads\\\/2016\\\/03\\\/o_1457376011.jpg\",\"contentUrl\":\"http:\\\/\\\/www.isletasnoticias.com.ar\\\/%77%70%2d%63%6f%6e%74%65%6e%74\\\/uploads\\\/2016\\\/03\\\/o_1457376011.jpg\"},{\"@type\":\"BreadcrumbList\",\"@id\":\"https:\\\/\\\/informelitoral.com.ar\\\/habilitaron-creditos-para-tamberos-a-tasa-subsidiada\\\/#breadcrumb\",\"itemListElement\":[{\"@type\":\"ListItem\",\"position\":1,\"name\":\"Portada\",\"item\":\"https:\\\/\\\/informelitoral.com.ar\\\/\"},{\"@type\":\"ListItem\",\"position\":2,\"name\":\"Habilitaron cr\u00e9ditos para tamberos a tasa subsidiada\"}]},{\"@type\":\"WebSite\",\"@id\":\"https:\\\/\\\/informelitoral.com.ar\\\/#website\",\"url\":\"https:\\\/\\\/informelitoral.com.ar\\\/\",\"name\":\"Informe Litoral\",\"description\":\"&quot;Nos informamos&quot; \",\"publisher\":{\"@id\":\"https:\\\/\\\/informelitoral.com.ar\\\/#organization\"},\"potentialAction\":[{\"@type\":\"SearchAction\",\"target\":{\"@type\":\"EntryPoint\",\"urlTemplate\":\"https:\\\/\\\/informelitoral.com.ar\\\/?s={search_term_string}\"},\"query-input\":{\"@type\":\"PropertyValueSpecification\",\"valueRequired\":true,\"valueName\":\"search_term_string\"}}],\"inLanguage\":\"es\"},{\"@type\":\"Organization\",\"@id\":\"https:\\\/\\\/informelitoral.com.ar\\\/#organization\",\"name\":\"Informe Litoral\",\"url\":\"https:\\\/\\\/informelitoral.com.ar\\\/\",\"logo\":{\"@type\":\"ImageObject\",\"inLanguage\":\"es\",\"@id\":\"https:\\\/\\\/informelitoral.com.ar\\\/#\\\/schema\\\/logo\\\/image\\\/\",\"url\":\"https:\\\/\\\/informelitoral.com.ar\\\/%77%70%2d%63%6f%6e%74%65%6e%74\\\/uploads\\\/2021\\\/01\\\/circulo.png\",\"contentUrl\":\"https:\\\/\\\/informelitoral.com.ar\\\/%77%70%2d%63%6f%6e%74%65%6e%74\\\/uploads\\\/2021\\\/01\\\/circulo.png\",\"width\":723,\"height\":731,\"caption\":\"Informe Litoral\"},\"image\":{\"@id\":\"https:\\\/\\\/informelitoral.com.ar\\\/#\\\/schema\\\/logo\\\/image\\\/\"},\"sameAs\":[\"https:\\\/\\\/www.facebook.com\\\/informelitoral\\\/\",\"https:\\\/\\\/x.com\\\/InformeLitoral\",\"https:\\\/\\\/www.instagram.com\\\/informelitoral\\\/\",\"https:\\\/\\\/www.youtube.com\\\/channel\\\/UCua4Qvz8Icb6MYqhoq9xLXw\"]},{\"@type\":\"Person\",\"@id\":\"https:\\\/\\\/informelitoral.com.ar\\\/#\\\/schema\\\/person\\\/b9d00407c836482871ef1d57bf8e3180\",\"name\":\"Gonzalo Schmidt\",\"image\":{\"@type\":\"ImageObject\",\"inLanguage\":\"es\",\"@id\":\"https:\\\/\\\/secure.gravatar.com\\\/avatar\\\/31a1a7b66ff2de83bd0e9fd79d026630d2d99e55e8bfe501287647b4fd9743de?s=96&d=mm&r=g\",\"url\":\"https:\\\/\\\/secure.gravatar.com\\\/avatar\\\/31a1a7b66ff2de83bd0e9fd79d026630d2d99e55e8bfe501287647b4fd9743de?s=96&d=mm&r=g\",\"contentUrl\":\"https:\\\/\\\/secure.gravatar.com\\\/avatar\\\/31a1a7b66ff2de83bd0e9fd79d026630d2d99e55e8bfe501287647b4fd9743de?s=96&d=mm&r=g\",\"caption\":\"Gonzalo Schmidt\"},\"description\":\"Sitio web de noticias de la provincia de Entre R\u00edos, Argentina. Informaci\u00f3n y entretenimiento. Informe Litoral, nos informamos.\",\"sameAs\":[\"http:\\\/\\\/www.isletasnoticias.com.ar\"],\"url\":\"https:\\\/\\\/informelitoral.com.ar\\\/author\\\/gonzalo\\\/\"}]}<\/script>","yoast_head_json":{"title":"Habilitaron cr\u00e9ditos para tamberos a tasa subsidiada - Informe Litoral","robots":{"index":"index","follow":"follow","max-snippet":"max-snippet:-1","max-image-preview":"max-image-preview:large","max-video-preview":"max-video-preview:-1"},"canonical":"https:\/\/informelitoral.com.ar\/habilitaron-creditos-para-tamberos-a-tasa-subsidiada\/","og_locale":"es_ES","og_type":"article","og_title":"Habilitaron cr\u00e9ditos para tamberos a tasa subsidiada - Informe Litoral","og_description":"Los cr&eacute;ditos est&aacute;n dirigidos a productores tamberos que desarrollan su actividad en el territorio de la provincia y cuya facturaci&oacute;n mensual por venta de leche no supere los 300.000 pesos. A partir de las distintas gestiones realizadas por gobierno de Entre R&iacute;os para avanzar en soluciones a la crisis que afronta el sector lechero, se [&hellip;]","og_url":"https:\/\/informelitoral.com.ar\/habilitaron-creditos-para-tamberos-a-tasa-subsidiada\/","og_site_name":"Informe Litoral","article_publisher":"https:\/\/www.facebook.com\/informelitoral\/","article_published_time":"2016-03-07T20:33:49+00:00","og_image":[{"width":800,"height":450,"url":"https:\/\/informelitoral.com.ar\/%77%70%2d%63%6f%6e%74%65%6e%74\/uploads\/2016\/03\/o_1457376011.jpg","type":"image\/jpeg"}],"author":"Gonzalo Schmidt","twitter_card":"summary_large_image","twitter_creator":"@InformeLitoral","twitter_site":"@InformeLitoral","twitter_misc":{"Escrito por":"Gonzalo Schmidt","Tiempo de lectura":"2 minutos"},"schema":{"@context":"https:\/\/schema.org","@graph":[{"@type":"Article","@id":"https:\/\/informelitoral.com.ar\/habilitaron-creditos-para-tamberos-a-tasa-subsidiada\/#article","isPartOf":{"@id":"https:\/\/informelitoral.com.ar\/habilitaron-creditos-para-tamberos-a-tasa-subsidiada\/"},"author":{"name":"Gonzalo Schmidt","@id":"https:\/\/informelitoral.com.ar\/#\/schema\/person\/b9d00407c836482871ef1d57bf8e3180"},"headline":"Habilitaron cr\u00e9ditos para tamberos a tasa subsidiada","datePublished":"2016-03-07T20:33:49+00:00","mainEntityOfPage":{"@id":"https:\/\/informelitoral.com.ar\/habilitaron-creditos-para-tamberos-a-tasa-subsidiada\/"},"wordCount":407,"commentCount":0,"publisher":{"@id":"https:\/\/informelitoral.com.ar\/#organization"},"image":{"@id":"https:\/\/informelitoral.com.ar\/habilitaron-creditos-para-tamberos-a-tasa-subsidiada\/#primaryimage"},"thumbnailUrl":"http:\/\/www.isletasnoticias.com.ar\/%77%70%2d%63%6f%6e%74%65%6e%74\/uploads\/2016\/03\/o_1457376011.jpg","articleSection":["Campo","Entre R\u00edos"],"inLanguage":"es","potentialAction":[{"@type":"CommentAction","name":"Comment","target":["https:\/\/informelitoral.com.ar\/habilitaron-creditos-para-tamberos-a-tasa-subsidiada\/#respond"]}]},{"@type":"WebPage","@id":"https:\/\/informelitoral.com.ar\/habilitaron-creditos-para-tamberos-a-tasa-subsidiada\/","url":"https:\/\/informelitoral.com.ar\/habilitaron-creditos-para-tamberos-a-tasa-subsidiada\/","name":"Habilitaron cr\u00e9ditos para tamberos a tasa subsidiada - Informe Litoral","isPartOf":{"@id":"https:\/\/informelitoral.com.ar\/#website"},"primaryImageOfPage":{"@id":"https:\/\/informelitoral.com.ar\/habilitaron-creditos-para-tamberos-a-tasa-subsidiada\/#primaryimage"},"image":{"@id":"https:\/\/informelitoral.com.ar\/habilitaron-creditos-para-tamberos-a-tasa-subsidiada\/#primaryimage"},"thumbnailUrl":"http:\/\/www.isletasnoticias.com.ar\/%77%70%2d%63%6f%6e%74%65%6e%74\/uploads\/2016\/03\/o_1457376011.jpg","datePublished":"2016-03-07T20:33:49+00:00","breadcrumb":{"@id":"https:\/\/informelitoral.com.ar\/habilitaron-creditos-para-tamberos-a-tasa-subsidiada\/#breadcrumb"},"inLanguage":"es","potentialAction":[{"@type":"ReadAction","target":["https:\/\/informelitoral.com.ar\/habilitaron-creditos-para-tamberos-a-tasa-subsidiada\/"]}]},{"@type":"ImageObject","inLanguage":"es","@id":"https:\/\/informelitoral.com.ar\/habilitaron-creditos-para-tamberos-a-tasa-subsidiada\/#primaryimage","url":"http:\/\/www.isletasnoticias.com.ar\/%77%70%2d%63%6f%6e%74%65%6e%74\/uploads\/2016\/03\/o_1457376011.jpg","contentUrl":"http:\/\/www.isletasnoticias.com.ar\/%77%70%2d%63%6f%6e%74%65%6e%74\/uploads\/2016\/03\/o_1457376011.jpg"},{"@type":"BreadcrumbList","@id":"https:\/\/informelitoral.com.ar\/habilitaron-creditos-para-tamberos-a-tasa-subsidiada\/#breadcrumb","itemListElement":[{"@type":"ListItem","position":1,"name":"Portada","item":"https:\/\/informelitoral.com.ar\/"},{"@type":"ListItem","position":2,"name":"Habilitaron cr\u00e9ditos para tamberos a tasa subsidiada"}]},{"@type":"WebSite","@id":"https:\/\/informelitoral.com.ar\/#website","url":"https:\/\/informelitoral.com.ar\/","name":"Informe Litoral","description":"&quot;Nos informamos&quot; ","publisher":{"@id":"https:\/\/informelitoral.com.ar\/#organization"},"potentialAction":[{"@type":"SearchAction","target":{"@type":"EntryPoint","urlTemplate":"https:\/\/informelitoral.com.ar\/?s={search_term_string}"},"query-input":{"@type":"PropertyValueSpecification","valueRequired":true,"valueName":"search_term_string"}}],"inLanguage":"es"},{"@type":"Organization","@id":"https:\/\/informelitoral.com.ar\/#organization","name":"Informe Litoral","url":"https:\/\/informelitoral.com.ar\/","logo":{"@type":"ImageObject","inLanguage":"es","@id":"https:\/\/informelitoral.com.ar\/#\/schema\/logo\/image\/","url":"https:\/\/informelitoral.com.ar\/%77%70%2d%63%6f%6e%74%65%6e%74\/uploads\/2021\/01\/circulo.png","contentUrl":"https:\/\/informelitoral.com.ar\/%77%70%2d%63%6f%6e%74%65%6e%74\/uploads\/2021\/01\/circulo.png","width":723,"height":731,"caption":"Informe Litoral"},"image":{"@id":"https:\/\/informelitoral.com.ar\/#\/schema\/logo\/image\/"},"sameAs":["https:\/\/www.facebook.com\/informelitoral\/","https:\/\/x.com\/InformeLitoral","https:\/\/www.instagram.com\/informelitoral\/","https:\/\/www.youtube.com\/channel\/UCua4Qvz8Icb6MYqhoq9xLXw"]},{"@type":"Person","@id":"https:\/\/informelitoral.com.ar\/#\/schema\/person\/b9d00407c836482871ef1d57bf8e3180","name":"Gonzalo Schmidt","image":{"@type":"ImageObject","inLanguage":"es","@id":"https:\/\/secure.gravatar.com\/avatar\/31a1a7b66ff2de83bd0e9fd79d026630d2d99e55e8bfe501287647b4fd9743de?s=96&d=mm&r=g","url":"https:\/\/secure.gravatar.com\/avatar\/31a1a7b66ff2de83bd0e9fd79d026630d2d99e55e8bfe501287647b4fd9743de?s=96&d=mm&r=g","contentUrl":"https:\/\/secure.gravatar.com\/avatar\/31a1a7b66ff2de83bd0e9fd79d026630d2d99e55e8bfe501287647b4fd9743de?s=96&d=mm&r=g","caption":"Gonzalo Schmidt"},"description":"Sitio web de noticias de la provincia de Entre R\u00edos, Argentina. Informaci\u00f3n y entretenimiento. Informe Litoral, nos informamos.","sameAs":["http:\/\/www.isletasnoticias.com.ar"],"url":"https:\/\/informelitoral.com.ar\/author\/gonzalo\/"}]}},"_links":{"self":[{"href":"https:\/\/informelitoral.com.ar\/%77%70%2d%6a%73%6f%6e\/wp\/v2\/posts\/14176","targetHints":{"allow":["GET"]}}],"collection":[{"href":"https:\/\/informelitoral.com.ar\/%77%70%2d%6a%73%6f%6e\/wp\/v2\/posts"}],"about":[{"href":"https:\/\/informelitoral.com.ar\/%77%70%2d%6a%73%6f%6e\/wp\/v2\/types\/post"}],"author":[{"embeddable":true,"href":"https:\/\/informelitoral.com.ar\/%77%70%2d%6a%73%6f%6e\/wp\/v2\/users\/2"}],"replies":[{"embeddable":true,"href":"https:\/\/informelitoral.com.ar\/%77%70%2d%6a%73%6f%6e\/wp\/v2\/comments?post=14176"}],"version-history":[{"count":0,"href":"https:\/\/informelitoral.com.ar\/%77%70%2d%6a%73%6f%6e\/wp\/v2\/posts\/14176\/revisions"}],"wp:attachment":[{"href":"https:\/\/informelitoral.com.ar\/%77%70%2d%6a%73%6f%6e\/wp\/v2\/media?parent=14176"}],"wp:term":[{"taxonomy":"category","embeddable":true,"href":"https:\/\/informelitoral.com.ar\/%77%70%2d%6a%73%6f%6e\/wp\/v2\/categories?post=14176"},{"taxonomy":"post_tag","embeddable":true,"href":"https:\/\/informelitoral.com.ar\/%77%70%2d%6a%73%6f%6e\/wp\/v2\/tags?post=14176"}],"curies":[{"name":"wp","href":"https:\/\/api.w.org\/{rel}","templated":true}]}}