{"id":14165,"date":"2016-03-07T16:43:31","date_gmt":"2016-03-07T19:43:31","guid":{"rendered":"http:\/\/www.isletasnoticias.com.ar\/?p=14165"},"modified":"2016-03-07T15:10:48","modified_gmt":"2016-03-07T18:10:48","slug":"atencion-adultos-mayores-de-ramirez-habra-clases-de-gimnasia","status":"publish","type":"post","link":"https:\/\/informelitoral.com.ar\/atencion-adultos-mayores-de-ramirez-habra-clases-de-gimnasia\/","title":{"rendered":"Atenci\u00f3n adultos mayores de Ram\u00edrez: habr\u00e1 clases de gimnasia"},"content":{"rendered":"<div class=\"\" data-block=\"true\" data-offset-key=\"2usei-0-0\">\n<div class=\"_1mf _1mj\" data-offset-key=\"2usei-0-0\"><strong><strong>Estar\u00e1n a cargo del profesor <em>Hern\u00e1n Thaut<\/em>. Se realizar\u00e1 una reuni\u00f3n informativa este martes.<\/strong><\/strong><a href=\"http:\/\/www.isletasnoticias.com.ar\/%77%70%2d%63%6f%6e%74%65%6e%74\/uploads\/2016\/03\/131314374339.jpg\" rel=\"attachment wp-att-14166\"><img loading=\"lazy\" decoding=\"async\" class=\"wp-image-14166 \" src=\"http:\/\/www.isletasnoticias.com.ar\/%77%70%2d%63%6f%6e%74%65%6e%74\/uploads\/2016\/03\/131314374339.jpg\" alt=\"131314374339\" width=\"568\" height=\"284\" srcset=\"https:\/\/informelitoral.com.ar\/%77%70%2d%63%6f%6e%74%65%6e%74\/uploads\/2016\/03\/131314374339.jpg 600w, https:\/\/informelitoral.com.ar\/%77%70%2d%63%6f%6e%74%65%6e%74\/uploads\/2016\/03\/131314374339-300x150.jpg 300w\" sizes=\"auto, (max-width: 568px) 100vw, 568px\" \/><\/a><\/p>\n<p><em>(Imagen ilustrativa)<\/em><\/p>\n<\/div>\n<\/div>\n<div class=\"_1mf _1mj\" data-offset-key=\"2usei-0-0\">En General Ram\u00edrez se comenzar\u00e1n a dictar clases de gimnasia destinadas a adultos mayores, a cargo del <strong>Prof. Hern\u00e1n Thaut<\/strong>.<\/div>\n<div class=\"_1mf _1mj\" data-offset-key=\"2usei-0-0\"><\/div>\n<div class=\"_1mf _1mj\" data-offset-key=\"2usei-0-0\">Desde el municipio informan a trav\u00e9s de<strong><em> IN<\/em><\/strong>, que este martes 8, habr\u00e1 una reuni\u00f3n informativa. Ser\u00e1 a las 8.30\u00a0en el Centro Polideportivo Municipal (CPM).<\/div>\n","protected":false},"excerpt":{"rendered":"<p>Estar&aacute;n a cargo del profesor Hern&aacute;n Thaut. Se realizar&aacute; una reuni&oacute;n informativa este martes. (Imagen ilustrativa) En General Ram&iacute;rez se comenzar&aacute;n a dictar clases de gimnasia destinadas a adultos mayores, a cargo del Prof. Hern&aacute;n Thaut. Desde el municipio informan a trav&eacute;s de IN, que este martes 8, habr&aacute; una reuni&oacute;n informativa. Ser&aacute; a las [&hellip;]<\/p>\n","protected":false},"author":2,"featured_media":0,"comment_status":"open","ping_status":"open","sticky":false,"template":"","format":"standard","meta":{"fifu_image_url":"","fifu_image_alt":"","footnotes":""},"categories":[5,9],"tags":[],"class_list":{"0":"post-14165","1":"post","2":"type-post","3":"status-publish","4":"format-standard","6":"category-zonales","7":"category-sociedad"},"yoast_head":"<title>Atenci\u00f3n adultos mayores de Ram\u00edrez: habr\u00e1 clases de gimnasia - Informe Litoral<\/title>\n<meta name=\"robots\" content=\"index, follow, max-snippet:-1, max-image-preview:large, max-video-preview:-1\" \/>\n<link rel=\"canonical\" href=\"https:\/\/informelitoral.com.ar\/atencion-adultos-mayores-de-ramirez-habra-clases-de-gimnasia\/\" \/>\n<meta property=\"og:locale\" content=\"es_ES\" \/>\n<meta property=\"og:type\" content=\"article\" \/>\n<meta property=\"og:title\" content=\"Atenci\u00f3n adultos mayores de Ram\u00edrez: habr\u00e1 clases de gimnasia - Informe Litoral\" \/>\n<meta property=\"og:description\" content=\"Estar&aacute;n a cargo del profesor Hern&aacute;n Thaut. Se realizar&aacute; una reuni&oacute;n informativa este martes. (Imagen ilustrativa) En General Ram&iacute;rez se comenzar&aacute;n a dictar clases de gimnasia destinadas a adultos mayores, a cargo del Prof. Hern&aacute;n Thaut. Desde el municipio informan a trav&eacute;s de IN, que este martes 8, habr&aacute; una reuni&oacute;n informativa. Ser&aacute; a las [&hellip;]\" \/>\n<meta property=\"og:url\" content=\"https:\/\/informelitoral.com.ar\/atencion-adultos-mayores-de-ramirez-habra-clases-de-gimnasia\/\" \/>\n<meta property=\"og:site_name\" content=\"Informe Litoral\" \/>\n<meta property=\"article:publisher\" content=\"https:\/\/www.facebook.com\/informelitoral\/\" \/>\n<meta property=\"article:published_time\" content=\"2016-03-07T19:43:31+00:00\" \/>\n<meta property=\"og:image\" content=\"https:\/\/informelitoral.com.ar\/%77%70%2d%63%6f%6e%74%65%6e%74\/uploads\/2016\/03\/131314374339.jpg\" \/>\n\t<meta property=\"og:image:width\" content=\"600\" \/>\n\t<meta property=\"og:image:height\" content=\"300\" \/>\n\t<meta property=\"og:image:type\" content=\"image\/jpeg\" \/>\n<meta name=\"author\" content=\"Gonzalo Schmidt\" \/>\n<meta name=\"twitter:card\" content=\"summary_large_image\" \/>\n<meta name=\"twitter:creator\" content=\"@InformeLitoral\" \/>\n<meta name=\"twitter:site\" content=\"@InformeLitoral\" \/>\n<meta name=\"twitter:label1\" content=\"Escrito por\" \/>\n\t<meta name=\"twitter:data1\" content=\"Gonzalo Schmidt\" \/>\n<script type=\"application\/ld+json\" class=\"yoast-schema-graph\">{\"@context\":\"https:\\\/\\\/schema.org\",\"@graph\":[{\"@type\":\"Article\",\"@id\":\"https:\\\/\\\/informelitoral.com.ar\\\/atencion-adultos-mayores-de-ramirez-habra-clases-de-gimnasia\\\/#article\",\"isPartOf\":{\"@id\":\"https:\\\/\\\/informelitoral.com.ar\\\/atencion-adultos-mayores-de-ramirez-habra-clases-de-gimnasia\\\/\"},\"author\":{\"name\":\"Gonzalo Schmidt\",\"@id\":\"https:\\\/\\\/informelitoral.com.ar\\\/#\\\/schema\\\/person\\\/b9d00407c836482871ef1d57bf8e3180\"},\"headline\":\"Atenci\u00f3n adultos mayores de Ram\u00edrez: habr\u00e1 clases de gimnasia\",\"datePublished\":\"2016-03-07T19:43:31+00:00\",\"mainEntityOfPage\":{\"@id\":\"https:\\\/\\\/informelitoral.com.ar\\\/atencion-adultos-mayores-de-ramirez-habra-clases-de-gimnasia\\\/\"},\"wordCount\":79,\"commentCount\":0,\"publisher\":{\"@id\":\"https:\\\/\\\/informelitoral.com.ar\\\/#organization\"},\"image\":{\"@id\":\"https:\\\/\\\/informelitoral.com.ar\\\/atencion-adultos-mayores-de-ramirez-habra-clases-de-gimnasia\\\/#primaryimage\"},\"thumbnailUrl\":\"http:\\\/\\\/www.isletasnoticias.com.ar\\\/%77%70%2d%63%6f%6e%74%65%6e%74\\\/uploads\\\/2016\\\/03\\\/131314374339.jpg\",\"articleSection\":[\"Departamento Diamante\",\"Sociedad\"],\"inLanguage\":\"es\",\"potentialAction\":[{\"@type\":\"CommentAction\",\"name\":\"Comment\",\"target\":[\"https:\\\/\\\/informelitoral.com.ar\\\/atencion-adultos-mayores-de-ramirez-habra-clases-de-gimnasia\\\/#respond\"]}]},{\"@type\":\"WebPage\",\"@id\":\"https:\\\/\\\/informelitoral.com.ar\\\/atencion-adultos-mayores-de-ramirez-habra-clases-de-gimnasia\\\/\",\"url\":\"https:\\\/\\\/informelitoral.com.ar\\\/atencion-adultos-mayores-de-ramirez-habra-clases-de-gimnasia\\\/\",\"name\":\"Atenci\u00f3n adultos mayores de Ram\u00edrez: habr\u00e1 clases de gimnasia - Informe Litoral\",\"isPartOf\":{\"@id\":\"https:\\\/\\\/informelitoral.com.ar\\\/#website\"},\"primaryImageOfPage\":{\"@id\":\"https:\\\/\\\/informelitoral.com.ar\\\/atencion-adultos-mayores-de-ramirez-habra-clases-de-gimnasia\\\/#primaryimage\"},\"image\":{\"@id\":\"https:\\\/\\\/informelitoral.com.ar\\\/atencion-adultos-mayores-de-ramirez-habra-clases-de-gimnasia\\\/#primaryimage\"},\"thumbnailUrl\":\"http:\\\/\\\/www.isletasnoticias.com.ar\\\/%77%70%2d%63%6f%6e%74%65%6e%74\\\/uploads\\\/2016\\\/03\\\/131314374339.jpg\",\"datePublished\":\"2016-03-07T19:43:31+00:00\",\"breadcrumb\":{\"@id\":\"https:\\\/\\\/informelitoral.com.ar\\\/atencion-adultos-mayores-de-ramirez-habra-clases-de-gimnasia\\\/#breadcrumb\"},\"inLanguage\":\"es\",\"potentialAction\":[{\"@type\":\"ReadAction\",\"target\":[\"https:\\\/\\\/informelitoral.com.ar\\\/atencion-adultos-mayores-de-ramirez-habra-clases-de-gimnasia\\\/\"]}]},{\"@type\":\"ImageObject\",\"inLanguage\":\"es\",\"@id\":\"https:\\\/\\\/informelitoral.com.ar\\\/atencion-adultos-mayores-de-ramirez-habra-clases-de-gimnasia\\\/#primaryimage\",\"url\":\"http:\\\/\\\/www.isletasnoticias.com.ar\\\/%77%70%2d%63%6f%6e%74%65%6e%74\\\/uploads\\\/2016\\\/03\\\/131314374339.jpg\",\"contentUrl\":\"http:\\\/\\\/www.isletasnoticias.com.ar\\\/%77%70%2d%63%6f%6e%74%65%6e%74\\\/uploads\\\/2016\\\/03\\\/131314374339.jpg\"},{\"@type\":\"BreadcrumbList\",\"@id\":\"https:\\\/\\\/informelitoral.com.ar\\\/atencion-adultos-mayores-de-ramirez-habra-clases-de-gimnasia\\\/#breadcrumb\",\"itemListElement\":[{\"@type\":\"ListItem\",\"position\":1,\"name\":\"Portada\",\"item\":\"https:\\\/\\\/informelitoral.com.ar\\\/\"},{\"@type\":\"ListItem\",\"position\":2,\"name\":\"Atenci\u00f3n adultos mayores de Ram\u00edrez: habr\u00e1 clases de gimnasia\"}]},{\"@type\":\"WebSite\",\"@id\":\"https:\\\/\\\/informelitoral.com.ar\\\/#website\",\"url\":\"https:\\\/\\\/informelitoral.com.ar\\\/\",\"name\":\"Informe Litoral\",\"description\":\"&quot;Nos informamos&quot; \",\"publisher\":{\"@id\":\"https:\\\/\\\/informelitoral.com.ar\\\/#organization\"},\"potentialAction\":[{\"@type\":\"SearchAction\",\"target\":{\"@type\":\"EntryPoint\",\"urlTemplate\":\"https:\\\/\\\/informelitoral.com.ar\\\/?s={search_term_string}\"},\"query-input\":{\"@type\":\"PropertyValueSpecification\",\"valueRequired\":true,\"valueName\":\"search_term_string\"}}],\"inLanguage\":\"es\"},{\"@type\":\"Organization\",\"@id\":\"https:\\\/\\\/informelitoral.com.ar\\\/#organization\",\"name\":\"Informe Litoral\",\"url\":\"https:\\\/\\\/informelitoral.com.ar\\\/\",\"logo\":{\"@type\":\"ImageObject\",\"inLanguage\":\"es\",\"@id\":\"https:\\\/\\\/informelitoral.com.ar\\\/#\\\/schema\\\/logo\\\/image\\\/\",\"url\":\"https:\\\/\\\/informelitoral.com.ar\\\/%77%70%2d%63%6f%6e%74%65%6e%74\\\/uploads\\\/2021\\\/01\\\/circulo.png\",\"contentUrl\":\"https:\\\/\\\/informelitoral.com.ar\\\/%77%70%2d%63%6f%6e%74%65%6e%74\\\/uploads\\\/2021\\\/01\\\/circulo.png\",\"width\":723,\"height\":731,\"caption\":\"Informe Litoral\"},\"image\":{\"@id\":\"https:\\\/\\\/informelitoral.com.ar\\\/#\\\/schema\\\/logo\\\/image\\\/\"},\"sameAs\":[\"https:\\\/\\\/www.facebook.com\\\/informelitoral\\\/\",\"https:\\\/\\\/x.com\\\/InformeLitoral\",\"https:\\\/\\\/www.instagram.com\\\/informelitoral\\\/\",\"https:\\\/\\\/www.youtube.com\\\/channel\\\/UCua4Qvz8Icb6MYqhoq9xLXw\"]},{\"@type\":\"Person\",\"@id\":\"https:\\\/\\\/informelitoral.com.ar\\\/#\\\/schema\\\/person\\\/b9d00407c836482871ef1d57bf8e3180\",\"name\":\"Gonzalo Schmidt\",\"image\":{\"@type\":\"ImageObject\",\"inLanguage\":\"es\",\"@id\":\"https:\\\/\\\/secure.gravatar.com\\\/avatar\\\/31a1a7b66ff2de83bd0e9fd79d026630d2d99e55e8bfe501287647b4fd9743de?s=96&d=mm&r=g\",\"url\":\"https:\\\/\\\/secure.gravatar.com\\\/avatar\\\/31a1a7b66ff2de83bd0e9fd79d026630d2d99e55e8bfe501287647b4fd9743de?s=96&d=mm&r=g\",\"contentUrl\":\"https:\\\/\\\/secure.gravatar.com\\\/avatar\\\/31a1a7b66ff2de83bd0e9fd79d026630d2d99e55e8bfe501287647b4fd9743de?s=96&d=mm&r=g\",\"caption\":\"Gonzalo Schmidt\"},\"description\":\"Sitio web de noticias de la provincia de Entre R\u00edos, Argentina. Informaci\u00f3n y entretenimiento. Informe Litoral, nos informamos.\",\"sameAs\":[\"http:\\\/\\\/www.isletasnoticias.com.ar\"],\"url\":\"https:\\\/\\\/informelitoral.com.ar\\\/author\\\/gonzalo\\\/\"}]}<\/script>","yoast_head_json":{"title":"Atenci\u00f3n adultos mayores de Ram\u00edrez: habr\u00e1 clases de gimnasia - Informe Litoral","robots":{"index":"index","follow":"follow","max-snippet":"max-snippet:-1","max-image-preview":"max-image-preview:large","max-video-preview":"max-video-preview:-1"},"canonical":"https:\/\/informelitoral.com.ar\/atencion-adultos-mayores-de-ramirez-habra-clases-de-gimnasia\/","og_locale":"es_ES","og_type":"article","og_title":"Atenci\u00f3n adultos mayores de Ram\u00edrez: habr\u00e1 clases de gimnasia - Informe Litoral","og_description":"Estar&aacute;n a cargo del profesor Hern&aacute;n Thaut. Se realizar&aacute; una reuni&oacute;n informativa este martes. (Imagen ilustrativa) En General Ram&iacute;rez se comenzar&aacute;n a dictar clases de gimnasia destinadas a adultos mayores, a cargo del Prof. Hern&aacute;n Thaut. Desde el municipio informan a trav&eacute;s de IN, que este martes 8, habr&aacute; una reuni&oacute;n informativa. Ser&aacute; a las [&hellip;]","og_url":"https:\/\/informelitoral.com.ar\/atencion-adultos-mayores-de-ramirez-habra-clases-de-gimnasia\/","og_site_name":"Informe Litoral","article_publisher":"https:\/\/www.facebook.com\/informelitoral\/","article_published_time":"2016-03-07T19:43:31+00:00","og_image":[{"width":600,"height":300,"url":"https:\/\/informelitoral.com.ar\/%77%70%2d%63%6f%6e%74%65%6e%74\/uploads\/2016\/03\/131314374339.jpg","type":"image\/jpeg"}],"author":"Gonzalo Schmidt","twitter_card":"summary_large_image","twitter_creator":"@InformeLitoral","twitter_site":"@InformeLitoral","twitter_misc":{"Escrito por":"Gonzalo Schmidt"},"schema":{"@context":"https:\/\/schema.org","@graph":[{"@type":"Article","@id":"https:\/\/informelitoral.com.ar\/atencion-adultos-mayores-de-ramirez-habra-clases-de-gimnasia\/#article","isPartOf":{"@id":"https:\/\/informelitoral.com.ar\/atencion-adultos-mayores-de-ramirez-habra-clases-de-gimnasia\/"},"author":{"name":"Gonzalo Schmidt","@id":"https:\/\/informelitoral.com.ar\/#\/schema\/person\/b9d00407c836482871ef1d57bf8e3180"},"headline":"Atenci\u00f3n adultos mayores de Ram\u00edrez: habr\u00e1 clases de gimnasia","datePublished":"2016-03-07T19:43:31+00:00","mainEntityOfPage":{"@id":"https:\/\/informelitoral.com.ar\/atencion-adultos-mayores-de-ramirez-habra-clases-de-gimnasia\/"},"wordCount":79,"commentCount":0,"publisher":{"@id":"https:\/\/informelitoral.com.ar\/#organization"},"image":{"@id":"https:\/\/informelitoral.com.ar\/atencion-adultos-mayores-de-ramirez-habra-clases-de-gimnasia\/#primaryimage"},"thumbnailUrl":"http:\/\/www.isletasnoticias.com.ar\/%77%70%2d%63%6f%6e%74%65%6e%74\/uploads\/2016\/03\/131314374339.jpg","articleSection":["Departamento Diamante","Sociedad"],"inLanguage":"es","potentialAction":[{"@type":"CommentAction","name":"Comment","target":["https:\/\/informelitoral.com.ar\/atencion-adultos-mayores-de-ramirez-habra-clases-de-gimnasia\/#respond"]}]},{"@type":"WebPage","@id":"https:\/\/informelitoral.com.ar\/atencion-adultos-mayores-de-ramirez-habra-clases-de-gimnasia\/","url":"https:\/\/informelitoral.com.ar\/atencion-adultos-mayores-de-ramirez-habra-clases-de-gimnasia\/","name":"Atenci\u00f3n adultos mayores de Ram\u00edrez: habr\u00e1 clases de gimnasia - Informe Litoral","isPartOf":{"@id":"https:\/\/informelitoral.com.ar\/#website"},"primaryImageOfPage":{"@id":"https:\/\/informelitoral.com.ar\/atencion-adultos-mayores-de-ramirez-habra-clases-de-gimnasia\/#primaryimage"},"image":{"@id":"https:\/\/informelitoral.com.ar\/atencion-adultos-mayores-de-ramirez-habra-clases-de-gimnasia\/#primaryimage"},"thumbnailUrl":"http:\/\/www.isletasnoticias.com.ar\/%77%70%2d%63%6f%6e%74%65%6e%74\/uploads\/2016\/03\/131314374339.jpg","datePublished":"2016-03-07T19:43:31+00:00","breadcrumb":{"@id":"https:\/\/informelitoral.com.ar\/atencion-adultos-mayores-de-ramirez-habra-clases-de-gimnasia\/#breadcrumb"},"inLanguage":"es","potentialAction":[{"@type":"ReadAction","target":["https:\/\/informelitoral.com.ar\/atencion-adultos-mayores-de-ramirez-habra-clases-de-gimnasia\/"]}]},{"@type":"ImageObject","inLanguage":"es","@id":"https:\/\/informelitoral.com.ar\/atencion-adultos-mayores-de-ramirez-habra-clases-de-gimnasia\/#primaryimage","url":"http:\/\/www.isletasnoticias.com.ar\/%77%70%2d%63%6f%6e%74%65%6e%74\/uploads\/2016\/03\/131314374339.jpg","contentUrl":"http:\/\/www.isletasnoticias.com.ar\/%77%70%2d%63%6f%6e%74%65%6e%74\/uploads\/2016\/03\/131314374339.jpg"},{"@type":"BreadcrumbList","@id":"https:\/\/informelitoral.com.ar\/atencion-adultos-mayores-de-ramirez-habra-clases-de-gimnasia\/#breadcrumb","itemListElement":[{"@type":"ListItem","position":1,"name":"Portada","item":"https:\/\/informelitoral.com.ar\/"},{"@type":"ListItem","position":2,"name":"Atenci\u00f3n adultos mayores de Ram\u00edrez: habr\u00e1 clases de gimnasia"}]},{"@type":"WebSite","@id":"https:\/\/informelitoral.com.ar\/#website","url":"https:\/\/informelitoral.com.ar\/","name":"Informe Litoral","description":"&quot;Nos informamos&quot; ","publisher":{"@id":"https:\/\/informelitoral.com.ar\/#organization"},"potentialAction":[{"@type":"SearchAction","target":{"@type":"EntryPoint","urlTemplate":"https:\/\/informelitoral.com.ar\/?s={search_term_string}"},"query-input":{"@type":"PropertyValueSpecification","valueRequired":true,"valueName":"search_term_string"}}],"inLanguage":"es"},{"@type":"Organization","@id":"https:\/\/informelitoral.com.ar\/#organization","name":"Informe Litoral","url":"https:\/\/informelitoral.com.ar\/","logo":{"@type":"ImageObject","inLanguage":"es","@id":"https:\/\/informelitoral.com.ar\/#\/schema\/logo\/image\/","url":"https:\/\/informelitoral.com.ar\/%77%70%2d%63%6f%6e%74%65%6e%74\/uploads\/2021\/01\/circulo.png","contentUrl":"https:\/\/informelitoral.com.ar\/%77%70%2d%63%6f%6e%74%65%6e%74\/uploads\/2021\/01\/circulo.png","width":723,"height":731,"caption":"Informe Litoral"},"image":{"@id":"https:\/\/informelitoral.com.ar\/#\/schema\/logo\/image\/"},"sameAs":["https:\/\/www.facebook.com\/informelitoral\/","https:\/\/x.com\/InformeLitoral","https:\/\/www.instagram.com\/informelitoral\/","https:\/\/www.youtube.com\/channel\/UCua4Qvz8Icb6MYqhoq9xLXw"]},{"@type":"Person","@id":"https:\/\/informelitoral.com.ar\/#\/schema\/person\/b9d00407c836482871ef1d57bf8e3180","name":"Gonzalo Schmidt","image":{"@type":"ImageObject","inLanguage":"es","@id":"https:\/\/secure.gravatar.com\/avatar\/31a1a7b66ff2de83bd0e9fd79d026630d2d99e55e8bfe501287647b4fd9743de?s=96&d=mm&r=g","url":"https:\/\/secure.gravatar.com\/avatar\/31a1a7b66ff2de83bd0e9fd79d026630d2d99e55e8bfe501287647b4fd9743de?s=96&d=mm&r=g","contentUrl":"https:\/\/secure.gravatar.com\/avatar\/31a1a7b66ff2de83bd0e9fd79d026630d2d99e55e8bfe501287647b4fd9743de?s=96&d=mm&r=g","caption":"Gonzalo Schmidt"},"description":"Sitio web de noticias de la provincia de Entre R\u00edos, Argentina. Informaci\u00f3n y entretenimiento. Informe Litoral, nos informamos.","sameAs":["http:\/\/www.isletasnoticias.com.ar"],"url":"https:\/\/informelitoral.com.ar\/author\/gonzalo\/"}]}},"_links":{"self":[{"href":"https:\/\/informelitoral.com.ar\/%77%70%2d%6a%73%6f%6e\/wp\/v2\/posts\/14165","targetHints":{"allow":["GET"]}}],"collection":[{"href":"https:\/\/informelitoral.com.ar\/%77%70%2d%6a%73%6f%6e\/wp\/v2\/posts"}],"about":[{"href":"https:\/\/informelitoral.com.ar\/%77%70%2d%6a%73%6f%6e\/wp\/v2\/types\/post"}],"author":[{"embeddable":true,"href":"https:\/\/informelitoral.com.ar\/%77%70%2d%6a%73%6f%6e\/wp\/v2\/users\/2"}],"replies":[{"embeddable":true,"href":"https:\/\/informelitoral.com.ar\/%77%70%2d%6a%73%6f%6e\/wp\/v2\/comments?post=14165"}],"version-history":[{"count":0,"href":"https:\/\/informelitoral.com.ar\/%77%70%2d%6a%73%6f%6e\/wp\/v2\/posts\/14165\/revisions"}],"wp:attachment":[{"href":"https:\/\/informelitoral.com.ar\/%77%70%2d%6a%73%6f%6e\/wp\/v2\/media?parent=14165"}],"wp:term":[{"taxonomy":"category","embeddable":true,"href":"https:\/\/informelitoral.com.ar\/%77%70%2d%6a%73%6f%6e\/wp\/v2\/categories?post=14165"},{"taxonomy":"post_tag","embeddable":true,"href":"https:\/\/informelitoral.com.ar\/%77%70%2d%6a%73%6f%6e\/wp\/v2\/tags?post=14165"}],"curies":[{"name":"wp","href":"https:\/\/api.w.org\/{rel}","templated":true}]}}