{"id":14145,"date":"2016-03-07T15:24:52","date_gmt":"2016-03-07T18:24:52","guid":{"rendered":"http:\/\/www.isletasnoticias.com.ar\/?p=14145"},"modified":"2016-03-07T16:54:16","modified_gmt":"2016-03-07T19:54:16","slug":"isletas-resistio-y-ahora-vuelve-a-empezar","status":"publish","type":"post","link":"https:\/\/informelitoral.com.ar\/isletas-resistio-y-ahora-vuelve-a-empezar\/","title":{"rendered":"Isletas resisti\u00f3 y ahora vuelve a empezar"},"content":{"rendered":"<ul>\n<li>Por <strong>Gonzalo Schmidt<\/strong> (*)<a href=\"http:\/\/www.isletasnoticias.com.ar\/%77%70%2d%63%6f%6e%74%65%6e%74\/uploads\/2016\/03\/colzaaa.jpg\" rel=\"attachment wp-att-14149\"><img loading=\"lazy\" decoding=\"async\" class=\"aligncenter size-full wp-image-14149\" src=\"http:\/\/www.isletasnoticias.com.ar\/%77%70%2d%63%6f%6e%74%65%6e%74\/uploads\/2016\/03\/colzaaa.jpg\" alt=\"colzaaa\" width=\"960\" height=\"720\" srcset=\"https:\/\/informelitoral.com.ar\/%77%70%2d%63%6f%6e%74%65%6e%74\/uploads\/2016\/03\/colzaaa.jpg 960w, https:\/\/informelitoral.com.ar\/%77%70%2d%63%6f%6e%74%65%6e%74\/uploads\/2016\/03\/colzaaa-300x225.jpg 300w, https:\/\/informelitoral.com.ar\/%77%70%2d%63%6f%6e%74%65%6e%74\/uploads\/2016\/03\/colzaaa-768x576.jpg 768w\" sizes=\"auto, (max-width: 960px) 100vw, 960px\" \/><\/a><\/li>\n<\/ul>\n<p><em>\u201cCarro ruso abandonado, debajo de una higuera, y un arado de una reja, de esos que llaman mansera. Son testigos silenciosos, de este tiempo que no espera, paisaje que all\u00e1 en mi pago, representa una tapera\u201d.<\/em><\/p>\n<p>A partir de la segunda mitad del siglo pasado, en plena etapa de organizaci\u00f3n del pa\u00eds, los dirigentes nacionales decidieron que deb\u00edamos insertarnos en el mercado europeo, cuyas necesidades eran esencialmente que se los proveyera de materias primas. Para ello, era imprescindible cambiar la estructura econ\u00f3mica de Argentina y no hubo nada mejor que poblar el campo para desarrollar la industria agr\u00edcola ganadera.<a href=\"http:\/\/www.isletasnoticias.com.ar\/%77%70%2d%63%6f%6e%74%65%6e%74\/uploads\/2016\/03\/10491259_545550792238501_640664761841758176_n.jpg\" rel=\"attachment wp-att-14151\"><img loading=\"lazy\" decoding=\"async\" class=\"alignright wp-image-14151 size-medium\" src=\"http:\/\/www.isletasnoticias.com.ar\/%77%70%2d%63%6f%6e%74%65%6e%74\/uploads\/2016\/03\/10491259_545550792238501_640664761841758176_n-300x225.jpg\" alt=\"10491259_545550792238501_640664761841758176_n\" width=\"300\" height=\"225\" srcset=\"https:\/\/informelitoral.com.ar\/%77%70%2d%63%6f%6e%74%65%6e%74\/uploads\/2016\/03\/10491259_545550792238501_640664761841758176_n-300x225.jpg 300w, https:\/\/informelitoral.com.ar\/%77%70%2d%63%6f%6e%74%65%6e%74\/uploads\/2016\/03\/10491259_545550792238501_640664761841758176_n-768x576.jpg 768w, https:\/\/informelitoral.com.ar\/%77%70%2d%63%6f%6e%74%65%6e%74\/uploads\/2016\/03\/10491259_545550792238501_640664761841758176_n.jpg 960w\" sizes=\"auto, (max-width: 300px) 100vw, 300px\" \/><\/a><\/p>\n<p>Isletas, tambi\u00e9n fue uno de esos lugares que naci\u00f3 gracias a la inmigraci\u00f3n, principalmente interna, pero al pasar los a\u00f1os se dio vuelta la situaci\u00f3n.<\/p>\n<p>Al sudeste del departamento Diamante y a 80 kil\u00f3metros de la capital provincial se encuentra este extenso territorio netamente rural, habitado por descendientes de italianos y alemanes del Volga.<\/p>\n<p>La localidad, es uno de los cinco distritos en que se dividi\u00f3 el departamento. Fue as\u00ed que el 27 de julio de 1849 se efectuaron los nombramientos de las autoridades, siendo designado para Isletas el alcalde Mariano Chaparro. Luego el 19 de febrero de 1872 se decret\u00f3 el nombramiento de Ram\u00f3n Aguilar y Jos\u00e9 Gim\u00e9nez, quienes ocuparon su cargo hasta 1875. Despu\u00e9s pasaron distintos nombres por dichos puestos, pero a partir de 1881 desapareci\u00f3 esa autoridad y desde aquel entonces la gente debe dirigirse a las ciudades de Ram\u00edrez, Crespo o Diamante para hacer cualquier tr\u00e1mite.<\/p>\n<p>Ahora el ente gubernamental es una Junta de Gobierno que es electa por voto directo desde el 2003, ya que anteriormente sus integrantes eran designados por decreto del gobierno provincial de turno.<\/p>\n<p>Volv\u00ed durante varios fines de semana a ese lugar en el que todos se conocen y donde la siesta a\u00fan no corre peligro de extinci\u00f3n. Avanc\u00e9 desde Paran\u00e1 por la Ruta N\u00b0 12, hasta Ram\u00edrez y desde all\u00ed transit\u00e9 por un camino de ripio que pasa por la localidad y confluye en el kil\u00f3metro 54 de la Ruta N\u00b0 11.<\/p>\n<p>Eran las 10.30 de la ma\u00f1ana, la ciudad qued\u00f3 atr\u00e1s y ahora todo era campo. A mi alrededor observ\u00e9 lotes sembrados con soja, otros con animales, casas de familia (a unos cinco kil\u00f3metros una de la otra), alg\u00fan arroyo, de vez en cuando un veh\u00edculo, m\u00e1s lejos un hombre a caballo y taperas.<\/p>\n<p><strong>\u00bfPor qu\u00e9 Isletas?<\/strong><\/p>\n<p>Seg\u00fan el diccionario de argentinismos, isleta es un diminutivo de isla, en su acepci\u00f3n de monte aislado. Para evitar confusiones, algunos autores aclaran: isleta del monte.<\/p>\n<p>Si bien la historia isletense es m\u00e1s rica de lo que se cree, ya que hasta el General Justo Jos\u00e9 de Urquiza pis\u00f3 su suelo, ning\u00fan habitante, ni siquiera las autoridades, saben decir con exactitud porqu\u00e9 su localidad se llama as\u00ed y tampoco, al menos hasta el momento, existe demasiado inter\u00e9s por saberlo, porque como dijo Juana una mujer de 73 a\u00f1os:<\/p>\n<p>\u2014Nunca alguien me pregunt\u00f3 y tampoco se me dio por averiguar. Pienso que es por la gran cantidad de arroyos que hay.<\/p>\n<p>Sin embargo, sobre el origen del nombre impuesto al distrito, hay dos versiones oficiales. Una sostiene que se debe a un curso de agua ubicado hacia el este del departamento, conocido como Arroyo De Las Isletas.<\/p>\n<p>Mientras que en el libro Diamante, de Leopoldo Yas\u00fa, se afirma que las palabras del entonces diputado provincial Bernardino Ram\u00edrez, expresaban textualmente: \u201cIsletas es por origen de unos peque\u00f1os montecitos de los que a\u00fan hay vestigios en frente a la poblaci\u00f3n de don Francisco Hern\u00e1ndez y otro que existe en el campo de los herederos del finado Don Vicente Chaparro\u201d.<\/p>\n<p>No se sabe cu\u00e1l es la versi\u00f3n acertada, pero hoy a\u00fan est\u00e1 el Arroyo de Las Isletas, pero de los montecitos ya no hay rastros, seguramente, como a tantos otros se los llev\u00f3 el cultivo, en especial el de la soja.<\/p>\n<p><strong>Lo que cambi\u00f3, lo que todav\u00eda resiste<\/strong><\/p>\n<p>Hoy; el carro, sulqui o caballo son reemplazados por autos o camionetas (algunas 4 x 4). La electrificaci\u00f3n lleg\u00f3 a casi todos los hogares y la mayor\u00eda de los habitantes poseen tel\u00e9fonos celulares con acceso a las redes sociales. Tambi\u00e9n en sus casas muchos tienen DIRECTV e internet.<\/p>\n<p>Sin embargo, hay costumbres imborrables como tomar mate en familia, las carneadas, espor\u00e1dicas yerras, juntarse en alg\u00fan bar o la profesi\u00f3n de \u2018Berto\u2019 Viola, quien con sus casi 70 a\u00f1os todav\u00eda se dedica a arreglar los molinos de viento. Estas m\u00e1quinas hace unos 50 a\u00f1os eran imprescindibles para abastecer de agua al ganado, algunos cultivos y al mismo ser humano. Ahora si bien ya no son tan necesarios, debido a la energ\u00eda el\u00e9ctrica, es com\u00fan observar en cada casa o tapera uno de estos gigantes de hierro, que a pesar del tiempo y en algunos casos del descuido, no se cansan de girar.<\/p>\n<p>Mientras que la vida diaria se desarrolla de acuerdo a la organizaci\u00f3n de cada actividad y en relaci\u00f3n con los ciclos estacionales del a\u00f1o. El trabajo se vincula con la naturaleza, es decir, con los procesos productivos del campo, de cuyas actividades participa toda la familia.<\/p>\n<p>\u2014En verano antes de la salida del sol ya entramos al tambo \u2014dijo una mujer sonriendo.<\/p>\n<p>Esto es b\u00e1sicamente para aprovechar las bajas temperaturas, seg\u00fan me contaron los peque\u00f1os productores, peones de campo y algunos ladrilleros. Estos \u00faltimos ocupan un lugar importante en cuanto al mercado de trabajo. Es una de las actividades m\u00e1s forzadas y para poder ubicar su producto artesanal en el mercado deben mantener buenos contactos y cooperar entre ellos.<\/p>\n<p>Sin dudas, que vivir en el campo es sin\u00f3nimo de tranquilidad, pero tambi\u00e9n representa un gran esfuerzo.<\/p>\n<p>Justamente una de las causas de emigraci\u00f3n a las ciudades se debi\u00f3 al deseo de mayores comodidades, m\u00e1s oportunidades. Adem\u00e1s los j\u00f3venes se fueron en busca de trabajo y estudio.<\/p>\n<p><strong>Los que se fueron<\/strong><\/p>\n<p><em>\u00a0\u201cJunto a una pila de adobe, se apoya una chapa vieja, como un bendito en la siesta, da calor a una culebra. Entre espartillos los cuises, como due\u00f1os de casa juegan, no hay cuzco que los moleste, pues el rancho ya es tapera\u201d.<\/em><\/p>\n<p>\u2014Me vine a Buenos Aires en 1988 \u2014dijo Alberto de 44 a\u00f1os.<\/p>\n<p>\u2014Hice la primaria en la Escuela N\u00b0 143, 25 de mayo y al secundario lo realic\u00e9 en Ram\u00edrez. Me vine en busca de un progreso porque trabajaba en una obra de ladrillos con mi padre y no quer\u00eda eso para mi futuro. Gracias a Dios pude cumplir mi sue\u00f1o, ya que conform\u00e9 mi familia con una porte\u00f1a a la que le encanta ir a mis pagos. Adem\u00e1s, hoy tengo tres hijos y un nieto. Extra\u00f1o principalmente la tranquilidad, la seguridad y la buena infancia que tuve all\u00ed. Por eso mi proyecto a futuro es volver ya que tengo la casa de mis viejos, donde pasar\u00e9 mis \u00faltimos a\u00f1os de vida \u2014indic\u00f3 Gait\u00e1n.<\/p>\n<p>Alberto, es s\u00f3lo una m\u00e1s de las personas que debi\u00f3 dejar atr\u00e1s a su familia, amigos, vecinos, algunas costumbres y tantas otras cosas.<\/p>\n<p>Los n\u00fameros hablan por s\u00ed solos. Seg\u00fan el Censo Nacional de Poblaci\u00f3n, Hogares y Vivienda de 1970, en el departamento Diamante hubo 18.137 personas viviendo en la zona rural, contra 17.125 en las ciudades. Sin embargo, a tan solo diez a\u00f1os despu\u00e9s esta cifra se revirti\u00f3, ya que en 1980 las ciudades del departamento pasaron a tener 21.306 habitantes y la zona rural baj\u00f3 a 15.646. A partir de ese momento, seg\u00fan el Instituto Nacional de Estad\u00edsticas y Censos (INDEC) la poblaci\u00f3n rural fue decreciendo a\u00fan m\u00e1s, tal es as\u00ed que en el censo de 2001 las ciudades llegaron a los 35.558 habitantes y el campo decreci\u00f3 bruscamente a 7.620 personas. En esa oportunidad se brindaron por primera vez los datos de las Juntas de Gobierno y se registr\u00f3 que Isletas en aquel momento contaba con tan s\u00f3lo 611 habitantes.<\/p>\n<p>Como dir\u00eda el polic\u00eda y escritor, Ra\u00fal Rodr\u00edguez: <em>\u201cSe est\u00e1n muriendo mis pagos, de tristeza y soledad. Se ha sumado otra tapera, de don David que se va. Una vida trabajando, de sol a sol sin frenar. S\u00f3lo se lleva las pilchas, vendi\u00f3 todo pa\u2019 emigrar\u201d.<\/em><\/p>\n<p>\u2014Extra\u00f1o absolutamente todo, pero principalmente a mi gente \u2014expres\u00f3 Amalia muy emocionada.<\/p>\n<p>Se fue en 1974, con tan s\u00f3lo 20 a\u00f1os y un bolso con ropa. Hoy vive en Gar\u00edn, Buenos Aires.<\/p>\n<p>\u2014Cuando hay un baile de m\u00fasica alemana en la zona trato de no faltar y en casa el equipo de mate es mi fiel compa\u00f1\u00eda. Volver me encantar\u00eda.<\/p>\n<p>Otro caso es el de Ayel\u00e9n, que emigr\u00f3 a la capital en 1981.<\/p>\n<p>\u2014Me vine porque quer\u00eda estudiar. Estoy muy bien y tengo una hermosa familia, pero nunca pude acostumbrarme a la ciudad.<\/p>\n<p>\u2014\u00bfPor qu\u00e9 no pudo adaptarse? \u2014le pregunt\u00e9.<\/p>\n<p>\u2014\u00a1Uff! Principalmente los d\u00edas de lluvia recuerdo las tortas fritas que hac\u00eda mi t\u00eda Ana y hasta me dan ganas de andar en el barro.<\/p>\n<p>Alberto, Amalia, Ayel\u00e9n y otros tantos desean volver, pero s\u00f3lo el tiempo dir\u00e1 si lo podr\u00e1n concretar, por el momento s\u00f3lo mantienen contacto con sus ra\u00edces a la distancia.<\/p>\n<p>Si bien la localidad ni si quiera figura en muchos mapas. Tampoco contaba con medios de comunicaci\u00f3n como radio y diarios. Sin embargo, hace varios a\u00f1os apareci\u00f3 en la red social Facebook un grupo que se denomina Yo tambi\u00e9n soy de Isletas E.R. Este sitio ha mejorado la comunicaci\u00f3n para quienes se fueron, ya que all\u00ed comparten fotos, an\u00e9cdotas, poes\u00edas e interact\u00faan entre ellos. Tal es as\u00ed que a diario se suman m\u00e1s personas, quienes manifiestan su emoci\u00f3n al ver las im\u00e1genes de sus casas o los sitios en donde alg\u00fan momento dejaron su huella. \u00a0M\u00e1s recientemente, en 2012, surgi\u00f3 el sitio <em>Isletas Noticias<\/em>, que se encuentra en plena etapa de crecimiento y logr\u00f3 traspasar los l\u00edmites de la localidad.<\/p>\n<p>Hay paredes de adobe asentado en barro, las puertas de madera gruesa y de un tama\u00f1o importante, igual son las ventanas, que ya se quedaron sin vidrios. En la cocina veo un par de bolsas de avena y en el ba\u00f1o con algunos azulejos blancos hay un ternero que entr\u00f3 por descuido. Lleg\u00f3 la noche y ya no se escucha el griter\u00edo de los cinco, siete o diez hijos de la familia. Eso s\u00ed, la luna llena asoma detr\u00e1s del \u00e1rbol de mandarinas cuyas hojas se mueven levemente por el viento que sopla del este y los p\u00e1jaros, grillos y ranas me acompa\u00f1an con su melod\u00eda. S\u00ed, las casas deshabitadas ya son parte del paisaje. Sin embargo, hay una luz de esperanza.<\/p>\n<p><strong>Los que apuestan al campo <\/strong><\/p>\n<figure id=\"attachment_14150\" aria-describedby=\"caption-attachment-14150\" style=\"width: 300px\" class=\"wp-caption alignright\"><a href=\"http:\/\/www.isletasnoticias.com.ar\/%77%70%2d%63%6f%6e%74%65%6e%74\/uploads\/2016\/03\/silos-1.jpg\" rel=\"attachment wp-att-14150\"><img loading=\"lazy\" decoding=\"async\" class=\"wp-image-14150 size-medium\" src=\"http:\/\/www.isletasnoticias.com.ar\/%77%70%2d%63%6f%6e%74%65%6e%74\/uploads\/2016\/03\/silos-1-300x225.jpg\" alt=\"silos 1\" width=\"300\" height=\"225\" srcset=\"https:\/\/informelitoral.com.ar\/%77%70%2d%63%6f%6e%74%65%6e%74\/uploads\/2016\/03\/silos-1-300x225.jpg 300w, https:\/\/informelitoral.com.ar\/%77%70%2d%63%6f%6e%74%65%6e%74\/uploads\/2016\/03\/silos-1-768x576.jpg 768w, https:\/\/informelitoral.com.ar\/%77%70%2d%63%6f%6e%74%65%6e%74\/uploads\/2016\/03\/silos-1-1024x768.jpg 1024w, https:\/\/informelitoral.com.ar\/%77%70%2d%63%6f%6e%74%65%6e%74\/uploads\/2016\/03\/silos-1.jpg 1600w\" sizes=\"auto, (max-width: 300px) 100vw, 300px\" \/><\/a><figcaption id=\"caption-attachment-14150\" class=\"wp-caption-text\"><em>Planta de silos Cooperativa Diamante<\/em><\/figcaption><\/figure>\n<p>Con su pausado caminar y su blanca cabellera, me recibi\u00f3 en su vivienda Gerardo. \u00c9l recuerda que en las d\u00e9cadas de los 60 y 70 fue la \u00e9poca en que m\u00e1s gente abandon\u00f3 la localidad.<\/p>\n<p>\u2014Los j\u00f3venes se independizaban y pensaban que en el pueblo pod\u00edan ganar un mango m\u00e1s que en el campo, porque en ese momento nuestros viejos ten\u00edan otra mentalidad y no le daban participaci\u00f3n en la econom\u00eda familiar a los hijos. Adem\u00e1s, abrieron muchas industrias en las ciudades vecinas \u2014dijo, mientras me convidaba con un amargo.<\/p>\n<p>\u2014Ahora ya casi no se van. Muchos j\u00f3venes se est\u00e1n quedando porque tienen su trabajo y hay mayor comodidad, pero hace falta m\u00e1s gente \u2014termin\u00f3 diciendo con el mayor de los convencimientos.<\/p>\n<p>\u2014Una vez que termin\u00e9 de ir a la escuela, decid\u00ed quedarme, porque me gusta el campo y mis familiares siempre vivieron aqu\u00ed \u2014dijo Rodrigo.<\/p>\n<p>El joven de 24 a\u00f1os cree que el futuro ser\u00e1 bueno, y tiene una esperanza con el nuevo gobierno.<\/p>\n<p>Una de los hechos fundamentales para evitar la emigraci\u00f3n fue la creaci\u00f3n de la Escuela Agrot\u00e9cnica N\u00b0 153, Horacio Mann.<\/p>\n<p>\u2014A excepci\u00f3n de la matr\u00edcula, la instituci\u00f3n no para de crecer \u2014afirm\u00f3 el ex rector \u00c1ngel Jofr\u00e9.<\/p>\n<p>La entidad ocupa un rol trascendental, porque los chicos pueden hacer el secundario sin la necesidad de emigrar a las ciudades. Luego algunos siguen estudiando, pero la mayor\u00eda apuesta al campo.<\/p>\n<figure id=\"attachment_14152\" aria-describedby=\"caption-attachment-14152\" style=\"width: 300px\" class=\"wp-caption alignright\"><a href=\"http:\/\/www.isletasnoticias.com.ar\/%77%70%2d%63%6f%6e%74%65%6e%74\/uploads\/2016\/03\/11081469_946702972015344_551218459911641960_n.jpg\" rel=\"attachment wp-att-14152\"><img loading=\"lazy\" decoding=\"async\" class=\"wp-image-14152 size-medium\" src=\"http:\/\/www.isletasnoticias.com.ar\/%77%70%2d%63%6f%6e%74%65%6e%74\/uploads\/2016\/03\/11081469_946702972015344_551218459911641960_n-300x200.jpg\" alt=\"11081469_946702972015344_551218459911641960_n\" width=\"300\" height=\"200\" srcset=\"https:\/\/informelitoral.com.ar\/%77%70%2d%63%6f%6e%74%65%6e%74\/uploads\/2016\/03\/11081469_946702972015344_551218459911641960_n-300x200.jpg 300w, https:\/\/informelitoral.com.ar\/%77%70%2d%63%6f%6e%74%65%6e%74\/uploads\/2016\/03\/11081469_946702972015344_551218459911641960_n-768x512.jpg 768w, https:\/\/informelitoral.com.ar\/%77%70%2d%63%6f%6e%74%65%6e%74\/uploads\/2016\/03\/11081469_946702972015344_551218459911641960_n.jpg 960w\" sizes=\"auto, (max-width: 300px) 100vw, 300px\" \/><\/a><figcaption id=\"caption-attachment-14152\" class=\"wp-caption-text\"><em>Tierra Adentro Turismo Rural<\/em><\/figcaption><\/figure>\n<p>Por su puesto que entre los habitantes del lugar existen diferencias en su forma de pensar, pero coinciden en algo: hoy para vivir bien en el campo y vivir del mismo, hay que tener por lo menos m\u00e1s de 100 hect\u00e1reas.<\/p>\n<p><em>\u201cYo no comprendo mi pago, como te puede olvidar. Al tomar sus decisiones, que manera de gobernar. Tus caminos polvorientos, con promesas de enrripiar. Se vuelven barrosas sendas, cuando llueve por dem\u00e1s\u201d.<\/em><\/p>\n<p>Hace algunos a\u00f1os se puso en funcionamiento otro importante silo, en la \u00fanica planta de acopio de cereales que se encuentra en la localidad. La misma fue creada en noviembre de 1996 y hoy cuenta con cuatro empleados permanentes. Pr\u00f3ximamente pertenecer\u00e1 a La Agr\u00edcola Regional de Crespo, una de las entidades cooperativas con mayor crecimiento en la regi\u00f3n.<\/p>\n<p>Tambi\u00e9n en abril de 2014, comenz\u00f3 a dar sus primeros pasos <a href=\"http:\/\/www.isletasnoticias.com.ar\/?p=6599\">Tierra Adentro Turismo Rural,<\/a> el primer emprendimiento de turismo alternativo de la localidad. Funciona en la tradicional ex Pista Ch\u00e9mez, donde hace 30 a\u00f1os se hac\u00edan multitudinarios bailes.<\/p>\n<figure id=\"attachment_14153\" aria-describedby=\"caption-attachment-14153\" style=\"width: 300px\" class=\"wp-caption alignright\"><a href=\"http:\/\/www.isletasnoticias.com.ar\/%77%70%2d%63%6f%6e%74%65%6e%74\/uploads\/2016\/03\/esc.-153.jpg\" rel=\"attachment wp-att-14153\"><img loading=\"lazy\" decoding=\"async\" class=\"wp-image-14153 size-medium\" src=\"http:\/\/www.isletasnoticias.com.ar\/%77%70%2d%63%6f%6e%74%65%6e%74\/uploads\/2016\/03\/esc.-153-300x225.jpg\" alt=\"esc. 153\" width=\"300\" height=\"225\" srcset=\"https:\/\/informelitoral.com.ar\/%77%70%2d%63%6f%6e%74%65%6e%74\/uploads\/2016\/03\/esc.-153-300x225.jpg 300w, https:\/\/informelitoral.com.ar\/%77%70%2d%63%6f%6e%74%65%6e%74\/uploads\/2016\/03\/esc.-153-768x576.jpg 768w, https:\/\/informelitoral.com.ar\/%77%70%2d%63%6f%6e%74%65%6e%74\/uploads\/2016\/03\/esc.-153.jpg 960w\" sizes=\"auto, (max-width: 300px) 100vw, 300px\" \/><\/a><figcaption id=\"caption-attachment-14153\" class=\"wp-caption-text\"><em>Escuela Agrot\u00e9cnica N\u00b0 153, Horacio Mann<\/em><\/figcaption><\/figure>\n<p>En tanto, desde la Junta de Gobierno, recientemente se elabor\u00f3 un ambicioso anteproyecto para<a href=\"http:\/\/www.isletasnoticias.com.ar\/?p=13596\"> asfaltar 57 kil\u00f3metros de caminos<\/a>, que de concretarse en alg\u00fan momento, significar\u00e1 un antes y un despu\u00e9s en la historia y calidad de vida isletense.<\/p>\n<p>Todo indica que Isletas ya no volver\u00e1 a ser lo que fue en sus primeros a\u00f1os, pero no hay dudas que lentamente se est\u00e1 reactivando. Ser\u00e1 responsabilidad de las autoridades y vecinos contribuir al progreso.<\/p>\n<p><em>(*) Estudiante de Comunicaci\u00f3n Social y director de IN<\/em><\/p>\n<p><em>La nota fue escrita para un trabajo de la Facultad de Ciencias de la Educaci\u00f3n de Paran\u00e1 hace algunos a\u00f1os, por lo que fue adaptada para este Sitio, con algunos cambios. Agradecemos los aportes, en especial de Ra\u00fal Rodr\u00edguez y Mabel Ch\u00e9mez.<\/em><\/p>\n","protected":false},"excerpt":{"rendered":"<p>Por Gonzalo Schmidt (*) &ldquo;Carro ruso abandonado, debajo de una higuera, y un arado de una reja, de esos que llaman mansera. Son testigos silenciosos, de este tiempo que no espera, paisaje que all&aacute; en mi pago, representa una tapera&rdquo;. A partir de la segunda mitad del siglo pasado, en plena etapa de organizaci&oacute;n del [&hellip;]<\/p>\n","protected":false},"author":2,"featured_media":0,"comment_status":"open","ping_status":"open","sticky":false,"template":"","format":"standard","meta":{"fifu_image_url":"","fifu_image_alt":"","footnotes":""},"categories":[4,9],"tags":[],"class_list":{"0":"post-14145","1":"post","2":"type-post","3":"status-publish","4":"format-standard","6":"category-locales","7":"category-sociedad"},"yoast_head":"<title>Isletas resisti\u00f3 y ahora vuelve a empezar - Informe Litoral<\/title>\n<meta name=\"robots\" content=\"index, follow, max-snippet:-1, max-image-preview:large, max-video-preview:-1\" \/>\n<link rel=\"canonical\" href=\"https:\/\/informelitoral.com.ar\/isletas-resistio-y-ahora-vuelve-a-empezar\/\" \/>\n<meta property=\"og:locale\" content=\"es_ES\" \/>\n<meta property=\"og:type\" content=\"article\" \/>\n<meta property=\"og:title\" content=\"Isletas resisti\u00f3 y ahora vuelve a empezar - Informe Litoral\" \/>\n<meta property=\"og:description\" content=\"Por Gonzalo Schmidt (*) &ldquo;Carro ruso abandonado, debajo de una higuera, y un arado de una reja, de esos que llaman mansera. Son testigos silenciosos, de este tiempo que no espera, paisaje que all&aacute; en mi pago, representa una tapera&rdquo;. A partir de la segunda mitad del siglo pasado, en plena etapa de organizaci&oacute;n del [&hellip;]\" \/>\n<meta property=\"og:url\" content=\"https:\/\/informelitoral.com.ar\/isletas-resistio-y-ahora-vuelve-a-empezar\/\" \/>\n<meta property=\"og:site_name\" content=\"Informe Litoral\" \/>\n<meta property=\"article:publisher\" content=\"https:\/\/www.facebook.com\/informelitoral\/\" \/>\n<meta property=\"article:published_time\" content=\"2016-03-07T18:24:52+00:00\" \/>\n<meta property=\"article:modified_time\" content=\"2016-03-07T19:54:16+00:00\" \/>\n<meta property=\"og:image\" content=\"https:\/\/informelitoral.com.ar\/%77%70%2d%63%6f%6e%74%65%6e%74\/uploads\/2016\/03\/colzaaa.jpg\" \/>\n\t<meta property=\"og:image:width\" content=\"960\" \/>\n\t<meta property=\"og:image:height\" content=\"720\" \/>\n\t<meta property=\"og:image:type\" content=\"image\/jpeg\" \/>\n<meta name=\"author\" content=\"Gonzalo Schmidt\" \/>\n<meta name=\"twitter:card\" content=\"summary_large_image\" \/>\n<meta name=\"twitter:creator\" content=\"@InformeLitoral\" \/>\n<meta name=\"twitter:site\" content=\"@InformeLitoral\" \/>\n<meta name=\"twitter:label1\" content=\"Escrito por\" \/>\n\t<meta name=\"twitter:data1\" content=\"Gonzalo Schmidt\" \/>\n\t<meta name=\"twitter:label2\" content=\"Tiempo de lectura\" \/>\n\t<meta name=\"twitter:data2\" content=\"12 minutos\" \/>\n<script type=\"application\/ld+json\" class=\"yoast-schema-graph\">{\"@context\":\"https:\\\/\\\/schema.org\",\"@graph\":[{\"@type\":\"Article\",\"@id\":\"https:\\\/\\\/informelitoral.com.ar\\\/isletas-resistio-y-ahora-vuelve-a-empezar\\\/#article\",\"isPartOf\":{\"@id\":\"https:\\\/\\\/informelitoral.com.ar\\\/isletas-resistio-y-ahora-vuelve-a-empezar\\\/\"},\"author\":{\"name\":\"Gonzalo Schmidt\",\"@id\":\"https:\\\/\\\/informelitoral.com.ar\\\/#\\\/schema\\\/person\\\/b9d00407c836482871ef1d57bf8e3180\"},\"headline\":\"Isletas resisti\u00f3 y ahora vuelve a empezar\",\"datePublished\":\"2016-03-07T18:24:52+00:00\",\"dateModified\":\"2016-03-07T19:54:16+00:00\",\"mainEntityOfPage\":{\"@id\":\"https:\\\/\\\/informelitoral.com.ar\\\/isletas-resistio-y-ahora-vuelve-a-empezar\\\/\"},\"wordCount\":2454,\"commentCount\":0,\"publisher\":{\"@id\":\"https:\\\/\\\/informelitoral.com.ar\\\/#organization\"},\"image\":{\"@id\":\"https:\\\/\\\/informelitoral.com.ar\\\/isletas-resistio-y-ahora-vuelve-a-empezar\\\/#primaryimage\"},\"thumbnailUrl\":\"http:\\\/\\\/www.isletasnoticias.com.ar\\\/%77%70%2d%63%6f%6e%74%65%6e%74\\\/uploads\\\/2016\\\/03\\\/colzaaa.jpg\",\"articleSection\":[\"Isletas\",\"Sociedad\"],\"inLanguage\":\"es\",\"potentialAction\":[{\"@type\":\"CommentAction\",\"name\":\"Comment\",\"target\":[\"https:\\\/\\\/informelitoral.com.ar\\\/isletas-resistio-y-ahora-vuelve-a-empezar\\\/#respond\"]}]},{\"@type\":\"WebPage\",\"@id\":\"https:\\\/\\\/informelitoral.com.ar\\\/isletas-resistio-y-ahora-vuelve-a-empezar\\\/\",\"url\":\"https:\\\/\\\/informelitoral.com.ar\\\/isletas-resistio-y-ahora-vuelve-a-empezar\\\/\",\"name\":\"Isletas resisti\u00f3 y ahora vuelve a empezar - Informe Litoral\",\"isPartOf\":{\"@id\":\"https:\\\/\\\/informelitoral.com.ar\\\/#website\"},\"primaryImageOfPage\":{\"@id\":\"https:\\\/\\\/informelitoral.com.ar\\\/isletas-resistio-y-ahora-vuelve-a-empezar\\\/#primaryimage\"},\"image\":{\"@id\":\"https:\\\/\\\/informelitoral.com.ar\\\/isletas-resistio-y-ahora-vuelve-a-empezar\\\/#primaryimage\"},\"thumbnailUrl\":\"http:\\\/\\\/www.isletasnoticias.com.ar\\\/%77%70%2d%63%6f%6e%74%65%6e%74\\\/uploads\\\/2016\\\/03\\\/colzaaa.jpg\",\"datePublished\":\"2016-03-07T18:24:52+00:00\",\"dateModified\":\"2016-03-07T19:54:16+00:00\",\"breadcrumb\":{\"@id\":\"https:\\\/\\\/informelitoral.com.ar\\\/isletas-resistio-y-ahora-vuelve-a-empezar\\\/#breadcrumb\"},\"inLanguage\":\"es\",\"potentialAction\":[{\"@type\":\"ReadAction\",\"target\":[\"https:\\\/\\\/informelitoral.com.ar\\\/isletas-resistio-y-ahora-vuelve-a-empezar\\\/\"]}]},{\"@type\":\"ImageObject\",\"inLanguage\":\"es\",\"@id\":\"https:\\\/\\\/informelitoral.com.ar\\\/isletas-resistio-y-ahora-vuelve-a-empezar\\\/#primaryimage\",\"url\":\"http:\\\/\\\/www.isletasnoticias.com.ar\\\/%77%70%2d%63%6f%6e%74%65%6e%74\\\/uploads\\\/2016\\\/03\\\/colzaaa.jpg\",\"contentUrl\":\"http:\\\/\\\/www.isletasnoticias.com.ar\\\/%77%70%2d%63%6f%6e%74%65%6e%74\\\/uploads\\\/2016\\\/03\\\/colzaaa.jpg\"},{\"@type\":\"BreadcrumbList\",\"@id\":\"https:\\\/\\\/informelitoral.com.ar\\\/isletas-resistio-y-ahora-vuelve-a-empezar\\\/#breadcrumb\",\"itemListElement\":[{\"@type\":\"ListItem\",\"position\":1,\"name\":\"Portada\",\"item\":\"https:\\\/\\\/informelitoral.com.ar\\\/\"},{\"@type\":\"ListItem\",\"position\":2,\"name\":\"Isletas resisti\u00f3 y ahora vuelve a empezar\"}]},{\"@type\":\"WebSite\",\"@id\":\"https:\\\/\\\/informelitoral.com.ar\\\/#website\",\"url\":\"https:\\\/\\\/informelitoral.com.ar\\\/\",\"name\":\"Informe Litoral\",\"description\":\"&quot;Nos informamos&quot; \",\"publisher\":{\"@id\":\"https:\\\/\\\/informelitoral.com.ar\\\/#organization\"},\"potentialAction\":[{\"@type\":\"SearchAction\",\"target\":{\"@type\":\"EntryPoint\",\"urlTemplate\":\"https:\\\/\\\/informelitoral.com.ar\\\/?s={search_term_string}\"},\"query-input\":{\"@type\":\"PropertyValueSpecification\",\"valueRequired\":true,\"valueName\":\"search_term_string\"}}],\"inLanguage\":\"es\"},{\"@type\":\"Organization\",\"@id\":\"https:\\\/\\\/informelitoral.com.ar\\\/#organization\",\"name\":\"Informe Litoral\",\"url\":\"https:\\\/\\\/informelitoral.com.ar\\\/\",\"logo\":{\"@type\":\"ImageObject\",\"inLanguage\":\"es\",\"@id\":\"https:\\\/\\\/informelitoral.com.ar\\\/#\\\/schema\\\/logo\\\/image\\\/\",\"url\":\"https:\\\/\\\/informelitoral.com.ar\\\/%77%70%2d%63%6f%6e%74%65%6e%74\\\/uploads\\\/2021\\\/01\\\/circulo.png\",\"contentUrl\":\"https:\\\/\\\/informelitoral.com.ar\\\/%77%70%2d%63%6f%6e%74%65%6e%74\\\/uploads\\\/2021\\\/01\\\/circulo.png\",\"width\":723,\"height\":731,\"caption\":\"Informe Litoral\"},\"image\":{\"@id\":\"https:\\\/\\\/informelitoral.com.ar\\\/#\\\/schema\\\/logo\\\/image\\\/\"},\"sameAs\":[\"https:\\\/\\\/www.facebook.com\\\/informelitoral\\\/\",\"https:\\\/\\\/x.com\\\/InformeLitoral\",\"https:\\\/\\\/www.instagram.com\\\/informelitoral\\\/\",\"https:\\\/\\\/www.youtube.com\\\/channel\\\/UCua4Qvz8Icb6MYqhoq9xLXw\"]},{\"@type\":\"Person\",\"@id\":\"https:\\\/\\\/informelitoral.com.ar\\\/#\\\/schema\\\/person\\\/b9d00407c836482871ef1d57bf8e3180\",\"name\":\"Gonzalo Schmidt\",\"image\":{\"@type\":\"ImageObject\",\"inLanguage\":\"es\",\"@id\":\"https:\\\/\\\/secure.gravatar.com\\\/avatar\\\/31a1a7b66ff2de83bd0e9fd79d026630d2d99e55e8bfe501287647b4fd9743de?s=96&d=mm&r=g\",\"url\":\"https:\\\/\\\/secure.gravatar.com\\\/avatar\\\/31a1a7b66ff2de83bd0e9fd79d026630d2d99e55e8bfe501287647b4fd9743de?s=96&d=mm&r=g\",\"contentUrl\":\"https:\\\/\\\/secure.gravatar.com\\\/avatar\\\/31a1a7b66ff2de83bd0e9fd79d026630d2d99e55e8bfe501287647b4fd9743de?s=96&d=mm&r=g\",\"caption\":\"Gonzalo Schmidt\"},\"description\":\"Sitio web de noticias de la provincia de Entre R\u00edos, Argentina. Informaci\u00f3n y entretenimiento. Informe Litoral, nos informamos.\",\"sameAs\":[\"http:\\\/\\\/www.isletasnoticias.com.ar\"],\"url\":\"https:\\\/\\\/informelitoral.com.ar\\\/author\\\/gonzalo\\\/\"}]}<\/script>","yoast_head_json":{"title":"Isletas resisti\u00f3 y ahora vuelve a empezar - Informe Litoral","robots":{"index":"index","follow":"follow","max-snippet":"max-snippet:-1","max-image-preview":"max-image-preview:large","max-video-preview":"max-video-preview:-1"},"canonical":"https:\/\/informelitoral.com.ar\/isletas-resistio-y-ahora-vuelve-a-empezar\/","og_locale":"es_ES","og_type":"article","og_title":"Isletas resisti\u00f3 y ahora vuelve a empezar - Informe Litoral","og_description":"Por Gonzalo Schmidt (*) &ldquo;Carro ruso abandonado, debajo de una higuera, y un arado de una reja, de esos que llaman mansera. Son testigos silenciosos, de este tiempo que no espera, paisaje que all&aacute; en mi pago, representa una tapera&rdquo;. A partir de la segunda mitad del siglo pasado, en plena etapa de organizaci&oacute;n del [&hellip;]","og_url":"https:\/\/informelitoral.com.ar\/isletas-resistio-y-ahora-vuelve-a-empezar\/","og_site_name":"Informe Litoral","article_publisher":"https:\/\/www.facebook.com\/informelitoral\/","article_published_time":"2016-03-07T18:24:52+00:00","article_modified_time":"2016-03-07T19:54:16+00:00","og_image":[{"width":960,"height":720,"url":"https:\/\/informelitoral.com.ar\/%77%70%2d%63%6f%6e%74%65%6e%74\/uploads\/2016\/03\/colzaaa.jpg","type":"image\/jpeg"}],"author":"Gonzalo Schmidt","twitter_card":"summary_large_image","twitter_creator":"@InformeLitoral","twitter_site":"@InformeLitoral","twitter_misc":{"Escrito por":"Gonzalo Schmidt","Tiempo de lectura":"12 minutos"},"schema":{"@context":"https:\/\/schema.org","@graph":[{"@type":"Article","@id":"https:\/\/informelitoral.com.ar\/isletas-resistio-y-ahora-vuelve-a-empezar\/#article","isPartOf":{"@id":"https:\/\/informelitoral.com.ar\/isletas-resistio-y-ahora-vuelve-a-empezar\/"},"author":{"name":"Gonzalo Schmidt","@id":"https:\/\/informelitoral.com.ar\/#\/schema\/person\/b9d00407c836482871ef1d57bf8e3180"},"headline":"Isletas resisti\u00f3 y ahora vuelve a empezar","datePublished":"2016-03-07T18:24:52+00:00","dateModified":"2016-03-07T19:54:16+00:00","mainEntityOfPage":{"@id":"https:\/\/informelitoral.com.ar\/isletas-resistio-y-ahora-vuelve-a-empezar\/"},"wordCount":2454,"commentCount":0,"publisher":{"@id":"https:\/\/informelitoral.com.ar\/#organization"},"image":{"@id":"https:\/\/informelitoral.com.ar\/isletas-resistio-y-ahora-vuelve-a-empezar\/#primaryimage"},"thumbnailUrl":"http:\/\/www.isletasnoticias.com.ar\/%77%70%2d%63%6f%6e%74%65%6e%74\/uploads\/2016\/03\/colzaaa.jpg","articleSection":["Isletas","Sociedad"],"inLanguage":"es","potentialAction":[{"@type":"CommentAction","name":"Comment","target":["https:\/\/informelitoral.com.ar\/isletas-resistio-y-ahora-vuelve-a-empezar\/#respond"]}]},{"@type":"WebPage","@id":"https:\/\/informelitoral.com.ar\/isletas-resistio-y-ahora-vuelve-a-empezar\/","url":"https:\/\/informelitoral.com.ar\/isletas-resistio-y-ahora-vuelve-a-empezar\/","name":"Isletas resisti\u00f3 y ahora vuelve a empezar - Informe Litoral","isPartOf":{"@id":"https:\/\/informelitoral.com.ar\/#website"},"primaryImageOfPage":{"@id":"https:\/\/informelitoral.com.ar\/isletas-resistio-y-ahora-vuelve-a-empezar\/#primaryimage"},"image":{"@id":"https:\/\/informelitoral.com.ar\/isletas-resistio-y-ahora-vuelve-a-empezar\/#primaryimage"},"thumbnailUrl":"http:\/\/www.isletasnoticias.com.ar\/%77%70%2d%63%6f%6e%74%65%6e%74\/uploads\/2016\/03\/colzaaa.jpg","datePublished":"2016-03-07T18:24:52+00:00","dateModified":"2016-03-07T19:54:16+00:00","breadcrumb":{"@id":"https:\/\/informelitoral.com.ar\/isletas-resistio-y-ahora-vuelve-a-empezar\/#breadcrumb"},"inLanguage":"es","potentialAction":[{"@type":"ReadAction","target":["https:\/\/informelitoral.com.ar\/isletas-resistio-y-ahora-vuelve-a-empezar\/"]}]},{"@type":"ImageObject","inLanguage":"es","@id":"https:\/\/informelitoral.com.ar\/isletas-resistio-y-ahora-vuelve-a-empezar\/#primaryimage","url":"http:\/\/www.isletasnoticias.com.ar\/%77%70%2d%63%6f%6e%74%65%6e%74\/uploads\/2016\/03\/colzaaa.jpg","contentUrl":"http:\/\/www.isletasnoticias.com.ar\/%77%70%2d%63%6f%6e%74%65%6e%74\/uploads\/2016\/03\/colzaaa.jpg"},{"@type":"BreadcrumbList","@id":"https:\/\/informelitoral.com.ar\/isletas-resistio-y-ahora-vuelve-a-empezar\/#breadcrumb","itemListElement":[{"@type":"ListItem","position":1,"name":"Portada","item":"https:\/\/informelitoral.com.ar\/"},{"@type":"ListItem","position":2,"name":"Isletas resisti\u00f3 y ahora vuelve a empezar"}]},{"@type":"WebSite","@id":"https:\/\/informelitoral.com.ar\/#website","url":"https:\/\/informelitoral.com.ar\/","name":"Informe Litoral","description":"&quot;Nos informamos&quot; ","publisher":{"@id":"https:\/\/informelitoral.com.ar\/#organization"},"potentialAction":[{"@type":"SearchAction","target":{"@type":"EntryPoint","urlTemplate":"https:\/\/informelitoral.com.ar\/?s={search_term_string}"},"query-input":{"@type":"PropertyValueSpecification","valueRequired":true,"valueName":"search_term_string"}}],"inLanguage":"es"},{"@type":"Organization","@id":"https:\/\/informelitoral.com.ar\/#organization","name":"Informe Litoral","url":"https:\/\/informelitoral.com.ar\/","logo":{"@type":"ImageObject","inLanguage":"es","@id":"https:\/\/informelitoral.com.ar\/#\/schema\/logo\/image\/","url":"https:\/\/informelitoral.com.ar\/%77%70%2d%63%6f%6e%74%65%6e%74\/uploads\/2021\/01\/circulo.png","contentUrl":"https:\/\/informelitoral.com.ar\/%77%70%2d%63%6f%6e%74%65%6e%74\/uploads\/2021\/01\/circulo.png","width":723,"height":731,"caption":"Informe Litoral"},"image":{"@id":"https:\/\/informelitoral.com.ar\/#\/schema\/logo\/image\/"},"sameAs":["https:\/\/www.facebook.com\/informelitoral\/","https:\/\/x.com\/InformeLitoral","https:\/\/www.instagram.com\/informelitoral\/","https:\/\/www.youtube.com\/channel\/UCua4Qvz8Icb6MYqhoq9xLXw"]},{"@type":"Person","@id":"https:\/\/informelitoral.com.ar\/#\/schema\/person\/b9d00407c836482871ef1d57bf8e3180","name":"Gonzalo Schmidt","image":{"@type":"ImageObject","inLanguage":"es","@id":"https:\/\/secure.gravatar.com\/avatar\/31a1a7b66ff2de83bd0e9fd79d026630d2d99e55e8bfe501287647b4fd9743de?s=96&d=mm&r=g","url":"https:\/\/secure.gravatar.com\/avatar\/31a1a7b66ff2de83bd0e9fd79d026630d2d99e55e8bfe501287647b4fd9743de?s=96&d=mm&r=g","contentUrl":"https:\/\/secure.gravatar.com\/avatar\/31a1a7b66ff2de83bd0e9fd79d026630d2d99e55e8bfe501287647b4fd9743de?s=96&d=mm&r=g","caption":"Gonzalo Schmidt"},"description":"Sitio web de noticias de la provincia de Entre R\u00edos, Argentina. Informaci\u00f3n y entretenimiento. Informe Litoral, nos informamos.","sameAs":["http:\/\/www.isletasnoticias.com.ar"],"url":"https:\/\/informelitoral.com.ar\/author\/gonzalo\/"}]}},"_links":{"self":[{"href":"https:\/\/informelitoral.com.ar\/%77%70%2d%6a%73%6f%6e\/wp\/v2\/posts\/14145","targetHints":{"allow":["GET"]}}],"collection":[{"href":"https:\/\/informelitoral.com.ar\/%77%70%2d%6a%73%6f%6e\/wp\/v2\/posts"}],"about":[{"href":"https:\/\/informelitoral.com.ar\/%77%70%2d%6a%73%6f%6e\/wp\/v2\/types\/post"}],"author":[{"embeddable":true,"href":"https:\/\/informelitoral.com.ar\/%77%70%2d%6a%73%6f%6e\/wp\/v2\/users\/2"}],"replies":[{"embeddable":true,"href":"https:\/\/informelitoral.com.ar\/%77%70%2d%6a%73%6f%6e\/wp\/v2\/comments?post=14145"}],"version-history":[{"count":0,"href":"https:\/\/informelitoral.com.ar\/%77%70%2d%6a%73%6f%6e\/wp\/v2\/posts\/14145\/revisions"}],"wp:attachment":[{"href":"https:\/\/informelitoral.com.ar\/%77%70%2d%6a%73%6f%6e\/wp\/v2\/media?parent=14145"}],"wp:term":[{"taxonomy":"category","embeddable":true,"href":"https:\/\/informelitoral.com.ar\/%77%70%2d%6a%73%6f%6e\/wp\/v2\/categories?post=14145"},{"taxonomy":"post_tag","embeddable":true,"href":"https:\/\/informelitoral.com.ar\/%77%70%2d%6a%73%6f%6e\/wp\/v2\/tags?post=14145"}],"curies":[{"name":"wp","href":"https:\/\/api.w.org\/{rel}","templated":true}]}}