{"id":14137,"date":"2016-03-07T08:17:47","date_gmt":"2016-03-07T11:17:47","guid":{"rendered":"http:\/\/www.isletasnoticias.com.ar\/?p=14137"},"modified":"2016-03-07T08:18:11","modified_gmt":"2016-03-07T11:18:11","slug":"advierten-posible-repunte-de-los-rios-de-la-region","status":"publish","type":"post","link":"https:\/\/informelitoral.com.ar\/advierten-posible-repunte-de-los-rios-de-la-region\/","title":{"rendered":"Advierten sobre un posible repunte de los r\u00edos de la regi\u00f3n"},"content":{"rendered":"<p><strong>El Instituto Nacional de Tecnolog\u00eda Agropecuaria (INTA) adelant\u00f3 que el nivel del r\u00edo Paran\u00e1 \u201cse encuentra por encima de lo normal en algunas localidades y hay posibilidades de una nueva crecida\u00bb.<a href=\"http:\/\/www.isletasnoticias.com.ar\/%77%70%2d%63%6f%6e%74%65%6e%74\/uploads\/2016\/03\/descarga.jpg\" rel=\"attachment wp-att-14138\"><img loading=\"lazy\" decoding=\"async\" class=\"aligncenter wp-image-14138 \" src=\"http:\/\/www.isletasnoticias.com.ar\/%77%70%2d%63%6f%6e%74%65%6e%74\/uploads\/2016\/03\/descarga.jpg\" alt=\"descarga\" width=\"500\" height=\"279\" srcset=\"https:\/\/informelitoral.com.ar\/%77%70%2d%63%6f%6e%74%65%6e%74\/uploads\/2016\/03\/descarga.jpg 301w, https:\/\/informelitoral.com.ar\/%77%70%2d%63%6f%6e%74%65%6e%74\/uploads\/2016\/03\/descarga-300x167.jpg 300w\" sizes=\"auto, (max-width: 500px) 100vw, 500px\" \/><\/a><\/strong><\/p>\n<p class=\"first\">Alertaron por nuevas crecidas que pueden tener los r\u00edos de la regi\u00f3n a partir de precipitaciones en las cuencas del norte del pa\u00eds.<\/p>\n<p>El noreste, noroeste, sur y el centro del pa\u00eds se ver\u00e1n afectados por precipitaciones entre el 8 y el 16. D\u00edas atr\u00e1s, Hidr\u00e1ulica de la Provincia inform\u00f3 que estaban pronosticadas lluvias y algunas tormentas en las nacientes de los r\u00edos Paran\u00e1 y Paraguay en territorio brasile\u00f1o, \u00a0en los r\u00edos Iguaz\u00fa y Uruguay, extremo sur de Bolivia y noroeste argentino, por lo que es posible un \u201crepunte significativo del r\u00edo Paran\u00e1\u201d, destac\u00f3 el organismo.<\/p>\n<p>El Instituto Nacional de Tecnolog\u00eda Agropecuaria (INTA) \u00a0adelant\u00f3 que \u00a0el nivel del r\u00edo Paran\u00e1 \u201cse encuentra por encima de lo normal en algunas localidades y hay posibilidades de una nueva crecida\u00bb.<\/p>\n<p>El fen\u00f3meno meteorol\u00f3gico de El Ni\u00f1o se encuentra en una meseta, hecho que se suma a \u00a0un lento descenso que continuar\u00e1 hasta avanzado el invierno. Incluso se\u00f1alaron que la perspectiva de lluvias est\u00e1 en bajante, pero las condiciones clim\u00e1ticas mantendr\u00e1n su pulso con nuevas precipitaciones para los pr\u00f3ximos d\u00edas.<\/p>\n<p>En la regi\u00f3n no est\u00e1n pronosticadas tormentas para la semana seg\u00fan el Servicio Meteorol\u00f3gico Nacional. Pero el organismo anunci\u00f3 que las temperaturas ir\u00e1n en ascenso tanto en Paran\u00e1 como en La Paz, Concordia, Concepci\u00f3n del Uruguay, Gualeguaych\u00fa y Gualeguay con m\u00e1ximas que pasaran los 30\u00b0 a partir de hoy y seguir\u00e1n en aumento hasta el mi\u00e9rcoles, cuando se espera que se acerquen a los 35\u00b0, para volver a descender algunos grados.<\/p>\n<p><strong>N\u00fameros:<\/strong> 4,98 la altura del r\u00edo Paran\u00e1 ayer en puerto de la capital provincial y por primera vez desde el 23 de diciembre qued\u00f3 debajo del nivel de \u00a0evacuaci\u00f3n \u00a0de 5 metros. <em>(UNO)<\/em><\/p>\n","protected":false},"excerpt":{"rendered":"<p>El Instituto Nacional de Tecnolog&iacute;a Agropecuaria (INTA) adelant&oacute; que el nivel del r&iacute;o Paran&aacute; &ldquo;se encuentra por encima de lo normal en algunas localidades y hay posibilidades de una nueva crecida&raquo;. Alertaron por nuevas crecidas que pueden tener los r&iacute;os de la regi&oacute;n a partir de precipitaciones en las cuencas del norte del pa&iacute;s. El [&hellip;]<\/p>\n","protected":false},"author":2,"featured_media":0,"comment_status":"open","ping_status":"open","sticky":false,"template":"","format":"standard","meta":{"fifu_image_url":"","fifu_image_alt":"","footnotes":""},"categories":[6,7],"tags":[],"class_list":{"0":"post-14137","1":"post","2":"type-post","3":"status-publish","4":"format-standard","6":"category-entre-rios","7":"category-nacionales"},"yoast_head":"<title>Advierten sobre un posible repunte de los r\u00edos de la regi\u00f3n - Informe Litoral<\/title>\n<meta name=\"robots\" content=\"index, follow, max-snippet:-1, max-image-preview:large, max-video-preview:-1\" \/>\n<link rel=\"canonical\" href=\"https:\/\/informelitoral.com.ar\/advierten-posible-repunte-de-los-rios-de-la-region\/\" \/>\n<meta property=\"og:locale\" content=\"es_ES\" \/>\n<meta property=\"og:type\" content=\"article\" \/>\n<meta property=\"og:title\" content=\"Advierten sobre un posible repunte de los r\u00edos de la regi\u00f3n - Informe Litoral\" \/>\n<meta property=\"og:description\" content=\"El Instituto Nacional de Tecnolog&iacute;a Agropecuaria (INTA) adelant&oacute; que el nivel del r&iacute;o Paran&aacute; &ldquo;se encuentra por encima de lo normal en algunas localidades y hay posibilidades de una nueva crecida&raquo;. Alertaron por nuevas crecidas que pueden tener los r&iacute;os de la regi&oacute;n a partir de precipitaciones en las cuencas del norte del pa&iacute;s. El [&hellip;]\" \/>\n<meta property=\"og:url\" content=\"https:\/\/informelitoral.com.ar\/advierten-posible-repunte-de-los-rios-de-la-region\/\" \/>\n<meta property=\"og:site_name\" content=\"Informe Litoral\" \/>\n<meta property=\"article:publisher\" content=\"https:\/\/www.facebook.com\/informelitoral\/\" \/>\n<meta property=\"article:published_time\" content=\"2016-03-07T11:17:47+00:00\" \/>\n<meta property=\"article:modified_time\" content=\"2016-03-07T11:18:11+00:00\" \/>\n<meta property=\"og:image\" content=\"https:\/\/informelitoral.com.ar\/%77%70%2d%63%6f%6e%74%65%6e%74\/uploads\/2016\/03\/descarga.jpg\" \/>\n\t<meta property=\"og:image:width\" content=\"301\" \/>\n\t<meta property=\"og:image:height\" content=\"168\" \/>\n\t<meta property=\"og:image:type\" content=\"image\/jpeg\" \/>\n<meta name=\"author\" content=\"Gonzalo Schmidt\" \/>\n<meta name=\"twitter:card\" content=\"summary_large_image\" \/>\n<meta name=\"twitter:creator\" content=\"@InformeLitoral\" \/>\n<meta name=\"twitter:site\" content=\"@InformeLitoral\" \/>\n<meta name=\"twitter:label1\" content=\"Escrito por\" \/>\n\t<meta name=\"twitter:data1\" content=\"Gonzalo Schmidt\" \/>\n\t<meta name=\"twitter:label2\" content=\"Tiempo de lectura\" \/>\n\t<meta name=\"twitter:data2\" content=\"2 minutos\" \/>\n<script type=\"application\/ld+json\" class=\"yoast-schema-graph\">{\"@context\":\"https:\\\/\\\/schema.org\",\"@graph\":[{\"@type\":\"Article\",\"@id\":\"https:\\\/\\\/informelitoral.com.ar\\\/advierten-posible-repunte-de-los-rios-de-la-region\\\/#article\",\"isPartOf\":{\"@id\":\"https:\\\/\\\/informelitoral.com.ar\\\/advierten-posible-repunte-de-los-rios-de-la-region\\\/\"},\"author\":{\"name\":\"Gonzalo Schmidt\",\"@id\":\"https:\\\/\\\/informelitoral.com.ar\\\/#\\\/schema\\\/person\\\/b9d00407c836482871ef1d57bf8e3180\"},\"headline\":\"Advierten sobre un posible repunte de los r\u00edos de la regi\u00f3n\",\"datePublished\":\"2016-03-07T11:17:47+00:00\",\"dateModified\":\"2016-03-07T11:18:11+00:00\",\"mainEntityOfPage\":{\"@id\":\"https:\\\/\\\/informelitoral.com.ar\\\/advierten-posible-repunte-de-los-rios-de-la-region\\\/\"},\"wordCount\":353,\"commentCount\":0,\"publisher\":{\"@id\":\"https:\\\/\\\/informelitoral.com.ar\\\/#organization\"},\"image\":{\"@id\":\"https:\\\/\\\/informelitoral.com.ar\\\/advierten-posible-repunte-de-los-rios-de-la-region\\\/#primaryimage\"},\"thumbnailUrl\":\"http:\\\/\\\/www.isletasnoticias.com.ar\\\/%77%70%2d%63%6f%6e%74%65%6e%74\\\/uploads\\\/2016\\\/03\\\/descarga.jpg\",\"articleSection\":[\"Entre R\u00edos\",\"Nacionales\"],\"inLanguage\":\"es\",\"potentialAction\":[{\"@type\":\"CommentAction\",\"name\":\"Comment\",\"target\":[\"https:\\\/\\\/informelitoral.com.ar\\\/advierten-posible-repunte-de-los-rios-de-la-region\\\/#respond\"]}]},{\"@type\":\"WebPage\",\"@id\":\"https:\\\/\\\/informelitoral.com.ar\\\/advierten-posible-repunte-de-los-rios-de-la-region\\\/\",\"url\":\"https:\\\/\\\/informelitoral.com.ar\\\/advierten-posible-repunte-de-los-rios-de-la-region\\\/\",\"name\":\"Advierten sobre un posible repunte de los r\u00edos de la regi\u00f3n - Informe Litoral\",\"isPartOf\":{\"@id\":\"https:\\\/\\\/informelitoral.com.ar\\\/#website\"},\"primaryImageOfPage\":{\"@id\":\"https:\\\/\\\/informelitoral.com.ar\\\/advierten-posible-repunte-de-los-rios-de-la-region\\\/#primaryimage\"},\"image\":{\"@id\":\"https:\\\/\\\/informelitoral.com.ar\\\/advierten-posible-repunte-de-los-rios-de-la-region\\\/#primaryimage\"},\"thumbnailUrl\":\"http:\\\/\\\/www.isletasnoticias.com.ar\\\/%77%70%2d%63%6f%6e%74%65%6e%74\\\/uploads\\\/2016\\\/03\\\/descarga.jpg\",\"datePublished\":\"2016-03-07T11:17:47+00:00\",\"dateModified\":\"2016-03-07T11:18:11+00:00\",\"breadcrumb\":{\"@id\":\"https:\\\/\\\/informelitoral.com.ar\\\/advierten-posible-repunte-de-los-rios-de-la-region\\\/#breadcrumb\"},\"inLanguage\":\"es\",\"potentialAction\":[{\"@type\":\"ReadAction\",\"target\":[\"https:\\\/\\\/informelitoral.com.ar\\\/advierten-posible-repunte-de-los-rios-de-la-region\\\/\"]}]},{\"@type\":\"ImageObject\",\"inLanguage\":\"es\",\"@id\":\"https:\\\/\\\/informelitoral.com.ar\\\/advierten-posible-repunte-de-los-rios-de-la-region\\\/#primaryimage\",\"url\":\"http:\\\/\\\/www.isletasnoticias.com.ar\\\/%77%70%2d%63%6f%6e%74%65%6e%74\\\/uploads\\\/2016\\\/03\\\/descarga.jpg\",\"contentUrl\":\"http:\\\/\\\/www.isletasnoticias.com.ar\\\/%77%70%2d%63%6f%6e%74%65%6e%74\\\/uploads\\\/2016\\\/03\\\/descarga.jpg\"},{\"@type\":\"BreadcrumbList\",\"@id\":\"https:\\\/\\\/informelitoral.com.ar\\\/advierten-posible-repunte-de-los-rios-de-la-region\\\/#breadcrumb\",\"itemListElement\":[{\"@type\":\"ListItem\",\"position\":1,\"name\":\"Portada\",\"item\":\"https:\\\/\\\/informelitoral.com.ar\\\/\"},{\"@type\":\"ListItem\",\"position\":2,\"name\":\"Advierten sobre un posible repunte de los r\u00edos de la regi\u00f3n\"}]},{\"@type\":\"WebSite\",\"@id\":\"https:\\\/\\\/informelitoral.com.ar\\\/#website\",\"url\":\"https:\\\/\\\/informelitoral.com.ar\\\/\",\"name\":\"Informe Litoral\",\"description\":\"&quot;Nos informamos&quot; \",\"publisher\":{\"@id\":\"https:\\\/\\\/informelitoral.com.ar\\\/#organization\"},\"potentialAction\":[{\"@type\":\"SearchAction\",\"target\":{\"@type\":\"EntryPoint\",\"urlTemplate\":\"https:\\\/\\\/informelitoral.com.ar\\\/?s={search_term_string}\"},\"query-input\":{\"@type\":\"PropertyValueSpecification\",\"valueRequired\":true,\"valueName\":\"search_term_string\"}}],\"inLanguage\":\"es\"},{\"@type\":\"Organization\",\"@id\":\"https:\\\/\\\/informelitoral.com.ar\\\/#organization\",\"name\":\"Informe Litoral\",\"url\":\"https:\\\/\\\/informelitoral.com.ar\\\/\",\"logo\":{\"@type\":\"ImageObject\",\"inLanguage\":\"es\",\"@id\":\"https:\\\/\\\/informelitoral.com.ar\\\/#\\\/schema\\\/logo\\\/image\\\/\",\"url\":\"https:\\\/\\\/informelitoral.com.ar\\\/%77%70%2d%63%6f%6e%74%65%6e%74\\\/uploads\\\/2021\\\/01\\\/circulo.png\",\"contentUrl\":\"https:\\\/\\\/informelitoral.com.ar\\\/%77%70%2d%63%6f%6e%74%65%6e%74\\\/uploads\\\/2021\\\/01\\\/circulo.png\",\"width\":723,\"height\":731,\"caption\":\"Informe Litoral\"},\"image\":{\"@id\":\"https:\\\/\\\/informelitoral.com.ar\\\/#\\\/schema\\\/logo\\\/image\\\/\"},\"sameAs\":[\"https:\\\/\\\/www.facebook.com\\\/informelitoral\\\/\",\"https:\\\/\\\/x.com\\\/InformeLitoral\",\"https:\\\/\\\/www.instagram.com\\\/informelitoral\\\/\",\"https:\\\/\\\/www.youtube.com\\\/channel\\\/UCua4Qvz8Icb6MYqhoq9xLXw\"]},{\"@type\":\"Person\",\"@id\":\"https:\\\/\\\/informelitoral.com.ar\\\/#\\\/schema\\\/person\\\/b9d00407c836482871ef1d57bf8e3180\",\"name\":\"Gonzalo Schmidt\",\"image\":{\"@type\":\"ImageObject\",\"inLanguage\":\"es\",\"@id\":\"https:\\\/\\\/secure.gravatar.com\\\/avatar\\\/31a1a7b66ff2de83bd0e9fd79d026630d2d99e55e8bfe501287647b4fd9743de?s=96&d=mm&r=g\",\"url\":\"https:\\\/\\\/secure.gravatar.com\\\/avatar\\\/31a1a7b66ff2de83bd0e9fd79d026630d2d99e55e8bfe501287647b4fd9743de?s=96&d=mm&r=g\",\"contentUrl\":\"https:\\\/\\\/secure.gravatar.com\\\/avatar\\\/31a1a7b66ff2de83bd0e9fd79d026630d2d99e55e8bfe501287647b4fd9743de?s=96&d=mm&r=g\",\"caption\":\"Gonzalo Schmidt\"},\"description\":\"Sitio web de noticias de la provincia de Entre R\u00edos, Argentina. Informaci\u00f3n y entretenimiento. Informe Litoral, nos informamos.\",\"sameAs\":[\"http:\\\/\\\/www.isletasnoticias.com.ar\"],\"url\":\"https:\\\/\\\/informelitoral.com.ar\\\/author\\\/gonzalo\\\/\"}]}<\/script>","yoast_head_json":{"title":"Advierten sobre un posible repunte de los r\u00edos de la regi\u00f3n - Informe Litoral","robots":{"index":"index","follow":"follow","max-snippet":"max-snippet:-1","max-image-preview":"max-image-preview:large","max-video-preview":"max-video-preview:-1"},"canonical":"https:\/\/informelitoral.com.ar\/advierten-posible-repunte-de-los-rios-de-la-region\/","og_locale":"es_ES","og_type":"article","og_title":"Advierten sobre un posible repunte de los r\u00edos de la regi\u00f3n - Informe Litoral","og_description":"El Instituto Nacional de Tecnolog&iacute;a Agropecuaria (INTA) adelant&oacute; que el nivel del r&iacute;o Paran&aacute; &ldquo;se encuentra por encima de lo normal en algunas localidades y hay posibilidades de una nueva crecida&raquo;. Alertaron por nuevas crecidas que pueden tener los r&iacute;os de la regi&oacute;n a partir de precipitaciones en las cuencas del norte del pa&iacute;s. El [&hellip;]","og_url":"https:\/\/informelitoral.com.ar\/advierten-posible-repunte-de-los-rios-de-la-region\/","og_site_name":"Informe Litoral","article_publisher":"https:\/\/www.facebook.com\/informelitoral\/","article_published_time":"2016-03-07T11:17:47+00:00","article_modified_time":"2016-03-07T11:18:11+00:00","og_image":[{"width":301,"height":168,"url":"https:\/\/informelitoral.com.ar\/%77%70%2d%63%6f%6e%74%65%6e%74\/uploads\/2016\/03\/descarga.jpg","type":"image\/jpeg"}],"author":"Gonzalo Schmidt","twitter_card":"summary_large_image","twitter_creator":"@InformeLitoral","twitter_site":"@InformeLitoral","twitter_misc":{"Escrito por":"Gonzalo Schmidt","Tiempo de lectura":"2 minutos"},"schema":{"@context":"https:\/\/schema.org","@graph":[{"@type":"Article","@id":"https:\/\/informelitoral.com.ar\/advierten-posible-repunte-de-los-rios-de-la-region\/#article","isPartOf":{"@id":"https:\/\/informelitoral.com.ar\/advierten-posible-repunte-de-los-rios-de-la-region\/"},"author":{"name":"Gonzalo Schmidt","@id":"https:\/\/informelitoral.com.ar\/#\/schema\/person\/b9d00407c836482871ef1d57bf8e3180"},"headline":"Advierten sobre un posible repunte de los r\u00edos de la regi\u00f3n","datePublished":"2016-03-07T11:17:47+00:00","dateModified":"2016-03-07T11:18:11+00:00","mainEntityOfPage":{"@id":"https:\/\/informelitoral.com.ar\/advierten-posible-repunte-de-los-rios-de-la-region\/"},"wordCount":353,"commentCount":0,"publisher":{"@id":"https:\/\/informelitoral.com.ar\/#organization"},"image":{"@id":"https:\/\/informelitoral.com.ar\/advierten-posible-repunte-de-los-rios-de-la-region\/#primaryimage"},"thumbnailUrl":"http:\/\/www.isletasnoticias.com.ar\/%77%70%2d%63%6f%6e%74%65%6e%74\/uploads\/2016\/03\/descarga.jpg","articleSection":["Entre R\u00edos","Nacionales"],"inLanguage":"es","potentialAction":[{"@type":"CommentAction","name":"Comment","target":["https:\/\/informelitoral.com.ar\/advierten-posible-repunte-de-los-rios-de-la-region\/#respond"]}]},{"@type":"WebPage","@id":"https:\/\/informelitoral.com.ar\/advierten-posible-repunte-de-los-rios-de-la-region\/","url":"https:\/\/informelitoral.com.ar\/advierten-posible-repunte-de-los-rios-de-la-region\/","name":"Advierten sobre un posible repunte de los r\u00edos de la regi\u00f3n - Informe Litoral","isPartOf":{"@id":"https:\/\/informelitoral.com.ar\/#website"},"primaryImageOfPage":{"@id":"https:\/\/informelitoral.com.ar\/advierten-posible-repunte-de-los-rios-de-la-region\/#primaryimage"},"image":{"@id":"https:\/\/informelitoral.com.ar\/advierten-posible-repunte-de-los-rios-de-la-region\/#primaryimage"},"thumbnailUrl":"http:\/\/www.isletasnoticias.com.ar\/%77%70%2d%63%6f%6e%74%65%6e%74\/uploads\/2016\/03\/descarga.jpg","datePublished":"2016-03-07T11:17:47+00:00","dateModified":"2016-03-07T11:18:11+00:00","breadcrumb":{"@id":"https:\/\/informelitoral.com.ar\/advierten-posible-repunte-de-los-rios-de-la-region\/#breadcrumb"},"inLanguage":"es","potentialAction":[{"@type":"ReadAction","target":["https:\/\/informelitoral.com.ar\/advierten-posible-repunte-de-los-rios-de-la-region\/"]}]},{"@type":"ImageObject","inLanguage":"es","@id":"https:\/\/informelitoral.com.ar\/advierten-posible-repunte-de-los-rios-de-la-region\/#primaryimage","url":"http:\/\/www.isletasnoticias.com.ar\/%77%70%2d%63%6f%6e%74%65%6e%74\/uploads\/2016\/03\/descarga.jpg","contentUrl":"http:\/\/www.isletasnoticias.com.ar\/%77%70%2d%63%6f%6e%74%65%6e%74\/uploads\/2016\/03\/descarga.jpg"},{"@type":"BreadcrumbList","@id":"https:\/\/informelitoral.com.ar\/advierten-posible-repunte-de-los-rios-de-la-region\/#breadcrumb","itemListElement":[{"@type":"ListItem","position":1,"name":"Portada","item":"https:\/\/informelitoral.com.ar\/"},{"@type":"ListItem","position":2,"name":"Advierten sobre un posible repunte de los r\u00edos de la regi\u00f3n"}]},{"@type":"WebSite","@id":"https:\/\/informelitoral.com.ar\/#website","url":"https:\/\/informelitoral.com.ar\/","name":"Informe Litoral","description":"&quot;Nos informamos&quot; ","publisher":{"@id":"https:\/\/informelitoral.com.ar\/#organization"},"potentialAction":[{"@type":"SearchAction","target":{"@type":"EntryPoint","urlTemplate":"https:\/\/informelitoral.com.ar\/?s={search_term_string}"},"query-input":{"@type":"PropertyValueSpecification","valueRequired":true,"valueName":"search_term_string"}}],"inLanguage":"es"},{"@type":"Organization","@id":"https:\/\/informelitoral.com.ar\/#organization","name":"Informe Litoral","url":"https:\/\/informelitoral.com.ar\/","logo":{"@type":"ImageObject","inLanguage":"es","@id":"https:\/\/informelitoral.com.ar\/#\/schema\/logo\/image\/","url":"https:\/\/informelitoral.com.ar\/%77%70%2d%63%6f%6e%74%65%6e%74\/uploads\/2021\/01\/circulo.png","contentUrl":"https:\/\/informelitoral.com.ar\/%77%70%2d%63%6f%6e%74%65%6e%74\/uploads\/2021\/01\/circulo.png","width":723,"height":731,"caption":"Informe Litoral"},"image":{"@id":"https:\/\/informelitoral.com.ar\/#\/schema\/logo\/image\/"},"sameAs":["https:\/\/www.facebook.com\/informelitoral\/","https:\/\/x.com\/InformeLitoral","https:\/\/www.instagram.com\/informelitoral\/","https:\/\/www.youtube.com\/channel\/UCua4Qvz8Icb6MYqhoq9xLXw"]},{"@type":"Person","@id":"https:\/\/informelitoral.com.ar\/#\/schema\/person\/b9d00407c836482871ef1d57bf8e3180","name":"Gonzalo Schmidt","image":{"@type":"ImageObject","inLanguage":"es","@id":"https:\/\/secure.gravatar.com\/avatar\/31a1a7b66ff2de83bd0e9fd79d026630d2d99e55e8bfe501287647b4fd9743de?s=96&d=mm&r=g","url":"https:\/\/secure.gravatar.com\/avatar\/31a1a7b66ff2de83bd0e9fd79d026630d2d99e55e8bfe501287647b4fd9743de?s=96&d=mm&r=g","contentUrl":"https:\/\/secure.gravatar.com\/avatar\/31a1a7b66ff2de83bd0e9fd79d026630d2d99e55e8bfe501287647b4fd9743de?s=96&d=mm&r=g","caption":"Gonzalo Schmidt"},"description":"Sitio web de noticias de la provincia de Entre R\u00edos, Argentina. Informaci\u00f3n y entretenimiento. Informe Litoral, nos informamos.","sameAs":["http:\/\/www.isletasnoticias.com.ar"],"url":"https:\/\/informelitoral.com.ar\/author\/gonzalo\/"}]}},"_links":{"self":[{"href":"https:\/\/informelitoral.com.ar\/%77%70%2d%6a%73%6f%6e\/wp\/v2\/posts\/14137","targetHints":{"allow":["GET"]}}],"collection":[{"href":"https:\/\/informelitoral.com.ar\/%77%70%2d%6a%73%6f%6e\/wp\/v2\/posts"}],"about":[{"href":"https:\/\/informelitoral.com.ar\/%77%70%2d%6a%73%6f%6e\/wp\/v2\/types\/post"}],"author":[{"embeddable":true,"href":"https:\/\/informelitoral.com.ar\/%77%70%2d%6a%73%6f%6e\/wp\/v2\/users\/2"}],"replies":[{"embeddable":true,"href":"https:\/\/informelitoral.com.ar\/%77%70%2d%6a%73%6f%6e\/wp\/v2\/comments?post=14137"}],"version-history":[{"count":0,"href":"https:\/\/informelitoral.com.ar\/%77%70%2d%6a%73%6f%6e\/wp\/v2\/posts\/14137\/revisions"}],"wp:attachment":[{"href":"https:\/\/informelitoral.com.ar\/%77%70%2d%6a%73%6f%6e\/wp\/v2\/media?parent=14137"}],"wp:term":[{"taxonomy":"category","embeddable":true,"href":"https:\/\/informelitoral.com.ar\/%77%70%2d%6a%73%6f%6e\/wp\/v2\/categories?post=14137"},{"taxonomy":"post_tag","embeddable":true,"href":"https:\/\/informelitoral.com.ar\/%77%70%2d%6a%73%6f%6e\/wp\/v2\/tags?post=14137"}],"curies":[{"name":"wp","href":"https:\/\/api.w.org\/{rel}","templated":true}]}}