{"id":14131,"date":"2016-03-07T06:48:04","date_gmt":"2016-03-07T09:48:04","guid":{"rendered":"http:\/\/www.isletasnoticias.com.ar\/?p=14131"},"modified":"2016-03-07T07:58:23","modified_gmt":"2016-03-07T10:58:23","slug":"ramirez-el-programa-uno-por-semana-cumplio-seis-anos-al-aire","status":"publish","type":"post","link":"https:\/\/informelitoral.com.ar\/ramirez-el-programa-uno-por-semana-cumplio-seis-anos-al-aire\/","title":{"rendered":"Ram\u00edrez: el programa Uno por Semana cumpli\u00f3 seis a\u00f1os al aire"},"content":{"rendered":"<div class=\"entry-header\"><\/div>\n<div class=\"entry-content cf\">\n<p><strong>El ciclo radial de <em>GES Medios\u00a0<\/em>que se emite a trav\u00e9s de <em>FM Eco 100.3<\/em> lleg\u00f3 a su sexta temporada el domingo 6 de marzo.\u00a0<\/strong><\/p>\n<figure id=\"attachment_14132\" aria-describedby=\"caption-attachment-14132\" style=\"width: 300px\" class=\"wp-caption aligncenter\"><a href=\"http:\/\/www.isletasnoticias.com.ar\/%77%70%2d%63%6f%6e%74%65%6e%74\/uploads\/2016\/03\/11228105_663900327087006_3865086513636309650_n.jpg\" rel=\"attachment wp-att-14132\"><img loading=\"lazy\" decoding=\"async\" class=\"wp-image-14132 size-medium\" src=\"http:\/\/www.isletasnoticias.com.ar\/%77%70%2d%63%6f%6e%74%65%6e%74\/uploads\/2016\/03\/11228105_663900327087006_3865086513636309650_n-300x300.jpg\" alt=\"11228105_663900327087006_3865086513636309650_n\" width=\"300\" height=\"300\" srcset=\"https:\/\/informelitoral.com.ar\/%77%70%2d%63%6f%6e%74%65%6e%74\/uploads\/2016\/03\/11228105_663900327087006_3865086513636309650_n-300x300.jpg 300w, https:\/\/informelitoral.com.ar\/%77%70%2d%63%6f%6e%74%65%6e%74\/uploads\/2016\/03\/11228105_663900327087006_3865086513636309650_n-150x150.jpg 150w, https:\/\/informelitoral.com.ar\/%77%70%2d%63%6f%6e%74%65%6e%74\/uploads\/2016\/03\/11228105_663900327087006_3865086513636309650_n.jpg 480w\" sizes=\"auto, (max-width: 300px) 100vw, 300px\" \/><\/a><figcaption id=\"caption-attachment-14132\" class=\"wp-caption-text\"><em>Gonzalo Schmidt es el conductor de Uno por Semana<\/em><\/figcaption><\/figure>\n<p>El programa radial <em>Uno por Semana<\/em> de <em>GES Medios<\/em> comenz\u00f3 el 6 de marzo del 2010, por lo que el domingo lleg\u00f3 a sus seis a\u00f1os en la misma emisora y horario.<\/p>\n<p>Recordemos que el ciclo radial se emite los s\u00e1bados de 15.00 a 18.00 a trav\u00e9s de <em>FM Eco 100.3<\/em> \u00abLa Radio de Gral. Ram\u00edrez y la Regi\u00f3n y <a href=\"https:\/\/www.google.com.ar\/url?sa=t&amp;rct=j&amp;q=&amp;esrc=s&amp;source=web&amp;cd=1&amp;cad=rja&amp;uact=8&amp;ved=0ahUKEwjp-Kj5tK7LAhVJlJAKHbIxBk4QFggaMAA&amp;url=http%3A%2F%2Fwww.fmeco1003.com.ar%2F&amp;usg=AFQjCNFt2aM390TicrrS3LrYmFDe7UHlVQ&amp;bvm=bv.116274245,d.Y2I\">www.fmeco1003.com.ar<\/a>.<\/p>\n<p>El programa es conducido por <strong>Gonzalo Schmidt,<\/strong> en la operaci\u00f3n t\u00e9cnica est\u00e1 <strong>Emiliano Sch\u00e1nzenbach<\/strong> y <strong>Dar\u00edo L\u00f3pez<\/strong>, es el corresponsal de la localidad de Las Cuevas, departamento Diamante.<\/p>\n<p>La emisi\u00f3n est\u00e1 compuesta por m\u00fasica, informaci\u00f3n, entrevistas, invitados, sorteos y peri\u00f3dicamente se realizan transmisiones desde exteriores. <em>(IN)<\/em><\/p>\n<\/div>\n","protected":false},"excerpt":{"rendered":"<p>El ciclo radial de GES Medios&nbsp;que se emite a trav&eacute;s de FM Eco 100.3 lleg&oacute; a su sexta temporada el domingo 6 de marzo.&nbsp; El programa radial Uno por Semana de GES Medios comenz&oacute; el 6 de marzo del 2010, por lo que el domingo lleg&oacute; a sus seis a&ntilde;os en la misma emisora y [&hellip;]<\/p>\n","protected":false},"author":2,"featured_media":0,"comment_status":"open","ping_status":"open","sticky":false,"template":"","format":"standard","meta":{"fifu_image_url":"","fifu_image_alt":"","footnotes":""},"categories":[5,12],"tags":[],"class_list":{"0":"post-14131","1":"post","2":"type-post","3":"status-publish","4":"format-standard","6":"category-zonales","7":"category-espectaculos"},"yoast_head":"<title>Ram\u00edrez: el programa Uno por Semana cumpli\u00f3 seis a\u00f1os al aire - Informe Litoral<\/title>\n<meta name=\"robots\" content=\"index, follow, max-snippet:-1, max-image-preview:large, max-video-preview:-1\" \/>\n<link rel=\"canonical\" href=\"https:\/\/informelitoral.com.ar\/ramirez-el-programa-uno-por-semana-cumplio-seis-anos-al-aire\/\" \/>\n<meta property=\"og:locale\" content=\"es_ES\" \/>\n<meta property=\"og:type\" content=\"article\" \/>\n<meta property=\"og:title\" content=\"Ram\u00edrez: el programa Uno por Semana cumpli\u00f3 seis a\u00f1os al aire - Informe Litoral\" \/>\n<meta property=\"og:description\" content=\"El ciclo radial de GES Medios&nbsp;que se emite a trav&eacute;s de FM Eco 100.3 lleg&oacute; a su sexta temporada el domingo 6 de marzo.&nbsp; El programa radial Uno por Semana de GES Medios comenz&oacute; el 6 de marzo del 2010, por lo que el domingo lleg&oacute; a sus seis a&ntilde;os en la misma emisora y [&hellip;]\" \/>\n<meta property=\"og:url\" content=\"https:\/\/informelitoral.com.ar\/ramirez-el-programa-uno-por-semana-cumplio-seis-anos-al-aire\/\" \/>\n<meta property=\"og:site_name\" content=\"Informe Litoral\" \/>\n<meta property=\"article:publisher\" content=\"https:\/\/www.facebook.com\/informelitoral\/\" \/>\n<meta property=\"article:published_time\" content=\"2016-03-07T09:48:04+00:00\" \/>\n<meta property=\"article:modified_time\" content=\"2016-03-07T10:58:23+00:00\" \/>\n<meta property=\"og:image\" content=\"https:\/\/informelitoral.com.ar\/%77%70%2d%63%6f%6e%74%65%6e%74\/uploads\/2016\/03\/11228105_663900327087006_3865086513636309650_n.jpg\" \/>\n\t<meta property=\"og:image:width\" content=\"480\" \/>\n\t<meta property=\"og:image:height\" content=\"480\" \/>\n\t<meta property=\"og:image:type\" content=\"image\/jpeg\" \/>\n<meta name=\"author\" content=\"Gonzalo Schmidt\" \/>\n<meta name=\"twitter:card\" content=\"summary_large_image\" \/>\n<meta name=\"twitter:creator\" content=\"@InformeLitoral\" \/>\n<meta name=\"twitter:site\" content=\"@InformeLitoral\" \/>\n<meta name=\"twitter:label1\" content=\"Escrito por\" \/>\n\t<meta name=\"twitter:data1\" content=\"Gonzalo Schmidt\" \/>\n\t<meta name=\"twitter:label2\" content=\"Tiempo de lectura\" \/>\n\t<meta name=\"twitter:data2\" content=\"1 minuto\" \/>\n<script type=\"application\/ld+json\" class=\"yoast-schema-graph\">{\"@context\":\"https:\\\/\\\/schema.org\",\"@graph\":[{\"@type\":\"Article\",\"@id\":\"https:\\\/\\\/informelitoral.com.ar\\\/ramirez-el-programa-uno-por-semana-cumplio-seis-anos-al-aire\\\/#article\",\"isPartOf\":{\"@id\":\"https:\\\/\\\/informelitoral.com.ar\\\/ramirez-el-programa-uno-por-semana-cumplio-seis-anos-al-aire\\\/\"},\"author\":{\"name\":\"Gonzalo Schmidt\",\"@id\":\"https:\\\/\\\/informelitoral.com.ar\\\/#\\\/schema\\\/person\\\/b9d00407c836482871ef1d57bf8e3180\"},\"headline\":\"Ram\u00edrez: el programa Uno por Semana cumpli\u00f3 seis a\u00f1os al aire\",\"datePublished\":\"2016-03-07T09:48:04+00:00\",\"dateModified\":\"2016-03-07T10:58:23+00:00\",\"mainEntityOfPage\":{\"@id\":\"https:\\\/\\\/informelitoral.com.ar\\\/ramirez-el-programa-uno-por-semana-cumplio-seis-anos-al-aire\\\/\"},\"wordCount\":172,\"commentCount\":0,\"publisher\":{\"@id\":\"https:\\\/\\\/informelitoral.com.ar\\\/#organization\"},\"image\":{\"@id\":\"https:\\\/\\\/informelitoral.com.ar\\\/ramirez-el-programa-uno-por-semana-cumplio-seis-anos-al-aire\\\/#primaryimage\"},\"thumbnailUrl\":\"http:\\\/\\\/www.isletasnoticias.com.ar\\\/%77%70%2d%63%6f%6e%74%65%6e%74\\\/uploads\\\/2016\\\/03\\\/11228105_663900327087006_3865086513636309650_n-300x300.jpg\",\"articleSection\":[\"Departamento Diamante\",\"Espect\u00e1culos\"],\"inLanguage\":\"es\",\"potentialAction\":[{\"@type\":\"CommentAction\",\"name\":\"Comment\",\"target\":[\"https:\\\/\\\/informelitoral.com.ar\\\/ramirez-el-programa-uno-por-semana-cumplio-seis-anos-al-aire\\\/#respond\"]}]},{\"@type\":\"WebPage\",\"@id\":\"https:\\\/\\\/informelitoral.com.ar\\\/ramirez-el-programa-uno-por-semana-cumplio-seis-anos-al-aire\\\/\",\"url\":\"https:\\\/\\\/informelitoral.com.ar\\\/ramirez-el-programa-uno-por-semana-cumplio-seis-anos-al-aire\\\/\",\"name\":\"Ram\u00edrez: el programa Uno por Semana cumpli\u00f3 seis a\u00f1os al aire - Informe Litoral\",\"isPartOf\":{\"@id\":\"https:\\\/\\\/informelitoral.com.ar\\\/#website\"},\"primaryImageOfPage\":{\"@id\":\"https:\\\/\\\/informelitoral.com.ar\\\/ramirez-el-programa-uno-por-semana-cumplio-seis-anos-al-aire\\\/#primaryimage\"},\"image\":{\"@id\":\"https:\\\/\\\/informelitoral.com.ar\\\/ramirez-el-programa-uno-por-semana-cumplio-seis-anos-al-aire\\\/#primaryimage\"},\"thumbnailUrl\":\"http:\\\/\\\/www.isletasnoticias.com.ar\\\/%77%70%2d%63%6f%6e%74%65%6e%74\\\/uploads\\\/2016\\\/03\\\/11228105_663900327087006_3865086513636309650_n-300x300.jpg\",\"datePublished\":\"2016-03-07T09:48:04+00:00\",\"dateModified\":\"2016-03-07T10:58:23+00:00\",\"breadcrumb\":{\"@id\":\"https:\\\/\\\/informelitoral.com.ar\\\/ramirez-el-programa-uno-por-semana-cumplio-seis-anos-al-aire\\\/#breadcrumb\"},\"inLanguage\":\"es\",\"potentialAction\":[{\"@type\":\"ReadAction\",\"target\":[\"https:\\\/\\\/informelitoral.com.ar\\\/ramirez-el-programa-uno-por-semana-cumplio-seis-anos-al-aire\\\/\"]}]},{\"@type\":\"ImageObject\",\"inLanguage\":\"es\",\"@id\":\"https:\\\/\\\/informelitoral.com.ar\\\/ramirez-el-programa-uno-por-semana-cumplio-seis-anos-al-aire\\\/#primaryimage\",\"url\":\"http:\\\/\\\/www.isletasnoticias.com.ar\\\/%77%70%2d%63%6f%6e%74%65%6e%74\\\/uploads\\\/2016\\\/03\\\/11228105_663900327087006_3865086513636309650_n-300x300.jpg\",\"contentUrl\":\"http:\\\/\\\/www.isletasnoticias.com.ar\\\/%77%70%2d%63%6f%6e%74%65%6e%74\\\/uploads\\\/2016\\\/03\\\/11228105_663900327087006_3865086513636309650_n-300x300.jpg\"},{\"@type\":\"BreadcrumbList\",\"@id\":\"https:\\\/\\\/informelitoral.com.ar\\\/ramirez-el-programa-uno-por-semana-cumplio-seis-anos-al-aire\\\/#breadcrumb\",\"itemListElement\":[{\"@type\":\"ListItem\",\"position\":1,\"name\":\"Portada\",\"item\":\"https:\\\/\\\/informelitoral.com.ar\\\/\"},{\"@type\":\"ListItem\",\"position\":2,\"name\":\"Ram\u00edrez: el programa Uno por Semana cumpli\u00f3 seis a\u00f1os al aire\"}]},{\"@type\":\"WebSite\",\"@id\":\"https:\\\/\\\/informelitoral.com.ar\\\/#website\",\"url\":\"https:\\\/\\\/informelitoral.com.ar\\\/\",\"name\":\"Informe Litoral\",\"description\":\"&quot;Nos informamos&quot; \",\"publisher\":{\"@id\":\"https:\\\/\\\/informelitoral.com.ar\\\/#organization\"},\"potentialAction\":[{\"@type\":\"SearchAction\",\"target\":{\"@type\":\"EntryPoint\",\"urlTemplate\":\"https:\\\/\\\/informelitoral.com.ar\\\/?s={search_term_string}\"},\"query-input\":{\"@type\":\"PropertyValueSpecification\",\"valueRequired\":true,\"valueName\":\"search_term_string\"}}],\"inLanguage\":\"es\"},{\"@type\":\"Organization\",\"@id\":\"https:\\\/\\\/informelitoral.com.ar\\\/#organization\",\"name\":\"Informe Litoral\",\"url\":\"https:\\\/\\\/informelitoral.com.ar\\\/\",\"logo\":{\"@type\":\"ImageObject\",\"inLanguage\":\"es\",\"@id\":\"https:\\\/\\\/informelitoral.com.ar\\\/#\\\/schema\\\/logo\\\/image\\\/\",\"url\":\"https:\\\/\\\/informelitoral.com.ar\\\/%77%70%2d%63%6f%6e%74%65%6e%74\\\/uploads\\\/2021\\\/01\\\/circulo.png\",\"contentUrl\":\"https:\\\/\\\/informelitoral.com.ar\\\/%77%70%2d%63%6f%6e%74%65%6e%74\\\/uploads\\\/2021\\\/01\\\/circulo.png\",\"width\":723,\"height\":731,\"caption\":\"Informe Litoral\"},\"image\":{\"@id\":\"https:\\\/\\\/informelitoral.com.ar\\\/#\\\/schema\\\/logo\\\/image\\\/\"},\"sameAs\":[\"https:\\\/\\\/www.facebook.com\\\/informelitoral\\\/\",\"https:\\\/\\\/x.com\\\/InformeLitoral\",\"https:\\\/\\\/www.instagram.com\\\/informelitoral\\\/\",\"https:\\\/\\\/www.youtube.com\\\/channel\\\/UCua4Qvz8Icb6MYqhoq9xLXw\"]},{\"@type\":\"Person\",\"@id\":\"https:\\\/\\\/informelitoral.com.ar\\\/#\\\/schema\\\/person\\\/b9d00407c836482871ef1d57bf8e3180\",\"name\":\"Gonzalo Schmidt\",\"image\":{\"@type\":\"ImageObject\",\"inLanguage\":\"es\",\"@id\":\"https:\\\/\\\/secure.gravatar.com\\\/avatar\\\/31a1a7b66ff2de83bd0e9fd79d026630d2d99e55e8bfe501287647b4fd9743de?s=96&d=mm&r=g\",\"url\":\"https:\\\/\\\/secure.gravatar.com\\\/avatar\\\/31a1a7b66ff2de83bd0e9fd79d026630d2d99e55e8bfe501287647b4fd9743de?s=96&d=mm&r=g\",\"contentUrl\":\"https:\\\/\\\/secure.gravatar.com\\\/avatar\\\/31a1a7b66ff2de83bd0e9fd79d026630d2d99e55e8bfe501287647b4fd9743de?s=96&d=mm&r=g\",\"caption\":\"Gonzalo Schmidt\"},\"description\":\"Sitio web de noticias de la provincia de Entre R\u00edos, Argentina. Informaci\u00f3n y entretenimiento. Informe Litoral, nos informamos.\",\"sameAs\":[\"http:\\\/\\\/www.isletasnoticias.com.ar\"],\"url\":\"https:\\\/\\\/informelitoral.com.ar\\\/author\\\/gonzalo\\\/\"}]}<\/script>","yoast_head_json":{"title":"Ram\u00edrez: el programa Uno por Semana cumpli\u00f3 seis a\u00f1os al aire - Informe Litoral","robots":{"index":"index","follow":"follow","max-snippet":"max-snippet:-1","max-image-preview":"max-image-preview:large","max-video-preview":"max-video-preview:-1"},"canonical":"https:\/\/informelitoral.com.ar\/ramirez-el-programa-uno-por-semana-cumplio-seis-anos-al-aire\/","og_locale":"es_ES","og_type":"article","og_title":"Ram\u00edrez: el programa Uno por Semana cumpli\u00f3 seis a\u00f1os al aire - Informe Litoral","og_description":"El ciclo radial de GES Medios&nbsp;que se emite a trav&eacute;s de FM Eco 100.3 lleg&oacute; a su sexta temporada el domingo 6 de marzo.&nbsp; El programa radial Uno por Semana de GES Medios comenz&oacute; el 6 de marzo del 2010, por lo que el domingo lleg&oacute; a sus seis a&ntilde;os en la misma emisora y [&hellip;]","og_url":"https:\/\/informelitoral.com.ar\/ramirez-el-programa-uno-por-semana-cumplio-seis-anos-al-aire\/","og_site_name":"Informe Litoral","article_publisher":"https:\/\/www.facebook.com\/informelitoral\/","article_published_time":"2016-03-07T09:48:04+00:00","article_modified_time":"2016-03-07T10:58:23+00:00","og_image":[{"width":480,"height":480,"url":"https:\/\/informelitoral.com.ar\/%77%70%2d%63%6f%6e%74%65%6e%74\/uploads\/2016\/03\/11228105_663900327087006_3865086513636309650_n.jpg","type":"image\/jpeg"}],"author":"Gonzalo Schmidt","twitter_card":"summary_large_image","twitter_creator":"@InformeLitoral","twitter_site":"@InformeLitoral","twitter_misc":{"Escrito por":"Gonzalo Schmidt","Tiempo de lectura":"1 minuto"},"schema":{"@context":"https:\/\/schema.org","@graph":[{"@type":"Article","@id":"https:\/\/informelitoral.com.ar\/ramirez-el-programa-uno-por-semana-cumplio-seis-anos-al-aire\/#article","isPartOf":{"@id":"https:\/\/informelitoral.com.ar\/ramirez-el-programa-uno-por-semana-cumplio-seis-anos-al-aire\/"},"author":{"name":"Gonzalo Schmidt","@id":"https:\/\/informelitoral.com.ar\/#\/schema\/person\/b9d00407c836482871ef1d57bf8e3180"},"headline":"Ram\u00edrez: el programa Uno por Semana cumpli\u00f3 seis a\u00f1os al aire","datePublished":"2016-03-07T09:48:04+00:00","dateModified":"2016-03-07T10:58:23+00:00","mainEntityOfPage":{"@id":"https:\/\/informelitoral.com.ar\/ramirez-el-programa-uno-por-semana-cumplio-seis-anos-al-aire\/"},"wordCount":172,"commentCount":0,"publisher":{"@id":"https:\/\/informelitoral.com.ar\/#organization"},"image":{"@id":"https:\/\/informelitoral.com.ar\/ramirez-el-programa-uno-por-semana-cumplio-seis-anos-al-aire\/#primaryimage"},"thumbnailUrl":"http:\/\/www.isletasnoticias.com.ar\/%77%70%2d%63%6f%6e%74%65%6e%74\/uploads\/2016\/03\/11228105_663900327087006_3865086513636309650_n-300x300.jpg","articleSection":["Departamento Diamante","Espect\u00e1culos"],"inLanguage":"es","potentialAction":[{"@type":"CommentAction","name":"Comment","target":["https:\/\/informelitoral.com.ar\/ramirez-el-programa-uno-por-semana-cumplio-seis-anos-al-aire\/#respond"]}]},{"@type":"WebPage","@id":"https:\/\/informelitoral.com.ar\/ramirez-el-programa-uno-por-semana-cumplio-seis-anos-al-aire\/","url":"https:\/\/informelitoral.com.ar\/ramirez-el-programa-uno-por-semana-cumplio-seis-anos-al-aire\/","name":"Ram\u00edrez: el programa Uno por Semana cumpli\u00f3 seis a\u00f1os al aire - Informe Litoral","isPartOf":{"@id":"https:\/\/informelitoral.com.ar\/#website"},"primaryImageOfPage":{"@id":"https:\/\/informelitoral.com.ar\/ramirez-el-programa-uno-por-semana-cumplio-seis-anos-al-aire\/#primaryimage"},"image":{"@id":"https:\/\/informelitoral.com.ar\/ramirez-el-programa-uno-por-semana-cumplio-seis-anos-al-aire\/#primaryimage"},"thumbnailUrl":"http:\/\/www.isletasnoticias.com.ar\/%77%70%2d%63%6f%6e%74%65%6e%74\/uploads\/2016\/03\/11228105_663900327087006_3865086513636309650_n-300x300.jpg","datePublished":"2016-03-07T09:48:04+00:00","dateModified":"2016-03-07T10:58:23+00:00","breadcrumb":{"@id":"https:\/\/informelitoral.com.ar\/ramirez-el-programa-uno-por-semana-cumplio-seis-anos-al-aire\/#breadcrumb"},"inLanguage":"es","potentialAction":[{"@type":"ReadAction","target":["https:\/\/informelitoral.com.ar\/ramirez-el-programa-uno-por-semana-cumplio-seis-anos-al-aire\/"]}]},{"@type":"ImageObject","inLanguage":"es","@id":"https:\/\/informelitoral.com.ar\/ramirez-el-programa-uno-por-semana-cumplio-seis-anos-al-aire\/#primaryimage","url":"http:\/\/www.isletasnoticias.com.ar\/%77%70%2d%63%6f%6e%74%65%6e%74\/uploads\/2016\/03\/11228105_663900327087006_3865086513636309650_n-300x300.jpg","contentUrl":"http:\/\/www.isletasnoticias.com.ar\/%77%70%2d%63%6f%6e%74%65%6e%74\/uploads\/2016\/03\/11228105_663900327087006_3865086513636309650_n-300x300.jpg"},{"@type":"BreadcrumbList","@id":"https:\/\/informelitoral.com.ar\/ramirez-el-programa-uno-por-semana-cumplio-seis-anos-al-aire\/#breadcrumb","itemListElement":[{"@type":"ListItem","position":1,"name":"Portada","item":"https:\/\/informelitoral.com.ar\/"},{"@type":"ListItem","position":2,"name":"Ram\u00edrez: el programa Uno por Semana cumpli\u00f3 seis a\u00f1os al aire"}]},{"@type":"WebSite","@id":"https:\/\/informelitoral.com.ar\/#website","url":"https:\/\/informelitoral.com.ar\/","name":"Informe Litoral","description":"&quot;Nos informamos&quot; ","publisher":{"@id":"https:\/\/informelitoral.com.ar\/#organization"},"potentialAction":[{"@type":"SearchAction","target":{"@type":"EntryPoint","urlTemplate":"https:\/\/informelitoral.com.ar\/?s={search_term_string}"},"query-input":{"@type":"PropertyValueSpecification","valueRequired":true,"valueName":"search_term_string"}}],"inLanguage":"es"},{"@type":"Organization","@id":"https:\/\/informelitoral.com.ar\/#organization","name":"Informe Litoral","url":"https:\/\/informelitoral.com.ar\/","logo":{"@type":"ImageObject","inLanguage":"es","@id":"https:\/\/informelitoral.com.ar\/#\/schema\/logo\/image\/","url":"https:\/\/informelitoral.com.ar\/%77%70%2d%63%6f%6e%74%65%6e%74\/uploads\/2021\/01\/circulo.png","contentUrl":"https:\/\/informelitoral.com.ar\/%77%70%2d%63%6f%6e%74%65%6e%74\/uploads\/2021\/01\/circulo.png","width":723,"height":731,"caption":"Informe Litoral"},"image":{"@id":"https:\/\/informelitoral.com.ar\/#\/schema\/logo\/image\/"},"sameAs":["https:\/\/www.facebook.com\/informelitoral\/","https:\/\/x.com\/InformeLitoral","https:\/\/www.instagram.com\/informelitoral\/","https:\/\/www.youtube.com\/channel\/UCua4Qvz8Icb6MYqhoq9xLXw"]},{"@type":"Person","@id":"https:\/\/informelitoral.com.ar\/#\/schema\/person\/b9d00407c836482871ef1d57bf8e3180","name":"Gonzalo Schmidt","image":{"@type":"ImageObject","inLanguage":"es","@id":"https:\/\/secure.gravatar.com\/avatar\/31a1a7b66ff2de83bd0e9fd79d026630d2d99e55e8bfe501287647b4fd9743de?s=96&d=mm&r=g","url":"https:\/\/secure.gravatar.com\/avatar\/31a1a7b66ff2de83bd0e9fd79d026630d2d99e55e8bfe501287647b4fd9743de?s=96&d=mm&r=g","contentUrl":"https:\/\/secure.gravatar.com\/avatar\/31a1a7b66ff2de83bd0e9fd79d026630d2d99e55e8bfe501287647b4fd9743de?s=96&d=mm&r=g","caption":"Gonzalo Schmidt"},"description":"Sitio web de noticias de la provincia de Entre R\u00edos, Argentina. Informaci\u00f3n y entretenimiento. Informe Litoral, nos informamos.","sameAs":["http:\/\/www.isletasnoticias.com.ar"],"url":"https:\/\/informelitoral.com.ar\/author\/gonzalo\/"}]}},"_links":{"self":[{"href":"https:\/\/informelitoral.com.ar\/%77%70%2d%6a%73%6f%6e\/wp\/v2\/posts\/14131","targetHints":{"allow":["GET"]}}],"collection":[{"href":"https:\/\/informelitoral.com.ar\/%77%70%2d%6a%73%6f%6e\/wp\/v2\/posts"}],"about":[{"href":"https:\/\/informelitoral.com.ar\/%77%70%2d%6a%73%6f%6e\/wp\/v2\/types\/post"}],"author":[{"embeddable":true,"href":"https:\/\/informelitoral.com.ar\/%77%70%2d%6a%73%6f%6e\/wp\/v2\/users\/2"}],"replies":[{"embeddable":true,"href":"https:\/\/informelitoral.com.ar\/%77%70%2d%6a%73%6f%6e\/wp\/v2\/comments?post=14131"}],"version-history":[{"count":0,"href":"https:\/\/informelitoral.com.ar\/%77%70%2d%6a%73%6f%6e\/wp\/v2\/posts\/14131\/revisions"}],"wp:attachment":[{"href":"https:\/\/informelitoral.com.ar\/%77%70%2d%6a%73%6f%6e\/wp\/v2\/media?parent=14131"}],"wp:term":[{"taxonomy":"category","embeddable":true,"href":"https:\/\/informelitoral.com.ar\/%77%70%2d%6a%73%6f%6e\/wp\/v2\/categories?post=14131"},{"taxonomy":"post_tag","embeddable":true,"href":"https:\/\/informelitoral.com.ar\/%77%70%2d%6a%73%6f%6e\/wp\/v2\/tags?post=14131"}],"curies":[{"name":"wp","href":"https:\/\/api.w.org\/{rel}","templated":true}]}}