{"id":14128,"date":"2016-03-07T07:44:50","date_gmt":"2016-03-07T10:44:50","guid":{"rendered":"http:\/\/www.isletasnoticias.com.ar\/?p=14128"},"modified":"2016-03-07T07:44:50","modified_gmt":"2016-03-07T10:44:50","slug":"federacion-agraria-se-manifesto-contra-monsanto-y-anuncio-una-jornada-parlamentaria","status":"publish","type":"post","link":"https:\/\/informelitoral.com.ar\/federacion-agraria-se-manifesto-contra-monsanto-y-anuncio-una-jornada-parlamentaria\/","title":{"rendered":"Federaci\u00f3n Agraria se manifest\u00f3 contra Monsanto y anunci\u00f3 una jornada parlamentaria"},"content":{"rendered":"<p><strong>\u00abEsta lucha va m\u00e1s all\u00e1 de las regal\u00edas extendidas que nos quieren imponer, que son en realidad retenciones privadas para una empresa\u00bb, apunt\u00f3 <em>Omar Pr\u00edncipe.<a href=\"http:\/\/www.isletasnoticias.com.ar\/%77%70%2d%63%6f%6e%74%65%6e%74\/uploads\/2016\/03\/i23375-principe-631.jpg\" rel=\"attachment wp-att-14129\"><img loading=\"lazy\" decoding=\"async\" class=\"aligncenter size-full wp-image-14129\" src=\"http:\/\/www.isletasnoticias.com.ar\/%77%70%2d%63%6f%6e%74%65%6e%74\/uploads\/2016\/03\/i23375-principe-631.jpg\" alt=\"i23375-principe-631\" width=\"631\" height=\"280\" srcset=\"https:\/\/informelitoral.com.ar\/%77%70%2d%63%6f%6e%74%65%6e%74\/uploads\/2016\/03\/i23375-principe-631.jpg 631w, https:\/\/informelitoral.com.ar\/%77%70%2d%63%6f%6e%74%65%6e%74\/uploads\/2016\/03\/i23375-principe-631-300x133.jpg 300w\" sizes=\"auto, (max-width: 631px) 100vw, 631px\" \/><\/a><\/em><\/strong><\/p>\n<p>El presidente de Federaci\u00f3n Agraria Argentina (FAA), <strong>Omar Pr\u00edncipe<\/strong>, junto a los Dres. <strong>Salvador Bergel<\/strong> y <strong>Rafael P\u00e9rez Miranda<\/strong>, expertos en propiedad intelectual en temas agr\u00edcolas, ratificaron y ampliaron las pruebas en la denuncia realizada por FAA y sus instituciones asociadas, por abuso de posici\u00f3n dominante contra Monsanto. Decenas de productores y representantes de entidades del complejo federado los acompa\u00f1aron y aguardaron frente a la sede de la Comisi\u00f3n Nacional de Defensa de la Competencia. A la salida, durante su discurso, Pr\u00edncipe anunci\u00f3 que la entidad profundizar\u00e1 el plan de acci\u00f3n gremial con la realizaci\u00f3n de una jornada parlamentaria.<\/p>\n<p>\u201cEn el d\u00eda de hoy, aportamos pruebas concretas de que ese abuso se ha realizado, y que la empresa est\u00e1 intimando a productores, juicios a las cooperativas. Es decir que se est\u00e1 dando lo que denunciamos ese agosto de 2014\u201d,\u00a0 dijo Pr\u00edncipe y agreg\u00f3: \u201cEsta lucha va m\u00e1s all\u00e1 de las regal\u00edas extendidas que nos quieren imponer, que son en realidad retenciones privadas para una empresa. Va m\u00e1s all\u00e1 de la ley de semillas que se quiere poner en discusi\u00f3n como la soluci\u00f3n del problema. La discusi\u00f3n real es si nos vamos a someter a una empresa que, con la excusa de tener un evento biotecnol\u00f3gico, se va a quedar con la herramienta necesaria para adue\u00f1arse de las cadenas de alimentos de la Argentina. Por eso no es s\u00f3lo una denuncia econ\u00f3mica. Si no hay una medida en forma urgente para frenar esta embestida, corre riesgo la soberan\u00eda y la seguridad alimentaria de nuestro pa\u00eds\u201d.<\/p>\n<p>\u201cPor eso es importante dejar hoy en claro, desde FAA, que el rol del Estado no se puede correr y el rol de polic\u00eda no lo puede cumplir una empresa. El poder de polic\u00eda tiene que ser del Estado. Y el gobierno nacional, que asume la responsabilidad por haber ganado las elecciones tiene que actuar de una vez por todas con este tema\u201d, y a\u00f1adi\u00f3:\u00a0 \u201cNuestra idea es sumar y nunca restar, y nunca dividir, por eso hacemos caso a las palabras del mismo Presidente de la Naci\u00f3n, que hace unos d\u00edas atr\u00e1s el martes 1\u00ba de marzo, cuando abri\u00f3 las Sesiones Legislativas, dijo que su gobierno nacional va a fortalecer la defensa de la competencia; y aqu\u00ed estamos, frente a Defensa de la Competencia para decir NO al abuso dominante de Monsanto\u201d, asegur\u00f3.<\/p>\n<p>\u201cLa FAA va a organizar en los pr\u00f3ximos d\u00edas una Jornada Parlamentaria contra el abuso dominante, para llevarle a los legisladores nacionales (diputados y senadores) lo que est\u00e1 pasando en el agro en relaci\u00f3n con las posiciones dominantes. Les vamos a acercar todas las pruebas que tenemos, pero tambi\u00e9n a los chacareros y a los consumidores que son los rehenes de esta cadena, porque si no cambiamos la matriz productiva, si no empezamos a hablar de pol\u00edticas p\u00fablicas diferenciadas, el modelo de agronegocios se termina por adue\u00f1ar de toda la cadena comercial y de todas las cadenas de valor productivas. Lo mismo puede pasar si las cl\u00e1usulas de biotecnolog\u00eda de Monsanto se extendieran al resto de las cadenas productivas. Es necesario transparentar este tema, y FAA da un salto de calidad en el \u00e1rea gremial, poni\u00e9ndose a la vanguardia de esta discusi\u00f3n\u201d, a\u00f1adi\u00f3 Pr\u00edncipe, seg\u00fan reprodujo <em>Infocampo.<\/em><\/p>\n<p>Y agreg\u00f3: \u201cAdem\u00e1s les informamos que nos han convocado desde el Ministerio de Agroindustria y desde el de Producci\u00f3n, para hoy a las 14.30 hs a una reuni\u00f3n en forma urgente, por dos temas exclusivos: uno es el tema Monsanto y el otro la lecher\u00eda. Ustedes saben muy bien que d\u00eda a d\u00eda hay tambos que se cierran en la Argentina. Por eso, les vuelvo a repetir la importancia de esta manifestaci\u00f3n que hace que la labor gremial pueda despu\u00e9s dar resultados. Y hoy frente a los Ministros, como corresponde, que nos abren el di\u00e1logo para plantear estos temas les vamos a reiterar estos puntos pero tambi\u00e9n les vamos a decir que no hay m\u00e1s tiempo, y que si no hay posibilidades que las resoluciones sean ministeriales, que el tema de las cl\u00e1usulas biot\u00e9cnol\u00f3gicas llegue al Se\u00f1or Presidente y que decida en forma r\u00e1pida el Ing. Mauricio Macri sobre este tema\u201d.<\/p>\n","protected":false},"excerpt":{"rendered":"<p>&laquo;Esta lucha va m&aacute;s all&aacute; de las regal&iacute;as extendidas que nos quieren imponer, que son en realidad retenciones privadas para una empresa&raquo;, apunt&oacute; Omar Pr&iacute;ncipe. El presidente de Federaci&oacute;n Agraria Argentina (FAA), Omar Pr&iacute;ncipe, junto a los Dres. Salvador Bergel y Rafael P&eacute;rez Miranda, expertos en propiedad intelectual en temas agr&iacute;colas, ratificaron y ampliaron las [&hellip;]<\/p>\n","protected":false},"author":2,"featured_media":0,"comment_status":"open","ping_status":"open","sticky":false,"template":"","format":"standard","meta":{"fifu_image_url":"","fifu_image_alt":"","footnotes":""},"categories":[10,7],"tags":[],"class_list":{"0":"post-14128","1":"post","2":"type-post","3":"status-publish","4":"format-standard","6":"category-campo","7":"category-nacionales"},"yoast_head":"<title>Federaci\u00f3n Agraria se manifest\u00f3 contra Monsanto y anunci\u00f3 una jornada parlamentaria - Informe Litoral<\/title>\n<meta name=\"robots\" content=\"index, follow, max-snippet:-1, max-image-preview:large, max-video-preview:-1\" \/>\n<link rel=\"canonical\" href=\"https:\/\/informelitoral.com.ar\/federacion-agraria-se-manifesto-contra-monsanto-y-anuncio-una-jornada-parlamentaria\/\" \/>\n<meta property=\"og:locale\" content=\"es_ES\" \/>\n<meta property=\"og:type\" content=\"article\" \/>\n<meta property=\"og:title\" content=\"Federaci\u00f3n Agraria se manifest\u00f3 contra Monsanto y anunci\u00f3 una jornada parlamentaria - Informe Litoral\" \/>\n<meta property=\"og:description\" content=\"&laquo;Esta lucha va m&aacute;s all&aacute; de las regal&iacute;as extendidas que nos quieren imponer, que son en realidad retenciones privadas para una empresa&raquo;, apunt&oacute; Omar Pr&iacute;ncipe. El presidente de Federaci&oacute;n Agraria Argentina (FAA), Omar Pr&iacute;ncipe, junto a los Dres. Salvador Bergel y Rafael P&eacute;rez Miranda, expertos en propiedad intelectual en temas agr&iacute;colas, ratificaron y ampliaron las [&hellip;]\" \/>\n<meta property=\"og:url\" content=\"https:\/\/informelitoral.com.ar\/federacion-agraria-se-manifesto-contra-monsanto-y-anuncio-una-jornada-parlamentaria\/\" \/>\n<meta property=\"og:site_name\" content=\"Informe Litoral\" \/>\n<meta property=\"article:publisher\" content=\"https:\/\/www.facebook.com\/informelitoral\/\" \/>\n<meta property=\"article:published_time\" content=\"2016-03-07T10:44:50+00:00\" \/>\n<meta property=\"og:image\" content=\"https:\/\/informelitoral.com.ar\/%77%70%2d%63%6f%6e%74%65%6e%74\/uploads\/2016\/03\/i23375-principe-631.jpg\" \/>\n\t<meta property=\"og:image:width\" content=\"631\" \/>\n\t<meta property=\"og:image:height\" content=\"280\" \/>\n\t<meta property=\"og:image:type\" content=\"image\/jpeg\" \/>\n<meta name=\"author\" content=\"Gonzalo Schmidt\" \/>\n<meta name=\"twitter:card\" content=\"summary_large_image\" \/>\n<meta name=\"twitter:creator\" content=\"@InformeLitoral\" \/>\n<meta name=\"twitter:site\" content=\"@InformeLitoral\" \/>\n<meta name=\"twitter:label1\" content=\"Escrito por\" \/>\n\t<meta name=\"twitter:data1\" content=\"Gonzalo Schmidt\" \/>\n\t<meta name=\"twitter:label2\" content=\"Tiempo de lectura\" \/>\n\t<meta name=\"twitter:data2\" content=\"4 minutos\" \/>\n<script type=\"application\/ld+json\" class=\"yoast-schema-graph\">{\"@context\":\"https:\\\/\\\/schema.org\",\"@graph\":[{\"@type\":\"Article\",\"@id\":\"https:\\\/\\\/informelitoral.com.ar\\\/federacion-agraria-se-manifesto-contra-monsanto-y-anuncio-una-jornada-parlamentaria\\\/#article\",\"isPartOf\":{\"@id\":\"https:\\\/\\\/informelitoral.com.ar\\\/federacion-agraria-se-manifesto-contra-monsanto-y-anuncio-una-jornada-parlamentaria\\\/\"},\"author\":{\"name\":\"Gonzalo Schmidt\",\"@id\":\"https:\\\/\\\/informelitoral.com.ar\\\/#\\\/schema\\\/person\\\/b9d00407c836482871ef1d57bf8e3180\"},\"headline\":\"Federaci\u00f3n Agraria se manifest\u00f3 contra Monsanto y anunci\u00f3 una jornada parlamentaria\",\"datePublished\":\"2016-03-07T10:44:50+00:00\",\"mainEntityOfPage\":{\"@id\":\"https:\\\/\\\/informelitoral.com.ar\\\/federacion-agraria-se-manifesto-contra-monsanto-y-anuncio-una-jornada-parlamentaria\\\/\"},\"wordCount\":783,\"commentCount\":0,\"publisher\":{\"@id\":\"https:\\\/\\\/informelitoral.com.ar\\\/#organization\"},\"image\":{\"@id\":\"https:\\\/\\\/informelitoral.com.ar\\\/federacion-agraria-se-manifesto-contra-monsanto-y-anuncio-una-jornada-parlamentaria\\\/#primaryimage\"},\"thumbnailUrl\":\"http:\\\/\\\/www.isletasnoticias.com.ar\\\/%77%70%2d%63%6f%6e%74%65%6e%74\\\/uploads\\\/2016\\\/03\\\/i23375-principe-631.jpg\",\"articleSection\":[\"Campo\",\"Nacionales\"],\"inLanguage\":\"es\",\"potentialAction\":[{\"@type\":\"CommentAction\",\"name\":\"Comment\",\"target\":[\"https:\\\/\\\/informelitoral.com.ar\\\/federacion-agraria-se-manifesto-contra-monsanto-y-anuncio-una-jornada-parlamentaria\\\/#respond\"]}]},{\"@type\":\"WebPage\",\"@id\":\"https:\\\/\\\/informelitoral.com.ar\\\/federacion-agraria-se-manifesto-contra-monsanto-y-anuncio-una-jornada-parlamentaria\\\/\",\"url\":\"https:\\\/\\\/informelitoral.com.ar\\\/federacion-agraria-se-manifesto-contra-monsanto-y-anuncio-una-jornada-parlamentaria\\\/\",\"name\":\"Federaci\u00f3n Agraria se manifest\u00f3 contra Monsanto y anunci\u00f3 una jornada parlamentaria - Informe Litoral\",\"isPartOf\":{\"@id\":\"https:\\\/\\\/informelitoral.com.ar\\\/#website\"},\"primaryImageOfPage\":{\"@id\":\"https:\\\/\\\/informelitoral.com.ar\\\/federacion-agraria-se-manifesto-contra-monsanto-y-anuncio-una-jornada-parlamentaria\\\/#primaryimage\"},\"image\":{\"@id\":\"https:\\\/\\\/informelitoral.com.ar\\\/federacion-agraria-se-manifesto-contra-monsanto-y-anuncio-una-jornada-parlamentaria\\\/#primaryimage\"},\"thumbnailUrl\":\"http:\\\/\\\/www.isletasnoticias.com.ar\\\/%77%70%2d%63%6f%6e%74%65%6e%74\\\/uploads\\\/2016\\\/03\\\/i23375-principe-631.jpg\",\"datePublished\":\"2016-03-07T10:44:50+00:00\",\"breadcrumb\":{\"@id\":\"https:\\\/\\\/informelitoral.com.ar\\\/federacion-agraria-se-manifesto-contra-monsanto-y-anuncio-una-jornada-parlamentaria\\\/#breadcrumb\"},\"inLanguage\":\"es\",\"potentialAction\":[{\"@type\":\"ReadAction\",\"target\":[\"https:\\\/\\\/informelitoral.com.ar\\\/federacion-agraria-se-manifesto-contra-monsanto-y-anuncio-una-jornada-parlamentaria\\\/\"]}]},{\"@type\":\"ImageObject\",\"inLanguage\":\"es\",\"@id\":\"https:\\\/\\\/informelitoral.com.ar\\\/federacion-agraria-se-manifesto-contra-monsanto-y-anuncio-una-jornada-parlamentaria\\\/#primaryimage\",\"url\":\"http:\\\/\\\/www.isletasnoticias.com.ar\\\/%77%70%2d%63%6f%6e%74%65%6e%74\\\/uploads\\\/2016\\\/03\\\/i23375-principe-631.jpg\",\"contentUrl\":\"http:\\\/\\\/www.isletasnoticias.com.ar\\\/%77%70%2d%63%6f%6e%74%65%6e%74\\\/uploads\\\/2016\\\/03\\\/i23375-principe-631.jpg\"},{\"@type\":\"BreadcrumbList\",\"@id\":\"https:\\\/\\\/informelitoral.com.ar\\\/federacion-agraria-se-manifesto-contra-monsanto-y-anuncio-una-jornada-parlamentaria\\\/#breadcrumb\",\"itemListElement\":[{\"@type\":\"ListItem\",\"position\":1,\"name\":\"Portada\",\"item\":\"https:\\\/\\\/informelitoral.com.ar\\\/\"},{\"@type\":\"ListItem\",\"position\":2,\"name\":\"Federaci\u00f3n Agraria se manifest\u00f3 contra Monsanto y anunci\u00f3 una jornada parlamentaria\"}]},{\"@type\":\"WebSite\",\"@id\":\"https:\\\/\\\/informelitoral.com.ar\\\/#website\",\"url\":\"https:\\\/\\\/informelitoral.com.ar\\\/\",\"name\":\"Informe Litoral\",\"description\":\"&quot;Nos informamos&quot; \",\"publisher\":{\"@id\":\"https:\\\/\\\/informelitoral.com.ar\\\/#organization\"},\"potentialAction\":[{\"@type\":\"SearchAction\",\"target\":{\"@type\":\"EntryPoint\",\"urlTemplate\":\"https:\\\/\\\/informelitoral.com.ar\\\/?s={search_term_string}\"},\"query-input\":{\"@type\":\"PropertyValueSpecification\",\"valueRequired\":true,\"valueName\":\"search_term_string\"}}],\"inLanguage\":\"es\"},{\"@type\":\"Organization\",\"@id\":\"https:\\\/\\\/informelitoral.com.ar\\\/#organization\",\"name\":\"Informe Litoral\",\"url\":\"https:\\\/\\\/informelitoral.com.ar\\\/\",\"logo\":{\"@type\":\"ImageObject\",\"inLanguage\":\"es\",\"@id\":\"https:\\\/\\\/informelitoral.com.ar\\\/#\\\/schema\\\/logo\\\/image\\\/\",\"url\":\"https:\\\/\\\/informelitoral.com.ar\\\/%77%70%2d%63%6f%6e%74%65%6e%74\\\/uploads\\\/2021\\\/01\\\/circulo.png\",\"contentUrl\":\"https:\\\/\\\/informelitoral.com.ar\\\/%77%70%2d%63%6f%6e%74%65%6e%74\\\/uploads\\\/2021\\\/01\\\/circulo.png\",\"width\":723,\"height\":731,\"caption\":\"Informe Litoral\"},\"image\":{\"@id\":\"https:\\\/\\\/informelitoral.com.ar\\\/#\\\/schema\\\/logo\\\/image\\\/\"},\"sameAs\":[\"https:\\\/\\\/www.facebook.com\\\/informelitoral\\\/\",\"https:\\\/\\\/x.com\\\/InformeLitoral\",\"https:\\\/\\\/www.instagram.com\\\/informelitoral\\\/\",\"https:\\\/\\\/www.youtube.com\\\/channel\\\/UCua4Qvz8Icb6MYqhoq9xLXw\"]},{\"@type\":\"Person\",\"@id\":\"https:\\\/\\\/informelitoral.com.ar\\\/#\\\/schema\\\/person\\\/b9d00407c836482871ef1d57bf8e3180\",\"name\":\"Gonzalo Schmidt\",\"image\":{\"@type\":\"ImageObject\",\"inLanguage\":\"es\",\"@id\":\"https:\\\/\\\/secure.gravatar.com\\\/avatar\\\/31a1a7b66ff2de83bd0e9fd79d026630d2d99e55e8bfe501287647b4fd9743de?s=96&d=mm&r=g\",\"url\":\"https:\\\/\\\/secure.gravatar.com\\\/avatar\\\/31a1a7b66ff2de83bd0e9fd79d026630d2d99e55e8bfe501287647b4fd9743de?s=96&d=mm&r=g\",\"contentUrl\":\"https:\\\/\\\/secure.gravatar.com\\\/avatar\\\/31a1a7b66ff2de83bd0e9fd79d026630d2d99e55e8bfe501287647b4fd9743de?s=96&d=mm&r=g\",\"caption\":\"Gonzalo Schmidt\"},\"description\":\"Sitio web de noticias de la provincia de Entre R\u00edos, Argentina. Informaci\u00f3n y entretenimiento. Informe Litoral, nos informamos.\",\"sameAs\":[\"http:\\\/\\\/www.isletasnoticias.com.ar\"],\"url\":\"https:\\\/\\\/informelitoral.com.ar\\\/author\\\/gonzalo\\\/\"}]}<\/script>","yoast_head_json":{"title":"Federaci\u00f3n Agraria se manifest\u00f3 contra Monsanto y anunci\u00f3 una jornada parlamentaria - Informe Litoral","robots":{"index":"index","follow":"follow","max-snippet":"max-snippet:-1","max-image-preview":"max-image-preview:large","max-video-preview":"max-video-preview:-1"},"canonical":"https:\/\/informelitoral.com.ar\/federacion-agraria-se-manifesto-contra-monsanto-y-anuncio-una-jornada-parlamentaria\/","og_locale":"es_ES","og_type":"article","og_title":"Federaci\u00f3n Agraria se manifest\u00f3 contra Monsanto y anunci\u00f3 una jornada parlamentaria - Informe Litoral","og_description":"&laquo;Esta lucha va m&aacute;s all&aacute; de las regal&iacute;as extendidas que nos quieren imponer, que son en realidad retenciones privadas para una empresa&raquo;, apunt&oacute; Omar Pr&iacute;ncipe. El presidente de Federaci&oacute;n Agraria Argentina (FAA), Omar Pr&iacute;ncipe, junto a los Dres. Salvador Bergel y Rafael P&eacute;rez Miranda, expertos en propiedad intelectual en temas agr&iacute;colas, ratificaron y ampliaron las [&hellip;]","og_url":"https:\/\/informelitoral.com.ar\/federacion-agraria-se-manifesto-contra-monsanto-y-anuncio-una-jornada-parlamentaria\/","og_site_name":"Informe Litoral","article_publisher":"https:\/\/www.facebook.com\/informelitoral\/","article_published_time":"2016-03-07T10:44:50+00:00","og_image":[{"width":631,"height":280,"url":"https:\/\/informelitoral.com.ar\/%77%70%2d%63%6f%6e%74%65%6e%74\/uploads\/2016\/03\/i23375-principe-631.jpg","type":"image\/jpeg"}],"author":"Gonzalo Schmidt","twitter_card":"summary_large_image","twitter_creator":"@InformeLitoral","twitter_site":"@InformeLitoral","twitter_misc":{"Escrito por":"Gonzalo Schmidt","Tiempo de lectura":"4 minutos"},"schema":{"@context":"https:\/\/schema.org","@graph":[{"@type":"Article","@id":"https:\/\/informelitoral.com.ar\/federacion-agraria-se-manifesto-contra-monsanto-y-anuncio-una-jornada-parlamentaria\/#article","isPartOf":{"@id":"https:\/\/informelitoral.com.ar\/federacion-agraria-se-manifesto-contra-monsanto-y-anuncio-una-jornada-parlamentaria\/"},"author":{"name":"Gonzalo Schmidt","@id":"https:\/\/informelitoral.com.ar\/#\/schema\/person\/b9d00407c836482871ef1d57bf8e3180"},"headline":"Federaci\u00f3n Agraria se manifest\u00f3 contra Monsanto y anunci\u00f3 una jornada parlamentaria","datePublished":"2016-03-07T10:44:50+00:00","mainEntityOfPage":{"@id":"https:\/\/informelitoral.com.ar\/federacion-agraria-se-manifesto-contra-monsanto-y-anuncio-una-jornada-parlamentaria\/"},"wordCount":783,"commentCount":0,"publisher":{"@id":"https:\/\/informelitoral.com.ar\/#organization"},"image":{"@id":"https:\/\/informelitoral.com.ar\/federacion-agraria-se-manifesto-contra-monsanto-y-anuncio-una-jornada-parlamentaria\/#primaryimage"},"thumbnailUrl":"http:\/\/www.isletasnoticias.com.ar\/%77%70%2d%63%6f%6e%74%65%6e%74\/uploads\/2016\/03\/i23375-principe-631.jpg","articleSection":["Campo","Nacionales"],"inLanguage":"es","potentialAction":[{"@type":"CommentAction","name":"Comment","target":["https:\/\/informelitoral.com.ar\/federacion-agraria-se-manifesto-contra-monsanto-y-anuncio-una-jornada-parlamentaria\/#respond"]}]},{"@type":"WebPage","@id":"https:\/\/informelitoral.com.ar\/federacion-agraria-se-manifesto-contra-monsanto-y-anuncio-una-jornada-parlamentaria\/","url":"https:\/\/informelitoral.com.ar\/federacion-agraria-se-manifesto-contra-monsanto-y-anuncio-una-jornada-parlamentaria\/","name":"Federaci\u00f3n Agraria se manifest\u00f3 contra Monsanto y anunci\u00f3 una jornada parlamentaria - Informe Litoral","isPartOf":{"@id":"https:\/\/informelitoral.com.ar\/#website"},"primaryImageOfPage":{"@id":"https:\/\/informelitoral.com.ar\/federacion-agraria-se-manifesto-contra-monsanto-y-anuncio-una-jornada-parlamentaria\/#primaryimage"},"image":{"@id":"https:\/\/informelitoral.com.ar\/federacion-agraria-se-manifesto-contra-monsanto-y-anuncio-una-jornada-parlamentaria\/#primaryimage"},"thumbnailUrl":"http:\/\/www.isletasnoticias.com.ar\/%77%70%2d%63%6f%6e%74%65%6e%74\/uploads\/2016\/03\/i23375-principe-631.jpg","datePublished":"2016-03-07T10:44:50+00:00","breadcrumb":{"@id":"https:\/\/informelitoral.com.ar\/federacion-agraria-se-manifesto-contra-monsanto-y-anuncio-una-jornada-parlamentaria\/#breadcrumb"},"inLanguage":"es","potentialAction":[{"@type":"ReadAction","target":["https:\/\/informelitoral.com.ar\/federacion-agraria-se-manifesto-contra-monsanto-y-anuncio-una-jornada-parlamentaria\/"]}]},{"@type":"ImageObject","inLanguage":"es","@id":"https:\/\/informelitoral.com.ar\/federacion-agraria-se-manifesto-contra-monsanto-y-anuncio-una-jornada-parlamentaria\/#primaryimage","url":"http:\/\/www.isletasnoticias.com.ar\/%77%70%2d%63%6f%6e%74%65%6e%74\/uploads\/2016\/03\/i23375-principe-631.jpg","contentUrl":"http:\/\/www.isletasnoticias.com.ar\/%77%70%2d%63%6f%6e%74%65%6e%74\/uploads\/2016\/03\/i23375-principe-631.jpg"},{"@type":"BreadcrumbList","@id":"https:\/\/informelitoral.com.ar\/federacion-agraria-se-manifesto-contra-monsanto-y-anuncio-una-jornada-parlamentaria\/#breadcrumb","itemListElement":[{"@type":"ListItem","position":1,"name":"Portada","item":"https:\/\/informelitoral.com.ar\/"},{"@type":"ListItem","position":2,"name":"Federaci\u00f3n Agraria se manifest\u00f3 contra Monsanto y anunci\u00f3 una jornada parlamentaria"}]},{"@type":"WebSite","@id":"https:\/\/informelitoral.com.ar\/#website","url":"https:\/\/informelitoral.com.ar\/","name":"Informe Litoral","description":"&quot;Nos informamos&quot; ","publisher":{"@id":"https:\/\/informelitoral.com.ar\/#organization"},"potentialAction":[{"@type":"SearchAction","target":{"@type":"EntryPoint","urlTemplate":"https:\/\/informelitoral.com.ar\/?s={search_term_string}"},"query-input":{"@type":"PropertyValueSpecification","valueRequired":true,"valueName":"search_term_string"}}],"inLanguage":"es"},{"@type":"Organization","@id":"https:\/\/informelitoral.com.ar\/#organization","name":"Informe Litoral","url":"https:\/\/informelitoral.com.ar\/","logo":{"@type":"ImageObject","inLanguage":"es","@id":"https:\/\/informelitoral.com.ar\/#\/schema\/logo\/image\/","url":"https:\/\/informelitoral.com.ar\/%77%70%2d%63%6f%6e%74%65%6e%74\/uploads\/2021\/01\/circulo.png","contentUrl":"https:\/\/informelitoral.com.ar\/%77%70%2d%63%6f%6e%74%65%6e%74\/uploads\/2021\/01\/circulo.png","width":723,"height":731,"caption":"Informe Litoral"},"image":{"@id":"https:\/\/informelitoral.com.ar\/#\/schema\/logo\/image\/"},"sameAs":["https:\/\/www.facebook.com\/informelitoral\/","https:\/\/x.com\/InformeLitoral","https:\/\/www.instagram.com\/informelitoral\/","https:\/\/www.youtube.com\/channel\/UCua4Qvz8Icb6MYqhoq9xLXw"]},{"@type":"Person","@id":"https:\/\/informelitoral.com.ar\/#\/schema\/person\/b9d00407c836482871ef1d57bf8e3180","name":"Gonzalo Schmidt","image":{"@type":"ImageObject","inLanguage":"es","@id":"https:\/\/secure.gravatar.com\/avatar\/31a1a7b66ff2de83bd0e9fd79d026630d2d99e55e8bfe501287647b4fd9743de?s=96&d=mm&r=g","url":"https:\/\/secure.gravatar.com\/avatar\/31a1a7b66ff2de83bd0e9fd79d026630d2d99e55e8bfe501287647b4fd9743de?s=96&d=mm&r=g","contentUrl":"https:\/\/secure.gravatar.com\/avatar\/31a1a7b66ff2de83bd0e9fd79d026630d2d99e55e8bfe501287647b4fd9743de?s=96&d=mm&r=g","caption":"Gonzalo Schmidt"},"description":"Sitio web de noticias de la provincia de Entre R\u00edos, Argentina. Informaci\u00f3n y entretenimiento. Informe Litoral, nos informamos.","sameAs":["http:\/\/www.isletasnoticias.com.ar"],"url":"https:\/\/informelitoral.com.ar\/author\/gonzalo\/"}]}},"_links":{"self":[{"href":"https:\/\/informelitoral.com.ar\/%77%70%2d%6a%73%6f%6e\/wp\/v2\/posts\/14128","targetHints":{"allow":["GET"]}}],"collection":[{"href":"https:\/\/informelitoral.com.ar\/%77%70%2d%6a%73%6f%6e\/wp\/v2\/posts"}],"about":[{"href":"https:\/\/informelitoral.com.ar\/%77%70%2d%6a%73%6f%6e\/wp\/v2\/types\/post"}],"author":[{"embeddable":true,"href":"https:\/\/informelitoral.com.ar\/%77%70%2d%6a%73%6f%6e\/wp\/v2\/users\/2"}],"replies":[{"embeddable":true,"href":"https:\/\/informelitoral.com.ar\/%77%70%2d%6a%73%6f%6e\/wp\/v2\/comments?post=14128"}],"version-history":[{"count":0,"href":"https:\/\/informelitoral.com.ar\/%77%70%2d%6a%73%6f%6e\/wp\/v2\/posts\/14128\/revisions"}],"wp:attachment":[{"href":"https:\/\/informelitoral.com.ar\/%77%70%2d%6a%73%6f%6e\/wp\/v2\/media?parent=14128"}],"wp:term":[{"taxonomy":"category","embeddable":true,"href":"https:\/\/informelitoral.com.ar\/%77%70%2d%6a%73%6f%6e\/wp\/v2\/categories?post=14128"},{"taxonomy":"post_tag","embeddable":true,"href":"https:\/\/informelitoral.com.ar\/%77%70%2d%6a%73%6f%6e\/wp\/v2\/tags?post=14128"}],"curies":[{"name":"wp","href":"https:\/\/api.w.org\/{rel}","templated":true}]}}