{"id":14113,"date":"2016-03-03T15:39:21","date_gmt":"2016-03-03T18:39:21","guid":{"rendered":"http:\/\/www.isletasnoticias.com.ar\/?p=14113"},"modified":"2016-03-07T08:05:17","modified_gmt":"2016-03-07T11:05:17","slug":"ramirez-preparan-la-semana-de-la-ciudad-con-motivo-del-128-aniversario","status":"publish","type":"post","link":"https:\/\/informelitoral.com.ar\/ramirez-preparan-la-semana-de-la-ciudad-con-motivo-del-128-aniversario\/","title":{"rendered":"Ram\u00edrez: se desarrolla la \u00abSemana de la Ciudad\u00bb con motivo del 128\u00b0 aniversario"},"content":{"rendered":"<p><strong>Comenz\u00f3 este s\u00e1bado 5 y finalizar\u00e1 el domingo 13, con el acto central. Se destacan diferentes actividades deportivas y culturales que se detallan en esta nota de<em> IN.<\/em><\/strong><\/p>\n<figure id=\"attachment_14114\" aria-describedby=\"caption-attachment-14114\" style=\"width: 555px\" class=\"wp-caption aligncenter\"><a href=\"http:\/\/www.isletasnoticias.com.ar\/%77%70%2d%63%6f%6e%74%65%6e%74\/uploads\/2016\/03\/11954629_955988481113990_8890750231744558255_n.jpg\" rel=\"attachment wp-att-14114\"><img loading=\"lazy\" decoding=\"async\" class=\"wp-image-14114 \" src=\"http:\/\/www.isletasnoticias.com.ar\/%77%70%2d%63%6f%6e%74%65%6e%74\/uploads\/2016\/03\/11954629_955988481113990_8890750231744558255_n.jpg\" alt=\"11954629_955988481113990_8890750231744558255_n\" width=\"555\" height=\"416\" srcset=\"https:\/\/informelitoral.com.ar\/%77%70%2d%63%6f%6e%74%65%6e%74\/uploads\/2016\/03\/11954629_955988481113990_8890750231744558255_n.jpg 960w, https:\/\/informelitoral.com.ar\/%77%70%2d%63%6f%6e%74%65%6e%74\/uploads\/2016\/03\/11954629_955988481113990_8890750231744558255_n-300x225.jpg 300w, https:\/\/informelitoral.com.ar\/%77%70%2d%63%6f%6e%74%65%6e%74\/uploads\/2016\/03\/11954629_955988481113990_8890750231744558255_n-768x576.jpg 768w\" sizes=\"auto, (max-width: 555px) 100vw, 555px\" \/><\/a><figcaption id=\"caption-attachment-14114\" class=\"wp-caption-text\"><em>Zona de la Estaci\u00f3n del Ferrocarril de Gral. Ram\u00edez. Foto: General Ram\u00edrez &#8211; Entre R\u00edos (F)<\/em><\/figcaption><\/figure>\n<p>Con motivo de celebrarse los 128 a\u00f1os de Ram\u00edrez y conmemorarse el 238\u00ba aniversario del nacimiento del General Francisco Ram\u00edrez, desde la Municipalidad, prepararon la \u201cSemana de la Ciudad\u201d.<\/p>\n<p>Seg\u00fan un texto enviado a la redacci\u00f3n de <strong><em>IN<\/em><\/strong>, se desarrollan diferentes actividades que comenzaron el s\u00e1bado 5 y finalizar\u00e1n el domingo 13, con el acto central por un nuevo aniversario de esa ciudad del departamento Diamante.<\/p>\n<p><strong>Los detalles de los eventos programados en el marco de la \u00abSemana de la Ciudad\u00bb<\/strong><\/p>\n<p><strong>S\u00e1bado 5<\/strong><\/p>\n<p><strong>\u201cCopa Ciudad de General Ram\u00edrez\u00bb:<\/strong>\u00a02\u00aa fecha del Torneo Nocturno de F\u00fatbol del que participan los clubes locales Roma, Nobleza y los invitados, Cultural de Aranguren y Diamantino de la ciudad cabecera del departamento. Ser\u00e1 en el Centro Polideportivo Municipal, desde las 20.00.<\/p>\n<p><strong>En dos ruedas por la ciudad: <\/strong>bicicleteada familiar, recorriendo los barrios junto a la Asociaci\u00f3n Ciclista \u201cRoberto Breppe\u201d. La partida ser\u00e1 a las 15.00 desde el Monumento a la Madre, en Avenida San Mart\u00edn. Se recomienda utilizar casco.<\/p>\n<p><strong>Domingo 6<\/strong><\/p>\n<p><strong>Kermesse Barrial Itinerante: <\/strong>en\u00a0Barrio Sur se inaugurar\u00e1 una actividad de entretenimientos para la familia. La Kermesse recupera materiales reciclados transform\u00e1ndolos en una actividad l\u00fadica de la que participan grandes y chicos. Ser\u00e1 en el Club Deportivo Nobleza de 17.00 a 21.00 y habr\u00e1 servicio de cantina.<\/p>\n<p><strong>Martes 8<\/strong><br \/>\n<strong>Actividad alusiva al D\u00eda Internacional de la Mujer<\/strong>, programada en la Casa de la Cultura, a las 20:30.<\/p>\n<p><strong>Jueves 10<\/strong><\/p>\n<p><strong>Presentaci\u00f3n del \u00faltimo libro de Roberto Romani \u201cLos Duendes Azules, canciones de tierra y agua\u201d<\/strong>, obra que re\u00fane cerca de un centenar de recuerdos, poemas y canciones escritos desde la d\u00e9cada del 70 en la provincia.<br \/>\nSer\u00e1 en la Casa Municipal de la Cultura, desde las 20:30.<\/p>\n<p><strong>Viernes 11<\/strong><\/p>\n<p><strong>Noche de estreno:<\/strong>\u00a0presentaci\u00f3n de obra teatral \u201cEl extra\u00f1o caso de las hermanas Di Lorenzo\u201d a cargo del elenco Nunca es Tarde, dirigido por el Prof. Cristian Buffa. Se realizar\u00e1 en\u00a0la Casa Municipal de la Cultura, a las 21.00.<\/p>\n<p><strong>S\u00e1bado 12<\/strong><\/p>\n<p><strong>Tango en femenino:<\/strong> la Secretar\u00eda de Relaciones con la Comunidad propone una actividad que resignifica el lugar de la mujer en la escena tanguera. Cantar\u00e1 la artista local Marisel Zalazar, acompa\u00f1ada por m\u00fasicos provenientes de la Ciudad de C\u00f3rdoba: Mario Bustos (Guitarra), Oscar Bravin (Bandone\u00f3n) y Fernando Bustos (Saxo Tenor).<br \/>\nEl encuentro ser\u00e1 en la Biblioteca Popular, Dr. Luis L. Etchevehere, a partir de las 21.00.<\/p>\n<p><strong>\u201cCopa Ciudad de General Ram\u00edrez\u201d<\/strong>: tercera y \u00faltima fecha del Torneo. Esa noche se conocer\u00e1 al campe\u00f3n del certamen y Roma-Nobleza ser\u00e1 el gran duelo de la jornada. El encuentro se desarrollar\u00e1 en\u00a0el Centro Polideportivo Municipal, desde las 20.00.<\/p>\n<p><strong>Domingo 13<\/strong><br \/>\n<strong>Acto Central:\u00a0<\/strong>a las 18.30, frente al Monumento al General Francisco Ram\u00edrez.<br \/>\nFinalizado el acto habr\u00e1 n\u00fameros art\u00edsticos: Litoral Tag\u00fce, Contramano, Los Binder y El Torque.<br \/>\nEntrega de premios del concurso de fotograf\u00edas tomadas con celular \u201cRam\u00edrez m\u00e1gico y oculto\u201d.<br \/>\nSobre avenida Presidente Per\u00f3n: exposici\u00f3n de fotos seleccionadas del concurso fotogr\u00e1fico, Kermesse Barrial Itinerante y exposici\u00f3n de artesanos locales. <em>(IN)<\/em><\/p>\n","protected":false},"excerpt":{"rendered":"<p>Comenz&oacute; este s&aacute;bado 5 y finalizar&aacute; el domingo 13, con el acto central. Se destacan diferentes actividades deportivas y culturales que se detallan en esta nota de IN. Con motivo de celebrarse los 128 a&ntilde;os de Ram&iacute;rez y conmemorarse el 238&ordm; aniversario del nacimiento del General Francisco Ram&iacute;rez, desde la Municipalidad, prepararon la &ldquo;Semana de [&hellip;]<\/p>\n","protected":false},"author":2,"featured_media":0,"comment_status":"open","ping_status":"open","sticky":false,"template":"","format":"standard","meta":{"fifu_image_url":"","fifu_image_alt":"","footnotes":""},"categories":[5,9],"tags":[],"class_list":{"0":"post-14113","1":"post","2":"type-post","3":"status-publish","4":"format-standard","6":"category-zonales","7":"category-sociedad"},"yoast_head":"<title>Ram\u00edrez: se desarrolla la &quot;Semana de la Ciudad&quot; con motivo del 128\u00b0 aniversario - Informe Litoral<\/title>\n<meta name=\"robots\" content=\"index, follow, max-snippet:-1, max-image-preview:large, max-video-preview:-1\" \/>\n<link rel=\"canonical\" href=\"https:\/\/informelitoral.com.ar\/ramirez-preparan-la-semana-de-la-ciudad-con-motivo-del-128-aniversario\/\" \/>\n<meta property=\"og:locale\" content=\"es_ES\" \/>\n<meta property=\"og:type\" content=\"article\" \/>\n<meta property=\"og:title\" content=\"Ram\u00edrez: se desarrolla la &quot;Semana de la Ciudad&quot; con motivo del 128\u00b0 aniversario - Informe Litoral\" \/>\n<meta property=\"og:description\" content=\"Comenz&oacute; este s&aacute;bado 5 y finalizar&aacute; el domingo 13, con el acto central. Se destacan diferentes actividades deportivas y culturales que se detallan en esta nota de IN. Con motivo de celebrarse los 128 a&ntilde;os de Ram&iacute;rez y conmemorarse el 238&ordm; aniversario del nacimiento del General Francisco Ram&iacute;rez, desde la Municipalidad, prepararon la &ldquo;Semana de [&hellip;]\" \/>\n<meta property=\"og:url\" content=\"https:\/\/informelitoral.com.ar\/ramirez-preparan-la-semana-de-la-ciudad-con-motivo-del-128-aniversario\/\" \/>\n<meta property=\"og:site_name\" content=\"Informe Litoral\" \/>\n<meta property=\"article:publisher\" content=\"https:\/\/www.facebook.com\/informelitoral\/\" \/>\n<meta property=\"article:published_time\" content=\"2016-03-03T18:39:21+00:00\" \/>\n<meta property=\"article:modified_time\" content=\"2016-03-07T11:05:17+00:00\" \/>\n<meta property=\"og:image\" content=\"https:\/\/informelitoral.com.ar\/%77%70%2d%63%6f%6e%74%65%6e%74\/uploads\/2016\/03\/11954629_955988481113990_8890750231744558255_n.jpg\" \/>\n\t<meta property=\"og:image:width\" content=\"960\" \/>\n\t<meta property=\"og:image:height\" content=\"720\" \/>\n\t<meta property=\"og:image:type\" content=\"image\/jpeg\" \/>\n<meta name=\"author\" content=\"Gonzalo Schmidt\" \/>\n<meta name=\"twitter:card\" content=\"summary_large_image\" \/>\n<meta name=\"twitter:creator\" content=\"@InformeLitoral\" \/>\n<meta name=\"twitter:site\" content=\"@InformeLitoral\" \/>\n<meta name=\"twitter:label1\" content=\"Escrito por\" \/>\n\t<meta name=\"twitter:data1\" content=\"Gonzalo Schmidt\" \/>\n\t<meta name=\"twitter:label2\" content=\"Tiempo de lectura\" \/>\n\t<meta name=\"twitter:data2\" content=\"3 minutos\" \/>\n<script type=\"application\/ld+json\" class=\"yoast-schema-graph\">{\"@context\":\"https:\\\/\\\/schema.org\",\"@graph\":[{\"@type\":\"Article\",\"@id\":\"https:\\\/\\\/informelitoral.com.ar\\\/ramirez-preparan-la-semana-de-la-ciudad-con-motivo-del-128-aniversario\\\/#article\",\"isPartOf\":{\"@id\":\"https:\\\/\\\/informelitoral.com.ar\\\/ramirez-preparan-la-semana-de-la-ciudad-con-motivo-del-128-aniversario\\\/\"},\"author\":{\"name\":\"Gonzalo Schmidt\",\"@id\":\"https:\\\/\\\/informelitoral.com.ar\\\/#\\\/schema\\\/person\\\/b9d00407c836482871ef1d57bf8e3180\"},\"headline\":\"Ram\u00edrez: se desarrolla la \u00abSemana de la Ciudad\u00bb con motivo del 128\u00b0 aniversario\",\"datePublished\":\"2016-03-03T18:39:21+00:00\",\"dateModified\":\"2016-03-07T11:05:17+00:00\",\"mainEntityOfPage\":{\"@id\":\"https:\\\/\\\/informelitoral.com.ar\\\/ramirez-preparan-la-semana-de-la-ciudad-con-motivo-del-128-aniversario\\\/\"},\"wordCount\":577,\"commentCount\":0,\"publisher\":{\"@id\":\"https:\\\/\\\/informelitoral.com.ar\\\/#organization\"},\"image\":{\"@id\":\"https:\\\/\\\/informelitoral.com.ar\\\/ramirez-preparan-la-semana-de-la-ciudad-con-motivo-del-128-aniversario\\\/#primaryimage\"},\"thumbnailUrl\":\"http:\\\/\\\/www.isletasnoticias.com.ar\\\/%77%70%2d%63%6f%6e%74%65%6e%74\\\/uploads\\\/2016\\\/03\\\/11954629_955988481113990_8890750231744558255_n.jpg\",\"articleSection\":[\"Departamento Diamante\",\"Sociedad\"],\"inLanguage\":\"es\",\"potentialAction\":[{\"@type\":\"CommentAction\",\"name\":\"Comment\",\"target\":[\"https:\\\/\\\/informelitoral.com.ar\\\/ramirez-preparan-la-semana-de-la-ciudad-con-motivo-del-128-aniversario\\\/#respond\"]}]},{\"@type\":\"WebPage\",\"@id\":\"https:\\\/\\\/informelitoral.com.ar\\\/ramirez-preparan-la-semana-de-la-ciudad-con-motivo-del-128-aniversario\\\/\",\"url\":\"https:\\\/\\\/informelitoral.com.ar\\\/ramirez-preparan-la-semana-de-la-ciudad-con-motivo-del-128-aniversario\\\/\",\"name\":\"Ram\u00edrez: se desarrolla la \\\"Semana de la Ciudad\\\" con motivo del 128\u00b0 aniversario - Informe Litoral\",\"isPartOf\":{\"@id\":\"https:\\\/\\\/informelitoral.com.ar\\\/#website\"},\"primaryImageOfPage\":{\"@id\":\"https:\\\/\\\/informelitoral.com.ar\\\/ramirez-preparan-la-semana-de-la-ciudad-con-motivo-del-128-aniversario\\\/#primaryimage\"},\"image\":{\"@id\":\"https:\\\/\\\/informelitoral.com.ar\\\/ramirez-preparan-la-semana-de-la-ciudad-con-motivo-del-128-aniversario\\\/#primaryimage\"},\"thumbnailUrl\":\"http:\\\/\\\/www.isletasnoticias.com.ar\\\/%77%70%2d%63%6f%6e%74%65%6e%74\\\/uploads\\\/2016\\\/03\\\/11954629_955988481113990_8890750231744558255_n.jpg\",\"datePublished\":\"2016-03-03T18:39:21+00:00\",\"dateModified\":\"2016-03-07T11:05:17+00:00\",\"breadcrumb\":{\"@id\":\"https:\\\/\\\/informelitoral.com.ar\\\/ramirez-preparan-la-semana-de-la-ciudad-con-motivo-del-128-aniversario\\\/#breadcrumb\"},\"inLanguage\":\"es\",\"potentialAction\":[{\"@type\":\"ReadAction\",\"target\":[\"https:\\\/\\\/informelitoral.com.ar\\\/ramirez-preparan-la-semana-de-la-ciudad-con-motivo-del-128-aniversario\\\/\"]}]},{\"@type\":\"ImageObject\",\"inLanguage\":\"es\",\"@id\":\"https:\\\/\\\/informelitoral.com.ar\\\/ramirez-preparan-la-semana-de-la-ciudad-con-motivo-del-128-aniversario\\\/#primaryimage\",\"url\":\"http:\\\/\\\/www.isletasnoticias.com.ar\\\/%77%70%2d%63%6f%6e%74%65%6e%74\\\/uploads\\\/2016\\\/03\\\/11954629_955988481113990_8890750231744558255_n.jpg\",\"contentUrl\":\"http:\\\/\\\/www.isletasnoticias.com.ar\\\/%77%70%2d%63%6f%6e%74%65%6e%74\\\/uploads\\\/2016\\\/03\\\/11954629_955988481113990_8890750231744558255_n.jpg\"},{\"@type\":\"BreadcrumbList\",\"@id\":\"https:\\\/\\\/informelitoral.com.ar\\\/ramirez-preparan-la-semana-de-la-ciudad-con-motivo-del-128-aniversario\\\/#breadcrumb\",\"itemListElement\":[{\"@type\":\"ListItem\",\"position\":1,\"name\":\"Portada\",\"item\":\"https:\\\/\\\/informelitoral.com.ar\\\/\"},{\"@type\":\"ListItem\",\"position\":2,\"name\":\"Ram\u00edrez: se desarrolla la \u00abSemana de la Ciudad\u00bb con motivo del 128\u00b0 aniversario\"}]},{\"@type\":\"WebSite\",\"@id\":\"https:\\\/\\\/informelitoral.com.ar\\\/#website\",\"url\":\"https:\\\/\\\/informelitoral.com.ar\\\/\",\"name\":\"Informe Litoral\",\"description\":\"&quot;Nos informamos&quot; \",\"publisher\":{\"@id\":\"https:\\\/\\\/informelitoral.com.ar\\\/#organization\"},\"potentialAction\":[{\"@type\":\"SearchAction\",\"target\":{\"@type\":\"EntryPoint\",\"urlTemplate\":\"https:\\\/\\\/informelitoral.com.ar\\\/?s={search_term_string}\"},\"query-input\":{\"@type\":\"PropertyValueSpecification\",\"valueRequired\":true,\"valueName\":\"search_term_string\"}}],\"inLanguage\":\"es\"},{\"@type\":\"Organization\",\"@id\":\"https:\\\/\\\/informelitoral.com.ar\\\/#organization\",\"name\":\"Informe Litoral\",\"url\":\"https:\\\/\\\/informelitoral.com.ar\\\/\",\"logo\":{\"@type\":\"ImageObject\",\"inLanguage\":\"es\",\"@id\":\"https:\\\/\\\/informelitoral.com.ar\\\/#\\\/schema\\\/logo\\\/image\\\/\",\"url\":\"https:\\\/\\\/informelitoral.com.ar\\\/%77%70%2d%63%6f%6e%74%65%6e%74\\\/uploads\\\/2021\\\/01\\\/circulo.png\",\"contentUrl\":\"https:\\\/\\\/informelitoral.com.ar\\\/%77%70%2d%63%6f%6e%74%65%6e%74\\\/uploads\\\/2021\\\/01\\\/circulo.png\",\"width\":723,\"height\":731,\"caption\":\"Informe Litoral\"},\"image\":{\"@id\":\"https:\\\/\\\/informelitoral.com.ar\\\/#\\\/schema\\\/logo\\\/image\\\/\"},\"sameAs\":[\"https:\\\/\\\/www.facebook.com\\\/informelitoral\\\/\",\"https:\\\/\\\/x.com\\\/InformeLitoral\",\"https:\\\/\\\/www.instagram.com\\\/informelitoral\\\/\",\"https:\\\/\\\/www.youtube.com\\\/channel\\\/UCua4Qvz8Icb6MYqhoq9xLXw\"]},{\"@type\":\"Person\",\"@id\":\"https:\\\/\\\/informelitoral.com.ar\\\/#\\\/schema\\\/person\\\/b9d00407c836482871ef1d57bf8e3180\",\"name\":\"Gonzalo Schmidt\",\"image\":{\"@type\":\"ImageObject\",\"inLanguage\":\"es\",\"@id\":\"https:\\\/\\\/secure.gravatar.com\\\/avatar\\\/31a1a7b66ff2de83bd0e9fd79d026630d2d99e55e8bfe501287647b4fd9743de?s=96&d=mm&r=g\",\"url\":\"https:\\\/\\\/secure.gravatar.com\\\/avatar\\\/31a1a7b66ff2de83bd0e9fd79d026630d2d99e55e8bfe501287647b4fd9743de?s=96&d=mm&r=g\",\"contentUrl\":\"https:\\\/\\\/secure.gravatar.com\\\/avatar\\\/31a1a7b66ff2de83bd0e9fd79d026630d2d99e55e8bfe501287647b4fd9743de?s=96&d=mm&r=g\",\"caption\":\"Gonzalo Schmidt\"},\"description\":\"Sitio web de noticias de la provincia de Entre R\u00edos, Argentina. Informaci\u00f3n y entretenimiento. Informe Litoral, nos informamos.\",\"sameAs\":[\"http:\\\/\\\/www.isletasnoticias.com.ar\"],\"url\":\"https:\\\/\\\/informelitoral.com.ar\\\/author\\\/gonzalo\\\/\"}]}<\/script>","yoast_head_json":{"title":"Ram\u00edrez: se desarrolla la \"Semana de la Ciudad\" con motivo del 128\u00b0 aniversario - Informe Litoral","robots":{"index":"index","follow":"follow","max-snippet":"max-snippet:-1","max-image-preview":"max-image-preview:large","max-video-preview":"max-video-preview:-1"},"canonical":"https:\/\/informelitoral.com.ar\/ramirez-preparan-la-semana-de-la-ciudad-con-motivo-del-128-aniversario\/","og_locale":"es_ES","og_type":"article","og_title":"Ram\u00edrez: se desarrolla la \"Semana de la Ciudad\" con motivo del 128\u00b0 aniversario - Informe Litoral","og_description":"Comenz&oacute; este s&aacute;bado 5 y finalizar&aacute; el domingo 13, con el acto central. Se destacan diferentes actividades deportivas y culturales que se detallan en esta nota de IN. Con motivo de celebrarse los 128 a&ntilde;os de Ram&iacute;rez y conmemorarse el 238&ordm; aniversario del nacimiento del General Francisco Ram&iacute;rez, desde la Municipalidad, prepararon la &ldquo;Semana de [&hellip;]","og_url":"https:\/\/informelitoral.com.ar\/ramirez-preparan-la-semana-de-la-ciudad-con-motivo-del-128-aniversario\/","og_site_name":"Informe Litoral","article_publisher":"https:\/\/www.facebook.com\/informelitoral\/","article_published_time":"2016-03-03T18:39:21+00:00","article_modified_time":"2016-03-07T11:05:17+00:00","og_image":[{"width":960,"height":720,"url":"https:\/\/informelitoral.com.ar\/%77%70%2d%63%6f%6e%74%65%6e%74\/uploads\/2016\/03\/11954629_955988481113990_8890750231744558255_n.jpg","type":"image\/jpeg"}],"author":"Gonzalo Schmidt","twitter_card":"summary_large_image","twitter_creator":"@InformeLitoral","twitter_site":"@InformeLitoral","twitter_misc":{"Escrito por":"Gonzalo Schmidt","Tiempo de lectura":"3 minutos"},"schema":{"@context":"https:\/\/schema.org","@graph":[{"@type":"Article","@id":"https:\/\/informelitoral.com.ar\/ramirez-preparan-la-semana-de-la-ciudad-con-motivo-del-128-aniversario\/#article","isPartOf":{"@id":"https:\/\/informelitoral.com.ar\/ramirez-preparan-la-semana-de-la-ciudad-con-motivo-del-128-aniversario\/"},"author":{"name":"Gonzalo Schmidt","@id":"https:\/\/informelitoral.com.ar\/#\/schema\/person\/b9d00407c836482871ef1d57bf8e3180"},"headline":"Ram\u00edrez: se desarrolla la \u00abSemana de la Ciudad\u00bb con motivo del 128\u00b0 aniversario","datePublished":"2016-03-03T18:39:21+00:00","dateModified":"2016-03-07T11:05:17+00:00","mainEntityOfPage":{"@id":"https:\/\/informelitoral.com.ar\/ramirez-preparan-la-semana-de-la-ciudad-con-motivo-del-128-aniversario\/"},"wordCount":577,"commentCount":0,"publisher":{"@id":"https:\/\/informelitoral.com.ar\/#organization"},"image":{"@id":"https:\/\/informelitoral.com.ar\/ramirez-preparan-la-semana-de-la-ciudad-con-motivo-del-128-aniversario\/#primaryimage"},"thumbnailUrl":"http:\/\/www.isletasnoticias.com.ar\/%77%70%2d%63%6f%6e%74%65%6e%74\/uploads\/2016\/03\/11954629_955988481113990_8890750231744558255_n.jpg","articleSection":["Departamento Diamante","Sociedad"],"inLanguage":"es","potentialAction":[{"@type":"CommentAction","name":"Comment","target":["https:\/\/informelitoral.com.ar\/ramirez-preparan-la-semana-de-la-ciudad-con-motivo-del-128-aniversario\/#respond"]}]},{"@type":"WebPage","@id":"https:\/\/informelitoral.com.ar\/ramirez-preparan-la-semana-de-la-ciudad-con-motivo-del-128-aniversario\/","url":"https:\/\/informelitoral.com.ar\/ramirez-preparan-la-semana-de-la-ciudad-con-motivo-del-128-aniversario\/","name":"Ram\u00edrez: se desarrolla la \"Semana de la Ciudad\" con motivo del 128\u00b0 aniversario - Informe Litoral","isPartOf":{"@id":"https:\/\/informelitoral.com.ar\/#website"},"primaryImageOfPage":{"@id":"https:\/\/informelitoral.com.ar\/ramirez-preparan-la-semana-de-la-ciudad-con-motivo-del-128-aniversario\/#primaryimage"},"image":{"@id":"https:\/\/informelitoral.com.ar\/ramirez-preparan-la-semana-de-la-ciudad-con-motivo-del-128-aniversario\/#primaryimage"},"thumbnailUrl":"http:\/\/www.isletasnoticias.com.ar\/%77%70%2d%63%6f%6e%74%65%6e%74\/uploads\/2016\/03\/11954629_955988481113990_8890750231744558255_n.jpg","datePublished":"2016-03-03T18:39:21+00:00","dateModified":"2016-03-07T11:05:17+00:00","breadcrumb":{"@id":"https:\/\/informelitoral.com.ar\/ramirez-preparan-la-semana-de-la-ciudad-con-motivo-del-128-aniversario\/#breadcrumb"},"inLanguage":"es","potentialAction":[{"@type":"ReadAction","target":["https:\/\/informelitoral.com.ar\/ramirez-preparan-la-semana-de-la-ciudad-con-motivo-del-128-aniversario\/"]}]},{"@type":"ImageObject","inLanguage":"es","@id":"https:\/\/informelitoral.com.ar\/ramirez-preparan-la-semana-de-la-ciudad-con-motivo-del-128-aniversario\/#primaryimage","url":"http:\/\/www.isletasnoticias.com.ar\/%77%70%2d%63%6f%6e%74%65%6e%74\/uploads\/2016\/03\/11954629_955988481113990_8890750231744558255_n.jpg","contentUrl":"http:\/\/www.isletasnoticias.com.ar\/%77%70%2d%63%6f%6e%74%65%6e%74\/uploads\/2016\/03\/11954629_955988481113990_8890750231744558255_n.jpg"},{"@type":"BreadcrumbList","@id":"https:\/\/informelitoral.com.ar\/ramirez-preparan-la-semana-de-la-ciudad-con-motivo-del-128-aniversario\/#breadcrumb","itemListElement":[{"@type":"ListItem","position":1,"name":"Portada","item":"https:\/\/informelitoral.com.ar\/"},{"@type":"ListItem","position":2,"name":"Ram\u00edrez: se desarrolla la \u00abSemana de la Ciudad\u00bb con motivo del 128\u00b0 aniversario"}]},{"@type":"WebSite","@id":"https:\/\/informelitoral.com.ar\/#website","url":"https:\/\/informelitoral.com.ar\/","name":"Informe Litoral","description":"&quot;Nos informamos&quot; ","publisher":{"@id":"https:\/\/informelitoral.com.ar\/#organization"},"potentialAction":[{"@type":"SearchAction","target":{"@type":"EntryPoint","urlTemplate":"https:\/\/informelitoral.com.ar\/?s={search_term_string}"},"query-input":{"@type":"PropertyValueSpecification","valueRequired":true,"valueName":"search_term_string"}}],"inLanguage":"es"},{"@type":"Organization","@id":"https:\/\/informelitoral.com.ar\/#organization","name":"Informe Litoral","url":"https:\/\/informelitoral.com.ar\/","logo":{"@type":"ImageObject","inLanguage":"es","@id":"https:\/\/informelitoral.com.ar\/#\/schema\/logo\/image\/","url":"https:\/\/informelitoral.com.ar\/%77%70%2d%63%6f%6e%74%65%6e%74\/uploads\/2021\/01\/circulo.png","contentUrl":"https:\/\/informelitoral.com.ar\/%77%70%2d%63%6f%6e%74%65%6e%74\/uploads\/2021\/01\/circulo.png","width":723,"height":731,"caption":"Informe Litoral"},"image":{"@id":"https:\/\/informelitoral.com.ar\/#\/schema\/logo\/image\/"},"sameAs":["https:\/\/www.facebook.com\/informelitoral\/","https:\/\/x.com\/InformeLitoral","https:\/\/www.instagram.com\/informelitoral\/","https:\/\/www.youtube.com\/channel\/UCua4Qvz8Icb6MYqhoq9xLXw"]},{"@type":"Person","@id":"https:\/\/informelitoral.com.ar\/#\/schema\/person\/b9d00407c836482871ef1d57bf8e3180","name":"Gonzalo Schmidt","image":{"@type":"ImageObject","inLanguage":"es","@id":"https:\/\/secure.gravatar.com\/avatar\/31a1a7b66ff2de83bd0e9fd79d026630d2d99e55e8bfe501287647b4fd9743de?s=96&d=mm&r=g","url":"https:\/\/secure.gravatar.com\/avatar\/31a1a7b66ff2de83bd0e9fd79d026630d2d99e55e8bfe501287647b4fd9743de?s=96&d=mm&r=g","contentUrl":"https:\/\/secure.gravatar.com\/avatar\/31a1a7b66ff2de83bd0e9fd79d026630d2d99e55e8bfe501287647b4fd9743de?s=96&d=mm&r=g","caption":"Gonzalo Schmidt"},"description":"Sitio web de noticias de la provincia de Entre R\u00edos, Argentina. Informaci\u00f3n y entretenimiento. Informe Litoral, nos informamos.","sameAs":["http:\/\/www.isletasnoticias.com.ar"],"url":"https:\/\/informelitoral.com.ar\/author\/gonzalo\/"}]}},"_links":{"self":[{"href":"https:\/\/informelitoral.com.ar\/%77%70%2d%6a%73%6f%6e\/wp\/v2\/posts\/14113","targetHints":{"allow":["GET"]}}],"collection":[{"href":"https:\/\/informelitoral.com.ar\/%77%70%2d%6a%73%6f%6e\/wp\/v2\/posts"}],"about":[{"href":"https:\/\/informelitoral.com.ar\/%77%70%2d%6a%73%6f%6e\/wp\/v2\/types\/post"}],"author":[{"embeddable":true,"href":"https:\/\/informelitoral.com.ar\/%77%70%2d%6a%73%6f%6e\/wp\/v2\/users\/2"}],"replies":[{"embeddable":true,"href":"https:\/\/informelitoral.com.ar\/%77%70%2d%6a%73%6f%6e\/wp\/v2\/comments?post=14113"}],"version-history":[{"count":0,"href":"https:\/\/informelitoral.com.ar\/%77%70%2d%6a%73%6f%6e\/wp\/v2\/posts\/14113\/revisions"}],"wp:attachment":[{"href":"https:\/\/informelitoral.com.ar\/%77%70%2d%6a%73%6f%6e\/wp\/v2\/media?parent=14113"}],"wp:term":[{"taxonomy":"category","embeddable":true,"href":"https:\/\/informelitoral.com.ar\/%77%70%2d%6a%73%6f%6e\/wp\/v2\/categories?post=14113"},{"taxonomy":"post_tag","embeddable":true,"href":"https:\/\/informelitoral.com.ar\/%77%70%2d%6a%73%6f%6e\/wp\/v2\/tags?post=14113"}],"curies":[{"name":"wp","href":"https:\/\/api.w.org\/{rel}","templated":true}]}}