{"id":141127,"date":"2023-04-21T09:52:52","date_gmt":"2023-04-21T12:52:52","guid":{"rendered":"https:\/\/www.informelitoral.com.ar\/?p=141127"},"modified":"2023-04-21T22:32:55","modified_gmt":"2023-04-22T01:32:55","slug":"cacho-garay-fue-imputado-por-abuso-sexual-y-le-dictaron-prision-domiciliaria","status":"publish","type":"post","link":"https:\/\/informelitoral.com.ar\/cacho-garay-fue-imputado-por-abuso-sexual-y-le-dictaron-prision-domiciliaria\/","title":{"rendered":"Cacho Garay fue imputado por abuso sexual y le dictaron prisi\u00f3n domiciliaria"},"content":{"rendered":"<p class=\"paragraph\" data-mrf-recirculation=\"Links inline\">Si bien\u00a0<b>Juan \u201cCacho\u201d Garay<\/b>\u00a0se encontraba en libertad tras el pago de una fianza por el delito de tenencia ilegal de arma de fuego y amenazas contra su esposa; este jueves el fiscal de la causa decidi\u00f3 ampliar la imputaci\u00f3n. En ese marco, se le dict\u00f3 la\u00a0<b>prisi\u00f3n domiciliaria<\/b> por abuso sexual y privaci\u00f3n de la libertad.<\/p>\n<p class=\"paragraph\" data-mrf-recirculation=\"Links inline\">El fiscal Daniel Carniello dict\u00f3 la prisi\u00f3n domiciliaria a Garay dado que el fiscal de la causa ampli\u00f3 la imputaci\u00f3n por el delito de \u201cabuso sexual con acceso carnal reiterado y privaci\u00f3n ileg\u00edtima de la libertad agravada por la relaci\u00f3n de pareja, todo en concurso real y en contexto de violencia de g\u00e9nero\u201d.<\/p>\n<p class=\"paragraph\" data-mrf-recirculation=\"Links inline\">D\u00edas atr\u00e1s la esposa del comediante hab\u00eda efectuado la denuncia y Garay estuvo detenido por \u201ctenencia ilegal de arma de fuego y amenazas agravadas por mediar violencia de g\u00e9nero\u201d. Sin embargo, luego de pagar una fianza recuper\u00f3 su libertad y se le impuso una exclusi\u00f3n de la vivienda.<\/p>\n<p class=\"paragraph\" data-mrf-recirculation=\"Links inline\">M\u00e1s all\u00e1 de la medida tomada, la causa continu\u00f3 su curso y se analizaron nuevas pruebas. De hecho, la ampliaci\u00f3n de imputaci\u00f3n surgi\u00f3 luego del escalofriante relato de Ver\u00f3nica Mac\u00edas sobre su relaci\u00f3n con Cacho Garay. Durante una entrevista televisiva, la mujer revel\u00f3 que su pareja la obligaba a tener relaciones sexuales con otras personas y era retenida en contra de su voluntad.<\/p>\n<p class=\"paragraph\" data-mrf-recirculation=\"Links inline\">Con el testimonio brindado junto a otras pruebas que resultaron significativas para la justicia, se establecieron las dos nuevas imputaciones. En el relato a\u00a0<i>Intrusos<\/i>, Mac\u00edas record\u00f3 que la relaci\u00f3n inici\u00f3 con una amistad y fue el humorista qui\u00e9n le hab\u00eda prometido ayudarla para cumplir su sue\u00f1o de cantar. Sin embargo, luego de varios a\u00f1os le permiti\u00f3 subir a un escenario junto a \u00e9l.<\/p>\n<p class=\"paragraph\" data-mrf-recirculation=\"Links inline\">En ese momento, la mujer revel\u00f3 que sufri\u00f3 todo tipo de torturas. \u201c\u00c9l me hac\u00eda participar de encuentros con otras mujeres, todo era sexo. Yo pensaba que ya me hab\u00eda acostumbrado y lo empec\u00e9 a naturalizar. A m\u00ed \u00e9l no me quiso nunca y yo siempre le tuve miedo. Me hizo creer que tiene mucho poder. Un d\u00eda quise escaparme y entr\u00e9 en shock, quise llamar a mis hermanas y \u00e9l dec\u00eda \u2018hay que calmarla, hay que matarla a esta pendeja porque me va a arruinar la carrera\u2019 y sac\u00f3 un arma\u201d, detall\u00f3.<\/p>\n<p class=\"paragraph\" data-mrf-recirculation=\"Links inline\">El relato sobre el uso de armas por parte del humorista result\u00f3 coincidente con los resultados del allanamiento efectuado por la Unidad Fiscal de Violencia de G\u00e9nero. El pasado 12 de abril, Cacho Garay fue detenido en una vivienda donde la polic\u00eda secuestr\u00f3 cinco armas de fuego que fueron puestas a disposici\u00f3n de la Justicia para su peritaje, seg\u00fan el cual dos de ellas estaban aptas para su uso y no declaradas; en tanto el resto de las armas no estaban aptas para su uso.<\/p>\n<p class=\"paragraph\" data-mrf-recirculation=\"Links inline\">La denuncia por parte de Ver\u00f3nica Mac\u00edas fue dada a conocer por su abogado, qui\u00e9n revel\u00f3 que la mujer decidi\u00f3 acudir a la justicia luego de un episodio de violencia ocurrido en un hotel de la ciudad de Carlos Paz, en C\u00f3rdoba. Fue entonces que la esposa del humorista tuvo que ir a un refugio para mujeres y revel\u00f3 que a lo largo de los 13 a\u00f1os que estuvo en pareja sufri\u00f3 distintos hechos de violencia f\u00edsica, psicol\u00f3gica, econ\u00f3mica y sexual.<\/p>\n","protected":false},"excerpt":{"rendered":"<p>La ampliaci\u00f3n de imputaci\u00f3n se dio por el delito de abuso sexual con acceso carnal reiterado y privaci\u00f3n de la libertad agravada. El humorista ya hab\u00eda sido imputado por tenencia ilegal de arma y amenazas<\/p>\n","protected":false},"author":8,"featured_media":141092,"comment_status":"open","ping_status":"open","sticky":false,"template":"","format":"standard","meta":{"fifu_image_url":"","fifu_image_alt":"","footnotes":""},"categories":[12],"tags":[],"class_list":{"0":"post-141127","1":"post","2":"type-post","3":"status-publish","4":"format-standard","5":"has-post-thumbnail","7":"category-espectaculos"},"yoast_head":"<title>Cacho Garay fue imputado por abuso sexual y le dictaron prisi\u00f3n domiciliaria - Informe Litoral<\/title>\n<meta name=\"robots\" content=\"index, follow, max-snippet:-1, max-image-preview:large, max-video-preview:-1\" \/>\n<link rel=\"canonical\" href=\"https:\/\/informelitoral.com.ar\/cacho-garay-fue-imputado-por-abuso-sexual-y-le-dictaron-prision-domiciliaria\/\" \/>\n<meta property=\"og:locale\" content=\"es_ES\" \/>\n<meta property=\"og:type\" content=\"article\" \/>\n<meta property=\"og:title\" content=\"Cacho Garay fue imputado por abuso sexual y le dictaron prisi\u00f3n domiciliaria - Informe Litoral\" \/>\n<meta property=\"og:description\" content=\"La ampliaci\u00f3n de imputaci\u00f3n se dio por el delito de abuso sexual con acceso carnal reiterado y privaci\u00f3n de la libertad agravada. El humorista ya hab\u00eda sido imputado por tenencia ilegal de arma y amenazas\" \/>\n<meta property=\"og:url\" content=\"https:\/\/informelitoral.com.ar\/cacho-garay-fue-imputado-por-abuso-sexual-y-le-dictaron-prision-domiciliaria\/\" \/>\n<meta property=\"og:site_name\" content=\"Informe Litoral\" \/>\n<meta property=\"article:publisher\" content=\"https:\/\/www.facebook.com\/informelitoral\/\" \/>\n<meta property=\"article:published_time\" content=\"2023-04-21T12:52:52+00:00\" \/>\n<meta property=\"article:modified_time\" content=\"2023-04-22T01:32:55+00:00\" \/>\n<meta property=\"og:image\" content=\"https:\/\/informelitoral.com.ar\/%77%70%2d%63%6f%6e%74%65%6e%74\/uploads\/2023\/04\/cacho-garay.webp\" \/>\n\t<meta property=\"og:image:width\" content=\"1335\" \/>\n\t<meta property=\"og:image:height\" content=\"751\" \/>\n\t<meta property=\"og:image:type\" content=\"image\/webp\" \/>\n<meta name=\"author\" content=\"Sebastian\" \/>\n<meta name=\"twitter:card\" content=\"summary_large_image\" \/>\n<meta name=\"twitter:creator\" content=\"@InformeLitoral\" \/>\n<meta name=\"twitter:site\" content=\"@InformeLitoral\" \/>\n<meta name=\"twitter:label1\" content=\"Escrito por\" \/>\n\t<meta name=\"twitter:data1\" content=\"Sebastian\" \/>\n\t<meta name=\"twitter:label2\" content=\"Tiempo de lectura\" \/>\n\t<meta name=\"twitter:data2\" content=\"3 minutos\" \/>\n<script type=\"application\/ld+json\" class=\"yoast-schema-graph\">{\"@context\":\"https:\\\/\\\/schema.org\",\"@graph\":[{\"@type\":\"Article\",\"@id\":\"https:\\\/\\\/informelitoral.com.ar\\\/cacho-garay-fue-imputado-por-abuso-sexual-y-le-dictaron-prision-domiciliaria\\\/#article\",\"isPartOf\":{\"@id\":\"https:\\\/\\\/informelitoral.com.ar\\\/cacho-garay-fue-imputado-por-abuso-sexual-y-le-dictaron-prision-domiciliaria\\\/\"},\"author\":{\"name\":\"Sebastian\",\"@id\":\"https:\\\/\\\/informelitoral.com.ar\\\/#\\\/schema\\\/person\\\/f05f9f461677119578717524b127d6d5\"},\"headline\":\"Cacho Garay fue imputado por abuso sexual y le dictaron prisi\u00f3n domiciliaria\",\"datePublished\":\"2023-04-21T12:52:52+00:00\",\"dateModified\":\"2023-04-22T01:32:55+00:00\",\"mainEntityOfPage\":{\"@id\":\"https:\\\/\\\/informelitoral.com.ar\\\/cacho-garay-fue-imputado-por-abuso-sexual-y-le-dictaron-prision-domiciliaria\\\/\"},\"wordCount\":598,\"commentCount\":0,\"publisher\":{\"@id\":\"https:\\\/\\\/informelitoral.com.ar\\\/#organization\"},\"image\":{\"@id\":\"https:\\\/\\\/informelitoral.com.ar\\\/cacho-garay-fue-imputado-por-abuso-sexual-y-le-dictaron-prision-domiciliaria\\\/#primaryimage\"},\"thumbnailUrl\":\"https:\\\/\\\/informelitoral.com.ar\\\/%77%70%2d%63%6f%6e%74%65%6e%74\\\/uploads\\\/2023\\\/04\\\/cacho-garay.webp\",\"articleSection\":[\"Espect\u00e1culos\"],\"inLanguage\":\"es\",\"potentialAction\":[{\"@type\":\"CommentAction\",\"name\":\"Comment\",\"target\":[\"https:\\\/\\\/informelitoral.com.ar\\\/cacho-garay-fue-imputado-por-abuso-sexual-y-le-dictaron-prision-domiciliaria\\\/#respond\"]}]},{\"@type\":\"WebPage\",\"@id\":\"https:\\\/\\\/informelitoral.com.ar\\\/cacho-garay-fue-imputado-por-abuso-sexual-y-le-dictaron-prision-domiciliaria\\\/\",\"url\":\"https:\\\/\\\/informelitoral.com.ar\\\/cacho-garay-fue-imputado-por-abuso-sexual-y-le-dictaron-prision-domiciliaria\\\/\",\"name\":\"Cacho Garay fue imputado por abuso sexual y le dictaron prisi\u00f3n domiciliaria - Informe Litoral\",\"isPartOf\":{\"@id\":\"https:\\\/\\\/informelitoral.com.ar\\\/#website\"},\"primaryImageOfPage\":{\"@id\":\"https:\\\/\\\/informelitoral.com.ar\\\/cacho-garay-fue-imputado-por-abuso-sexual-y-le-dictaron-prision-domiciliaria\\\/#primaryimage\"},\"image\":{\"@id\":\"https:\\\/\\\/informelitoral.com.ar\\\/cacho-garay-fue-imputado-por-abuso-sexual-y-le-dictaron-prision-domiciliaria\\\/#primaryimage\"},\"thumbnailUrl\":\"https:\\\/\\\/informelitoral.com.ar\\\/%77%70%2d%63%6f%6e%74%65%6e%74\\\/uploads\\\/2023\\\/04\\\/cacho-garay.webp\",\"datePublished\":\"2023-04-21T12:52:52+00:00\",\"dateModified\":\"2023-04-22T01:32:55+00:00\",\"breadcrumb\":{\"@id\":\"https:\\\/\\\/informelitoral.com.ar\\\/cacho-garay-fue-imputado-por-abuso-sexual-y-le-dictaron-prision-domiciliaria\\\/#breadcrumb\"},\"inLanguage\":\"es\",\"potentialAction\":[{\"@type\":\"ReadAction\",\"target\":[\"https:\\\/\\\/informelitoral.com.ar\\\/cacho-garay-fue-imputado-por-abuso-sexual-y-le-dictaron-prision-domiciliaria\\\/\"]}]},{\"@type\":\"ImageObject\",\"inLanguage\":\"es\",\"@id\":\"https:\\\/\\\/informelitoral.com.ar\\\/cacho-garay-fue-imputado-por-abuso-sexual-y-le-dictaron-prision-domiciliaria\\\/#primaryimage\",\"url\":\"https:\\\/\\\/informelitoral.com.ar\\\/%77%70%2d%63%6f%6e%74%65%6e%74\\\/uploads\\\/2023\\\/04\\\/cacho-garay.webp\",\"contentUrl\":\"https:\\\/\\\/informelitoral.com.ar\\\/%77%70%2d%63%6f%6e%74%65%6e%74\\\/uploads\\\/2023\\\/04\\\/cacho-garay.webp\",\"width\":1335,\"height\":751},{\"@type\":\"BreadcrumbList\",\"@id\":\"https:\\\/\\\/informelitoral.com.ar\\\/cacho-garay-fue-imputado-por-abuso-sexual-y-le-dictaron-prision-domiciliaria\\\/#breadcrumb\",\"itemListElement\":[{\"@type\":\"ListItem\",\"position\":1,\"name\":\"Portada\",\"item\":\"https:\\\/\\\/informelitoral.com.ar\\\/\"},{\"@type\":\"ListItem\",\"position\":2,\"name\":\"Cacho Garay fue imputado por abuso sexual y le dictaron prisi\u00f3n domiciliaria\"}]},{\"@type\":\"WebSite\",\"@id\":\"https:\\\/\\\/informelitoral.com.ar\\\/#website\",\"url\":\"https:\\\/\\\/informelitoral.com.ar\\\/\",\"name\":\"Informe Litoral\",\"description\":\"&quot;Nos informamos&quot; \",\"publisher\":{\"@id\":\"https:\\\/\\\/informelitoral.com.ar\\\/#organization\"},\"potentialAction\":[{\"@type\":\"SearchAction\",\"target\":{\"@type\":\"EntryPoint\",\"urlTemplate\":\"https:\\\/\\\/informelitoral.com.ar\\\/?s={search_term_string}\"},\"query-input\":{\"@type\":\"PropertyValueSpecification\",\"valueRequired\":true,\"valueName\":\"search_term_string\"}}],\"inLanguage\":\"es\"},{\"@type\":\"Organization\",\"@id\":\"https:\\\/\\\/informelitoral.com.ar\\\/#organization\",\"name\":\"Informe Litoral\",\"url\":\"https:\\\/\\\/informelitoral.com.ar\\\/\",\"logo\":{\"@type\":\"ImageObject\",\"inLanguage\":\"es\",\"@id\":\"https:\\\/\\\/informelitoral.com.ar\\\/#\\\/schema\\\/logo\\\/image\\\/\",\"url\":\"https:\\\/\\\/informelitoral.com.ar\\\/%77%70%2d%63%6f%6e%74%65%6e%74\\\/uploads\\\/2021\\\/01\\\/circulo.png\",\"contentUrl\":\"https:\\\/\\\/informelitoral.com.ar\\\/%77%70%2d%63%6f%6e%74%65%6e%74\\\/uploads\\\/2021\\\/01\\\/circulo.png\",\"width\":723,\"height\":731,\"caption\":\"Informe Litoral\"},\"image\":{\"@id\":\"https:\\\/\\\/informelitoral.com.ar\\\/#\\\/schema\\\/logo\\\/image\\\/\"},\"sameAs\":[\"https:\\\/\\\/www.facebook.com\\\/informelitoral\\\/\",\"https:\\\/\\\/x.com\\\/InformeLitoral\",\"https:\\\/\\\/www.instagram.com\\\/informelitoral\\\/\",\"https:\\\/\\\/www.youtube.com\\\/channel\\\/UCua4Qvz8Icb6MYqhoq9xLXw\"]},{\"@type\":\"Person\",\"@id\":\"https:\\\/\\\/informelitoral.com.ar\\\/#\\\/schema\\\/person\\\/f05f9f461677119578717524b127d6d5\",\"name\":\"Sebastian\",\"image\":{\"@type\":\"ImageObject\",\"inLanguage\":\"es\",\"@id\":\"https:\\\/\\\/secure.gravatar.com\\\/avatar\\\/b71bf7481d447dfb9583c7f2798e7cc64de6efb9067b74633ed8c31059a3bd82?s=96&d=mm&r=g\",\"url\":\"https:\\\/\\\/secure.gravatar.com\\\/avatar\\\/b71bf7481d447dfb9583c7f2798e7cc64de6efb9067b74633ed8c31059a3bd82?s=96&d=mm&r=g\",\"contentUrl\":\"https:\\\/\\\/secure.gravatar.com\\\/avatar\\\/b71bf7481d447dfb9583c7f2798e7cc64de6efb9067b74633ed8c31059a3bd82?s=96&d=mm&r=g\",\"caption\":\"Sebastian\"},\"url\":\"https:\\\/\\\/informelitoral.com.ar\\\/author\\\/sebastian\\\/\"}]}<\/script>","yoast_head_json":{"title":"Cacho Garay fue imputado por abuso sexual y le dictaron prisi\u00f3n domiciliaria - Informe Litoral","robots":{"index":"index","follow":"follow","max-snippet":"max-snippet:-1","max-image-preview":"max-image-preview:large","max-video-preview":"max-video-preview:-1"},"canonical":"https:\/\/informelitoral.com.ar\/cacho-garay-fue-imputado-por-abuso-sexual-y-le-dictaron-prision-domiciliaria\/","og_locale":"es_ES","og_type":"article","og_title":"Cacho Garay fue imputado por abuso sexual y le dictaron prisi\u00f3n domiciliaria - Informe Litoral","og_description":"La ampliaci\u00f3n de imputaci\u00f3n se dio por el delito de abuso sexual con acceso carnal reiterado y privaci\u00f3n de la libertad agravada. El humorista ya hab\u00eda sido imputado por tenencia ilegal de arma y amenazas","og_url":"https:\/\/informelitoral.com.ar\/cacho-garay-fue-imputado-por-abuso-sexual-y-le-dictaron-prision-domiciliaria\/","og_site_name":"Informe Litoral","article_publisher":"https:\/\/www.facebook.com\/informelitoral\/","article_published_time":"2023-04-21T12:52:52+00:00","article_modified_time":"2023-04-22T01:32:55+00:00","og_image":[{"width":1335,"height":751,"url":"https:\/\/informelitoral.com.ar\/%77%70%2d%63%6f%6e%74%65%6e%74\/uploads\/2023\/04\/cacho-garay.webp","type":"image\/webp"}],"author":"Sebastian","twitter_card":"summary_large_image","twitter_creator":"@InformeLitoral","twitter_site":"@InformeLitoral","twitter_misc":{"Escrito por":"Sebastian","Tiempo de lectura":"3 minutos"},"schema":{"@context":"https:\/\/schema.org","@graph":[{"@type":"Article","@id":"https:\/\/informelitoral.com.ar\/cacho-garay-fue-imputado-por-abuso-sexual-y-le-dictaron-prision-domiciliaria\/#article","isPartOf":{"@id":"https:\/\/informelitoral.com.ar\/cacho-garay-fue-imputado-por-abuso-sexual-y-le-dictaron-prision-domiciliaria\/"},"author":{"name":"Sebastian","@id":"https:\/\/informelitoral.com.ar\/#\/schema\/person\/f05f9f461677119578717524b127d6d5"},"headline":"Cacho Garay fue imputado por abuso sexual y le dictaron prisi\u00f3n domiciliaria","datePublished":"2023-04-21T12:52:52+00:00","dateModified":"2023-04-22T01:32:55+00:00","mainEntityOfPage":{"@id":"https:\/\/informelitoral.com.ar\/cacho-garay-fue-imputado-por-abuso-sexual-y-le-dictaron-prision-domiciliaria\/"},"wordCount":598,"commentCount":0,"publisher":{"@id":"https:\/\/informelitoral.com.ar\/#organization"},"image":{"@id":"https:\/\/informelitoral.com.ar\/cacho-garay-fue-imputado-por-abuso-sexual-y-le-dictaron-prision-domiciliaria\/#primaryimage"},"thumbnailUrl":"https:\/\/informelitoral.com.ar\/%77%70%2d%63%6f%6e%74%65%6e%74\/uploads\/2023\/04\/cacho-garay.webp","articleSection":["Espect\u00e1culos"],"inLanguage":"es","potentialAction":[{"@type":"CommentAction","name":"Comment","target":["https:\/\/informelitoral.com.ar\/cacho-garay-fue-imputado-por-abuso-sexual-y-le-dictaron-prision-domiciliaria\/#respond"]}]},{"@type":"WebPage","@id":"https:\/\/informelitoral.com.ar\/cacho-garay-fue-imputado-por-abuso-sexual-y-le-dictaron-prision-domiciliaria\/","url":"https:\/\/informelitoral.com.ar\/cacho-garay-fue-imputado-por-abuso-sexual-y-le-dictaron-prision-domiciliaria\/","name":"Cacho Garay fue imputado por abuso sexual y le dictaron prisi\u00f3n domiciliaria - Informe Litoral","isPartOf":{"@id":"https:\/\/informelitoral.com.ar\/#website"},"primaryImageOfPage":{"@id":"https:\/\/informelitoral.com.ar\/cacho-garay-fue-imputado-por-abuso-sexual-y-le-dictaron-prision-domiciliaria\/#primaryimage"},"image":{"@id":"https:\/\/informelitoral.com.ar\/cacho-garay-fue-imputado-por-abuso-sexual-y-le-dictaron-prision-domiciliaria\/#primaryimage"},"thumbnailUrl":"https:\/\/informelitoral.com.ar\/%77%70%2d%63%6f%6e%74%65%6e%74\/uploads\/2023\/04\/cacho-garay.webp","datePublished":"2023-04-21T12:52:52+00:00","dateModified":"2023-04-22T01:32:55+00:00","breadcrumb":{"@id":"https:\/\/informelitoral.com.ar\/cacho-garay-fue-imputado-por-abuso-sexual-y-le-dictaron-prision-domiciliaria\/#breadcrumb"},"inLanguage":"es","potentialAction":[{"@type":"ReadAction","target":["https:\/\/informelitoral.com.ar\/cacho-garay-fue-imputado-por-abuso-sexual-y-le-dictaron-prision-domiciliaria\/"]}]},{"@type":"ImageObject","inLanguage":"es","@id":"https:\/\/informelitoral.com.ar\/cacho-garay-fue-imputado-por-abuso-sexual-y-le-dictaron-prision-domiciliaria\/#primaryimage","url":"https:\/\/informelitoral.com.ar\/%77%70%2d%63%6f%6e%74%65%6e%74\/uploads\/2023\/04\/cacho-garay.webp","contentUrl":"https:\/\/informelitoral.com.ar\/%77%70%2d%63%6f%6e%74%65%6e%74\/uploads\/2023\/04\/cacho-garay.webp","width":1335,"height":751},{"@type":"BreadcrumbList","@id":"https:\/\/informelitoral.com.ar\/cacho-garay-fue-imputado-por-abuso-sexual-y-le-dictaron-prision-domiciliaria\/#breadcrumb","itemListElement":[{"@type":"ListItem","position":1,"name":"Portada","item":"https:\/\/informelitoral.com.ar\/"},{"@type":"ListItem","position":2,"name":"Cacho Garay fue imputado por abuso sexual y le dictaron prisi\u00f3n domiciliaria"}]},{"@type":"WebSite","@id":"https:\/\/informelitoral.com.ar\/#website","url":"https:\/\/informelitoral.com.ar\/","name":"Informe Litoral","description":"&quot;Nos informamos&quot; ","publisher":{"@id":"https:\/\/informelitoral.com.ar\/#organization"},"potentialAction":[{"@type":"SearchAction","target":{"@type":"EntryPoint","urlTemplate":"https:\/\/informelitoral.com.ar\/?s={search_term_string}"},"query-input":{"@type":"PropertyValueSpecification","valueRequired":true,"valueName":"search_term_string"}}],"inLanguage":"es"},{"@type":"Organization","@id":"https:\/\/informelitoral.com.ar\/#organization","name":"Informe Litoral","url":"https:\/\/informelitoral.com.ar\/","logo":{"@type":"ImageObject","inLanguage":"es","@id":"https:\/\/informelitoral.com.ar\/#\/schema\/logo\/image\/","url":"https:\/\/informelitoral.com.ar\/%77%70%2d%63%6f%6e%74%65%6e%74\/uploads\/2021\/01\/circulo.png","contentUrl":"https:\/\/informelitoral.com.ar\/%77%70%2d%63%6f%6e%74%65%6e%74\/uploads\/2021\/01\/circulo.png","width":723,"height":731,"caption":"Informe Litoral"},"image":{"@id":"https:\/\/informelitoral.com.ar\/#\/schema\/logo\/image\/"},"sameAs":["https:\/\/www.facebook.com\/informelitoral\/","https:\/\/x.com\/InformeLitoral","https:\/\/www.instagram.com\/informelitoral\/","https:\/\/www.youtube.com\/channel\/UCua4Qvz8Icb6MYqhoq9xLXw"]},{"@type":"Person","@id":"https:\/\/informelitoral.com.ar\/#\/schema\/person\/f05f9f461677119578717524b127d6d5","name":"Sebastian","image":{"@type":"ImageObject","inLanguage":"es","@id":"https:\/\/secure.gravatar.com\/avatar\/b71bf7481d447dfb9583c7f2798e7cc64de6efb9067b74633ed8c31059a3bd82?s=96&d=mm&r=g","url":"https:\/\/secure.gravatar.com\/avatar\/b71bf7481d447dfb9583c7f2798e7cc64de6efb9067b74633ed8c31059a3bd82?s=96&d=mm&r=g","contentUrl":"https:\/\/secure.gravatar.com\/avatar\/b71bf7481d447dfb9583c7f2798e7cc64de6efb9067b74633ed8c31059a3bd82?s=96&d=mm&r=g","caption":"Sebastian"},"url":"https:\/\/informelitoral.com.ar\/author\/sebastian\/"}]}},"_links":{"self":[{"href":"https:\/\/informelitoral.com.ar\/%77%70%2d%6a%73%6f%6e\/wp\/v2\/posts\/141127","targetHints":{"allow":["GET"]}}],"collection":[{"href":"https:\/\/informelitoral.com.ar\/%77%70%2d%6a%73%6f%6e\/wp\/v2\/posts"}],"about":[{"href":"https:\/\/informelitoral.com.ar\/%77%70%2d%6a%73%6f%6e\/wp\/v2\/types\/post"}],"author":[{"embeddable":true,"href":"https:\/\/informelitoral.com.ar\/%77%70%2d%6a%73%6f%6e\/wp\/v2\/users\/8"}],"replies":[{"embeddable":true,"href":"https:\/\/informelitoral.com.ar\/%77%70%2d%6a%73%6f%6e\/wp\/v2\/comments?post=141127"}],"version-history":[{"count":0,"href":"https:\/\/informelitoral.com.ar\/%77%70%2d%6a%73%6f%6e\/wp\/v2\/posts\/141127\/revisions"}],"wp:featuredmedia":[{"embeddable":true,"href":"https:\/\/informelitoral.com.ar\/%77%70%2d%6a%73%6f%6e\/wp\/v2\/media\/141092"}],"wp:attachment":[{"href":"https:\/\/informelitoral.com.ar\/%77%70%2d%6a%73%6f%6e\/wp\/v2\/media?parent=141127"}],"wp:term":[{"taxonomy":"category","embeddable":true,"href":"https:\/\/informelitoral.com.ar\/%77%70%2d%6a%73%6f%6e\/wp\/v2\/categories?post=141127"},{"taxonomy":"post_tag","embeddable":true,"href":"https:\/\/informelitoral.com.ar\/%77%70%2d%6a%73%6f%6e\/wp\/v2\/tags?post=141127"}],"curies":[{"name":"wp","href":"https:\/\/api.w.org\/{rel}","templated":true}]}}