{"id":141028,"date":"2023-04-21T09:24:11","date_gmt":"2023-04-21T12:24:11","guid":{"rendered":"https:\/\/www.informelitoral.com.ar\/?p=141028"},"modified":"2023-04-21T22:39:15","modified_gmt":"2023-04-22T01:39:15","slug":"a-partir-del-1-de-mayo-se-eliminaran-la-totalidad-de-los-subsidios-para-los-hogares-de-mayores-ingresos","status":"publish","type":"post","link":"https:\/\/informelitoral.com.ar\/a-partir-del-1-de-mayo-se-eliminaran-la-totalidad-de-los-subsidios-para-los-hogares-de-mayores-ingresos\/","title":{"rendered":"A partir del 1\u00b0 de mayo se eliminar\u00e1n la totalidad de los subsidios para los hogares de mayores ingresos"},"content":{"rendered":"<p>La secretaria de Energ\u00eda, Flavia Roy\u00f3n, anunci\u00f3 hoy que a partir del 1\u00b0 de mayo se eliminar\u00e1 la totalidad de los subsidios para los hogares de mayores ingresos.<\/p>\n<p>La funcionaria explic\u00f3 que esta decisi\u00f3n significa un aumento en el costo de la energ\u00eda el\u00e9ctrica de 90%, que impacta en un alza de 60% en el valor de las facturas que se recibir\u00e1n desde junio.<\/p>\n<p>Tras la exposici\u00f3n en el Encuentro Idea Energ\u00eda 2023 que se realiza en Neuqu\u00e9n, Roy\u00f3n se\u00f1al\u00f3 que la implementaci\u00f3n de la medida se demor\u00f3 por el atraso en la inscripci\u00f3n en el registro correspondiente.<\/p>\n<p>La eliminaci\u00f3n de estos subsidios a los hogares de mayores ingresos era una de los compromisos firmados en la \u00faltima revisi\u00f3n del acuerdo con el FMI, con el objetivo de reducir el d\u00e9ficit fiscal.<\/p>\n<p>\u00abSolo nos referimos al costo de la energ\u00eda que es igual en todo el pa\u00eds, ese costo de la energ\u00eda para el sector de altos ingresos y el que no solicite el subsidio puede tener un incremento de entre el 90 y el 100%\u00bb, explic\u00f3 Roy\u00f3n. Se trata del grupo N1 que es de altos ingresos (superiores a 520.000 pesos) o aquellos que a\u00fan si superar esa suma optaron por no mantener el subsidio. Incluso en algunos casos hubo usuarios que rechazaron la posibilidad de mantener el servicio cuando desde el Banco Central se anunci\u00f3 que quienes se inscrib\u00edan al Registro de Acceso a los Subsidios a la Energ\u00eda (RASE) quedaban impedidos de comprar d\u00f3lares.<\/p>\n<p>A marzo en el segmento N1 se hab\u00edan procesado 5.385.522 de solicitudes; en el N2: 7.713.311 solicitudes y en N3: 2.818.497 solicitudes.<\/p>\n<p>Para aquellos usuarios que est\u00e1n en el nivel medio el incremento rondar\u00e1 entre el 15% o 50%.<\/p>\n<p>Para que la gente pueda saber en sus boletas est\u00e1 identificado cu\u00e1nto es subsidio del Estado, eso es lo que se le retirar\u00eda a partir del primero de mayo\u00bb<br \/>\nEn gas estaba fijado y las tarifas son las que en su momento se anunciaron y que se van a publicar la pr\u00f3xima semana\u00bb.<\/p>\n<p>Por otro lado la secretaria adelant\u00f3, ante un auditorio que son actores del sector energ\u00e9tico, que ma\u00f1ana elevar\u00e1 al ministro de Econom\u00eda, Sergio Massa, el proyecto de ley de GNL y el de hidr\u00f3geno verde. El proyecto es uno de los objetivos que Massa se comprometi\u00f3 a elevar al Congreso el a\u00f1o pasado, en su primer viaje a Washington donde comenz\u00f3 a sembrar la idea de Argentina como productor de energ\u00eda hacia el mundo.<\/p>\n<p>De hecho, en la ma\u00f1ana, en la entrevista con Marcos Bulgheroni CEO Pan American Energy Group con Sergio Massa, el ministro destac\u00f3 que Argentina dejar\u00e1 de ser deficitaria en materia energ\u00e9tica. Concepto que reforz\u00f3 m\u00e1s tarde Roy\u00f3n en otro mano a mano con Bulgheroni. cuando recalc\u00f3 que en 2024 la balanza energ\u00e9tica dejar\u00e1 un saldo positivo de entre 8.000 millones y 12.000 millones de d\u00f3lares.<\/p>\n","protected":false},"excerpt":{"rendered":"<p>La medida significa un alza del orden de 60% en el valor de las facturas que se recibir\u00e1n en junio.<\/p>\n","protected":false},"author":8,"featured_media":141021,"comment_status":"open","ping_status":"open","sticky":false,"template":"","format":"standard","meta":{"fifu_image_url":"","fifu_image_alt":"","footnotes":""},"categories":[1594,7],"tags":[627,3179,342],"class_list":{"0":"post-141028","1":"post","2":"type-post","3":"status-publish","4":"format-standard","5":"has-post-thumbnail","7":"category-economia","8":"category-nacionales","9":"tag-energia-electrica","10":"tag-subsidios","11":"tag-tarifa-electrica"},"yoast_head":"<title>A partir del 1\u00b0 de mayo se eliminar\u00e1n la totalidad de los subsidios para los hogares de mayores ingresos - Informe Litoral<\/title>\n<meta name=\"robots\" content=\"index, follow, max-snippet:-1, max-image-preview:large, max-video-preview:-1\" \/>\n<link rel=\"canonical\" href=\"https:\/\/informelitoral.com.ar\/a-partir-del-1-de-mayo-se-eliminaran-la-totalidad-de-los-subsidios-para-los-hogares-de-mayores-ingresos\/\" \/>\n<meta property=\"og:locale\" content=\"es_ES\" \/>\n<meta property=\"og:type\" content=\"article\" \/>\n<meta property=\"og:title\" content=\"A partir del 1\u00b0 de mayo se eliminar\u00e1n la totalidad de los subsidios para los hogares de mayores ingresos - Informe Litoral\" \/>\n<meta property=\"og:description\" content=\"La medida significa un alza del orden de 60% en el valor de las facturas que se recibir\u00e1n en junio.\" \/>\n<meta property=\"og:url\" content=\"https:\/\/informelitoral.com.ar\/a-partir-del-1-de-mayo-se-eliminaran-la-totalidad-de-los-subsidios-para-los-hogares-de-mayores-ingresos\/\" \/>\n<meta property=\"og:site_name\" content=\"Informe Litoral\" \/>\n<meta property=\"article:publisher\" content=\"https:\/\/www.facebook.com\/informelitoral\/\" \/>\n<meta property=\"article:published_time\" content=\"2023-04-21T12:24:11+00:00\" \/>\n<meta property=\"article:modified_time\" content=\"2023-04-22T01:39:15+00:00\" \/>\n<meta property=\"og:image\" content=\"https:\/\/informelitoral.com.ar\/%77%70%2d%63%6f%6e%74%65%6e%74\/uploads\/2023\/04\/bombilla-luz-electricidad-factura-recibo.jpeg\" \/>\n\t<meta property=\"og:image:width\" content=\"606\" \/>\n\t<meta property=\"og:image:height\" content=\"387\" \/>\n\t<meta property=\"og:image:type\" content=\"image\/jpeg\" \/>\n<meta name=\"author\" content=\"Sebastian\" \/>\n<meta name=\"twitter:card\" content=\"summary_large_image\" \/>\n<meta name=\"twitter:creator\" content=\"@InformeLitoral\" \/>\n<meta name=\"twitter:site\" content=\"@InformeLitoral\" \/>\n<meta name=\"twitter:label1\" content=\"Escrito por\" \/>\n\t<meta name=\"twitter:data1\" content=\"Sebastian\" \/>\n\t<meta name=\"twitter:label2\" content=\"Tiempo de lectura\" \/>\n\t<meta name=\"twitter:data2\" content=\"3 minutos\" \/>\n<script type=\"application\/ld+json\" class=\"yoast-schema-graph\">{\"@context\":\"https:\\\/\\\/schema.org\",\"@graph\":[{\"@type\":\"Article\",\"@id\":\"https:\\\/\\\/informelitoral.com.ar\\\/a-partir-del-1-de-mayo-se-eliminaran-la-totalidad-de-los-subsidios-para-los-hogares-de-mayores-ingresos\\\/#article\",\"isPartOf\":{\"@id\":\"https:\\\/\\\/informelitoral.com.ar\\\/a-partir-del-1-de-mayo-se-eliminaran-la-totalidad-de-los-subsidios-para-los-hogares-de-mayores-ingresos\\\/\"},\"author\":{\"name\":\"Sebastian\",\"@id\":\"https:\\\/\\\/informelitoral.com.ar\\\/#\\\/schema\\\/person\\\/f05f9f461677119578717524b127d6d5\"},\"headline\":\"A partir del 1\u00b0 de mayo se eliminar\u00e1n la totalidad de los subsidios para los hogares de mayores ingresos\",\"datePublished\":\"2023-04-21T12:24:11+00:00\",\"dateModified\":\"2023-04-22T01:39:15+00:00\",\"mainEntityOfPage\":{\"@id\":\"https:\\\/\\\/informelitoral.com.ar\\\/a-partir-del-1-de-mayo-se-eliminaran-la-totalidad-de-los-subsidios-para-los-hogares-de-mayores-ingresos\\\/\"},\"wordCount\":523,\"commentCount\":0,\"publisher\":{\"@id\":\"https:\\\/\\\/informelitoral.com.ar\\\/#organization\"},\"image\":{\"@id\":\"https:\\\/\\\/informelitoral.com.ar\\\/a-partir-del-1-de-mayo-se-eliminaran-la-totalidad-de-los-subsidios-para-los-hogares-de-mayores-ingresos\\\/#primaryimage\"},\"thumbnailUrl\":\"https:\\\/\\\/informelitoral.com.ar\\\/%77%70%2d%63%6f%6e%74%65%6e%74\\\/uploads\\\/2023\\\/04\\\/bombilla-luz-electricidad-factura-recibo.jpeg\",\"keywords\":[\"Energ\u00eda el\u00e9ctrica\",\"subsidios\",\"Tarifa el\u00e9ctrica\"],\"articleSection\":[\"Econom\u00eda\",\"Nacionales\"],\"inLanguage\":\"es\",\"potentialAction\":[{\"@type\":\"CommentAction\",\"name\":\"Comment\",\"target\":[\"https:\\\/\\\/informelitoral.com.ar\\\/a-partir-del-1-de-mayo-se-eliminaran-la-totalidad-de-los-subsidios-para-los-hogares-de-mayores-ingresos\\\/#respond\"]}]},{\"@type\":\"WebPage\",\"@id\":\"https:\\\/\\\/informelitoral.com.ar\\\/a-partir-del-1-de-mayo-se-eliminaran-la-totalidad-de-los-subsidios-para-los-hogares-de-mayores-ingresos\\\/\",\"url\":\"https:\\\/\\\/informelitoral.com.ar\\\/a-partir-del-1-de-mayo-se-eliminaran-la-totalidad-de-los-subsidios-para-los-hogares-de-mayores-ingresos\\\/\",\"name\":\"A partir del 1\u00b0 de mayo se eliminar\u00e1n la totalidad de los subsidios para los hogares de mayores ingresos - Informe Litoral\",\"isPartOf\":{\"@id\":\"https:\\\/\\\/informelitoral.com.ar\\\/#website\"},\"primaryImageOfPage\":{\"@id\":\"https:\\\/\\\/informelitoral.com.ar\\\/a-partir-del-1-de-mayo-se-eliminaran-la-totalidad-de-los-subsidios-para-los-hogares-de-mayores-ingresos\\\/#primaryimage\"},\"image\":{\"@id\":\"https:\\\/\\\/informelitoral.com.ar\\\/a-partir-del-1-de-mayo-se-eliminaran-la-totalidad-de-los-subsidios-para-los-hogares-de-mayores-ingresos\\\/#primaryimage\"},\"thumbnailUrl\":\"https:\\\/\\\/informelitoral.com.ar\\\/%77%70%2d%63%6f%6e%74%65%6e%74\\\/uploads\\\/2023\\\/04\\\/bombilla-luz-electricidad-factura-recibo.jpeg\",\"datePublished\":\"2023-04-21T12:24:11+00:00\",\"dateModified\":\"2023-04-22T01:39:15+00:00\",\"breadcrumb\":{\"@id\":\"https:\\\/\\\/informelitoral.com.ar\\\/a-partir-del-1-de-mayo-se-eliminaran-la-totalidad-de-los-subsidios-para-los-hogares-de-mayores-ingresos\\\/#breadcrumb\"},\"inLanguage\":\"es\",\"potentialAction\":[{\"@type\":\"ReadAction\",\"target\":[\"https:\\\/\\\/informelitoral.com.ar\\\/a-partir-del-1-de-mayo-se-eliminaran-la-totalidad-de-los-subsidios-para-los-hogares-de-mayores-ingresos\\\/\"]}]},{\"@type\":\"ImageObject\",\"inLanguage\":\"es\",\"@id\":\"https:\\\/\\\/informelitoral.com.ar\\\/a-partir-del-1-de-mayo-se-eliminaran-la-totalidad-de-los-subsidios-para-los-hogares-de-mayores-ingresos\\\/#primaryimage\",\"url\":\"https:\\\/\\\/informelitoral.com.ar\\\/%77%70%2d%63%6f%6e%74%65%6e%74\\\/uploads\\\/2023\\\/04\\\/bombilla-luz-electricidad-factura-recibo.jpeg\",\"contentUrl\":\"https:\\\/\\\/informelitoral.com.ar\\\/%77%70%2d%63%6f%6e%74%65%6e%74\\\/uploads\\\/2023\\\/04\\\/bombilla-luz-electricidad-factura-recibo.jpeg\",\"width\":606,\"height\":387},{\"@type\":\"BreadcrumbList\",\"@id\":\"https:\\\/\\\/informelitoral.com.ar\\\/a-partir-del-1-de-mayo-se-eliminaran-la-totalidad-de-los-subsidios-para-los-hogares-de-mayores-ingresos\\\/#breadcrumb\",\"itemListElement\":[{\"@type\":\"ListItem\",\"position\":1,\"name\":\"Portada\",\"item\":\"https:\\\/\\\/informelitoral.com.ar\\\/\"},{\"@type\":\"ListItem\",\"position\":2,\"name\":\"A partir del 1\u00b0 de mayo se eliminar\u00e1n la totalidad de los subsidios para los hogares de mayores ingresos\"}]},{\"@type\":\"WebSite\",\"@id\":\"https:\\\/\\\/informelitoral.com.ar\\\/#website\",\"url\":\"https:\\\/\\\/informelitoral.com.ar\\\/\",\"name\":\"Informe Litoral\",\"description\":\"&quot;Nos informamos&quot; \",\"publisher\":{\"@id\":\"https:\\\/\\\/informelitoral.com.ar\\\/#organization\"},\"potentialAction\":[{\"@type\":\"SearchAction\",\"target\":{\"@type\":\"EntryPoint\",\"urlTemplate\":\"https:\\\/\\\/informelitoral.com.ar\\\/?s={search_term_string}\"},\"query-input\":{\"@type\":\"PropertyValueSpecification\",\"valueRequired\":true,\"valueName\":\"search_term_string\"}}],\"inLanguage\":\"es\"},{\"@type\":\"Organization\",\"@id\":\"https:\\\/\\\/informelitoral.com.ar\\\/#organization\",\"name\":\"Informe Litoral\",\"url\":\"https:\\\/\\\/informelitoral.com.ar\\\/\",\"logo\":{\"@type\":\"ImageObject\",\"inLanguage\":\"es\",\"@id\":\"https:\\\/\\\/informelitoral.com.ar\\\/#\\\/schema\\\/logo\\\/image\\\/\",\"url\":\"https:\\\/\\\/informelitoral.com.ar\\\/%77%70%2d%63%6f%6e%74%65%6e%74\\\/uploads\\\/2021\\\/01\\\/circulo.png\",\"contentUrl\":\"https:\\\/\\\/informelitoral.com.ar\\\/%77%70%2d%63%6f%6e%74%65%6e%74\\\/uploads\\\/2021\\\/01\\\/circulo.png\",\"width\":723,\"height\":731,\"caption\":\"Informe Litoral\"},\"image\":{\"@id\":\"https:\\\/\\\/informelitoral.com.ar\\\/#\\\/schema\\\/logo\\\/image\\\/\"},\"sameAs\":[\"https:\\\/\\\/www.facebook.com\\\/informelitoral\\\/\",\"https:\\\/\\\/x.com\\\/InformeLitoral\",\"https:\\\/\\\/www.instagram.com\\\/informelitoral\\\/\",\"https:\\\/\\\/www.youtube.com\\\/channel\\\/UCua4Qvz8Icb6MYqhoq9xLXw\"]},{\"@type\":\"Person\",\"@id\":\"https:\\\/\\\/informelitoral.com.ar\\\/#\\\/schema\\\/person\\\/f05f9f461677119578717524b127d6d5\",\"name\":\"Sebastian\",\"image\":{\"@type\":\"ImageObject\",\"inLanguage\":\"es\",\"@id\":\"https:\\\/\\\/secure.gravatar.com\\\/avatar\\\/b71bf7481d447dfb9583c7f2798e7cc64de6efb9067b74633ed8c31059a3bd82?s=96&d=mm&r=g\",\"url\":\"https:\\\/\\\/secure.gravatar.com\\\/avatar\\\/b71bf7481d447dfb9583c7f2798e7cc64de6efb9067b74633ed8c31059a3bd82?s=96&d=mm&r=g\",\"contentUrl\":\"https:\\\/\\\/secure.gravatar.com\\\/avatar\\\/b71bf7481d447dfb9583c7f2798e7cc64de6efb9067b74633ed8c31059a3bd82?s=96&d=mm&r=g\",\"caption\":\"Sebastian\"},\"url\":\"https:\\\/\\\/informelitoral.com.ar\\\/author\\\/sebastian\\\/\"}]}<\/script>","yoast_head_json":{"title":"A partir del 1\u00b0 de mayo se eliminar\u00e1n la totalidad de los subsidios para los hogares de mayores ingresos - Informe Litoral","robots":{"index":"index","follow":"follow","max-snippet":"max-snippet:-1","max-image-preview":"max-image-preview:large","max-video-preview":"max-video-preview:-1"},"canonical":"https:\/\/informelitoral.com.ar\/a-partir-del-1-de-mayo-se-eliminaran-la-totalidad-de-los-subsidios-para-los-hogares-de-mayores-ingresos\/","og_locale":"es_ES","og_type":"article","og_title":"A partir del 1\u00b0 de mayo se eliminar\u00e1n la totalidad de los subsidios para los hogares de mayores ingresos - Informe Litoral","og_description":"La medida significa un alza del orden de 60% en el valor de las facturas que se recibir\u00e1n en junio.","og_url":"https:\/\/informelitoral.com.ar\/a-partir-del-1-de-mayo-se-eliminaran-la-totalidad-de-los-subsidios-para-los-hogares-de-mayores-ingresos\/","og_site_name":"Informe Litoral","article_publisher":"https:\/\/www.facebook.com\/informelitoral\/","article_published_time":"2023-04-21T12:24:11+00:00","article_modified_time":"2023-04-22T01:39:15+00:00","og_image":[{"width":606,"height":387,"url":"https:\/\/informelitoral.com.ar\/%77%70%2d%63%6f%6e%74%65%6e%74\/uploads\/2023\/04\/bombilla-luz-electricidad-factura-recibo.jpeg","type":"image\/jpeg"}],"author":"Sebastian","twitter_card":"summary_large_image","twitter_creator":"@InformeLitoral","twitter_site":"@InformeLitoral","twitter_misc":{"Escrito por":"Sebastian","Tiempo de lectura":"3 minutos"},"schema":{"@context":"https:\/\/schema.org","@graph":[{"@type":"Article","@id":"https:\/\/informelitoral.com.ar\/a-partir-del-1-de-mayo-se-eliminaran-la-totalidad-de-los-subsidios-para-los-hogares-de-mayores-ingresos\/#article","isPartOf":{"@id":"https:\/\/informelitoral.com.ar\/a-partir-del-1-de-mayo-se-eliminaran-la-totalidad-de-los-subsidios-para-los-hogares-de-mayores-ingresos\/"},"author":{"name":"Sebastian","@id":"https:\/\/informelitoral.com.ar\/#\/schema\/person\/f05f9f461677119578717524b127d6d5"},"headline":"A partir del 1\u00b0 de mayo se eliminar\u00e1n la totalidad de los subsidios para los hogares de mayores ingresos","datePublished":"2023-04-21T12:24:11+00:00","dateModified":"2023-04-22T01:39:15+00:00","mainEntityOfPage":{"@id":"https:\/\/informelitoral.com.ar\/a-partir-del-1-de-mayo-se-eliminaran-la-totalidad-de-los-subsidios-para-los-hogares-de-mayores-ingresos\/"},"wordCount":523,"commentCount":0,"publisher":{"@id":"https:\/\/informelitoral.com.ar\/#organization"},"image":{"@id":"https:\/\/informelitoral.com.ar\/a-partir-del-1-de-mayo-se-eliminaran-la-totalidad-de-los-subsidios-para-los-hogares-de-mayores-ingresos\/#primaryimage"},"thumbnailUrl":"https:\/\/informelitoral.com.ar\/%77%70%2d%63%6f%6e%74%65%6e%74\/uploads\/2023\/04\/bombilla-luz-electricidad-factura-recibo.jpeg","keywords":["Energ\u00eda el\u00e9ctrica","subsidios","Tarifa el\u00e9ctrica"],"articleSection":["Econom\u00eda","Nacionales"],"inLanguage":"es","potentialAction":[{"@type":"CommentAction","name":"Comment","target":["https:\/\/informelitoral.com.ar\/a-partir-del-1-de-mayo-se-eliminaran-la-totalidad-de-los-subsidios-para-los-hogares-de-mayores-ingresos\/#respond"]}]},{"@type":"WebPage","@id":"https:\/\/informelitoral.com.ar\/a-partir-del-1-de-mayo-se-eliminaran-la-totalidad-de-los-subsidios-para-los-hogares-de-mayores-ingresos\/","url":"https:\/\/informelitoral.com.ar\/a-partir-del-1-de-mayo-se-eliminaran-la-totalidad-de-los-subsidios-para-los-hogares-de-mayores-ingresos\/","name":"A partir del 1\u00b0 de mayo se eliminar\u00e1n la totalidad de los subsidios para los hogares de mayores ingresos - Informe Litoral","isPartOf":{"@id":"https:\/\/informelitoral.com.ar\/#website"},"primaryImageOfPage":{"@id":"https:\/\/informelitoral.com.ar\/a-partir-del-1-de-mayo-se-eliminaran-la-totalidad-de-los-subsidios-para-los-hogares-de-mayores-ingresos\/#primaryimage"},"image":{"@id":"https:\/\/informelitoral.com.ar\/a-partir-del-1-de-mayo-se-eliminaran-la-totalidad-de-los-subsidios-para-los-hogares-de-mayores-ingresos\/#primaryimage"},"thumbnailUrl":"https:\/\/informelitoral.com.ar\/%77%70%2d%63%6f%6e%74%65%6e%74\/uploads\/2023\/04\/bombilla-luz-electricidad-factura-recibo.jpeg","datePublished":"2023-04-21T12:24:11+00:00","dateModified":"2023-04-22T01:39:15+00:00","breadcrumb":{"@id":"https:\/\/informelitoral.com.ar\/a-partir-del-1-de-mayo-se-eliminaran-la-totalidad-de-los-subsidios-para-los-hogares-de-mayores-ingresos\/#breadcrumb"},"inLanguage":"es","potentialAction":[{"@type":"ReadAction","target":["https:\/\/informelitoral.com.ar\/a-partir-del-1-de-mayo-se-eliminaran-la-totalidad-de-los-subsidios-para-los-hogares-de-mayores-ingresos\/"]}]},{"@type":"ImageObject","inLanguage":"es","@id":"https:\/\/informelitoral.com.ar\/a-partir-del-1-de-mayo-se-eliminaran-la-totalidad-de-los-subsidios-para-los-hogares-de-mayores-ingresos\/#primaryimage","url":"https:\/\/informelitoral.com.ar\/%77%70%2d%63%6f%6e%74%65%6e%74\/uploads\/2023\/04\/bombilla-luz-electricidad-factura-recibo.jpeg","contentUrl":"https:\/\/informelitoral.com.ar\/%77%70%2d%63%6f%6e%74%65%6e%74\/uploads\/2023\/04\/bombilla-luz-electricidad-factura-recibo.jpeg","width":606,"height":387},{"@type":"BreadcrumbList","@id":"https:\/\/informelitoral.com.ar\/a-partir-del-1-de-mayo-se-eliminaran-la-totalidad-de-los-subsidios-para-los-hogares-de-mayores-ingresos\/#breadcrumb","itemListElement":[{"@type":"ListItem","position":1,"name":"Portada","item":"https:\/\/informelitoral.com.ar\/"},{"@type":"ListItem","position":2,"name":"A partir del 1\u00b0 de mayo se eliminar\u00e1n la totalidad de los subsidios para los hogares de mayores ingresos"}]},{"@type":"WebSite","@id":"https:\/\/informelitoral.com.ar\/#website","url":"https:\/\/informelitoral.com.ar\/","name":"Informe Litoral","description":"&quot;Nos informamos&quot; ","publisher":{"@id":"https:\/\/informelitoral.com.ar\/#organization"},"potentialAction":[{"@type":"SearchAction","target":{"@type":"EntryPoint","urlTemplate":"https:\/\/informelitoral.com.ar\/?s={search_term_string}"},"query-input":{"@type":"PropertyValueSpecification","valueRequired":true,"valueName":"search_term_string"}}],"inLanguage":"es"},{"@type":"Organization","@id":"https:\/\/informelitoral.com.ar\/#organization","name":"Informe Litoral","url":"https:\/\/informelitoral.com.ar\/","logo":{"@type":"ImageObject","inLanguage":"es","@id":"https:\/\/informelitoral.com.ar\/#\/schema\/logo\/image\/","url":"https:\/\/informelitoral.com.ar\/%77%70%2d%63%6f%6e%74%65%6e%74\/uploads\/2021\/01\/circulo.png","contentUrl":"https:\/\/informelitoral.com.ar\/%77%70%2d%63%6f%6e%74%65%6e%74\/uploads\/2021\/01\/circulo.png","width":723,"height":731,"caption":"Informe Litoral"},"image":{"@id":"https:\/\/informelitoral.com.ar\/#\/schema\/logo\/image\/"},"sameAs":["https:\/\/www.facebook.com\/informelitoral\/","https:\/\/x.com\/InformeLitoral","https:\/\/www.instagram.com\/informelitoral\/","https:\/\/www.youtube.com\/channel\/UCua4Qvz8Icb6MYqhoq9xLXw"]},{"@type":"Person","@id":"https:\/\/informelitoral.com.ar\/#\/schema\/person\/f05f9f461677119578717524b127d6d5","name":"Sebastian","image":{"@type":"ImageObject","inLanguage":"es","@id":"https:\/\/secure.gravatar.com\/avatar\/b71bf7481d447dfb9583c7f2798e7cc64de6efb9067b74633ed8c31059a3bd82?s=96&d=mm&r=g","url":"https:\/\/secure.gravatar.com\/avatar\/b71bf7481d447dfb9583c7f2798e7cc64de6efb9067b74633ed8c31059a3bd82?s=96&d=mm&r=g","contentUrl":"https:\/\/secure.gravatar.com\/avatar\/b71bf7481d447dfb9583c7f2798e7cc64de6efb9067b74633ed8c31059a3bd82?s=96&d=mm&r=g","caption":"Sebastian"},"url":"https:\/\/informelitoral.com.ar\/author\/sebastian\/"}]}},"_links":{"self":[{"href":"https:\/\/informelitoral.com.ar\/%77%70%2d%6a%73%6f%6e\/wp\/v2\/posts\/141028","targetHints":{"allow":["GET"]}}],"collection":[{"href":"https:\/\/informelitoral.com.ar\/%77%70%2d%6a%73%6f%6e\/wp\/v2\/posts"}],"about":[{"href":"https:\/\/informelitoral.com.ar\/%77%70%2d%6a%73%6f%6e\/wp\/v2\/types\/post"}],"author":[{"embeddable":true,"href":"https:\/\/informelitoral.com.ar\/%77%70%2d%6a%73%6f%6e\/wp\/v2\/users\/8"}],"replies":[{"embeddable":true,"href":"https:\/\/informelitoral.com.ar\/%77%70%2d%6a%73%6f%6e\/wp\/v2\/comments?post=141028"}],"version-history":[{"count":0,"href":"https:\/\/informelitoral.com.ar\/%77%70%2d%6a%73%6f%6e\/wp\/v2\/posts\/141028\/revisions"}],"wp:featuredmedia":[{"embeddable":true,"href":"https:\/\/informelitoral.com.ar\/%77%70%2d%6a%73%6f%6e\/wp\/v2\/media\/141021"}],"wp:attachment":[{"href":"https:\/\/informelitoral.com.ar\/%77%70%2d%6a%73%6f%6e\/wp\/v2\/media?parent=141028"}],"wp:term":[{"taxonomy":"category","embeddable":true,"href":"https:\/\/informelitoral.com.ar\/%77%70%2d%6a%73%6f%6e\/wp\/v2\/categories?post=141028"},{"taxonomy":"post_tag","embeddable":true,"href":"https:\/\/informelitoral.com.ar\/%77%70%2d%6a%73%6f%6e\/wp\/v2\/tags?post=141028"}],"curies":[{"name":"wp","href":"https:\/\/api.w.org\/{rel}","templated":true}]}}