{"id":1397,"date":"2013-04-29T15:32:37","date_gmt":"2013-04-29T18:32:37","guid":{"rendered":"http:\/\/www.isletasnoticias.com.ar\/?p=1397"},"modified":"2013-04-29T15:37:59","modified_gmt":"2013-04-29T18:37:59","slug":"dia-del-animal-un-buen-dia-para-empezar-a-cuidarlos-y-respetarlos","status":"publish","type":"post","link":"https:\/\/informelitoral.com.ar\/dia-del-animal-un-buen-dia-para-empezar-a-cuidarlos-y-respetarlos\/","title":{"rendered":"D\u00eda del animal: un buen momento para empezar a cuidarlos y respetarlos"},"content":{"rendered":"<p><strong>\u00a0 Hoy es necesario recordar que las mascotas y el resto de los animales,\u00a0son seres especiales\u00a0y que deben ser tratados con los mismos derechos.<\/strong><\/p>\n<p><img loading=\"lazy\" decoding=\"async\" class=\"size-medium wp-image-1398 alignright\" title=\"Un buen d\u00eda para adoptar un animal de la calle\" alt=\"perros\" src=\"http:\/\/www.isletasnoticias.com.ar\/%77%70%2d%63%6f%6e%74%65%6e%74\/uploads\/2013\/04\/perros-300x205.jpg\" width=\"300\" height=\"205\" srcset=\"https:\/\/informelitoral.com.ar\/%77%70%2d%63%6f%6e%74%65%6e%74\/uploads\/2013\/04\/perros-300x205.jpg 300w, https:\/\/informelitoral.com.ar\/%77%70%2d%63%6f%6e%74%65%6e%74\/uploads\/2013\/04\/perros.jpg 550w\" sizes=\"auto, (max-width: 300px) 100vw, 300px\" \/><\/p>\n<p>Hoy, 29 de abril, se celebra en nuestro pa\u00eds el\u00a0<strong>D\u00eda del Animal\u00a0<\/strong>y es una buena fecha para acordarse que\u00a0<strong>debemos cuidarlos, apreciarlos y respetarlos<\/strong>.<\/p>\n<p>Dentro del marco de la conmemoraci\u00f3n se dio a conocer una encuesta que se\u00f1ala que\u00a0<strong>en Argentina el 67% de los hogares conviven con una mascota<\/strong>, lo que significa que 8<strong>\u00a0millones de perros poseen un techo\u00a0<\/strong>y est\u00e1n bajo el cuidado de una familia o adulto responsable.<\/p>\n<p>La asociaci\u00f3n APEMA (Acci\u00f3n Para Erradicar el Maltrato Animal), lanz\u00f3 un programa enfocado en desarrollar\u00a0<strong>una cultura de tenencia responsable de mascotas y mejorar la calidad de vida\u00a0<\/strong>de los miles de perros sin hogar.<\/p>\n<p>El D\u00eda del Animal\u00a0<strong>se celebr\u00f3 por primera vez en la Argentina hace un siglo<\/strong>, para emular al Animal Sunday (Domingo del Animal) que\u00a0<strong>los ingleses festejaban a principios de octubre<\/strong>.<\/p>\n<p>Siempre se dijo que\u00a0<strong>el D\u00eda del Animal fue impuesto en honor a Ignacio Lucas Albarrac\u00edn<\/strong>, promotor de la primera ley de protecci\u00f3n al animal, fallecido el 29 de abril de 1926; pero ahora se sabe que esa es una extraordinaria casualidad.<\/p>\n<p>El 20 de abril de 1907 se firm\u00f3 el decreto que cre\u00f3 la Fiesta del Animal, a celebrarse cada a\u00f1o en el Zoo, un d\u00eda h\u00e1bil entre el 20 y 30 de abril.<\/p>\n<p>La primera Fiesta del Animal fue programada para el 29 de abril de 1908, y de ah\u00ed surgi\u00f3 que el D\u00eda del Animal se celebrase ese d\u00eda.<\/p>\n<p><strong>En otros pa\u00edses<\/strong><\/p>\n<p>En otras naciones, los festejos se hacen en diversas fechas: en Uruguay, Per\u00fa y Ecuador, es el 4 de octubre, d\u00eda de san Francisco de As\u00eds, patrono de los lobatos; y en Colombia e Inglaterra el primer domingo de ese mes.<\/p>\n<p>En Italia es el 4 de octubre, pero all\u00ed existe adem\u00e1s el D\u00eda de los Gatos, que se celebra el 17 de marzo. En M\u00e9xico tambi\u00e9n se aprovecha el d\u00eda de San Francisco de As\u00eds para llevar desde burros a papagayos a las parroquias, para bendecirlos.<\/p>\n<p>En Espa\u00f1a, el patr\u00f3n de los animales es San Ant\u00f3n, conocido como San Antonio de Enero, para distinguirlo de As\u00eds: en su d\u00eda, 17 de enero, se celebran misas, peregrinaciones y la tradicional bendici\u00f3n de los animales de cualquier especie.<\/p>\n","protected":false},"excerpt":{"rendered":"<p>&nbsp; Hoy es necesario recordar que las mascotas y el resto de los animales,&nbsp;son seres especiales&nbsp;y que deben ser tratados con los mismos derechos. Hoy, 29 de abril, se celebra en nuestro pa&iacute;s el&nbsp;D&iacute;a del Animal&nbsp;y es una buena fecha para acordarse que&nbsp;debemos cuidarlos, apreciarlos y respetarlos. Dentro del marco de la conmemoraci&oacute;n se dio [&hellip;]<\/p>\n","protected":false},"author":2,"featured_media":0,"comment_status":"open","ping_status":"open","sticky":false,"template":"","format":"standard","meta":{"fifu_image_url":"","fifu_image_alt":"","footnotes":""},"categories":[7],"tags":[],"class_list":{"0":"post-1397","1":"post","2":"type-post","3":"status-publish","4":"format-standard","6":"category-nacionales"},"yoast_head":"<title>D\u00eda del animal: un buen momento para empezar a cuidarlos y respetarlos - Informe Litoral<\/title>\n<meta name=\"robots\" content=\"index, follow, max-snippet:-1, max-image-preview:large, max-video-preview:-1\" \/>\n<link rel=\"canonical\" href=\"https:\/\/informelitoral.com.ar\/dia-del-animal-un-buen-dia-para-empezar-a-cuidarlos-y-respetarlos\/\" \/>\n<meta property=\"og:locale\" content=\"es_ES\" \/>\n<meta property=\"og:type\" content=\"article\" \/>\n<meta property=\"og:title\" content=\"D\u00eda del animal: un buen momento para empezar a cuidarlos y respetarlos - Informe Litoral\" \/>\n<meta property=\"og:description\" content=\"&nbsp; Hoy es necesario recordar que las mascotas y el resto de los animales,&nbsp;son seres especiales&nbsp;y que deben ser tratados con los mismos derechos. Hoy, 29 de abril, se celebra en nuestro pa&iacute;s el&nbsp;D&iacute;a del Animal&nbsp;y es una buena fecha para acordarse que&nbsp;debemos cuidarlos, apreciarlos y respetarlos. Dentro del marco de la conmemoraci&oacute;n se dio [&hellip;]\" \/>\n<meta property=\"og:url\" content=\"https:\/\/informelitoral.com.ar\/dia-del-animal-un-buen-dia-para-empezar-a-cuidarlos-y-respetarlos\/\" \/>\n<meta property=\"og:site_name\" content=\"Informe Litoral\" \/>\n<meta property=\"article:publisher\" content=\"https:\/\/www.facebook.com\/informelitoral\/\" \/>\n<meta property=\"article:published_time\" content=\"2013-04-29T18:32:37+00:00\" \/>\n<meta property=\"article:modified_time\" content=\"2013-04-29T18:37:59+00:00\" \/>\n<meta property=\"og:image\" content=\"https:\/\/informelitoral.com.ar\/%77%70%2d%63%6f%6e%74%65%6e%74\/uploads\/2013\/04\/perros.jpg\" \/>\n\t<meta property=\"og:image:width\" content=\"550\" \/>\n\t<meta property=\"og:image:height\" content=\"376\" \/>\n\t<meta property=\"og:image:type\" content=\"image\/jpeg\" \/>\n<meta name=\"author\" content=\"Gonzalo Schmidt\" \/>\n<meta name=\"twitter:card\" content=\"summary_large_image\" \/>\n<meta name=\"twitter:creator\" content=\"@InformeLitoral\" \/>\n<meta name=\"twitter:site\" content=\"@InformeLitoral\" \/>\n<meta name=\"twitter:label1\" content=\"Escrito por\" \/>\n\t<meta name=\"twitter:data1\" content=\"Gonzalo Schmidt\" \/>\n\t<meta name=\"twitter:label2\" content=\"Tiempo de lectura\" \/>\n\t<meta name=\"twitter:data2\" content=\"2 minutos\" \/>\n<script type=\"application\/ld+json\" class=\"yoast-schema-graph\">{\"@context\":\"https:\\\/\\\/schema.org\",\"@graph\":[{\"@type\":\"Article\",\"@id\":\"https:\\\/\\\/informelitoral.com.ar\\\/dia-del-animal-un-buen-dia-para-empezar-a-cuidarlos-y-respetarlos\\\/#article\",\"isPartOf\":{\"@id\":\"https:\\\/\\\/informelitoral.com.ar\\\/dia-del-animal-un-buen-dia-para-empezar-a-cuidarlos-y-respetarlos\\\/\"},\"author\":{\"name\":\"Gonzalo Schmidt\",\"@id\":\"https:\\\/\\\/informelitoral.com.ar\\\/#\\\/schema\\\/person\\\/b9d00407c836482871ef1d57bf8e3180\"},\"headline\":\"D\u00eda del animal: un buen momento para empezar a cuidarlos y respetarlos\",\"datePublished\":\"2013-04-29T18:32:37+00:00\",\"dateModified\":\"2013-04-29T18:37:59+00:00\",\"mainEntityOfPage\":{\"@id\":\"https:\\\/\\\/informelitoral.com.ar\\\/dia-del-animal-un-buen-dia-para-empezar-a-cuidarlos-y-respetarlos\\\/\"},\"wordCount\":426,\"commentCount\":0,\"publisher\":{\"@id\":\"https:\\\/\\\/informelitoral.com.ar\\\/#organization\"},\"image\":{\"@id\":\"https:\\\/\\\/informelitoral.com.ar\\\/dia-del-animal-un-buen-dia-para-empezar-a-cuidarlos-y-respetarlos\\\/#primaryimage\"},\"thumbnailUrl\":\"http:\\\/\\\/www.isletasnoticias.com.ar\\\/%77%70%2d%63%6f%6e%74%65%6e%74\\\/uploads\\\/2013\\\/04\\\/perros-300x205.jpg\",\"articleSection\":[\"Nacionales\"],\"inLanguage\":\"es\",\"potentialAction\":[{\"@type\":\"CommentAction\",\"name\":\"Comment\",\"target\":[\"https:\\\/\\\/informelitoral.com.ar\\\/dia-del-animal-un-buen-dia-para-empezar-a-cuidarlos-y-respetarlos\\\/#respond\"]}]},{\"@type\":\"WebPage\",\"@id\":\"https:\\\/\\\/informelitoral.com.ar\\\/dia-del-animal-un-buen-dia-para-empezar-a-cuidarlos-y-respetarlos\\\/\",\"url\":\"https:\\\/\\\/informelitoral.com.ar\\\/dia-del-animal-un-buen-dia-para-empezar-a-cuidarlos-y-respetarlos\\\/\",\"name\":\"D\u00eda del animal: un buen momento para empezar a cuidarlos y respetarlos - Informe Litoral\",\"isPartOf\":{\"@id\":\"https:\\\/\\\/informelitoral.com.ar\\\/#website\"},\"primaryImageOfPage\":{\"@id\":\"https:\\\/\\\/informelitoral.com.ar\\\/dia-del-animal-un-buen-dia-para-empezar-a-cuidarlos-y-respetarlos\\\/#primaryimage\"},\"image\":{\"@id\":\"https:\\\/\\\/informelitoral.com.ar\\\/dia-del-animal-un-buen-dia-para-empezar-a-cuidarlos-y-respetarlos\\\/#primaryimage\"},\"thumbnailUrl\":\"http:\\\/\\\/www.isletasnoticias.com.ar\\\/%77%70%2d%63%6f%6e%74%65%6e%74\\\/uploads\\\/2013\\\/04\\\/perros-300x205.jpg\",\"datePublished\":\"2013-04-29T18:32:37+00:00\",\"dateModified\":\"2013-04-29T18:37:59+00:00\",\"breadcrumb\":{\"@id\":\"https:\\\/\\\/informelitoral.com.ar\\\/dia-del-animal-un-buen-dia-para-empezar-a-cuidarlos-y-respetarlos\\\/#breadcrumb\"},\"inLanguage\":\"es\",\"potentialAction\":[{\"@type\":\"ReadAction\",\"target\":[\"https:\\\/\\\/informelitoral.com.ar\\\/dia-del-animal-un-buen-dia-para-empezar-a-cuidarlos-y-respetarlos\\\/\"]}]},{\"@type\":\"ImageObject\",\"inLanguage\":\"es\",\"@id\":\"https:\\\/\\\/informelitoral.com.ar\\\/dia-del-animal-un-buen-dia-para-empezar-a-cuidarlos-y-respetarlos\\\/#primaryimage\",\"url\":\"http:\\\/\\\/www.isletasnoticias.com.ar\\\/%77%70%2d%63%6f%6e%74%65%6e%74\\\/uploads\\\/2013\\\/04\\\/perros-300x205.jpg\",\"contentUrl\":\"http:\\\/\\\/www.isletasnoticias.com.ar\\\/%77%70%2d%63%6f%6e%74%65%6e%74\\\/uploads\\\/2013\\\/04\\\/perros-300x205.jpg\"},{\"@type\":\"BreadcrumbList\",\"@id\":\"https:\\\/\\\/informelitoral.com.ar\\\/dia-del-animal-un-buen-dia-para-empezar-a-cuidarlos-y-respetarlos\\\/#breadcrumb\",\"itemListElement\":[{\"@type\":\"ListItem\",\"position\":1,\"name\":\"Portada\",\"item\":\"https:\\\/\\\/informelitoral.com.ar\\\/\"},{\"@type\":\"ListItem\",\"position\":2,\"name\":\"D\u00eda del animal: un buen momento para empezar a cuidarlos y respetarlos\"}]},{\"@type\":\"WebSite\",\"@id\":\"https:\\\/\\\/informelitoral.com.ar\\\/#website\",\"url\":\"https:\\\/\\\/informelitoral.com.ar\\\/\",\"name\":\"Informe Litoral\",\"description\":\"&quot;Nos informamos&quot; \",\"publisher\":{\"@id\":\"https:\\\/\\\/informelitoral.com.ar\\\/#organization\"},\"potentialAction\":[{\"@type\":\"SearchAction\",\"target\":{\"@type\":\"EntryPoint\",\"urlTemplate\":\"https:\\\/\\\/informelitoral.com.ar\\\/?s={search_term_string}\"},\"query-input\":{\"@type\":\"PropertyValueSpecification\",\"valueRequired\":true,\"valueName\":\"search_term_string\"}}],\"inLanguage\":\"es\"},{\"@type\":\"Organization\",\"@id\":\"https:\\\/\\\/informelitoral.com.ar\\\/#organization\",\"name\":\"Informe Litoral\",\"url\":\"https:\\\/\\\/informelitoral.com.ar\\\/\",\"logo\":{\"@type\":\"ImageObject\",\"inLanguage\":\"es\",\"@id\":\"https:\\\/\\\/informelitoral.com.ar\\\/#\\\/schema\\\/logo\\\/image\\\/\",\"url\":\"https:\\\/\\\/informelitoral.com.ar\\\/%77%70%2d%63%6f%6e%74%65%6e%74\\\/uploads\\\/2021\\\/01\\\/circulo.png\",\"contentUrl\":\"https:\\\/\\\/informelitoral.com.ar\\\/%77%70%2d%63%6f%6e%74%65%6e%74\\\/uploads\\\/2021\\\/01\\\/circulo.png\",\"width\":723,\"height\":731,\"caption\":\"Informe Litoral\"},\"image\":{\"@id\":\"https:\\\/\\\/informelitoral.com.ar\\\/#\\\/schema\\\/logo\\\/image\\\/\"},\"sameAs\":[\"https:\\\/\\\/www.facebook.com\\\/informelitoral\\\/\",\"https:\\\/\\\/x.com\\\/InformeLitoral\",\"https:\\\/\\\/www.instagram.com\\\/informelitoral\\\/\",\"https:\\\/\\\/www.youtube.com\\\/channel\\\/UCua4Qvz8Icb6MYqhoq9xLXw\"]},{\"@type\":\"Person\",\"@id\":\"https:\\\/\\\/informelitoral.com.ar\\\/#\\\/schema\\\/person\\\/b9d00407c836482871ef1d57bf8e3180\",\"name\":\"Gonzalo Schmidt\",\"image\":{\"@type\":\"ImageObject\",\"inLanguage\":\"es\",\"@id\":\"https:\\\/\\\/secure.gravatar.com\\\/avatar\\\/31a1a7b66ff2de83bd0e9fd79d026630d2d99e55e8bfe501287647b4fd9743de?s=96&d=mm&r=g\",\"url\":\"https:\\\/\\\/secure.gravatar.com\\\/avatar\\\/31a1a7b66ff2de83bd0e9fd79d026630d2d99e55e8bfe501287647b4fd9743de?s=96&d=mm&r=g\",\"contentUrl\":\"https:\\\/\\\/secure.gravatar.com\\\/avatar\\\/31a1a7b66ff2de83bd0e9fd79d026630d2d99e55e8bfe501287647b4fd9743de?s=96&d=mm&r=g\",\"caption\":\"Gonzalo Schmidt\"},\"description\":\"Sitio web de noticias de la provincia de Entre R\u00edos, Argentina. Informaci\u00f3n y entretenimiento. Informe Litoral, nos informamos.\",\"sameAs\":[\"http:\\\/\\\/www.isletasnoticias.com.ar\"],\"url\":\"https:\\\/\\\/informelitoral.com.ar\\\/author\\\/gonzalo\\\/\"}]}<\/script>","yoast_head_json":{"title":"D\u00eda del animal: un buen momento para empezar a cuidarlos y respetarlos - Informe Litoral","robots":{"index":"index","follow":"follow","max-snippet":"max-snippet:-1","max-image-preview":"max-image-preview:large","max-video-preview":"max-video-preview:-1"},"canonical":"https:\/\/informelitoral.com.ar\/dia-del-animal-un-buen-dia-para-empezar-a-cuidarlos-y-respetarlos\/","og_locale":"es_ES","og_type":"article","og_title":"D\u00eda del animal: un buen momento para empezar a cuidarlos y respetarlos - Informe Litoral","og_description":"&nbsp; Hoy es necesario recordar que las mascotas y el resto de los animales,&nbsp;son seres especiales&nbsp;y que deben ser tratados con los mismos derechos. Hoy, 29 de abril, se celebra en nuestro pa&iacute;s el&nbsp;D&iacute;a del Animal&nbsp;y es una buena fecha para acordarse que&nbsp;debemos cuidarlos, apreciarlos y respetarlos. Dentro del marco de la conmemoraci&oacute;n se dio [&hellip;]","og_url":"https:\/\/informelitoral.com.ar\/dia-del-animal-un-buen-dia-para-empezar-a-cuidarlos-y-respetarlos\/","og_site_name":"Informe Litoral","article_publisher":"https:\/\/www.facebook.com\/informelitoral\/","article_published_time":"2013-04-29T18:32:37+00:00","article_modified_time":"2013-04-29T18:37:59+00:00","og_image":[{"width":550,"height":376,"url":"https:\/\/informelitoral.com.ar\/%77%70%2d%63%6f%6e%74%65%6e%74\/uploads\/2013\/04\/perros.jpg","type":"image\/jpeg"}],"author":"Gonzalo Schmidt","twitter_card":"summary_large_image","twitter_creator":"@InformeLitoral","twitter_site":"@InformeLitoral","twitter_misc":{"Escrito por":"Gonzalo Schmidt","Tiempo de lectura":"2 minutos"},"schema":{"@context":"https:\/\/schema.org","@graph":[{"@type":"Article","@id":"https:\/\/informelitoral.com.ar\/dia-del-animal-un-buen-dia-para-empezar-a-cuidarlos-y-respetarlos\/#article","isPartOf":{"@id":"https:\/\/informelitoral.com.ar\/dia-del-animal-un-buen-dia-para-empezar-a-cuidarlos-y-respetarlos\/"},"author":{"name":"Gonzalo Schmidt","@id":"https:\/\/informelitoral.com.ar\/#\/schema\/person\/b9d00407c836482871ef1d57bf8e3180"},"headline":"D\u00eda del animal: un buen momento para empezar a cuidarlos y respetarlos","datePublished":"2013-04-29T18:32:37+00:00","dateModified":"2013-04-29T18:37:59+00:00","mainEntityOfPage":{"@id":"https:\/\/informelitoral.com.ar\/dia-del-animal-un-buen-dia-para-empezar-a-cuidarlos-y-respetarlos\/"},"wordCount":426,"commentCount":0,"publisher":{"@id":"https:\/\/informelitoral.com.ar\/#organization"},"image":{"@id":"https:\/\/informelitoral.com.ar\/dia-del-animal-un-buen-dia-para-empezar-a-cuidarlos-y-respetarlos\/#primaryimage"},"thumbnailUrl":"http:\/\/www.isletasnoticias.com.ar\/%77%70%2d%63%6f%6e%74%65%6e%74\/uploads\/2013\/04\/perros-300x205.jpg","articleSection":["Nacionales"],"inLanguage":"es","potentialAction":[{"@type":"CommentAction","name":"Comment","target":["https:\/\/informelitoral.com.ar\/dia-del-animal-un-buen-dia-para-empezar-a-cuidarlos-y-respetarlos\/#respond"]}]},{"@type":"WebPage","@id":"https:\/\/informelitoral.com.ar\/dia-del-animal-un-buen-dia-para-empezar-a-cuidarlos-y-respetarlos\/","url":"https:\/\/informelitoral.com.ar\/dia-del-animal-un-buen-dia-para-empezar-a-cuidarlos-y-respetarlos\/","name":"D\u00eda del animal: un buen momento para empezar a cuidarlos y respetarlos - Informe Litoral","isPartOf":{"@id":"https:\/\/informelitoral.com.ar\/#website"},"primaryImageOfPage":{"@id":"https:\/\/informelitoral.com.ar\/dia-del-animal-un-buen-dia-para-empezar-a-cuidarlos-y-respetarlos\/#primaryimage"},"image":{"@id":"https:\/\/informelitoral.com.ar\/dia-del-animal-un-buen-dia-para-empezar-a-cuidarlos-y-respetarlos\/#primaryimage"},"thumbnailUrl":"http:\/\/www.isletasnoticias.com.ar\/%77%70%2d%63%6f%6e%74%65%6e%74\/uploads\/2013\/04\/perros-300x205.jpg","datePublished":"2013-04-29T18:32:37+00:00","dateModified":"2013-04-29T18:37:59+00:00","breadcrumb":{"@id":"https:\/\/informelitoral.com.ar\/dia-del-animal-un-buen-dia-para-empezar-a-cuidarlos-y-respetarlos\/#breadcrumb"},"inLanguage":"es","potentialAction":[{"@type":"ReadAction","target":["https:\/\/informelitoral.com.ar\/dia-del-animal-un-buen-dia-para-empezar-a-cuidarlos-y-respetarlos\/"]}]},{"@type":"ImageObject","inLanguage":"es","@id":"https:\/\/informelitoral.com.ar\/dia-del-animal-un-buen-dia-para-empezar-a-cuidarlos-y-respetarlos\/#primaryimage","url":"http:\/\/www.isletasnoticias.com.ar\/%77%70%2d%63%6f%6e%74%65%6e%74\/uploads\/2013\/04\/perros-300x205.jpg","contentUrl":"http:\/\/www.isletasnoticias.com.ar\/%77%70%2d%63%6f%6e%74%65%6e%74\/uploads\/2013\/04\/perros-300x205.jpg"},{"@type":"BreadcrumbList","@id":"https:\/\/informelitoral.com.ar\/dia-del-animal-un-buen-dia-para-empezar-a-cuidarlos-y-respetarlos\/#breadcrumb","itemListElement":[{"@type":"ListItem","position":1,"name":"Portada","item":"https:\/\/informelitoral.com.ar\/"},{"@type":"ListItem","position":2,"name":"D\u00eda del animal: un buen momento para empezar a cuidarlos y respetarlos"}]},{"@type":"WebSite","@id":"https:\/\/informelitoral.com.ar\/#website","url":"https:\/\/informelitoral.com.ar\/","name":"Informe Litoral","description":"&quot;Nos informamos&quot; ","publisher":{"@id":"https:\/\/informelitoral.com.ar\/#organization"},"potentialAction":[{"@type":"SearchAction","target":{"@type":"EntryPoint","urlTemplate":"https:\/\/informelitoral.com.ar\/?s={search_term_string}"},"query-input":{"@type":"PropertyValueSpecification","valueRequired":true,"valueName":"search_term_string"}}],"inLanguage":"es"},{"@type":"Organization","@id":"https:\/\/informelitoral.com.ar\/#organization","name":"Informe Litoral","url":"https:\/\/informelitoral.com.ar\/","logo":{"@type":"ImageObject","inLanguage":"es","@id":"https:\/\/informelitoral.com.ar\/#\/schema\/logo\/image\/","url":"https:\/\/informelitoral.com.ar\/%77%70%2d%63%6f%6e%74%65%6e%74\/uploads\/2021\/01\/circulo.png","contentUrl":"https:\/\/informelitoral.com.ar\/%77%70%2d%63%6f%6e%74%65%6e%74\/uploads\/2021\/01\/circulo.png","width":723,"height":731,"caption":"Informe Litoral"},"image":{"@id":"https:\/\/informelitoral.com.ar\/#\/schema\/logo\/image\/"},"sameAs":["https:\/\/www.facebook.com\/informelitoral\/","https:\/\/x.com\/InformeLitoral","https:\/\/www.instagram.com\/informelitoral\/","https:\/\/www.youtube.com\/channel\/UCua4Qvz8Icb6MYqhoq9xLXw"]},{"@type":"Person","@id":"https:\/\/informelitoral.com.ar\/#\/schema\/person\/b9d00407c836482871ef1d57bf8e3180","name":"Gonzalo Schmidt","image":{"@type":"ImageObject","inLanguage":"es","@id":"https:\/\/secure.gravatar.com\/avatar\/31a1a7b66ff2de83bd0e9fd79d026630d2d99e55e8bfe501287647b4fd9743de?s=96&d=mm&r=g","url":"https:\/\/secure.gravatar.com\/avatar\/31a1a7b66ff2de83bd0e9fd79d026630d2d99e55e8bfe501287647b4fd9743de?s=96&d=mm&r=g","contentUrl":"https:\/\/secure.gravatar.com\/avatar\/31a1a7b66ff2de83bd0e9fd79d026630d2d99e55e8bfe501287647b4fd9743de?s=96&d=mm&r=g","caption":"Gonzalo Schmidt"},"description":"Sitio web de noticias de la provincia de Entre R\u00edos, Argentina. Informaci\u00f3n y entretenimiento. Informe Litoral, nos informamos.","sameAs":["http:\/\/www.isletasnoticias.com.ar"],"url":"https:\/\/informelitoral.com.ar\/author\/gonzalo\/"}]}},"_links":{"self":[{"href":"https:\/\/informelitoral.com.ar\/%77%70%2d%6a%73%6f%6e\/wp\/v2\/posts\/1397","targetHints":{"allow":["GET"]}}],"collection":[{"href":"https:\/\/informelitoral.com.ar\/%77%70%2d%6a%73%6f%6e\/wp\/v2\/posts"}],"about":[{"href":"https:\/\/informelitoral.com.ar\/%77%70%2d%6a%73%6f%6e\/wp\/v2\/types\/post"}],"author":[{"embeddable":true,"href":"https:\/\/informelitoral.com.ar\/%77%70%2d%6a%73%6f%6e\/wp\/v2\/users\/2"}],"replies":[{"embeddable":true,"href":"https:\/\/informelitoral.com.ar\/%77%70%2d%6a%73%6f%6e\/wp\/v2\/comments?post=1397"}],"version-history":[{"count":0,"href":"https:\/\/informelitoral.com.ar\/%77%70%2d%6a%73%6f%6e\/wp\/v2\/posts\/1397\/revisions"}],"wp:attachment":[{"href":"https:\/\/informelitoral.com.ar\/%77%70%2d%6a%73%6f%6e\/wp\/v2\/media?parent=1397"}],"wp:term":[{"taxonomy":"category","embeddable":true,"href":"https:\/\/informelitoral.com.ar\/%77%70%2d%6a%73%6f%6e\/wp\/v2\/categories?post=1397"},{"taxonomy":"post_tag","embeddable":true,"href":"https:\/\/informelitoral.com.ar\/%77%70%2d%6a%73%6f%6e\/wp\/v2\/tags?post=1397"}],"curies":[{"name":"wp","href":"https:\/\/api.w.org\/{rel}","templated":true}]}}