{"id":139596,"date":"2023-04-18T11:16:43","date_gmt":"2023-04-18T14:16:43","guid":{"rendered":"https:\/\/www.informelitoral.com.ar\/?p=139596"},"modified":"2023-04-18T18:30:27","modified_gmt":"2023-04-18T21:30:27","slug":"comenzo-a-dictarse-el-ciclo-de-formacion-para-bibliotecas-locales","status":"publish","type":"post","link":"https:\/\/informelitoral.com.ar\/comenzo-a-dictarse-el-ciclo-de-formacion-para-bibliotecas-locales\/","title":{"rendered":"Comenz\u00f3 a dictarse el Ciclo de Formaci\u00f3n para Bibliotecas Locales"},"content":{"rendered":"<p>Comenz\u00f3 este lunes en el Sal\u00f3n de Actos del Consejo General de Educaci\u00f3n de Paran\u00e1 el dictado del Ciclo de Formaci\u00f3n para Bibliotecas Locales, una propuesta que surge del trabajo articulado entre el Instituto de Formaci\u00f3n Legislativa de la Vicegobernaci\u00f3n y la Biblioteca de la Legislatura de Entre R\u00edos con la premisa de formar y potenciar el recurso humano en materia bibliotecol\u00f3gica y disciplinas afines.<\/p>\n<p>\u201cTiene que ver con esta cuesti\u00f3n que la Vicegobernadora Laura Stratta nos ha planteado, de estar atentos a las demandas que van surgiendo de nuestra comunidad. Y para responder a esas demandas, hay cuestiones que son necesarias que se generen: la decisi\u00f3n pol\u00edtica de darle respuesta y por otro lado el trabajo institucional que tanto el Instituto como la Vicegobernaci\u00f3n se han caracterizado por trabajar de puertas abiertas\u201d, dijo el coordinador del Instituto Daniel Almada al abrir el ciclo junto al director de la Biblioteca de la Legislatura de Entre R\u00edos, Gustavo Artucio.<\/p>\n<p>\u201cEn cada una de las capacitaciones que nosotros venimos brindando se da esta cuesti\u00f3n interesante que es el acompa\u00f1amiento de un p\u00fablico que no siempre es el mismo porque tiene que ver con las tem\u00e1ticas\u201d, agreg\u00f3 adem\u00e1s resaltando el \u201c\u00e9xito de la convocatoria\u201d que en este caso supera los 150 inscriptos de localidades de toda la provincia.<\/p>\n<p>El Ciclo de Formaci\u00f3n para Bibliotecas Locales se llevar\u00e1 adelante bajo modalidad mixta, es decir, en forma presencial durante tres encuentros y el resto a trav\u00e9s de la plataforma propia que tiene el Instituto dependiente de la Vicegobernaci\u00f3n. \u201cSon cuatro meses en que vamos a estar interactuando y acompa\u00f1ando en este proceso formativo en el que contaremos con docentes con una reconocida experiencia, que se desempe\u00f1an aqu\u00ed en nuestra provincia, en Santa Fe y uno de Capital Federal\u201d, precis\u00f3 el titular del organismo.<\/p>\n<p><b>Sobre el Ciclo<\/b><\/p>\n<p>La propuesta se propone revisar y redise\u00f1ar las din\u00e1micas internas con el fin de proveer mejores servicios a la ciudadan\u00eda. Con ese objetivo se abordar\u00e1n tem\u00e1ticas te\u00f3ricas\/pr\u00e1cticas para optimizar y desarrollar estrategias que permitan una mirada integradora que revitalice estos espacios a trav\u00e9s de una intervenci\u00f3n activa en el \u00e1mbito local.<\/p>\n<p>Por otra parte, el Ciclo de Formaci\u00f3n para Bibliotecas Locales pretende dotar de herramientas a quienes integran los equipos de las bibliotecas, dado que tienen como centro privilegiado la lectura, la informaci\u00f3n, el conocimiento y las acciones culturales considerando la Identidad Comunitaria. Mediante la capacitaci\u00f3n y la pr\u00e1ctica sobre el conocimiento bibliotecol\u00f3gico, conceptos b\u00e1sicos de organizaci\u00f3n, gesti\u00f3n, protecci\u00f3n y preservaci\u00f3n del patrimonio documental de la instituciones, y la alfabetizaci\u00f3n informacional se busca transformar a las bibliotecas en espacios din\u00e1micos, que permitan la b\u00fasqueda y recuperaci\u00f3n de la informaci\u00f3n socialmente v\u00e1lida, convirti\u00e9ndose en verdaderos centros de promoci\u00f3n de la lectura, y que lleguen a la comunidad en su conjunto.<\/p>\n","protected":false},"excerpt":{"rendered":"<p>La propuesta se llevar\u00e1 adelante desde hoy y durante cuatro meses en el marco de un trabajo articulado entre el Instituto de Formaci\u00f3n Legislativa de la Vicegobernaci\u00f3n y la Biblioteca de la Legislatura de Entre R\u00edos.<\/p>\n","protected":false},"author":8,"featured_media":139597,"comment_status":"open","ping_status":"open","sticky":false,"template":"","format":"standard","meta":{"fifu_image_url":"","fifu_image_alt":"","footnotes":""},"categories":[6],"tags":[1654],"class_list":{"0":"post-139596","1":"post","2":"type-post","3":"status-publish","4":"format-standard","5":"has-post-thumbnail","7":"category-entre-rios","8":"tag-vicegobernacion"},"yoast_head":"<title>Comenz\u00f3 a dictarse el Ciclo de Formaci\u00f3n para Bibliotecas Locales - Informe Litoral<\/title>\n<meta name=\"robots\" content=\"index, follow, max-snippet:-1, max-image-preview:large, max-video-preview:-1\" \/>\n<link rel=\"canonical\" href=\"https:\/\/informelitoral.com.ar\/comenzo-a-dictarse-el-ciclo-de-formacion-para-bibliotecas-locales\/\" \/>\n<meta property=\"og:locale\" content=\"es_ES\" \/>\n<meta property=\"og:type\" content=\"article\" \/>\n<meta property=\"og:title\" content=\"Comenz\u00f3 a dictarse el Ciclo de Formaci\u00f3n para Bibliotecas Locales - Informe Litoral\" \/>\n<meta property=\"og:description\" content=\"La propuesta se llevar\u00e1 adelante desde hoy y durante cuatro meses en el marco de un trabajo articulado entre el Instituto de Formaci\u00f3n Legislativa de la Vicegobernaci\u00f3n y la Biblioteca de la Legislatura de Entre R\u00edos.\" \/>\n<meta property=\"og:url\" content=\"https:\/\/informelitoral.com.ar\/comenzo-a-dictarse-el-ciclo-de-formacion-para-bibliotecas-locales\/\" \/>\n<meta property=\"og:site_name\" content=\"Informe Litoral\" \/>\n<meta property=\"article:publisher\" content=\"https:\/\/www.facebook.com\/informelitoral\/\" \/>\n<meta property=\"article:published_time\" content=\"2023-04-18T14:16:43+00:00\" \/>\n<meta property=\"article:modified_time\" content=\"2023-04-18T21:30:27+00:00\" \/>\n<meta property=\"og:image\" content=\"https:\/\/informelitoral.com.ar\/%77%70%2d%63%6f%6e%74%65%6e%74\/uploads\/2023\/04\/p_1681754026.jpg\" \/>\n\t<meta property=\"og:image:width\" content=\"1920\" \/>\n\t<meta property=\"og:image:height\" content=\"800\" \/>\n\t<meta property=\"og:image:type\" content=\"image\/jpeg\" \/>\n<meta name=\"author\" content=\"Sebastian\" \/>\n<meta name=\"twitter:card\" content=\"summary_large_image\" \/>\n<meta name=\"twitter:creator\" content=\"@InformeLitoral\" \/>\n<meta name=\"twitter:site\" content=\"@InformeLitoral\" \/>\n<meta name=\"twitter:label1\" content=\"Escrito por\" \/>\n\t<meta name=\"twitter:data1\" content=\"Sebastian\" \/>\n\t<meta name=\"twitter:label2\" content=\"Tiempo de lectura\" \/>\n\t<meta name=\"twitter:data2\" content=\"3 minutos\" \/>\n<script type=\"application\/ld+json\" class=\"yoast-schema-graph\">{\"@context\":\"https:\\\/\\\/schema.org\",\"@graph\":[{\"@type\":\"Article\",\"@id\":\"https:\\\/\\\/informelitoral.com.ar\\\/comenzo-a-dictarse-el-ciclo-de-formacion-para-bibliotecas-locales\\\/#article\",\"isPartOf\":{\"@id\":\"https:\\\/\\\/informelitoral.com.ar\\\/comenzo-a-dictarse-el-ciclo-de-formacion-para-bibliotecas-locales\\\/\"},\"author\":{\"name\":\"Sebastian\",\"@id\":\"https:\\\/\\\/informelitoral.com.ar\\\/#\\\/schema\\\/person\\\/f05f9f461677119578717524b127d6d5\"},\"headline\":\"Comenz\u00f3 a dictarse el Ciclo de Formaci\u00f3n para Bibliotecas Locales\",\"datePublished\":\"2023-04-18T14:16:43+00:00\",\"dateModified\":\"2023-04-18T21:30:27+00:00\",\"mainEntityOfPage\":{\"@id\":\"https:\\\/\\\/informelitoral.com.ar\\\/comenzo-a-dictarse-el-ciclo-de-formacion-para-bibliotecas-locales\\\/\"},\"wordCount\":520,\"commentCount\":0,\"publisher\":{\"@id\":\"https:\\\/\\\/informelitoral.com.ar\\\/#organization\"},\"image\":{\"@id\":\"https:\\\/\\\/informelitoral.com.ar\\\/comenzo-a-dictarse-el-ciclo-de-formacion-para-bibliotecas-locales\\\/#primaryimage\"},\"thumbnailUrl\":\"https:\\\/\\\/informelitoral.com.ar\\\/%77%70%2d%63%6f%6e%74%65%6e%74\\\/uploads\\\/2023\\\/04\\\/p_1681754026.jpg\",\"keywords\":[\"Vicegobernacion\"],\"articleSection\":[\"Entre R\u00edos\"],\"inLanguage\":\"es\",\"potentialAction\":[{\"@type\":\"CommentAction\",\"name\":\"Comment\",\"target\":[\"https:\\\/\\\/informelitoral.com.ar\\\/comenzo-a-dictarse-el-ciclo-de-formacion-para-bibliotecas-locales\\\/#respond\"]}]},{\"@type\":\"WebPage\",\"@id\":\"https:\\\/\\\/informelitoral.com.ar\\\/comenzo-a-dictarse-el-ciclo-de-formacion-para-bibliotecas-locales\\\/\",\"url\":\"https:\\\/\\\/informelitoral.com.ar\\\/comenzo-a-dictarse-el-ciclo-de-formacion-para-bibliotecas-locales\\\/\",\"name\":\"Comenz\u00f3 a dictarse el Ciclo de Formaci\u00f3n para Bibliotecas Locales - Informe Litoral\",\"isPartOf\":{\"@id\":\"https:\\\/\\\/informelitoral.com.ar\\\/#website\"},\"primaryImageOfPage\":{\"@id\":\"https:\\\/\\\/informelitoral.com.ar\\\/comenzo-a-dictarse-el-ciclo-de-formacion-para-bibliotecas-locales\\\/#primaryimage\"},\"image\":{\"@id\":\"https:\\\/\\\/informelitoral.com.ar\\\/comenzo-a-dictarse-el-ciclo-de-formacion-para-bibliotecas-locales\\\/#primaryimage\"},\"thumbnailUrl\":\"https:\\\/\\\/informelitoral.com.ar\\\/%77%70%2d%63%6f%6e%74%65%6e%74\\\/uploads\\\/2023\\\/04\\\/p_1681754026.jpg\",\"datePublished\":\"2023-04-18T14:16:43+00:00\",\"dateModified\":\"2023-04-18T21:30:27+00:00\",\"breadcrumb\":{\"@id\":\"https:\\\/\\\/informelitoral.com.ar\\\/comenzo-a-dictarse-el-ciclo-de-formacion-para-bibliotecas-locales\\\/#breadcrumb\"},\"inLanguage\":\"es\",\"potentialAction\":[{\"@type\":\"ReadAction\",\"target\":[\"https:\\\/\\\/informelitoral.com.ar\\\/comenzo-a-dictarse-el-ciclo-de-formacion-para-bibliotecas-locales\\\/\"]}]},{\"@type\":\"ImageObject\",\"inLanguage\":\"es\",\"@id\":\"https:\\\/\\\/informelitoral.com.ar\\\/comenzo-a-dictarse-el-ciclo-de-formacion-para-bibliotecas-locales\\\/#primaryimage\",\"url\":\"https:\\\/\\\/informelitoral.com.ar\\\/%77%70%2d%63%6f%6e%74%65%6e%74\\\/uploads\\\/2023\\\/04\\\/p_1681754026.jpg\",\"contentUrl\":\"https:\\\/\\\/informelitoral.com.ar\\\/%77%70%2d%63%6f%6e%74%65%6e%74\\\/uploads\\\/2023\\\/04\\\/p_1681754026.jpg\",\"width\":1920,\"height\":800},{\"@type\":\"BreadcrumbList\",\"@id\":\"https:\\\/\\\/informelitoral.com.ar\\\/comenzo-a-dictarse-el-ciclo-de-formacion-para-bibliotecas-locales\\\/#breadcrumb\",\"itemListElement\":[{\"@type\":\"ListItem\",\"position\":1,\"name\":\"Portada\",\"item\":\"https:\\\/\\\/informelitoral.com.ar\\\/\"},{\"@type\":\"ListItem\",\"position\":2,\"name\":\"Comenz\u00f3 a dictarse el Ciclo de Formaci\u00f3n para Bibliotecas Locales\"}]},{\"@type\":\"WebSite\",\"@id\":\"https:\\\/\\\/informelitoral.com.ar\\\/#website\",\"url\":\"https:\\\/\\\/informelitoral.com.ar\\\/\",\"name\":\"Informe Litoral\",\"description\":\"&quot;Nos informamos&quot; \",\"publisher\":{\"@id\":\"https:\\\/\\\/informelitoral.com.ar\\\/#organization\"},\"potentialAction\":[{\"@type\":\"SearchAction\",\"target\":{\"@type\":\"EntryPoint\",\"urlTemplate\":\"https:\\\/\\\/informelitoral.com.ar\\\/?s={search_term_string}\"},\"query-input\":{\"@type\":\"PropertyValueSpecification\",\"valueRequired\":true,\"valueName\":\"search_term_string\"}}],\"inLanguage\":\"es\"},{\"@type\":\"Organization\",\"@id\":\"https:\\\/\\\/informelitoral.com.ar\\\/#organization\",\"name\":\"Informe Litoral\",\"url\":\"https:\\\/\\\/informelitoral.com.ar\\\/\",\"logo\":{\"@type\":\"ImageObject\",\"inLanguage\":\"es\",\"@id\":\"https:\\\/\\\/informelitoral.com.ar\\\/#\\\/schema\\\/logo\\\/image\\\/\",\"url\":\"https:\\\/\\\/informelitoral.com.ar\\\/%77%70%2d%63%6f%6e%74%65%6e%74\\\/uploads\\\/2021\\\/01\\\/circulo.png\",\"contentUrl\":\"https:\\\/\\\/informelitoral.com.ar\\\/%77%70%2d%63%6f%6e%74%65%6e%74\\\/uploads\\\/2021\\\/01\\\/circulo.png\",\"width\":723,\"height\":731,\"caption\":\"Informe Litoral\"},\"image\":{\"@id\":\"https:\\\/\\\/informelitoral.com.ar\\\/#\\\/schema\\\/logo\\\/image\\\/\"},\"sameAs\":[\"https:\\\/\\\/www.facebook.com\\\/informelitoral\\\/\",\"https:\\\/\\\/x.com\\\/InformeLitoral\",\"https:\\\/\\\/www.instagram.com\\\/informelitoral\\\/\",\"https:\\\/\\\/www.youtube.com\\\/channel\\\/UCua4Qvz8Icb6MYqhoq9xLXw\"]},{\"@type\":\"Person\",\"@id\":\"https:\\\/\\\/informelitoral.com.ar\\\/#\\\/schema\\\/person\\\/f05f9f461677119578717524b127d6d5\",\"name\":\"Sebastian\",\"image\":{\"@type\":\"ImageObject\",\"inLanguage\":\"es\",\"@id\":\"https:\\\/\\\/secure.gravatar.com\\\/avatar\\\/b71bf7481d447dfb9583c7f2798e7cc64de6efb9067b74633ed8c31059a3bd82?s=96&d=mm&r=g\",\"url\":\"https:\\\/\\\/secure.gravatar.com\\\/avatar\\\/b71bf7481d447dfb9583c7f2798e7cc64de6efb9067b74633ed8c31059a3bd82?s=96&d=mm&r=g\",\"contentUrl\":\"https:\\\/\\\/secure.gravatar.com\\\/avatar\\\/b71bf7481d447dfb9583c7f2798e7cc64de6efb9067b74633ed8c31059a3bd82?s=96&d=mm&r=g\",\"caption\":\"Sebastian\"},\"url\":\"https:\\\/\\\/informelitoral.com.ar\\\/author\\\/sebastian\\\/\"}]}<\/script>","yoast_head_json":{"title":"Comenz\u00f3 a dictarse el Ciclo de Formaci\u00f3n para Bibliotecas Locales - Informe Litoral","robots":{"index":"index","follow":"follow","max-snippet":"max-snippet:-1","max-image-preview":"max-image-preview:large","max-video-preview":"max-video-preview:-1"},"canonical":"https:\/\/informelitoral.com.ar\/comenzo-a-dictarse-el-ciclo-de-formacion-para-bibliotecas-locales\/","og_locale":"es_ES","og_type":"article","og_title":"Comenz\u00f3 a dictarse el Ciclo de Formaci\u00f3n para Bibliotecas Locales - Informe Litoral","og_description":"La propuesta se llevar\u00e1 adelante desde hoy y durante cuatro meses en el marco de un trabajo articulado entre el Instituto de Formaci\u00f3n Legislativa de la Vicegobernaci\u00f3n y la Biblioteca de la Legislatura de Entre R\u00edos.","og_url":"https:\/\/informelitoral.com.ar\/comenzo-a-dictarse-el-ciclo-de-formacion-para-bibliotecas-locales\/","og_site_name":"Informe Litoral","article_publisher":"https:\/\/www.facebook.com\/informelitoral\/","article_published_time":"2023-04-18T14:16:43+00:00","article_modified_time":"2023-04-18T21:30:27+00:00","og_image":[{"width":1920,"height":800,"url":"https:\/\/informelitoral.com.ar\/%77%70%2d%63%6f%6e%74%65%6e%74\/uploads\/2023\/04\/p_1681754026.jpg","type":"image\/jpeg"}],"author":"Sebastian","twitter_card":"summary_large_image","twitter_creator":"@InformeLitoral","twitter_site":"@InformeLitoral","twitter_misc":{"Escrito por":"Sebastian","Tiempo de lectura":"3 minutos"},"schema":{"@context":"https:\/\/schema.org","@graph":[{"@type":"Article","@id":"https:\/\/informelitoral.com.ar\/comenzo-a-dictarse-el-ciclo-de-formacion-para-bibliotecas-locales\/#article","isPartOf":{"@id":"https:\/\/informelitoral.com.ar\/comenzo-a-dictarse-el-ciclo-de-formacion-para-bibliotecas-locales\/"},"author":{"name":"Sebastian","@id":"https:\/\/informelitoral.com.ar\/#\/schema\/person\/f05f9f461677119578717524b127d6d5"},"headline":"Comenz\u00f3 a dictarse el Ciclo de Formaci\u00f3n para Bibliotecas Locales","datePublished":"2023-04-18T14:16:43+00:00","dateModified":"2023-04-18T21:30:27+00:00","mainEntityOfPage":{"@id":"https:\/\/informelitoral.com.ar\/comenzo-a-dictarse-el-ciclo-de-formacion-para-bibliotecas-locales\/"},"wordCount":520,"commentCount":0,"publisher":{"@id":"https:\/\/informelitoral.com.ar\/#organization"},"image":{"@id":"https:\/\/informelitoral.com.ar\/comenzo-a-dictarse-el-ciclo-de-formacion-para-bibliotecas-locales\/#primaryimage"},"thumbnailUrl":"https:\/\/informelitoral.com.ar\/%77%70%2d%63%6f%6e%74%65%6e%74\/uploads\/2023\/04\/p_1681754026.jpg","keywords":["Vicegobernacion"],"articleSection":["Entre R\u00edos"],"inLanguage":"es","potentialAction":[{"@type":"CommentAction","name":"Comment","target":["https:\/\/informelitoral.com.ar\/comenzo-a-dictarse-el-ciclo-de-formacion-para-bibliotecas-locales\/#respond"]}]},{"@type":"WebPage","@id":"https:\/\/informelitoral.com.ar\/comenzo-a-dictarse-el-ciclo-de-formacion-para-bibliotecas-locales\/","url":"https:\/\/informelitoral.com.ar\/comenzo-a-dictarse-el-ciclo-de-formacion-para-bibliotecas-locales\/","name":"Comenz\u00f3 a dictarse el Ciclo de Formaci\u00f3n para Bibliotecas Locales - Informe Litoral","isPartOf":{"@id":"https:\/\/informelitoral.com.ar\/#website"},"primaryImageOfPage":{"@id":"https:\/\/informelitoral.com.ar\/comenzo-a-dictarse-el-ciclo-de-formacion-para-bibliotecas-locales\/#primaryimage"},"image":{"@id":"https:\/\/informelitoral.com.ar\/comenzo-a-dictarse-el-ciclo-de-formacion-para-bibliotecas-locales\/#primaryimage"},"thumbnailUrl":"https:\/\/informelitoral.com.ar\/%77%70%2d%63%6f%6e%74%65%6e%74\/uploads\/2023\/04\/p_1681754026.jpg","datePublished":"2023-04-18T14:16:43+00:00","dateModified":"2023-04-18T21:30:27+00:00","breadcrumb":{"@id":"https:\/\/informelitoral.com.ar\/comenzo-a-dictarse-el-ciclo-de-formacion-para-bibliotecas-locales\/#breadcrumb"},"inLanguage":"es","potentialAction":[{"@type":"ReadAction","target":["https:\/\/informelitoral.com.ar\/comenzo-a-dictarse-el-ciclo-de-formacion-para-bibliotecas-locales\/"]}]},{"@type":"ImageObject","inLanguage":"es","@id":"https:\/\/informelitoral.com.ar\/comenzo-a-dictarse-el-ciclo-de-formacion-para-bibliotecas-locales\/#primaryimage","url":"https:\/\/informelitoral.com.ar\/%77%70%2d%63%6f%6e%74%65%6e%74\/uploads\/2023\/04\/p_1681754026.jpg","contentUrl":"https:\/\/informelitoral.com.ar\/%77%70%2d%63%6f%6e%74%65%6e%74\/uploads\/2023\/04\/p_1681754026.jpg","width":1920,"height":800},{"@type":"BreadcrumbList","@id":"https:\/\/informelitoral.com.ar\/comenzo-a-dictarse-el-ciclo-de-formacion-para-bibliotecas-locales\/#breadcrumb","itemListElement":[{"@type":"ListItem","position":1,"name":"Portada","item":"https:\/\/informelitoral.com.ar\/"},{"@type":"ListItem","position":2,"name":"Comenz\u00f3 a dictarse el Ciclo de Formaci\u00f3n para Bibliotecas Locales"}]},{"@type":"WebSite","@id":"https:\/\/informelitoral.com.ar\/#website","url":"https:\/\/informelitoral.com.ar\/","name":"Informe Litoral","description":"&quot;Nos informamos&quot; ","publisher":{"@id":"https:\/\/informelitoral.com.ar\/#organization"},"potentialAction":[{"@type":"SearchAction","target":{"@type":"EntryPoint","urlTemplate":"https:\/\/informelitoral.com.ar\/?s={search_term_string}"},"query-input":{"@type":"PropertyValueSpecification","valueRequired":true,"valueName":"search_term_string"}}],"inLanguage":"es"},{"@type":"Organization","@id":"https:\/\/informelitoral.com.ar\/#organization","name":"Informe Litoral","url":"https:\/\/informelitoral.com.ar\/","logo":{"@type":"ImageObject","inLanguage":"es","@id":"https:\/\/informelitoral.com.ar\/#\/schema\/logo\/image\/","url":"https:\/\/informelitoral.com.ar\/%77%70%2d%63%6f%6e%74%65%6e%74\/uploads\/2021\/01\/circulo.png","contentUrl":"https:\/\/informelitoral.com.ar\/%77%70%2d%63%6f%6e%74%65%6e%74\/uploads\/2021\/01\/circulo.png","width":723,"height":731,"caption":"Informe Litoral"},"image":{"@id":"https:\/\/informelitoral.com.ar\/#\/schema\/logo\/image\/"},"sameAs":["https:\/\/www.facebook.com\/informelitoral\/","https:\/\/x.com\/InformeLitoral","https:\/\/www.instagram.com\/informelitoral\/","https:\/\/www.youtube.com\/channel\/UCua4Qvz8Icb6MYqhoq9xLXw"]},{"@type":"Person","@id":"https:\/\/informelitoral.com.ar\/#\/schema\/person\/f05f9f461677119578717524b127d6d5","name":"Sebastian","image":{"@type":"ImageObject","inLanguage":"es","@id":"https:\/\/secure.gravatar.com\/avatar\/b71bf7481d447dfb9583c7f2798e7cc64de6efb9067b74633ed8c31059a3bd82?s=96&d=mm&r=g","url":"https:\/\/secure.gravatar.com\/avatar\/b71bf7481d447dfb9583c7f2798e7cc64de6efb9067b74633ed8c31059a3bd82?s=96&d=mm&r=g","contentUrl":"https:\/\/secure.gravatar.com\/avatar\/b71bf7481d447dfb9583c7f2798e7cc64de6efb9067b74633ed8c31059a3bd82?s=96&d=mm&r=g","caption":"Sebastian"},"url":"https:\/\/informelitoral.com.ar\/author\/sebastian\/"}]}},"_links":{"self":[{"href":"https:\/\/informelitoral.com.ar\/%77%70%2d%6a%73%6f%6e\/wp\/v2\/posts\/139596","targetHints":{"allow":["GET"]}}],"collection":[{"href":"https:\/\/informelitoral.com.ar\/%77%70%2d%6a%73%6f%6e\/wp\/v2\/posts"}],"about":[{"href":"https:\/\/informelitoral.com.ar\/%77%70%2d%6a%73%6f%6e\/wp\/v2\/types\/post"}],"author":[{"embeddable":true,"href":"https:\/\/informelitoral.com.ar\/%77%70%2d%6a%73%6f%6e\/wp\/v2\/users\/8"}],"replies":[{"embeddable":true,"href":"https:\/\/informelitoral.com.ar\/%77%70%2d%6a%73%6f%6e\/wp\/v2\/comments?post=139596"}],"version-history":[{"count":0,"href":"https:\/\/informelitoral.com.ar\/%77%70%2d%6a%73%6f%6e\/wp\/v2\/posts\/139596\/revisions"}],"wp:featuredmedia":[{"embeddable":true,"href":"https:\/\/informelitoral.com.ar\/%77%70%2d%6a%73%6f%6e\/wp\/v2\/media\/139597"}],"wp:attachment":[{"href":"https:\/\/informelitoral.com.ar\/%77%70%2d%6a%73%6f%6e\/wp\/v2\/media?parent=139596"}],"wp:term":[{"taxonomy":"category","embeddable":true,"href":"https:\/\/informelitoral.com.ar\/%77%70%2d%6a%73%6f%6e\/wp\/v2\/categories?post=139596"},{"taxonomy":"post_tag","embeddable":true,"href":"https:\/\/informelitoral.com.ar\/%77%70%2d%6a%73%6f%6e\/wp\/v2\/tags?post=139596"}],"curies":[{"name":"wp","href":"https:\/\/api.w.org\/{rel}","templated":true}]}}