{"id":139586,"date":"2023-04-18T10:41:38","date_gmt":"2023-04-18T13:41:38","guid":{"rendered":"https:\/\/www.informelitoral.com.ar\/?p=139586"},"modified":"2023-04-18T18:39:16","modified_gmt":"2023-04-18T21:39:16","slug":"boca-vs-deportivo-pereira-por-copa-libertadores-horario-formaciones-y-tv","status":"publish","type":"post","link":"https:\/\/informelitoral.com.ar\/boca-vs-deportivo-pereira-por-copa-libertadores-horario-formaciones-y-tv\/","title":{"rendered":"Boca vs Deportivo Pereira por Copa Libertadores: horario, formaciones y TV"},"content":{"rendered":"<section class=\"detail-body first-paragraph\">\n<section id=\"note-body\" class=\"body-content note-body content-protected-false\" data-twitter-link=\"https:\/\/twitter.com\/intent\/tweet?url=https:\/\/www.minutouno.com\/c5700432&amp;v\u00eda=Ambitocom&amp;related=MinutoUno&amp;text=\">\n<section class=\"detail-body first-paragraph\"><\/section>\n<p>Boca Juniors recibir\u00e1 este martes a Deportivo Pereira, de Colombia, en el primer partido de Jorge Almir\u00f3n por la Copa Libertadores, con la necesidad de ganar para cortar la racha negativa en La Bombonera. El partido correspondiente a la segunda fecha del grupo F se jugar\u00e1 a las 21, con arbitraje del uruguayo Andr\u00e9s Matonte y transmisi\u00f3n de Fox Sports y Star+.<\/p>\n<p>Luego del empate sin goles en Venezuela contra Monagas en el debut, Boca se presenta ante su gente en medio de la crisis futbol\u00edstica con la obligaci\u00f3n de ganar. El ciclo de Jorge Almir\u00f3n lleva dos derrotas en fila sin goles a favor y el duelo ante el debutante Pereira asoma como una oportunidad para enderezar el rumbo.<\/p>\n<p>El campe\u00f3n colombiano tambi\u00e9n arranc\u00f3 su primera participaci\u00f3n internacional con un empate 1-1, de local, ante Colo Colo, de Chile.<\/p>\n<p>La obsesi\u00f3n por la\u00a0s\u00e9ptima Copa Libertadores\u00a0aceler\u00f3 el fin del ciclo de Hugo Ibarra como entrenador y la dirigencia liderada por el vicepresidente Juan Rom\u00e1n Riquelme apost\u00f3 por Almir\u00f3n. El nuevo DT, finalista de la Copa Libertadores 2017 con Lan\u00fas, perdi\u00f3 en su estreno contra San Lorenzo (1-0) y el s\u00e1bado sufri\u00f3 un nuevo rev\u00e9s con la derrota por el mismo resultado ante Estudiantes de La Plata en La Bombonera.<\/p>\n<p>El p\u00fablico despidi\u00f3 al equipo con silbidos ya que en el \u00faltimos mes y medio solo gan\u00f3 dos partidos: 3-0 contra Barracas Central, de visitante, y 2-1 ante Olimpo, equipo del Federal A, por la Copa Argentina. Adem\u00e1s, el \u00faltimo triunfo en casa fue el pasado 19 de febrero por el torneo 2023 de la Liga Profesional contra Platense por 3-1 y despu\u00e9s hilvan\u00f3 un empate y tres derrotas en fila.<\/p>\n<p>Almir\u00f3n tendr\u00e1 que modificar el equipo ya que Facundo Roncaglia fue expulsado en el debut contra Monagas. En ese lugar regresar\u00e1 Nicol\u00e1s Figal, quien estaba suspendido por la tarjeta roja ante San Lorenzo, y formar\u00e1 dupla con Nicol\u00e1s Valentini, el reemplazante del lesionado y tambi\u00e9n suspendido Bruno Valdez.<\/p>\n<p>Almir\u00f3n tambi\u00e9n ratific\u00f3 al juvenil Valent\u00edn Barco en el lateral izquierdo ante la ausencia por lesi\u00f3n del colombiano Frank Fabra.<\/p>\n<p>En el mediocampo tambi\u00e9n habr\u00e1 variantes ya que Juan Ram\u00edrez finalmente sufri\u00f3 un desgarro y ser\u00e1 baja por algunas semanas. El paraguayo \u00d3scar Romero se retrasar\u00e1 unos metros y compartir\u00e1 la zona media con Guillermo \u00abPol\u00bb Fern\u00e1ndez, quien vuelve a la titularidad, y Alan Varela.<\/p>\n<p>El esquema 4-3-3 se completar\u00e1 con el tridente que integrar\u00e1n Dar\u00edo Benedetto, Norberto Briasco y Sebasti\u00e1n Villa. Pese a su situaci\u00f3n judicial, el colombiano es titular para el cuerpo t\u00e9cnico aunque en la \u00faltima pr\u00e1ctica haya probado con el uruguayo Miguel Merentiel.<\/p>\n<p>Luego de un 2022 so\u00f1ado con la conquista de la primera estrella de la historia del club, Deportivo Pereira todav\u00eda no se afianz\u00f3 este a\u00f1o y si bien lleva seis partidos sin perder, solo gan\u00f3 uno de los \u00faltimos nueve encuentros.<\/p>\n<p>En el torneo colombiano est\u00e1 en el puesto 12 de 20 con 17 puntos en 14 fechas cuando el l\u00edder, Aguilas Doradas, tiene 28.<\/p>\n<h4><strong>Probables formaciones de Boca vs Deportivo Pereira<\/strong><\/h4>\n<p><strong>Boca Juniors:<\/strong><br \/>\nSergio Romero; Luis Adv\u00edncula, Nicol\u00e1s Figal, Nicol\u00e1s Valentini y Valent\u00edn Barco; Guillermo Fern\u00e1ndez, Alan Varela y \u00d3scar Romero; Norberto Briasco, Dar\u00edo Benedetto y Sebasti\u00e1n Villa o Miguel Merentiel. DT: Jorge Almir\u00f3n.<\/p>\n<p><strong>Deportivo Pereira:<\/strong><br \/>\nAldair Quintana; Juan Zuluaga, Diego Hern\u00e1ndez, Geisson Perea, Carlos Ram\u00edrez y Jeison Su\u00e1rez; Johan Bocanegra, Yilmar Velazquez y Maicol Medina; \u00c1ngelo Rodr\u00edguez y Kevin Aladesanmi. DT: Alejandro Restrepo.<\/p>\n<p>Hora: 21. &#8211;\u00a0Estadio: La Bombonera.<br \/>\n\u00c1rbitro: Andr\u00e9s Matonte (Uruguay). &#8211;\u00a0VAR: Andr\u00e9s Cunha (Uruguay).<br \/>\nTV: Fox Sports y Star+.<\/p>\n<div id=\"publi-584\" class=\"publi C7\" data-publicidad=\"584\" data-nombre=\"Adsense medio\" data-tipo=\"html\"><\/div>\n<\/section>\n<\/section>\n","protected":false},"excerpt":{"rendered":"<p>Boca intentar\u00e1 revertir su imagen cuando reciba a Deportivo Pereira por Grupo F de la Copa Libertadores.<\/p>\n","protected":false},"author":8,"featured_media":139587,"comment_status":"open","ping_status":"open","sticky":false,"template":"","format":"standard","meta":{"fifu_image_url":"","fifu_image_alt":"","footnotes":""},"categories":[13],"tags":[384,400],"class_list":{"0":"post-139586","1":"post","2":"type-post","3":"status-publish","4":"format-standard","5":"has-post-thumbnail","7":"category-deportes","8":"tag-boca-juniors","9":"tag-copa-libertadores"},"yoast_head":"<title>Boca vs Deportivo Pereira por Copa Libertadores: horario, formaciones y TV - Informe Litoral<\/title>\n<meta name=\"robots\" content=\"index, follow, max-snippet:-1, max-image-preview:large, max-video-preview:-1\" \/>\n<link rel=\"canonical\" href=\"https:\/\/informelitoral.com.ar\/boca-vs-deportivo-pereira-por-copa-libertadores-horario-formaciones-y-tv\/\" \/>\n<meta property=\"og:locale\" content=\"es_ES\" \/>\n<meta property=\"og:type\" content=\"article\" \/>\n<meta property=\"og:title\" content=\"Boca vs Deportivo Pereira por Copa Libertadores: horario, formaciones y TV - Informe Litoral\" \/>\n<meta property=\"og:description\" content=\"Boca intentar\u00e1 revertir su imagen cuando reciba a Deportivo Pereira por Grupo F de la Copa Libertadores.\" \/>\n<meta property=\"og:url\" content=\"https:\/\/informelitoral.com.ar\/boca-vs-deportivo-pereira-por-copa-libertadores-horario-formaciones-y-tv\/\" \/>\n<meta property=\"og:site_name\" content=\"Informe Litoral\" \/>\n<meta property=\"article:publisher\" content=\"https:\/\/www.facebook.com\/informelitoral\/\" \/>\n<meta property=\"article:published_time\" content=\"2023-04-18T13:41:38+00:00\" \/>\n<meta property=\"article:modified_time\" content=\"2023-04-18T21:39:16+00:00\" \/>\n<meta property=\"og:image\" content=\"https:\/\/informelitoral.com.ar\/%77%70%2d%63%6f%6e%74%65%6e%74\/uploads\/2023\/04\/jorge-almironjpg.webp\" \/>\n\t<meta property=\"og:image:width\" content=\"610\" \/>\n\t<meta property=\"og:image:height\" content=\"457\" \/>\n\t<meta property=\"og:image:type\" content=\"image\/webp\" \/>\n<meta name=\"author\" content=\"Sebastian\" \/>\n<meta name=\"twitter:card\" content=\"summary_large_image\" \/>\n<meta name=\"twitter:creator\" content=\"@InformeLitoral\" \/>\n<meta name=\"twitter:site\" content=\"@InformeLitoral\" \/>\n<meta name=\"twitter:label1\" content=\"Escrito por\" \/>\n\t<meta name=\"twitter:data1\" content=\"Sebastian\" \/>\n\t<meta name=\"twitter:label2\" content=\"Tiempo de lectura\" \/>\n\t<meta name=\"twitter:data2\" content=\"3 minutos\" \/>\n<script type=\"application\/ld+json\" class=\"yoast-schema-graph\">{\"@context\":\"https:\\\/\\\/schema.org\",\"@graph\":[{\"@type\":\"Article\",\"@id\":\"https:\\\/\\\/informelitoral.com.ar\\\/boca-vs-deportivo-pereira-por-copa-libertadores-horario-formaciones-y-tv\\\/#article\",\"isPartOf\":{\"@id\":\"https:\\\/\\\/informelitoral.com.ar\\\/boca-vs-deportivo-pereira-por-copa-libertadores-horario-formaciones-y-tv\\\/\"},\"author\":{\"name\":\"Sebastian\",\"@id\":\"https:\\\/\\\/informelitoral.com.ar\\\/#\\\/schema\\\/person\\\/f05f9f461677119578717524b127d6d5\"},\"headline\":\"Boca vs Deportivo Pereira por Copa Libertadores: horario, formaciones y TV\",\"datePublished\":\"2023-04-18T13:41:38+00:00\",\"dateModified\":\"2023-04-18T21:39:16+00:00\",\"mainEntityOfPage\":{\"@id\":\"https:\\\/\\\/informelitoral.com.ar\\\/boca-vs-deportivo-pereira-por-copa-libertadores-horario-formaciones-y-tv\\\/\"},\"wordCount\":647,\"commentCount\":0,\"publisher\":{\"@id\":\"https:\\\/\\\/informelitoral.com.ar\\\/#organization\"},\"image\":{\"@id\":\"https:\\\/\\\/informelitoral.com.ar\\\/boca-vs-deportivo-pereira-por-copa-libertadores-horario-formaciones-y-tv\\\/#primaryimage\"},\"thumbnailUrl\":\"https:\\\/\\\/informelitoral.com.ar\\\/%77%70%2d%63%6f%6e%74%65%6e%74\\\/uploads\\\/2023\\\/04\\\/jorge-almironjpg.webp\",\"keywords\":[\"Boca Juniors\",\"Copa Libertadores\"],\"articleSection\":[\"Deportes\"],\"inLanguage\":\"es\",\"potentialAction\":[{\"@type\":\"CommentAction\",\"name\":\"Comment\",\"target\":[\"https:\\\/\\\/informelitoral.com.ar\\\/boca-vs-deportivo-pereira-por-copa-libertadores-horario-formaciones-y-tv\\\/#respond\"]}]},{\"@type\":\"WebPage\",\"@id\":\"https:\\\/\\\/informelitoral.com.ar\\\/boca-vs-deportivo-pereira-por-copa-libertadores-horario-formaciones-y-tv\\\/\",\"url\":\"https:\\\/\\\/informelitoral.com.ar\\\/boca-vs-deportivo-pereira-por-copa-libertadores-horario-formaciones-y-tv\\\/\",\"name\":\"Boca vs Deportivo Pereira por Copa Libertadores: horario, formaciones y TV - Informe Litoral\",\"isPartOf\":{\"@id\":\"https:\\\/\\\/informelitoral.com.ar\\\/#website\"},\"primaryImageOfPage\":{\"@id\":\"https:\\\/\\\/informelitoral.com.ar\\\/boca-vs-deportivo-pereira-por-copa-libertadores-horario-formaciones-y-tv\\\/#primaryimage\"},\"image\":{\"@id\":\"https:\\\/\\\/informelitoral.com.ar\\\/boca-vs-deportivo-pereira-por-copa-libertadores-horario-formaciones-y-tv\\\/#primaryimage\"},\"thumbnailUrl\":\"https:\\\/\\\/informelitoral.com.ar\\\/%77%70%2d%63%6f%6e%74%65%6e%74\\\/uploads\\\/2023\\\/04\\\/jorge-almironjpg.webp\",\"datePublished\":\"2023-04-18T13:41:38+00:00\",\"dateModified\":\"2023-04-18T21:39:16+00:00\",\"breadcrumb\":{\"@id\":\"https:\\\/\\\/informelitoral.com.ar\\\/boca-vs-deportivo-pereira-por-copa-libertadores-horario-formaciones-y-tv\\\/#breadcrumb\"},\"inLanguage\":\"es\",\"potentialAction\":[{\"@type\":\"ReadAction\",\"target\":[\"https:\\\/\\\/informelitoral.com.ar\\\/boca-vs-deportivo-pereira-por-copa-libertadores-horario-formaciones-y-tv\\\/\"]}]},{\"@type\":\"ImageObject\",\"inLanguage\":\"es\",\"@id\":\"https:\\\/\\\/informelitoral.com.ar\\\/boca-vs-deportivo-pereira-por-copa-libertadores-horario-formaciones-y-tv\\\/#primaryimage\",\"url\":\"https:\\\/\\\/informelitoral.com.ar\\\/%77%70%2d%63%6f%6e%74%65%6e%74\\\/uploads\\\/2023\\\/04\\\/jorge-almironjpg.webp\",\"contentUrl\":\"https:\\\/\\\/informelitoral.com.ar\\\/%77%70%2d%63%6f%6e%74%65%6e%74\\\/uploads\\\/2023\\\/04\\\/jorge-almironjpg.webp\",\"width\":610,\"height\":457},{\"@type\":\"BreadcrumbList\",\"@id\":\"https:\\\/\\\/informelitoral.com.ar\\\/boca-vs-deportivo-pereira-por-copa-libertadores-horario-formaciones-y-tv\\\/#breadcrumb\",\"itemListElement\":[{\"@type\":\"ListItem\",\"position\":1,\"name\":\"Portada\",\"item\":\"https:\\\/\\\/informelitoral.com.ar\\\/\"},{\"@type\":\"ListItem\",\"position\":2,\"name\":\"Boca vs Deportivo Pereira por Copa Libertadores: horario, formaciones y TV\"}]},{\"@type\":\"WebSite\",\"@id\":\"https:\\\/\\\/informelitoral.com.ar\\\/#website\",\"url\":\"https:\\\/\\\/informelitoral.com.ar\\\/\",\"name\":\"Informe Litoral\",\"description\":\"&quot;Nos informamos&quot; \",\"publisher\":{\"@id\":\"https:\\\/\\\/informelitoral.com.ar\\\/#organization\"},\"potentialAction\":[{\"@type\":\"SearchAction\",\"target\":{\"@type\":\"EntryPoint\",\"urlTemplate\":\"https:\\\/\\\/informelitoral.com.ar\\\/?s={search_term_string}\"},\"query-input\":{\"@type\":\"PropertyValueSpecification\",\"valueRequired\":true,\"valueName\":\"search_term_string\"}}],\"inLanguage\":\"es\"},{\"@type\":\"Organization\",\"@id\":\"https:\\\/\\\/informelitoral.com.ar\\\/#organization\",\"name\":\"Informe Litoral\",\"url\":\"https:\\\/\\\/informelitoral.com.ar\\\/\",\"logo\":{\"@type\":\"ImageObject\",\"inLanguage\":\"es\",\"@id\":\"https:\\\/\\\/informelitoral.com.ar\\\/#\\\/schema\\\/logo\\\/image\\\/\",\"url\":\"https:\\\/\\\/informelitoral.com.ar\\\/%77%70%2d%63%6f%6e%74%65%6e%74\\\/uploads\\\/2021\\\/01\\\/circulo.png\",\"contentUrl\":\"https:\\\/\\\/informelitoral.com.ar\\\/%77%70%2d%63%6f%6e%74%65%6e%74\\\/uploads\\\/2021\\\/01\\\/circulo.png\",\"width\":723,\"height\":731,\"caption\":\"Informe Litoral\"},\"image\":{\"@id\":\"https:\\\/\\\/informelitoral.com.ar\\\/#\\\/schema\\\/logo\\\/image\\\/\"},\"sameAs\":[\"https:\\\/\\\/www.facebook.com\\\/informelitoral\\\/\",\"https:\\\/\\\/x.com\\\/InformeLitoral\",\"https:\\\/\\\/www.instagram.com\\\/informelitoral\\\/\",\"https:\\\/\\\/www.youtube.com\\\/channel\\\/UCua4Qvz8Icb6MYqhoq9xLXw\"]},{\"@type\":\"Person\",\"@id\":\"https:\\\/\\\/informelitoral.com.ar\\\/#\\\/schema\\\/person\\\/f05f9f461677119578717524b127d6d5\",\"name\":\"Sebastian\",\"image\":{\"@type\":\"ImageObject\",\"inLanguage\":\"es\",\"@id\":\"https:\\\/\\\/secure.gravatar.com\\\/avatar\\\/b71bf7481d447dfb9583c7f2798e7cc64de6efb9067b74633ed8c31059a3bd82?s=96&d=mm&r=g\",\"url\":\"https:\\\/\\\/secure.gravatar.com\\\/avatar\\\/b71bf7481d447dfb9583c7f2798e7cc64de6efb9067b74633ed8c31059a3bd82?s=96&d=mm&r=g\",\"contentUrl\":\"https:\\\/\\\/secure.gravatar.com\\\/avatar\\\/b71bf7481d447dfb9583c7f2798e7cc64de6efb9067b74633ed8c31059a3bd82?s=96&d=mm&r=g\",\"caption\":\"Sebastian\"},\"url\":\"https:\\\/\\\/informelitoral.com.ar\\\/author\\\/sebastian\\\/\"}]}<\/script>","yoast_head_json":{"title":"Boca vs Deportivo Pereira por Copa Libertadores: horario, formaciones y TV - Informe Litoral","robots":{"index":"index","follow":"follow","max-snippet":"max-snippet:-1","max-image-preview":"max-image-preview:large","max-video-preview":"max-video-preview:-1"},"canonical":"https:\/\/informelitoral.com.ar\/boca-vs-deportivo-pereira-por-copa-libertadores-horario-formaciones-y-tv\/","og_locale":"es_ES","og_type":"article","og_title":"Boca vs Deportivo Pereira por Copa Libertadores: horario, formaciones y TV - Informe Litoral","og_description":"Boca intentar\u00e1 revertir su imagen cuando reciba a Deportivo Pereira por Grupo F de la Copa Libertadores.","og_url":"https:\/\/informelitoral.com.ar\/boca-vs-deportivo-pereira-por-copa-libertadores-horario-formaciones-y-tv\/","og_site_name":"Informe Litoral","article_publisher":"https:\/\/www.facebook.com\/informelitoral\/","article_published_time":"2023-04-18T13:41:38+00:00","article_modified_time":"2023-04-18T21:39:16+00:00","og_image":[{"width":610,"height":457,"url":"https:\/\/informelitoral.com.ar\/%77%70%2d%63%6f%6e%74%65%6e%74\/uploads\/2023\/04\/jorge-almironjpg.webp","type":"image\/webp"}],"author":"Sebastian","twitter_card":"summary_large_image","twitter_creator":"@InformeLitoral","twitter_site":"@InformeLitoral","twitter_misc":{"Escrito por":"Sebastian","Tiempo de lectura":"3 minutos"},"schema":{"@context":"https:\/\/schema.org","@graph":[{"@type":"Article","@id":"https:\/\/informelitoral.com.ar\/boca-vs-deportivo-pereira-por-copa-libertadores-horario-formaciones-y-tv\/#article","isPartOf":{"@id":"https:\/\/informelitoral.com.ar\/boca-vs-deportivo-pereira-por-copa-libertadores-horario-formaciones-y-tv\/"},"author":{"name":"Sebastian","@id":"https:\/\/informelitoral.com.ar\/#\/schema\/person\/f05f9f461677119578717524b127d6d5"},"headline":"Boca vs Deportivo Pereira por Copa Libertadores: horario, formaciones y TV","datePublished":"2023-04-18T13:41:38+00:00","dateModified":"2023-04-18T21:39:16+00:00","mainEntityOfPage":{"@id":"https:\/\/informelitoral.com.ar\/boca-vs-deportivo-pereira-por-copa-libertadores-horario-formaciones-y-tv\/"},"wordCount":647,"commentCount":0,"publisher":{"@id":"https:\/\/informelitoral.com.ar\/#organization"},"image":{"@id":"https:\/\/informelitoral.com.ar\/boca-vs-deportivo-pereira-por-copa-libertadores-horario-formaciones-y-tv\/#primaryimage"},"thumbnailUrl":"https:\/\/informelitoral.com.ar\/%77%70%2d%63%6f%6e%74%65%6e%74\/uploads\/2023\/04\/jorge-almironjpg.webp","keywords":["Boca Juniors","Copa Libertadores"],"articleSection":["Deportes"],"inLanguage":"es","potentialAction":[{"@type":"CommentAction","name":"Comment","target":["https:\/\/informelitoral.com.ar\/boca-vs-deportivo-pereira-por-copa-libertadores-horario-formaciones-y-tv\/#respond"]}]},{"@type":"WebPage","@id":"https:\/\/informelitoral.com.ar\/boca-vs-deportivo-pereira-por-copa-libertadores-horario-formaciones-y-tv\/","url":"https:\/\/informelitoral.com.ar\/boca-vs-deportivo-pereira-por-copa-libertadores-horario-formaciones-y-tv\/","name":"Boca vs Deportivo Pereira por Copa Libertadores: horario, formaciones y TV - Informe Litoral","isPartOf":{"@id":"https:\/\/informelitoral.com.ar\/#website"},"primaryImageOfPage":{"@id":"https:\/\/informelitoral.com.ar\/boca-vs-deportivo-pereira-por-copa-libertadores-horario-formaciones-y-tv\/#primaryimage"},"image":{"@id":"https:\/\/informelitoral.com.ar\/boca-vs-deportivo-pereira-por-copa-libertadores-horario-formaciones-y-tv\/#primaryimage"},"thumbnailUrl":"https:\/\/informelitoral.com.ar\/%77%70%2d%63%6f%6e%74%65%6e%74\/uploads\/2023\/04\/jorge-almironjpg.webp","datePublished":"2023-04-18T13:41:38+00:00","dateModified":"2023-04-18T21:39:16+00:00","breadcrumb":{"@id":"https:\/\/informelitoral.com.ar\/boca-vs-deportivo-pereira-por-copa-libertadores-horario-formaciones-y-tv\/#breadcrumb"},"inLanguage":"es","potentialAction":[{"@type":"ReadAction","target":["https:\/\/informelitoral.com.ar\/boca-vs-deportivo-pereira-por-copa-libertadores-horario-formaciones-y-tv\/"]}]},{"@type":"ImageObject","inLanguage":"es","@id":"https:\/\/informelitoral.com.ar\/boca-vs-deportivo-pereira-por-copa-libertadores-horario-formaciones-y-tv\/#primaryimage","url":"https:\/\/informelitoral.com.ar\/%77%70%2d%63%6f%6e%74%65%6e%74\/uploads\/2023\/04\/jorge-almironjpg.webp","contentUrl":"https:\/\/informelitoral.com.ar\/%77%70%2d%63%6f%6e%74%65%6e%74\/uploads\/2023\/04\/jorge-almironjpg.webp","width":610,"height":457},{"@type":"BreadcrumbList","@id":"https:\/\/informelitoral.com.ar\/boca-vs-deportivo-pereira-por-copa-libertadores-horario-formaciones-y-tv\/#breadcrumb","itemListElement":[{"@type":"ListItem","position":1,"name":"Portada","item":"https:\/\/informelitoral.com.ar\/"},{"@type":"ListItem","position":2,"name":"Boca vs Deportivo Pereira por Copa Libertadores: horario, formaciones y TV"}]},{"@type":"WebSite","@id":"https:\/\/informelitoral.com.ar\/#website","url":"https:\/\/informelitoral.com.ar\/","name":"Informe Litoral","description":"&quot;Nos informamos&quot; ","publisher":{"@id":"https:\/\/informelitoral.com.ar\/#organization"},"potentialAction":[{"@type":"SearchAction","target":{"@type":"EntryPoint","urlTemplate":"https:\/\/informelitoral.com.ar\/?s={search_term_string}"},"query-input":{"@type":"PropertyValueSpecification","valueRequired":true,"valueName":"search_term_string"}}],"inLanguage":"es"},{"@type":"Organization","@id":"https:\/\/informelitoral.com.ar\/#organization","name":"Informe Litoral","url":"https:\/\/informelitoral.com.ar\/","logo":{"@type":"ImageObject","inLanguage":"es","@id":"https:\/\/informelitoral.com.ar\/#\/schema\/logo\/image\/","url":"https:\/\/informelitoral.com.ar\/%77%70%2d%63%6f%6e%74%65%6e%74\/uploads\/2021\/01\/circulo.png","contentUrl":"https:\/\/informelitoral.com.ar\/%77%70%2d%63%6f%6e%74%65%6e%74\/uploads\/2021\/01\/circulo.png","width":723,"height":731,"caption":"Informe Litoral"},"image":{"@id":"https:\/\/informelitoral.com.ar\/#\/schema\/logo\/image\/"},"sameAs":["https:\/\/www.facebook.com\/informelitoral\/","https:\/\/x.com\/InformeLitoral","https:\/\/www.instagram.com\/informelitoral\/","https:\/\/www.youtube.com\/channel\/UCua4Qvz8Icb6MYqhoq9xLXw"]},{"@type":"Person","@id":"https:\/\/informelitoral.com.ar\/#\/schema\/person\/f05f9f461677119578717524b127d6d5","name":"Sebastian","image":{"@type":"ImageObject","inLanguage":"es","@id":"https:\/\/secure.gravatar.com\/avatar\/b71bf7481d447dfb9583c7f2798e7cc64de6efb9067b74633ed8c31059a3bd82?s=96&d=mm&r=g","url":"https:\/\/secure.gravatar.com\/avatar\/b71bf7481d447dfb9583c7f2798e7cc64de6efb9067b74633ed8c31059a3bd82?s=96&d=mm&r=g","contentUrl":"https:\/\/secure.gravatar.com\/avatar\/b71bf7481d447dfb9583c7f2798e7cc64de6efb9067b74633ed8c31059a3bd82?s=96&d=mm&r=g","caption":"Sebastian"},"url":"https:\/\/informelitoral.com.ar\/author\/sebastian\/"}]}},"_links":{"self":[{"href":"https:\/\/informelitoral.com.ar\/%77%70%2d%6a%73%6f%6e\/wp\/v2\/posts\/139586","targetHints":{"allow":["GET"]}}],"collection":[{"href":"https:\/\/informelitoral.com.ar\/%77%70%2d%6a%73%6f%6e\/wp\/v2\/posts"}],"about":[{"href":"https:\/\/informelitoral.com.ar\/%77%70%2d%6a%73%6f%6e\/wp\/v2\/types\/post"}],"author":[{"embeddable":true,"href":"https:\/\/informelitoral.com.ar\/%77%70%2d%6a%73%6f%6e\/wp\/v2\/users\/8"}],"replies":[{"embeddable":true,"href":"https:\/\/informelitoral.com.ar\/%77%70%2d%6a%73%6f%6e\/wp\/v2\/comments?post=139586"}],"version-history":[{"count":0,"href":"https:\/\/informelitoral.com.ar\/%77%70%2d%6a%73%6f%6e\/wp\/v2\/posts\/139586\/revisions"}],"wp:featuredmedia":[{"embeddable":true,"href":"https:\/\/informelitoral.com.ar\/%77%70%2d%6a%73%6f%6e\/wp\/v2\/media\/139587"}],"wp:attachment":[{"href":"https:\/\/informelitoral.com.ar\/%77%70%2d%6a%73%6f%6e\/wp\/v2\/media?parent=139586"}],"wp:term":[{"taxonomy":"category","embeddable":true,"href":"https:\/\/informelitoral.com.ar\/%77%70%2d%6a%73%6f%6e\/wp\/v2\/categories?post=139586"},{"taxonomy":"post_tag","embeddable":true,"href":"https:\/\/informelitoral.com.ar\/%77%70%2d%6a%73%6f%6e\/wp\/v2\/tags?post=139586"}],"curies":[{"name":"wp","href":"https:\/\/api.w.org\/{rel}","templated":true}]}}