{"id":138599,"date":"2023-04-14T20:42:40","date_gmt":"2023-04-14T23:42:40","guid":{"rendered":"https:\/\/www.informelitoral.com.ar\/?p=138599"},"modified":"2023-04-14T20:42:40","modified_gmt":"2023-04-14T23:42:40","slug":"la-inflacion-fue-de-77-en-marzo-y-alcanzo-1043-en-el-ultimo-ano","status":"publish","type":"post","link":"https:\/\/informelitoral.com.ar\/la-inflacion-fue-de-77-en-marzo-y-alcanzo-1043-en-el-ultimo-ano\/","title":{"rendered":"La inflaci\u00f3n fue de 7,7% en marzo y alcanz\u00f3 104,3% en el \u00faltimo a\u00f1o"},"content":{"rendered":"<p>La inflaci\u00f3n de marzo se ubic\u00f3 en 7,7%, lo que implic\u00f3 que la suba de precios alcanzara el 104,3% interanual. El dato que oficialmente public\u00f3 el INDEC esta tarde volvi\u00f3 a marcar una suba respecto del mes anterior, cuando el registro se ubic\u00f3 en 6,6 por ciento. As\u00ed, el trimestre cerrar\u00e1 con una inflaci\u00f3n por encima de 21,7% acumulado, lo que deja un alto piso para el resto del a\u00f1o.<\/p>\n<p>El registro de marzo adem\u00e1s, marca un nivel a\u00fan m\u00e1s alto del que, en plena corrida cambiaria por la salida del ex ministro de Econom\u00eda, Mart\u00edn Guzm\u00e1n y el repentino endurecimiento a las restricciones a la importaci\u00f3n, alcanz\u00f3 en julio de 2022. En esa ocasi\u00f3n, hab\u00eda llegado a 7,4 por ciento.<\/p>\n<p>El rubro que m\u00e1s aumento registr\u00f3 fue Educaci\u00f3n, con un alza de 29,1%, \u201cpor las subas en todos los niveles educativos al inicio del ciclo lectivo\u201d, seg\u00fan explic\u00f3 el informe del Indec.<\/p>\n<p>La categor\u00eda de mayor ponderaci\u00f3n del \u00edndice, Alimentos y bebidas no alcoh\u00f3licas, anot\u00f3 una suba del 9,3% en el mes y fue adem\u00e1s el incremento que m\u00e1s incidi\u00f3 en todas las regiones del pa\u00eds. En el an\u00e1lisis dentro de la categor\u00eda, \u201csobresali\u00f3 la suba de Carnes y derivados. A su vez, aunque con menor magnitud, se destacaron las subas en Verduras, tub\u00e9rculos y legumbres, seguidas por Leche, productos l\u00e1cteos y huevos; y finalmente por Frutas\u201d.<\/p>\n<p>Adem\u00e1s de los mencionados, hubo otros rubros con aumentos por encima de la inflaci\u00f3n promedio. Es el caso de Prendas de vestir y calzado (9,4%), (\u201den coincidencia con el cambio de temporada\u201d, seg\u00fan el Indec) y Bebidas alcoh\u00f3licas y tabaco (8,3%). La reducci\u00f3n de subsidios de los servicios de agua, gas y electricidad en algunas regiones impact\u00f3 en Vivienda, agua, electricidad y otros combustibles (6,5%) y de Combustibles y transporte p\u00fablico, dentro de la divisi\u00f3n Transporte (5,3%).<\/p>\n<p>Si bien se espera un menor ritmo de avance para el mes en curso, las primeras mediciones privadas arrojan guarismos levemente por debajo de la medici\u00f3n que se acaba de conocer pero todav\u00eda por encima de 6%, lo que implicar\u00eda que la inflaci\u00f3n anual superar\u00e1 c\u00f3modamente el 100% anual. Esto vuelve a quedar lejos de las \u00faltimas proyecciones difundidas por el Fondo Monetario en el marco de la Asamblea Anual de Primavera a principios de semana, cuando el organismo reconoci\u00f3 una correcci\u00f3n en su estimaci\u00f3n y la llev\u00f3 a 88% para 2023. El consenso del mercado, sin embargo, est\u00e1 muy por encima de eso y, otra vez, preocupa el fuerte avance del precio de los alimentos, que seg\u00fan todas las mediciones privadas, se mantienen por encima del nivel general.<\/p>\n<p>El dato super\u00f3 la expectativa del consesnso de economistas consultados en el \u00faltimo Relevamiento de Expectativas de Mercado que realiza el Banco Central (REM), en que se proyect\u00f3 una inflaci\u00f3n para mes pasado de 7% mientras. Para abril, el REM proyecta que podr\u00eda bajar a 6,3% para mantenerse en torno a ese nivel hasta septiembre. De acuerdo a la proyecci\u00f3n del consenso de los analistas consultados por la autoridad monetaria, la inflaci\u00f3n de este a\u00f1o se ubicar\u00e1 en 110%, lo que implica un salto de 10 puntos respecto a la estimaci\u00f3n de tan s\u00f3lo el mes anterior.<\/p>\n<p>Un primer indicio del alto nivel de inflaci\u00f3n de marzo se encontr\u00f3 el IPC porte\u00f1o, que registr\u00f3 una suba de 7,1% con un fuerte aumento en el rubro Educaci\u00f3n y, tambi\u00e9n, un gran impulso del precio de los alimentos que subieron 9,1% en la medici\u00f3n de CABA.<\/p>\n<p>En la semana, tambi\u00e9n se conoci\u00f3 la medici\u00f3n de \u201cinflaci\u00f3n de los trabajadores\u201d que realiza la Universidad Metropolitana para la Educaci\u00f3n y el Trabajo (UMET) cuyo \u00ednidce se ubic\u00f3 en un 7,5% en marzo, alcanzando un alza superior al 20% durante el primer trimestre del a\u00f1o.<\/p>\n<p>Se trata de un informe elaborado por el Instituto de Estad\u00edstica de los Trabajadores (IET) de la UMET y el Centro para la Concertaci\u00f3n y el Desarrollo (CCD). El estudio reflej\u00f3 que el alza de marzo estuvo motorizada por Comunicaciones (+12%), impulsada por alzas superiores al 15% en telefon\u00eda celular. En segundo lugar, aparecen otros bienes y servicios (+9,7%) empujados por productos de higiene personal (como papel higi\u00e9nico, cepillos de dientes, pa\u00f1ales y jab\u00f3n de tocador) y cigarrillos. En tanto que Alimentos y bebidas, el cap\u00edtulo de mayor peso en la canasta, trep\u00f3 8,3% en marzo, con el alza de infusiones, frutas y carnes.<\/p>\n<p>Los especialistas del IET revelaron en el informe que \u201ctodos los cap\u00edtulos de la canasta subieron por encima del 4% mensual, lo que denota una inflaci\u00f3n generalizada en la mayor\u00eda de los rubros\u201d y precisaron que \u201cde este modo, la inflaci\u00f3n alcanz\u00f3 el 20,6% en el primer trimestre del a\u00f1o, cifra que se transforma en un 112% de manera anualizada. <em>(Infobae)<\/em><\/p>\n","protected":false},"excerpt":{"rendered":"<p>Con el registro del mes pasado, el IPC acumul\u00f3 una suba de 21,7% en el primer trimestre, lo que deja un piso elevado para el resto del a\u00f1o; fuerte aumento del rubro Educaci\u00f3n y una suba del 9,3% en Alimentos y bebidas.<\/p>\n","protected":false},"author":2,"featured_media":24321,"comment_status":"open","ping_status":"open","sticky":false,"template":"","format":"standard","meta":{"fifu_image_url":"","fifu_image_alt":"","footnotes":""},"categories":[1594,7],"tags":[78,95,32],"class_list":{"0":"post-138599","1":"post","2":"type-post","3":"status-publish","4":"format-standard","5":"has-post-thumbnail","7":"category-economia","8":"category-nacionales","9":"tag-indec","10":"tag-inflacion","11":"tag-precios"},"yoast_head":"<title>La inflaci\u00f3n fue de 7,7% en marzo y alcanz\u00f3 104,3% en el \u00faltimo a\u00f1o - Informe Litoral<\/title>\n<meta name=\"robots\" content=\"index, follow, max-snippet:-1, max-image-preview:large, max-video-preview:-1\" \/>\n<link rel=\"canonical\" href=\"https:\/\/informelitoral.com.ar\/la-inflacion-fue-de-77-en-marzo-y-alcanzo-1043-en-el-ultimo-ano\/\" \/>\n<meta property=\"og:locale\" content=\"es_ES\" \/>\n<meta property=\"og:type\" content=\"article\" \/>\n<meta property=\"og:title\" content=\"La inflaci\u00f3n fue de 7,7% en marzo y alcanz\u00f3 104,3% en el \u00faltimo a\u00f1o - Informe Litoral\" \/>\n<meta property=\"og:description\" content=\"Con el registro del mes pasado, el IPC acumul\u00f3 una suba de 21,7% en el primer trimestre, lo que deja un piso elevado para el resto del a\u00f1o; fuerte aumento del rubro Educaci\u00f3n y una suba del 9,3% en Alimentos y bebidas.\" \/>\n<meta property=\"og:url\" content=\"https:\/\/informelitoral.com.ar\/la-inflacion-fue-de-77-en-marzo-y-alcanzo-1043-en-el-ultimo-ano\/\" \/>\n<meta property=\"og:site_name\" content=\"Informe Litoral\" \/>\n<meta property=\"article:publisher\" content=\"https:\/\/www.facebook.com\/informelitoral\/\" \/>\n<meta property=\"article:published_time\" content=\"2023-04-14T23:42:40+00:00\" \/>\n<meta property=\"og:image\" content=\"https:\/\/informelitoral.com.ar\/%77%70%2d%63%6f%6e%74%65%6e%74\/uploads\/2017\/12\/inflacion-y-precios-2451203w620.jpg\" \/>\n\t<meta property=\"og:image:width\" content=\"620\" \/>\n\t<meta property=\"og:image:height\" content=\"348\" \/>\n\t<meta property=\"og:image:type\" content=\"image\/jpeg\" \/>\n<meta name=\"author\" content=\"Gonzalo Schmidt\" \/>\n<meta name=\"twitter:card\" content=\"summary_large_image\" \/>\n<meta name=\"twitter:creator\" content=\"@InformeLitoral\" \/>\n<meta name=\"twitter:site\" content=\"@InformeLitoral\" \/>\n<meta name=\"twitter:label1\" content=\"Escrito por\" \/>\n\t<meta name=\"twitter:data1\" content=\"Gonzalo Schmidt\" \/>\n\t<meta name=\"twitter:label2\" content=\"Tiempo de lectura\" \/>\n\t<meta name=\"twitter:data2\" content=\"4 minutos\" \/>\n<script type=\"application\/ld+json\" class=\"yoast-schema-graph\">{\"@context\":\"https:\\\/\\\/schema.org\",\"@graph\":[{\"@type\":\"Article\",\"@id\":\"https:\\\/\\\/informelitoral.com.ar\\\/la-inflacion-fue-de-77-en-marzo-y-alcanzo-1043-en-el-ultimo-ano\\\/#article\",\"isPartOf\":{\"@id\":\"https:\\\/\\\/informelitoral.com.ar\\\/la-inflacion-fue-de-77-en-marzo-y-alcanzo-1043-en-el-ultimo-ano\\\/\"},\"author\":{\"name\":\"Gonzalo Schmidt\",\"@id\":\"https:\\\/\\\/informelitoral.com.ar\\\/#\\\/schema\\\/person\\\/b9d00407c836482871ef1d57bf8e3180\"},\"headline\":\"La inflaci\u00f3n fue de 7,7% en marzo y alcanz\u00f3 104,3% en el \u00faltimo a\u00f1o\",\"datePublished\":\"2023-04-14T23:42:40+00:00\",\"mainEntityOfPage\":{\"@id\":\"https:\\\/\\\/informelitoral.com.ar\\\/la-inflacion-fue-de-77-en-marzo-y-alcanzo-1043-en-el-ultimo-ano\\\/\"},\"wordCount\":841,\"commentCount\":0,\"publisher\":{\"@id\":\"https:\\\/\\\/informelitoral.com.ar\\\/#organization\"},\"image\":{\"@id\":\"https:\\\/\\\/informelitoral.com.ar\\\/la-inflacion-fue-de-77-en-marzo-y-alcanzo-1043-en-el-ultimo-ano\\\/#primaryimage\"},\"thumbnailUrl\":\"https:\\\/\\\/informelitoral.com.ar\\\/%77%70%2d%63%6f%6e%74%65%6e%74\\\/uploads\\\/2017\\\/12\\\/inflacion-y-precios-2451203w620.jpg\",\"keywords\":[\"Indec\",\"Inflaci\u00f3n\",\"precios\"],\"articleSection\":[\"Econom\u00eda\",\"Nacionales\"],\"inLanguage\":\"es\",\"potentialAction\":[{\"@type\":\"CommentAction\",\"name\":\"Comment\",\"target\":[\"https:\\\/\\\/informelitoral.com.ar\\\/la-inflacion-fue-de-77-en-marzo-y-alcanzo-1043-en-el-ultimo-ano\\\/#respond\"]}]},{\"@type\":\"WebPage\",\"@id\":\"https:\\\/\\\/informelitoral.com.ar\\\/la-inflacion-fue-de-77-en-marzo-y-alcanzo-1043-en-el-ultimo-ano\\\/\",\"url\":\"https:\\\/\\\/informelitoral.com.ar\\\/la-inflacion-fue-de-77-en-marzo-y-alcanzo-1043-en-el-ultimo-ano\\\/\",\"name\":\"La inflaci\u00f3n fue de 7,7% en marzo y alcanz\u00f3 104,3% en el \u00faltimo a\u00f1o - Informe Litoral\",\"isPartOf\":{\"@id\":\"https:\\\/\\\/informelitoral.com.ar\\\/#website\"},\"primaryImageOfPage\":{\"@id\":\"https:\\\/\\\/informelitoral.com.ar\\\/la-inflacion-fue-de-77-en-marzo-y-alcanzo-1043-en-el-ultimo-ano\\\/#primaryimage\"},\"image\":{\"@id\":\"https:\\\/\\\/informelitoral.com.ar\\\/la-inflacion-fue-de-77-en-marzo-y-alcanzo-1043-en-el-ultimo-ano\\\/#primaryimage\"},\"thumbnailUrl\":\"https:\\\/\\\/informelitoral.com.ar\\\/%77%70%2d%63%6f%6e%74%65%6e%74\\\/uploads\\\/2017\\\/12\\\/inflacion-y-precios-2451203w620.jpg\",\"datePublished\":\"2023-04-14T23:42:40+00:00\",\"breadcrumb\":{\"@id\":\"https:\\\/\\\/informelitoral.com.ar\\\/la-inflacion-fue-de-77-en-marzo-y-alcanzo-1043-en-el-ultimo-ano\\\/#breadcrumb\"},\"inLanguage\":\"es\",\"potentialAction\":[{\"@type\":\"ReadAction\",\"target\":[\"https:\\\/\\\/informelitoral.com.ar\\\/la-inflacion-fue-de-77-en-marzo-y-alcanzo-1043-en-el-ultimo-ano\\\/\"]}]},{\"@type\":\"ImageObject\",\"inLanguage\":\"es\",\"@id\":\"https:\\\/\\\/informelitoral.com.ar\\\/la-inflacion-fue-de-77-en-marzo-y-alcanzo-1043-en-el-ultimo-ano\\\/#primaryimage\",\"url\":\"https:\\\/\\\/informelitoral.com.ar\\\/%77%70%2d%63%6f%6e%74%65%6e%74\\\/uploads\\\/2017\\\/12\\\/inflacion-y-precios-2451203w620.jpg\",\"contentUrl\":\"https:\\\/\\\/informelitoral.com.ar\\\/%77%70%2d%63%6f%6e%74%65%6e%74\\\/uploads\\\/2017\\\/12\\\/inflacion-y-precios-2451203w620.jpg\",\"width\":620,\"height\":348},{\"@type\":\"BreadcrumbList\",\"@id\":\"https:\\\/\\\/informelitoral.com.ar\\\/la-inflacion-fue-de-77-en-marzo-y-alcanzo-1043-en-el-ultimo-ano\\\/#breadcrumb\",\"itemListElement\":[{\"@type\":\"ListItem\",\"position\":1,\"name\":\"Portada\",\"item\":\"https:\\\/\\\/informelitoral.com.ar\\\/\"},{\"@type\":\"ListItem\",\"position\":2,\"name\":\"La inflaci\u00f3n fue de 7,7% en marzo y alcanz\u00f3 104,3% en el \u00faltimo a\u00f1o\"}]},{\"@type\":\"WebSite\",\"@id\":\"https:\\\/\\\/informelitoral.com.ar\\\/#website\",\"url\":\"https:\\\/\\\/informelitoral.com.ar\\\/\",\"name\":\"Informe Litoral\",\"description\":\"&quot;Nos informamos&quot; \",\"publisher\":{\"@id\":\"https:\\\/\\\/informelitoral.com.ar\\\/#organization\"},\"potentialAction\":[{\"@type\":\"SearchAction\",\"target\":{\"@type\":\"EntryPoint\",\"urlTemplate\":\"https:\\\/\\\/informelitoral.com.ar\\\/?s={search_term_string}\"},\"query-input\":{\"@type\":\"PropertyValueSpecification\",\"valueRequired\":true,\"valueName\":\"search_term_string\"}}],\"inLanguage\":\"es\"},{\"@type\":\"Organization\",\"@id\":\"https:\\\/\\\/informelitoral.com.ar\\\/#organization\",\"name\":\"Informe Litoral\",\"url\":\"https:\\\/\\\/informelitoral.com.ar\\\/\",\"logo\":{\"@type\":\"ImageObject\",\"inLanguage\":\"es\",\"@id\":\"https:\\\/\\\/informelitoral.com.ar\\\/#\\\/schema\\\/logo\\\/image\\\/\",\"url\":\"https:\\\/\\\/informelitoral.com.ar\\\/%77%70%2d%63%6f%6e%74%65%6e%74\\\/uploads\\\/2021\\\/01\\\/circulo.png\",\"contentUrl\":\"https:\\\/\\\/informelitoral.com.ar\\\/%77%70%2d%63%6f%6e%74%65%6e%74\\\/uploads\\\/2021\\\/01\\\/circulo.png\",\"width\":723,\"height\":731,\"caption\":\"Informe Litoral\"},\"image\":{\"@id\":\"https:\\\/\\\/informelitoral.com.ar\\\/#\\\/schema\\\/logo\\\/image\\\/\"},\"sameAs\":[\"https:\\\/\\\/www.facebook.com\\\/informelitoral\\\/\",\"https:\\\/\\\/x.com\\\/InformeLitoral\",\"https:\\\/\\\/www.instagram.com\\\/informelitoral\\\/\",\"https:\\\/\\\/www.youtube.com\\\/channel\\\/UCua4Qvz8Icb6MYqhoq9xLXw\"]},{\"@type\":\"Person\",\"@id\":\"https:\\\/\\\/informelitoral.com.ar\\\/#\\\/schema\\\/person\\\/b9d00407c836482871ef1d57bf8e3180\",\"name\":\"Gonzalo Schmidt\",\"image\":{\"@type\":\"ImageObject\",\"inLanguage\":\"es\",\"@id\":\"https:\\\/\\\/secure.gravatar.com\\\/avatar\\\/31a1a7b66ff2de83bd0e9fd79d026630d2d99e55e8bfe501287647b4fd9743de?s=96&d=mm&r=g\",\"url\":\"https:\\\/\\\/secure.gravatar.com\\\/avatar\\\/31a1a7b66ff2de83bd0e9fd79d026630d2d99e55e8bfe501287647b4fd9743de?s=96&d=mm&r=g\",\"contentUrl\":\"https:\\\/\\\/secure.gravatar.com\\\/avatar\\\/31a1a7b66ff2de83bd0e9fd79d026630d2d99e55e8bfe501287647b4fd9743de?s=96&d=mm&r=g\",\"caption\":\"Gonzalo Schmidt\"},\"description\":\"Sitio web de noticias de la provincia de Entre R\u00edos, Argentina. Informaci\u00f3n y entretenimiento. Informe Litoral, nos informamos.\",\"sameAs\":[\"http:\\\/\\\/www.isletasnoticias.com.ar\"],\"url\":\"https:\\\/\\\/informelitoral.com.ar\\\/author\\\/gonzalo\\\/\"}]}<\/script>","yoast_head_json":{"title":"La inflaci\u00f3n fue de 7,7% en marzo y alcanz\u00f3 104,3% en el \u00faltimo a\u00f1o - Informe Litoral","robots":{"index":"index","follow":"follow","max-snippet":"max-snippet:-1","max-image-preview":"max-image-preview:large","max-video-preview":"max-video-preview:-1"},"canonical":"https:\/\/informelitoral.com.ar\/la-inflacion-fue-de-77-en-marzo-y-alcanzo-1043-en-el-ultimo-ano\/","og_locale":"es_ES","og_type":"article","og_title":"La inflaci\u00f3n fue de 7,7% en marzo y alcanz\u00f3 104,3% en el \u00faltimo a\u00f1o - Informe Litoral","og_description":"Con el registro del mes pasado, el IPC acumul\u00f3 una suba de 21,7% en el primer trimestre, lo que deja un piso elevado para el resto del a\u00f1o; fuerte aumento del rubro Educaci\u00f3n y una suba del 9,3% en Alimentos y bebidas.","og_url":"https:\/\/informelitoral.com.ar\/la-inflacion-fue-de-77-en-marzo-y-alcanzo-1043-en-el-ultimo-ano\/","og_site_name":"Informe Litoral","article_publisher":"https:\/\/www.facebook.com\/informelitoral\/","article_published_time":"2023-04-14T23:42:40+00:00","og_image":[{"width":620,"height":348,"url":"https:\/\/informelitoral.com.ar\/%77%70%2d%63%6f%6e%74%65%6e%74\/uploads\/2017\/12\/inflacion-y-precios-2451203w620.jpg","type":"image\/jpeg"}],"author":"Gonzalo Schmidt","twitter_card":"summary_large_image","twitter_creator":"@InformeLitoral","twitter_site":"@InformeLitoral","twitter_misc":{"Escrito por":"Gonzalo Schmidt","Tiempo de lectura":"4 minutos"},"schema":{"@context":"https:\/\/schema.org","@graph":[{"@type":"Article","@id":"https:\/\/informelitoral.com.ar\/la-inflacion-fue-de-77-en-marzo-y-alcanzo-1043-en-el-ultimo-ano\/#article","isPartOf":{"@id":"https:\/\/informelitoral.com.ar\/la-inflacion-fue-de-77-en-marzo-y-alcanzo-1043-en-el-ultimo-ano\/"},"author":{"name":"Gonzalo Schmidt","@id":"https:\/\/informelitoral.com.ar\/#\/schema\/person\/b9d00407c836482871ef1d57bf8e3180"},"headline":"La inflaci\u00f3n fue de 7,7% en marzo y alcanz\u00f3 104,3% en el \u00faltimo a\u00f1o","datePublished":"2023-04-14T23:42:40+00:00","mainEntityOfPage":{"@id":"https:\/\/informelitoral.com.ar\/la-inflacion-fue-de-77-en-marzo-y-alcanzo-1043-en-el-ultimo-ano\/"},"wordCount":841,"commentCount":0,"publisher":{"@id":"https:\/\/informelitoral.com.ar\/#organization"},"image":{"@id":"https:\/\/informelitoral.com.ar\/la-inflacion-fue-de-77-en-marzo-y-alcanzo-1043-en-el-ultimo-ano\/#primaryimage"},"thumbnailUrl":"https:\/\/informelitoral.com.ar\/%77%70%2d%63%6f%6e%74%65%6e%74\/uploads\/2017\/12\/inflacion-y-precios-2451203w620.jpg","keywords":["Indec","Inflaci\u00f3n","precios"],"articleSection":["Econom\u00eda","Nacionales"],"inLanguage":"es","potentialAction":[{"@type":"CommentAction","name":"Comment","target":["https:\/\/informelitoral.com.ar\/la-inflacion-fue-de-77-en-marzo-y-alcanzo-1043-en-el-ultimo-ano\/#respond"]}]},{"@type":"WebPage","@id":"https:\/\/informelitoral.com.ar\/la-inflacion-fue-de-77-en-marzo-y-alcanzo-1043-en-el-ultimo-ano\/","url":"https:\/\/informelitoral.com.ar\/la-inflacion-fue-de-77-en-marzo-y-alcanzo-1043-en-el-ultimo-ano\/","name":"La inflaci\u00f3n fue de 7,7% en marzo y alcanz\u00f3 104,3% en el \u00faltimo a\u00f1o - Informe Litoral","isPartOf":{"@id":"https:\/\/informelitoral.com.ar\/#website"},"primaryImageOfPage":{"@id":"https:\/\/informelitoral.com.ar\/la-inflacion-fue-de-77-en-marzo-y-alcanzo-1043-en-el-ultimo-ano\/#primaryimage"},"image":{"@id":"https:\/\/informelitoral.com.ar\/la-inflacion-fue-de-77-en-marzo-y-alcanzo-1043-en-el-ultimo-ano\/#primaryimage"},"thumbnailUrl":"https:\/\/informelitoral.com.ar\/%77%70%2d%63%6f%6e%74%65%6e%74\/uploads\/2017\/12\/inflacion-y-precios-2451203w620.jpg","datePublished":"2023-04-14T23:42:40+00:00","breadcrumb":{"@id":"https:\/\/informelitoral.com.ar\/la-inflacion-fue-de-77-en-marzo-y-alcanzo-1043-en-el-ultimo-ano\/#breadcrumb"},"inLanguage":"es","potentialAction":[{"@type":"ReadAction","target":["https:\/\/informelitoral.com.ar\/la-inflacion-fue-de-77-en-marzo-y-alcanzo-1043-en-el-ultimo-ano\/"]}]},{"@type":"ImageObject","inLanguage":"es","@id":"https:\/\/informelitoral.com.ar\/la-inflacion-fue-de-77-en-marzo-y-alcanzo-1043-en-el-ultimo-ano\/#primaryimage","url":"https:\/\/informelitoral.com.ar\/%77%70%2d%63%6f%6e%74%65%6e%74\/uploads\/2017\/12\/inflacion-y-precios-2451203w620.jpg","contentUrl":"https:\/\/informelitoral.com.ar\/%77%70%2d%63%6f%6e%74%65%6e%74\/uploads\/2017\/12\/inflacion-y-precios-2451203w620.jpg","width":620,"height":348},{"@type":"BreadcrumbList","@id":"https:\/\/informelitoral.com.ar\/la-inflacion-fue-de-77-en-marzo-y-alcanzo-1043-en-el-ultimo-ano\/#breadcrumb","itemListElement":[{"@type":"ListItem","position":1,"name":"Portada","item":"https:\/\/informelitoral.com.ar\/"},{"@type":"ListItem","position":2,"name":"La inflaci\u00f3n fue de 7,7% en marzo y alcanz\u00f3 104,3% en el \u00faltimo a\u00f1o"}]},{"@type":"WebSite","@id":"https:\/\/informelitoral.com.ar\/#website","url":"https:\/\/informelitoral.com.ar\/","name":"Informe Litoral","description":"&quot;Nos informamos&quot; ","publisher":{"@id":"https:\/\/informelitoral.com.ar\/#organization"},"potentialAction":[{"@type":"SearchAction","target":{"@type":"EntryPoint","urlTemplate":"https:\/\/informelitoral.com.ar\/?s={search_term_string}"},"query-input":{"@type":"PropertyValueSpecification","valueRequired":true,"valueName":"search_term_string"}}],"inLanguage":"es"},{"@type":"Organization","@id":"https:\/\/informelitoral.com.ar\/#organization","name":"Informe Litoral","url":"https:\/\/informelitoral.com.ar\/","logo":{"@type":"ImageObject","inLanguage":"es","@id":"https:\/\/informelitoral.com.ar\/#\/schema\/logo\/image\/","url":"https:\/\/informelitoral.com.ar\/%77%70%2d%63%6f%6e%74%65%6e%74\/uploads\/2021\/01\/circulo.png","contentUrl":"https:\/\/informelitoral.com.ar\/%77%70%2d%63%6f%6e%74%65%6e%74\/uploads\/2021\/01\/circulo.png","width":723,"height":731,"caption":"Informe Litoral"},"image":{"@id":"https:\/\/informelitoral.com.ar\/#\/schema\/logo\/image\/"},"sameAs":["https:\/\/www.facebook.com\/informelitoral\/","https:\/\/x.com\/InformeLitoral","https:\/\/www.instagram.com\/informelitoral\/","https:\/\/www.youtube.com\/channel\/UCua4Qvz8Icb6MYqhoq9xLXw"]},{"@type":"Person","@id":"https:\/\/informelitoral.com.ar\/#\/schema\/person\/b9d00407c836482871ef1d57bf8e3180","name":"Gonzalo Schmidt","image":{"@type":"ImageObject","inLanguage":"es","@id":"https:\/\/secure.gravatar.com\/avatar\/31a1a7b66ff2de83bd0e9fd79d026630d2d99e55e8bfe501287647b4fd9743de?s=96&d=mm&r=g","url":"https:\/\/secure.gravatar.com\/avatar\/31a1a7b66ff2de83bd0e9fd79d026630d2d99e55e8bfe501287647b4fd9743de?s=96&d=mm&r=g","contentUrl":"https:\/\/secure.gravatar.com\/avatar\/31a1a7b66ff2de83bd0e9fd79d026630d2d99e55e8bfe501287647b4fd9743de?s=96&d=mm&r=g","caption":"Gonzalo Schmidt"},"description":"Sitio web de noticias de la provincia de Entre R\u00edos, Argentina. Informaci\u00f3n y entretenimiento. Informe Litoral, nos informamos.","sameAs":["http:\/\/www.isletasnoticias.com.ar"],"url":"https:\/\/informelitoral.com.ar\/author\/gonzalo\/"}]}},"_links":{"self":[{"href":"https:\/\/informelitoral.com.ar\/%77%70%2d%6a%73%6f%6e\/wp\/v2\/posts\/138599","targetHints":{"allow":["GET"]}}],"collection":[{"href":"https:\/\/informelitoral.com.ar\/%77%70%2d%6a%73%6f%6e\/wp\/v2\/posts"}],"about":[{"href":"https:\/\/informelitoral.com.ar\/%77%70%2d%6a%73%6f%6e\/wp\/v2\/types\/post"}],"author":[{"embeddable":true,"href":"https:\/\/informelitoral.com.ar\/%77%70%2d%6a%73%6f%6e\/wp\/v2\/users\/2"}],"replies":[{"embeddable":true,"href":"https:\/\/informelitoral.com.ar\/%77%70%2d%6a%73%6f%6e\/wp\/v2\/comments?post=138599"}],"version-history":[{"count":0,"href":"https:\/\/informelitoral.com.ar\/%77%70%2d%6a%73%6f%6e\/wp\/v2\/posts\/138599\/revisions"}],"wp:featuredmedia":[{"embeddable":true,"href":"https:\/\/informelitoral.com.ar\/%77%70%2d%6a%73%6f%6e\/wp\/v2\/media\/24321"}],"wp:attachment":[{"href":"https:\/\/informelitoral.com.ar\/%77%70%2d%6a%73%6f%6e\/wp\/v2\/media?parent=138599"}],"wp:term":[{"taxonomy":"category","embeddable":true,"href":"https:\/\/informelitoral.com.ar\/%77%70%2d%6a%73%6f%6e\/wp\/v2\/categories?post=138599"},{"taxonomy":"post_tag","embeddable":true,"href":"https:\/\/informelitoral.com.ar\/%77%70%2d%6a%73%6f%6e\/wp\/v2\/tags?post=138599"}],"curies":[{"name":"wp","href":"https:\/\/api.w.org\/{rel}","templated":true}]}}