{"id":13855,"date":"2016-02-19T10:20:19","date_gmt":"2016-02-19T13:20:19","guid":{"rendered":"http:\/\/www.isletasnoticias.com.ar\/?p=13855"},"modified":"2016-02-19T10:27:37","modified_gmt":"2016-02-19T13:27:37","slug":"fucofa-definio-el-inicio-y-el-costo-de-la-vacunacion-en-entre-rios","status":"publish","type":"post","link":"https:\/\/informelitoral.com.ar\/fucofa-definio-el-inicio-y-el-costo-de-la-vacunacion-en-entre-rios\/","title":{"rendered":"Fucofa defini\u00f3 el inicio y el costo de la vacunaci\u00f3n en Entre R\u00edos"},"content":{"rendered":"<p><strong>\u201cEs muy importante que los productores entrerrianos no hayan abandonado la lucha contra la fiebre aftosa, la cual permiti\u00f3 controlar una enfermedad que por d\u00e9cadas hab\u00eda afectado a la ganader\u00eda. Los frutos se ver\u00e1n a futuro\u201d, destac\u00f3 el titular de la Fundaci\u00f3n contra la Lucha de Fiebre Aftosa (Fucofa), el ramirense, <em>Jos\u00e9 Carlos Kornschuh<\/em>.<a href=\"http:\/\/www.isletasnoticias.com.ar\/%77%70%2d%63%6f%6e%74%65%6e%74\/uploads\/2016\/02\/DSCN3255.jpg\"><img loading=\"lazy\" decoding=\"async\" class=\"aligncenter size-full wp-image-13856\" src=\"http:\/\/www.isletasnoticias.com.ar\/%77%70%2d%63%6f%6e%74%65%6e%74\/uploads\/2016\/02\/DSCN3255.jpg\" alt=\"DSCN3255\" width=\"4320\" height=\"3240\" srcset=\"https:\/\/informelitoral.com.ar\/%77%70%2d%63%6f%6e%74%65%6e%74\/uploads\/2016\/02\/DSCN3255.jpg 4320w, https:\/\/informelitoral.com.ar\/%77%70%2d%63%6f%6e%74%65%6e%74\/uploads\/2016\/02\/DSCN3255-300x225.jpg 300w, https:\/\/informelitoral.com.ar\/%77%70%2d%63%6f%6e%74%65%6e%74\/uploads\/2016\/02\/DSCN3255-1024x768.jpg 1024w\" sizes=\"auto, (max-width: 4320px) 100vw, 4320px\" \/><\/a><\/strong><\/p>\n<p>Fue en el marco de la asamblea de este jueves en Villaguay de la Fucofa, donde se abordaron cuestiones administrativas de la entidad y se analizaron aspectos de la campa\u00f1a de vacunaci\u00f3n contra la fiebre aftosa en la provincia, inclusive el costo por dosis. Encabezada por el presidente de la entidad, participaron delegados de los 17 departamentos, seg\u00fan indica un comunicado enviado a <em><strong>ISLETAS NOTICIAS.<\/strong><\/em><br \/>\nDurante el encuentro se fij\u00f3 en $22 el costo por dosis aplicada de vacuna de aftosa al rodeo entrerriano. Se vacunar\u00e1n 2.500.000 cabezas, durante la campa\u00f1a que iniciar\u00e1 el 29 de febrero y finalizar\u00e1 el 29 de abril del 2016. La vacunaci\u00f3n contra esta enfermedad es una de las principales estrategias de prevenci\u00f3n que permite mantener en una situaci\u00f3n epidemiol\u00f3gica estable al pa\u00eds.<br \/>\nLa vacunaci\u00f3n contras brucelosis permitir\u00e1 inocular a alrededor de 430 mil terneras nacidas en el territorio provincial, a un valor final por aplicaci\u00f3n de $10.<br \/>\nEl <strong>Ing. Agr. Alfredo Bel<\/strong>, secretario de la entidad, destac\u00f3 que \u201cla importancia de este \u00e1mbito es que hay representantes de los 17 departamentos con quienes se analiza detalladamente el presupuesto y se pone a consideraci\u00f3n para ser aprobados por los productores agropecuarios. Esta pr\u00e1ctica participativa ha caracterizado a la Fucofa desde su nacimiento y es una parte muy importante de su trabajo en el sector\u201d.<br \/>\nLa Fundaci\u00f3n, destac\u00f3 Kornschuh, es una organizaci\u00f3n de los productores que administra planes de sanidad animal que se desarrollen en la geograf\u00eda entrerriana y que \u201cse caracteriza por un trabajo solidario del sector\u201d.<\/p>\n<p><strong>Sobre garrapata<\/strong><br \/>\nEl <strong>Med. Vet. Gabriel Simonato<\/strong>, coordinador del Programa de Garrapata de la entidad, brindo una radiograf\u00eda de este flagelo de la ganader\u00eda en la provincia. \u201cDe la primavera de 2015 a la fecha crecieron los predios en tratamiento, mucho corresponde a predios que ten\u00edan situaci\u00f3n ocultas con tratamiento mal llamados preventivos. El clima propicio para la garrapata y mayores revisaciones hacen que se hayan detectado estos predios. La situaci\u00f3n sigue siendo buena, pero la tendencia hay que revertirla\u201d se\u00f1al\u00f3.<br \/>\nEn el a\u00f1o 2015 se procedi\u00f3 a la devoluci\u00f3n de 45 tropas que se movilizaban infectadas con este parasito, en su gran mayor\u00eda de otras provincias, esto obliga a la Fucofa a reforzar las tareas de vigilancia que se vienen desarrollando en toda la provincia.<br \/>\nA modo de conclusi\u00f3n, indic\u00f3 que \u201cla lucha en los departamentos del norte entrerriano se encuentra en un estado de amesetamiento, que de no modificarse dicha situaci\u00f3n no permitir\u00e1 mejorar el nivel de infestaci\u00f3n. A su vez, la vigilancia epidemiol\u00f3gica ha sido exitosa y est\u00e1 en su mejor momento, debido en parte a la mejor calidad de informaci\u00f3n que provee el SIGSA\u201d.<\/p>\n<p><strong>Resoluci\u00f3n 38 y vacunaci\u00f3n en las islas<\/strong><br \/>\nEl <strong>Med. Vet. Ricardo Burgos<\/strong>, consejero de la Fucofa, explic\u00f3 a los presentes sobre dos temas que incumben a los productores entrerrianos: la Resoluci\u00f3n 38 y la vacunaci\u00f3n en zona de islas.<br \/>\nLa Resoluci\u00f3n 38 es la obligatoriedad de sangrado para comprobar brucelosis y una reacci\u00f3n de tuberculina a toda hembra mayor de 18 meses y a todo macho entero de seis meses que se muevan con un fin que no sea faena. \u201cEntre R\u00edos rechaz\u00f3 esta resoluci\u00f3n porque considera que est\u00e1 con una situaci\u00f3n controlada, lo cual demostramos ante el SENASA junto al gobierno provincial. Desde el a\u00f1o 2004, la provincia cuenta con un programa de vigilancia en frigor\u00edficos, con una prevalencia de 0,36% en lesiones compatibles con tuberculosis\u201d.<br \/>\nEn brucelosis, Burgos indic\u00f3 que \u201cmediante la prueba piloto en el departamento Villaguay realizado por la Fucofa y un sangrado de toda la provincia, seg\u00fan los protocolos de la Facultad de Ciencias Veterinarias de Esperanza (Santa Fe) demostraron la prevalencia por debajo del 0,5% en animales y de 3% en los predios. La Resoluci\u00f3n 38 se encuentra suspendida hasta fines de marzo de 2016, aunque ya se le plante\u00f3 la preocupaci\u00f3n a las nuevas autoridades sin haber expresado ninguna determinaci\u00f3n\u201d.<br \/>\nEn tanto, sobre la vacunaci\u00f3n en zona de islas, el dirigente sostuvo que \u201ccuando Buenos Aires decide cambiar sus estrategias a partir de la vuelta de la vacunaci\u00f3n y media (totales y menores), en forma inconsulta y quedando al rev\u00e9s de todo el pa\u00eds, genera serios problemas en el movimiento de hacienda teniendo muchas veces que revacunar para ir a esta provincia.<\/p>\n<p>En Entre R\u00edos y Corrientes se decide cambiar la estrategia para que coincida con Buenos Aires quedando los tres en forma asim\u00e9trica con el resto de las provincias. Esto gener\u00f3 el problema de que haya productores entrerrianos que tienen islas en Santa Fe pero vacunan a partir de la Fucofa y a la inversa sucede lo mismo con los productores santafecinos, por lo que se llega a lotes cruzados en diferentes estrategias de vacunaci\u00f3n.<\/p>\n<p>Ante estas dudas, SENADA intenta que se vacune el total del rodeo de islas en cada campa\u00f1a, a lo cual Entre R\u00edos se ha negado por considerar que ante de buscar un parche hay que solucionar el problema compatibilizando las estrategias de vacunaci\u00f3n con todas las provincias linderas\u201d.<\/p>\n","protected":false},"excerpt":{"rendered":"<p>&ldquo;Es muy importante que los productores entrerrianos no hayan abandonado la lucha contra la fiebre aftosa, la cual permiti&oacute; controlar una enfermedad que por d&eacute;cadas hab&iacute;a afectado a la ganader&iacute;a. Los frutos se ver&aacute;n a futuro&rdquo;, destac&oacute; el titular de la Fundaci&oacute;n contra la Lucha de Fiebre Aftosa (Fucofa), el ramirense, Jos&eacute; Carlos Kornschuh. Fue [&hellip;]<\/p>\n","protected":false},"author":2,"featured_media":0,"comment_status":"open","ping_status":"open","sticky":false,"template":"","format":"standard","meta":{"fifu_image_url":"","fifu_image_alt":"","footnotes":""},"categories":[10,6],"tags":[],"class_list":{"0":"post-13855","1":"post","2":"type-post","3":"status-publish","4":"format-standard","6":"category-campo","7":"category-entre-rios"},"yoast_head":"<title>Fucofa defini\u00f3 el inicio y el costo de la vacunaci\u00f3n en Entre R\u00edos - Informe Litoral<\/title>\n<meta name=\"robots\" content=\"index, follow, max-snippet:-1, max-image-preview:large, max-video-preview:-1\" \/>\n<link rel=\"canonical\" href=\"https:\/\/informelitoral.com.ar\/fucofa-definio-el-inicio-y-el-costo-de-la-vacunacion-en-entre-rios\/\" \/>\n<meta property=\"og:locale\" content=\"es_ES\" \/>\n<meta property=\"og:type\" content=\"article\" \/>\n<meta property=\"og:title\" content=\"Fucofa defini\u00f3 el inicio y el costo de la vacunaci\u00f3n en Entre R\u00edos - Informe Litoral\" \/>\n<meta property=\"og:description\" content=\"&ldquo;Es muy importante que los productores entrerrianos no hayan abandonado la lucha contra la fiebre aftosa, la cual permiti&oacute; controlar una enfermedad que por d&eacute;cadas hab&iacute;a afectado a la ganader&iacute;a. Los frutos se ver&aacute;n a futuro&rdquo;, destac&oacute; el titular de la Fundaci&oacute;n contra la Lucha de Fiebre Aftosa (Fucofa), el ramirense, Jos&eacute; Carlos Kornschuh. Fue [&hellip;]\" \/>\n<meta property=\"og:url\" content=\"https:\/\/informelitoral.com.ar\/fucofa-definio-el-inicio-y-el-costo-de-la-vacunacion-en-entre-rios\/\" \/>\n<meta property=\"og:site_name\" content=\"Informe Litoral\" \/>\n<meta property=\"article:publisher\" content=\"https:\/\/www.facebook.com\/informelitoral\/\" \/>\n<meta property=\"article:published_time\" content=\"2016-02-19T13:20:19+00:00\" \/>\n<meta property=\"article:modified_time\" content=\"2016-02-19T13:27:37+00:00\" \/>\n<meta property=\"og:image\" content=\"https:\/\/informelitoral.com.ar\/%77%70%2d%63%6f%6e%74%65%6e%74\/uploads\/2016\/02\/DSCN3255.jpg\" \/>\n\t<meta property=\"og:image:width\" content=\"4320\" \/>\n\t<meta property=\"og:image:height\" content=\"3240\" \/>\n\t<meta property=\"og:image:type\" content=\"image\/jpeg\" \/>\n<meta name=\"author\" content=\"Gonzalo Schmidt\" \/>\n<meta name=\"twitter:card\" content=\"summary_large_image\" \/>\n<meta name=\"twitter:creator\" content=\"@InformeLitoral\" \/>\n<meta name=\"twitter:site\" content=\"@InformeLitoral\" \/>\n<meta name=\"twitter:label1\" content=\"Escrito por\" \/>\n\t<meta name=\"twitter:data1\" content=\"Gonzalo Schmidt\" \/>\n\t<meta name=\"twitter:label2\" content=\"Tiempo de lectura\" \/>\n\t<meta name=\"twitter:data2\" content=\"5 minutos\" \/>\n<script type=\"application\/ld+json\" class=\"yoast-schema-graph\">{\"@context\":\"https:\\\/\\\/schema.org\",\"@graph\":[{\"@type\":\"Article\",\"@id\":\"https:\\\/\\\/informelitoral.com.ar\\\/fucofa-definio-el-inicio-y-el-costo-de-la-vacunacion-en-entre-rios\\\/#article\",\"isPartOf\":{\"@id\":\"https:\\\/\\\/informelitoral.com.ar\\\/fucofa-definio-el-inicio-y-el-costo-de-la-vacunacion-en-entre-rios\\\/\"},\"author\":{\"name\":\"Gonzalo Schmidt\",\"@id\":\"https:\\\/\\\/informelitoral.com.ar\\\/#\\\/schema\\\/person\\\/b9d00407c836482871ef1d57bf8e3180\"},\"headline\":\"Fucofa defini\u00f3 el inicio y el costo de la vacunaci\u00f3n en Entre R\u00edos\",\"datePublished\":\"2016-02-19T13:20:19+00:00\",\"dateModified\":\"2016-02-19T13:27:37+00:00\",\"mainEntityOfPage\":{\"@id\":\"https:\\\/\\\/informelitoral.com.ar\\\/fucofa-definio-el-inicio-y-el-costo-de-la-vacunacion-en-entre-rios\\\/\"},\"wordCount\":939,\"commentCount\":0,\"publisher\":{\"@id\":\"https:\\\/\\\/informelitoral.com.ar\\\/#organization\"},\"image\":{\"@id\":\"https:\\\/\\\/informelitoral.com.ar\\\/fucofa-definio-el-inicio-y-el-costo-de-la-vacunacion-en-entre-rios\\\/#primaryimage\"},\"thumbnailUrl\":\"http:\\\/\\\/www.isletasnoticias.com.ar\\\/%77%70%2d%63%6f%6e%74%65%6e%74\\\/uploads\\\/2016\\\/02\\\/DSCN3255.jpg\",\"articleSection\":[\"Campo\",\"Entre R\u00edos\"],\"inLanguage\":\"es\",\"potentialAction\":[{\"@type\":\"CommentAction\",\"name\":\"Comment\",\"target\":[\"https:\\\/\\\/informelitoral.com.ar\\\/fucofa-definio-el-inicio-y-el-costo-de-la-vacunacion-en-entre-rios\\\/#respond\"]}]},{\"@type\":\"WebPage\",\"@id\":\"https:\\\/\\\/informelitoral.com.ar\\\/fucofa-definio-el-inicio-y-el-costo-de-la-vacunacion-en-entre-rios\\\/\",\"url\":\"https:\\\/\\\/informelitoral.com.ar\\\/fucofa-definio-el-inicio-y-el-costo-de-la-vacunacion-en-entre-rios\\\/\",\"name\":\"Fucofa defini\u00f3 el inicio y el costo de la vacunaci\u00f3n en Entre R\u00edos - Informe Litoral\",\"isPartOf\":{\"@id\":\"https:\\\/\\\/informelitoral.com.ar\\\/#website\"},\"primaryImageOfPage\":{\"@id\":\"https:\\\/\\\/informelitoral.com.ar\\\/fucofa-definio-el-inicio-y-el-costo-de-la-vacunacion-en-entre-rios\\\/#primaryimage\"},\"image\":{\"@id\":\"https:\\\/\\\/informelitoral.com.ar\\\/fucofa-definio-el-inicio-y-el-costo-de-la-vacunacion-en-entre-rios\\\/#primaryimage\"},\"thumbnailUrl\":\"http:\\\/\\\/www.isletasnoticias.com.ar\\\/%77%70%2d%63%6f%6e%74%65%6e%74\\\/uploads\\\/2016\\\/02\\\/DSCN3255.jpg\",\"datePublished\":\"2016-02-19T13:20:19+00:00\",\"dateModified\":\"2016-02-19T13:27:37+00:00\",\"breadcrumb\":{\"@id\":\"https:\\\/\\\/informelitoral.com.ar\\\/fucofa-definio-el-inicio-y-el-costo-de-la-vacunacion-en-entre-rios\\\/#breadcrumb\"},\"inLanguage\":\"es\",\"potentialAction\":[{\"@type\":\"ReadAction\",\"target\":[\"https:\\\/\\\/informelitoral.com.ar\\\/fucofa-definio-el-inicio-y-el-costo-de-la-vacunacion-en-entre-rios\\\/\"]}]},{\"@type\":\"ImageObject\",\"inLanguage\":\"es\",\"@id\":\"https:\\\/\\\/informelitoral.com.ar\\\/fucofa-definio-el-inicio-y-el-costo-de-la-vacunacion-en-entre-rios\\\/#primaryimage\",\"url\":\"http:\\\/\\\/www.isletasnoticias.com.ar\\\/%77%70%2d%63%6f%6e%74%65%6e%74\\\/uploads\\\/2016\\\/02\\\/DSCN3255.jpg\",\"contentUrl\":\"http:\\\/\\\/www.isletasnoticias.com.ar\\\/%77%70%2d%63%6f%6e%74%65%6e%74\\\/uploads\\\/2016\\\/02\\\/DSCN3255.jpg\"},{\"@type\":\"BreadcrumbList\",\"@id\":\"https:\\\/\\\/informelitoral.com.ar\\\/fucofa-definio-el-inicio-y-el-costo-de-la-vacunacion-en-entre-rios\\\/#breadcrumb\",\"itemListElement\":[{\"@type\":\"ListItem\",\"position\":1,\"name\":\"Portada\",\"item\":\"https:\\\/\\\/informelitoral.com.ar\\\/\"},{\"@type\":\"ListItem\",\"position\":2,\"name\":\"Fucofa defini\u00f3 el inicio y el costo de la vacunaci\u00f3n en Entre R\u00edos\"}]},{\"@type\":\"WebSite\",\"@id\":\"https:\\\/\\\/informelitoral.com.ar\\\/#website\",\"url\":\"https:\\\/\\\/informelitoral.com.ar\\\/\",\"name\":\"Informe Litoral\",\"description\":\"&quot;Nos informamos&quot; \",\"publisher\":{\"@id\":\"https:\\\/\\\/informelitoral.com.ar\\\/#organization\"},\"potentialAction\":[{\"@type\":\"SearchAction\",\"target\":{\"@type\":\"EntryPoint\",\"urlTemplate\":\"https:\\\/\\\/informelitoral.com.ar\\\/?s={search_term_string}\"},\"query-input\":{\"@type\":\"PropertyValueSpecification\",\"valueRequired\":true,\"valueName\":\"search_term_string\"}}],\"inLanguage\":\"es\"},{\"@type\":\"Organization\",\"@id\":\"https:\\\/\\\/informelitoral.com.ar\\\/#organization\",\"name\":\"Informe Litoral\",\"url\":\"https:\\\/\\\/informelitoral.com.ar\\\/\",\"logo\":{\"@type\":\"ImageObject\",\"inLanguage\":\"es\",\"@id\":\"https:\\\/\\\/informelitoral.com.ar\\\/#\\\/schema\\\/logo\\\/image\\\/\",\"url\":\"https:\\\/\\\/informelitoral.com.ar\\\/%77%70%2d%63%6f%6e%74%65%6e%74\\\/uploads\\\/2021\\\/01\\\/circulo.png\",\"contentUrl\":\"https:\\\/\\\/informelitoral.com.ar\\\/%77%70%2d%63%6f%6e%74%65%6e%74\\\/uploads\\\/2021\\\/01\\\/circulo.png\",\"width\":723,\"height\":731,\"caption\":\"Informe Litoral\"},\"image\":{\"@id\":\"https:\\\/\\\/informelitoral.com.ar\\\/#\\\/schema\\\/logo\\\/image\\\/\"},\"sameAs\":[\"https:\\\/\\\/www.facebook.com\\\/informelitoral\\\/\",\"https:\\\/\\\/x.com\\\/InformeLitoral\",\"https:\\\/\\\/www.instagram.com\\\/informelitoral\\\/\",\"https:\\\/\\\/www.youtube.com\\\/channel\\\/UCua4Qvz8Icb6MYqhoq9xLXw\"]},{\"@type\":\"Person\",\"@id\":\"https:\\\/\\\/informelitoral.com.ar\\\/#\\\/schema\\\/person\\\/b9d00407c836482871ef1d57bf8e3180\",\"name\":\"Gonzalo Schmidt\",\"image\":{\"@type\":\"ImageObject\",\"inLanguage\":\"es\",\"@id\":\"https:\\\/\\\/secure.gravatar.com\\\/avatar\\\/31a1a7b66ff2de83bd0e9fd79d026630d2d99e55e8bfe501287647b4fd9743de?s=96&d=mm&r=g\",\"url\":\"https:\\\/\\\/secure.gravatar.com\\\/avatar\\\/31a1a7b66ff2de83bd0e9fd79d026630d2d99e55e8bfe501287647b4fd9743de?s=96&d=mm&r=g\",\"contentUrl\":\"https:\\\/\\\/secure.gravatar.com\\\/avatar\\\/31a1a7b66ff2de83bd0e9fd79d026630d2d99e55e8bfe501287647b4fd9743de?s=96&d=mm&r=g\",\"caption\":\"Gonzalo Schmidt\"},\"description\":\"Sitio web de noticias de la provincia de Entre R\u00edos, Argentina. Informaci\u00f3n y entretenimiento. Informe Litoral, nos informamos.\",\"sameAs\":[\"http:\\\/\\\/www.isletasnoticias.com.ar\"],\"url\":\"https:\\\/\\\/informelitoral.com.ar\\\/author\\\/gonzalo\\\/\"}]}<\/script>","yoast_head_json":{"title":"Fucofa defini\u00f3 el inicio y el costo de la vacunaci\u00f3n en Entre R\u00edos - Informe Litoral","robots":{"index":"index","follow":"follow","max-snippet":"max-snippet:-1","max-image-preview":"max-image-preview:large","max-video-preview":"max-video-preview:-1"},"canonical":"https:\/\/informelitoral.com.ar\/fucofa-definio-el-inicio-y-el-costo-de-la-vacunacion-en-entre-rios\/","og_locale":"es_ES","og_type":"article","og_title":"Fucofa defini\u00f3 el inicio y el costo de la vacunaci\u00f3n en Entre R\u00edos - Informe Litoral","og_description":"&ldquo;Es muy importante que los productores entrerrianos no hayan abandonado la lucha contra la fiebre aftosa, la cual permiti&oacute; controlar una enfermedad que por d&eacute;cadas hab&iacute;a afectado a la ganader&iacute;a. Los frutos se ver&aacute;n a futuro&rdquo;, destac&oacute; el titular de la Fundaci&oacute;n contra la Lucha de Fiebre Aftosa (Fucofa), el ramirense, Jos&eacute; Carlos Kornschuh. Fue [&hellip;]","og_url":"https:\/\/informelitoral.com.ar\/fucofa-definio-el-inicio-y-el-costo-de-la-vacunacion-en-entre-rios\/","og_site_name":"Informe Litoral","article_publisher":"https:\/\/www.facebook.com\/informelitoral\/","article_published_time":"2016-02-19T13:20:19+00:00","article_modified_time":"2016-02-19T13:27:37+00:00","og_image":[{"width":4320,"height":3240,"url":"https:\/\/informelitoral.com.ar\/%77%70%2d%63%6f%6e%74%65%6e%74\/uploads\/2016\/02\/DSCN3255.jpg","type":"image\/jpeg"}],"author":"Gonzalo Schmidt","twitter_card":"summary_large_image","twitter_creator":"@InformeLitoral","twitter_site":"@InformeLitoral","twitter_misc":{"Escrito por":"Gonzalo Schmidt","Tiempo de lectura":"5 minutos"},"schema":{"@context":"https:\/\/schema.org","@graph":[{"@type":"Article","@id":"https:\/\/informelitoral.com.ar\/fucofa-definio-el-inicio-y-el-costo-de-la-vacunacion-en-entre-rios\/#article","isPartOf":{"@id":"https:\/\/informelitoral.com.ar\/fucofa-definio-el-inicio-y-el-costo-de-la-vacunacion-en-entre-rios\/"},"author":{"name":"Gonzalo Schmidt","@id":"https:\/\/informelitoral.com.ar\/#\/schema\/person\/b9d00407c836482871ef1d57bf8e3180"},"headline":"Fucofa defini\u00f3 el inicio y el costo de la vacunaci\u00f3n en Entre R\u00edos","datePublished":"2016-02-19T13:20:19+00:00","dateModified":"2016-02-19T13:27:37+00:00","mainEntityOfPage":{"@id":"https:\/\/informelitoral.com.ar\/fucofa-definio-el-inicio-y-el-costo-de-la-vacunacion-en-entre-rios\/"},"wordCount":939,"commentCount":0,"publisher":{"@id":"https:\/\/informelitoral.com.ar\/#organization"},"image":{"@id":"https:\/\/informelitoral.com.ar\/fucofa-definio-el-inicio-y-el-costo-de-la-vacunacion-en-entre-rios\/#primaryimage"},"thumbnailUrl":"http:\/\/www.isletasnoticias.com.ar\/%77%70%2d%63%6f%6e%74%65%6e%74\/uploads\/2016\/02\/DSCN3255.jpg","articleSection":["Campo","Entre R\u00edos"],"inLanguage":"es","potentialAction":[{"@type":"CommentAction","name":"Comment","target":["https:\/\/informelitoral.com.ar\/fucofa-definio-el-inicio-y-el-costo-de-la-vacunacion-en-entre-rios\/#respond"]}]},{"@type":"WebPage","@id":"https:\/\/informelitoral.com.ar\/fucofa-definio-el-inicio-y-el-costo-de-la-vacunacion-en-entre-rios\/","url":"https:\/\/informelitoral.com.ar\/fucofa-definio-el-inicio-y-el-costo-de-la-vacunacion-en-entre-rios\/","name":"Fucofa defini\u00f3 el inicio y el costo de la vacunaci\u00f3n en Entre R\u00edos - Informe Litoral","isPartOf":{"@id":"https:\/\/informelitoral.com.ar\/#website"},"primaryImageOfPage":{"@id":"https:\/\/informelitoral.com.ar\/fucofa-definio-el-inicio-y-el-costo-de-la-vacunacion-en-entre-rios\/#primaryimage"},"image":{"@id":"https:\/\/informelitoral.com.ar\/fucofa-definio-el-inicio-y-el-costo-de-la-vacunacion-en-entre-rios\/#primaryimage"},"thumbnailUrl":"http:\/\/www.isletasnoticias.com.ar\/%77%70%2d%63%6f%6e%74%65%6e%74\/uploads\/2016\/02\/DSCN3255.jpg","datePublished":"2016-02-19T13:20:19+00:00","dateModified":"2016-02-19T13:27:37+00:00","breadcrumb":{"@id":"https:\/\/informelitoral.com.ar\/fucofa-definio-el-inicio-y-el-costo-de-la-vacunacion-en-entre-rios\/#breadcrumb"},"inLanguage":"es","potentialAction":[{"@type":"ReadAction","target":["https:\/\/informelitoral.com.ar\/fucofa-definio-el-inicio-y-el-costo-de-la-vacunacion-en-entre-rios\/"]}]},{"@type":"ImageObject","inLanguage":"es","@id":"https:\/\/informelitoral.com.ar\/fucofa-definio-el-inicio-y-el-costo-de-la-vacunacion-en-entre-rios\/#primaryimage","url":"http:\/\/www.isletasnoticias.com.ar\/%77%70%2d%63%6f%6e%74%65%6e%74\/uploads\/2016\/02\/DSCN3255.jpg","contentUrl":"http:\/\/www.isletasnoticias.com.ar\/%77%70%2d%63%6f%6e%74%65%6e%74\/uploads\/2016\/02\/DSCN3255.jpg"},{"@type":"BreadcrumbList","@id":"https:\/\/informelitoral.com.ar\/fucofa-definio-el-inicio-y-el-costo-de-la-vacunacion-en-entre-rios\/#breadcrumb","itemListElement":[{"@type":"ListItem","position":1,"name":"Portada","item":"https:\/\/informelitoral.com.ar\/"},{"@type":"ListItem","position":2,"name":"Fucofa defini\u00f3 el inicio y el costo de la vacunaci\u00f3n en Entre R\u00edos"}]},{"@type":"WebSite","@id":"https:\/\/informelitoral.com.ar\/#website","url":"https:\/\/informelitoral.com.ar\/","name":"Informe Litoral","description":"&quot;Nos informamos&quot; ","publisher":{"@id":"https:\/\/informelitoral.com.ar\/#organization"},"potentialAction":[{"@type":"SearchAction","target":{"@type":"EntryPoint","urlTemplate":"https:\/\/informelitoral.com.ar\/?s={search_term_string}"},"query-input":{"@type":"PropertyValueSpecification","valueRequired":true,"valueName":"search_term_string"}}],"inLanguage":"es"},{"@type":"Organization","@id":"https:\/\/informelitoral.com.ar\/#organization","name":"Informe Litoral","url":"https:\/\/informelitoral.com.ar\/","logo":{"@type":"ImageObject","inLanguage":"es","@id":"https:\/\/informelitoral.com.ar\/#\/schema\/logo\/image\/","url":"https:\/\/informelitoral.com.ar\/%77%70%2d%63%6f%6e%74%65%6e%74\/uploads\/2021\/01\/circulo.png","contentUrl":"https:\/\/informelitoral.com.ar\/%77%70%2d%63%6f%6e%74%65%6e%74\/uploads\/2021\/01\/circulo.png","width":723,"height":731,"caption":"Informe Litoral"},"image":{"@id":"https:\/\/informelitoral.com.ar\/#\/schema\/logo\/image\/"},"sameAs":["https:\/\/www.facebook.com\/informelitoral\/","https:\/\/x.com\/InformeLitoral","https:\/\/www.instagram.com\/informelitoral\/","https:\/\/www.youtube.com\/channel\/UCua4Qvz8Icb6MYqhoq9xLXw"]},{"@type":"Person","@id":"https:\/\/informelitoral.com.ar\/#\/schema\/person\/b9d00407c836482871ef1d57bf8e3180","name":"Gonzalo Schmidt","image":{"@type":"ImageObject","inLanguage":"es","@id":"https:\/\/secure.gravatar.com\/avatar\/31a1a7b66ff2de83bd0e9fd79d026630d2d99e55e8bfe501287647b4fd9743de?s=96&d=mm&r=g","url":"https:\/\/secure.gravatar.com\/avatar\/31a1a7b66ff2de83bd0e9fd79d026630d2d99e55e8bfe501287647b4fd9743de?s=96&d=mm&r=g","contentUrl":"https:\/\/secure.gravatar.com\/avatar\/31a1a7b66ff2de83bd0e9fd79d026630d2d99e55e8bfe501287647b4fd9743de?s=96&d=mm&r=g","caption":"Gonzalo Schmidt"},"description":"Sitio web de noticias de la provincia de Entre R\u00edos, Argentina. Informaci\u00f3n y entretenimiento. Informe Litoral, nos informamos.","sameAs":["http:\/\/www.isletasnoticias.com.ar"],"url":"https:\/\/informelitoral.com.ar\/author\/gonzalo\/"}]}},"_links":{"self":[{"href":"https:\/\/informelitoral.com.ar\/%77%70%2d%6a%73%6f%6e\/wp\/v2\/posts\/13855","targetHints":{"allow":["GET"]}}],"collection":[{"href":"https:\/\/informelitoral.com.ar\/%77%70%2d%6a%73%6f%6e\/wp\/v2\/posts"}],"about":[{"href":"https:\/\/informelitoral.com.ar\/%77%70%2d%6a%73%6f%6e\/wp\/v2\/types\/post"}],"author":[{"embeddable":true,"href":"https:\/\/informelitoral.com.ar\/%77%70%2d%6a%73%6f%6e\/wp\/v2\/users\/2"}],"replies":[{"embeddable":true,"href":"https:\/\/informelitoral.com.ar\/%77%70%2d%6a%73%6f%6e\/wp\/v2\/comments?post=13855"}],"version-history":[{"count":0,"href":"https:\/\/informelitoral.com.ar\/%77%70%2d%6a%73%6f%6e\/wp\/v2\/posts\/13855\/revisions"}],"wp:attachment":[{"href":"https:\/\/informelitoral.com.ar\/%77%70%2d%6a%73%6f%6e\/wp\/v2\/media?parent=13855"}],"wp:term":[{"taxonomy":"category","embeddable":true,"href":"https:\/\/informelitoral.com.ar\/%77%70%2d%6a%73%6f%6e\/wp\/v2\/categories?post=13855"},{"taxonomy":"post_tag","embeddable":true,"href":"https:\/\/informelitoral.com.ar\/%77%70%2d%6a%73%6f%6e\/wp\/v2\/tags?post=13855"}],"curies":[{"name":"wp","href":"https:\/\/api.w.org\/{rel}","templated":true}]}}