{"id":1385,"date":"2013-04-29T10:42:42","date_gmt":"2013-04-29T13:42:42","guid":{"rendered":"http:\/\/www.isletasnoticias.com.ar\/?p=1385"},"modified":"2015-12-11T14:34:38","modified_gmt":"2015-12-11T17:34:38","slug":"comenzo-la-construccion-de-un-salon-de-elaboracion-en-la-escuela-agrotecnica","status":"publish","type":"post","link":"https:\/\/informelitoral.com.ar\/comenzo-la-construccion-de-un-salon-de-elaboracion-en-la-escuela-agrotecnica\/","title":{"rendered":"Comenz\u00f3 la construcci\u00f3n de un \u00abSal\u00f3n de Elaboraci\u00f3n\u00bb en la Escuela Agrot\u00e9cnica"},"content":{"rendered":"<p><strong>Fue una obra largamente esperada por la comunidad educativa de la Escuela de Educaci\u00f3n Agrot\u00e9cnica \u00a0N\u00b0 153 \u00abHoracio Mann\u00bb de Isletas. Se trata de un sal\u00f3n para la elaboraci\u00f3n de distintos productos como mermeladas, conservas y pan.\u00a0<\/strong><\/p>\n<p style=\"text-align: center;\"><img loading=\"lazy\" decoding=\"async\" class=\"size-medium wp-image-1386 aligncenter\" title=\"Comenzaron a construir un &quot;Sal\u00f3n de Elaboraci\u00f3n&quot; en la Escuela Agrot\u00e9cnica de Isletas.\" src=\"http:\/\/www.isletasnoticias.com.ar\/%77%70%2d%63%6f%6e%74%65%6e%74\/uploads\/2013\/04\/jjjj-300x199.jpg\" alt=\"jjjj\" width=\"300\" height=\"199\" srcset=\"https:\/\/informelitoral.com.ar\/%77%70%2d%63%6f%6e%74%65%6e%74\/uploads\/2013\/04\/jjjj-300x199.jpg 300w, https:\/\/informelitoral.com.ar\/%77%70%2d%63%6f%6e%74%65%6e%74\/uploads\/2013\/04\/jjjj.jpg 721w\" sizes=\"auto, (max-width: 300px) 100vw, 300px\" \/><\/p>\n<p style=\"text-align: left;\">El viernes 26 de abril, la Junta de Gobierno de Isletas, comenz\u00f3 con la construcci\u00f3n de un \u00abSal\u00f3n de Elaboraci\u00f3n\u00bb en la Escuela Agrot\u00e9cnica local. Desde la entidad gubernamental destacaron que la obra se realiza con <em>\u00abrecursos propios\u00bb.\u00a0<\/em>Cabe destacar, que hasta el momento la entidad educativa no contaba con un espacio f\u00edsico adecuado para las elaboraciones, a pesar de que hace varios a\u00f1os recibi\u00f3 distintos materiales, entre ellos se destacan los elementos de panader\u00eda. Los mismos a\u00fan est\u00e1n sin uso, por la falta de instalaciones.<\/p>\n<p><b>Ra\u00fal Eichman: <i>\u201cTrataremos de terminarlo lo antes posible\u201d<\/i><\/b><\/p>\n<p>El presidente de la Junta de Gobierno local, <b>Ra\u00fal Eichman<\/b>, en di\u00e1logo con\u00a0<b><i>ISLETAS NOTICIAS, <\/i><\/b>coment\u00f3\u00a0que si bien no hay un plazo para la finalizaci\u00f3n de la obra, <i>\u201ctrataremos de terminarlo lo antes posible, teniendo en cuenta el factor clim\u00e1tico y nuestro presupuesto\u201d.<\/i> Eichman, precis\u00f3 que el tama\u00f1o del sal\u00f3n ser\u00e1 de 10 por 12 metros, y se tiene <i>\u201cprevisto cerrarlo con ladrillos\u201d. <\/i>En cuanto al costo de la obra, sostuvo que<i> \u201cinicialmente ten\u00edamos previsto un presupuesto de $19.000, pero seguramente completar su construcci\u00f3n nos va a demandar una suma mayor\u201d. <\/i>Reconoci\u00f3.<\/p>\n<p style=\"text-align: left;\"><strong>Prof. Griselda Marignac:<em> \u00abEs como una bendici\u00f3n de Dios\u00bb<\/em><\/strong><\/p>\n<p style=\"text-align: left;\">En comunicaci\u00f3n con<strong> <em>IN<\/em><\/strong>, la secretaria de la Escuela prof. <strong>Griselda Marignac,<\/strong> sostuvo que <em>\u00abes algo largamente esperado por todos nosotros\u00bb<\/em>.<em> \u00abEs como una bendici\u00f3n de Dios\u00bb.<\/em> Remarc\u00f3. Marignac reconoci\u00f3 que en la instituci\u00f3n realizan una <em>\u00abproducci\u00f3n limitada\u00bb<\/em> y es muy importante el <em>\u00abaporte que hace la comunidad\u00bb,\u00a0<\/em>aunque aclar\u00f3 que cada vez se incorporan\u00a0<span style=\"text-align: left;\">nuevas elaboraciones, entre las que enumer\u00f3: <\/span><em style=\"text-align: left;\">\u00abdulces, escabeches, conservas, licores, jugos y hasta fabricaron vino de naranja, entre otras cosas provenientes de la huerta\u00bb<\/em><span style=\"text-align: left;\">. Dijo la docente.<\/span><\/p>\n<p style=\"text-align: left;\">Con respecto a los elementos de panader\u00eda sostuvo: <em>\u00abLas m\u00e1quinas a\u00fan est\u00e1n guardadas en la Escuela, pero habr\u00e1 que ver los pasos a seguir, porque no hay un mercado local importante que nos compre el pan, pero lo fundamental est\u00e1 en marcha, que es la construcci\u00f3n del sal\u00f3n\u00bb.<\/em> Finaliz\u00f3.<\/p>\n<p style=\"text-align: left;\"><strong>Prof. Juan Caram:<em> \u00abEs algo que se tramit\u00f3 durante mucho tiempo\u00bb<\/em><\/strong><\/p>\n<p style=\"text-align: center;\"><strong style=\"text-align: start;\"><a href=\"http:\/\/www.isletasnoticias.com.ar\/%77%70%2d%63%6f%6e%74%65%6e%74\/uploads\/2013\/04\/Imagen1714.jpg\"><img loading=\"lazy\" decoding=\"async\" class=\"size-medium wp-image-1404 alignright\" title=\"Escuela Agrot\u00e9cnica N\u00b0 153 &quot;Horacio Mann&quot; de Isletas. Imagen: ISLETAS NOTICIAS\" src=\"http:\/\/www.isletasnoticias.com.ar\/%77%70%2d%63%6f%6e%74%65%6e%74\/uploads\/2013\/04\/Imagen1714-300x225.jpg\" alt=\"Imagen1714\" width=\"300\" height=\"225\" srcset=\"https:\/\/informelitoral.com.ar\/%77%70%2d%63%6f%6e%74%65%6e%74\/uploads\/2013\/04\/Imagen1714-300x225.jpg 300w, https:\/\/informelitoral.com.ar\/%77%70%2d%63%6f%6e%74%65%6e%74\/uploads\/2013\/04\/Imagen1714-1024x768.jpg 1024w, https:\/\/informelitoral.com.ar\/%77%70%2d%63%6f%6e%74%65%6e%74\/uploads\/2013\/04\/Imagen1714.jpg 1600w\" sizes=\"auto, (max-width: 300px) 100vw, 300px\" \/><\/a><\/strong><\/p>\n<p>En el mismo sentido, el profesor y m\u00e9dico veterinario <strong>Juan Caram, <\/strong>al ser consultado por<em><strong> IN,<\/strong>\u00a0<\/em>sostuvo que est\u00e1 <em>\u00abmuy contento con el inicio de las obras\u00bb. \u00abEs algo que se tramit\u00f3 hace mucho tiempo y por suerte hoy es una realidad\u00bb<\/em>. Caram reconoci\u00f3 que <em>\u00abnos va a permitir elaborar la materia prima que se produce en la escuela, generar nuevos espacios de trabajo y aprendizaje para los alumnos y sobre todo, brindar un espacio f\u00edsico apropiado, ya que hasta ahora los productos que se elaboran en el establecimiento se hacen en un sal\u00f3n donde funciona la sala de profesores,computaci\u00f3n, biblioteca y secretaria.<\/em>\u00bb Coment\u00f3.<\/p>\n","protected":false},"excerpt":{"rendered":"<p>Fue una obra largamente esperada por la comunidad educativa de la Escuela de Educaci&oacute;n Agrot&eacute;cnica &nbsp;N&deg; 153 &laquo;Horacio Mann&raquo; de Isletas. Se trata de un sal&oacute;n para la elaboraci&oacute;n de distintos productos como mermeladas, conservas y pan.&nbsp; El viernes 26 de abril, la Junta de Gobierno de Isletas, comenz&oacute; con la construcci&oacute;n de un &laquo;Sal&oacute;n [&hellip;]<\/p>\n","protected":false},"author":2,"featured_media":0,"comment_status":"open","ping_status":"open","sticky":false,"template":"","format":"standard","meta":{"fifu_image_url":"","fifu_image_alt":"","footnotes":""},"categories":[5,4],"tags":[],"class_list":{"0":"post-1385","1":"post","2":"type-post","3":"status-publish","4":"format-standard","6":"category-zonales","7":"category-locales"},"yoast_head":"<title>Comenz\u00f3 la construcci\u00f3n de un &quot;Sal\u00f3n de Elaboraci\u00f3n&quot; en la Escuela Agrot\u00e9cnica - Informe Litoral<\/title>\n<meta name=\"robots\" content=\"index, follow, max-snippet:-1, max-image-preview:large, max-video-preview:-1\" \/>\n<link rel=\"canonical\" href=\"https:\/\/informelitoral.com.ar\/comenzo-la-construccion-de-un-salon-de-elaboracion-en-la-escuela-agrotecnica\/\" \/>\n<meta property=\"og:locale\" content=\"es_ES\" \/>\n<meta property=\"og:type\" content=\"article\" \/>\n<meta property=\"og:title\" content=\"Comenz\u00f3 la construcci\u00f3n de un &quot;Sal\u00f3n de Elaboraci\u00f3n&quot; en la Escuela Agrot\u00e9cnica - Informe Litoral\" \/>\n<meta property=\"og:description\" content=\"Fue una obra largamente esperada por la comunidad educativa de la Escuela de Educaci&oacute;n Agrot&eacute;cnica &nbsp;N&deg; 153 &laquo;Horacio Mann&raquo; de Isletas. Se trata de un sal&oacute;n para la elaboraci&oacute;n de distintos productos como mermeladas, conservas y pan.&nbsp; El viernes 26 de abril, la Junta de Gobierno de Isletas, comenz&oacute; con la construcci&oacute;n de un &laquo;Sal&oacute;n [&hellip;]\" \/>\n<meta property=\"og:url\" content=\"https:\/\/informelitoral.com.ar\/comenzo-la-construccion-de-un-salon-de-elaboracion-en-la-escuela-agrotecnica\/\" \/>\n<meta property=\"og:site_name\" content=\"Informe Litoral\" \/>\n<meta property=\"article:publisher\" content=\"https:\/\/www.facebook.com\/informelitoral\/\" \/>\n<meta property=\"article:published_time\" content=\"2013-04-29T13:42:42+00:00\" \/>\n<meta property=\"article:modified_time\" content=\"2015-12-11T17:34:38+00:00\" \/>\n<meta property=\"og:image\" content=\"https:\/\/informelitoral.com.ar\/%77%70%2d%63%6f%6e%74%65%6e%74\/uploads\/2013\/04\/jjjj.jpg\" \/>\n\t<meta property=\"og:image:width\" content=\"721\" \/>\n\t<meta property=\"og:image:height\" content=\"480\" \/>\n\t<meta property=\"og:image:type\" content=\"image\/jpeg\" \/>\n<meta name=\"author\" content=\"Gonzalo Schmidt\" \/>\n<meta name=\"twitter:card\" content=\"summary_large_image\" \/>\n<meta name=\"twitter:creator\" content=\"@InformeLitoral\" \/>\n<meta name=\"twitter:site\" content=\"@InformeLitoral\" \/>\n<meta name=\"twitter:label1\" content=\"Escrito por\" \/>\n\t<meta name=\"twitter:data1\" content=\"Gonzalo Schmidt\" \/>\n\t<meta name=\"twitter:label2\" content=\"Tiempo de lectura\" \/>\n\t<meta name=\"twitter:data2\" content=\"3 minutos\" \/>\n<script type=\"application\/ld+json\" class=\"yoast-schema-graph\">{\"@context\":\"https:\\\/\\\/schema.org\",\"@graph\":[{\"@type\":\"Article\",\"@id\":\"https:\\\/\\\/informelitoral.com.ar\\\/comenzo-la-construccion-de-un-salon-de-elaboracion-en-la-escuela-agrotecnica\\\/#article\",\"isPartOf\":{\"@id\":\"https:\\\/\\\/informelitoral.com.ar\\\/comenzo-la-construccion-de-un-salon-de-elaboracion-en-la-escuela-agrotecnica\\\/\"},\"author\":{\"name\":\"Gonzalo Schmidt\",\"@id\":\"https:\\\/\\\/informelitoral.com.ar\\\/#\\\/schema\\\/person\\\/b9d00407c836482871ef1d57bf8e3180\"},\"headline\":\"Comenz\u00f3 la construcci\u00f3n de un \u00abSal\u00f3n de Elaboraci\u00f3n\u00bb en la Escuela Agrot\u00e9cnica\",\"datePublished\":\"2013-04-29T13:42:42+00:00\",\"dateModified\":\"2015-12-11T17:34:38+00:00\",\"mainEntityOfPage\":{\"@id\":\"https:\\\/\\\/informelitoral.com.ar\\\/comenzo-la-construccion-de-un-salon-de-elaboracion-en-la-escuela-agrotecnica\\\/\"},\"wordCount\":528,\"commentCount\":0,\"publisher\":{\"@id\":\"https:\\\/\\\/informelitoral.com.ar\\\/#organization\"},\"image\":{\"@id\":\"https:\\\/\\\/informelitoral.com.ar\\\/comenzo-la-construccion-de-un-salon-de-elaboracion-en-la-escuela-agrotecnica\\\/#primaryimage\"},\"thumbnailUrl\":\"http:\\\/\\\/www.isletasnoticias.com.ar\\\/%77%70%2d%63%6f%6e%74%65%6e%74\\\/uploads\\\/2013\\\/04\\\/jjjj-300x199.jpg\",\"articleSection\":[\"Departamento Diamante\",\"Isletas\"],\"inLanguage\":\"es\",\"potentialAction\":[{\"@type\":\"CommentAction\",\"name\":\"Comment\",\"target\":[\"https:\\\/\\\/informelitoral.com.ar\\\/comenzo-la-construccion-de-un-salon-de-elaboracion-en-la-escuela-agrotecnica\\\/#respond\"]}]},{\"@type\":\"WebPage\",\"@id\":\"https:\\\/\\\/informelitoral.com.ar\\\/comenzo-la-construccion-de-un-salon-de-elaboracion-en-la-escuela-agrotecnica\\\/\",\"url\":\"https:\\\/\\\/informelitoral.com.ar\\\/comenzo-la-construccion-de-un-salon-de-elaboracion-en-la-escuela-agrotecnica\\\/\",\"name\":\"Comenz\u00f3 la construcci\u00f3n de un \\\"Sal\u00f3n de Elaboraci\u00f3n\\\" en la Escuela Agrot\u00e9cnica - Informe Litoral\",\"isPartOf\":{\"@id\":\"https:\\\/\\\/informelitoral.com.ar\\\/#website\"},\"primaryImageOfPage\":{\"@id\":\"https:\\\/\\\/informelitoral.com.ar\\\/comenzo-la-construccion-de-un-salon-de-elaboracion-en-la-escuela-agrotecnica\\\/#primaryimage\"},\"image\":{\"@id\":\"https:\\\/\\\/informelitoral.com.ar\\\/comenzo-la-construccion-de-un-salon-de-elaboracion-en-la-escuela-agrotecnica\\\/#primaryimage\"},\"thumbnailUrl\":\"http:\\\/\\\/www.isletasnoticias.com.ar\\\/%77%70%2d%63%6f%6e%74%65%6e%74\\\/uploads\\\/2013\\\/04\\\/jjjj-300x199.jpg\",\"datePublished\":\"2013-04-29T13:42:42+00:00\",\"dateModified\":\"2015-12-11T17:34:38+00:00\",\"breadcrumb\":{\"@id\":\"https:\\\/\\\/informelitoral.com.ar\\\/comenzo-la-construccion-de-un-salon-de-elaboracion-en-la-escuela-agrotecnica\\\/#breadcrumb\"},\"inLanguage\":\"es\",\"potentialAction\":[{\"@type\":\"ReadAction\",\"target\":[\"https:\\\/\\\/informelitoral.com.ar\\\/comenzo-la-construccion-de-un-salon-de-elaboracion-en-la-escuela-agrotecnica\\\/\"]}]},{\"@type\":\"ImageObject\",\"inLanguage\":\"es\",\"@id\":\"https:\\\/\\\/informelitoral.com.ar\\\/comenzo-la-construccion-de-un-salon-de-elaboracion-en-la-escuela-agrotecnica\\\/#primaryimage\",\"url\":\"http:\\\/\\\/www.isletasnoticias.com.ar\\\/%77%70%2d%63%6f%6e%74%65%6e%74\\\/uploads\\\/2013\\\/04\\\/jjjj-300x199.jpg\",\"contentUrl\":\"http:\\\/\\\/www.isletasnoticias.com.ar\\\/%77%70%2d%63%6f%6e%74%65%6e%74\\\/uploads\\\/2013\\\/04\\\/jjjj-300x199.jpg\"},{\"@type\":\"BreadcrumbList\",\"@id\":\"https:\\\/\\\/informelitoral.com.ar\\\/comenzo-la-construccion-de-un-salon-de-elaboracion-en-la-escuela-agrotecnica\\\/#breadcrumb\",\"itemListElement\":[{\"@type\":\"ListItem\",\"position\":1,\"name\":\"Portada\",\"item\":\"https:\\\/\\\/informelitoral.com.ar\\\/\"},{\"@type\":\"ListItem\",\"position\":2,\"name\":\"Comenz\u00f3 la construcci\u00f3n de un \u00abSal\u00f3n de Elaboraci\u00f3n\u00bb en la Escuela Agrot\u00e9cnica\"}]},{\"@type\":\"WebSite\",\"@id\":\"https:\\\/\\\/informelitoral.com.ar\\\/#website\",\"url\":\"https:\\\/\\\/informelitoral.com.ar\\\/\",\"name\":\"Informe Litoral\",\"description\":\"&quot;Nos informamos&quot; \",\"publisher\":{\"@id\":\"https:\\\/\\\/informelitoral.com.ar\\\/#organization\"},\"potentialAction\":[{\"@type\":\"SearchAction\",\"target\":{\"@type\":\"EntryPoint\",\"urlTemplate\":\"https:\\\/\\\/informelitoral.com.ar\\\/?s={search_term_string}\"},\"query-input\":{\"@type\":\"PropertyValueSpecification\",\"valueRequired\":true,\"valueName\":\"search_term_string\"}}],\"inLanguage\":\"es\"},{\"@type\":\"Organization\",\"@id\":\"https:\\\/\\\/informelitoral.com.ar\\\/#organization\",\"name\":\"Informe Litoral\",\"url\":\"https:\\\/\\\/informelitoral.com.ar\\\/\",\"logo\":{\"@type\":\"ImageObject\",\"inLanguage\":\"es\",\"@id\":\"https:\\\/\\\/informelitoral.com.ar\\\/#\\\/schema\\\/logo\\\/image\\\/\",\"url\":\"https:\\\/\\\/informelitoral.com.ar\\\/%77%70%2d%63%6f%6e%74%65%6e%74\\\/uploads\\\/2021\\\/01\\\/circulo.png\",\"contentUrl\":\"https:\\\/\\\/informelitoral.com.ar\\\/%77%70%2d%63%6f%6e%74%65%6e%74\\\/uploads\\\/2021\\\/01\\\/circulo.png\",\"width\":723,\"height\":731,\"caption\":\"Informe Litoral\"},\"image\":{\"@id\":\"https:\\\/\\\/informelitoral.com.ar\\\/#\\\/schema\\\/logo\\\/image\\\/\"},\"sameAs\":[\"https:\\\/\\\/www.facebook.com\\\/informelitoral\\\/\",\"https:\\\/\\\/x.com\\\/InformeLitoral\",\"https:\\\/\\\/www.instagram.com\\\/informelitoral\\\/\",\"https:\\\/\\\/www.youtube.com\\\/channel\\\/UCua4Qvz8Icb6MYqhoq9xLXw\"]},{\"@type\":\"Person\",\"@id\":\"https:\\\/\\\/informelitoral.com.ar\\\/#\\\/schema\\\/person\\\/b9d00407c836482871ef1d57bf8e3180\",\"name\":\"Gonzalo Schmidt\",\"image\":{\"@type\":\"ImageObject\",\"inLanguage\":\"es\",\"@id\":\"https:\\\/\\\/secure.gravatar.com\\\/avatar\\\/31a1a7b66ff2de83bd0e9fd79d026630d2d99e55e8bfe501287647b4fd9743de?s=96&d=mm&r=g\",\"url\":\"https:\\\/\\\/secure.gravatar.com\\\/avatar\\\/31a1a7b66ff2de83bd0e9fd79d026630d2d99e55e8bfe501287647b4fd9743de?s=96&d=mm&r=g\",\"contentUrl\":\"https:\\\/\\\/secure.gravatar.com\\\/avatar\\\/31a1a7b66ff2de83bd0e9fd79d026630d2d99e55e8bfe501287647b4fd9743de?s=96&d=mm&r=g\",\"caption\":\"Gonzalo Schmidt\"},\"description\":\"Sitio web de noticias de la provincia de Entre R\u00edos, Argentina. Informaci\u00f3n y entretenimiento. Informe Litoral, nos informamos.\",\"sameAs\":[\"http:\\\/\\\/www.isletasnoticias.com.ar\"],\"url\":\"https:\\\/\\\/informelitoral.com.ar\\\/author\\\/gonzalo\\\/\"}]}<\/script>","yoast_head_json":{"title":"Comenz\u00f3 la construcci\u00f3n de un \"Sal\u00f3n de Elaboraci\u00f3n\" en la Escuela Agrot\u00e9cnica - Informe Litoral","robots":{"index":"index","follow":"follow","max-snippet":"max-snippet:-1","max-image-preview":"max-image-preview:large","max-video-preview":"max-video-preview:-1"},"canonical":"https:\/\/informelitoral.com.ar\/comenzo-la-construccion-de-un-salon-de-elaboracion-en-la-escuela-agrotecnica\/","og_locale":"es_ES","og_type":"article","og_title":"Comenz\u00f3 la construcci\u00f3n de un \"Sal\u00f3n de Elaboraci\u00f3n\" en la Escuela Agrot\u00e9cnica - Informe Litoral","og_description":"Fue una obra largamente esperada por la comunidad educativa de la Escuela de Educaci&oacute;n Agrot&eacute;cnica &nbsp;N&deg; 153 &laquo;Horacio Mann&raquo; de Isletas. Se trata de un sal&oacute;n para la elaboraci&oacute;n de distintos productos como mermeladas, conservas y pan.&nbsp; El viernes 26 de abril, la Junta de Gobierno de Isletas, comenz&oacute; con la construcci&oacute;n de un &laquo;Sal&oacute;n [&hellip;]","og_url":"https:\/\/informelitoral.com.ar\/comenzo-la-construccion-de-un-salon-de-elaboracion-en-la-escuela-agrotecnica\/","og_site_name":"Informe Litoral","article_publisher":"https:\/\/www.facebook.com\/informelitoral\/","article_published_time":"2013-04-29T13:42:42+00:00","article_modified_time":"2015-12-11T17:34:38+00:00","og_image":[{"width":721,"height":480,"url":"https:\/\/informelitoral.com.ar\/%77%70%2d%63%6f%6e%74%65%6e%74\/uploads\/2013\/04\/jjjj.jpg","type":"image\/jpeg"}],"author":"Gonzalo Schmidt","twitter_card":"summary_large_image","twitter_creator":"@InformeLitoral","twitter_site":"@InformeLitoral","twitter_misc":{"Escrito por":"Gonzalo Schmidt","Tiempo de lectura":"3 minutos"},"schema":{"@context":"https:\/\/schema.org","@graph":[{"@type":"Article","@id":"https:\/\/informelitoral.com.ar\/comenzo-la-construccion-de-un-salon-de-elaboracion-en-la-escuela-agrotecnica\/#article","isPartOf":{"@id":"https:\/\/informelitoral.com.ar\/comenzo-la-construccion-de-un-salon-de-elaboracion-en-la-escuela-agrotecnica\/"},"author":{"name":"Gonzalo Schmidt","@id":"https:\/\/informelitoral.com.ar\/#\/schema\/person\/b9d00407c836482871ef1d57bf8e3180"},"headline":"Comenz\u00f3 la construcci\u00f3n de un \u00abSal\u00f3n de Elaboraci\u00f3n\u00bb en la Escuela Agrot\u00e9cnica","datePublished":"2013-04-29T13:42:42+00:00","dateModified":"2015-12-11T17:34:38+00:00","mainEntityOfPage":{"@id":"https:\/\/informelitoral.com.ar\/comenzo-la-construccion-de-un-salon-de-elaboracion-en-la-escuela-agrotecnica\/"},"wordCount":528,"commentCount":0,"publisher":{"@id":"https:\/\/informelitoral.com.ar\/#organization"},"image":{"@id":"https:\/\/informelitoral.com.ar\/comenzo-la-construccion-de-un-salon-de-elaboracion-en-la-escuela-agrotecnica\/#primaryimage"},"thumbnailUrl":"http:\/\/www.isletasnoticias.com.ar\/%77%70%2d%63%6f%6e%74%65%6e%74\/uploads\/2013\/04\/jjjj-300x199.jpg","articleSection":["Departamento Diamante","Isletas"],"inLanguage":"es","potentialAction":[{"@type":"CommentAction","name":"Comment","target":["https:\/\/informelitoral.com.ar\/comenzo-la-construccion-de-un-salon-de-elaboracion-en-la-escuela-agrotecnica\/#respond"]}]},{"@type":"WebPage","@id":"https:\/\/informelitoral.com.ar\/comenzo-la-construccion-de-un-salon-de-elaboracion-en-la-escuela-agrotecnica\/","url":"https:\/\/informelitoral.com.ar\/comenzo-la-construccion-de-un-salon-de-elaboracion-en-la-escuela-agrotecnica\/","name":"Comenz\u00f3 la construcci\u00f3n de un \"Sal\u00f3n de Elaboraci\u00f3n\" en la Escuela Agrot\u00e9cnica - Informe Litoral","isPartOf":{"@id":"https:\/\/informelitoral.com.ar\/#website"},"primaryImageOfPage":{"@id":"https:\/\/informelitoral.com.ar\/comenzo-la-construccion-de-un-salon-de-elaboracion-en-la-escuela-agrotecnica\/#primaryimage"},"image":{"@id":"https:\/\/informelitoral.com.ar\/comenzo-la-construccion-de-un-salon-de-elaboracion-en-la-escuela-agrotecnica\/#primaryimage"},"thumbnailUrl":"http:\/\/www.isletasnoticias.com.ar\/%77%70%2d%63%6f%6e%74%65%6e%74\/uploads\/2013\/04\/jjjj-300x199.jpg","datePublished":"2013-04-29T13:42:42+00:00","dateModified":"2015-12-11T17:34:38+00:00","breadcrumb":{"@id":"https:\/\/informelitoral.com.ar\/comenzo-la-construccion-de-un-salon-de-elaboracion-en-la-escuela-agrotecnica\/#breadcrumb"},"inLanguage":"es","potentialAction":[{"@type":"ReadAction","target":["https:\/\/informelitoral.com.ar\/comenzo-la-construccion-de-un-salon-de-elaboracion-en-la-escuela-agrotecnica\/"]}]},{"@type":"ImageObject","inLanguage":"es","@id":"https:\/\/informelitoral.com.ar\/comenzo-la-construccion-de-un-salon-de-elaboracion-en-la-escuela-agrotecnica\/#primaryimage","url":"http:\/\/www.isletasnoticias.com.ar\/%77%70%2d%63%6f%6e%74%65%6e%74\/uploads\/2013\/04\/jjjj-300x199.jpg","contentUrl":"http:\/\/www.isletasnoticias.com.ar\/%77%70%2d%63%6f%6e%74%65%6e%74\/uploads\/2013\/04\/jjjj-300x199.jpg"},{"@type":"BreadcrumbList","@id":"https:\/\/informelitoral.com.ar\/comenzo-la-construccion-de-un-salon-de-elaboracion-en-la-escuela-agrotecnica\/#breadcrumb","itemListElement":[{"@type":"ListItem","position":1,"name":"Portada","item":"https:\/\/informelitoral.com.ar\/"},{"@type":"ListItem","position":2,"name":"Comenz\u00f3 la construcci\u00f3n de un \u00abSal\u00f3n de Elaboraci\u00f3n\u00bb en la Escuela Agrot\u00e9cnica"}]},{"@type":"WebSite","@id":"https:\/\/informelitoral.com.ar\/#website","url":"https:\/\/informelitoral.com.ar\/","name":"Informe Litoral","description":"&quot;Nos informamos&quot; ","publisher":{"@id":"https:\/\/informelitoral.com.ar\/#organization"},"potentialAction":[{"@type":"SearchAction","target":{"@type":"EntryPoint","urlTemplate":"https:\/\/informelitoral.com.ar\/?s={search_term_string}"},"query-input":{"@type":"PropertyValueSpecification","valueRequired":true,"valueName":"search_term_string"}}],"inLanguage":"es"},{"@type":"Organization","@id":"https:\/\/informelitoral.com.ar\/#organization","name":"Informe Litoral","url":"https:\/\/informelitoral.com.ar\/","logo":{"@type":"ImageObject","inLanguage":"es","@id":"https:\/\/informelitoral.com.ar\/#\/schema\/logo\/image\/","url":"https:\/\/informelitoral.com.ar\/%77%70%2d%63%6f%6e%74%65%6e%74\/uploads\/2021\/01\/circulo.png","contentUrl":"https:\/\/informelitoral.com.ar\/%77%70%2d%63%6f%6e%74%65%6e%74\/uploads\/2021\/01\/circulo.png","width":723,"height":731,"caption":"Informe Litoral"},"image":{"@id":"https:\/\/informelitoral.com.ar\/#\/schema\/logo\/image\/"},"sameAs":["https:\/\/www.facebook.com\/informelitoral\/","https:\/\/x.com\/InformeLitoral","https:\/\/www.instagram.com\/informelitoral\/","https:\/\/www.youtube.com\/channel\/UCua4Qvz8Icb6MYqhoq9xLXw"]},{"@type":"Person","@id":"https:\/\/informelitoral.com.ar\/#\/schema\/person\/b9d00407c836482871ef1d57bf8e3180","name":"Gonzalo Schmidt","image":{"@type":"ImageObject","inLanguage":"es","@id":"https:\/\/secure.gravatar.com\/avatar\/31a1a7b66ff2de83bd0e9fd79d026630d2d99e55e8bfe501287647b4fd9743de?s=96&d=mm&r=g","url":"https:\/\/secure.gravatar.com\/avatar\/31a1a7b66ff2de83bd0e9fd79d026630d2d99e55e8bfe501287647b4fd9743de?s=96&d=mm&r=g","contentUrl":"https:\/\/secure.gravatar.com\/avatar\/31a1a7b66ff2de83bd0e9fd79d026630d2d99e55e8bfe501287647b4fd9743de?s=96&d=mm&r=g","caption":"Gonzalo Schmidt"},"description":"Sitio web de noticias de la provincia de Entre R\u00edos, Argentina. Informaci\u00f3n y entretenimiento. Informe Litoral, nos informamos.","sameAs":["http:\/\/www.isletasnoticias.com.ar"],"url":"https:\/\/informelitoral.com.ar\/author\/gonzalo\/"}]}},"_links":{"self":[{"href":"https:\/\/informelitoral.com.ar\/%77%70%2d%6a%73%6f%6e\/wp\/v2\/posts\/1385","targetHints":{"allow":["GET"]}}],"collection":[{"href":"https:\/\/informelitoral.com.ar\/%77%70%2d%6a%73%6f%6e\/wp\/v2\/posts"}],"about":[{"href":"https:\/\/informelitoral.com.ar\/%77%70%2d%6a%73%6f%6e\/wp\/v2\/types\/post"}],"author":[{"embeddable":true,"href":"https:\/\/informelitoral.com.ar\/%77%70%2d%6a%73%6f%6e\/wp\/v2\/users\/2"}],"replies":[{"embeddable":true,"href":"https:\/\/informelitoral.com.ar\/%77%70%2d%6a%73%6f%6e\/wp\/v2\/comments?post=1385"}],"version-history":[{"count":0,"href":"https:\/\/informelitoral.com.ar\/%77%70%2d%6a%73%6f%6e\/wp\/v2\/posts\/1385\/revisions"}],"wp:attachment":[{"href":"https:\/\/informelitoral.com.ar\/%77%70%2d%6a%73%6f%6e\/wp\/v2\/media?parent=1385"}],"wp:term":[{"taxonomy":"category","embeddable":true,"href":"https:\/\/informelitoral.com.ar\/%77%70%2d%6a%73%6f%6e\/wp\/v2\/categories?post=1385"},{"taxonomy":"post_tag","embeddable":true,"href":"https:\/\/informelitoral.com.ar\/%77%70%2d%6a%73%6f%6e\/wp\/v2\/tags?post=1385"}],"curies":[{"name":"wp","href":"https:\/\/api.w.org\/{rel}","templated":true}]}}