{"id":1380,"date":"2013-04-29T10:15:57","date_gmt":"2013-04-29T13:15:57","guid":{"rendered":"http:\/\/www.isletasnoticias.com.ar\/?p=1380"},"modified":"2013-04-29T12:21:18","modified_gmt":"2013-04-29T15:21:18","slug":"asamblea-anual-de-socios-de-la-avadcb","status":"publish","type":"post","link":"https:\/\/informelitoral.com.ar\/asamblea-anual-de-socios-de-la-avadcb\/","title":{"rendered":"Asamblea Anual de Socios de la AVADCB"},"content":{"rendered":"<p><img loading=\"lazy\" decoding=\"async\" class=\"size-medium wp-image-1382 alignright\" title=\"A las 20:00 comenzar\u00e1 la Asamblea de la  AVADCB\" alt=\"dest. 4 bocas\" src=\"http:\/\/www.isletasnoticias.com.ar\/%77%70%2d%63%6f%6e%74%65%6e%74\/uploads\/2013\/04\/dest.-4-bocas-300x225.jpg\" width=\"300\" height=\"225\" srcset=\"https:\/\/informelitoral.com.ar\/%77%70%2d%63%6f%6e%74%65%6e%74\/uploads\/2013\/04\/dest.-4-bocas-300x225.jpg 300w, https:\/\/informelitoral.com.ar\/%77%70%2d%63%6f%6e%74%65%6e%74\/uploads\/2013\/04\/dest.-4-bocas.jpg 960w\" sizes=\"auto, (max-width: 300px) 100vw, 300px\" \/>\u00a0 El encargado del Destacamento Policial Cuatro Bocas Isletas,\u00a0<strong>Cristian Leiva,\u00a0<\/strong>inform\u00f3 a <em><strong>ISLETAS NOTICIAS,<\/strong><\/em><strong>\u00a0<\/strong>que este lunes 29, a las 20:00, se realizar\u00e1 la Asamblea Anual de Socios de la Asociaci\u00f3n Vecinal Amigos del Destacamento Cuatro Bocas (A.V.A.D.C.B.). La asamblea se llevar\u00e1 a cabo en las instalaciones de la Iglesia Evang\u00e9lica del R\u00edo de la Plata (IERP), donde adem\u00e1s de un balance general, se tratar\u00e1n diversos temas referidos a la seguridad en la zona y a la cuota societaria. Mientras que la renovaci\u00f3n de la comisi\u00f3n, se realizar\u00eda el a\u00f1o pr\u00f3ximo.<\/p>\n","protected":false},"excerpt":{"rendered":"<p>&nbsp; El encargado del Destacamento Policial Cuatro Bocas Isletas,&nbsp;Cristian Leiva,&nbsp;inform&oacute; a ISLETAS NOTICIAS,&nbsp;que este lunes 29, a las 20:00, se realizar&aacute; la Asamblea Anual de Socios de la Asociaci&oacute;n Vecinal Amigos del Destacamento Cuatro Bocas (A.V.A.D.C.B.). La asamblea se llevar&aacute; a cabo en las instalaciones de la Iglesia Evang&eacute;lica del R&iacute;o de la Plata (IERP), [&hellip;]<\/p>\n","protected":false},"author":2,"featured_media":0,"comment_status":"open","ping_status":"open","sticky":false,"template":"","format":"standard","meta":{"fifu_image_url":"","fifu_image_alt":"","footnotes":""},"categories":[4],"tags":[],"class_list":{"0":"post-1380","1":"post","2":"type-post","3":"status-publish","4":"format-standard","6":"category-locales"},"yoast_head":"<title>Asamblea Anual de Socios de la AVADCB - Informe Litoral<\/title>\n<meta name=\"robots\" content=\"index, follow, max-snippet:-1, max-image-preview:large, max-video-preview:-1\" \/>\n<link rel=\"canonical\" href=\"https:\/\/informelitoral.com.ar\/asamblea-anual-de-socios-de-la-avadcb\/\" \/>\n<meta property=\"og:locale\" content=\"es_ES\" \/>\n<meta property=\"og:type\" content=\"article\" \/>\n<meta property=\"og:title\" content=\"Asamblea Anual de Socios de la AVADCB - Informe Litoral\" \/>\n<meta property=\"og:description\" content=\"&nbsp; El encargado del Destacamento Policial Cuatro Bocas Isletas,&nbsp;Cristian Leiva,&nbsp;inform&oacute; a ISLETAS NOTICIAS,&nbsp;que este lunes 29, a las 20:00, se realizar&aacute; la Asamblea Anual de Socios de la Asociaci&oacute;n Vecinal Amigos del Destacamento Cuatro Bocas (A.V.A.D.C.B.). La asamblea se llevar&aacute; a cabo en las instalaciones de la Iglesia Evang&eacute;lica del R&iacute;o de la Plata (IERP), [&hellip;]\" \/>\n<meta property=\"og:url\" content=\"https:\/\/informelitoral.com.ar\/asamblea-anual-de-socios-de-la-avadcb\/\" \/>\n<meta property=\"og:site_name\" content=\"Informe Litoral\" \/>\n<meta property=\"article:publisher\" content=\"https:\/\/www.facebook.com\/informelitoral\/\" \/>\n<meta property=\"article:published_time\" content=\"2013-04-29T13:15:57+00:00\" \/>\n<meta property=\"article:modified_time\" content=\"2013-04-29T15:21:18+00:00\" \/>\n<meta property=\"og:image\" content=\"https:\/\/informelitoral.com.ar\/%77%70%2d%63%6f%6e%74%65%6e%74\/uploads\/2013\/04\/dest.-4-bocas.jpg\" \/>\n\t<meta property=\"og:image:width\" content=\"960\" \/>\n\t<meta property=\"og:image:height\" content=\"720\" \/>\n\t<meta property=\"og:image:type\" content=\"image\/jpeg\" \/>\n<meta name=\"author\" content=\"Gonzalo Schmidt\" \/>\n<meta name=\"twitter:card\" content=\"summary_large_image\" \/>\n<meta name=\"twitter:creator\" content=\"@InformeLitoral\" \/>\n<meta name=\"twitter:site\" content=\"@InformeLitoral\" \/>\n<meta name=\"twitter:label1\" content=\"Escrito por\" \/>\n\t<meta name=\"twitter:data1\" content=\"Gonzalo Schmidt\" \/>\n\t<meta name=\"twitter:label2\" content=\"Tiempo de lectura\" \/>\n\t<meta name=\"twitter:data2\" content=\"1 minuto\" \/>\n<script type=\"application\/ld+json\" class=\"yoast-schema-graph\">{\"@context\":\"https:\\\/\\\/schema.org\",\"@graph\":[{\"@type\":\"Article\",\"@id\":\"https:\\\/\\\/informelitoral.com.ar\\\/asamblea-anual-de-socios-de-la-avadcb\\\/#article\",\"isPartOf\":{\"@id\":\"https:\\\/\\\/informelitoral.com.ar\\\/asamblea-anual-de-socios-de-la-avadcb\\\/\"},\"author\":{\"name\":\"Gonzalo Schmidt\",\"@id\":\"https:\\\/\\\/informelitoral.com.ar\\\/#\\\/schema\\\/person\\\/b9d00407c836482871ef1d57bf8e3180\"},\"headline\":\"Asamblea Anual de Socios de la AVADCB\",\"datePublished\":\"2013-04-29T13:15:57+00:00\",\"dateModified\":\"2013-04-29T15:21:18+00:00\",\"mainEntityOfPage\":{\"@id\":\"https:\\\/\\\/informelitoral.com.ar\\\/asamblea-anual-de-socios-de-la-avadcb\\\/\"},\"wordCount\":111,\"commentCount\":0,\"publisher\":{\"@id\":\"https:\\\/\\\/informelitoral.com.ar\\\/#organization\"},\"image\":{\"@id\":\"https:\\\/\\\/informelitoral.com.ar\\\/asamblea-anual-de-socios-de-la-avadcb\\\/#primaryimage\"},\"thumbnailUrl\":\"http:\\\/\\\/www.isletasnoticias.com.ar\\\/%77%70%2d%63%6f%6e%74%65%6e%74\\\/uploads\\\/2013\\\/04\\\/dest.-4-bocas-300x225.jpg\",\"articleSection\":[\"Isletas\"],\"inLanguage\":\"es\",\"potentialAction\":[{\"@type\":\"CommentAction\",\"name\":\"Comment\",\"target\":[\"https:\\\/\\\/informelitoral.com.ar\\\/asamblea-anual-de-socios-de-la-avadcb\\\/#respond\"]}]},{\"@type\":\"WebPage\",\"@id\":\"https:\\\/\\\/informelitoral.com.ar\\\/asamblea-anual-de-socios-de-la-avadcb\\\/\",\"url\":\"https:\\\/\\\/informelitoral.com.ar\\\/asamblea-anual-de-socios-de-la-avadcb\\\/\",\"name\":\"Asamblea Anual de Socios de la AVADCB - Informe Litoral\",\"isPartOf\":{\"@id\":\"https:\\\/\\\/informelitoral.com.ar\\\/#website\"},\"primaryImageOfPage\":{\"@id\":\"https:\\\/\\\/informelitoral.com.ar\\\/asamblea-anual-de-socios-de-la-avadcb\\\/#primaryimage\"},\"image\":{\"@id\":\"https:\\\/\\\/informelitoral.com.ar\\\/asamblea-anual-de-socios-de-la-avadcb\\\/#primaryimage\"},\"thumbnailUrl\":\"http:\\\/\\\/www.isletasnoticias.com.ar\\\/%77%70%2d%63%6f%6e%74%65%6e%74\\\/uploads\\\/2013\\\/04\\\/dest.-4-bocas-300x225.jpg\",\"datePublished\":\"2013-04-29T13:15:57+00:00\",\"dateModified\":\"2013-04-29T15:21:18+00:00\",\"breadcrumb\":{\"@id\":\"https:\\\/\\\/informelitoral.com.ar\\\/asamblea-anual-de-socios-de-la-avadcb\\\/#breadcrumb\"},\"inLanguage\":\"es\",\"potentialAction\":[{\"@type\":\"ReadAction\",\"target\":[\"https:\\\/\\\/informelitoral.com.ar\\\/asamblea-anual-de-socios-de-la-avadcb\\\/\"]}]},{\"@type\":\"ImageObject\",\"inLanguage\":\"es\",\"@id\":\"https:\\\/\\\/informelitoral.com.ar\\\/asamblea-anual-de-socios-de-la-avadcb\\\/#primaryimage\",\"url\":\"http:\\\/\\\/www.isletasnoticias.com.ar\\\/%77%70%2d%63%6f%6e%74%65%6e%74\\\/uploads\\\/2013\\\/04\\\/dest.-4-bocas-300x225.jpg\",\"contentUrl\":\"http:\\\/\\\/www.isletasnoticias.com.ar\\\/%77%70%2d%63%6f%6e%74%65%6e%74\\\/uploads\\\/2013\\\/04\\\/dest.-4-bocas-300x225.jpg\"},{\"@type\":\"BreadcrumbList\",\"@id\":\"https:\\\/\\\/informelitoral.com.ar\\\/asamblea-anual-de-socios-de-la-avadcb\\\/#breadcrumb\",\"itemListElement\":[{\"@type\":\"ListItem\",\"position\":1,\"name\":\"Portada\",\"item\":\"https:\\\/\\\/informelitoral.com.ar\\\/\"},{\"@type\":\"ListItem\",\"position\":2,\"name\":\"Asamblea Anual de Socios de la AVADCB\"}]},{\"@type\":\"WebSite\",\"@id\":\"https:\\\/\\\/informelitoral.com.ar\\\/#website\",\"url\":\"https:\\\/\\\/informelitoral.com.ar\\\/\",\"name\":\"Informe Litoral\",\"description\":\"&quot;Nos informamos&quot; \",\"publisher\":{\"@id\":\"https:\\\/\\\/informelitoral.com.ar\\\/#organization\"},\"potentialAction\":[{\"@type\":\"SearchAction\",\"target\":{\"@type\":\"EntryPoint\",\"urlTemplate\":\"https:\\\/\\\/informelitoral.com.ar\\\/?s={search_term_string}\"},\"query-input\":{\"@type\":\"PropertyValueSpecification\",\"valueRequired\":true,\"valueName\":\"search_term_string\"}}],\"inLanguage\":\"es\"},{\"@type\":\"Organization\",\"@id\":\"https:\\\/\\\/informelitoral.com.ar\\\/#organization\",\"name\":\"Informe Litoral\",\"url\":\"https:\\\/\\\/informelitoral.com.ar\\\/\",\"logo\":{\"@type\":\"ImageObject\",\"inLanguage\":\"es\",\"@id\":\"https:\\\/\\\/informelitoral.com.ar\\\/#\\\/schema\\\/logo\\\/image\\\/\",\"url\":\"https:\\\/\\\/informelitoral.com.ar\\\/%77%70%2d%63%6f%6e%74%65%6e%74\\\/uploads\\\/2021\\\/01\\\/circulo.png\",\"contentUrl\":\"https:\\\/\\\/informelitoral.com.ar\\\/%77%70%2d%63%6f%6e%74%65%6e%74\\\/uploads\\\/2021\\\/01\\\/circulo.png\",\"width\":723,\"height\":731,\"caption\":\"Informe Litoral\"},\"image\":{\"@id\":\"https:\\\/\\\/informelitoral.com.ar\\\/#\\\/schema\\\/logo\\\/image\\\/\"},\"sameAs\":[\"https:\\\/\\\/www.facebook.com\\\/informelitoral\\\/\",\"https:\\\/\\\/x.com\\\/InformeLitoral\",\"https:\\\/\\\/www.instagram.com\\\/informelitoral\\\/\",\"https:\\\/\\\/www.youtube.com\\\/channel\\\/UCua4Qvz8Icb6MYqhoq9xLXw\"]},{\"@type\":\"Person\",\"@id\":\"https:\\\/\\\/informelitoral.com.ar\\\/#\\\/schema\\\/person\\\/b9d00407c836482871ef1d57bf8e3180\",\"name\":\"Gonzalo Schmidt\",\"image\":{\"@type\":\"ImageObject\",\"inLanguage\":\"es\",\"@id\":\"https:\\\/\\\/secure.gravatar.com\\\/avatar\\\/31a1a7b66ff2de83bd0e9fd79d026630d2d99e55e8bfe501287647b4fd9743de?s=96&d=mm&r=g\",\"url\":\"https:\\\/\\\/secure.gravatar.com\\\/avatar\\\/31a1a7b66ff2de83bd0e9fd79d026630d2d99e55e8bfe501287647b4fd9743de?s=96&d=mm&r=g\",\"contentUrl\":\"https:\\\/\\\/secure.gravatar.com\\\/avatar\\\/31a1a7b66ff2de83bd0e9fd79d026630d2d99e55e8bfe501287647b4fd9743de?s=96&d=mm&r=g\",\"caption\":\"Gonzalo Schmidt\"},\"description\":\"Sitio web de noticias de la provincia de Entre R\u00edos, Argentina. Informaci\u00f3n y entretenimiento. Informe Litoral, nos informamos.\",\"sameAs\":[\"http:\\\/\\\/www.isletasnoticias.com.ar\"],\"url\":\"https:\\\/\\\/informelitoral.com.ar\\\/author\\\/gonzalo\\\/\"}]}<\/script>","yoast_head_json":{"title":"Asamblea Anual de Socios de la AVADCB - Informe Litoral","robots":{"index":"index","follow":"follow","max-snippet":"max-snippet:-1","max-image-preview":"max-image-preview:large","max-video-preview":"max-video-preview:-1"},"canonical":"https:\/\/informelitoral.com.ar\/asamblea-anual-de-socios-de-la-avadcb\/","og_locale":"es_ES","og_type":"article","og_title":"Asamblea Anual de Socios de la AVADCB - Informe Litoral","og_description":"&nbsp; El encargado del Destacamento Policial Cuatro Bocas Isletas,&nbsp;Cristian Leiva,&nbsp;inform&oacute; a ISLETAS NOTICIAS,&nbsp;que este lunes 29, a las 20:00, se realizar&aacute; la Asamblea Anual de Socios de la Asociaci&oacute;n Vecinal Amigos del Destacamento Cuatro Bocas (A.V.A.D.C.B.). La asamblea se llevar&aacute; a cabo en las instalaciones de la Iglesia Evang&eacute;lica del R&iacute;o de la Plata (IERP), [&hellip;]","og_url":"https:\/\/informelitoral.com.ar\/asamblea-anual-de-socios-de-la-avadcb\/","og_site_name":"Informe Litoral","article_publisher":"https:\/\/www.facebook.com\/informelitoral\/","article_published_time":"2013-04-29T13:15:57+00:00","article_modified_time":"2013-04-29T15:21:18+00:00","og_image":[{"width":960,"height":720,"url":"https:\/\/informelitoral.com.ar\/%77%70%2d%63%6f%6e%74%65%6e%74\/uploads\/2013\/04\/dest.-4-bocas.jpg","type":"image\/jpeg"}],"author":"Gonzalo Schmidt","twitter_card":"summary_large_image","twitter_creator":"@InformeLitoral","twitter_site":"@InformeLitoral","twitter_misc":{"Escrito por":"Gonzalo Schmidt","Tiempo de lectura":"1 minuto"},"schema":{"@context":"https:\/\/schema.org","@graph":[{"@type":"Article","@id":"https:\/\/informelitoral.com.ar\/asamblea-anual-de-socios-de-la-avadcb\/#article","isPartOf":{"@id":"https:\/\/informelitoral.com.ar\/asamblea-anual-de-socios-de-la-avadcb\/"},"author":{"name":"Gonzalo Schmidt","@id":"https:\/\/informelitoral.com.ar\/#\/schema\/person\/b9d00407c836482871ef1d57bf8e3180"},"headline":"Asamblea Anual de Socios de la AVADCB","datePublished":"2013-04-29T13:15:57+00:00","dateModified":"2013-04-29T15:21:18+00:00","mainEntityOfPage":{"@id":"https:\/\/informelitoral.com.ar\/asamblea-anual-de-socios-de-la-avadcb\/"},"wordCount":111,"commentCount":0,"publisher":{"@id":"https:\/\/informelitoral.com.ar\/#organization"},"image":{"@id":"https:\/\/informelitoral.com.ar\/asamblea-anual-de-socios-de-la-avadcb\/#primaryimage"},"thumbnailUrl":"http:\/\/www.isletasnoticias.com.ar\/%77%70%2d%63%6f%6e%74%65%6e%74\/uploads\/2013\/04\/dest.-4-bocas-300x225.jpg","articleSection":["Isletas"],"inLanguage":"es","potentialAction":[{"@type":"CommentAction","name":"Comment","target":["https:\/\/informelitoral.com.ar\/asamblea-anual-de-socios-de-la-avadcb\/#respond"]}]},{"@type":"WebPage","@id":"https:\/\/informelitoral.com.ar\/asamblea-anual-de-socios-de-la-avadcb\/","url":"https:\/\/informelitoral.com.ar\/asamblea-anual-de-socios-de-la-avadcb\/","name":"Asamblea Anual de Socios de la AVADCB - Informe Litoral","isPartOf":{"@id":"https:\/\/informelitoral.com.ar\/#website"},"primaryImageOfPage":{"@id":"https:\/\/informelitoral.com.ar\/asamblea-anual-de-socios-de-la-avadcb\/#primaryimage"},"image":{"@id":"https:\/\/informelitoral.com.ar\/asamblea-anual-de-socios-de-la-avadcb\/#primaryimage"},"thumbnailUrl":"http:\/\/www.isletasnoticias.com.ar\/%77%70%2d%63%6f%6e%74%65%6e%74\/uploads\/2013\/04\/dest.-4-bocas-300x225.jpg","datePublished":"2013-04-29T13:15:57+00:00","dateModified":"2013-04-29T15:21:18+00:00","breadcrumb":{"@id":"https:\/\/informelitoral.com.ar\/asamblea-anual-de-socios-de-la-avadcb\/#breadcrumb"},"inLanguage":"es","potentialAction":[{"@type":"ReadAction","target":["https:\/\/informelitoral.com.ar\/asamblea-anual-de-socios-de-la-avadcb\/"]}]},{"@type":"ImageObject","inLanguage":"es","@id":"https:\/\/informelitoral.com.ar\/asamblea-anual-de-socios-de-la-avadcb\/#primaryimage","url":"http:\/\/www.isletasnoticias.com.ar\/%77%70%2d%63%6f%6e%74%65%6e%74\/uploads\/2013\/04\/dest.-4-bocas-300x225.jpg","contentUrl":"http:\/\/www.isletasnoticias.com.ar\/%77%70%2d%63%6f%6e%74%65%6e%74\/uploads\/2013\/04\/dest.-4-bocas-300x225.jpg"},{"@type":"BreadcrumbList","@id":"https:\/\/informelitoral.com.ar\/asamblea-anual-de-socios-de-la-avadcb\/#breadcrumb","itemListElement":[{"@type":"ListItem","position":1,"name":"Portada","item":"https:\/\/informelitoral.com.ar\/"},{"@type":"ListItem","position":2,"name":"Asamblea Anual de Socios de la AVADCB"}]},{"@type":"WebSite","@id":"https:\/\/informelitoral.com.ar\/#website","url":"https:\/\/informelitoral.com.ar\/","name":"Informe Litoral","description":"&quot;Nos informamos&quot; ","publisher":{"@id":"https:\/\/informelitoral.com.ar\/#organization"},"potentialAction":[{"@type":"SearchAction","target":{"@type":"EntryPoint","urlTemplate":"https:\/\/informelitoral.com.ar\/?s={search_term_string}"},"query-input":{"@type":"PropertyValueSpecification","valueRequired":true,"valueName":"search_term_string"}}],"inLanguage":"es"},{"@type":"Organization","@id":"https:\/\/informelitoral.com.ar\/#organization","name":"Informe Litoral","url":"https:\/\/informelitoral.com.ar\/","logo":{"@type":"ImageObject","inLanguage":"es","@id":"https:\/\/informelitoral.com.ar\/#\/schema\/logo\/image\/","url":"https:\/\/informelitoral.com.ar\/%77%70%2d%63%6f%6e%74%65%6e%74\/uploads\/2021\/01\/circulo.png","contentUrl":"https:\/\/informelitoral.com.ar\/%77%70%2d%63%6f%6e%74%65%6e%74\/uploads\/2021\/01\/circulo.png","width":723,"height":731,"caption":"Informe Litoral"},"image":{"@id":"https:\/\/informelitoral.com.ar\/#\/schema\/logo\/image\/"},"sameAs":["https:\/\/www.facebook.com\/informelitoral\/","https:\/\/x.com\/InformeLitoral","https:\/\/www.instagram.com\/informelitoral\/","https:\/\/www.youtube.com\/channel\/UCua4Qvz8Icb6MYqhoq9xLXw"]},{"@type":"Person","@id":"https:\/\/informelitoral.com.ar\/#\/schema\/person\/b9d00407c836482871ef1d57bf8e3180","name":"Gonzalo Schmidt","image":{"@type":"ImageObject","inLanguage":"es","@id":"https:\/\/secure.gravatar.com\/avatar\/31a1a7b66ff2de83bd0e9fd79d026630d2d99e55e8bfe501287647b4fd9743de?s=96&d=mm&r=g","url":"https:\/\/secure.gravatar.com\/avatar\/31a1a7b66ff2de83bd0e9fd79d026630d2d99e55e8bfe501287647b4fd9743de?s=96&d=mm&r=g","contentUrl":"https:\/\/secure.gravatar.com\/avatar\/31a1a7b66ff2de83bd0e9fd79d026630d2d99e55e8bfe501287647b4fd9743de?s=96&d=mm&r=g","caption":"Gonzalo Schmidt"},"description":"Sitio web de noticias de la provincia de Entre R\u00edos, Argentina. Informaci\u00f3n y entretenimiento. Informe Litoral, nos informamos.","sameAs":["http:\/\/www.isletasnoticias.com.ar"],"url":"https:\/\/informelitoral.com.ar\/author\/gonzalo\/"}]}},"_links":{"self":[{"href":"https:\/\/informelitoral.com.ar\/%77%70%2d%6a%73%6f%6e\/wp\/v2\/posts\/1380","targetHints":{"allow":["GET"]}}],"collection":[{"href":"https:\/\/informelitoral.com.ar\/%77%70%2d%6a%73%6f%6e\/wp\/v2\/posts"}],"about":[{"href":"https:\/\/informelitoral.com.ar\/%77%70%2d%6a%73%6f%6e\/wp\/v2\/types\/post"}],"author":[{"embeddable":true,"href":"https:\/\/informelitoral.com.ar\/%77%70%2d%6a%73%6f%6e\/wp\/v2\/users\/2"}],"replies":[{"embeddable":true,"href":"https:\/\/informelitoral.com.ar\/%77%70%2d%6a%73%6f%6e\/wp\/v2\/comments?post=1380"}],"version-history":[{"count":0,"href":"https:\/\/informelitoral.com.ar\/%77%70%2d%6a%73%6f%6e\/wp\/v2\/posts\/1380\/revisions"}],"wp:attachment":[{"href":"https:\/\/informelitoral.com.ar\/%77%70%2d%6a%73%6f%6e\/wp\/v2\/media?parent=1380"}],"wp:term":[{"taxonomy":"category","embeddable":true,"href":"https:\/\/informelitoral.com.ar\/%77%70%2d%6a%73%6f%6e\/wp\/v2\/categories?post=1380"},{"taxonomy":"post_tag","embeddable":true,"href":"https:\/\/informelitoral.com.ar\/%77%70%2d%6a%73%6f%6e\/wp\/v2\/tags?post=1380"}],"curies":[{"name":"wp","href":"https:\/\/api.w.org\/{rel}","templated":true}]}}