{"id":13746,"date":"2016-02-15T09:12:34","date_gmt":"2016-02-15T12:12:34","guid":{"rendered":"http:\/\/www.isletasnoticias.com.ar\/?p=13746"},"modified":"2016-02-15T14:29:48","modified_gmt":"2016-02-15T17:29:48","slug":"el-homenaje-de-baby-etchecopar-a-su-mujer-todo-lo-que-yo-hice-en-mi-vida-lo-hice-por-ella","status":"publish","type":"post","link":"https:\/\/informelitoral.com.ar\/el-homenaje-de-baby-etchecopar-a-su-mujer-todo-lo-que-yo-hice-en-mi-vida-lo-hice-por-ella\/","title":{"rendered":"El homenaje de Baby Etchecopar a su mujer: \u00abTodo lo que yo hice en mi vida lo hice por ella\u00bb"},"content":{"rendered":"<p><strong>El conductor comenz\u00f3 su programa recordando a<em> Adriana Paz<\/em>, quien falleci\u00f3 el viernes tras luchar con una dura enfermedad. \u00abTodos los d\u00edas era una le\u00f1a m\u00e1s al fuego. Todo el mundo sabe que se va a morir, menos vos\u00bb, expres\u00f3.<a href=\"http:\/\/www.isletasnoticias.com.ar\/%77%70%2d%63%6f%6e%74%65%6e%74\/uploads\/2016\/02\/0010359596.jpg\"><img loading=\"lazy\" decoding=\"async\" class=\"aligncenter size-full wp-image-13747\" src=\"http:\/\/www.isletasnoticias.com.ar\/%77%70%2d%63%6f%6e%74%65%6e%74\/uploads\/2016\/02\/0010359596.jpg\" alt=\"0010359596\" width=\"678\" height=\"387\" srcset=\"https:\/\/informelitoral.com.ar\/%77%70%2d%63%6f%6e%74%65%6e%74\/uploads\/2016\/02\/0010359596.jpg 678w, https:\/\/informelitoral.com.ar\/%77%70%2d%63%6f%6e%74%65%6e%74\/uploads\/2016\/02\/0010359596-300x171.jpg 300w\" sizes=\"auto, (max-width: 678px) 100vw, 678px\" \/><\/a><\/strong><\/p>\n<p><b>Adriana Paz<\/b>, la mujer de <strong>Baby Etchecopar<\/strong>, falleci\u00f3 el viernes 12 de febrero al mediod\u00eda tras luchar durante mucho tiempo contra una dura enfermedad. Estaban casados desde hace m\u00e1s de 30 a\u00f1os y juntos tuvieron a Federico, Mar\u00eda Paz y Leandro, adem\u00e1s de sus nietos Felipe y Antonio.<\/p>\n<p>Este lunes, el conductor se hizo presente en su tradicional programa <i>El \u00c1ngel del mediod\u00eda<\/i> por <i>Radio 10<\/i> y comenz\u00f3 el ciclo en homenaje a la memoria de su mujer quien lo acompa\u00f1\u00f3 durante tres d\u00e9cadas. En este marco, Baby admiti\u00f3 que ella ven\u00eda luchando hace mucho contra un c\u00e1ncer: <b>\u00abTodos los d\u00edas era una le\u00f1a m\u00e1s al fuego. Todo el mundo sabe que se va a morir, menos vos\u00bb.<\/b><\/p>\n<p><b>\u00abEsto explot\u00f3 el d\u00eda del tiroteo. Estaba agresiva, flaquita, no se cuidaba, estaba venida abajo\u00bb,<\/b> admiti\u00f3 pero prefiri\u00f3 recordarla de la mejor manera: <b>\u00abEra una negra hermosa, era una persona con unos valores de vida extraordinarios\u00bb.<\/b><\/p>\n<p><b>\u00abTodo lo que yo hice en mi vida lo hice por ella. Sab\u00eda que estaba con una princesa y est\u00e1bamos mal de plata pero quer\u00eda que cuando llegue a reina tenga un palacio\u00bb, <\/b>agreg\u00f3.<\/p>\n<p>Por otra parte, agradeci\u00f3 al Grupo Indalo por el apoyo que le dio en este doloroso momento:<b> \u00abGracias al Grupo Indalo porque estuvo al lado m\u00edo, como una familia todos. De Souza que me habl\u00f3 como un hermano y le agradezco, Martin Rubio, Paco M\u00e1rmol\u00bb, <\/b>indic\u00f3\u00a0<em>MinutoUno.<\/em><\/p>\n<p><strong>La carta de Baby Etchecopar tras la muerte de su esposa<\/strong><\/p>\n<p><em>Desde el 16 de febrero de 1953 <strong>me parieron solo<\/strong>, de hecho mi mellizo muri\u00f3 en el vientre de mam\u00e1. Con una familia con muchos <strong>blasones<\/strong> y tradiciones pero<strong> ning\u00fan sentimiento<\/strong>. Empece a buscar mi libertad, mi independencia y me fui convirtiendo en un <strong>rebelde<\/strong> <strong>reaccionario<\/strong>. Un d\u00eda me cruc\u00e9 con una <strong>hermosa mujer morocha<\/strong> a la que le pasaba lo mismo que a m\u00ed. Nos juntamos en una relaci\u00f3n lejana; muy lejana a lo que los dem\u00e1s llamaban amor. Primero fue <strong>sobrevivir<\/strong>, despu\u00e9s <strong>vivir<\/strong>y despu\u00e9s para sentirnos m\u00e1s vivos -porque consider\u00e1bamos que hab\u00edamos edificado esa red de contenci\u00f3n que nosotros nunca hab\u00edamos tenido- nos jugamos a nuestros <strong>hijos<\/strong>. Y vinieron: uno, dos y tres, sin un <strong>pan<\/strong> debajo del brazo pero llenos de <strong>amor<\/strong>. Y con la lucha y sin bajar los brazos heredados de pap\u00e1 y mam\u00e1 en su ADN y como en un barco vikingo anduvimos sin br\u00fajula buscando una playa en donde establecer la familia, pero hab\u00eda que <strong>remar<\/strong> mucho: no hab\u00eda tiempo para los cumplea\u00f1os, las vacaciones, las caricias, los \u201cte amo\u201d; porque todos los gladiadores se quitan la armadura para dormir, pero nosotros dorm\u00edamos de <strong>guardia<\/strong> con la armadura puesta. Y as\u00ed, algunos se pusieron <strong>grandes<\/strong> y otros m\u00e1s grandes, y a veces tambi\u00e9n en las mesas navide\u00f1as, cuando estaban, sino le tocaba a los suegros -ya que en la quinta hab\u00eda pileta y la pasaban mejor en el viejo living, de la vieja casa, con viejos recuerdos-, comenzaban los <strong>reproches<\/strong>: \u201cLa verdad pap\u00e1 nunca estuviste\u201d, \u201cLa verdad pap\u00e1 que mala onda\u201d, \u201cLa verdad mam\u00e1 que car\u00e1cter, \u00bfPor qu\u00e9 no hacen terapia?\u201d. Y en la despedida se sub\u00edan a los autos que les regal\u00e9, con el seguro que les pago y el service que les hago hacer y yo, esperando un <strong>\u201cte quiero\u201d<\/strong>, recibo:<strong> \u201c\u00bfMe prest\u00e1s tres lucas?\u201d<\/strong>. De esas que no te voy a devolver m\u00e1s, de esas que los dos sabemos pero ninguno habla para no ofender, y el terror del portazo que rompa la cerradura y que vuelva a pagar el padre, como de costumbre, uno se va para adentro, porque est\u00e1 refrescando, enciende la tele y ve el <strong>Caribe<\/strong> con un barco con un tipo de tu edad con tres chicas de la edad de tus hijos. Tomando <strong>champa\u00f1a<\/strong> y bailando hawaiano con unas ojotas bastante parecidas a las que te regalaron hace tres a\u00f1os cuando te fuiste, gracias a Cristina, un fin de semana a Mar de Aj\u00f3, la ojota que te llevo el agua, y uno en cambio de pensar: \u201ctiene las mismas ojotas\u201d, en nuestra mente de microbio, se levanta de golpe de la cama y grita:<strong> \u201cesas son las m\u00edas!!!\u201d<\/strong>, pensando que el due\u00f1o del yate las encontr\u00f3 en Bali despu\u00e9s de alguna tormenta de Las Toninas y con una ca\u00f1a las rescat\u00f3 y las est\u00e1 usando.<\/em><\/p>\n<p><em>Ahora bien, con esa morocha tan linda que conoc\u00ed hace 37 a\u00f1os criamos los tres hijos que amo, pero el viernes<strong> la morocha se fue y se llev\u00f3 mi coraz\u00f3n<\/strong>. Mis hijos tienen todos su vida y no s\u00e9 qu\u00e9 sentido tiene ayudarlos tanto si despu\u00e9s te dicen que no les diste nada. A la morocha la voy a llevar toda la vida conmigo, ahora:<\/em><\/p>\n<p><em>1- \u00bfMe quedo a <strong>esperar<\/strong> <strong>envejecer<\/strong> y <strong>morir<\/strong>? Esperando un \u201cte quiero\u201d.<\/em><\/p>\n<p><em>2- Pintarme el pelo de color <strong>caoba<\/strong> intentando <strong>sacarme a\u00f1os<\/strong> y pasar el medio mundo por un solos y solas, y enganchar un guacamayo, reseca de cirug\u00edas y juntar los 2 fracasos para poder gritar que no estoy solo.<\/em><\/p>\n<p><em>3- Comprarme un<strong> traje gris<\/strong> y llevar a mis <strong>nietos<\/strong> al tren de la costa para que vean al sudoroso Barney, demostrando que se puede estar peor.<\/em><\/p>\n<p><em>4- Hacerme <strong>amigotes<\/strong> de <strong>caf\u00e9<\/strong> y pensar que primero est\u00e1 la barra, Boca y Goyeneche, como una forma de saber que alguien va a mover el caj\u00f3n de la cocher\u00eda porque para eso est\u00e1n los amigos.<\/em><\/p>\n<p><em>5- Seguir escuchando al lado del o\u00eddo, como un <strong>carburador<\/strong> con la junta soplada, el t\u00edpico boludo que te dice: \u201c<strong>fuerza<\/strong>, <strong>vamos<\/strong>\u2026 fuerza, hacelo por los pibes\u201d.<\/em><\/p>\n<p><em>6- Comenzar a <strong>masturbarme<\/strong> en mi habitaci\u00f3n a oscuras por la culpa y pensar que despu\u00e9s de la desgracia que me pas\u00f3 no tengo derecho a disfrutar un instante de mi vida y terminar como Kung Fu, <strong>ahorcado<\/strong> del perchero como un boludo, con los ojos blancos como el maestro, pero con el pene en lugar de la flauta, en una pr\u00e1ctica escabrosa y papelonera.<\/em><\/p>\n<p><em>7- Ir a la sociedad de fomento a contar mis <strong>haza\u00f1as radiales<\/strong> a los cuatro borrachos que juegan al truco y a eso de las siete de la tarde -con los broches en el pantal\u00f3n-, pedalear a la luz de un dinamo deseando encontrar la lata de pate para preparar la cena, mientras me divierto con Los Ingalls.<\/em><\/p>\n<p><em>Tengo 63 y <strong>no me queda mucho tiempo<\/strong>, ya les cont\u00e9 lo que fui y soy capaz de hacer<\/em><\/p>\n<p><em>Por esto quiero <strong>agradecer<\/strong> de todo coraz\u00f3n y, repito, de todo coraz\u00f3n a todos los amigos m\u00e9dicos, a Swiss Medical, al Grupo Indalo, a la barra de Pepino, a mis amigos, a tantos y tantos que me han dado tanto y tanto. Y les quiero informar que <strong>no ser\u00e9 justo yo el Malevo Ferreyra asustado de enfrentar la vida<\/strong>, poni\u00e9ndome fin para dar lastima y verg\u00fcenza, cosa que nunca hice, y si alg\u00fan d\u00eda pasan por el medio del oc\u00e9ano y me ven flotando, no me quieran sacar; porque tampoco me estoy ahogando, estoy yendo a buscar las ojotas que tiene el tipo que esta con las tres minas en Bali arriba de un velero y que, me parece, que son m\u00edas\u2026 y las ojotas tambi\u00e9n.<\/em><\/p>\n","protected":false},"excerpt":{"rendered":"<p>El conductor comenz&oacute; su programa recordando a Adriana Paz, quien falleci&oacute; el viernes tras luchar con una dura enfermedad. &laquo;Todos los d&iacute;as era una le&ntilde;a m&aacute;s al fuego. Todo el mundo sabe que se va a morir, menos vos&raquo;, expres&oacute;. Adriana Paz, la mujer de Baby Etchecopar, falleci&oacute; el viernes 12 de febrero al mediod&iacute;a [&hellip;]<\/p>\n","protected":false},"author":2,"featured_media":0,"comment_status":"open","ping_status":"open","sticky":false,"template":"","format":"standard","meta":{"fifu_image_url":"","fifu_image_alt":"","footnotes":""},"categories":[12,9],"tags":[],"class_list":{"0":"post-13746","1":"post","2":"type-post","3":"status-publish","4":"format-standard","6":"category-espectaculos","7":"category-sociedad"},"yoast_head":"<title>El homenaje de Baby Etchecopar a su mujer: &quot;Todo lo que yo hice en mi vida lo hice por ella&quot; - Informe Litoral<\/title>\n<meta name=\"robots\" content=\"index, follow, max-snippet:-1, max-image-preview:large, max-video-preview:-1\" \/>\n<link rel=\"canonical\" href=\"https:\/\/informelitoral.com.ar\/el-homenaje-de-baby-etchecopar-a-su-mujer-todo-lo-que-yo-hice-en-mi-vida-lo-hice-por-ella\/\" \/>\n<meta property=\"og:locale\" content=\"es_ES\" \/>\n<meta property=\"og:type\" content=\"article\" \/>\n<meta property=\"og:title\" content=\"El homenaje de Baby Etchecopar a su mujer: &quot;Todo lo que yo hice en mi vida lo hice por ella&quot; - Informe Litoral\" \/>\n<meta property=\"og:description\" content=\"El conductor comenz&oacute; su programa recordando a Adriana Paz, quien falleci&oacute; el viernes tras luchar con una dura enfermedad. &laquo;Todos los d&iacute;as era una le&ntilde;a m&aacute;s al fuego. Todo el mundo sabe que se va a morir, menos vos&raquo;, expres&oacute;. Adriana Paz, la mujer de Baby Etchecopar, falleci&oacute; el viernes 12 de febrero al mediod&iacute;a [&hellip;]\" \/>\n<meta property=\"og:url\" content=\"https:\/\/informelitoral.com.ar\/el-homenaje-de-baby-etchecopar-a-su-mujer-todo-lo-que-yo-hice-en-mi-vida-lo-hice-por-ella\/\" \/>\n<meta property=\"og:site_name\" content=\"Informe Litoral\" \/>\n<meta property=\"article:publisher\" content=\"https:\/\/www.facebook.com\/informelitoral\/\" \/>\n<meta property=\"article:published_time\" content=\"2016-02-15T12:12:34+00:00\" \/>\n<meta property=\"article:modified_time\" content=\"2016-02-15T17:29:48+00:00\" \/>\n<meta property=\"og:image\" content=\"https:\/\/informelitoral.com.ar\/%77%70%2d%63%6f%6e%74%65%6e%74\/uploads\/2016\/02\/0010359596.jpg\" \/>\n\t<meta property=\"og:image:width\" content=\"678\" \/>\n\t<meta property=\"og:image:height\" content=\"387\" \/>\n\t<meta property=\"og:image:type\" content=\"image\/jpeg\" \/>\n<meta name=\"author\" content=\"Gonzalo Schmidt\" \/>\n<meta name=\"twitter:card\" content=\"summary_large_image\" \/>\n<meta name=\"twitter:creator\" content=\"@InformeLitoral\" \/>\n<meta name=\"twitter:site\" content=\"@InformeLitoral\" \/>\n<meta name=\"twitter:label1\" content=\"Escrito por\" \/>\n\t<meta name=\"twitter:data1\" content=\"Gonzalo Schmidt\" \/>\n\t<meta name=\"twitter:label2\" content=\"Tiempo de lectura\" \/>\n\t<meta name=\"twitter:data2\" content=\"6 minutos\" \/>\n<script type=\"application\/ld+json\" class=\"yoast-schema-graph\">{\"@context\":\"https:\\\/\\\/schema.org\",\"@graph\":[{\"@type\":\"Article\",\"@id\":\"https:\\\/\\\/informelitoral.com.ar\\\/el-homenaje-de-baby-etchecopar-a-su-mujer-todo-lo-que-yo-hice-en-mi-vida-lo-hice-por-ella\\\/#article\",\"isPartOf\":{\"@id\":\"https:\\\/\\\/informelitoral.com.ar\\\/el-homenaje-de-baby-etchecopar-a-su-mujer-todo-lo-que-yo-hice-en-mi-vida-lo-hice-por-ella\\\/\"},\"author\":{\"name\":\"Gonzalo Schmidt\",\"@id\":\"https:\\\/\\\/informelitoral.com.ar\\\/#\\\/schema\\\/person\\\/b9d00407c836482871ef1d57bf8e3180\"},\"headline\":\"El homenaje de Baby Etchecopar a su mujer: \u00abTodo lo que yo hice en mi vida lo hice por ella\u00bb\",\"datePublished\":\"2016-02-15T12:12:34+00:00\",\"dateModified\":\"2016-02-15T17:29:48+00:00\",\"mainEntityOfPage\":{\"@id\":\"https:\\\/\\\/informelitoral.com.ar\\\/el-homenaje-de-baby-etchecopar-a-su-mujer-todo-lo-que-yo-hice-en-mi-vida-lo-hice-por-ella\\\/\"},\"wordCount\":1319,\"commentCount\":0,\"publisher\":{\"@id\":\"https:\\\/\\\/informelitoral.com.ar\\\/#organization\"},\"image\":{\"@id\":\"https:\\\/\\\/informelitoral.com.ar\\\/el-homenaje-de-baby-etchecopar-a-su-mujer-todo-lo-que-yo-hice-en-mi-vida-lo-hice-por-ella\\\/#primaryimage\"},\"thumbnailUrl\":\"http:\\\/\\\/www.isletasnoticias.com.ar\\\/%77%70%2d%63%6f%6e%74%65%6e%74\\\/uploads\\\/2016\\\/02\\\/0010359596.jpg\",\"articleSection\":[\"Espect\u00e1culos\",\"Sociedad\"],\"inLanguage\":\"es\",\"potentialAction\":[{\"@type\":\"CommentAction\",\"name\":\"Comment\",\"target\":[\"https:\\\/\\\/informelitoral.com.ar\\\/el-homenaje-de-baby-etchecopar-a-su-mujer-todo-lo-que-yo-hice-en-mi-vida-lo-hice-por-ella\\\/#respond\"]}]},{\"@type\":\"WebPage\",\"@id\":\"https:\\\/\\\/informelitoral.com.ar\\\/el-homenaje-de-baby-etchecopar-a-su-mujer-todo-lo-que-yo-hice-en-mi-vida-lo-hice-por-ella\\\/\",\"url\":\"https:\\\/\\\/informelitoral.com.ar\\\/el-homenaje-de-baby-etchecopar-a-su-mujer-todo-lo-que-yo-hice-en-mi-vida-lo-hice-por-ella\\\/\",\"name\":\"El homenaje de Baby Etchecopar a su mujer: \\\"Todo lo que yo hice en mi vida lo hice por ella\\\" - Informe Litoral\",\"isPartOf\":{\"@id\":\"https:\\\/\\\/informelitoral.com.ar\\\/#website\"},\"primaryImageOfPage\":{\"@id\":\"https:\\\/\\\/informelitoral.com.ar\\\/el-homenaje-de-baby-etchecopar-a-su-mujer-todo-lo-que-yo-hice-en-mi-vida-lo-hice-por-ella\\\/#primaryimage\"},\"image\":{\"@id\":\"https:\\\/\\\/informelitoral.com.ar\\\/el-homenaje-de-baby-etchecopar-a-su-mujer-todo-lo-que-yo-hice-en-mi-vida-lo-hice-por-ella\\\/#primaryimage\"},\"thumbnailUrl\":\"http:\\\/\\\/www.isletasnoticias.com.ar\\\/%77%70%2d%63%6f%6e%74%65%6e%74\\\/uploads\\\/2016\\\/02\\\/0010359596.jpg\",\"datePublished\":\"2016-02-15T12:12:34+00:00\",\"dateModified\":\"2016-02-15T17:29:48+00:00\",\"breadcrumb\":{\"@id\":\"https:\\\/\\\/informelitoral.com.ar\\\/el-homenaje-de-baby-etchecopar-a-su-mujer-todo-lo-que-yo-hice-en-mi-vida-lo-hice-por-ella\\\/#breadcrumb\"},\"inLanguage\":\"es\",\"potentialAction\":[{\"@type\":\"ReadAction\",\"target\":[\"https:\\\/\\\/informelitoral.com.ar\\\/el-homenaje-de-baby-etchecopar-a-su-mujer-todo-lo-que-yo-hice-en-mi-vida-lo-hice-por-ella\\\/\"]}]},{\"@type\":\"ImageObject\",\"inLanguage\":\"es\",\"@id\":\"https:\\\/\\\/informelitoral.com.ar\\\/el-homenaje-de-baby-etchecopar-a-su-mujer-todo-lo-que-yo-hice-en-mi-vida-lo-hice-por-ella\\\/#primaryimage\",\"url\":\"http:\\\/\\\/www.isletasnoticias.com.ar\\\/%77%70%2d%63%6f%6e%74%65%6e%74\\\/uploads\\\/2016\\\/02\\\/0010359596.jpg\",\"contentUrl\":\"http:\\\/\\\/www.isletasnoticias.com.ar\\\/%77%70%2d%63%6f%6e%74%65%6e%74\\\/uploads\\\/2016\\\/02\\\/0010359596.jpg\"},{\"@type\":\"BreadcrumbList\",\"@id\":\"https:\\\/\\\/informelitoral.com.ar\\\/el-homenaje-de-baby-etchecopar-a-su-mujer-todo-lo-que-yo-hice-en-mi-vida-lo-hice-por-ella\\\/#breadcrumb\",\"itemListElement\":[{\"@type\":\"ListItem\",\"position\":1,\"name\":\"Portada\",\"item\":\"https:\\\/\\\/informelitoral.com.ar\\\/\"},{\"@type\":\"ListItem\",\"position\":2,\"name\":\"El homenaje de Baby Etchecopar a su mujer: \u00abTodo lo que yo hice en mi vida lo hice por ella\u00bb\"}]},{\"@type\":\"WebSite\",\"@id\":\"https:\\\/\\\/informelitoral.com.ar\\\/#website\",\"url\":\"https:\\\/\\\/informelitoral.com.ar\\\/\",\"name\":\"Informe Litoral\",\"description\":\"&quot;Nos informamos&quot; \",\"publisher\":{\"@id\":\"https:\\\/\\\/informelitoral.com.ar\\\/#organization\"},\"potentialAction\":[{\"@type\":\"SearchAction\",\"target\":{\"@type\":\"EntryPoint\",\"urlTemplate\":\"https:\\\/\\\/informelitoral.com.ar\\\/?s={search_term_string}\"},\"query-input\":{\"@type\":\"PropertyValueSpecification\",\"valueRequired\":true,\"valueName\":\"search_term_string\"}}],\"inLanguage\":\"es\"},{\"@type\":\"Organization\",\"@id\":\"https:\\\/\\\/informelitoral.com.ar\\\/#organization\",\"name\":\"Informe Litoral\",\"url\":\"https:\\\/\\\/informelitoral.com.ar\\\/\",\"logo\":{\"@type\":\"ImageObject\",\"inLanguage\":\"es\",\"@id\":\"https:\\\/\\\/informelitoral.com.ar\\\/#\\\/schema\\\/logo\\\/image\\\/\",\"url\":\"https:\\\/\\\/informelitoral.com.ar\\\/%77%70%2d%63%6f%6e%74%65%6e%74\\\/uploads\\\/2021\\\/01\\\/circulo.png\",\"contentUrl\":\"https:\\\/\\\/informelitoral.com.ar\\\/%77%70%2d%63%6f%6e%74%65%6e%74\\\/uploads\\\/2021\\\/01\\\/circulo.png\",\"width\":723,\"height\":731,\"caption\":\"Informe Litoral\"},\"image\":{\"@id\":\"https:\\\/\\\/informelitoral.com.ar\\\/#\\\/schema\\\/logo\\\/image\\\/\"},\"sameAs\":[\"https:\\\/\\\/www.facebook.com\\\/informelitoral\\\/\",\"https:\\\/\\\/x.com\\\/InformeLitoral\",\"https:\\\/\\\/www.instagram.com\\\/informelitoral\\\/\",\"https:\\\/\\\/www.youtube.com\\\/channel\\\/UCua4Qvz8Icb6MYqhoq9xLXw\"]},{\"@type\":\"Person\",\"@id\":\"https:\\\/\\\/informelitoral.com.ar\\\/#\\\/schema\\\/person\\\/b9d00407c836482871ef1d57bf8e3180\",\"name\":\"Gonzalo Schmidt\",\"image\":{\"@type\":\"ImageObject\",\"inLanguage\":\"es\",\"@id\":\"https:\\\/\\\/secure.gravatar.com\\\/avatar\\\/31a1a7b66ff2de83bd0e9fd79d026630d2d99e55e8bfe501287647b4fd9743de?s=96&d=mm&r=g\",\"url\":\"https:\\\/\\\/secure.gravatar.com\\\/avatar\\\/31a1a7b66ff2de83bd0e9fd79d026630d2d99e55e8bfe501287647b4fd9743de?s=96&d=mm&r=g\",\"contentUrl\":\"https:\\\/\\\/secure.gravatar.com\\\/avatar\\\/31a1a7b66ff2de83bd0e9fd79d026630d2d99e55e8bfe501287647b4fd9743de?s=96&d=mm&r=g\",\"caption\":\"Gonzalo Schmidt\"},\"description\":\"Sitio web de noticias de la provincia de Entre R\u00edos, Argentina. Informaci\u00f3n y entretenimiento. Informe Litoral, nos informamos.\",\"sameAs\":[\"http:\\\/\\\/www.isletasnoticias.com.ar\"],\"url\":\"https:\\\/\\\/informelitoral.com.ar\\\/author\\\/gonzalo\\\/\"}]}<\/script>","yoast_head_json":{"title":"El homenaje de Baby Etchecopar a su mujer: \"Todo lo que yo hice en mi vida lo hice por ella\" - Informe Litoral","robots":{"index":"index","follow":"follow","max-snippet":"max-snippet:-1","max-image-preview":"max-image-preview:large","max-video-preview":"max-video-preview:-1"},"canonical":"https:\/\/informelitoral.com.ar\/el-homenaje-de-baby-etchecopar-a-su-mujer-todo-lo-que-yo-hice-en-mi-vida-lo-hice-por-ella\/","og_locale":"es_ES","og_type":"article","og_title":"El homenaje de Baby Etchecopar a su mujer: \"Todo lo que yo hice en mi vida lo hice por ella\" - Informe Litoral","og_description":"El conductor comenz&oacute; su programa recordando a Adriana Paz, quien falleci&oacute; el viernes tras luchar con una dura enfermedad. &laquo;Todos los d&iacute;as era una le&ntilde;a m&aacute;s al fuego. Todo el mundo sabe que se va a morir, menos vos&raquo;, expres&oacute;. Adriana Paz, la mujer de Baby Etchecopar, falleci&oacute; el viernes 12 de febrero al mediod&iacute;a [&hellip;]","og_url":"https:\/\/informelitoral.com.ar\/el-homenaje-de-baby-etchecopar-a-su-mujer-todo-lo-que-yo-hice-en-mi-vida-lo-hice-por-ella\/","og_site_name":"Informe Litoral","article_publisher":"https:\/\/www.facebook.com\/informelitoral\/","article_published_time":"2016-02-15T12:12:34+00:00","article_modified_time":"2016-02-15T17:29:48+00:00","og_image":[{"width":678,"height":387,"url":"https:\/\/informelitoral.com.ar\/%77%70%2d%63%6f%6e%74%65%6e%74\/uploads\/2016\/02\/0010359596.jpg","type":"image\/jpeg"}],"author":"Gonzalo Schmidt","twitter_card":"summary_large_image","twitter_creator":"@InformeLitoral","twitter_site":"@InformeLitoral","twitter_misc":{"Escrito por":"Gonzalo Schmidt","Tiempo de lectura":"6 minutos"},"schema":{"@context":"https:\/\/schema.org","@graph":[{"@type":"Article","@id":"https:\/\/informelitoral.com.ar\/el-homenaje-de-baby-etchecopar-a-su-mujer-todo-lo-que-yo-hice-en-mi-vida-lo-hice-por-ella\/#article","isPartOf":{"@id":"https:\/\/informelitoral.com.ar\/el-homenaje-de-baby-etchecopar-a-su-mujer-todo-lo-que-yo-hice-en-mi-vida-lo-hice-por-ella\/"},"author":{"name":"Gonzalo Schmidt","@id":"https:\/\/informelitoral.com.ar\/#\/schema\/person\/b9d00407c836482871ef1d57bf8e3180"},"headline":"El homenaje de Baby Etchecopar a su mujer: \u00abTodo lo que yo hice en mi vida lo hice por ella\u00bb","datePublished":"2016-02-15T12:12:34+00:00","dateModified":"2016-02-15T17:29:48+00:00","mainEntityOfPage":{"@id":"https:\/\/informelitoral.com.ar\/el-homenaje-de-baby-etchecopar-a-su-mujer-todo-lo-que-yo-hice-en-mi-vida-lo-hice-por-ella\/"},"wordCount":1319,"commentCount":0,"publisher":{"@id":"https:\/\/informelitoral.com.ar\/#organization"},"image":{"@id":"https:\/\/informelitoral.com.ar\/el-homenaje-de-baby-etchecopar-a-su-mujer-todo-lo-que-yo-hice-en-mi-vida-lo-hice-por-ella\/#primaryimage"},"thumbnailUrl":"http:\/\/www.isletasnoticias.com.ar\/%77%70%2d%63%6f%6e%74%65%6e%74\/uploads\/2016\/02\/0010359596.jpg","articleSection":["Espect\u00e1culos","Sociedad"],"inLanguage":"es","potentialAction":[{"@type":"CommentAction","name":"Comment","target":["https:\/\/informelitoral.com.ar\/el-homenaje-de-baby-etchecopar-a-su-mujer-todo-lo-que-yo-hice-en-mi-vida-lo-hice-por-ella\/#respond"]}]},{"@type":"WebPage","@id":"https:\/\/informelitoral.com.ar\/el-homenaje-de-baby-etchecopar-a-su-mujer-todo-lo-que-yo-hice-en-mi-vida-lo-hice-por-ella\/","url":"https:\/\/informelitoral.com.ar\/el-homenaje-de-baby-etchecopar-a-su-mujer-todo-lo-que-yo-hice-en-mi-vida-lo-hice-por-ella\/","name":"El homenaje de Baby Etchecopar a su mujer: \"Todo lo que yo hice en mi vida lo hice por ella\" - Informe Litoral","isPartOf":{"@id":"https:\/\/informelitoral.com.ar\/#website"},"primaryImageOfPage":{"@id":"https:\/\/informelitoral.com.ar\/el-homenaje-de-baby-etchecopar-a-su-mujer-todo-lo-que-yo-hice-en-mi-vida-lo-hice-por-ella\/#primaryimage"},"image":{"@id":"https:\/\/informelitoral.com.ar\/el-homenaje-de-baby-etchecopar-a-su-mujer-todo-lo-que-yo-hice-en-mi-vida-lo-hice-por-ella\/#primaryimage"},"thumbnailUrl":"http:\/\/www.isletasnoticias.com.ar\/%77%70%2d%63%6f%6e%74%65%6e%74\/uploads\/2016\/02\/0010359596.jpg","datePublished":"2016-02-15T12:12:34+00:00","dateModified":"2016-02-15T17:29:48+00:00","breadcrumb":{"@id":"https:\/\/informelitoral.com.ar\/el-homenaje-de-baby-etchecopar-a-su-mujer-todo-lo-que-yo-hice-en-mi-vida-lo-hice-por-ella\/#breadcrumb"},"inLanguage":"es","potentialAction":[{"@type":"ReadAction","target":["https:\/\/informelitoral.com.ar\/el-homenaje-de-baby-etchecopar-a-su-mujer-todo-lo-que-yo-hice-en-mi-vida-lo-hice-por-ella\/"]}]},{"@type":"ImageObject","inLanguage":"es","@id":"https:\/\/informelitoral.com.ar\/el-homenaje-de-baby-etchecopar-a-su-mujer-todo-lo-que-yo-hice-en-mi-vida-lo-hice-por-ella\/#primaryimage","url":"http:\/\/www.isletasnoticias.com.ar\/%77%70%2d%63%6f%6e%74%65%6e%74\/uploads\/2016\/02\/0010359596.jpg","contentUrl":"http:\/\/www.isletasnoticias.com.ar\/%77%70%2d%63%6f%6e%74%65%6e%74\/uploads\/2016\/02\/0010359596.jpg"},{"@type":"BreadcrumbList","@id":"https:\/\/informelitoral.com.ar\/el-homenaje-de-baby-etchecopar-a-su-mujer-todo-lo-que-yo-hice-en-mi-vida-lo-hice-por-ella\/#breadcrumb","itemListElement":[{"@type":"ListItem","position":1,"name":"Portada","item":"https:\/\/informelitoral.com.ar\/"},{"@type":"ListItem","position":2,"name":"El homenaje de Baby Etchecopar a su mujer: \u00abTodo lo que yo hice en mi vida lo hice por ella\u00bb"}]},{"@type":"WebSite","@id":"https:\/\/informelitoral.com.ar\/#website","url":"https:\/\/informelitoral.com.ar\/","name":"Informe Litoral","description":"&quot;Nos informamos&quot; ","publisher":{"@id":"https:\/\/informelitoral.com.ar\/#organization"},"potentialAction":[{"@type":"SearchAction","target":{"@type":"EntryPoint","urlTemplate":"https:\/\/informelitoral.com.ar\/?s={search_term_string}"},"query-input":{"@type":"PropertyValueSpecification","valueRequired":true,"valueName":"search_term_string"}}],"inLanguage":"es"},{"@type":"Organization","@id":"https:\/\/informelitoral.com.ar\/#organization","name":"Informe Litoral","url":"https:\/\/informelitoral.com.ar\/","logo":{"@type":"ImageObject","inLanguage":"es","@id":"https:\/\/informelitoral.com.ar\/#\/schema\/logo\/image\/","url":"https:\/\/informelitoral.com.ar\/%77%70%2d%63%6f%6e%74%65%6e%74\/uploads\/2021\/01\/circulo.png","contentUrl":"https:\/\/informelitoral.com.ar\/%77%70%2d%63%6f%6e%74%65%6e%74\/uploads\/2021\/01\/circulo.png","width":723,"height":731,"caption":"Informe Litoral"},"image":{"@id":"https:\/\/informelitoral.com.ar\/#\/schema\/logo\/image\/"},"sameAs":["https:\/\/www.facebook.com\/informelitoral\/","https:\/\/x.com\/InformeLitoral","https:\/\/www.instagram.com\/informelitoral\/","https:\/\/www.youtube.com\/channel\/UCua4Qvz8Icb6MYqhoq9xLXw"]},{"@type":"Person","@id":"https:\/\/informelitoral.com.ar\/#\/schema\/person\/b9d00407c836482871ef1d57bf8e3180","name":"Gonzalo Schmidt","image":{"@type":"ImageObject","inLanguage":"es","@id":"https:\/\/secure.gravatar.com\/avatar\/31a1a7b66ff2de83bd0e9fd79d026630d2d99e55e8bfe501287647b4fd9743de?s=96&d=mm&r=g","url":"https:\/\/secure.gravatar.com\/avatar\/31a1a7b66ff2de83bd0e9fd79d026630d2d99e55e8bfe501287647b4fd9743de?s=96&d=mm&r=g","contentUrl":"https:\/\/secure.gravatar.com\/avatar\/31a1a7b66ff2de83bd0e9fd79d026630d2d99e55e8bfe501287647b4fd9743de?s=96&d=mm&r=g","caption":"Gonzalo Schmidt"},"description":"Sitio web de noticias de la provincia de Entre R\u00edos, Argentina. Informaci\u00f3n y entretenimiento. Informe Litoral, nos informamos.","sameAs":["http:\/\/www.isletasnoticias.com.ar"],"url":"https:\/\/informelitoral.com.ar\/author\/gonzalo\/"}]}},"_links":{"self":[{"href":"https:\/\/informelitoral.com.ar\/%77%70%2d%6a%73%6f%6e\/wp\/v2\/posts\/13746","targetHints":{"allow":["GET"]}}],"collection":[{"href":"https:\/\/informelitoral.com.ar\/%77%70%2d%6a%73%6f%6e\/wp\/v2\/posts"}],"about":[{"href":"https:\/\/informelitoral.com.ar\/%77%70%2d%6a%73%6f%6e\/wp\/v2\/types\/post"}],"author":[{"embeddable":true,"href":"https:\/\/informelitoral.com.ar\/%77%70%2d%6a%73%6f%6e\/wp\/v2\/users\/2"}],"replies":[{"embeddable":true,"href":"https:\/\/informelitoral.com.ar\/%77%70%2d%6a%73%6f%6e\/wp\/v2\/comments?post=13746"}],"version-history":[{"count":0,"href":"https:\/\/informelitoral.com.ar\/%77%70%2d%6a%73%6f%6e\/wp\/v2\/posts\/13746\/revisions"}],"wp:attachment":[{"href":"https:\/\/informelitoral.com.ar\/%77%70%2d%6a%73%6f%6e\/wp\/v2\/media?parent=13746"}],"wp:term":[{"taxonomy":"category","embeddable":true,"href":"https:\/\/informelitoral.com.ar\/%77%70%2d%6a%73%6f%6e\/wp\/v2\/categories?post=13746"},{"taxonomy":"post_tag","embeddable":true,"href":"https:\/\/informelitoral.com.ar\/%77%70%2d%6a%73%6f%6e\/wp\/v2\/tags?post=13746"}],"curies":[{"name":"wp","href":"https:\/\/api.w.org\/{rel}","templated":true}]}}