{"id":13735,"date":"2016-02-14T06:52:37","date_gmt":"2016-02-14T09:52:37","guid":{"rendered":"http:\/\/www.isletasnoticias.com.ar\/?p=13735"},"modified":"2016-02-13T23:52:55","modified_gmt":"2016-02-14T02:52:55","slug":"isletas-la-junta-de-gobierno-realizo-la-primera-de-las-tres-reuniones-zonales","status":"publish","type":"post","link":"https:\/\/informelitoral.com.ar\/isletas-la-junta-de-gobierno-realizo-la-primera-de-las-tres-reuniones-zonales\/","title":{"rendered":"Isletas: la Junta de Gobierno realiz\u00f3 la primera de las tres reuniones zonales"},"content":{"rendered":"<p><strong>Fue en la Escuela N\u00b0 20, Acuerdo de San Nicol\u00e1s, \u00abcon alta concurrencia de vecinos\u00bb, informaron a <em>IN<\/em>. Participaron todos los integrantes del oficialismo y la oposici\u00f3n. La pr\u00f3xima reuni\u00f3n est\u00e1 prevista para el 25 de febrero en el Sal\u00f3n Comunitario.<\/strong><\/p>\n<figure id=\"attachment_2593\" aria-describedby=\"caption-attachment-2593\" style=\"width: 571px\" class=\"wp-caption aligncenter\"><a href=\"http:\/\/www.isletasnoticias.com.ar\/%77%70%2d%63%6f%6e%74%65%6e%74\/uploads\/2013\/07\/junta.jpg\"><img loading=\"lazy\" decoding=\"async\" class=\"wp-image-2593 \" src=\"http:\/\/www.isletasnoticias.com.ar\/%77%70%2d%63%6f%6e%74%65%6e%74\/uploads\/2013\/07\/junta.jpg\" alt=\"junta\" width=\"571\" height=\"428\" srcset=\"https:\/\/informelitoral.com.ar\/%77%70%2d%63%6f%6e%74%65%6e%74\/uploads\/2013\/07\/junta.jpg 640w, https:\/\/informelitoral.com.ar\/%77%70%2d%63%6f%6e%74%65%6e%74\/uploads\/2013\/07\/junta-300x225.jpg 300w\" sizes=\"auto, (max-width: 571px) 100vw, 571px\" \/><\/a><figcaption id=\"caption-attachment-2593\" class=\"wp-caption-text\"><em>La pr\u00f3xima reuni\u00f3n zonal sera el 25 de febrero en el Sal\u00f3n Comunitario<\/em><\/figcaption><\/figure>\n<p>El jueves 11 de febrero se realiz\u00f3 <a href=\"http:\/\/www.isletasnoticias.com.ar\/?p=13602\">la primera de las reuniones zonales<\/a> programadas por la actual gesti\u00f3n de la Junta de Gobierno de Isletas. Tal como estaba previsto, el encuentro se desarroll\u00f3 en la Escuela N\u00b0 20, Acuerdo de San Nicol\u00e1s, \u00abcon alta concurrencia de vecinos\u00bb.<\/p>\n<p>En esta oportunidad, participaron los siete miembros de la Junta; por el oficialismo (Cambiemos), el presidente\u00a0<strong>Alcides Wolf<\/strong>;<strong>\u00a0<\/strong>el tesorero,<strong> Nelson Erhardt<\/strong>; secretario,<strong> Lucas Eichmann<\/strong> y la vocal,\u00a0<strong>Clelia Schmidt<\/strong> y los tres integrantes del bloque opositor (FpV) <strong>Luis Ch\u00e9mez, Nancy Eichmann<\/strong> y <strong>Fabi\u00e1n Garc\u00eda.<\/strong><\/p>\n<p><strong>Temas que se trataron<\/strong><\/p>\n<p>Seg\u00fan un texto enviado a la redacci\u00f3n de <strong><em>ISLETAS NOTICIAS<\/em><\/strong> y al programa radial\u00a0<em>Uno por Semana<\/em>, desde la Junta de Gobierno informaron que se trataron diversos temas.<\/p>\n<ul>\n<li>El Presidente informo las actividades y gestiones realizadas a la fecha.<\/li>\n<li>Los vecinos plantearon la necesidad de retomar el embrozado del acceso a la Escuela (N\u00b0 20) y caminos aleda\u00f1os, acord\u00e1ndose convocar al nuevo Jefe Zonal Diamante de la DPV para exponerle la situaci\u00f3n.<\/li>\n<li>Tambi\u00e9n se abordaron temas educativos, de salud, seguridad y funcionamiento general de la Junta de Gobierno.<\/li>\n<li>El tesorero expuso ante los presentes los movimientos de fondos al 31 de enero con el fin de mantener informados a los vecinos.<\/li>\n<\/ul>\n<p><strong>Gesti\u00f3n y respuesta favorable<\/strong><\/p>\n<p>Ante el pedido de los vecinos, el pasado viernes 12,\u00a0\u00abse gestion\u00f3 ante la Direcci\u00f3n Provincial de Vialidad (DPV), zonal Diamante, la posibilidad de cubrir con broza algunos baches en caminos de la zona de la Escuela N\u00b0 20 y adem\u00e1s en el acceso a la escuela N\u00ba 34, a lo cual hubo respuesta favorable y ya se resolvi\u00f3 esa situaci\u00f3n\u00bb, destacaron desde la Comuna.<\/p>\n<p>Por ese motivo, desde la Junta de Gobierno agradecen a la DPV Zonal Diamante por dar soluci\u00f3n a este problema puntual. <em>(IN)<\/em><\/p>\n","protected":false},"excerpt":{"rendered":"<p>Fue en la Escuela N&deg; 20, Acuerdo de San Nicol&aacute;s, &laquo;con alta concurrencia de vecinos&raquo;, informaron a IN. Participaron todos los integrantes del oficialismo y la oposici&oacute;n. La pr&oacute;xima reuni&oacute;n est&aacute; prevista para el 25 de febrero en el Sal&oacute;n Comunitario. El jueves 11 de febrero se realiz&oacute; la primera de las reuniones zonales programadas [&hellip;]<\/p>\n","protected":false},"author":2,"featured_media":0,"comment_status":"open","ping_status":"open","sticky":false,"template":"","format":"standard","meta":{"fifu_image_url":"","fifu_image_alt":"","footnotes":""},"categories":[4,16],"tags":[],"class_list":{"0":"post-13735","1":"post","2":"type-post","3":"status-publish","4":"format-standard","6":"category-locales","7":"category-politi"},"yoast_head":"<title>Isletas: la Junta de Gobierno realiz\u00f3 la primera de las tres reuniones zonales - Informe Litoral<\/title>\n<meta name=\"robots\" content=\"index, follow, max-snippet:-1, max-image-preview:large, max-video-preview:-1\" \/>\n<link rel=\"canonical\" href=\"https:\/\/informelitoral.com.ar\/isletas-la-junta-de-gobierno-realizo-la-primera-de-las-tres-reuniones-zonales\/\" \/>\n<meta property=\"og:locale\" content=\"es_ES\" \/>\n<meta property=\"og:type\" content=\"article\" \/>\n<meta property=\"og:title\" content=\"Isletas: la Junta de Gobierno realiz\u00f3 la primera de las tres reuniones zonales - Informe Litoral\" \/>\n<meta property=\"og:description\" content=\"Fue en la Escuela N&deg; 20, Acuerdo de San Nicol&aacute;s, &laquo;con alta concurrencia de vecinos&raquo;, informaron a IN. Participaron todos los integrantes del oficialismo y la oposici&oacute;n. La pr&oacute;xima reuni&oacute;n est&aacute; prevista para el 25 de febrero en el Sal&oacute;n Comunitario. El jueves 11 de febrero se realiz&oacute; la primera de las reuniones zonales programadas [&hellip;]\" \/>\n<meta property=\"og:url\" content=\"https:\/\/informelitoral.com.ar\/isletas-la-junta-de-gobierno-realizo-la-primera-de-las-tres-reuniones-zonales\/\" \/>\n<meta property=\"og:site_name\" content=\"Informe Litoral\" \/>\n<meta property=\"article:publisher\" content=\"https:\/\/www.facebook.com\/informelitoral\/\" \/>\n<meta property=\"article:published_time\" content=\"2016-02-14T09:52:37+00:00\" \/>\n<meta property=\"og:image\" content=\"https:\/\/informelitoral.com.ar\/%77%70%2d%63%6f%6e%74%65%6e%74\/uploads\/2013\/07\/junta.jpg\" \/>\n\t<meta property=\"og:image:width\" content=\"640\" \/>\n\t<meta property=\"og:image:height\" content=\"480\" \/>\n\t<meta property=\"og:image:type\" content=\"image\/jpeg\" \/>\n<meta name=\"author\" content=\"Gonzalo Schmidt\" \/>\n<meta name=\"twitter:card\" content=\"summary_large_image\" \/>\n<meta name=\"twitter:creator\" content=\"@InformeLitoral\" \/>\n<meta name=\"twitter:site\" content=\"@InformeLitoral\" \/>\n<meta name=\"twitter:label1\" content=\"Escrito por\" \/>\n\t<meta name=\"twitter:data1\" content=\"Gonzalo Schmidt\" \/>\n\t<meta name=\"twitter:label2\" content=\"Tiempo de lectura\" \/>\n\t<meta name=\"twitter:data2\" content=\"2 minutos\" \/>\n<script type=\"application\/ld+json\" class=\"yoast-schema-graph\">{\"@context\":\"https:\\\/\\\/schema.org\",\"@graph\":[{\"@type\":\"Article\",\"@id\":\"https:\\\/\\\/informelitoral.com.ar\\\/isletas-la-junta-de-gobierno-realizo-la-primera-de-las-tres-reuniones-zonales\\\/#article\",\"isPartOf\":{\"@id\":\"https:\\\/\\\/informelitoral.com.ar\\\/isletas-la-junta-de-gobierno-realizo-la-primera-de-las-tres-reuniones-zonales\\\/\"},\"author\":{\"name\":\"Gonzalo Schmidt\",\"@id\":\"https:\\\/\\\/informelitoral.com.ar\\\/#\\\/schema\\\/person\\\/b9d00407c836482871ef1d57bf8e3180\"},\"headline\":\"Isletas: la Junta de Gobierno realiz\u00f3 la primera de las tres reuniones zonales\",\"datePublished\":\"2016-02-14T09:52:37+00:00\",\"mainEntityOfPage\":{\"@id\":\"https:\\\/\\\/informelitoral.com.ar\\\/isletas-la-junta-de-gobierno-realizo-la-primera-de-las-tres-reuniones-zonales\\\/\"},\"wordCount\":386,\"commentCount\":0,\"publisher\":{\"@id\":\"https:\\\/\\\/informelitoral.com.ar\\\/#organization\"},\"image\":{\"@id\":\"https:\\\/\\\/informelitoral.com.ar\\\/isletas-la-junta-de-gobierno-realizo-la-primera-de-las-tres-reuniones-zonales\\\/#primaryimage\"},\"thumbnailUrl\":\"http:\\\/\\\/www.isletasnoticias.com.ar\\\/%77%70%2d%63%6f%6e%74%65%6e%74\\\/uploads\\\/2013\\\/07\\\/junta.jpg\",\"articleSection\":[\"Isletas\",\"Politica\"],\"inLanguage\":\"es\",\"potentialAction\":[{\"@type\":\"CommentAction\",\"name\":\"Comment\",\"target\":[\"https:\\\/\\\/informelitoral.com.ar\\\/isletas-la-junta-de-gobierno-realizo-la-primera-de-las-tres-reuniones-zonales\\\/#respond\"]}]},{\"@type\":\"WebPage\",\"@id\":\"https:\\\/\\\/informelitoral.com.ar\\\/isletas-la-junta-de-gobierno-realizo-la-primera-de-las-tres-reuniones-zonales\\\/\",\"url\":\"https:\\\/\\\/informelitoral.com.ar\\\/isletas-la-junta-de-gobierno-realizo-la-primera-de-las-tres-reuniones-zonales\\\/\",\"name\":\"Isletas: la Junta de Gobierno realiz\u00f3 la primera de las tres reuniones zonales - Informe Litoral\",\"isPartOf\":{\"@id\":\"https:\\\/\\\/informelitoral.com.ar\\\/#website\"},\"primaryImageOfPage\":{\"@id\":\"https:\\\/\\\/informelitoral.com.ar\\\/isletas-la-junta-de-gobierno-realizo-la-primera-de-las-tres-reuniones-zonales\\\/#primaryimage\"},\"image\":{\"@id\":\"https:\\\/\\\/informelitoral.com.ar\\\/isletas-la-junta-de-gobierno-realizo-la-primera-de-las-tres-reuniones-zonales\\\/#primaryimage\"},\"thumbnailUrl\":\"http:\\\/\\\/www.isletasnoticias.com.ar\\\/%77%70%2d%63%6f%6e%74%65%6e%74\\\/uploads\\\/2013\\\/07\\\/junta.jpg\",\"datePublished\":\"2016-02-14T09:52:37+00:00\",\"breadcrumb\":{\"@id\":\"https:\\\/\\\/informelitoral.com.ar\\\/isletas-la-junta-de-gobierno-realizo-la-primera-de-las-tres-reuniones-zonales\\\/#breadcrumb\"},\"inLanguage\":\"es\",\"potentialAction\":[{\"@type\":\"ReadAction\",\"target\":[\"https:\\\/\\\/informelitoral.com.ar\\\/isletas-la-junta-de-gobierno-realizo-la-primera-de-las-tres-reuniones-zonales\\\/\"]}]},{\"@type\":\"ImageObject\",\"inLanguage\":\"es\",\"@id\":\"https:\\\/\\\/informelitoral.com.ar\\\/isletas-la-junta-de-gobierno-realizo-la-primera-de-las-tres-reuniones-zonales\\\/#primaryimage\",\"url\":\"http:\\\/\\\/www.isletasnoticias.com.ar\\\/%77%70%2d%63%6f%6e%74%65%6e%74\\\/uploads\\\/2013\\\/07\\\/junta.jpg\",\"contentUrl\":\"http:\\\/\\\/www.isletasnoticias.com.ar\\\/%77%70%2d%63%6f%6e%74%65%6e%74\\\/uploads\\\/2013\\\/07\\\/junta.jpg\"},{\"@type\":\"BreadcrumbList\",\"@id\":\"https:\\\/\\\/informelitoral.com.ar\\\/isletas-la-junta-de-gobierno-realizo-la-primera-de-las-tres-reuniones-zonales\\\/#breadcrumb\",\"itemListElement\":[{\"@type\":\"ListItem\",\"position\":1,\"name\":\"Portada\",\"item\":\"https:\\\/\\\/informelitoral.com.ar\\\/\"},{\"@type\":\"ListItem\",\"position\":2,\"name\":\"Isletas: la Junta de Gobierno realiz\u00f3 la primera de las tres reuniones zonales\"}]},{\"@type\":\"WebSite\",\"@id\":\"https:\\\/\\\/informelitoral.com.ar\\\/#website\",\"url\":\"https:\\\/\\\/informelitoral.com.ar\\\/\",\"name\":\"Informe Litoral\",\"description\":\"&quot;Nos informamos&quot; \",\"publisher\":{\"@id\":\"https:\\\/\\\/informelitoral.com.ar\\\/#organization\"},\"potentialAction\":[{\"@type\":\"SearchAction\",\"target\":{\"@type\":\"EntryPoint\",\"urlTemplate\":\"https:\\\/\\\/informelitoral.com.ar\\\/?s={search_term_string}\"},\"query-input\":{\"@type\":\"PropertyValueSpecification\",\"valueRequired\":true,\"valueName\":\"search_term_string\"}}],\"inLanguage\":\"es\"},{\"@type\":\"Organization\",\"@id\":\"https:\\\/\\\/informelitoral.com.ar\\\/#organization\",\"name\":\"Informe Litoral\",\"url\":\"https:\\\/\\\/informelitoral.com.ar\\\/\",\"logo\":{\"@type\":\"ImageObject\",\"inLanguage\":\"es\",\"@id\":\"https:\\\/\\\/informelitoral.com.ar\\\/#\\\/schema\\\/logo\\\/image\\\/\",\"url\":\"https:\\\/\\\/informelitoral.com.ar\\\/%77%70%2d%63%6f%6e%74%65%6e%74\\\/uploads\\\/2021\\\/01\\\/circulo.png\",\"contentUrl\":\"https:\\\/\\\/informelitoral.com.ar\\\/%77%70%2d%63%6f%6e%74%65%6e%74\\\/uploads\\\/2021\\\/01\\\/circulo.png\",\"width\":723,\"height\":731,\"caption\":\"Informe Litoral\"},\"image\":{\"@id\":\"https:\\\/\\\/informelitoral.com.ar\\\/#\\\/schema\\\/logo\\\/image\\\/\"},\"sameAs\":[\"https:\\\/\\\/www.facebook.com\\\/informelitoral\\\/\",\"https:\\\/\\\/x.com\\\/InformeLitoral\",\"https:\\\/\\\/www.instagram.com\\\/informelitoral\\\/\",\"https:\\\/\\\/www.youtube.com\\\/channel\\\/UCua4Qvz8Icb6MYqhoq9xLXw\"]},{\"@type\":\"Person\",\"@id\":\"https:\\\/\\\/informelitoral.com.ar\\\/#\\\/schema\\\/person\\\/b9d00407c836482871ef1d57bf8e3180\",\"name\":\"Gonzalo Schmidt\",\"image\":{\"@type\":\"ImageObject\",\"inLanguage\":\"es\",\"@id\":\"https:\\\/\\\/secure.gravatar.com\\\/avatar\\\/31a1a7b66ff2de83bd0e9fd79d026630d2d99e55e8bfe501287647b4fd9743de?s=96&d=mm&r=g\",\"url\":\"https:\\\/\\\/secure.gravatar.com\\\/avatar\\\/31a1a7b66ff2de83bd0e9fd79d026630d2d99e55e8bfe501287647b4fd9743de?s=96&d=mm&r=g\",\"contentUrl\":\"https:\\\/\\\/secure.gravatar.com\\\/avatar\\\/31a1a7b66ff2de83bd0e9fd79d026630d2d99e55e8bfe501287647b4fd9743de?s=96&d=mm&r=g\",\"caption\":\"Gonzalo Schmidt\"},\"description\":\"Sitio web de noticias de la provincia de Entre R\u00edos, Argentina. Informaci\u00f3n y entretenimiento. Informe Litoral, nos informamos.\",\"sameAs\":[\"http:\\\/\\\/www.isletasnoticias.com.ar\"],\"url\":\"https:\\\/\\\/informelitoral.com.ar\\\/author\\\/gonzalo\\\/\"}]}<\/script>","yoast_head_json":{"title":"Isletas: la Junta de Gobierno realiz\u00f3 la primera de las tres reuniones zonales - Informe Litoral","robots":{"index":"index","follow":"follow","max-snippet":"max-snippet:-1","max-image-preview":"max-image-preview:large","max-video-preview":"max-video-preview:-1"},"canonical":"https:\/\/informelitoral.com.ar\/isletas-la-junta-de-gobierno-realizo-la-primera-de-las-tres-reuniones-zonales\/","og_locale":"es_ES","og_type":"article","og_title":"Isletas: la Junta de Gobierno realiz\u00f3 la primera de las tres reuniones zonales - Informe Litoral","og_description":"Fue en la Escuela N&deg; 20, Acuerdo de San Nicol&aacute;s, &laquo;con alta concurrencia de vecinos&raquo;, informaron a IN. Participaron todos los integrantes del oficialismo y la oposici&oacute;n. La pr&oacute;xima reuni&oacute;n est&aacute; prevista para el 25 de febrero en el Sal&oacute;n Comunitario. El jueves 11 de febrero se realiz&oacute; la primera de las reuniones zonales programadas [&hellip;]","og_url":"https:\/\/informelitoral.com.ar\/isletas-la-junta-de-gobierno-realizo-la-primera-de-las-tres-reuniones-zonales\/","og_site_name":"Informe Litoral","article_publisher":"https:\/\/www.facebook.com\/informelitoral\/","article_published_time":"2016-02-14T09:52:37+00:00","og_image":[{"width":640,"height":480,"url":"https:\/\/informelitoral.com.ar\/%77%70%2d%63%6f%6e%74%65%6e%74\/uploads\/2013\/07\/junta.jpg","type":"image\/jpeg"}],"author":"Gonzalo Schmidt","twitter_card":"summary_large_image","twitter_creator":"@InformeLitoral","twitter_site":"@InformeLitoral","twitter_misc":{"Escrito por":"Gonzalo Schmidt","Tiempo de lectura":"2 minutos"},"schema":{"@context":"https:\/\/schema.org","@graph":[{"@type":"Article","@id":"https:\/\/informelitoral.com.ar\/isletas-la-junta-de-gobierno-realizo-la-primera-de-las-tres-reuniones-zonales\/#article","isPartOf":{"@id":"https:\/\/informelitoral.com.ar\/isletas-la-junta-de-gobierno-realizo-la-primera-de-las-tres-reuniones-zonales\/"},"author":{"name":"Gonzalo Schmidt","@id":"https:\/\/informelitoral.com.ar\/#\/schema\/person\/b9d00407c836482871ef1d57bf8e3180"},"headline":"Isletas: la Junta de Gobierno realiz\u00f3 la primera de las tres reuniones zonales","datePublished":"2016-02-14T09:52:37+00:00","mainEntityOfPage":{"@id":"https:\/\/informelitoral.com.ar\/isletas-la-junta-de-gobierno-realizo-la-primera-de-las-tres-reuniones-zonales\/"},"wordCount":386,"commentCount":0,"publisher":{"@id":"https:\/\/informelitoral.com.ar\/#organization"},"image":{"@id":"https:\/\/informelitoral.com.ar\/isletas-la-junta-de-gobierno-realizo-la-primera-de-las-tres-reuniones-zonales\/#primaryimage"},"thumbnailUrl":"http:\/\/www.isletasnoticias.com.ar\/%77%70%2d%63%6f%6e%74%65%6e%74\/uploads\/2013\/07\/junta.jpg","articleSection":["Isletas","Politica"],"inLanguage":"es","potentialAction":[{"@type":"CommentAction","name":"Comment","target":["https:\/\/informelitoral.com.ar\/isletas-la-junta-de-gobierno-realizo-la-primera-de-las-tres-reuniones-zonales\/#respond"]}]},{"@type":"WebPage","@id":"https:\/\/informelitoral.com.ar\/isletas-la-junta-de-gobierno-realizo-la-primera-de-las-tres-reuniones-zonales\/","url":"https:\/\/informelitoral.com.ar\/isletas-la-junta-de-gobierno-realizo-la-primera-de-las-tres-reuniones-zonales\/","name":"Isletas: la Junta de Gobierno realiz\u00f3 la primera de las tres reuniones zonales - Informe Litoral","isPartOf":{"@id":"https:\/\/informelitoral.com.ar\/#website"},"primaryImageOfPage":{"@id":"https:\/\/informelitoral.com.ar\/isletas-la-junta-de-gobierno-realizo-la-primera-de-las-tres-reuniones-zonales\/#primaryimage"},"image":{"@id":"https:\/\/informelitoral.com.ar\/isletas-la-junta-de-gobierno-realizo-la-primera-de-las-tres-reuniones-zonales\/#primaryimage"},"thumbnailUrl":"http:\/\/www.isletasnoticias.com.ar\/%77%70%2d%63%6f%6e%74%65%6e%74\/uploads\/2013\/07\/junta.jpg","datePublished":"2016-02-14T09:52:37+00:00","breadcrumb":{"@id":"https:\/\/informelitoral.com.ar\/isletas-la-junta-de-gobierno-realizo-la-primera-de-las-tres-reuniones-zonales\/#breadcrumb"},"inLanguage":"es","potentialAction":[{"@type":"ReadAction","target":["https:\/\/informelitoral.com.ar\/isletas-la-junta-de-gobierno-realizo-la-primera-de-las-tres-reuniones-zonales\/"]}]},{"@type":"ImageObject","inLanguage":"es","@id":"https:\/\/informelitoral.com.ar\/isletas-la-junta-de-gobierno-realizo-la-primera-de-las-tres-reuniones-zonales\/#primaryimage","url":"http:\/\/www.isletasnoticias.com.ar\/%77%70%2d%63%6f%6e%74%65%6e%74\/uploads\/2013\/07\/junta.jpg","contentUrl":"http:\/\/www.isletasnoticias.com.ar\/%77%70%2d%63%6f%6e%74%65%6e%74\/uploads\/2013\/07\/junta.jpg"},{"@type":"BreadcrumbList","@id":"https:\/\/informelitoral.com.ar\/isletas-la-junta-de-gobierno-realizo-la-primera-de-las-tres-reuniones-zonales\/#breadcrumb","itemListElement":[{"@type":"ListItem","position":1,"name":"Portada","item":"https:\/\/informelitoral.com.ar\/"},{"@type":"ListItem","position":2,"name":"Isletas: la Junta de Gobierno realiz\u00f3 la primera de las tres reuniones zonales"}]},{"@type":"WebSite","@id":"https:\/\/informelitoral.com.ar\/#website","url":"https:\/\/informelitoral.com.ar\/","name":"Informe Litoral","description":"&quot;Nos informamos&quot; ","publisher":{"@id":"https:\/\/informelitoral.com.ar\/#organization"},"potentialAction":[{"@type":"SearchAction","target":{"@type":"EntryPoint","urlTemplate":"https:\/\/informelitoral.com.ar\/?s={search_term_string}"},"query-input":{"@type":"PropertyValueSpecification","valueRequired":true,"valueName":"search_term_string"}}],"inLanguage":"es"},{"@type":"Organization","@id":"https:\/\/informelitoral.com.ar\/#organization","name":"Informe Litoral","url":"https:\/\/informelitoral.com.ar\/","logo":{"@type":"ImageObject","inLanguage":"es","@id":"https:\/\/informelitoral.com.ar\/#\/schema\/logo\/image\/","url":"https:\/\/informelitoral.com.ar\/%77%70%2d%63%6f%6e%74%65%6e%74\/uploads\/2021\/01\/circulo.png","contentUrl":"https:\/\/informelitoral.com.ar\/%77%70%2d%63%6f%6e%74%65%6e%74\/uploads\/2021\/01\/circulo.png","width":723,"height":731,"caption":"Informe Litoral"},"image":{"@id":"https:\/\/informelitoral.com.ar\/#\/schema\/logo\/image\/"},"sameAs":["https:\/\/www.facebook.com\/informelitoral\/","https:\/\/x.com\/InformeLitoral","https:\/\/www.instagram.com\/informelitoral\/","https:\/\/www.youtube.com\/channel\/UCua4Qvz8Icb6MYqhoq9xLXw"]},{"@type":"Person","@id":"https:\/\/informelitoral.com.ar\/#\/schema\/person\/b9d00407c836482871ef1d57bf8e3180","name":"Gonzalo Schmidt","image":{"@type":"ImageObject","inLanguage":"es","@id":"https:\/\/secure.gravatar.com\/avatar\/31a1a7b66ff2de83bd0e9fd79d026630d2d99e55e8bfe501287647b4fd9743de?s=96&d=mm&r=g","url":"https:\/\/secure.gravatar.com\/avatar\/31a1a7b66ff2de83bd0e9fd79d026630d2d99e55e8bfe501287647b4fd9743de?s=96&d=mm&r=g","contentUrl":"https:\/\/secure.gravatar.com\/avatar\/31a1a7b66ff2de83bd0e9fd79d026630d2d99e55e8bfe501287647b4fd9743de?s=96&d=mm&r=g","caption":"Gonzalo Schmidt"},"description":"Sitio web de noticias de la provincia de Entre R\u00edos, Argentina. Informaci\u00f3n y entretenimiento. Informe Litoral, nos informamos.","sameAs":["http:\/\/www.isletasnoticias.com.ar"],"url":"https:\/\/informelitoral.com.ar\/author\/gonzalo\/"}]}},"_links":{"self":[{"href":"https:\/\/informelitoral.com.ar\/%77%70%2d%6a%73%6f%6e\/wp\/v2\/posts\/13735","targetHints":{"allow":["GET"]}}],"collection":[{"href":"https:\/\/informelitoral.com.ar\/%77%70%2d%6a%73%6f%6e\/wp\/v2\/posts"}],"about":[{"href":"https:\/\/informelitoral.com.ar\/%77%70%2d%6a%73%6f%6e\/wp\/v2\/types\/post"}],"author":[{"embeddable":true,"href":"https:\/\/informelitoral.com.ar\/%77%70%2d%6a%73%6f%6e\/wp\/v2\/users\/2"}],"replies":[{"embeddable":true,"href":"https:\/\/informelitoral.com.ar\/%77%70%2d%6a%73%6f%6e\/wp\/v2\/comments?post=13735"}],"version-history":[{"count":0,"href":"https:\/\/informelitoral.com.ar\/%77%70%2d%6a%73%6f%6e\/wp\/v2\/posts\/13735\/revisions"}],"wp:attachment":[{"href":"https:\/\/informelitoral.com.ar\/%77%70%2d%6a%73%6f%6e\/wp\/v2\/media?parent=13735"}],"wp:term":[{"taxonomy":"category","embeddable":true,"href":"https:\/\/informelitoral.com.ar\/%77%70%2d%6a%73%6f%6e\/wp\/v2\/categories?post=13735"},{"taxonomy":"post_tag","embeddable":true,"href":"https:\/\/informelitoral.com.ar\/%77%70%2d%6a%73%6f%6e\/wp\/v2\/tags?post=13735"}],"curies":[{"name":"wp","href":"https:\/\/api.w.org\/{rel}","templated":true}]}}