{"id":13725,"date":"2016-02-11T16:37:07","date_gmt":"2016-02-11T19:37:07","guid":{"rendered":"http:\/\/www.isletasnoticias.com.ar\/?p=13725"},"modified":"2016-02-11T16:37:07","modified_gmt":"2016-02-11T19:37:07","slug":"la-jubilacion-minima-sera-de-4-959-a-partir-de-marzo","status":"publish","type":"post","link":"https:\/\/informelitoral.com.ar\/la-jubilacion-minima-sera-de-4-959-a-partir-de-marzo\/","title":{"rendered":"La jubilaci\u00f3n m\u00ednima ser\u00e1 de $4.959 a partir de marzo"},"content":{"rendered":"<p><strong>El titular de la Anses, <em>Emilio Basavilbaso<\/em>, anunci\u00f3 que las jubilaciones aumentar\u00e1n 15,35%, de acuerdo al \u00edndice de movilidad sancionado por el Congreso.<a href=\"http:\/\/www.isletasnoticias.com.ar\/%77%70%2d%63%6f%6e%74%65%6e%74\/uploads\/2016\/02\/0014241211.jpg\"><img loading=\"lazy\" decoding=\"async\" class=\"aligncenter size-full wp-image-13726\" src=\"http:\/\/www.isletasnoticias.com.ar\/%77%70%2d%63%6f%6e%74%65%6e%74\/uploads\/2016\/02\/0014241211.jpg\" alt=\"0014241211\" width=\"770\" height=\"433\" srcset=\"https:\/\/informelitoral.com.ar\/%77%70%2d%63%6f%6e%74%65%6e%74\/uploads\/2016\/02\/0014241211.jpg 770w, https:\/\/informelitoral.com.ar\/%77%70%2d%63%6f%6e%74%65%6e%74\/uploads\/2016\/02\/0014241211-300x169.jpg 300w\" sizes=\"auto, (max-width: 770px) 100vw, 770px\" \/><\/a><\/strong><\/p>\n<p>Los jubilados recibir\u00e1n en marzo un aumento de 15,35%, que llevar\u00e1 el haber m\u00ednimo de $4.299 a $4.959, por aplicaci\u00f3n de la Ley de Movilidad Previsional, anunci\u00f3 esta tarde el director de la ANSeS, <strong>Emilio Basavilbaso.<\/strong><\/p>\n<p>\u00abEl \u00edndice de movilidad jubilatoria sube 15,35% a partir de marzo. Se va a completar con el tramo de septiembre, como marca la ley\u00bb, indic\u00f3 el funcionario, quien habl\u00f3 en conferencia de prensa luego del presidente Mauricio Macri, en Casa Rosada.<\/p>\n<p>Basavilbaso precis\u00f3 que, con el nuevo ajuste, el haber m\u00ednimo ser\u00e1 de $4.959; el haber medio de $8.135 y el m\u00e1ximo de $36.330, a partir del primero de marzo pr\u00f3ximo.<\/p>\n<p>El titular de la ANSeS puntualiz\u00f3 que el haber m\u00ednimo \u00abpasa a representar el 81,83% del salario m\u00ednimo, vital y m\u00f3vil\u00bb.<\/p>\n<p>De este modo, no s\u00f3lo el haber jubilatorio m\u00ednimo se aproxima a la meta que impulsan los diputados del Frente Renovador y de los legisladores del PJ disidente del Frente para la Victoria que quieren imponer el 82% del salario m\u00ednimo vital y m\u00f3vil que desde enero subi\u00f3 a $6.060, sino que tambi\u00e9n se mantiene en l\u00ednea con la tasa de inflaci\u00f3n, ya que registrar\u00e1 una suba interanual de 29,8 por ciento.<\/p>\n<p>El presidente Mauricio Macri destac\u00f3: \u00abEstamos anunciando los aumentos autom\u00e1ticos a las jubilaciones, que ahora tambi\u00e9n involucran a la AUH y asignaciones familiares\u00bb. Y agreg\u00f3: \u00abS\u00e9 que llega en un buen momento, porque hay preocupacion con el tema de los precios, pero nos estamos ocupando de revertir una Argentina que sufre el flagelo de la inflaci\u00f3n desde hace 8 a\u00f1os a niveles inaceptables\u00bb.<\/p>\n<p><strong>Primer ajuste autom\u00e1tico de la AUH<\/strong><br \/>\nAdem\u00e1s, hoy se anunci\u00f3, por primera vez la aplicaci\u00f3n del ajuste autom\u00e1tico de la Asignaci\u00f3n Universal por Hijo, que beneficia a 2,1 millones de familias con 3,7 millones de hijos alcanzados por el subsidio que desde el 1 de marzo pasa de $837 a $966 por mes.<\/p>\n<p>El director de la Anses, Emilio Basavilbaso, adelant\u00f3 adem\u00e1s que para la Ayuda Escolar Anual para los trabajadores activos, receptores AUH y desempleados pasar\u00e1 de 700 a 808 pesos.<\/p>\n<p>\u00abEstas acciones tienen un impacto anual sobre las finanzas p\u00fablicas de $115.000 millones adicionales para poder cubrir esto, la movilidad para jubilaciones y asignaciones\u00bb, dijo Basavilbaso.<\/p>\n<p><strong>Requisitos para poder cobrar la AUH<\/strong><br \/>\n1. Encontrarse desocupados, es decir, no percibir ninguna suma de dinero en concepto de prestaciones contributivas o no contributivas, nacionales o provinciales (subsidios, planes, pensiones, etc.);<\/p>\n<p>2. Ser trabajadores no registrados, es decir, que se desempe\u00f1en en la econom\u00eda informal, percibiendo un salario menor que el salario m\u00ednimo vital y m\u00f3vil;<\/p>\n<p>3. Ser trabajadores inscriptos en los planes \u00abArgentina Trabaja \/ Manos a la Obra\u00bb del Ministerio de Desarrollo Social o \u00abPrograma de Trabajo Autogestionado\u00bb \u00abJ\u00f3venes con M\u00e1s y mejor Trabajo\u00bb, \u00abPrograma Promover la igualdad de Oportunidades\u00bb; \u00abPrograma de Inserci\u00f3n Laboral\u00bb del Ministerio de Trabajo, Empleo y Seguridad Social;<\/p>\n<p>4.Ser trabajadores inscriptos en el R\u00e9gimen de Monotributistas Sociales;<\/p>\n<p>5. Ser trabajadores incorporados en el R\u00e9gimen Especial de Seguridad Social para Empleados del Servicio Dom\u00e9stico (art\u00edculo 21 de la Ley N\u00ba 25.239);<\/p>\n<p>6.Ser trabajadores de temporada, encontrarse con reserva de puesto de trabajo a mes completo y no percibir ninguna suma de dinero durante ese per\u00edodo;<\/p>\n<p>7. Encontrarse privados de su libertad, incluyendo a aquellos que desempe\u00f1en tareas dentro de las Unidades del Servicio Penitenciario Federal, inscriptas dentro del \u00abEnte de Cooperaci\u00f3n T\u00e9cnica y Financiera del Servicio Penitenciario Federal (ENCOPE)\u00bb, y dentro del \u00abServicio Penitenciario Provincial de C\u00f3rdoba\u00bb, siendo determinante la condici\u00f3n procesal de los internos.<br \/>\nAdem\u00e1s, el gobierno nacional prepara un proyecto de ley que incorpore entre los potenciales beneficiarios de la AUH a los hijos en edad escolar de los monotributistas, para que cumpla con el rol de tener alcance \u00abuniversal\u00bb. Se estima que con esa iniciativa se podr\u00eda extender el beneficio en un mill\u00f3n de hogares. <em>(Infobae)<\/em><\/p>\n","protected":false},"excerpt":{"rendered":"<p>El titular de la Anses, Emilio Basavilbaso, anunci&oacute; que las jubilaciones aumentar&aacute;n 15,35%, de acuerdo al &iacute;ndice de movilidad sancionado por el Congreso. Los jubilados recibir&aacute;n en marzo un aumento de 15,35%, que llevar&aacute; el haber m&iacute;nimo de $4.299 a $4.959, por aplicaci&oacute;n de la Ley de Movilidad Previsional, anunci&oacute; esta tarde el director de [&hellip;]<\/p>\n","protected":false},"author":2,"featured_media":0,"comment_status":"open","ping_status":"open","sticky":false,"template":"","format":"standard","meta":{"fifu_image_url":"","fifu_image_alt":"","footnotes":""},"categories":[7,16],"tags":[],"class_list":{"0":"post-13725","1":"post","2":"type-post","3":"status-publish","4":"format-standard","6":"category-nacionales","7":"category-politi"},"yoast_head":"<title>La jubilaci\u00f3n m\u00ednima ser\u00e1 de $4.959 a partir de marzo - Informe Litoral<\/title>\n<meta name=\"robots\" content=\"index, follow, max-snippet:-1, max-image-preview:large, max-video-preview:-1\" \/>\n<link rel=\"canonical\" href=\"https:\/\/informelitoral.com.ar\/la-jubilacion-minima-sera-de-4-959-a-partir-de-marzo\/\" \/>\n<meta property=\"og:locale\" content=\"es_ES\" \/>\n<meta property=\"og:type\" content=\"article\" \/>\n<meta property=\"og:title\" content=\"La jubilaci\u00f3n m\u00ednima ser\u00e1 de $4.959 a partir de marzo - Informe Litoral\" \/>\n<meta property=\"og:description\" content=\"El titular de la Anses, Emilio Basavilbaso, anunci&oacute; que las jubilaciones aumentar&aacute;n 15,35%, de acuerdo al &iacute;ndice de movilidad sancionado por el Congreso. Los jubilados recibir&aacute;n en marzo un aumento de 15,35%, que llevar&aacute; el haber m&iacute;nimo de $4.299 a $4.959, por aplicaci&oacute;n de la Ley de Movilidad Previsional, anunci&oacute; esta tarde el director de [&hellip;]\" \/>\n<meta property=\"og:url\" content=\"https:\/\/informelitoral.com.ar\/la-jubilacion-minima-sera-de-4-959-a-partir-de-marzo\/\" \/>\n<meta property=\"og:site_name\" content=\"Informe Litoral\" \/>\n<meta property=\"article:publisher\" content=\"https:\/\/www.facebook.com\/informelitoral\/\" \/>\n<meta property=\"article:published_time\" content=\"2016-02-11T19:37:07+00:00\" \/>\n<meta property=\"og:image\" content=\"https:\/\/informelitoral.com.ar\/%77%70%2d%63%6f%6e%74%65%6e%74\/uploads\/2016\/02\/0014241211.jpg\" \/>\n\t<meta property=\"og:image:width\" content=\"770\" \/>\n\t<meta property=\"og:image:height\" content=\"433\" \/>\n\t<meta property=\"og:image:type\" content=\"image\/jpeg\" \/>\n<meta name=\"author\" content=\"Gonzalo Schmidt\" \/>\n<meta name=\"twitter:card\" content=\"summary_large_image\" \/>\n<meta name=\"twitter:creator\" content=\"@InformeLitoral\" \/>\n<meta name=\"twitter:site\" content=\"@InformeLitoral\" \/>\n<meta name=\"twitter:label1\" content=\"Escrito por\" \/>\n\t<meta name=\"twitter:data1\" content=\"Gonzalo Schmidt\" \/>\n\t<meta name=\"twitter:label2\" content=\"Tiempo de lectura\" \/>\n\t<meta name=\"twitter:data2\" content=\"3 minutos\" \/>\n<script type=\"application\/ld+json\" class=\"yoast-schema-graph\">{\"@context\":\"https:\\\/\\\/schema.org\",\"@graph\":[{\"@type\":\"Article\",\"@id\":\"https:\\\/\\\/informelitoral.com.ar\\\/la-jubilacion-minima-sera-de-4-959-a-partir-de-marzo\\\/#article\",\"isPartOf\":{\"@id\":\"https:\\\/\\\/informelitoral.com.ar\\\/la-jubilacion-minima-sera-de-4-959-a-partir-de-marzo\\\/\"},\"author\":{\"name\":\"Gonzalo Schmidt\",\"@id\":\"https:\\\/\\\/informelitoral.com.ar\\\/#\\\/schema\\\/person\\\/b9d00407c836482871ef1d57bf8e3180\"},\"headline\":\"La jubilaci\u00f3n m\u00ednima ser\u00e1 de $4.959 a partir de marzo\",\"datePublished\":\"2016-02-11T19:37:07+00:00\",\"mainEntityOfPage\":{\"@id\":\"https:\\\/\\\/informelitoral.com.ar\\\/la-jubilacion-minima-sera-de-4-959-a-partir-de-marzo\\\/\"},\"wordCount\":689,\"commentCount\":0,\"publisher\":{\"@id\":\"https:\\\/\\\/informelitoral.com.ar\\\/#organization\"},\"image\":{\"@id\":\"https:\\\/\\\/informelitoral.com.ar\\\/la-jubilacion-minima-sera-de-4-959-a-partir-de-marzo\\\/#primaryimage\"},\"thumbnailUrl\":\"http:\\\/\\\/www.isletasnoticias.com.ar\\\/%77%70%2d%63%6f%6e%74%65%6e%74\\\/uploads\\\/2016\\\/02\\\/0014241211.jpg\",\"articleSection\":[\"Nacionales\",\"Politica\"],\"inLanguage\":\"es\",\"potentialAction\":[{\"@type\":\"CommentAction\",\"name\":\"Comment\",\"target\":[\"https:\\\/\\\/informelitoral.com.ar\\\/la-jubilacion-minima-sera-de-4-959-a-partir-de-marzo\\\/#respond\"]}]},{\"@type\":\"WebPage\",\"@id\":\"https:\\\/\\\/informelitoral.com.ar\\\/la-jubilacion-minima-sera-de-4-959-a-partir-de-marzo\\\/\",\"url\":\"https:\\\/\\\/informelitoral.com.ar\\\/la-jubilacion-minima-sera-de-4-959-a-partir-de-marzo\\\/\",\"name\":\"La jubilaci\u00f3n m\u00ednima ser\u00e1 de $4.959 a partir de marzo - Informe Litoral\",\"isPartOf\":{\"@id\":\"https:\\\/\\\/informelitoral.com.ar\\\/#website\"},\"primaryImageOfPage\":{\"@id\":\"https:\\\/\\\/informelitoral.com.ar\\\/la-jubilacion-minima-sera-de-4-959-a-partir-de-marzo\\\/#primaryimage\"},\"image\":{\"@id\":\"https:\\\/\\\/informelitoral.com.ar\\\/la-jubilacion-minima-sera-de-4-959-a-partir-de-marzo\\\/#primaryimage\"},\"thumbnailUrl\":\"http:\\\/\\\/www.isletasnoticias.com.ar\\\/%77%70%2d%63%6f%6e%74%65%6e%74\\\/uploads\\\/2016\\\/02\\\/0014241211.jpg\",\"datePublished\":\"2016-02-11T19:37:07+00:00\",\"breadcrumb\":{\"@id\":\"https:\\\/\\\/informelitoral.com.ar\\\/la-jubilacion-minima-sera-de-4-959-a-partir-de-marzo\\\/#breadcrumb\"},\"inLanguage\":\"es\",\"potentialAction\":[{\"@type\":\"ReadAction\",\"target\":[\"https:\\\/\\\/informelitoral.com.ar\\\/la-jubilacion-minima-sera-de-4-959-a-partir-de-marzo\\\/\"]}]},{\"@type\":\"ImageObject\",\"inLanguage\":\"es\",\"@id\":\"https:\\\/\\\/informelitoral.com.ar\\\/la-jubilacion-minima-sera-de-4-959-a-partir-de-marzo\\\/#primaryimage\",\"url\":\"http:\\\/\\\/www.isletasnoticias.com.ar\\\/%77%70%2d%63%6f%6e%74%65%6e%74\\\/uploads\\\/2016\\\/02\\\/0014241211.jpg\",\"contentUrl\":\"http:\\\/\\\/www.isletasnoticias.com.ar\\\/%77%70%2d%63%6f%6e%74%65%6e%74\\\/uploads\\\/2016\\\/02\\\/0014241211.jpg\"},{\"@type\":\"BreadcrumbList\",\"@id\":\"https:\\\/\\\/informelitoral.com.ar\\\/la-jubilacion-minima-sera-de-4-959-a-partir-de-marzo\\\/#breadcrumb\",\"itemListElement\":[{\"@type\":\"ListItem\",\"position\":1,\"name\":\"Portada\",\"item\":\"https:\\\/\\\/informelitoral.com.ar\\\/\"},{\"@type\":\"ListItem\",\"position\":2,\"name\":\"La jubilaci\u00f3n m\u00ednima ser\u00e1 de $4.959 a partir de marzo\"}]},{\"@type\":\"WebSite\",\"@id\":\"https:\\\/\\\/informelitoral.com.ar\\\/#website\",\"url\":\"https:\\\/\\\/informelitoral.com.ar\\\/\",\"name\":\"Informe Litoral\",\"description\":\"&quot;Nos informamos&quot; \",\"publisher\":{\"@id\":\"https:\\\/\\\/informelitoral.com.ar\\\/#organization\"},\"potentialAction\":[{\"@type\":\"SearchAction\",\"target\":{\"@type\":\"EntryPoint\",\"urlTemplate\":\"https:\\\/\\\/informelitoral.com.ar\\\/?s={search_term_string}\"},\"query-input\":{\"@type\":\"PropertyValueSpecification\",\"valueRequired\":true,\"valueName\":\"search_term_string\"}}],\"inLanguage\":\"es\"},{\"@type\":\"Organization\",\"@id\":\"https:\\\/\\\/informelitoral.com.ar\\\/#organization\",\"name\":\"Informe Litoral\",\"url\":\"https:\\\/\\\/informelitoral.com.ar\\\/\",\"logo\":{\"@type\":\"ImageObject\",\"inLanguage\":\"es\",\"@id\":\"https:\\\/\\\/informelitoral.com.ar\\\/#\\\/schema\\\/logo\\\/image\\\/\",\"url\":\"https:\\\/\\\/informelitoral.com.ar\\\/%77%70%2d%63%6f%6e%74%65%6e%74\\\/uploads\\\/2021\\\/01\\\/circulo.png\",\"contentUrl\":\"https:\\\/\\\/informelitoral.com.ar\\\/%77%70%2d%63%6f%6e%74%65%6e%74\\\/uploads\\\/2021\\\/01\\\/circulo.png\",\"width\":723,\"height\":731,\"caption\":\"Informe Litoral\"},\"image\":{\"@id\":\"https:\\\/\\\/informelitoral.com.ar\\\/#\\\/schema\\\/logo\\\/image\\\/\"},\"sameAs\":[\"https:\\\/\\\/www.facebook.com\\\/informelitoral\\\/\",\"https:\\\/\\\/x.com\\\/InformeLitoral\",\"https:\\\/\\\/www.instagram.com\\\/informelitoral\\\/\",\"https:\\\/\\\/www.youtube.com\\\/channel\\\/UCua4Qvz8Icb6MYqhoq9xLXw\"]},{\"@type\":\"Person\",\"@id\":\"https:\\\/\\\/informelitoral.com.ar\\\/#\\\/schema\\\/person\\\/b9d00407c836482871ef1d57bf8e3180\",\"name\":\"Gonzalo Schmidt\",\"image\":{\"@type\":\"ImageObject\",\"inLanguage\":\"es\",\"@id\":\"https:\\\/\\\/secure.gravatar.com\\\/avatar\\\/31a1a7b66ff2de83bd0e9fd79d026630d2d99e55e8bfe501287647b4fd9743de?s=96&d=mm&r=g\",\"url\":\"https:\\\/\\\/secure.gravatar.com\\\/avatar\\\/31a1a7b66ff2de83bd0e9fd79d026630d2d99e55e8bfe501287647b4fd9743de?s=96&d=mm&r=g\",\"contentUrl\":\"https:\\\/\\\/secure.gravatar.com\\\/avatar\\\/31a1a7b66ff2de83bd0e9fd79d026630d2d99e55e8bfe501287647b4fd9743de?s=96&d=mm&r=g\",\"caption\":\"Gonzalo Schmidt\"},\"description\":\"Sitio web de noticias de la provincia de Entre R\u00edos, Argentina. Informaci\u00f3n y entretenimiento. Informe Litoral, nos informamos.\",\"sameAs\":[\"http:\\\/\\\/www.isletasnoticias.com.ar\"],\"url\":\"https:\\\/\\\/informelitoral.com.ar\\\/author\\\/gonzalo\\\/\"}]}<\/script>","yoast_head_json":{"title":"La jubilaci\u00f3n m\u00ednima ser\u00e1 de $4.959 a partir de marzo - Informe Litoral","robots":{"index":"index","follow":"follow","max-snippet":"max-snippet:-1","max-image-preview":"max-image-preview:large","max-video-preview":"max-video-preview:-1"},"canonical":"https:\/\/informelitoral.com.ar\/la-jubilacion-minima-sera-de-4-959-a-partir-de-marzo\/","og_locale":"es_ES","og_type":"article","og_title":"La jubilaci\u00f3n m\u00ednima ser\u00e1 de $4.959 a partir de marzo - Informe Litoral","og_description":"El titular de la Anses, Emilio Basavilbaso, anunci&oacute; que las jubilaciones aumentar&aacute;n 15,35%, de acuerdo al &iacute;ndice de movilidad sancionado por el Congreso. Los jubilados recibir&aacute;n en marzo un aumento de 15,35%, que llevar&aacute; el haber m&iacute;nimo de $4.299 a $4.959, por aplicaci&oacute;n de la Ley de Movilidad Previsional, anunci&oacute; esta tarde el director de [&hellip;]","og_url":"https:\/\/informelitoral.com.ar\/la-jubilacion-minima-sera-de-4-959-a-partir-de-marzo\/","og_site_name":"Informe Litoral","article_publisher":"https:\/\/www.facebook.com\/informelitoral\/","article_published_time":"2016-02-11T19:37:07+00:00","og_image":[{"width":770,"height":433,"url":"https:\/\/informelitoral.com.ar\/%77%70%2d%63%6f%6e%74%65%6e%74\/uploads\/2016\/02\/0014241211.jpg","type":"image\/jpeg"}],"author":"Gonzalo Schmidt","twitter_card":"summary_large_image","twitter_creator":"@InformeLitoral","twitter_site":"@InformeLitoral","twitter_misc":{"Escrito por":"Gonzalo Schmidt","Tiempo de lectura":"3 minutos"},"schema":{"@context":"https:\/\/schema.org","@graph":[{"@type":"Article","@id":"https:\/\/informelitoral.com.ar\/la-jubilacion-minima-sera-de-4-959-a-partir-de-marzo\/#article","isPartOf":{"@id":"https:\/\/informelitoral.com.ar\/la-jubilacion-minima-sera-de-4-959-a-partir-de-marzo\/"},"author":{"name":"Gonzalo Schmidt","@id":"https:\/\/informelitoral.com.ar\/#\/schema\/person\/b9d00407c836482871ef1d57bf8e3180"},"headline":"La jubilaci\u00f3n m\u00ednima ser\u00e1 de $4.959 a partir de marzo","datePublished":"2016-02-11T19:37:07+00:00","mainEntityOfPage":{"@id":"https:\/\/informelitoral.com.ar\/la-jubilacion-minima-sera-de-4-959-a-partir-de-marzo\/"},"wordCount":689,"commentCount":0,"publisher":{"@id":"https:\/\/informelitoral.com.ar\/#organization"},"image":{"@id":"https:\/\/informelitoral.com.ar\/la-jubilacion-minima-sera-de-4-959-a-partir-de-marzo\/#primaryimage"},"thumbnailUrl":"http:\/\/www.isletasnoticias.com.ar\/%77%70%2d%63%6f%6e%74%65%6e%74\/uploads\/2016\/02\/0014241211.jpg","articleSection":["Nacionales","Politica"],"inLanguage":"es","potentialAction":[{"@type":"CommentAction","name":"Comment","target":["https:\/\/informelitoral.com.ar\/la-jubilacion-minima-sera-de-4-959-a-partir-de-marzo\/#respond"]}]},{"@type":"WebPage","@id":"https:\/\/informelitoral.com.ar\/la-jubilacion-minima-sera-de-4-959-a-partir-de-marzo\/","url":"https:\/\/informelitoral.com.ar\/la-jubilacion-minima-sera-de-4-959-a-partir-de-marzo\/","name":"La jubilaci\u00f3n m\u00ednima ser\u00e1 de $4.959 a partir de marzo - Informe Litoral","isPartOf":{"@id":"https:\/\/informelitoral.com.ar\/#website"},"primaryImageOfPage":{"@id":"https:\/\/informelitoral.com.ar\/la-jubilacion-minima-sera-de-4-959-a-partir-de-marzo\/#primaryimage"},"image":{"@id":"https:\/\/informelitoral.com.ar\/la-jubilacion-minima-sera-de-4-959-a-partir-de-marzo\/#primaryimage"},"thumbnailUrl":"http:\/\/www.isletasnoticias.com.ar\/%77%70%2d%63%6f%6e%74%65%6e%74\/uploads\/2016\/02\/0014241211.jpg","datePublished":"2016-02-11T19:37:07+00:00","breadcrumb":{"@id":"https:\/\/informelitoral.com.ar\/la-jubilacion-minima-sera-de-4-959-a-partir-de-marzo\/#breadcrumb"},"inLanguage":"es","potentialAction":[{"@type":"ReadAction","target":["https:\/\/informelitoral.com.ar\/la-jubilacion-minima-sera-de-4-959-a-partir-de-marzo\/"]}]},{"@type":"ImageObject","inLanguage":"es","@id":"https:\/\/informelitoral.com.ar\/la-jubilacion-minima-sera-de-4-959-a-partir-de-marzo\/#primaryimage","url":"http:\/\/www.isletasnoticias.com.ar\/%77%70%2d%63%6f%6e%74%65%6e%74\/uploads\/2016\/02\/0014241211.jpg","contentUrl":"http:\/\/www.isletasnoticias.com.ar\/%77%70%2d%63%6f%6e%74%65%6e%74\/uploads\/2016\/02\/0014241211.jpg"},{"@type":"BreadcrumbList","@id":"https:\/\/informelitoral.com.ar\/la-jubilacion-minima-sera-de-4-959-a-partir-de-marzo\/#breadcrumb","itemListElement":[{"@type":"ListItem","position":1,"name":"Portada","item":"https:\/\/informelitoral.com.ar\/"},{"@type":"ListItem","position":2,"name":"La jubilaci\u00f3n m\u00ednima ser\u00e1 de $4.959 a partir de marzo"}]},{"@type":"WebSite","@id":"https:\/\/informelitoral.com.ar\/#website","url":"https:\/\/informelitoral.com.ar\/","name":"Informe Litoral","description":"&quot;Nos informamos&quot; ","publisher":{"@id":"https:\/\/informelitoral.com.ar\/#organization"},"potentialAction":[{"@type":"SearchAction","target":{"@type":"EntryPoint","urlTemplate":"https:\/\/informelitoral.com.ar\/?s={search_term_string}"},"query-input":{"@type":"PropertyValueSpecification","valueRequired":true,"valueName":"search_term_string"}}],"inLanguage":"es"},{"@type":"Organization","@id":"https:\/\/informelitoral.com.ar\/#organization","name":"Informe Litoral","url":"https:\/\/informelitoral.com.ar\/","logo":{"@type":"ImageObject","inLanguage":"es","@id":"https:\/\/informelitoral.com.ar\/#\/schema\/logo\/image\/","url":"https:\/\/informelitoral.com.ar\/%77%70%2d%63%6f%6e%74%65%6e%74\/uploads\/2021\/01\/circulo.png","contentUrl":"https:\/\/informelitoral.com.ar\/%77%70%2d%63%6f%6e%74%65%6e%74\/uploads\/2021\/01\/circulo.png","width":723,"height":731,"caption":"Informe Litoral"},"image":{"@id":"https:\/\/informelitoral.com.ar\/#\/schema\/logo\/image\/"},"sameAs":["https:\/\/www.facebook.com\/informelitoral\/","https:\/\/x.com\/InformeLitoral","https:\/\/www.instagram.com\/informelitoral\/","https:\/\/www.youtube.com\/channel\/UCua4Qvz8Icb6MYqhoq9xLXw"]},{"@type":"Person","@id":"https:\/\/informelitoral.com.ar\/#\/schema\/person\/b9d00407c836482871ef1d57bf8e3180","name":"Gonzalo Schmidt","image":{"@type":"ImageObject","inLanguage":"es","@id":"https:\/\/secure.gravatar.com\/avatar\/31a1a7b66ff2de83bd0e9fd79d026630d2d99e55e8bfe501287647b4fd9743de?s=96&d=mm&r=g","url":"https:\/\/secure.gravatar.com\/avatar\/31a1a7b66ff2de83bd0e9fd79d026630d2d99e55e8bfe501287647b4fd9743de?s=96&d=mm&r=g","contentUrl":"https:\/\/secure.gravatar.com\/avatar\/31a1a7b66ff2de83bd0e9fd79d026630d2d99e55e8bfe501287647b4fd9743de?s=96&d=mm&r=g","caption":"Gonzalo Schmidt"},"description":"Sitio web de noticias de la provincia de Entre R\u00edos, Argentina. Informaci\u00f3n y entretenimiento. Informe Litoral, nos informamos.","sameAs":["http:\/\/www.isletasnoticias.com.ar"],"url":"https:\/\/informelitoral.com.ar\/author\/gonzalo\/"}]}},"_links":{"self":[{"href":"https:\/\/informelitoral.com.ar\/%77%70%2d%6a%73%6f%6e\/wp\/v2\/posts\/13725","targetHints":{"allow":["GET"]}}],"collection":[{"href":"https:\/\/informelitoral.com.ar\/%77%70%2d%6a%73%6f%6e\/wp\/v2\/posts"}],"about":[{"href":"https:\/\/informelitoral.com.ar\/%77%70%2d%6a%73%6f%6e\/wp\/v2\/types\/post"}],"author":[{"embeddable":true,"href":"https:\/\/informelitoral.com.ar\/%77%70%2d%6a%73%6f%6e\/wp\/v2\/users\/2"}],"replies":[{"embeddable":true,"href":"https:\/\/informelitoral.com.ar\/%77%70%2d%6a%73%6f%6e\/wp\/v2\/comments?post=13725"}],"version-history":[{"count":0,"href":"https:\/\/informelitoral.com.ar\/%77%70%2d%6a%73%6f%6e\/wp\/v2\/posts\/13725\/revisions"}],"wp:attachment":[{"href":"https:\/\/informelitoral.com.ar\/%77%70%2d%6a%73%6f%6e\/wp\/v2\/media?parent=13725"}],"wp:term":[{"taxonomy":"category","embeddable":true,"href":"https:\/\/informelitoral.com.ar\/%77%70%2d%6a%73%6f%6e\/wp\/v2\/categories?post=13725"},{"taxonomy":"post_tag","embeddable":true,"href":"https:\/\/informelitoral.com.ar\/%77%70%2d%6a%73%6f%6e\/wp\/v2\/tags?post=13725"}],"curies":[{"name":"wp","href":"https:\/\/api.w.org\/{rel}","templated":true}]}}