{"id":13722,"date":"2016-02-11T16:26:28","date_gmt":"2016-02-11T19:26:28","guid":{"rendered":"http:\/\/www.isletasnoticias.com.ar\/?p=13722"},"modified":"2016-02-11T16:27:56","modified_gmt":"2016-02-11T19:27:56","slug":"parana-la-facultad-de-ciencias-de-la-educacion-recibio-a-sus-ingresantes-2016","status":"publish","type":"post","link":"https:\/\/informelitoral.com.ar\/parana-la-facultad-de-ciencias-de-la-educacion-recibio-a-sus-ingresantes-2016\/","title":{"rendered":"Paran\u00e1: la Facultad de Ciencias de la Educaci\u00f3n recibi\u00f3 a sus ingresantes 2016"},"content":{"rendered":"<p><strong>Alrededor de 200 ingresantes comenzaron el curso de ambientaci\u00f3n a la vida universitaria en Comunicaci\u00f3n Social y Ciencias de la Educaci\u00f3n, en la Universidad Nacional de Entre R\u00edos (UNER).\u00a0<a href=\"http:\/\/www.isletasnoticias.com.ar\/%77%70%2d%63%6f%6e%74%65%6e%74\/uploads\/2016\/02\/DSC_0352.jpg\"><img loading=\"lazy\" decoding=\"async\" class=\"aligncenter size-full wp-image-13723\" src=\"http:\/\/www.isletasnoticias.com.ar\/%77%70%2d%63%6f%6e%74%65%6e%74\/uploads\/2016\/02\/DSC_0352.jpg\" alt=\"DSC_0352\" width=\"709\" height=\"532\" srcset=\"https:\/\/informelitoral.com.ar\/%77%70%2d%63%6f%6e%74%65%6e%74\/uploads\/2016\/02\/DSC_0352.jpg 709w, https:\/\/informelitoral.com.ar\/%77%70%2d%63%6f%6e%74%65%6e%74\/uploads\/2016\/02\/DSC_0352-300x225.jpg 300w\" sizes=\"auto, (max-width: 709px) 100vw, 709px\" \/><\/a><\/strong><\/p>\n<p>Durante la ma\u00f1ana y tarde del mi\u00e9rcoles 10 de febrero, comenz\u00f3 a dictarse el curso de ambientaci\u00f3n a la vida universitaria destinado a las carreras de grado de la FCEDU-UNER. Esta propuesta, que cumple su quinto a\u00f1o consecutivo en el \u00e1mbito de la universidad, se desarrollar\u00e1 hasta el 11 de marzo y prev\u00e9 un acercamiento a conocimientos b\u00e1sicos de \u00e1reas disciplinares que correspondan a la formaci\u00f3n posterior del estudiante as\u00ed como a aspectos de la experiencia universitaria cotidiana.<\/p>\n<p>El curso comenz\u00f3 con una c\u00e1lida bienvenida en el Auditorio Rodolfo Walsh a cargo de la Decana de la Facultad de Ciencias de la Educaci\u00f3n, <strong>Mg. Gabriela Bergom\u00e1s<\/strong>, quien puso de relieve la importancia de la educaci\u00f3n universitaria p\u00fablica en nuestro pa\u00eds y la construcci\u00f3n de una sociedad democr\u00e1tica. Asimismo, durante la ma\u00f1ana la bienvenida estuvo acompa\u00f1ada por la Mg. Virginia Kummer, Secretaria Acad\u00e9mica de la instituci\u00f3n, que se refiri\u00f3 al intenso trabajo que se desarrollar\u00e1 durante todo el cursado y destac\u00f3 el car\u00e1cter acad\u00e9mico de la propuesta, en sus lecturas y modos de trabajo.<br \/>\nPor su parte, en el turno de la tarde estuvo presente el Vicedecano<strong> Lic. Alejandro Ram\u00edrez,<\/strong> quien remarc\u00f3 la importancia de la comunicaci\u00f3n y la educaci\u00f3n en la construcci\u00f3n de una sociedad democr\u00e1tica y se mostr\u00f3 agradecido con los estudiantes por haber elegido formar parte de esta comunidad acad\u00e9mica. Adem\u00e1s acompa\u00f1aron el Secretario General, <strong>Lic. Mauro Alcar\u00e1z<\/strong>; el Secretario de Extensi\u00f3n, <strong>Lic. Juan Manuel Gim\u00e9nez<\/strong>; el<strong> Lic. Enrique Raffin<\/strong>, coordinador de la carrera de Comunicaci\u00f3n Social; <strong>Dariela Brignardello<\/strong>, coordinadora por Ciencias de la Educaci\u00f3n y docentes de la casa.<\/p>\n<p>Durante la bienvenida tambi\u00e9n se dieron a conocer aspectos centrales de la vida universitaria en lo que hace a la comunicaci\u00f3n e informaci\u00f3n, as\u00ed como al cursado del ciclo inicial.<\/p>\n<p>De esta manera, alrededor de 200 ingresantes comenzaron el recorrido acad\u00e9mico en la FCEDU-UNER con un trayecto introductorio que se extender\u00e1 por cinco semanas.<\/p>\n","protected":false},"excerpt":{"rendered":"<p>Alrededor de 200 ingresantes comenzaron el curso de ambientaci&oacute;n a la vida universitaria en Comunicaci&oacute;n Social y Ciencias de la Educaci&oacute;n, en la Universidad Nacional de Entre R&iacute;os (UNER).&nbsp; Durante la ma&ntilde;ana y tarde del mi&eacute;rcoles 10 de febrero, comenz&oacute; a dictarse el curso de ambientaci&oacute;n a la vida universitaria destinado a las carreras de [&hellip;]<\/p>\n","protected":false},"author":2,"featured_media":0,"comment_status":"open","ping_status":"open","sticky":false,"template":"","format":"standard","meta":{"fifu_image_url":"","fifu_image_alt":"","footnotes":""},"categories":[6,9],"tags":[],"class_list":{"0":"post-13722","1":"post","2":"type-post","3":"status-publish","4":"format-standard","6":"category-entre-rios","7":"category-sociedad"},"yoast_head":"<title>Paran\u00e1: la Facultad de Ciencias de la Educaci\u00f3n recibi\u00f3 a sus ingresantes 2016 - Informe Litoral<\/title>\n<meta name=\"robots\" content=\"index, follow, max-snippet:-1, max-image-preview:large, max-video-preview:-1\" \/>\n<link rel=\"canonical\" href=\"https:\/\/informelitoral.com.ar\/parana-la-facultad-de-ciencias-de-la-educacion-recibio-a-sus-ingresantes-2016\/\" \/>\n<meta property=\"og:locale\" content=\"es_ES\" \/>\n<meta property=\"og:type\" content=\"article\" \/>\n<meta property=\"og:title\" content=\"Paran\u00e1: la Facultad de Ciencias de la Educaci\u00f3n recibi\u00f3 a sus ingresantes 2016 - Informe Litoral\" \/>\n<meta property=\"og:description\" content=\"Alrededor de 200 ingresantes comenzaron el curso de ambientaci&oacute;n a la vida universitaria en Comunicaci&oacute;n Social y Ciencias de la Educaci&oacute;n, en la Universidad Nacional de Entre R&iacute;os (UNER).&nbsp; Durante la ma&ntilde;ana y tarde del mi&eacute;rcoles 10 de febrero, comenz&oacute; a dictarse el curso de ambientaci&oacute;n a la vida universitaria destinado a las carreras de [&hellip;]\" \/>\n<meta property=\"og:url\" content=\"https:\/\/informelitoral.com.ar\/parana-la-facultad-de-ciencias-de-la-educacion-recibio-a-sus-ingresantes-2016\/\" \/>\n<meta property=\"og:site_name\" content=\"Informe Litoral\" \/>\n<meta property=\"article:publisher\" content=\"https:\/\/www.facebook.com\/informelitoral\/\" \/>\n<meta property=\"article:published_time\" content=\"2016-02-11T19:26:28+00:00\" \/>\n<meta property=\"article:modified_time\" content=\"2016-02-11T19:27:56+00:00\" \/>\n<meta property=\"og:image\" content=\"https:\/\/informelitoral.com.ar\/%77%70%2d%63%6f%6e%74%65%6e%74\/uploads\/2016\/02\/DSC_0352.jpg\" \/>\n\t<meta property=\"og:image:width\" content=\"709\" \/>\n\t<meta property=\"og:image:height\" content=\"532\" \/>\n\t<meta property=\"og:image:type\" content=\"image\/jpeg\" \/>\n<meta name=\"author\" content=\"Gonzalo Schmidt\" \/>\n<meta name=\"twitter:card\" content=\"summary_large_image\" \/>\n<meta name=\"twitter:creator\" content=\"@InformeLitoral\" \/>\n<meta name=\"twitter:site\" content=\"@InformeLitoral\" \/>\n<meta name=\"twitter:label1\" content=\"Escrito por\" \/>\n\t<meta name=\"twitter:data1\" content=\"Gonzalo Schmidt\" \/>\n\t<meta name=\"twitter:label2\" content=\"Tiempo de lectura\" \/>\n\t<meta name=\"twitter:data2\" content=\"2 minutos\" \/>\n<script type=\"application\/ld+json\" class=\"yoast-schema-graph\">{\"@context\":\"https:\\\/\\\/schema.org\",\"@graph\":[{\"@type\":\"Article\",\"@id\":\"https:\\\/\\\/informelitoral.com.ar\\\/parana-la-facultad-de-ciencias-de-la-educacion-recibio-a-sus-ingresantes-2016\\\/#article\",\"isPartOf\":{\"@id\":\"https:\\\/\\\/informelitoral.com.ar\\\/parana-la-facultad-de-ciencias-de-la-educacion-recibio-a-sus-ingresantes-2016\\\/\"},\"author\":{\"name\":\"Gonzalo Schmidt\",\"@id\":\"https:\\\/\\\/informelitoral.com.ar\\\/#\\\/schema\\\/person\\\/b9d00407c836482871ef1d57bf8e3180\"},\"headline\":\"Paran\u00e1: la Facultad de Ciencias de la Educaci\u00f3n recibi\u00f3 a sus ingresantes 2016\",\"datePublished\":\"2016-02-11T19:26:28+00:00\",\"dateModified\":\"2016-02-11T19:27:56+00:00\",\"mainEntityOfPage\":{\"@id\":\"https:\\\/\\\/informelitoral.com.ar\\\/parana-la-facultad-de-ciencias-de-la-educacion-recibio-a-sus-ingresantes-2016\\\/\"},\"wordCount\":395,\"commentCount\":0,\"publisher\":{\"@id\":\"https:\\\/\\\/informelitoral.com.ar\\\/#organization\"},\"image\":{\"@id\":\"https:\\\/\\\/informelitoral.com.ar\\\/parana-la-facultad-de-ciencias-de-la-educacion-recibio-a-sus-ingresantes-2016\\\/#primaryimage\"},\"thumbnailUrl\":\"http:\\\/\\\/www.isletasnoticias.com.ar\\\/%77%70%2d%63%6f%6e%74%65%6e%74\\\/uploads\\\/2016\\\/02\\\/DSC_0352.jpg\",\"articleSection\":[\"Entre R\u00edos\",\"Sociedad\"],\"inLanguage\":\"es\",\"potentialAction\":[{\"@type\":\"CommentAction\",\"name\":\"Comment\",\"target\":[\"https:\\\/\\\/informelitoral.com.ar\\\/parana-la-facultad-de-ciencias-de-la-educacion-recibio-a-sus-ingresantes-2016\\\/#respond\"]}]},{\"@type\":\"WebPage\",\"@id\":\"https:\\\/\\\/informelitoral.com.ar\\\/parana-la-facultad-de-ciencias-de-la-educacion-recibio-a-sus-ingresantes-2016\\\/\",\"url\":\"https:\\\/\\\/informelitoral.com.ar\\\/parana-la-facultad-de-ciencias-de-la-educacion-recibio-a-sus-ingresantes-2016\\\/\",\"name\":\"Paran\u00e1: la Facultad de Ciencias de la Educaci\u00f3n recibi\u00f3 a sus ingresantes 2016 - Informe Litoral\",\"isPartOf\":{\"@id\":\"https:\\\/\\\/informelitoral.com.ar\\\/#website\"},\"primaryImageOfPage\":{\"@id\":\"https:\\\/\\\/informelitoral.com.ar\\\/parana-la-facultad-de-ciencias-de-la-educacion-recibio-a-sus-ingresantes-2016\\\/#primaryimage\"},\"image\":{\"@id\":\"https:\\\/\\\/informelitoral.com.ar\\\/parana-la-facultad-de-ciencias-de-la-educacion-recibio-a-sus-ingresantes-2016\\\/#primaryimage\"},\"thumbnailUrl\":\"http:\\\/\\\/www.isletasnoticias.com.ar\\\/%77%70%2d%63%6f%6e%74%65%6e%74\\\/uploads\\\/2016\\\/02\\\/DSC_0352.jpg\",\"datePublished\":\"2016-02-11T19:26:28+00:00\",\"dateModified\":\"2016-02-11T19:27:56+00:00\",\"breadcrumb\":{\"@id\":\"https:\\\/\\\/informelitoral.com.ar\\\/parana-la-facultad-de-ciencias-de-la-educacion-recibio-a-sus-ingresantes-2016\\\/#breadcrumb\"},\"inLanguage\":\"es\",\"potentialAction\":[{\"@type\":\"ReadAction\",\"target\":[\"https:\\\/\\\/informelitoral.com.ar\\\/parana-la-facultad-de-ciencias-de-la-educacion-recibio-a-sus-ingresantes-2016\\\/\"]}]},{\"@type\":\"ImageObject\",\"inLanguage\":\"es\",\"@id\":\"https:\\\/\\\/informelitoral.com.ar\\\/parana-la-facultad-de-ciencias-de-la-educacion-recibio-a-sus-ingresantes-2016\\\/#primaryimage\",\"url\":\"http:\\\/\\\/www.isletasnoticias.com.ar\\\/%77%70%2d%63%6f%6e%74%65%6e%74\\\/uploads\\\/2016\\\/02\\\/DSC_0352.jpg\",\"contentUrl\":\"http:\\\/\\\/www.isletasnoticias.com.ar\\\/%77%70%2d%63%6f%6e%74%65%6e%74\\\/uploads\\\/2016\\\/02\\\/DSC_0352.jpg\"},{\"@type\":\"BreadcrumbList\",\"@id\":\"https:\\\/\\\/informelitoral.com.ar\\\/parana-la-facultad-de-ciencias-de-la-educacion-recibio-a-sus-ingresantes-2016\\\/#breadcrumb\",\"itemListElement\":[{\"@type\":\"ListItem\",\"position\":1,\"name\":\"Portada\",\"item\":\"https:\\\/\\\/informelitoral.com.ar\\\/\"},{\"@type\":\"ListItem\",\"position\":2,\"name\":\"Paran\u00e1: la Facultad de Ciencias de la Educaci\u00f3n recibi\u00f3 a sus ingresantes 2016\"}]},{\"@type\":\"WebSite\",\"@id\":\"https:\\\/\\\/informelitoral.com.ar\\\/#website\",\"url\":\"https:\\\/\\\/informelitoral.com.ar\\\/\",\"name\":\"Informe Litoral\",\"description\":\"&quot;Nos informamos&quot; \",\"publisher\":{\"@id\":\"https:\\\/\\\/informelitoral.com.ar\\\/#organization\"},\"potentialAction\":[{\"@type\":\"SearchAction\",\"target\":{\"@type\":\"EntryPoint\",\"urlTemplate\":\"https:\\\/\\\/informelitoral.com.ar\\\/?s={search_term_string}\"},\"query-input\":{\"@type\":\"PropertyValueSpecification\",\"valueRequired\":true,\"valueName\":\"search_term_string\"}}],\"inLanguage\":\"es\"},{\"@type\":\"Organization\",\"@id\":\"https:\\\/\\\/informelitoral.com.ar\\\/#organization\",\"name\":\"Informe Litoral\",\"url\":\"https:\\\/\\\/informelitoral.com.ar\\\/\",\"logo\":{\"@type\":\"ImageObject\",\"inLanguage\":\"es\",\"@id\":\"https:\\\/\\\/informelitoral.com.ar\\\/#\\\/schema\\\/logo\\\/image\\\/\",\"url\":\"https:\\\/\\\/informelitoral.com.ar\\\/%77%70%2d%63%6f%6e%74%65%6e%74\\\/uploads\\\/2021\\\/01\\\/circulo.png\",\"contentUrl\":\"https:\\\/\\\/informelitoral.com.ar\\\/%77%70%2d%63%6f%6e%74%65%6e%74\\\/uploads\\\/2021\\\/01\\\/circulo.png\",\"width\":723,\"height\":731,\"caption\":\"Informe Litoral\"},\"image\":{\"@id\":\"https:\\\/\\\/informelitoral.com.ar\\\/#\\\/schema\\\/logo\\\/image\\\/\"},\"sameAs\":[\"https:\\\/\\\/www.facebook.com\\\/informelitoral\\\/\",\"https:\\\/\\\/x.com\\\/InformeLitoral\",\"https:\\\/\\\/www.instagram.com\\\/informelitoral\\\/\",\"https:\\\/\\\/www.youtube.com\\\/channel\\\/UCua4Qvz8Icb6MYqhoq9xLXw\"]},{\"@type\":\"Person\",\"@id\":\"https:\\\/\\\/informelitoral.com.ar\\\/#\\\/schema\\\/person\\\/b9d00407c836482871ef1d57bf8e3180\",\"name\":\"Gonzalo Schmidt\",\"image\":{\"@type\":\"ImageObject\",\"inLanguage\":\"es\",\"@id\":\"https:\\\/\\\/secure.gravatar.com\\\/avatar\\\/31a1a7b66ff2de83bd0e9fd79d026630d2d99e55e8bfe501287647b4fd9743de?s=96&d=mm&r=g\",\"url\":\"https:\\\/\\\/secure.gravatar.com\\\/avatar\\\/31a1a7b66ff2de83bd0e9fd79d026630d2d99e55e8bfe501287647b4fd9743de?s=96&d=mm&r=g\",\"contentUrl\":\"https:\\\/\\\/secure.gravatar.com\\\/avatar\\\/31a1a7b66ff2de83bd0e9fd79d026630d2d99e55e8bfe501287647b4fd9743de?s=96&d=mm&r=g\",\"caption\":\"Gonzalo Schmidt\"},\"description\":\"Sitio web de noticias de la provincia de Entre R\u00edos, Argentina. Informaci\u00f3n y entretenimiento. Informe Litoral, nos informamos.\",\"sameAs\":[\"http:\\\/\\\/www.isletasnoticias.com.ar\"],\"url\":\"https:\\\/\\\/informelitoral.com.ar\\\/author\\\/gonzalo\\\/\"}]}<\/script>","yoast_head_json":{"title":"Paran\u00e1: la Facultad de Ciencias de la Educaci\u00f3n recibi\u00f3 a sus ingresantes 2016 - Informe Litoral","robots":{"index":"index","follow":"follow","max-snippet":"max-snippet:-1","max-image-preview":"max-image-preview:large","max-video-preview":"max-video-preview:-1"},"canonical":"https:\/\/informelitoral.com.ar\/parana-la-facultad-de-ciencias-de-la-educacion-recibio-a-sus-ingresantes-2016\/","og_locale":"es_ES","og_type":"article","og_title":"Paran\u00e1: la Facultad de Ciencias de la Educaci\u00f3n recibi\u00f3 a sus ingresantes 2016 - Informe Litoral","og_description":"Alrededor de 200 ingresantes comenzaron el curso de ambientaci&oacute;n a la vida universitaria en Comunicaci&oacute;n Social y Ciencias de la Educaci&oacute;n, en la Universidad Nacional de Entre R&iacute;os (UNER).&nbsp; Durante la ma&ntilde;ana y tarde del mi&eacute;rcoles 10 de febrero, comenz&oacute; a dictarse el curso de ambientaci&oacute;n a la vida universitaria destinado a las carreras de [&hellip;]","og_url":"https:\/\/informelitoral.com.ar\/parana-la-facultad-de-ciencias-de-la-educacion-recibio-a-sus-ingresantes-2016\/","og_site_name":"Informe Litoral","article_publisher":"https:\/\/www.facebook.com\/informelitoral\/","article_published_time":"2016-02-11T19:26:28+00:00","article_modified_time":"2016-02-11T19:27:56+00:00","og_image":[{"width":709,"height":532,"url":"https:\/\/informelitoral.com.ar\/%77%70%2d%63%6f%6e%74%65%6e%74\/uploads\/2016\/02\/DSC_0352.jpg","type":"image\/jpeg"}],"author":"Gonzalo Schmidt","twitter_card":"summary_large_image","twitter_creator":"@InformeLitoral","twitter_site":"@InformeLitoral","twitter_misc":{"Escrito por":"Gonzalo Schmidt","Tiempo de lectura":"2 minutos"},"schema":{"@context":"https:\/\/schema.org","@graph":[{"@type":"Article","@id":"https:\/\/informelitoral.com.ar\/parana-la-facultad-de-ciencias-de-la-educacion-recibio-a-sus-ingresantes-2016\/#article","isPartOf":{"@id":"https:\/\/informelitoral.com.ar\/parana-la-facultad-de-ciencias-de-la-educacion-recibio-a-sus-ingresantes-2016\/"},"author":{"name":"Gonzalo Schmidt","@id":"https:\/\/informelitoral.com.ar\/#\/schema\/person\/b9d00407c836482871ef1d57bf8e3180"},"headline":"Paran\u00e1: la Facultad de Ciencias de la Educaci\u00f3n recibi\u00f3 a sus ingresantes 2016","datePublished":"2016-02-11T19:26:28+00:00","dateModified":"2016-02-11T19:27:56+00:00","mainEntityOfPage":{"@id":"https:\/\/informelitoral.com.ar\/parana-la-facultad-de-ciencias-de-la-educacion-recibio-a-sus-ingresantes-2016\/"},"wordCount":395,"commentCount":0,"publisher":{"@id":"https:\/\/informelitoral.com.ar\/#organization"},"image":{"@id":"https:\/\/informelitoral.com.ar\/parana-la-facultad-de-ciencias-de-la-educacion-recibio-a-sus-ingresantes-2016\/#primaryimage"},"thumbnailUrl":"http:\/\/www.isletasnoticias.com.ar\/%77%70%2d%63%6f%6e%74%65%6e%74\/uploads\/2016\/02\/DSC_0352.jpg","articleSection":["Entre R\u00edos","Sociedad"],"inLanguage":"es","potentialAction":[{"@type":"CommentAction","name":"Comment","target":["https:\/\/informelitoral.com.ar\/parana-la-facultad-de-ciencias-de-la-educacion-recibio-a-sus-ingresantes-2016\/#respond"]}]},{"@type":"WebPage","@id":"https:\/\/informelitoral.com.ar\/parana-la-facultad-de-ciencias-de-la-educacion-recibio-a-sus-ingresantes-2016\/","url":"https:\/\/informelitoral.com.ar\/parana-la-facultad-de-ciencias-de-la-educacion-recibio-a-sus-ingresantes-2016\/","name":"Paran\u00e1: la Facultad de Ciencias de la Educaci\u00f3n recibi\u00f3 a sus ingresantes 2016 - Informe Litoral","isPartOf":{"@id":"https:\/\/informelitoral.com.ar\/#website"},"primaryImageOfPage":{"@id":"https:\/\/informelitoral.com.ar\/parana-la-facultad-de-ciencias-de-la-educacion-recibio-a-sus-ingresantes-2016\/#primaryimage"},"image":{"@id":"https:\/\/informelitoral.com.ar\/parana-la-facultad-de-ciencias-de-la-educacion-recibio-a-sus-ingresantes-2016\/#primaryimage"},"thumbnailUrl":"http:\/\/www.isletasnoticias.com.ar\/%77%70%2d%63%6f%6e%74%65%6e%74\/uploads\/2016\/02\/DSC_0352.jpg","datePublished":"2016-02-11T19:26:28+00:00","dateModified":"2016-02-11T19:27:56+00:00","breadcrumb":{"@id":"https:\/\/informelitoral.com.ar\/parana-la-facultad-de-ciencias-de-la-educacion-recibio-a-sus-ingresantes-2016\/#breadcrumb"},"inLanguage":"es","potentialAction":[{"@type":"ReadAction","target":["https:\/\/informelitoral.com.ar\/parana-la-facultad-de-ciencias-de-la-educacion-recibio-a-sus-ingresantes-2016\/"]}]},{"@type":"ImageObject","inLanguage":"es","@id":"https:\/\/informelitoral.com.ar\/parana-la-facultad-de-ciencias-de-la-educacion-recibio-a-sus-ingresantes-2016\/#primaryimage","url":"http:\/\/www.isletasnoticias.com.ar\/%77%70%2d%63%6f%6e%74%65%6e%74\/uploads\/2016\/02\/DSC_0352.jpg","contentUrl":"http:\/\/www.isletasnoticias.com.ar\/%77%70%2d%63%6f%6e%74%65%6e%74\/uploads\/2016\/02\/DSC_0352.jpg"},{"@type":"BreadcrumbList","@id":"https:\/\/informelitoral.com.ar\/parana-la-facultad-de-ciencias-de-la-educacion-recibio-a-sus-ingresantes-2016\/#breadcrumb","itemListElement":[{"@type":"ListItem","position":1,"name":"Portada","item":"https:\/\/informelitoral.com.ar\/"},{"@type":"ListItem","position":2,"name":"Paran\u00e1: la Facultad de Ciencias de la Educaci\u00f3n recibi\u00f3 a sus ingresantes 2016"}]},{"@type":"WebSite","@id":"https:\/\/informelitoral.com.ar\/#website","url":"https:\/\/informelitoral.com.ar\/","name":"Informe Litoral","description":"&quot;Nos informamos&quot; ","publisher":{"@id":"https:\/\/informelitoral.com.ar\/#organization"},"potentialAction":[{"@type":"SearchAction","target":{"@type":"EntryPoint","urlTemplate":"https:\/\/informelitoral.com.ar\/?s={search_term_string}"},"query-input":{"@type":"PropertyValueSpecification","valueRequired":true,"valueName":"search_term_string"}}],"inLanguage":"es"},{"@type":"Organization","@id":"https:\/\/informelitoral.com.ar\/#organization","name":"Informe Litoral","url":"https:\/\/informelitoral.com.ar\/","logo":{"@type":"ImageObject","inLanguage":"es","@id":"https:\/\/informelitoral.com.ar\/#\/schema\/logo\/image\/","url":"https:\/\/informelitoral.com.ar\/%77%70%2d%63%6f%6e%74%65%6e%74\/uploads\/2021\/01\/circulo.png","contentUrl":"https:\/\/informelitoral.com.ar\/%77%70%2d%63%6f%6e%74%65%6e%74\/uploads\/2021\/01\/circulo.png","width":723,"height":731,"caption":"Informe Litoral"},"image":{"@id":"https:\/\/informelitoral.com.ar\/#\/schema\/logo\/image\/"},"sameAs":["https:\/\/www.facebook.com\/informelitoral\/","https:\/\/x.com\/InformeLitoral","https:\/\/www.instagram.com\/informelitoral\/","https:\/\/www.youtube.com\/channel\/UCua4Qvz8Icb6MYqhoq9xLXw"]},{"@type":"Person","@id":"https:\/\/informelitoral.com.ar\/#\/schema\/person\/b9d00407c836482871ef1d57bf8e3180","name":"Gonzalo Schmidt","image":{"@type":"ImageObject","inLanguage":"es","@id":"https:\/\/secure.gravatar.com\/avatar\/31a1a7b66ff2de83bd0e9fd79d026630d2d99e55e8bfe501287647b4fd9743de?s=96&d=mm&r=g","url":"https:\/\/secure.gravatar.com\/avatar\/31a1a7b66ff2de83bd0e9fd79d026630d2d99e55e8bfe501287647b4fd9743de?s=96&d=mm&r=g","contentUrl":"https:\/\/secure.gravatar.com\/avatar\/31a1a7b66ff2de83bd0e9fd79d026630d2d99e55e8bfe501287647b4fd9743de?s=96&d=mm&r=g","caption":"Gonzalo Schmidt"},"description":"Sitio web de noticias de la provincia de Entre R\u00edos, Argentina. Informaci\u00f3n y entretenimiento. Informe Litoral, nos informamos.","sameAs":["http:\/\/www.isletasnoticias.com.ar"],"url":"https:\/\/informelitoral.com.ar\/author\/gonzalo\/"}]}},"_links":{"self":[{"href":"https:\/\/informelitoral.com.ar\/%77%70%2d%6a%73%6f%6e\/wp\/v2\/posts\/13722","targetHints":{"allow":["GET"]}}],"collection":[{"href":"https:\/\/informelitoral.com.ar\/%77%70%2d%6a%73%6f%6e\/wp\/v2\/posts"}],"about":[{"href":"https:\/\/informelitoral.com.ar\/%77%70%2d%6a%73%6f%6e\/wp\/v2\/types\/post"}],"author":[{"embeddable":true,"href":"https:\/\/informelitoral.com.ar\/%77%70%2d%6a%73%6f%6e\/wp\/v2\/users\/2"}],"replies":[{"embeddable":true,"href":"https:\/\/informelitoral.com.ar\/%77%70%2d%6a%73%6f%6e\/wp\/v2\/comments?post=13722"}],"version-history":[{"count":0,"href":"https:\/\/informelitoral.com.ar\/%77%70%2d%6a%73%6f%6e\/wp\/v2\/posts\/13722\/revisions"}],"wp:attachment":[{"href":"https:\/\/informelitoral.com.ar\/%77%70%2d%6a%73%6f%6e\/wp\/v2\/media?parent=13722"}],"wp:term":[{"taxonomy":"category","embeddable":true,"href":"https:\/\/informelitoral.com.ar\/%77%70%2d%6a%73%6f%6e\/wp\/v2\/categories?post=13722"},{"taxonomy":"post_tag","embeddable":true,"href":"https:\/\/informelitoral.com.ar\/%77%70%2d%6a%73%6f%6e\/wp\/v2\/tags?post=13722"}],"curies":[{"name":"wp","href":"https:\/\/api.w.org\/{rel}","templated":true}]}}