{"id":136922,"date":"2023-04-12T09:12:57","date_gmt":"2023-04-12T12:12:57","guid":{"rendered":"https:\/\/www.informelitoral.com.ar\/?p=136922"},"modified":"2023-04-12T22:43:31","modified_gmt":"2023-04-13T01:43:31","slug":"precios-justos-de-la-carne-es-un-parche-advirtieron-desde-el-sector","status":"publish","type":"post","link":"https:\/\/informelitoral.com.ar\/precios-justos-de-la-carne-es-un-parche-advirtieron-desde-el-sector\/","title":{"rendered":"Precios Justos de la carne: \u201cEs un parche\u201d advirtieron desde el sector"},"content":{"rendered":"<p>El presidente de la C\u00e1mara de Industrias C\u00e1rnicas de Entre R\u00edos, Alberto Berardi, expres\u00f3 su opini\u00f3n luego del anuncio de la extensi\u00f3n, hasta fines de abril, del programa de Precios Justos para siete cortes de carne vacuna de consumo popular.<\/p>\n<p>\u201cEs un parche para pretender solucionar los problemas del peque\u00f1o consumidor, que no tiene ingresos, pero no es la soluci\u00f3n porque est\u00e1 hecho para que se aplique en la provincia de Buenos Aires y s\u00f3lo lo pueden lograr los frigor\u00edficos exportadores\u201d expres\u00f3 Berardi<\/p>\n<div class=\"embed\">\n<div class=\"inner-art\">\n<div class=\"clear\"><\/div>\n<\/div>\n<\/div>\n<p>Asimismo, sostuvo que \u201clos que hacen consumo no tienen esa prorrogativa y al interior del pa\u00eds no llega nada porque no existen esas cadenas de supermercado que pueden implementar el programa\u201d. Adem\u00e1s, agreg\u00f3 que \u201cel consumidor se encuentra con muy poca cantidad de esa carne, la calidad y terneza no tiene nada que ver con lo que estamos acostumbrados\u201d.<\/p>\n<p>En cuanto a qu\u00e9 medidas se deber\u00edan aplicar, Berardi se\u00f1al\u00f3 que el camino a seguir es otro: \u201cNos tenemos que sincerar y buscar un proyecto que lleve al crecimiento del stock ganadero. Al no tener financiaci\u00f3n, sanidad, ense\u00f1anza, capacitaci\u00f3n, nunca va a crecer y hace 40 a\u00f1os que lo tenemos\u201d.<\/p>\n<p>Por \u00faltimo, manifest\u00f3 que \u201ces cuesti\u00f3n de idiosincrasia el hecho de que no se hagan las cosas como corresponde, no hay un sinceramiento de todo el sector que, en lugar de esperar a un funcionario que proponga cosas, tiene que decir esto es lo que queremos e imponerlo al Estado\u201d.<\/p>\n<p>Finalmente, el Presidente de la C\u00e1mara de Industrias C\u00e1rnicas de Entre R\u00edos, convoc\u00f3 a que las dem\u00e1s c\u00e1maras se asocien para buscar una soluci\u00f3n. \u201cTenemos que trabajar todas las carnes juntas porque en Argentina hay grietas por todos lados, la carne bovina va a crecer con la ayuda de la carne porcina y de la carne aviar\u201d. (APF)<\/p>\n","protected":false},"excerpt":{"rendered":"<p>El presidente de la C\u00e1mara de Industrias C\u00e1rnicas de Entre R\u00edos, dijo que el programa \u201ces un parche para pretender solucionar los problemas del consumidor\u201d y agreg\u00f3 que est\u00e1 hecho \u00abpara que se aplique en Buenos Aires\u201d.<\/p>\n","protected":false},"author":8,"featured_media":136860,"comment_status":"open","ping_status":"open","sticky":false,"template":"","format":"standard","meta":{"fifu_image_url":"","fifu_image_alt":"","footnotes":""},"categories":[10],"tags":[389,4116],"class_list":{"0":"post-136922","1":"post","2":"type-post","3":"status-publish","4":"format-standard","5":"has-post-thumbnail","7":"category-campo","8":"tag-carne","9":"tag-precios-justos"},"yoast_head":"<title>Precios Justos de la carne: \u201cEs un parche\u201d advirtieron desde el sector - Informe Litoral<\/title>\n<meta name=\"robots\" content=\"index, follow, max-snippet:-1, max-image-preview:large, max-video-preview:-1\" \/>\n<link rel=\"canonical\" href=\"https:\/\/informelitoral.com.ar\/precios-justos-de-la-carne-es-un-parche-advirtieron-desde-el-sector\/\" \/>\n<meta property=\"og:locale\" content=\"es_ES\" \/>\n<meta property=\"og:type\" content=\"article\" \/>\n<meta property=\"og:title\" content=\"Precios Justos de la carne: \u201cEs un parche\u201d advirtieron desde el sector - Informe Litoral\" \/>\n<meta property=\"og:description\" content=\"El presidente de la C\u00e1mara de Industrias C\u00e1rnicas de Entre R\u00edos, dijo que el programa \u201ces un parche para pretender solucionar los problemas del consumidor\u201d y agreg\u00f3 que est\u00e1 hecho &quot;para que se aplique en Buenos Aires\u201d.\" \/>\n<meta property=\"og:url\" content=\"https:\/\/informelitoral.com.ar\/precios-justos-de-la-carne-es-un-parche-advirtieron-desde-el-sector\/\" \/>\n<meta property=\"og:site_name\" content=\"Informe Litoral\" \/>\n<meta property=\"article:publisher\" content=\"https:\/\/www.facebook.com\/informelitoral\/\" \/>\n<meta property=\"article:published_time\" content=\"2023-04-12T12:12:57+00:00\" \/>\n<meta property=\"article:modified_time\" content=\"2023-04-13T01:43:31+00:00\" \/>\n<meta property=\"og:image\" content=\"https:\/\/informelitoral.com.ar\/%77%70%2d%63%6f%6e%74%65%6e%74\/uploads\/2023\/04\/o_1681295309.jpg\" \/>\n\t<meta property=\"og:image:width\" content=\"800\" \/>\n\t<meta property=\"og:image:height\" content=\"450\" \/>\n\t<meta property=\"og:image:type\" content=\"image\/jpeg\" \/>\n<meta name=\"author\" content=\"Sebastian\" \/>\n<meta name=\"twitter:card\" content=\"summary_large_image\" \/>\n<meta name=\"twitter:creator\" content=\"@InformeLitoral\" \/>\n<meta name=\"twitter:site\" content=\"@InformeLitoral\" \/>\n<meta name=\"twitter:label1\" content=\"Escrito por\" \/>\n\t<meta name=\"twitter:data1\" content=\"Sebastian\" \/>\n\t<meta name=\"twitter:label2\" content=\"Tiempo de lectura\" \/>\n\t<meta name=\"twitter:data2\" content=\"2 minutos\" \/>\n<script type=\"application\/ld+json\" class=\"yoast-schema-graph\">{\"@context\":\"https:\\\/\\\/schema.org\",\"@graph\":[{\"@type\":\"Article\",\"@id\":\"https:\\\/\\\/informelitoral.com.ar\\\/precios-justos-de-la-carne-es-un-parche-advirtieron-desde-el-sector\\\/#article\",\"isPartOf\":{\"@id\":\"https:\\\/\\\/informelitoral.com.ar\\\/precios-justos-de-la-carne-es-un-parche-advirtieron-desde-el-sector\\\/\"},\"author\":{\"name\":\"Sebastian\",\"@id\":\"https:\\\/\\\/informelitoral.com.ar\\\/#\\\/schema\\\/person\\\/f05f9f461677119578717524b127d6d5\"},\"headline\":\"Precios Justos de la carne: \u201cEs un parche\u201d advirtieron desde el sector\",\"datePublished\":\"2023-04-12T12:12:57+00:00\",\"dateModified\":\"2023-04-13T01:43:31+00:00\",\"mainEntityOfPage\":{\"@id\":\"https:\\\/\\\/informelitoral.com.ar\\\/precios-justos-de-la-carne-es-un-parche-advirtieron-desde-el-sector\\\/\"},\"wordCount\":335,\"commentCount\":0,\"publisher\":{\"@id\":\"https:\\\/\\\/informelitoral.com.ar\\\/#organization\"},\"image\":{\"@id\":\"https:\\\/\\\/informelitoral.com.ar\\\/precios-justos-de-la-carne-es-un-parche-advirtieron-desde-el-sector\\\/#primaryimage\"},\"thumbnailUrl\":\"https:\\\/\\\/informelitoral.com.ar\\\/%77%70%2d%63%6f%6e%74%65%6e%74\\\/uploads\\\/2023\\\/04\\\/o_1681295309.jpg\",\"keywords\":[\"Carne\",\"Precios Justos\"],\"articleSection\":[\"Campo\"],\"inLanguage\":\"es\",\"potentialAction\":[{\"@type\":\"CommentAction\",\"name\":\"Comment\",\"target\":[\"https:\\\/\\\/informelitoral.com.ar\\\/precios-justos-de-la-carne-es-un-parche-advirtieron-desde-el-sector\\\/#respond\"]}]},{\"@type\":\"WebPage\",\"@id\":\"https:\\\/\\\/informelitoral.com.ar\\\/precios-justos-de-la-carne-es-un-parche-advirtieron-desde-el-sector\\\/\",\"url\":\"https:\\\/\\\/informelitoral.com.ar\\\/precios-justos-de-la-carne-es-un-parche-advirtieron-desde-el-sector\\\/\",\"name\":\"Precios Justos de la carne: \u201cEs un parche\u201d advirtieron desde el sector - Informe Litoral\",\"isPartOf\":{\"@id\":\"https:\\\/\\\/informelitoral.com.ar\\\/#website\"},\"primaryImageOfPage\":{\"@id\":\"https:\\\/\\\/informelitoral.com.ar\\\/precios-justos-de-la-carne-es-un-parche-advirtieron-desde-el-sector\\\/#primaryimage\"},\"image\":{\"@id\":\"https:\\\/\\\/informelitoral.com.ar\\\/precios-justos-de-la-carne-es-un-parche-advirtieron-desde-el-sector\\\/#primaryimage\"},\"thumbnailUrl\":\"https:\\\/\\\/informelitoral.com.ar\\\/%77%70%2d%63%6f%6e%74%65%6e%74\\\/uploads\\\/2023\\\/04\\\/o_1681295309.jpg\",\"datePublished\":\"2023-04-12T12:12:57+00:00\",\"dateModified\":\"2023-04-13T01:43:31+00:00\",\"breadcrumb\":{\"@id\":\"https:\\\/\\\/informelitoral.com.ar\\\/precios-justos-de-la-carne-es-un-parche-advirtieron-desde-el-sector\\\/#breadcrumb\"},\"inLanguage\":\"es\",\"potentialAction\":[{\"@type\":\"ReadAction\",\"target\":[\"https:\\\/\\\/informelitoral.com.ar\\\/precios-justos-de-la-carne-es-un-parche-advirtieron-desde-el-sector\\\/\"]}]},{\"@type\":\"ImageObject\",\"inLanguage\":\"es\",\"@id\":\"https:\\\/\\\/informelitoral.com.ar\\\/precios-justos-de-la-carne-es-un-parche-advirtieron-desde-el-sector\\\/#primaryimage\",\"url\":\"https:\\\/\\\/informelitoral.com.ar\\\/%77%70%2d%63%6f%6e%74%65%6e%74\\\/uploads\\\/2023\\\/04\\\/o_1681295309.jpg\",\"contentUrl\":\"https:\\\/\\\/informelitoral.com.ar\\\/%77%70%2d%63%6f%6e%74%65%6e%74\\\/uploads\\\/2023\\\/04\\\/o_1681295309.jpg\",\"width\":800,\"height\":450},{\"@type\":\"BreadcrumbList\",\"@id\":\"https:\\\/\\\/informelitoral.com.ar\\\/precios-justos-de-la-carne-es-un-parche-advirtieron-desde-el-sector\\\/#breadcrumb\",\"itemListElement\":[{\"@type\":\"ListItem\",\"position\":1,\"name\":\"Portada\",\"item\":\"https:\\\/\\\/informelitoral.com.ar\\\/\"},{\"@type\":\"ListItem\",\"position\":2,\"name\":\"Precios Justos de la carne: \u201cEs un parche\u201d advirtieron desde el sector\"}]},{\"@type\":\"WebSite\",\"@id\":\"https:\\\/\\\/informelitoral.com.ar\\\/#website\",\"url\":\"https:\\\/\\\/informelitoral.com.ar\\\/\",\"name\":\"Informe Litoral\",\"description\":\"&quot;Nos informamos&quot; \",\"publisher\":{\"@id\":\"https:\\\/\\\/informelitoral.com.ar\\\/#organization\"},\"potentialAction\":[{\"@type\":\"SearchAction\",\"target\":{\"@type\":\"EntryPoint\",\"urlTemplate\":\"https:\\\/\\\/informelitoral.com.ar\\\/?s={search_term_string}\"},\"query-input\":{\"@type\":\"PropertyValueSpecification\",\"valueRequired\":true,\"valueName\":\"search_term_string\"}}],\"inLanguage\":\"es\"},{\"@type\":\"Organization\",\"@id\":\"https:\\\/\\\/informelitoral.com.ar\\\/#organization\",\"name\":\"Informe Litoral\",\"url\":\"https:\\\/\\\/informelitoral.com.ar\\\/\",\"logo\":{\"@type\":\"ImageObject\",\"inLanguage\":\"es\",\"@id\":\"https:\\\/\\\/informelitoral.com.ar\\\/#\\\/schema\\\/logo\\\/image\\\/\",\"url\":\"https:\\\/\\\/informelitoral.com.ar\\\/%77%70%2d%63%6f%6e%74%65%6e%74\\\/uploads\\\/2021\\\/01\\\/circulo.png\",\"contentUrl\":\"https:\\\/\\\/informelitoral.com.ar\\\/%77%70%2d%63%6f%6e%74%65%6e%74\\\/uploads\\\/2021\\\/01\\\/circulo.png\",\"width\":723,\"height\":731,\"caption\":\"Informe Litoral\"},\"image\":{\"@id\":\"https:\\\/\\\/informelitoral.com.ar\\\/#\\\/schema\\\/logo\\\/image\\\/\"},\"sameAs\":[\"https:\\\/\\\/www.facebook.com\\\/informelitoral\\\/\",\"https:\\\/\\\/x.com\\\/InformeLitoral\",\"https:\\\/\\\/www.instagram.com\\\/informelitoral\\\/\",\"https:\\\/\\\/www.youtube.com\\\/channel\\\/UCua4Qvz8Icb6MYqhoq9xLXw\"]},{\"@type\":\"Person\",\"@id\":\"https:\\\/\\\/informelitoral.com.ar\\\/#\\\/schema\\\/person\\\/f05f9f461677119578717524b127d6d5\",\"name\":\"Sebastian\",\"image\":{\"@type\":\"ImageObject\",\"inLanguage\":\"es\",\"@id\":\"https:\\\/\\\/secure.gravatar.com\\\/avatar\\\/b71bf7481d447dfb9583c7f2798e7cc64de6efb9067b74633ed8c31059a3bd82?s=96&d=mm&r=g\",\"url\":\"https:\\\/\\\/secure.gravatar.com\\\/avatar\\\/b71bf7481d447dfb9583c7f2798e7cc64de6efb9067b74633ed8c31059a3bd82?s=96&d=mm&r=g\",\"contentUrl\":\"https:\\\/\\\/secure.gravatar.com\\\/avatar\\\/b71bf7481d447dfb9583c7f2798e7cc64de6efb9067b74633ed8c31059a3bd82?s=96&d=mm&r=g\",\"caption\":\"Sebastian\"},\"url\":\"https:\\\/\\\/informelitoral.com.ar\\\/author\\\/sebastian\\\/\"}]}<\/script>","yoast_head_json":{"title":"Precios Justos de la carne: \u201cEs un parche\u201d advirtieron desde el sector - Informe Litoral","robots":{"index":"index","follow":"follow","max-snippet":"max-snippet:-1","max-image-preview":"max-image-preview:large","max-video-preview":"max-video-preview:-1"},"canonical":"https:\/\/informelitoral.com.ar\/precios-justos-de-la-carne-es-un-parche-advirtieron-desde-el-sector\/","og_locale":"es_ES","og_type":"article","og_title":"Precios Justos de la carne: \u201cEs un parche\u201d advirtieron desde el sector - Informe Litoral","og_description":"El presidente de la C\u00e1mara de Industrias C\u00e1rnicas de Entre R\u00edos, dijo que el programa \u201ces un parche para pretender solucionar los problemas del consumidor\u201d y agreg\u00f3 que est\u00e1 hecho \"para que se aplique en Buenos Aires\u201d.","og_url":"https:\/\/informelitoral.com.ar\/precios-justos-de-la-carne-es-un-parche-advirtieron-desde-el-sector\/","og_site_name":"Informe Litoral","article_publisher":"https:\/\/www.facebook.com\/informelitoral\/","article_published_time":"2023-04-12T12:12:57+00:00","article_modified_time":"2023-04-13T01:43:31+00:00","og_image":[{"width":800,"height":450,"url":"https:\/\/informelitoral.com.ar\/%77%70%2d%63%6f%6e%74%65%6e%74\/uploads\/2023\/04\/o_1681295309.jpg","type":"image\/jpeg"}],"author":"Sebastian","twitter_card":"summary_large_image","twitter_creator":"@InformeLitoral","twitter_site":"@InformeLitoral","twitter_misc":{"Escrito por":"Sebastian","Tiempo de lectura":"2 minutos"},"schema":{"@context":"https:\/\/schema.org","@graph":[{"@type":"Article","@id":"https:\/\/informelitoral.com.ar\/precios-justos-de-la-carne-es-un-parche-advirtieron-desde-el-sector\/#article","isPartOf":{"@id":"https:\/\/informelitoral.com.ar\/precios-justos-de-la-carne-es-un-parche-advirtieron-desde-el-sector\/"},"author":{"name":"Sebastian","@id":"https:\/\/informelitoral.com.ar\/#\/schema\/person\/f05f9f461677119578717524b127d6d5"},"headline":"Precios Justos de la carne: \u201cEs un parche\u201d advirtieron desde el sector","datePublished":"2023-04-12T12:12:57+00:00","dateModified":"2023-04-13T01:43:31+00:00","mainEntityOfPage":{"@id":"https:\/\/informelitoral.com.ar\/precios-justos-de-la-carne-es-un-parche-advirtieron-desde-el-sector\/"},"wordCount":335,"commentCount":0,"publisher":{"@id":"https:\/\/informelitoral.com.ar\/#organization"},"image":{"@id":"https:\/\/informelitoral.com.ar\/precios-justos-de-la-carne-es-un-parche-advirtieron-desde-el-sector\/#primaryimage"},"thumbnailUrl":"https:\/\/informelitoral.com.ar\/%77%70%2d%63%6f%6e%74%65%6e%74\/uploads\/2023\/04\/o_1681295309.jpg","keywords":["Carne","Precios Justos"],"articleSection":["Campo"],"inLanguage":"es","potentialAction":[{"@type":"CommentAction","name":"Comment","target":["https:\/\/informelitoral.com.ar\/precios-justos-de-la-carne-es-un-parche-advirtieron-desde-el-sector\/#respond"]}]},{"@type":"WebPage","@id":"https:\/\/informelitoral.com.ar\/precios-justos-de-la-carne-es-un-parche-advirtieron-desde-el-sector\/","url":"https:\/\/informelitoral.com.ar\/precios-justos-de-la-carne-es-un-parche-advirtieron-desde-el-sector\/","name":"Precios Justos de la carne: \u201cEs un parche\u201d advirtieron desde el sector - Informe Litoral","isPartOf":{"@id":"https:\/\/informelitoral.com.ar\/#website"},"primaryImageOfPage":{"@id":"https:\/\/informelitoral.com.ar\/precios-justos-de-la-carne-es-un-parche-advirtieron-desde-el-sector\/#primaryimage"},"image":{"@id":"https:\/\/informelitoral.com.ar\/precios-justos-de-la-carne-es-un-parche-advirtieron-desde-el-sector\/#primaryimage"},"thumbnailUrl":"https:\/\/informelitoral.com.ar\/%77%70%2d%63%6f%6e%74%65%6e%74\/uploads\/2023\/04\/o_1681295309.jpg","datePublished":"2023-04-12T12:12:57+00:00","dateModified":"2023-04-13T01:43:31+00:00","breadcrumb":{"@id":"https:\/\/informelitoral.com.ar\/precios-justos-de-la-carne-es-un-parche-advirtieron-desde-el-sector\/#breadcrumb"},"inLanguage":"es","potentialAction":[{"@type":"ReadAction","target":["https:\/\/informelitoral.com.ar\/precios-justos-de-la-carne-es-un-parche-advirtieron-desde-el-sector\/"]}]},{"@type":"ImageObject","inLanguage":"es","@id":"https:\/\/informelitoral.com.ar\/precios-justos-de-la-carne-es-un-parche-advirtieron-desde-el-sector\/#primaryimage","url":"https:\/\/informelitoral.com.ar\/%77%70%2d%63%6f%6e%74%65%6e%74\/uploads\/2023\/04\/o_1681295309.jpg","contentUrl":"https:\/\/informelitoral.com.ar\/%77%70%2d%63%6f%6e%74%65%6e%74\/uploads\/2023\/04\/o_1681295309.jpg","width":800,"height":450},{"@type":"BreadcrumbList","@id":"https:\/\/informelitoral.com.ar\/precios-justos-de-la-carne-es-un-parche-advirtieron-desde-el-sector\/#breadcrumb","itemListElement":[{"@type":"ListItem","position":1,"name":"Portada","item":"https:\/\/informelitoral.com.ar\/"},{"@type":"ListItem","position":2,"name":"Precios Justos de la carne: \u201cEs un parche\u201d advirtieron desde el sector"}]},{"@type":"WebSite","@id":"https:\/\/informelitoral.com.ar\/#website","url":"https:\/\/informelitoral.com.ar\/","name":"Informe Litoral","description":"&quot;Nos informamos&quot; ","publisher":{"@id":"https:\/\/informelitoral.com.ar\/#organization"},"potentialAction":[{"@type":"SearchAction","target":{"@type":"EntryPoint","urlTemplate":"https:\/\/informelitoral.com.ar\/?s={search_term_string}"},"query-input":{"@type":"PropertyValueSpecification","valueRequired":true,"valueName":"search_term_string"}}],"inLanguage":"es"},{"@type":"Organization","@id":"https:\/\/informelitoral.com.ar\/#organization","name":"Informe Litoral","url":"https:\/\/informelitoral.com.ar\/","logo":{"@type":"ImageObject","inLanguage":"es","@id":"https:\/\/informelitoral.com.ar\/#\/schema\/logo\/image\/","url":"https:\/\/informelitoral.com.ar\/%77%70%2d%63%6f%6e%74%65%6e%74\/uploads\/2021\/01\/circulo.png","contentUrl":"https:\/\/informelitoral.com.ar\/%77%70%2d%63%6f%6e%74%65%6e%74\/uploads\/2021\/01\/circulo.png","width":723,"height":731,"caption":"Informe Litoral"},"image":{"@id":"https:\/\/informelitoral.com.ar\/#\/schema\/logo\/image\/"},"sameAs":["https:\/\/www.facebook.com\/informelitoral\/","https:\/\/x.com\/InformeLitoral","https:\/\/www.instagram.com\/informelitoral\/","https:\/\/www.youtube.com\/channel\/UCua4Qvz8Icb6MYqhoq9xLXw"]},{"@type":"Person","@id":"https:\/\/informelitoral.com.ar\/#\/schema\/person\/f05f9f461677119578717524b127d6d5","name":"Sebastian","image":{"@type":"ImageObject","inLanguage":"es","@id":"https:\/\/secure.gravatar.com\/avatar\/b71bf7481d447dfb9583c7f2798e7cc64de6efb9067b74633ed8c31059a3bd82?s=96&d=mm&r=g","url":"https:\/\/secure.gravatar.com\/avatar\/b71bf7481d447dfb9583c7f2798e7cc64de6efb9067b74633ed8c31059a3bd82?s=96&d=mm&r=g","contentUrl":"https:\/\/secure.gravatar.com\/avatar\/b71bf7481d447dfb9583c7f2798e7cc64de6efb9067b74633ed8c31059a3bd82?s=96&d=mm&r=g","caption":"Sebastian"},"url":"https:\/\/informelitoral.com.ar\/author\/sebastian\/"}]}},"_links":{"self":[{"href":"https:\/\/informelitoral.com.ar\/%77%70%2d%6a%73%6f%6e\/wp\/v2\/posts\/136922","targetHints":{"allow":["GET"]}}],"collection":[{"href":"https:\/\/informelitoral.com.ar\/%77%70%2d%6a%73%6f%6e\/wp\/v2\/posts"}],"about":[{"href":"https:\/\/informelitoral.com.ar\/%77%70%2d%6a%73%6f%6e\/wp\/v2\/types\/post"}],"author":[{"embeddable":true,"href":"https:\/\/informelitoral.com.ar\/%77%70%2d%6a%73%6f%6e\/wp\/v2\/users\/8"}],"replies":[{"embeddable":true,"href":"https:\/\/informelitoral.com.ar\/%77%70%2d%6a%73%6f%6e\/wp\/v2\/comments?post=136922"}],"version-history":[{"count":0,"href":"https:\/\/informelitoral.com.ar\/%77%70%2d%6a%73%6f%6e\/wp\/v2\/posts\/136922\/revisions"}],"wp:featuredmedia":[{"embeddable":true,"href":"https:\/\/informelitoral.com.ar\/%77%70%2d%6a%73%6f%6e\/wp\/v2\/media\/136860"}],"wp:attachment":[{"href":"https:\/\/informelitoral.com.ar\/%77%70%2d%6a%73%6f%6e\/wp\/v2\/media?parent=136922"}],"wp:term":[{"taxonomy":"category","embeddable":true,"href":"https:\/\/informelitoral.com.ar\/%77%70%2d%6a%73%6f%6e\/wp\/v2\/categories?post=136922"},{"taxonomy":"post_tag","embeddable":true,"href":"https:\/\/informelitoral.com.ar\/%77%70%2d%6a%73%6f%6e\/wp\/v2\/tags?post=136922"}],"curies":[{"name":"wp","href":"https:\/\/api.w.org\/{rel}","templated":true}]}}