{"id":13633,"date":"2016-02-07T22:14:57","date_gmt":"2016-02-08T01:14:57","guid":{"rendered":"http:\/\/www.isletasnoticias.com.ar\/?p=13633"},"modified":"2016-02-07T22:16:27","modified_gmt":"2016-02-08T01:16:27","slug":"exitoso-fin-de-semana-de-carnaval-para-el-turismo-en-entre-rios","status":"publish","type":"post","link":"https:\/\/informelitoral.com.ar\/exitoso-fin-de-semana-de-carnaval-para-el-turismo-en-entre-rios\/","title":{"rendered":"Exitoso fin de semana de carnaval para el turismo en Entre R\u00edos"},"content":{"rendered":"<p><strong>Continuando sus recorridas por diferentes fiestas populares y expresiones culturales de la provincia, el gobernador <em>Gustavo Bordet<\/em> estuvo este s\u00e1bado en los carnavales de Santa Elena, en el departamento La Paz. Puso de relieve que la capacidad hotelera est\u00e1 colmada en la provincia. \u201cTenemos un fin de semana largo espectacular en todo Entre R\u00edos\u201d, resalt\u00f3.<a href=\"http:\/\/www.isletasnoticias.com.ar\/%77%70%2d%63%6f%6e%74%65%6e%74\/uploads\/2016\/02\/b_1454846896.jpg\"><img loading=\"lazy\" decoding=\"async\" class=\"aligncenter size-full wp-image-13635\" src=\"http:\/\/www.isletasnoticias.com.ar\/%77%70%2d%63%6f%6e%74%65%6e%74\/uploads\/2016\/02\/b_1454846896.jpg\" alt=\"b_1454846896\" width=\"492\" height=\"328\" srcset=\"https:\/\/informelitoral.com.ar\/%77%70%2d%63%6f%6e%74%65%6e%74\/uploads\/2016\/02\/b_1454846896.jpg 492w, https:\/\/informelitoral.com.ar\/%77%70%2d%63%6f%6e%74%65%6e%74\/uploads\/2016\/02\/b_1454846896-300x200.jpg 300w\" sizes=\"auto, (max-width: 492px) 100vw, 492px\" \/><\/a><\/strong>Acompa\u00f1ado por el intendente de esa ciudad, <strong>Silvio Moreyra<\/strong>, el gobernador <strong>Gustavo Bordet<\/strong>, remarc\u00f3 que \u201cSanta Elena tiene un potencial enorme y su carnaval regala una hermosa noche para pasar en familia\u201d. Antes de la velada, juntos recorrieron obras y acordaron trabajar en el refuerzo de las barrancas afectadas por la inundaci\u00f3n.<\/p>\n<p>Bordet, que estuvo acompa\u00f1ado por su esposa Mariel, tambi\u00e9n expres\u00f3 que \u201cel carnaval entrerriano tiene esa particularidad, y que es muy especial, que cada ciudad expresa sus ra\u00edces culturales en esta fiesta, por eso es muy importante recorrerlo, conocerlo, y es un atractivo tur\u00edstico de mucha calidad para que nos visiten en la provincia, pero tambi\u00e9n es una muy buena oportunidad para venir con la familia, pasar una muy buena noche, con alegr\u00eda, con color, con brillo y con mucha diversi\u00f3n por sobre todas las cosas. Estoy compartiendo con la familia esta hermosa noche que nos regala el carnaval santaelenense\u201d.<\/p>\n<p>Antes de concurrir al cors\u00f3dromo, se refiri\u00f3 sobre la recorrida que hizo en la ciudad junto al intendente y algunos integrantes del gabinete municipal. \u201cHoy estuvimos aqu\u00ed en Santa Elena m\u00e1s temprano con el intendente recorriendo obras, cosas de gesti\u00f3n que tenemos que hacer, y por supuesto, hay una agenda com\u00fan, hay temas que el intendente ha priorizado para que podamos resolver y estamos trabajando fuertemente para la consolidaci\u00f3n de las barrancas de Santa Elena algo que nos hemos comprometido en los pr\u00f3ximos meses a iniciar la obra para poder darle seguridad a muchos vecinos que viven en la zona costera\u201d.<\/p>\n<p>Y agreg\u00f3 que tambi\u00e9n hablaron sobre implementar \u201cotras acciones que tienen que ver con el desarrollo integral de la ciudad, que en un trabajo en conjunto entre municipio, provincia y tambi\u00e9n la Naci\u00f3n, podemos resolver am\u00e9n de encontrar fuentes de trabajo, recibir inversiones en la ciudad, de interesar a distintos grupos, de esto se trata, para poder generar empleo y desarrollo genuino en una localidad como Santa Elena que tiene un potencial enorme\u201d.<\/p>\n<p><strong>La noche de Carnaval <\/strong><\/p>\n<p>El carnaval, organizado por la Municipalidad, present\u00f3 en un tramo de una de sus avenidas principales el tradicional cors\u00f3dromo, colmado de p\u00fablico entre ellos gran cantidad de turistas. El desfile de las cuatro comparsas, Poras\u00ed, Babiy\u00fa, que abrieron en ese orden para luego cerrar con Emperatriz e It\u00e1 Por\u00e1, mostraron todo el colorido y el brillo de una fiesta que refleja el orgullo y la identidad de una ciudad de gran pujanza.<\/p>\n<p>El intendente Moreyra en este sentido expres\u00f3 que \u201ces una noche muy especial, estamos mostrando nuestra cultura de carnaval a toda la provincia y adem\u00e1s con la alegr\u00eda de que por primera vez un gobernador conoce el carnaval de Santa Elena, la verdad que tengo mucha alegr\u00eda de recibirlo, y esperamos que este acompa\u00f1amiento sirva para difundir m\u00e1s nuestra cultura; la oferta de nuestro carnaval con cuatro comparsas es hermosa y mucha gente y medios de comunicaci\u00f3n lo est\u00e1n descubriendo este fin de semana\u201d.<\/p>\n<p><strong>Turismo en alza<\/strong><\/p>\n<p>Consultado por los medios de comunicaci\u00f3n que cubr\u00edan el carnaval, el gobernador remarc\u00f3 que al estar el r\u00edo Uruguay en su cauce normal, el turismo en esa costa muestra un balance positivo: \u201cEstamos a pleno, las playas de Col\u00f3n han quedado muy lindas, estuve all\u00ed hace poco, realmente el turismo que estaba previsto vino finalmente a la provincia; ayer me informaba el ministro de Turismo que este fin de semana hay una ocupaci\u00f3n de cien por ciento de la capacidad hotelera en toda la provincia, y ac\u00e1 en Santa Elena tambi\u00e9n est\u00e1 en un cien por ciento, esto es un buen s\u00edntoma, que quiere decir que hemos tenido un fin de semana espectacular en todo Entre R\u00edos\u201d.<\/p>\n","protected":false},"excerpt":{"rendered":"<p>Continuando sus recorridas por diferentes fiestas populares y expresiones culturales de la provincia, el gobernador Gustavo Bordet estuvo este s&aacute;bado en los carnavales de Santa Elena, en el departamento La Paz. Puso de relieve que la capacidad hotelera est&aacute; colmada en la provincia. &ldquo;Tenemos un fin de semana largo espectacular en todo Entre R&iacute;os&rdquo;, resalt&oacute;.Acompa&ntilde;ado [&hellip;]<\/p>\n","protected":false},"author":2,"featured_media":0,"comment_status":"open","ping_status":"open","sticky":false,"template":"","format":"standard","meta":{"fifu_image_url":"","fifu_image_alt":"","footnotes":""},"categories":[6,16],"tags":[],"class_list":{"0":"post-13633","1":"post","2":"type-post","3":"status-publish","4":"format-standard","6":"category-entre-rios","7":"category-politi"},"yoast_head":"<title>Exitoso fin de semana de carnaval para el turismo en Entre R\u00edos - Informe Litoral<\/title>\n<meta name=\"robots\" content=\"index, follow, max-snippet:-1, max-image-preview:large, max-video-preview:-1\" \/>\n<link rel=\"canonical\" href=\"https:\/\/informelitoral.com.ar\/exitoso-fin-de-semana-de-carnaval-para-el-turismo-en-entre-rios\/\" \/>\n<meta property=\"og:locale\" content=\"es_ES\" \/>\n<meta property=\"og:type\" content=\"article\" \/>\n<meta property=\"og:title\" content=\"Exitoso fin de semana de carnaval para el turismo en Entre R\u00edos - Informe Litoral\" \/>\n<meta property=\"og:description\" content=\"Continuando sus recorridas por diferentes fiestas populares y expresiones culturales de la provincia, el gobernador Gustavo Bordet estuvo este s&aacute;bado en los carnavales de Santa Elena, en el departamento La Paz. Puso de relieve que la capacidad hotelera est&aacute; colmada en la provincia. &ldquo;Tenemos un fin de semana largo espectacular en todo Entre R&iacute;os&rdquo;, resalt&oacute;.Acompa&ntilde;ado [&hellip;]\" \/>\n<meta property=\"og:url\" content=\"https:\/\/informelitoral.com.ar\/exitoso-fin-de-semana-de-carnaval-para-el-turismo-en-entre-rios\/\" \/>\n<meta property=\"og:site_name\" content=\"Informe Litoral\" \/>\n<meta property=\"article:publisher\" content=\"https:\/\/www.facebook.com\/informelitoral\/\" \/>\n<meta property=\"article:published_time\" content=\"2016-02-08T01:14:57+00:00\" \/>\n<meta property=\"article:modified_time\" content=\"2016-02-08T01:16:27+00:00\" \/>\n<meta property=\"og:image\" content=\"https:\/\/informelitoral.com.ar\/%77%70%2d%63%6f%6e%74%65%6e%74\/uploads\/2016\/02\/b_1454846896.jpg\" \/>\n\t<meta property=\"og:image:width\" content=\"492\" \/>\n\t<meta property=\"og:image:height\" content=\"328\" \/>\n\t<meta property=\"og:image:type\" content=\"image\/jpeg\" \/>\n<meta name=\"author\" content=\"Gonzalo Schmidt\" \/>\n<meta name=\"twitter:card\" content=\"summary_large_image\" \/>\n<meta name=\"twitter:creator\" content=\"@InformeLitoral\" \/>\n<meta name=\"twitter:site\" content=\"@InformeLitoral\" \/>\n<meta name=\"twitter:label1\" content=\"Escrito por\" \/>\n\t<meta name=\"twitter:data1\" content=\"Gonzalo Schmidt\" \/>\n\t<meta name=\"twitter:label2\" content=\"Tiempo de lectura\" \/>\n\t<meta name=\"twitter:data2\" content=\"3 minutos\" \/>\n<script type=\"application\/ld+json\" class=\"yoast-schema-graph\">{\"@context\":\"https:\\\/\\\/schema.org\",\"@graph\":[{\"@type\":\"Article\",\"@id\":\"https:\\\/\\\/informelitoral.com.ar\\\/exitoso-fin-de-semana-de-carnaval-para-el-turismo-en-entre-rios\\\/#article\",\"isPartOf\":{\"@id\":\"https:\\\/\\\/informelitoral.com.ar\\\/exitoso-fin-de-semana-de-carnaval-para-el-turismo-en-entre-rios\\\/\"},\"author\":{\"name\":\"Gonzalo Schmidt\",\"@id\":\"https:\\\/\\\/informelitoral.com.ar\\\/#\\\/schema\\\/person\\\/b9d00407c836482871ef1d57bf8e3180\"},\"headline\":\"Exitoso fin de semana de carnaval para el turismo en Entre R\u00edos\",\"datePublished\":\"2016-02-08T01:14:57+00:00\",\"dateModified\":\"2016-02-08T01:16:27+00:00\",\"mainEntityOfPage\":{\"@id\":\"https:\\\/\\\/informelitoral.com.ar\\\/exitoso-fin-de-semana-de-carnaval-para-el-turismo-en-entre-rios\\\/\"},\"wordCount\":712,\"commentCount\":0,\"publisher\":{\"@id\":\"https:\\\/\\\/informelitoral.com.ar\\\/#organization\"},\"image\":{\"@id\":\"https:\\\/\\\/informelitoral.com.ar\\\/exitoso-fin-de-semana-de-carnaval-para-el-turismo-en-entre-rios\\\/#primaryimage\"},\"thumbnailUrl\":\"http:\\\/\\\/www.isletasnoticias.com.ar\\\/%77%70%2d%63%6f%6e%74%65%6e%74\\\/uploads\\\/2016\\\/02\\\/b_1454846896.jpg\",\"articleSection\":[\"Entre R\u00edos\",\"Politica\"],\"inLanguage\":\"es\",\"potentialAction\":[{\"@type\":\"CommentAction\",\"name\":\"Comment\",\"target\":[\"https:\\\/\\\/informelitoral.com.ar\\\/exitoso-fin-de-semana-de-carnaval-para-el-turismo-en-entre-rios\\\/#respond\"]}]},{\"@type\":\"WebPage\",\"@id\":\"https:\\\/\\\/informelitoral.com.ar\\\/exitoso-fin-de-semana-de-carnaval-para-el-turismo-en-entre-rios\\\/\",\"url\":\"https:\\\/\\\/informelitoral.com.ar\\\/exitoso-fin-de-semana-de-carnaval-para-el-turismo-en-entre-rios\\\/\",\"name\":\"Exitoso fin de semana de carnaval para el turismo en Entre R\u00edos - Informe Litoral\",\"isPartOf\":{\"@id\":\"https:\\\/\\\/informelitoral.com.ar\\\/#website\"},\"primaryImageOfPage\":{\"@id\":\"https:\\\/\\\/informelitoral.com.ar\\\/exitoso-fin-de-semana-de-carnaval-para-el-turismo-en-entre-rios\\\/#primaryimage\"},\"image\":{\"@id\":\"https:\\\/\\\/informelitoral.com.ar\\\/exitoso-fin-de-semana-de-carnaval-para-el-turismo-en-entre-rios\\\/#primaryimage\"},\"thumbnailUrl\":\"http:\\\/\\\/www.isletasnoticias.com.ar\\\/%77%70%2d%63%6f%6e%74%65%6e%74\\\/uploads\\\/2016\\\/02\\\/b_1454846896.jpg\",\"datePublished\":\"2016-02-08T01:14:57+00:00\",\"dateModified\":\"2016-02-08T01:16:27+00:00\",\"breadcrumb\":{\"@id\":\"https:\\\/\\\/informelitoral.com.ar\\\/exitoso-fin-de-semana-de-carnaval-para-el-turismo-en-entre-rios\\\/#breadcrumb\"},\"inLanguage\":\"es\",\"potentialAction\":[{\"@type\":\"ReadAction\",\"target\":[\"https:\\\/\\\/informelitoral.com.ar\\\/exitoso-fin-de-semana-de-carnaval-para-el-turismo-en-entre-rios\\\/\"]}]},{\"@type\":\"ImageObject\",\"inLanguage\":\"es\",\"@id\":\"https:\\\/\\\/informelitoral.com.ar\\\/exitoso-fin-de-semana-de-carnaval-para-el-turismo-en-entre-rios\\\/#primaryimage\",\"url\":\"http:\\\/\\\/www.isletasnoticias.com.ar\\\/%77%70%2d%63%6f%6e%74%65%6e%74\\\/uploads\\\/2016\\\/02\\\/b_1454846896.jpg\",\"contentUrl\":\"http:\\\/\\\/www.isletasnoticias.com.ar\\\/%77%70%2d%63%6f%6e%74%65%6e%74\\\/uploads\\\/2016\\\/02\\\/b_1454846896.jpg\"},{\"@type\":\"BreadcrumbList\",\"@id\":\"https:\\\/\\\/informelitoral.com.ar\\\/exitoso-fin-de-semana-de-carnaval-para-el-turismo-en-entre-rios\\\/#breadcrumb\",\"itemListElement\":[{\"@type\":\"ListItem\",\"position\":1,\"name\":\"Portada\",\"item\":\"https:\\\/\\\/informelitoral.com.ar\\\/\"},{\"@type\":\"ListItem\",\"position\":2,\"name\":\"Exitoso fin de semana de carnaval para el turismo en Entre R\u00edos\"}]},{\"@type\":\"WebSite\",\"@id\":\"https:\\\/\\\/informelitoral.com.ar\\\/#website\",\"url\":\"https:\\\/\\\/informelitoral.com.ar\\\/\",\"name\":\"Informe Litoral\",\"description\":\"&quot;Nos informamos&quot; \",\"publisher\":{\"@id\":\"https:\\\/\\\/informelitoral.com.ar\\\/#organization\"},\"potentialAction\":[{\"@type\":\"SearchAction\",\"target\":{\"@type\":\"EntryPoint\",\"urlTemplate\":\"https:\\\/\\\/informelitoral.com.ar\\\/?s={search_term_string}\"},\"query-input\":{\"@type\":\"PropertyValueSpecification\",\"valueRequired\":true,\"valueName\":\"search_term_string\"}}],\"inLanguage\":\"es\"},{\"@type\":\"Organization\",\"@id\":\"https:\\\/\\\/informelitoral.com.ar\\\/#organization\",\"name\":\"Informe Litoral\",\"url\":\"https:\\\/\\\/informelitoral.com.ar\\\/\",\"logo\":{\"@type\":\"ImageObject\",\"inLanguage\":\"es\",\"@id\":\"https:\\\/\\\/informelitoral.com.ar\\\/#\\\/schema\\\/logo\\\/image\\\/\",\"url\":\"https:\\\/\\\/informelitoral.com.ar\\\/%77%70%2d%63%6f%6e%74%65%6e%74\\\/uploads\\\/2021\\\/01\\\/circulo.png\",\"contentUrl\":\"https:\\\/\\\/informelitoral.com.ar\\\/%77%70%2d%63%6f%6e%74%65%6e%74\\\/uploads\\\/2021\\\/01\\\/circulo.png\",\"width\":723,\"height\":731,\"caption\":\"Informe Litoral\"},\"image\":{\"@id\":\"https:\\\/\\\/informelitoral.com.ar\\\/#\\\/schema\\\/logo\\\/image\\\/\"},\"sameAs\":[\"https:\\\/\\\/www.facebook.com\\\/informelitoral\\\/\",\"https:\\\/\\\/x.com\\\/InformeLitoral\",\"https:\\\/\\\/www.instagram.com\\\/informelitoral\\\/\",\"https:\\\/\\\/www.youtube.com\\\/channel\\\/UCua4Qvz8Icb6MYqhoq9xLXw\"]},{\"@type\":\"Person\",\"@id\":\"https:\\\/\\\/informelitoral.com.ar\\\/#\\\/schema\\\/person\\\/b9d00407c836482871ef1d57bf8e3180\",\"name\":\"Gonzalo Schmidt\",\"image\":{\"@type\":\"ImageObject\",\"inLanguage\":\"es\",\"@id\":\"https:\\\/\\\/secure.gravatar.com\\\/avatar\\\/31a1a7b66ff2de83bd0e9fd79d026630d2d99e55e8bfe501287647b4fd9743de?s=96&d=mm&r=g\",\"url\":\"https:\\\/\\\/secure.gravatar.com\\\/avatar\\\/31a1a7b66ff2de83bd0e9fd79d026630d2d99e55e8bfe501287647b4fd9743de?s=96&d=mm&r=g\",\"contentUrl\":\"https:\\\/\\\/secure.gravatar.com\\\/avatar\\\/31a1a7b66ff2de83bd0e9fd79d026630d2d99e55e8bfe501287647b4fd9743de?s=96&d=mm&r=g\",\"caption\":\"Gonzalo Schmidt\"},\"description\":\"Sitio web de noticias de la provincia de Entre R\u00edos, Argentina. Informaci\u00f3n y entretenimiento. Informe Litoral, nos informamos.\",\"sameAs\":[\"http:\\\/\\\/www.isletasnoticias.com.ar\"],\"url\":\"https:\\\/\\\/informelitoral.com.ar\\\/author\\\/gonzalo\\\/\"}]}<\/script>","yoast_head_json":{"title":"Exitoso fin de semana de carnaval para el turismo en Entre R\u00edos - Informe Litoral","robots":{"index":"index","follow":"follow","max-snippet":"max-snippet:-1","max-image-preview":"max-image-preview:large","max-video-preview":"max-video-preview:-1"},"canonical":"https:\/\/informelitoral.com.ar\/exitoso-fin-de-semana-de-carnaval-para-el-turismo-en-entre-rios\/","og_locale":"es_ES","og_type":"article","og_title":"Exitoso fin de semana de carnaval para el turismo en Entre R\u00edos - Informe Litoral","og_description":"Continuando sus recorridas por diferentes fiestas populares y expresiones culturales de la provincia, el gobernador Gustavo Bordet estuvo este s&aacute;bado en los carnavales de Santa Elena, en el departamento La Paz. Puso de relieve que la capacidad hotelera est&aacute; colmada en la provincia. &ldquo;Tenemos un fin de semana largo espectacular en todo Entre R&iacute;os&rdquo;, resalt&oacute;.Acompa&ntilde;ado [&hellip;]","og_url":"https:\/\/informelitoral.com.ar\/exitoso-fin-de-semana-de-carnaval-para-el-turismo-en-entre-rios\/","og_site_name":"Informe Litoral","article_publisher":"https:\/\/www.facebook.com\/informelitoral\/","article_published_time":"2016-02-08T01:14:57+00:00","article_modified_time":"2016-02-08T01:16:27+00:00","og_image":[{"width":492,"height":328,"url":"https:\/\/informelitoral.com.ar\/%77%70%2d%63%6f%6e%74%65%6e%74\/uploads\/2016\/02\/b_1454846896.jpg","type":"image\/jpeg"}],"author":"Gonzalo Schmidt","twitter_card":"summary_large_image","twitter_creator":"@InformeLitoral","twitter_site":"@InformeLitoral","twitter_misc":{"Escrito por":"Gonzalo Schmidt","Tiempo de lectura":"3 minutos"},"schema":{"@context":"https:\/\/schema.org","@graph":[{"@type":"Article","@id":"https:\/\/informelitoral.com.ar\/exitoso-fin-de-semana-de-carnaval-para-el-turismo-en-entre-rios\/#article","isPartOf":{"@id":"https:\/\/informelitoral.com.ar\/exitoso-fin-de-semana-de-carnaval-para-el-turismo-en-entre-rios\/"},"author":{"name":"Gonzalo Schmidt","@id":"https:\/\/informelitoral.com.ar\/#\/schema\/person\/b9d00407c836482871ef1d57bf8e3180"},"headline":"Exitoso fin de semana de carnaval para el turismo en Entre R\u00edos","datePublished":"2016-02-08T01:14:57+00:00","dateModified":"2016-02-08T01:16:27+00:00","mainEntityOfPage":{"@id":"https:\/\/informelitoral.com.ar\/exitoso-fin-de-semana-de-carnaval-para-el-turismo-en-entre-rios\/"},"wordCount":712,"commentCount":0,"publisher":{"@id":"https:\/\/informelitoral.com.ar\/#organization"},"image":{"@id":"https:\/\/informelitoral.com.ar\/exitoso-fin-de-semana-de-carnaval-para-el-turismo-en-entre-rios\/#primaryimage"},"thumbnailUrl":"http:\/\/www.isletasnoticias.com.ar\/%77%70%2d%63%6f%6e%74%65%6e%74\/uploads\/2016\/02\/b_1454846896.jpg","articleSection":["Entre R\u00edos","Politica"],"inLanguage":"es","potentialAction":[{"@type":"CommentAction","name":"Comment","target":["https:\/\/informelitoral.com.ar\/exitoso-fin-de-semana-de-carnaval-para-el-turismo-en-entre-rios\/#respond"]}]},{"@type":"WebPage","@id":"https:\/\/informelitoral.com.ar\/exitoso-fin-de-semana-de-carnaval-para-el-turismo-en-entre-rios\/","url":"https:\/\/informelitoral.com.ar\/exitoso-fin-de-semana-de-carnaval-para-el-turismo-en-entre-rios\/","name":"Exitoso fin de semana de carnaval para el turismo en Entre R\u00edos - Informe Litoral","isPartOf":{"@id":"https:\/\/informelitoral.com.ar\/#website"},"primaryImageOfPage":{"@id":"https:\/\/informelitoral.com.ar\/exitoso-fin-de-semana-de-carnaval-para-el-turismo-en-entre-rios\/#primaryimage"},"image":{"@id":"https:\/\/informelitoral.com.ar\/exitoso-fin-de-semana-de-carnaval-para-el-turismo-en-entre-rios\/#primaryimage"},"thumbnailUrl":"http:\/\/www.isletasnoticias.com.ar\/%77%70%2d%63%6f%6e%74%65%6e%74\/uploads\/2016\/02\/b_1454846896.jpg","datePublished":"2016-02-08T01:14:57+00:00","dateModified":"2016-02-08T01:16:27+00:00","breadcrumb":{"@id":"https:\/\/informelitoral.com.ar\/exitoso-fin-de-semana-de-carnaval-para-el-turismo-en-entre-rios\/#breadcrumb"},"inLanguage":"es","potentialAction":[{"@type":"ReadAction","target":["https:\/\/informelitoral.com.ar\/exitoso-fin-de-semana-de-carnaval-para-el-turismo-en-entre-rios\/"]}]},{"@type":"ImageObject","inLanguage":"es","@id":"https:\/\/informelitoral.com.ar\/exitoso-fin-de-semana-de-carnaval-para-el-turismo-en-entre-rios\/#primaryimage","url":"http:\/\/www.isletasnoticias.com.ar\/%77%70%2d%63%6f%6e%74%65%6e%74\/uploads\/2016\/02\/b_1454846896.jpg","contentUrl":"http:\/\/www.isletasnoticias.com.ar\/%77%70%2d%63%6f%6e%74%65%6e%74\/uploads\/2016\/02\/b_1454846896.jpg"},{"@type":"BreadcrumbList","@id":"https:\/\/informelitoral.com.ar\/exitoso-fin-de-semana-de-carnaval-para-el-turismo-en-entre-rios\/#breadcrumb","itemListElement":[{"@type":"ListItem","position":1,"name":"Portada","item":"https:\/\/informelitoral.com.ar\/"},{"@type":"ListItem","position":2,"name":"Exitoso fin de semana de carnaval para el turismo en Entre R\u00edos"}]},{"@type":"WebSite","@id":"https:\/\/informelitoral.com.ar\/#website","url":"https:\/\/informelitoral.com.ar\/","name":"Informe Litoral","description":"&quot;Nos informamos&quot; ","publisher":{"@id":"https:\/\/informelitoral.com.ar\/#organization"},"potentialAction":[{"@type":"SearchAction","target":{"@type":"EntryPoint","urlTemplate":"https:\/\/informelitoral.com.ar\/?s={search_term_string}"},"query-input":{"@type":"PropertyValueSpecification","valueRequired":true,"valueName":"search_term_string"}}],"inLanguage":"es"},{"@type":"Organization","@id":"https:\/\/informelitoral.com.ar\/#organization","name":"Informe Litoral","url":"https:\/\/informelitoral.com.ar\/","logo":{"@type":"ImageObject","inLanguage":"es","@id":"https:\/\/informelitoral.com.ar\/#\/schema\/logo\/image\/","url":"https:\/\/informelitoral.com.ar\/%77%70%2d%63%6f%6e%74%65%6e%74\/uploads\/2021\/01\/circulo.png","contentUrl":"https:\/\/informelitoral.com.ar\/%77%70%2d%63%6f%6e%74%65%6e%74\/uploads\/2021\/01\/circulo.png","width":723,"height":731,"caption":"Informe Litoral"},"image":{"@id":"https:\/\/informelitoral.com.ar\/#\/schema\/logo\/image\/"},"sameAs":["https:\/\/www.facebook.com\/informelitoral\/","https:\/\/x.com\/InformeLitoral","https:\/\/www.instagram.com\/informelitoral\/","https:\/\/www.youtube.com\/channel\/UCua4Qvz8Icb6MYqhoq9xLXw"]},{"@type":"Person","@id":"https:\/\/informelitoral.com.ar\/#\/schema\/person\/b9d00407c836482871ef1d57bf8e3180","name":"Gonzalo Schmidt","image":{"@type":"ImageObject","inLanguage":"es","@id":"https:\/\/secure.gravatar.com\/avatar\/31a1a7b66ff2de83bd0e9fd79d026630d2d99e55e8bfe501287647b4fd9743de?s=96&d=mm&r=g","url":"https:\/\/secure.gravatar.com\/avatar\/31a1a7b66ff2de83bd0e9fd79d026630d2d99e55e8bfe501287647b4fd9743de?s=96&d=mm&r=g","contentUrl":"https:\/\/secure.gravatar.com\/avatar\/31a1a7b66ff2de83bd0e9fd79d026630d2d99e55e8bfe501287647b4fd9743de?s=96&d=mm&r=g","caption":"Gonzalo Schmidt"},"description":"Sitio web de noticias de la provincia de Entre R\u00edos, Argentina. Informaci\u00f3n y entretenimiento. Informe Litoral, nos informamos.","sameAs":["http:\/\/www.isletasnoticias.com.ar"],"url":"https:\/\/informelitoral.com.ar\/author\/gonzalo\/"}]}},"_links":{"self":[{"href":"https:\/\/informelitoral.com.ar\/%77%70%2d%6a%73%6f%6e\/wp\/v2\/posts\/13633","targetHints":{"allow":["GET"]}}],"collection":[{"href":"https:\/\/informelitoral.com.ar\/%77%70%2d%6a%73%6f%6e\/wp\/v2\/posts"}],"about":[{"href":"https:\/\/informelitoral.com.ar\/%77%70%2d%6a%73%6f%6e\/wp\/v2\/types\/post"}],"author":[{"embeddable":true,"href":"https:\/\/informelitoral.com.ar\/%77%70%2d%6a%73%6f%6e\/wp\/v2\/users\/2"}],"replies":[{"embeddable":true,"href":"https:\/\/informelitoral.com.ar\/%77%70%2d%6a%73%6f%6e\/wp\/v2\/comments?post=13633"}],"version-history":[{"count":0,"href":"https:\/\/informelitoral.com.ar\/%77%70%2d%6a%73%6f%6e\/wp\/v2\/posts\/13633\/revisions"}],"wp:attachment":[{"href":"https:\/\/informelitoral.com.ar\/%77%70%2d%6a%73%6f%6e\/wp\/v2\/media?parent=13633"}],"wp:term":[{"taxonomy":"category","embeddable":true,"href":"https:\/\/informelitoral.com.ar\/%77%70%2d%6a%73%6f%6e\/wp\/v2\/categories?post=13633"},{"taxonomy":"post_tag","embeddable":true,"href":"https:\/\/informelitoral.com.ar\/%77%70%2d%6a%73%6f%6e\/wp\/v2\/tags?post=13633"}],"curies":[{"name":"wp","href":"https:\/\/api.w.org\/{rel}","templated":true}]}}