{"id":13624,"date":"2016-02-05T00:40:35","date_gmt":"2016-02-05T03:40:35","guid":{"rendered":"http:\/\/www.isletasnoticias.com.ar\/?p=13624"},"modified":"2016-02-04T22:43:20","modified_gmt":"2016-02-05T01:43:20","slug":"luz-ahora-calculan-los-aumentos-en-entre-rios-cerca-del-90","status":"publish","type":"post","link":"https:\/\/informelitoral.com.ar\/luz-ahora-calculan-los-aumentos-en-entre-rios-cerca-del-90\/","title":{"rendered":"Luz: ahora calculan los aumentos en Entre R\u00edos cerca del 90%"},"content":{"rendered":"<p><strong>Los entrerrianos afrontar\u00e1n en las pr\u00f3ximas boletas de la luz dos tipos de aumento. Uno de origen nacional, anunciado por el gobierno de Macri; y otro provincial, a causa del vencimiento del congelamiento tarifario vigente hasta diciembre.<a href=\"http:\/\/www.isletasnoticias.com.ar\/%77%70%2d%63%6f%6e%74%65%6e%74\/uploads\/2016\/02\/o_1331311692.jpg\"><img loading=\"lazy\" decoding=\"async\" class=\"aligncenter size-full wp-image-13625\" src=\"http:\/\/www.isletasnoticias.com.ar\/%77%70%2d%63%6f%6e%74%65%6e%74\/uploads\/2016\/02\/o_1331311692.jpg\" alt=\"o_1331311692\" width=\"640\" height=\"360\" srcset=\"https:\/\/informelitoral.com.ar\/%77%70%2d%63%6f%6e%74%65%6e%74\/uploads\/2016\/02\/o_1331311692.jpg 640w, https:\/\/informelitoral.com.ar\/%77%70%2d%63%6f%6e%74%65%6e%74\/uploads\/2016\/02\/o_1331311692-300x169.jpg 300w\" sizes=\"auto, (max-width: 640px) 100vw, 640px\" \/><\/a><\/strong><\/p>\n<p>La semana pasada, desde el Ente Provincial Regulador de Energ\u00eda (EPRE) estimaron que los aumentos en las tarifas el\u00e9ctricas de los entrerrianos se englobar\u00edan entre el 40 y el 45%, a ra\u00edz del anuncio de la \u00abcorrecci\u00f3n tarifaria\u00bb establecida desde el gobierno nacional. Sin embargo, el secretario de Energ\u00eda de la Provincia Ra\u00fal Arroyo aclar\u00f3 que a esta suba proveniente de la Naci\u00f3n se le agrega un aumento del gobierno provincial que comenz\u00f3 a regir en enero, por lo que, en suma, los entrerrianos llegar\u00e1n a pagar boletas 90% m\u00e1s caras.<\/p>\n<p>Arroyo recibi\u00f3 a los Defensores del Pueblo de la Ciudad de Paran\u00e1 Luis Garay y Pablo Donad\u00edo con motivo de analizar el aumento de la tarifa el\u00e9ctrica vigente desde enero y que llegar\u00e1 en las pr\u00f3ximas boletas. La Defensor\u00eda propuso que el Estado convoque a una audiencia p\u00fablica que \u201cpermita analizar y debatir un eventual cambio de tarifa\u201d, indica el comunicado.<\/p>\n<p><b>Doble aumento<\/b><br \/>\nPor su parte, Arroyo especific\u00f3 que la suba en el servicio tiene las siguientes causales: por un lado, el incremento de hasta el 300% estipulado a nivel nacional por la Compa\u00f1\u00eda Administradora del Mercado Mayorista El\u00e9ctrico (Cammesa), que provee de energ\u00eda a las distribuidoras del pa\u00eds; y, por otra parte, la aplicaci\u00f3n de un 19,8% de suba a nivel provincial.<\/p>\n<p>Este aumento se resolvi\u00f3 en febrero de 2014 pero qued\u00f3 en suspenso por el congelamiento de precios convenido por el ex gobernador Urribarri con la Naci\u00f3n hasta el 31 de diciembre de 2015. Cumplido el plazo, entr\u00f3 a regir en enero pasado, explic\u00f3 el funcionario.<\/p>\n<p>A la par, habr\u00eda una quita de subsidios nacionales a quienes no re\u00fanan una serie de condiciones contempladas para ingresar como usuarios de la Tarifa Social. Al respecto, los defensores pidieron que \u201cse analice en la Provincia la forma de morigerar el impacto de las subas sobre los usuarios\u201d, a lo que Arroyo respondi\u00f3 que los incrementos \u201cser\u00e1n graduales\u201d.<\/p>\n<p>Sin embargo, el funcionario reconoci\u00f3 que \u201cterminar\u00e1n rondando, en promedio, un 90%\u201d, precisa el parte de prensa\u00a0de la Defensor\u00eda. La cifra duplica lo estimado por el interventor del EPRE Marcos Rodr\u00edguez Allende, quien, luego del anuncio de Cammesa, asegur\u00f3 que para la provincia de Entre R\u00edos la suba \u00abva a oscilar entre un 40 y un 45 por ciento\u00bb.<\/p>\n<p><b>Audiencia p\u00fablica con la Naci\u00f3n<\/b><br \/>\nEn el orden nacional, la Asociaci\u00f3n de Defensores del Pueblo de la Rep\u00fablica Argentina (Adpra) mantendr\u00e1 una reuni\u00f3n en los pr\u00f3ximos d\u00edas con el titular del Ente Nacional Regulador de la Energ\u00eda (ENRE), Ricardo Mart\u00ednez Leone, para reclamarle \u201cel efectivo cumplimiento de la ley que prev\u00e9 la realizaci\u00f3n de una audiencia p\u00fablica como condici\u00f3n previa y necesaria para discutir un eventual ajuste en el servicio energ\u00e9tico\u201d, se indic\u00f3. Asimismo, insistir\u00e1n en la necesidad de \u201cagilizar y desburocratizar\u00bb el tr\u00e1mite para acogerse a la Tarifa Social. <em>(Informe Digital)<\/em><\/p>\n","protected":false},"excerpt":{"rendered":"<p>Los entrerrianos afrontar&aacute;n en las pr&oacute;ximas boletas de la luz dos tipos de aumento. Uno de origen nacional, anunciado por el gobierno de Macri; y otro provincial, a causa del vencimiento del congelamiento tarifario vigente hasta diciembre. La semana pasada, desde el Ente Provincial Regulador de Energ&iacute;a (EPRE) estimaron que los aumentos en las tarifas [&hellip;]<\/p>\n","protected":false},"author":2,"featured_media":0,"comment_status":"open","ping_status":"open","sticky":false,"template":"","format":"standard","meta":{"fifu_image_url":"","fifu_image_alt":"","footnotes":""},"categories":[6],"tags":[],"class_list":{"0":"post-13624","1":"post","2":"type-post","3":"status-publish","4":"format-standard","6":"category-entre-rios"},"yoast_head":"<title>Luz: ahora calculan los aumentos en Entre R\u00edos cerca del 90% - Informe Litoral<\/title>\n<meta name=\"robots\" content=\"index, follow, max-snippet:-1, max-image-preview:large, max-video-preview:-1\" \/>\n<link rel=\"canonical\" href=\"https:\/\/informelitoral.com.ar\/luz-ahora-calculan-los-aumentos-en-entre-rios-cerca-del-90\/\" \/>\n<meta property=\"og:locale\" content=\"es_ES\" \/>\n<meta property=\"og:type\" content=\"article\" \/>\n<meta property=\"og:title\" content=\"Luz: ahora calculan los aumentos en Entre R\u00edos cerca del 90% - Informe Litoral\" \/>\n<meta property=\"og:description\" content=\"Los entrerrianos afrontar&aacute;n en las pr&oacute;ximas boletas de la luz dos tipos de aumento. Uno de origen nacional, anunciado por el gobierno de Macri; y otro provincial, a causa del vencimiento del congelamiento tarifario vigente hasta diciembre. La semana pasada, desde el Ente Provincial Regulador de Energ&iacute;a (EPRE) estimaron que los aumentos en las tarifas [&hellip;]\" \/>\n<meta property=\"og:url\" content=\"https:\/\/informelitoral.com.ar\/luz-ahora-calculan-los-aumentos-en-entre-rios-cerca-del-90\/\" \/>\n<meta property=\"og:site_name\" content=\"Informe Litoral\" \/>\n<meta property=\"article:publisher\" content=\"https:\/\/www.facebook.com\/informelitoral\/\" \/>\n<meta property=\"article:published_time\" content=\"2016-02-05T03:40:35+00:00\" \/>\n<meta property=\"og:image\" content=\"https:\/\/informelitoral.com.ar\/%77%70%2d%63%6f%6e%74%65%6e%74\/uploads\/2016\/02\/o_1331311692.jpg\" \/>\n\t<meta property=\"og:image:width\" content=\"640\" \/>\n\t<meta property=\"og:image:height\" content=\"360\" \/>\n\t<meta property=\"og:image:type\" content=\"image\/jpeg\" \/>\n<meta name=\"author\" content=\"Gonzalo Schmidt\" \/>\n<meta name=\"twitter:card\" content=\"summary_large_image\" \/>\n<meta name=\"twitter:creator\" content=\"@InformeLitoral\" \/>\n<meta name=\"twitter:site\" content=\"@InformeLitoral\" \/>\n<meta name=\"twitter:label1\" content=\"Escrito por\" \/>\n\t<meta name=\"twitter:data1\" content=\"Gonzalo Schmidt\" \/>\n\t<meta name=\"twitter:label2\" content=\"Tiempo de lectura\" \/>\n\t<meta name=\"twitter:data2\" content=\"3 minutos\" \/>\n<script type=\"application\/ld+json\" class=\"yoast-schema-graph\">{\"@context\":\"https:\\\/\\\/schema.org\",\"@graph\":[{\"@type\":\"Article\",\"@id\":\"https:\\\/\\\/informelitoral.com.ar\\\/luz-ahora-calculan-los-aumentos-en-entre-rios-cerca-del-90\\\/#article\",\"isPartOf\":{\"@id\":\"https:\\\/\\\/informelitoral.com.ar\\\/luz-ahora-calculan-los-aumentos-en-entre-rios-cerca-del-90\\\/\"},\"author\":{\"name\":\"Gonzalo Schmidt\",\"@id\":\"https:\\\/\\\/informelitoral.com.ar\\\/#\\\/schema\\\/person\\\/b9d00407c836482871ef1d57bf8e3180\"},\"headline\":\"Luz: ahora calculan los aumentos en Entre R\u00edos cerca del 90%\",\"datePublished\":\"2016-02-05T03:40:35+00:00\",\"mainEntityOfPage\":{\"@id\":\"https:\\\/\\\/informelitoral.com.ar\\\/luz-ahora-calculan-los-aumentos-en-entre-rios-cerca-del-90\\\/\"},\"wordCount\":552,\"commentCount\":0,\"publisher\":{\"@id\":\"https:\\\/\\\/informelitoral.com.ar\\\/#organization\"},\"image\":{\"@id\":\"https:\\\/\\\/informelitoral.com.ar\\\/luz-ahora-calculan-los-aumentos-en-entre-rios-cerca-del-90\\\/#primaryimage\"},\"thumbnailUrl\":\"http:\\\/\\\/www.isletasnoticias.com.ar\\\/%77%70%2d%63%6f%6e%74%65%6e%74\\\/uploads\\\/2016\\\/02\\\/o_1331311692.jpg\",\"articleSection\":[\"Entre R\u00edos\"],\"inLanguage\":\"es\",\"potentialAction\":[{\"@type\":\"CommentAction\",\"name\":\"Comment\",\"target\":[\"https:\\\/\\\/informelitoral.com.ar\\\/luz-ahora-calculan-los-aumentos-en-entre-rios-cerca-del-90\\\/#respond\"]}]},{\"@type\":\"WebPage\",\"@id\":\"https:\\\/\\\/informelitoral.com.ar\\\/luz-ahora-calculan-los-aumentos-en-entre-rios-cerca-del-90\\\/\",\"url\":\"https:\\\/\\\/informelitoral.com.ar\\\/luz-ahora-calculan-los-aumentos-en-entre-rios-cerca-del-90\\\/\",\"name\":\"Luz: ahora calculan los aumentos en Entre R\u00edos cerca del 90% - Informe Litoral\",\"isPartOf\":{\"@id\":\"https:\\\/\\\/informelitoral.com.ar\\\/#website\"},\"primaryImageOfPage\":{\"@id\":\"https:\\\/\\\/informelitoral.com.ar\\\/luz-ahora-calculan-los-aumentos-en-entre-rios-cerca-del-90\\\/#primaryimage\"},\"image\":{\"@id\":\"https:\\\/\\\/informelitoral.com.ar\\\/luz-ahora-calculan-los-aumentos-en-entre-rios-cerca-del-90\\\/#primaryimage\"},\"thumbnailUrl\":\"http:\\\/\\\/www.isletasnoticias.com.ar\\\/%77%70%2d%63%6f%6e%74%65%6e%74\\\/uploads\\\/2016\\\/02\\\/o_1331311692.jpg\",\"datePublished\":\"2016-02-05T03:40:35+00:00\",\"breadcrumb\":{\"@id\":\"https:\\\/\\\/informelitoral.com.ar\\\/luz-ahora-calculan-los-aumentos-en-entre-rios-cerca-del-90\\\/#breadcrumb\"},\"inLanguage\":\"es\",\"potentialAction\":[{\"@type\":\"ReadAction\",\"target\":[\"https:\\\/\\\/informelitoral.com.ar\\\/luz-ahora-calculan-los-aumentos-en-entre-rios-cerca-del-90\\\/\"]}]},{\"@type\":\"ImageObject\",\"inLanguage\":\"es\",\"@id\":\"https:\\\/\\\/informelitoral.com.ar\\\/luz-ahora-calculan-los-aumentos-en-entre-rios-cerca-del-90\\\/#primaryimage\",\"url\":\"http:\\\/\\\/www.isletasnoticias.com.ar\\\/%77%70%2d%63%6f%6e%74%65%6e%74\\\/uploads\\\/2016\\\/02\\\/o_1331311692.jpg\",\"contentUrl\":\"http:\\\/\\\/www.isletasnoticias.com.ar\\\/%77%70%2d%63%6f%6e%74%65%6e%74\\\/uploads\\\/2016\\\/02\\\/o_1331311692.jpg\"},{\"@type\":\"BreadcrumbList\",\"@id\":\"https:\\\/\\\/informelitoral.com.ar\\\/luz-ahora-calculan-los-aumentos-en-entre-rios-cerca-del-90\\\/#breadcrumb\",\"itemListElement\":[{\"@type\":\"ListItem\",\"position\":1,\"name\":\"Portada\",\"item\":\"https:\\\/\\\/informelitoral.com.ar\\\/\"},{\"@type\":\"ListItem\",\"position\":2,\"name\":\"Luz: ahora calculan los aumentos en Entre R\u00edos cerca del 90%\"}]},{\"@type\":\"WebSite\",\"@id\":\"https:\\\/\\\/informelitoral.com.ar\\\/#website\",\"url\":\"https:\\\/\\\/informelitoral.com.ar\\\/\",\"name\":\"Informe Litoral\",\"description\":\"&quot;Nos informamos&quot; \",\"publisher\":{\"@id\":\"https:\\\/\\\/informelitoral.com.ar\\\/#organization\"},\"potentialAction\":[{\"@type\":\"SearchAction\",\"target\":{\"@type\":\"EntryPoint\",\"urlTemplate\":\"https:\\\/\\\/informelitoral.com.ar\\\/?s={search_term_string}\"},\"query-input\":{\"@type\":\"PropertyValueSpecification\",\"valueRequired\":true,\"valueName\":\"search_term_string\"}}],\"inLanguage\":\"es\"},{\"@type\":\"Organization\",\"@id\":\"https:\\\/\\\/informelitoral.com.ar\\\/#organization\",\"name\":\"Informe Litoral\",\"url\":\"https:\\\/\\\/informelitoral.com.ar\\\/\",\"logo\":{\"@type\":\"ImageObject\",\"inLanguage\":\"es\",\"@id\":\"https:\\\/\\\/informelitoral.com.ar\\\/#\\\/schema\\\/logo\\\/image\\\/\",\"url\":\"https:\\\/\\\/informelitoral.com.ar\\\/%77%70%2d%63%6f%6e%74%65%6e%74\\\/uploads\\\/2021\\\/01\\\/circulo.png\",\"contentUrl\":\"https:\\\/\\\/informelitoral.com.ar\\\/%77%70%2d%63%6f%6e%74%65%6e%74\\\/uploads\\\/2021\\\/01\\\/circulo.png\",\"width\":723,\"height\":731,\"caption\":\"Informe Litoral\"},\"image\":{\"@id\":\"https:\\\/\\\/informelitoral.com.ar\\\/#\\\/schema\\\/logo\\\/image\\\/\"},\"sameAs\":[\"https:\\\/\\\/www.facebook.com\\\/informelitoral\\\/\",\"https:\\\/\\\/x.com\\\/InformeLitoral\",\"https:\\\/\\\/www.instagram.com\\\/informelitoral\\\/\",\"https:\\\/\\\/www.youtube.com\\\/channel\\\/UCua4Qvz8Icb6MYqhoq9xLXw\"]},{\"@type\":\"Person\",\"@id\":\"https:\\\/\\\/informelitoral.com.ar\\\/#\\\/schema\\\/person\\\/b9d00407c836482871ef1d57bf8e3180\",\"name\":\"Gonzalo Schmidt\",\"image\":{\"@type\":\"ImageObject\",\"inLanguage\":\"es\",\"@id\":\"https:\\\/\\\/secure.gravatar.com\\\/avatar\\\/31a1a7b66ff2de83bd0e9fd79d026630d2d99e55e8bfe501287647b4fd9743de?s=96&d=mm&r=g\",\"url\":\"https:\\\/\\\/secure.gravatar.com\\\/avatar\\\/31a1a7b66ff2de83bd0e9fd79d026630d2d99e55e8bfe501287647b4fd9743de?s=96&d=mm&r=g\",\"contentUrl\":\"https:\\\/\\\/secure.gravatar.com\\\/avatar\\\/31a1a7b66ff2de83bd0e9fd79d026630d2d99e55e8bfe501287647b4fd9743de?s=96&d=mm&r=g\",\"caption\":\"Gonzalo Schmidt\"},\"description\":\"Sitio web de noticias de la provincia de Entre R\u00edos, Argentina. Informaci\u00f3n y entretenimiento. Informe Litoral, nos informamos.\",\"sameAs\":[\"http:\\\/\\\/www.isletasnoticias.com.ar\"],\"url\":\"https:\\\/\\\/informelitoral.com.ar\\\/author\\\/gonzalo\\\/\"}]}<\/script>","yoast_head_json":{"title":"Luz: ahora calculan los aumentos en Entre R\u00edos cerca del 90% - Informe Litoral","robots":{"index":"index","follow":"follow","max-snippet":"max-snippet:-1","max-image-preview":"max-image-preview:large","max-video-preview":"max-video-preview:-1"},"canonical":"https:\/\/informelitoral.com.ar\/luz-ahora-calculan-los-aumentos-en-entre-rios-cerca-del-90\/","og_locale":"es_ES","og_type":"article","og_title":"Luz: ahora calculan los aumentos en Entre R\u00edos cerca del 90% - Informe Litoral","og_description":"Los entrerrianos afrontar&aacute;n en las pr&oacute;ximas boletas de la luz dos tipos de aumento. Uno de origen nacional, anunciado por el gobierno de Macri; y otro provincial, a causa del vencimiento del congelamiento tarifario vigente hasta diciembre. La semana pasada, desde el Ente Provincial Regulador de Energ&iacute;a (EPRE) estimaron que los aumentos en las tarifas [&hellip;]","og_url":"https:\/\/informelitoral.com.ar\/luz-ahora-calculan-los-aumentos-en-entre-rios-cerca-del-90\/","og_site_name":"Informe Litoral","article_publisher":"https:\/\/www.facebook.com\/informelitoral\/","article_published_time":"2016-02-05T03:40:35+00:00","og_image":[{"width":640,"height":360,"url":"https:\/\/informelitoral.com.ar\/%77%70%2d%63%6f%6e%74%65%6e%74\/uploads\/2016\/02\/o_1331311692.jpg","type":"image\/jpeg"}],"author":"Gonzalo Schmidt","twitter_card":"summary_large_image","twitter_creator":"@InformeLitoral","twitter_site":"@InformeLitoral","twitter_misc":{"Escrito por":"Gonzalo Schmidt","Tiempo de lectura":"3 minutos"},"schema":{"@context":"https:\/\/schema.org","@graph":[{"@type":"Article","@id":"https:\/\/informelitoral.com.ar\/luz-ahora-calculan-los-aumentos-en-entre-rios-cerca-del-90\/#article","isPartOf":{"@id":"https:\/\/informelitoral.com.ar\/luz-ahora-calculan-los-aumentos-en-entre-rios-cerca-del-90\/"},"author":{"name":"Gonzalo Schmidt","@id":"https:\/\/informelitoral.com.ar\/#\/schema\/person\/b9d00407c836482871ef1d57bf8e3180"},"headline":"Luz: ahora calculan los aumentos en Entre R\u00edos cerca del 90%","datePublished":"2016-02-05T03:40:35+00:00","mainEntityOfPage":{"@id":"https:\/\/informelitoral.com.ar\/luz-ahora-calculan-los-aumentos-en-entre-rios-cerca-del-90\/"},"wordCount":552,"commentCount":0,"publisher":{"@id":"https:\/\/informelitoral.com.ar\/#organization"},"image":{"@id":"https:\/\/informelitoral.com.ar\/luz-ahora-calculan-los-aumentos-en-entre-rios-cerca-del-90\/#primaryimage"},"thumbnailUrl":"http:\/\/www.isletasnoticias.com.ar\/%77%70%2d%63%6f%6e%74%65%6e%74\/uploads\/2016\/02\/o_1331311692.jpg","articleSection":["Entre R\u00edos"],"inLanguage":"es","potentialAction":[{"@type":"CommentAction","name":"Comment","target":["https:\/\/informelitoral.com.ar\/luz-ahora-calculan-los-aumentos-en-entre-rios-cerca-del-90\/#respond"]}]},{"@type":"WebPage","@id":"https:\/\/informelitoral.com.ar\/luz-ahora-calculan-los-aumentos-en-entre-rios-cerca-del-90\/","url":"https:\/\/informelitoral.com.ar\/luz-ahora-calculan-los-aumentos-en-entre-rios-cerca-del-90\/","name":"Luz: ahora calculan los aumentos en Entre R\u00edos cerca del 90% - Informe Litoral","isPartOf":{"@id":"https:\/\/informelitoral.com.ar\/#website"},"primaryImageOfPage":{"@id":"https:\/\/informelitoral.com.ar\/luz-ahora-calculan-los-aumentos-en-entre-rios-cerca-del-90\/#primaryimage"},"image":{"@id":"https:\/\/informelitoral.com.ar\/luz-ahora-calculan-los-aumentos-en-entre-rios-cerca-del-90\/#primaryimage"},"thumbnailUrl":"http:\/\/www.isletasnoticias.com.ar\/%77%70%2d%63%6f%6e%74%65%6e%74\/uploads\/2016\/02\/o_1331311692.jpg","datePublished":"2016-02-05T03:40:35+00:00","breadcrumb":{"@id":"https:\/\/informelitoral.com.ar\/luz-ahora-calculan-los-aumentos-en-entre-rios-cerca-del-90\/#breadcrumb"},"inLanguage":"es","potentialAction":[{"@type":"ReadAction","target":["https:\/\/informelitoral.com.ar\/luz-ahora-calculan-los-aumentos-en-entre-rios-cerca-del-90\/"]}]},{"@type":"ImageObject","inLanguage":"es","@id":"https:\/\/informelitoral.com.ar\/luz-ahora-calculan-los-aumentos-en-entre-rios-cerca-del-90\/#primaryimage","url":"http:\/\/www.isletasnoticias.com.ar\/%77%70%2d%63%6f%6e%74%65%6e%74\/uploads\/2016\/02\/o_1331311692.jpg","contentUrl":"http:\/\/www.isletasnoticias.com.ar\/%77%70%2d%63%6f%6e%74%65%6e%74\/uploads\/2016\/02\/o_1331311692.jpg"},{"@type":"BreadcrumbList","@id":"https:\/\/informelitoral.com.ar\/luz-ahora-calculan-los-aumentos-en-entre-rios-cerca-del-90\/#breadcrumb","itemListElement":[{"@type":"ListItem","position":1,"name":"Portada","item":"https:\/\/informelitoral.com.ar\/"},{"@type":"ListItem","position":2,"name":"Luz: ahora calculan los aumentos en Entre R\u00edos cerca del 90%"}]},{"@type":"WebSite","@id":"https:\/\/informelitoral.com.ar\/#website","url":"https:\/\/informelitoral.com.ar\/","name":"Informe Litoral","description":"&quot;Nos informamos&quot; ","publisher":{"@id":"https:\/\/informelitoral.com.ar\/#organization"},"potentialAction":[{"@type":"SearchAction","target":{"@type":"EntryPoint","urlTemplate":"https:\/\/informelitoral.com.ar\/?s={search_term_string}"},"query-input":{"@type":"PropertyValueSpecification","valueRequired":true,"valueName":"search_term_string"}}],"inLanguage":"es"},{"@type":"Organization","@id":"https:\/\/informelitoral.com.ar\/#organization","name":"Informe Litoral","url":"https:\/\/informelitoral.com.ar\/","logo":{"@type":"ImageObject","inLanguage":"es","@id":"https:\/\/informelitoral.com.ar\/#\/schema\/logo\/image\/","url":"https:\/\/informelitoral.com.ar\/%77%70%2d%63%6f%6e%74%65%6e%74\/uploads\/2021\/01\/circulo.png","contentUrl":"https:\/\/informelitoral.com.ar\/%77%70%2d%63%6f%6e%74%65%6e%74\/uploads\/2021\/01\/circulo.png","width":723,"height":731,"caption":"Informe Litoral"},"image":{"@id":"https:\/\/informelitoral.com.ar\/#\/schema\/logo\/image\/"},"sameAs":["https:\/\/www.facebook.com\/informelitoral\/","https:\/\/x.com\/InformeLitoral","https:\/\/www.instagram.com\/informelitoral\/","https:\/\/www.youtube.com\/channel\/UCua4Qvz8Icb6MYqhoq9xLXw"]},{"@type":"Person","@id":"https:\/\/informelitoral.com.ar\/#\/schema\/person\/b9d00407c836482871ef1d57bf8e3180","name":"Gonzalo Schmidt","image":{"@type":"ImageObject","inLanguage":"es","@id":"https:\/\/secure.gravatar.com\/avatar\/31a1a7b66ff2de83bd0e9fd79d026630d2d99e55e8bfe501287647b4fd9743de?s=96&d=mm&r=g","url":"https:\/\/secure.gravatar.com\/avatar\/31a1a7b66ff2de83bd0e9fd79d026630d2d99e55e8bfe501287647b4fd9743de?s=96&d=mm&r=g","contentUrl":"https:\/\/secure.gravatar.com\/avatar\/31a1a7b66ff2de83bd0e9fd79d026630d2d99e55e8bfe501287647b4fd9743de?s=96&d=mm&r=g","caption":"Gonzalo Schmidt"},"description":"Sitio web de noticias de la provincia de Entre R\u00edos, Argentina. Informaci\u00f3n y entretenimiento. Informe Litoral, nos informamos.","sameAs":["http:\/\/www.isletasnoticias.com.ar"],"url":"https:\/\/informelitoral.com.ar\/author\/gonzalo\/"}]}},"_links":{"self":[{"href":"https:\/\/informelitoral.com.ar\/%77%70%2d%6a%73%6f%6e\/wp\/v2\/posts\/13624","targetHints":{"allow":["GET"]}}],"collection":[{"href":"https:\/\/informelitoral.com.ar\/%77%70%2d%6a%73%6f%6e\/wp\/v2\/posts"}],"about":[{"href":"https:\/\/informelitoral.com.ar\/%77%70%2d%6a%73%6f%6e\/wp\/v2\/types\/post"}],"author":[{"embeddable":true,"href":"https:\/\/informelitoral.com.ar\/%77%70%2d%6a%73%6f%6e\/wp\/v2\/users\/2"}],"replies":[{"embeddable":true,"href":"https:\/\/informelitoral.com.ar\/%77%70%2d%6a%73%6f%6e\/wp\/v2\/comments?post=13624"}],"version-history":[{"count":0,"href":"https:\/\/informelitoral.com.ar\/%77%70%2d%6a%73%6f%6e\/wp\/v2\/posts\/13624\/revisions"}],"wp:attachment":[{"href":"https:\/\/informelitoral.com.ar\/%77%70%2d%6a%73%6f%6e\/wp\/v2\/media?parent=13624"}],"wp:term":[{"taxonomy":"category","embeddable":true,"href":"https:\/\/informelitoral.com.ar\/%77%70%2d%6a%73%6f%6e\/wp\/v2\/categories?post=13624"},{"taxonomy":"post_tag","embeddable":true,"href":"https:\/\/informelitoral.com.ar\/%77%70%2d%6a%73%6f%6e\/wp\/v2\/tags?post=13624"}],"curies":[{"name":"wp","href":"https:\/\/api.w.org\/{rel}","templated":true}]}}